{"id":6998,"date":"2026-03-09T07:40:00","date_gmt":"2026-03-09T10:40:00","guid":{"rendered":"https:\/\/www.tuasaude.com\/news\/?p=6998"},"modified":"2026-03-08T18:38:51","modified_gmt":"2026-03-08T21:38:51","slug":"onde-doi-quando-o-figado-esta-sobrecarregado","status":"publish","type":"post","link":"https:\/\/www.tuasaude.com\/news\/2026\/03\/09\/onde-doi-quando-o-figado-esta-sobrecarregado\/","title":{"rendered":"Onde d\u00f3i quando o f\u00edgado est\u00e1 sobrecarregado?"},"content":{"rendered":"\n<p>Quando o f\u00edgado est\u00e1 sobrecarregado, o desconforto mais comum \u00e9 uma dor ou sensa\u00e7\u00e3o de peso na parte superior direita do abd\u00f4men, logo abaixo das costelas. Muitas pessoas confundem esse sinal com dor no est\u00f4mago ou nas costas, o que pode atrasar a busca por ajuda. Reconhecer a localiza\u00e7\u00e3o exata e os sintomas associados \u00e9 fundamental para agir a tempo e evitar que o problema avance de forma silenciosa.<\/p>\n\n\n\n<h2 class=\"wp-block-heading\">Onde exatamente o f\u00edgado causa dor?<\/h2>\n\n\n\n<p>O f\u00edgado ocupa boa parte do lado direito do abd\u00f4men, protegido pelas costelas inferiores. Quando ele est\u00e1 <a href=\"https:\/\/www.tuasaude.com\/dor-no-figado\/\" target=\"_blank\" rel=\"noreferrer noopener\">inflamado ou sobrecarregado<\/a>, a dor aparece justamente nessa regi\u00e3o, podendo se estender at\u00e9 o centro da barriga e, em alguns casos, irradiar para o ombro direito e para as costas.<\/p>\n\n\n\n<p>Diferente de uma c\u00f3lica ou pontada r\u00e1pida, o desconforto hep\u00e1tico costuma ser descrito como uma press\u00e3o cont\u00ednua ou peso que n\u00e3o melhora com mudan\u00e7as de posi\u00e7\u00e3o. A dor tende a piorar ap\u00f3s refei\u00e7\u00f5es gordurosas ou consumo de \u00e1lcool, momentos em que o f\u00edgado precisa trabalhar mais para processar as subst\u00e2ncias ingeridas.<\/p>\n\n\n\n<h2 class=\"wp-block-heading\">Sinais que indicam sobrecarga no f\u00edgado<\/h2>\n\n\n\n<p>Al\u00e9m da dor localizada, o f\u00edgado sobrecarregado costuma enviar outros alertas pelo corpo que merecem aten\u00e7\u00e3o:<\/p>\n\n\n\n<div style=\"display: flex; flex-wrap: wrap; gap: 20px; justify-content: center; font-family: 'Segoe UI', Roboto, Helvetica, sans-serif; padding: 40px; background-color: #f1f5f9;\">\n\n  <div style=\"flex: 1; min-width: 250px; max-width: 280px; background: #ffffff; border: 1px solid #e2e8f0; padding: 25px; border-radius: 20px; box-shadow: 0 10px 25px rgba(0,0,0,0.05); text-align: center;\">\n\n    <div style=\"font-size: 32px; margin-bottom: 15px;\">\ud83e\udd30<\/div>\n\n    <h3 style=\"color: #334155; font-size: 1.1em; margin-bottom: 12px; letter-spacing: 1px;\">INCHA\u00c7O ABDOMINAL<\/h3>\n\n    <p style=\"color: #475569; font-size: 0.95em; line-height: 1.6; margin: 0;\">\n      A <strong>barriga estufada e sensa\u00e7\u00e3o de press\u00e3o<\/strong> podem indicar ac\u00famulo de l\u00edquidos causado por altera\u00e7\u00e3o na fun\u00e7\u00e3o do f\u00edgado.\n    <\/p>\n\n  <\/div>\n\n  <div style=\"flex: 1; min-width: 250px; max-width: 280px; background: #ffffff; border: 1px solid #e2e8f0; padding: 25px; border-radius: 20px; box-shadow: 0 10px 25px rgba(0,0,0,0.05); text-align: center;\">\n\n    <div style=\"font-size: 32px; margin-bottom: 15px;\">\ud83d\udfe1<\/div>\n\n    <h3 style=\"color: #334155; font-size: 1.1em; margin-bottom: 12px; letter-spacing: 1px;\">ICTER\u00cdCIA<\/h3>\n\n    <p style=\"color: #475569; font-size: 0.95em; line-height: 1.6; margin: 0;\">\n      <strong>Pele e olhos amarelados<\/strong> surgem quando o f\u00edgado n\u00e3o consegue eliminar corretamente a bilirrubina.\n    <\/p>\n\n  <\/div>\n\n  <div style=\"flex: 1; min-width: 250px; max-width: 280px; background: #ffffff; border: 1px solid #e2e8f0; padding: 25px; border-radius: 20px; box-shadow: 0 10px 25px rgba(0,0,0,0.05); text-align: center;\">\n\n    <div style=\"font-size: 32px; margin-bottom: 15px;\">\ud83d\ude34<\/div>\n\n    <h3 style=\"color: #334155; font-size: 1.1em; margin-bottom: 12px; letter-spacing: 1px;\">CANSA\u00c7O<\/h3>\n\n    <p style=\"color: #475569; font-size: 0.95em; line-height: 1.6; margin: 0;\">\n      A <strong>fadiga persistente<\/strong> pode aparecer mesmo sem esfor\u00e7o f\u00edsico quando o f\u00edgado est\u00e1 sobrecarregado.\n    <\/p>\n\n  <\/div>\n\n  <div style=\"flex: 1; min-width: 250px; max-width: 280px; background: #ffffff; border: 1px solid #e2e8f0; padding: 25px; border-radius: 20px; box-shadow: 0 10px 25px rgba(0,0,0,0.05); text-align: center;\">\n\n    <div style=\"font-size: 32px; margin-bottom: 15px;\">\ud83d\udebd<\/div>\n\n    <h3 style=\"color: #334155; font-size: 1.1em; margin-bottom: 12px; letter-spacing: 1px;\">ALTERA\u00c7\u00d5ES NA URINA<\/h3>\n\n    <p style=\"color: #475569; font-size: 0.95em; line-height: 1.6; margin: 0;\">\n      <strong>Urina escura e fezes claras<\/strong> podem indicar dificuldade do f\u00edgado em processar e eliminar subst\u00e2ncias.\n    <\/p>\n\n  <\/div>\n\n  <div style=\"flex: 1; min-width: 250px; max-width: 280px; background: #ffffff; border: 1px solid #e2e8f0; padding: 25px; border-radius: 20px; box-shadow: 0 10px 25px rgba(0,0,0,0.05); text-align: center;\">\n\n    <div style=\"font-size: 32px; margin-bottom: 15px;\">\ud83e\udd22<\/div>\n\n    <h3 style=\"color: #334155; font-size: 1.1em; margin-bottom: 12px; letter-spacing: 1px;\">N\u00c1USEAS<\/h3>\n\n    <p style=\"color: #475569; font-size: 0.95em; line-height: 1.6; margin: 0;\">\n      <strong>N\u00e1useas e perda de apetite<\/strong> podem aparecer principalmente ap\u00f3s refei\u00e7\u00f5es gordurosas.\n    <\/p>\n\n  <\/div>\n\n<\/div>\n\n\n\n<h2 class=\"wp-block-heading\">Revis\u00e3o cient\u00edfica confirma que a dor n\u00e3o \u00e9 o primeiro sinal hep\u00e1tico<\/h2>\n\n\n\n<p>Segundo a revis\u00e3o sistem\u00e1tica e meta-an\u00e1lise <a href=\"https:\/\/pubmed.ncbi.nlm.nih.gov\/30345878\/\" target=\"_blank\" rel=\"noreferrer noopener\">&#8220;Symptom prevalence and quality of life of patients with end-stage liver disease: A systematic review and meta-analysis&#8221;<\/a>, publicada na revista <em>Palliative Medicine<\/em>, a dor aparece em 30% a 79% dos pacientes com doen\u00e7a hep\u00e1tica avan\u00e7ada. Por\u00e9m, o estudo revelou que sintomas como dist\u00farbios do sono, c\u00e3ibras musculares, falta de ar e depress\u00e3o s\u00e3o igualmente frequentes, muitas vezes surgindo antes de qualquer dor percept\u00edvel.<\/p>\n\n\n\n<p>Essa descoberta refor\u00e7a que confiar apenas na dor como sinal de alerta pode ser arriscado. O f\u00edgado \u00e9 um \u00f3rg\u00e3o com grande capacidade de compensa\u00e7\u00e3o e pode estar comprometido durante meses antes que a dor se manifeste de maneira clara.<\/p>\n\n\n<div class=\"wp-block-image\">\n<figure class=\"aligncenter size-large\"><img decoding=\"async\" width=\"1024\" height=\"571\" src=\"https:\/\/www.tuasaude.com\/news\/wp-content\/uploads\/2026\/03\/creation_2533182766-1024x571.png\" alt=\"Onde d\u00f3i quando o f\u00edgado est\u00e1 sobrecarregado?\" class=\"wp-image-7381\" srcset=\"https:\/\/www.tuasaude.com\/news\/wp-content\/uploads\/2026\/03\/creation_2533182766-1024x571.png 1024w, https:\/\/www.tuasaude.com\/news\/wp-content\/uploads\/2026\/03\/creation_2533182766-300x167.png 300w, https:\/\/www.tuasaude.com\/news\/wp-content\/uploads\/2026\/03\/creation_2533182766-768x428.png 768w, https:\/\/www.tuasaude.com\/news\/wp-content\/uploads\/2026\/03\/creation_2533182766-750x418.png 750w, https:\/\/www.tuasaude.com\/news\/wp-content\/uploads\/2026\/03\/creation_2533182766-1140x636.png 1140w, https:\/\/www.tuasaude.com\/news\/wp-content\/uploads\/2026\/03\/creation_2533182766.png 1280w\" sizes=\"(max-width: 1024px) 100vw, 1024px\" \/><figcaption class=\"wp-element-caption\">Onde d\u00f3i quando o f\u00edgado est\u00e1 sobrecarregado?<\/figcaption><\/figure>\n<\/div>\n\n\n<h2 class=\"wp-block-heading\">Principais causas de sobrecarga hep\u00e1tica<\/h2>\n\n\n\n<p>Diversos h\u00e1bitos e condi\u00e7\u00f5es podem for\u00e7ar o f\u00edgado al\u00e9m do seu limite. Entre os mais comuns est\u00e3o:<\/p>\n\n\n\n<ul class=\"wp-block-list\">\n<li><strong>Consumo excessivo de \u00e1lcool<\/strong> \u2014 uma das causas mais conhecidas de les\u00e3o hep\u00e1tica no mundo<\/li>\n\n\n\n<li><strong>Alimenta\u00e7\u00e3o rica em gordura e a\u00e7\u00facar<\/strong> \u2014 pode levar ao ac\u00famulo de gordura no f\u00edgado, condi\u00e7\u00e3o cada vez mais frequente<\/li>\n\n\n\n<li><strong>Uso prolongado de medicamentos<\/strong> \u2014 analg\u00e9sicos e anti-inflamat\u00f3rios em excesso podem sobrecarregar o f\u00edgado ao longo do tempo<\/li>\n\n\n\n<li><strong>Hepatites virais<\/strong> \u2014 infec\u00e7\u00f5es pelos v\u00edrus B e C causam inflama\u00e7\u00e3o cr\u00f4nica e danos progressivos ao \u00f3rg\u00e3o<\/li>\n\n\n\n<li><strong>Obesidade e sedentarismo<\/strong> \u2014 aumentam o risco de esteatose hep\u00e1tica, popularmente chamada de gordura no f\u00edgado<\/li>\n<\/ul>\n\n\n\n<h2 class=\"wp-block-heading\">Como proteger o f\u00edgado antes que a dor apare\u00e7a?<\/h2>\n\n\n\n<p>A melhor forma de evitar a <a href=\"https:\/\/www.tuasaude.com\/dor-no-figado\/\" target=\"_blank\" rel=\"noreferrer noopener\">sobrecarga hep\u00e1tica<\/a> \u00e9 adotar h\u00e1bitos que reduzam o esfor\u00e7o do \u00f3rg\u00e3o no dia a dia. Manter uma alimenta\u00e7\u00e3o equilibrada, limitar o consumo de \u00e1lcool, evitar a automedica\u00e7\u00e3o e praticar atividade f\u00edsica regularmente s\u00e3o medidas simples que fazem grande diferen\u00e7a na sa\u00fade do f\u00edgado a longo prazo.<\/p>\n\n\n\n<p>Se voc\u00ea sente desconforto na regi\u00e3o superior direita do abd\u00f4men, nota altera\u00e7\u00f5es na cor da pele ou da urina, ou percebe cansa\u00e7o persistente sem explica\u00e7\u00e3o, procure um m\u00e9dico para uma avalia\u00e7\u00e3o completa. Exames de sangue simples j\u00e1 conseguem identificar altera\u00e7\u00f5es na fun\u00e7\u00e3o hep\u00e1tica e orientar o tratamento adequado de forma individualizada.<\/p>\n","protected":false},"excerpt":{"rendered":"<p>Quando o f\u00edgado est\u00e1 sobrecarregado, o desconforto mais comum \u00e9 uma dor ou sensa\u00e7\u00e3o de peso na parte superior direita do abd\u00f4men, logo abaixo das costelas. Muitas pessoas confundem esse sinal com dor no est\u00f4mago ou nas costas, o que pode atrasar a busca por ajuda. Reconhecer a localiza\u00e7\u00e3o exata e os sintomas associados \u00e9 [&hellip;]<\/p>\n","protected":false},"author":11,"featured_media":7380,"comment_status":"open","ping_status":"open","sticky":false,"template":"","format":"standard","meta":{"_yoast_wpseo_focuskw":"dor f\u00edgado","_yoast_wpseo_title":"","_yoast_wpseo_metadesc":"Dor no lado direito do abd\u00f4men pode indicar f\u00edgado sobrecarregado. Entenda onde o desconforto aparece e quais sinais o corpo apresenta.","jnews-multi-image_gallery":[],"jnews_single_post":{"format":"standard"},"jnews_primary_category":[],"jnews_social_meta":[],"jnews_override_counter":[],"footnotes":""},"categories":[111],"tags":[145,1247,136,1128],"class_list":["post-6998","post","type-post","status-publish","format-standard","has-post-thumbnail","hentry","category-saude","tag-bem-estar","tag-figado-sobrecarregado","tag-saude","tag-saude-do-figado"],"yoast_head":"<!-- This site is optimized with the Yoast SEO plugin v26.7 - https:\/\/yoast.com\/wordpress\/plugins\/seo\/ -->\n<title>Onde d\u00f3i quando o f\u00edgado est\u00e1 sobrecarregado? - Tua Sa\u00fade<\/title>\n<meta name=\"description\" content=\"Dor no lado direito do abd\u00f4men pode indicar f\u00edgado sobrecarregado. Entenda onde o desconforto aparece e quais sinais o corpo apresenta.\" \/>\n<meta name=\"robots\" content=\"index, follow, max-snippet:-1, max-image-preview:large, max-video-preview:-1\" \/>\n<link rel=\"canonical\" href=\"https:\/\/www.tuasaude.com\/news\/2026\/03\/09\/onde-doi-quando-o-figado-esta-sobrecarregado\/\" \/>\n<meta property=\"og:locale\" content=\"pt_BR\" \/>\n<meta property=\"og:type\" content=\"article\" \/>\n<meta property=\"og:title\" content=\"Onde d\u00f3i quando o f\u00edgado est\u00e1 sobrecarregado? - Tua Sa\u00fade\" \/>\n<meta property=\"og:description\" content=\"Dor no lado direito do abd\u00f4men pode indicar f\u00edgado sobrecarregado. Entenda onde o desconforto aparece e quais sinais o corpo apresenta.\" \/>\n<meta property=\"og:url\" content=\"https:\/\/www.tuasaude.com\/news\/2026\/03\/09\/onde-doi-quando-o-figado-esta-sobrecarregado\/\" \/>\n<meta property=\"og:site_name\" content=\"Tua Sa\u00fade\" \/>\n<meta property=\"article:published_time\" content=\"2026-03-09T10:40:00+00:00\" \/>\n<meta property=\"og:image\" content=\"https:\/\/www.tuasaude.com\/news\/wp-content\/uploads\/2026\/03\/creation_2533182508.png\" \/>\n\t<meta property=\"og:image:width\" content=\"1280\" \/>\n\t<meta property=\"og:image:height\" content=\"714\" \/>\n\t<meta property=\"og:image:type\" content=\"image\/png\" \/>\n<meta name=\"author\" content=\"Gessika Julia Carvalho\" \/>\n<meta name=\"twitter:card\" content=\"summary_large_image\" \/>\n<meta name=\"twitter:label1\" content=\"Escrito por\" \/>\n\t<meta name=\"twitter:data1\" content=\"Gessika Julia Carvalho\" \/>\n\t<meta name=\"twitter:label2\" content=\"Est. tempo de leitura\" \/>\n\t<meta name=\"twitter:data2\" content=\"4 minutos\" \/>\n<!-- \/ Yoast SEO plugin. -->","yoast_head_json":{"title":"Onde d\u00f3i quando o f\u00edgado est\u00e1 sobrecarregado? - Tua Sa\u00fade","description":"Dor no lado direito do abd\u00f4men pode indicar f\u00edgado sobrecarregado. Entenda onde o desconforto aparece e quais sinais o corpo apresenta.","robots":{"index":"index","follow":"follow","max-snippet":"max-snippet:-1","max-image-preview":"max-image-preview:large","max-video-preview":"max-video-preview:-1"},"canonical":"https:\/\/www.tuasaude.com\/news\/2026\/03\/09\/onde-doi-quando-o-figado-esta-sobrecarregado\/","og_locale":"pt_BR","og_type":"article","og_title":"Onde d\u00f3i quando o f\u00edgado est\u00e1 sobrecarregado? - Tua Sa\u00fade","og_description":"Dor no lado direito do abd\u00f4men pode indicar f\u00edgado sobrecarregado. Entenda onde o desconforto aparece e quais sinais o corpo apresenta.","og_url":"https:\/\/www.tuasaude.com\/news\/2026\/03\/09\/onde-doi-quando-o-figado-esta-sobrecarregado\/","og_site_name":"Tua Sa\u00fade","article_published_time":"2026-03-09T10:40:00+00:00","og_image":[{"width":1280,"height":714,"url":"https:\/\/www.tuasaude.com\/news\/wp-content\/uploads\/2026\/03\/creation_2533182508.png","type":"image\/png"}],"author":"Gessika Julia Carvalho","twitter_card":"summary_large_image","twitter_misc":{"Escrito por":"Gessika Julia Carvalho","Est. tempo de leitura":"4 minutos"},"schema":{"@context":"https:\/\/schema.org","@graph":[{"@type":"Article","@id":"https:\/\/www.tuasaude.com\/news\/2026\/03\/09\/onde-doi-quando-o-figado-esta-sobrecarregado\/#article","isPartOf":{"@id":"https:\/\/www.tuasaude.com\/news\/2026\/03\/09\/onde-doi-quando-o-figado-esta-sobrecarregado\/"},"author":{"name":"Gessika Julia Carvalho","@id":"https:\/\/www.tuasaude.com\/news\/#\/schema\/person\/2e9df841be69ec84f5d20ddb8d273ac2"},"headline":"Onde d\u00f3i quando o f\u00edgado est\u00e1 sobrecarregado?","datePublished":"2026-03-09T10:40:00+00:00","mainEntityOfPage":{"@id":"https:\/\/www.tuasaude.com\/news\/2026\/03\/09\/onde-doi-quando-o-figado-esta-sobrecarregado\/"},"wordCount":737,"commentCount":0,"image":{"@id":"https:\/\/www.tuasaude.com\/news\/2026\/03\/09\/onde-doi-quando-o-figado-esta-sobrecarregado\/#primaryimage"},"thumbnailUrl":"https:\/\/www.tuasaude.com\/news\/wp-content\/uploads\/2026\/03\/creation_2533182508.png","keywords":["bem-estar","f\u00edgado sobrecarregado","sa\u00fade","sa\u00fade do f\u00edgado"],"articleSection":["Sa\u00fade"],"inLanguage":"pt-BR","potentialAction":[{"@type":"CommentAction","name":"Comment","target":["https:\/\/www.tuasaude.com\/news\/2026\/03\/09\/onde-doi-quando-o-figado-esta-sobrecarregado\/#respond"]}]},{"@type":"WebPage","@id":"https:\/\/www.tuasaude.com\/news\/2026\/03\/09\/onde-doi-quando-o-figado-esta-sobrecarregado\/","url":"https:\/\/www.tuasaude.com\/news\/2026\/03\/09\/onde-doi-quando-o-figado-esta-sobrecarregado\/","name":"Onde d\u00f3i quando o f\u00edgado est\u00e1 sobrecarregado? - Tua Sa\u00fade","isPartOf":{"@id":"https:\/\/www.tuasaude.com\/news\/#website"},"primaryImageOfPage":{"@id":"https:\/\/www.tuasaude.com\/news\/2026\/03\/09\/onde-doi-quando-o-figado-esta-sobrecarregado\/#primaryimage"},"image":{"@id":"https:\/\/www.tuasaude.com\/news\/2026\/03\/09\/onde-doi-quando-o-figado-esta-sobrecarregado\/#primaryimage"},"thumbnailUrl":"https:\/\/www.tuasaude.com\/news\/wp-content\/uploads\/2026\/03\/creation_2533182508.png","datePublished":"2026-03-09T10:40:00+00:00","author":{"@id":"https:\/\/www.tuasaude.com\/news\/#\/schema\/person\/2e9df841be69ec84f5d20ddb8d273ac2"},"description":"Dor no lado direito do abd\u00f4men pode indicar f\u00edgado sobrecarregado. Entenda onde o desconforto aparece e quais sinais o corpo apresenta.","breadcrumb":{"@id":"https:\/\/www.tuasaude.com\/news\/2026\/03\/09\/onde-doi-quando-o-figado-esta-sobrecarregado\/#breadcrumb"},"inLanguage":"pt-BR","potentialAction":[{"@type":"ReadAction","target":["https:\/\/www.tuasaude.com\/news\/2026\/03\/09\/onde-doi-quando-o-figado-esta-sobrecarregado\/"]}]},{"@type":"ImageObject","inLanguage":"pt-BR","@id":"https:\/\/www.tuasaude.com\/news\/2026\/03\/09\/onde-doi-quando-o-figado-esta-sobrecarregado\/#primaryimage","url":"https:\/\/www.tuasaude.com\/news\/wp-content\/uploads\/2026\/03\/creation_2533182508.png","contentUrl":"https:\/\/www.tuasaude.com\/news\/wp-content\/uploads\/2026\/03\/creation_2533182508.png","width":1280,"height":714,"caption":"Outros sinais podem incluir cansa\u00e7o, n\u00e1useas, incha\u00e7o abdominal e urina escura."},{"@type":"BreadcrumbList","@id":"https:\/\/www.tuasaude.com\/news\/2026\/03\/09\/onde-doi-quando-o-figado-esta-sobrecarregado\/#breadcrumb","itemListElement":[{"@type":"ListItem","position":1,"name":"In\u00edcio","item":"https:\/\/www.tuasaude.com\/news\/"},{"@type":"ListItem","position":2,"name":"Onde d\u00f3i quando o f\u00edgado est\u00e1 sobrecarregado?"}]},{"@type":"WebSite","@id":"https:\/\/www.tuasaude.com\/news\/#website","url":"https:\/\/www.tuasaude.com\/news\/","name":"Tua Sa\u00fade","description":"Seu site de sa\u00fade","potentialAction":[{"@type":"SearchAction","target":{"@type":"EntryPoint","urlTemplate":"https:\/\/www.tuasaude.com\/news\/?s={search_term_string}"},"query-input":{"@type":"PropertyValueSpecification","valueRequired":true,"valueName":"search_term_string"}}],"inLanguage":"pt-BR"},{"@type":"Person","@id":"https:\/\/www.tuasaude.com\/news\/#\/schema\/person\/2e9df841be69ec84f5d20ddb8d273ac2","name":"Gessika Julia Carvalho","image":{"@type":"ImageObject","inLanguage":"pt-BR","@id":"https:\/\/www.tuasaude.com\/news\/#\/schema\/person\/image\/","url":"https:\/\/secure.gravatar.com\/avatar\/0fcc8769024577fd0bc6a8b766055690f76a8e8f29dfb2a2f89cf04db8d0f2d2?s=96&d=mm&r=g","contentUrl":"https:\/\/secure.gravatar.com\/avatar\/0fcc8769024577fd0bc6a8b766055690f76a8e8f29dfb2a2f89cf04db8d0f2d2?s=96&d=mm&r=g","caption":"Gessika Julia Carvalho"},"sameAs":["https:\/\/www.tuasaude.com\/news\/"],"url":"https:\/\/www.tuasaude.com\/news\/author\/gessika-julia\/"}]}},"_links":{"self":[{"href":"https:\/\/www.tuasaude.com\/news\/wp-json\/wp\/v2\/posts\/6998","targetHints":{"allow":["GET"]}}],"collection":[{"href":"https:\/\/www.tuasaude.com\/news\/wp-json\/wp\/v2\/posts"}],"about":[{"href":"https:\/\/www.tuasaude.com\/news\/wp-json\/wp\/v2\/types\/post"}],"author":[{"embeddable":true,"href":"https:\/\/www.tuasaude.com\/news\/wp-json\/wp\/v2\/users\/11"}],"replies":[{"embeddable":true,"href":"https:\/\/www.tuasaude.com\/news\/wp-json\/wp\/v2\/comments?post=6998"}],"version-history":[{"count":2,"href":"https:\/\/www.tuasaude.com\/news\/wp-json\/wp\/v2\/posts\/6998\/revisions"}],"predecessor-version":[{"id":7413,"href":"https:\/\/www.tuasaude.com\/news\/wp-json\/wp\/v2\/posts\/6998\/revisions\/7413"}],"wp:featuredmedia":[{"embeddable":true,"href":"https:\/\/www.tuasaude.com\/news\/wp-json\/wp\/v2\/media\/7380"}],"wp:attachment":[{"href":"https:\/\/www.tuasaude.com\/news\/wp-json\/wp\/v2\/media?parent=6998"}],"wp:term":[{"taxonomy":"category","embeddable":true,"href":"https:\/\/www.tuasaude.com\/news\/wp-json\/wp\/v2\/categories?post=6998"},{"taxonomy":"post_tag","embeddable":true,"href":"https:\/\/www.tuasaude.com\/news\/wp-json\/wp\/v2\/tags?post=6998"}],"curies":[{"name":"wp","href":"https:\/\/api.w.org\/{rel}","templated":true}]}}