{"id":6806,"date":"2026-03-07T17:55:00","date_gmt":"2026-03-07T20:55:00","guid":{"rendered":"https:\/\/www.tuasaude.com\/news\/?p=6806"},"modified":"2026-03-06T16:16:35","modified_gmt":"2026-03-06T19:16:35","slug":"funciona-como-um-protetor-natural-para-as-articulacoes-mas-sob-uma-condicao-so-consumo-a-curcuma-com-pimenta-preta","status":"publish","type":"post","link":"https:\/\/www.tuasaude.com\/news\/2026\/03\/07\/funciona-como-um-protetor-natural-para-as-articulacoes-mas-sob-uma-condicao-so-consumo-a-curcuma-com-pimenta-preta\/","title":{"rendered":"Funciona como um protetor natural para as articula\u00e7\u00f5es, mas sob uma condi\u00e7\u00e3o: s\u00f3 consumo a c\u00farcuma com pimenta-preta"},"content":{"rendered":"\n<p>A c\u00farcuma \u00e9 uma das especiarias mais estudadas quando o assunto \u00e9 sa\u00fade articular, gra\u00e7as \u00e0 curcumina \u2014 seu principal composto ativo com potente a\u00e7\u00e3o anti-inflamat\u00f3ria. No entanto, existe uma condi\u00e7\u00e3o fundamental para que ela realmente funcione: a curcumina sozinha tem absor\u00e7\u00e3o muito baixa pelo organismo. A solu\u00e7\u00e3o, comprovada pela ci\u00eancia, \u00e9 simples e est\u00e1 na cozinha \u2014 basta combinar a c\u00farcuma com pimenta-preta, cuja piperina pode aumentar a absor\u00e7\u00e3o da curcumina em at\u00e9 2.000%.<\/p>\n\n\n\n<h2 class=\"wp-block-heading\">Por que a curcumina protege as articula\u00e7\u00f5es?<\/h2>\n\n\n\n<p>A <a href=\"https:\/\/www.tuasaude.com\/curcuma\/\" target=\"_blank\" rel=\"noreferrer noopener\">curcumina age reduzindo subst\u00e2ncias inflamat\u00f3rias <\/a>que contribuem para o desgaste da cartilagem e para a dor nas articula\u00e7\u00f5es. Esse mecanismo \u00e9 especialmente relevante na artrose, condi\u00e7\u00e3o em que a cartilagem se deteriora progressivamente, causando rigidez, incha\u00e7o e dificuldade de movimento. Ao modular a resposta inflamat\u00f3ria, a curcumina ajuda a retardar o avan\u00e7o desse desgaste.<\/p>\n\n\n\n<p>Al\u00e9m do efeito anti-inflamat\u00f3rio, a curcumina possui a\u00e7\u00e3o antioxidante, combatendo os radicais livres que danificam as c\u00e9lulas da cartilagem e aceleram o envelhecimento articular. Diversos estudos mostram que a suplementa\u00e7\u00e3o com curcumina melhora \u00edndices de dor e fun\u00e7\u00e3o articular de forma compar\u00e1vel a anti-inflamat\u00f3rios convencionais, mas com menos efeitos colaterais.<\/p>\n\n\n<div class=\"wp-block-image\">\n<figure class=\"aligncenter size-large\"><img decoding=\"async\" width=\"1024\" height=\"571\" src=\"https:\/\/www.tuasaude.com\/news\/wp-content\/uploads\/2026\/03\/creation_2522411985-1024x571.png\" alt=\"Funciona como um protetor natural para as articula\u00e7\u00f5es, mas sob uma condi\u00e7\u00e3o: s\u00f3 consumo a c\u00farcuma com pimenta-preta\" class=\"wp-image-6879\" srcset=\"https:\/\/www.tuasaude.com\/news\/wp-content\/uploads\/2026\/03\/creation_2522411985-1024x571.png 1024w, https:\/\/www.tuasaude.com\/news\/wp-content\/uploads\/2026\/03\/creation_2522411985-300x167.png 300w, https:\/\/www.tuasaude.com\/news\/wp-content\/uploads\/2026\/03\/creation_2522411985-768x428.png 768w, https:\/\/www.tuasaude.com\/news\/wp-content\/uploads\/2026\/03\/creation_2522411985-750x418.png 750w, https:\/\/www.tuasaude.com\/news\/wp-content\/uploads\/2026\/03\/creation_2522411985-1140x636.png 1140w, https:\/\/www.tuasaude.com\/news\/wp-content\/uploads\/2026\/03\/creation_2522411985.png 1280w\" sizes=\"(max-width: 1024px) 100vw, 1024px\" \/><figcaption class=\"wp-element-caption\">A curcumina da c\u00farcuma tem a\u00e7\u00e3o anti-inflamat\u00f3ria que pode ajudar a reduzir dores e inflama\u00e7\u00f5es nas articula\u00e7\u00f5es.<\/figcaption><\/figure>\n<\/div>\n\n\n<h2 class=\"wp-block-heading\">Estudo cl\u00ednico comprova que a piperina aumenta a absor\u00e7\u00e3o da curcumina em 2.000%<\/h2>\n\n\n\n<p>Segundo o estudo cl\u00ednico intitulado<a href=\"https:\/\/pubmed.ncbi.nlm.nih.gov\/9619120\/\" target=\"_blank\" rel=\"noreferrer noopener\"> <em>&#8220;Influence of piperine on the pharmacokinetics of curcumin in animals and human volunteers&#8221;<\/em><\/a>, publicado na revista <em>Planta Medica<\/em>, a administra\u00e7\u00e3o de 2 g de curcumina sozinha em volunt\u00e1rios humanos resultou em n\u00edveis sangu\u00edneos praticamente indetect\u00e1veis. Por\u00e9m, quando a mesma dose foi administrada junto com 20 mg de piperina, houve um aumento de 2.000% na biodisponibilidade da curcumina, com concentra\u00e7\u00f5es significativamente maiores j\u00e1 nos primeiros 45 minutos ap\u00f3s o consumo. <\/p>\n\n\n\n<p>Esse achado \u00e9 fundamental porque demonstra que, sem a piperina, grande parte da curcumina \u00e9 eliminada pelo organismo antes de exercer seus efeitos. A combina\u00e7\u00e3o com pimenta-preta transforma a c\u00farcuma de uma especiaria comum em um recurso terap\u00eautico real para a prote\u00e7\u00e3o articular.<\/p>\n\n\n\n<h2 class=\"wp-block-heading\">Como combinar c\u00farcuma e pimenta-preta no dia a dia?<\/h2>\n\n\n\n<p>A combina\u00e7\u00e3o \u00e9 simples e pode ser incorporada \u00e0 rotina alimentar de diversas formas. Veja as maneiras mais pr\u00e1ticas:<\/p>\n\n\n\n<div style=\"display: flex; flex-wrap: wrap; gap: 20px; justify-content: center; font-family: 'Segoe UI', Roboto, Helvetica, sans-serif; padding: 40px; background-color: #f1f5f9;\">\n\n  <div style=\"flex: 1; min-width: 250px; max-width: 280px; background: #ffffff; border: 1px solid #e2e8f0; padding: 25px; border-radius: 20px; box-shadow: 0 10px 25px rgba(0,0,0,0.05); text-align: center;\">\n    \n    <div style=\"font-size: 32px; margin-bottom: 15px;\">\ud83c\udf5b<\/div>\n\n    <h3 style=\"color: #334155; font-size: 1.1em; margin-bottom: 12px; letter-spacing: 1px;\">TEMPEROS<\/h3>\n\n    <p style=\"color: #475569; font-size: 0.95em; line-height: 1.6; margin: 0;\">\n      Adicione <strong>c\u00farcuma e uma pitada de pimenta-preta<\/strong> a arroz, sopas, ovos, legumes ou carnes.\n    <\/p>\n\n  <\/div>\n\n  <div style=\"flex: 1; min-width: 250px; max-width: 280px; background: #ffffff; border: 1px solid #e2e8f0; padding: 25px; border-radius: 20px; box-shadow: 0 10px 25px rgba(0,0,0,0.05); text-align: center;\">\n    \n    <div style=\"font-size: 32px; margin-bottom: 15px;\">\ud83e\udd5b<\/div>\n\n    <h3 style=\"color: #334155; font-size: 1.1em; margin-bottom: 12px; letter-spacing: 1px;\">GOLDEN MILK<\/h3>\n\n    <p style=\"color: #475569; font-size: 0.95em; line-height: 1.6; margin: 0;\">\n      Misture c\u00farcuma e pimenta-preta em <strong>leite aquecido com gordura saud\u00e1vel<\/strong> para melhorar a absor\u00e7\u00e3o.\n    <\/p>\n\n  <\/div>\n\n  <div style=\"flex: 1; min-width: 250px; max-width: 280px; background: #ffffff; border: 1px solid #e2e8f0; padding: 25px; border-radius: 20px; box-shadow: 0 10px 25px rgba(0,0,0,0.05); text-align: center;\">\n    \n    <div style=\"font-size: 32px; margin-bottom: 15px;\">\ud83e\udd44<\/div>\n\n    <h3 style=\"color: #334155; font-size: 1.1em; margin-bottom: 12px; letter-spacing: 1px;\">PASTA<\/h3>\n\n    <p style=\"color: #475569; font-size: 0.95em; line-height: 1.6; margin: 0;\">\n      Prepare uma <strong>pasta concentrada de c\u00farcuma<\/strong> com \u00e1gua e pimenta-preta para usar em receitas.\n    <\/p>\n\n  <\/div>\n\n  <div style=\"flex: 1; min-width: 250px; max-width: 280px; background: #ffffff; border: 1px solid #e2e8f0; padding: 25px; border-radius: 20px; box-shadow: 0 10px 25px rgba(0,0,0,0.05); text-align: center;\">\n    \n    <div style=\"font-size: 32px; margin-bottom: 15px;\">\ud83d\udc8a<\/div>\n\n    <h3 style=\"color: #334155; font-size: 1.1em; margin-bottom: 12px; letter-spacing: 1px;\">SUPLEMENTOS<\/h3>\n\n    <p style=\"color: #475569; font-size: 0.95em; line-height: 1.6; margin: 0;\">\n      C\u00e1psulas de <strong>curcumina com piperina<\/strong> podem ser usadas quando h\u00e1 necessidade de doses maiores.\n    <\/p>\n\n  <\/div>\n\n<\/div>\n\n\n\n<h2 class=\"wp-block-heading\">Outros benef\u00edcios da c\u00farcuma com pimenta-preta para as articula\u00e7\u00f5es<\/h2>\n\n\n\n<p>Quando combinadas, as duas especiarias oferecem um conjunto de efeitos que vai al\u00e9m do al\u00edvio pontual da dor. Os benef\u00edcios mais relevantes incluem:<\/p>\n\n\n\n<ul class=\"wp-block-list\">\n<li><strong>Redu\u00e7\u00e3o da rigidez matinal<\/strong> \u2014 a a\u00e7\u00e3o anti-inflamat\u00f3ria da curcumina ajuda a diminuir a sensa\u00e7\u00e3o de articula\u00e7\u00e3o travada ao acordar, queixa comum entre pessoas com artrose.<\/li>\n\n\n\n<li><strong>Melhora da mobilidade<\/strong> \u2014 estudos apontam que pacientes que consomem curcumina com piperina relatam maior facilidade para realizar atividades cotidianas como subir escadas e caminhar.<\/li>\n\n\n\n<li><strong>Prote\u00e7\u00e3o da cartilagem a longo prazo<\/strong> \u2014 ao combater a inflama\u00e7\u00e3o cr\u00f4nica e o estresse oxidativo de forma cont\u00ednua, a combina\u00e7\u00e3o ajuda a preservar a integridade da cartilagem.<\/li>\n\n\n\n<li><strong>Menor necessidade de anti-inflamat\u00f3rios<\/strong> \u2014 meta-an\u00e1lises indicam que a curcumina pode reduzir o uso de medicamentos analg\u00e9sicos em pacientes com dores articulares recorrentes.<\/li>\n<\/ul>\n\n\n\n<h2 class=\"wp-block-heading\">A c\u00farcuma com pimenta-preta n\u00e3o dispensa o acompanhamento m\u00e9dico<\/h2>\n\n\n\n<p>Embora a combina\u00e7\u00e3o de <a href=\"https:\/\/www.tuasaude.com\/curcuma\/\" target=\"_blank\" rel=\"noreferrer noopener\">c\u00farcuma <\/a>com pimenta-preta seja segura para a maioria das pessoas, ela deve ser encarada como um recurso complementar. Dores articulares persistentes, incha\u00e7o recorrente ou limita\u00e7\u00e3o progressiva de movimentos podem indicar condi\u00e7\u00f5es que exigem diagn\u00f3stico e tratamento especializado.<\/p>\n\n\n\n<p>Consultar um reumatologista ou ortopedista \u00e9 essencial para identificar a causa do problema e definir o plano de cuidado mais adequado. Al\u00e9m disso, pessoas que utilizam anticoagulantes ou anti-inflamat\u00f3rios devem ter aten\u00e7\u00e3o especial, pois a curcumina e a piperina podem interagir com esses medicamentos. A orienta\u00e7\u00e3o de um profissional de sa\u00fade garante seguran\u00e7a e melhores resultados.<\/p>\n\n\n\n<p><\/p>\n","protected":false},"excerpt":{"rendered":"<p>A c\u00farcuma \u00e9 uma das especiarias mais estudadas quando o assunto \u00e9 sa\u00fade articular, gra\u00e7as \u00e0 curcumina \u2014 seu principal composto ativo com potente a\u00e7\u00e3o anti-inflamat\u00f3ria. No entanto, existe uma condi\u00e7\u00e3o fundamental para que ela realmente funcione: a curcumina sozinha tem absor\u00e7\u00e3o muito baixa pelo organismo. A solu\u00e7\u00e3o, comprovada pela ci\u00eancia, \u00e9 simples e est\u00e1 [&hellip;]<\/p>\n","protected":false},"author":11,"featured_media":6878,"comment_status":"open","ping_status":"open","sticky":false,"template":"","format":"standard","meta":{"_yoast_wpseo_focuskw":"c\u00farcuma","_yoast_wpseo_title":"","_yoast_wpseo_metadesc":"A c\u00farcuma pode proteger a cartilagem e aliviar dores articulares. Saiba qual combina\u00e7\u00e3o simples aumenta os efeitos da curcumina.","jnews-multi-image_gallery":[],"jnews_single_post":{"format":"standard"},"jnews_primary_category":[],"jnews_social_meta":[],"jnews_override_counter":[],"footnotes":""},"categories":[111],"tags":[1301,1937,1936,1303],"class_list":["post-6806","post","type-post","status-publish","format-standard","has-post-thumbnail","hentry","category-saude","tag-curcuma","tag-pimenta-preta","tag-protetor-natural-para-as-articulacoes","tag-saude-das-articulacoes"],"yoast_head":"<!-- This site is optimized with the Yoast SEO plugin v26.7 - https:\/\/yoast.com\/wordpress\/plugins\/seo\/ -->\n<title>Funciona como um protetor natural para as articula\u00e7\u00f5es, mas sob uma condi\u00e7\u00e3o: s\u00f3 consumo a c\u00farcuma com pimenta-preta - Tua Sa\u00fade<\/title>\n<meta name=\"description\" content=\"A c\u00farcuma pode proteger a cartilagem e aliviar dores articulares. Saiba qual combina\u00e7\u00e3o simples aumenta os efeitos da curcumina.\" \/>\n<meta name=\"robots\" content=\"index, follow, max-snippet:-1, max-image-preview:large, max-video-preview:-1\" \/>\n<link rel=\"canonical\" href=\"https:\/\/www.tuasaude.com\/news\/2026\/03\/07\/funciona-como-um-protetor-natural-para-as-articulacoes-mas-sob-uma-condicao-so-consumo-a-curcuma-com-pimenta-preta\/\" \/>\n<meta property=\"og:locale\" content=\"pt_BR\" \/>\n<meta property=\"og:type\" content=\"article\" \/>\n<meta property=\"og:title\" content=\"Funciona como um protetor natural para as articula\u00e7\u00f5es, mas sob uma condi\u00e7\u00e3o: s\u00f3 consumo a c\u00farcuma com pimenta-preta - Tua Sa\u00fade\" \/>\n<meta property=\"og:description\" content=\"A c\u00farcuma pode proteger a cartilagem e aliviar dores articulares. Saiba qual combina\u00e7\u00e3o simples aumenta os efeitos da curcumina.\" \/>\n<meta property=\"og:url\" content=\"https:\/\/www.tuasaude.com\/news\/2026\/03\/07\/funciona-como-um-protetor-natural-para-as-articulacoes-mas-sob-uma-condicao-so-consumo-a-curcuma-com-pimenta-preta\/\" \/>\n<meta property=\"og:site_name\" content=\"Tua Sa\u00fade\" \/>\n<meta property=\"article:published_time\" content=\"2026-03-07T20:55:00+00:00\" \/>\n<meta property=\"og:image\" content=\"https:\/\/www.tuasaude.com\/news\/wp-content\/uploads\/2026\/03\/creation_2522411529.png\" \/>\n\t<meta property=\"og:image:width\" content=\"1280\" \/>\n\t<meta property=\"og:image:height\" content=\"714\" \/>\n\t<meta property=\"og:image:type\" content=\"image\/png\" \/>\n<meta name=\"author\" content=\"Gessika Julia Carvalho\" \/>\n<meta name=\"twitter:card\" content=\"summary_large_image\" \/>\n<meta name=\"twitter:label1\" content=\"Escrito por\" \/>\n\t<meta name=\"twitter:data1\" content=\"Gessika Julia Carvalho\" \/>\n\t<meta name=\"twitter:label2\" content=\"Est. tempo de leitura\" \/>\n\t<meta name=\"twitter:data2\" content=\"5 minutos\" \/>\n<!-- \/ Yoast SEO plugin. -->","yoast_head_json":{"title":"Funciona como um protetor natural para as articula\u00e7\u00f5es, mas sob uma condi\u00e7\u00e3o: s\u00f3 consumo a c\u00farcuma com pimenta-preta - Tua Sa\u00fade","description":"A c\u00farcuma pode proteger a cartilagem e aliviar dores articulares. Saiba qual combina\u00e7\u00e3o simples aumenta os efeitos da curcumina.","robots":{"index":"index","follow":"follow","max-snippet":"max-snippet:-1","max-image-preview":"max-image-preview:large","max-video-preview":"max-video-preview:-1"},"canonical":"https:\/\/www.tuasaude.com\/news\/2026\/03\/07\/funciona-como-um-protetor-natural-para-as-articulacoes-mas-sob-uma-condicao-so-consumo-a-curcuma-com-pimenta-preta\/","og_locale":"pt_BR","og_type":"article","og_title":"Funciona como um protetor natural para as articula\u00e7\u00f5es, mas sob uma condi\u00e7\u00e3o: s\u00f3 consumo a c\u00farcuma com pimenta-preta - Tua Sa\u00fade","og_description":"A c\u00farcuma pode proteger a cartilagem e aliviar dores articulares. Saiba qual combina\u00e7\u00e3o simples aumenta os efeitos da curcumina.","og_url":"https:\/\/www.tuasaude.com\/news\/2026\/03\/07\/funciona-como-um-protetor-natural-para-as-articulacoes-mas-sob-uma-condicao-so-consumo-a-curcuma-com-pimenta-preta\/","og_site_name":"Tua Sa\u00fade","article_published_time":"2026-03-07T20:55:00+00:00","og_image":[{"width":1280,"height":714,"url":"https:\/\/www.tuasaude.com\/news\/wp-content\/uploads\/2026\/03\/creation_2522411529.png","type":"image\/png"}],"author":"Gessika Julia Carvalho","twitter_card":"summary_large_image","twitter_misc":{"Escrito por":"Gessika Julia Carvalho","Est. tempo de leitura":"5 minutos"},"schema":{"@context":"https:\/\/schema.org","@graph":[{"@type":"Article","@id":"https:\/\/www.tuasaude.com\/news\/2026\/03\/07\/funciona-como-um-protetor-natural-para-as-articulacoes-mas-sob-uma-condicao-so-consumo-a-curcuma-com-pimenta-preta\/#article","isPartOf":{"@id":"https:\/\/www.tuasaude.com\/news\/2026\/03\/07\/funciona-como-um-protetor-natural-para-as-articulacoes-mas-sob-uma-condicao-so-consumo-a-curcuma-com-pimenta-preta\/"},"author":{"name":"Gessika Julia Carvalho","@id":"https:\/\/www.tuasaude.com\/news\/#\/schema\/person\/2e9df841be69ec84f5d20ddb8d273ac2"},"headline":"Funciona como um protetor natural para as articula\u00e7\u00f5es, mas sob uma condi\u00e7\u00e3o: s\u00f3 consumo a c\u00farcuma com pimenta-preta","datePublished":"2026-03-07T20:55:00+00:00","mainEntityOfPage":{"@id":"https:\/\/www.tuasaude.com\/news\/2026\/03\/07\/funciona-como-um-protetor-natural-para-as-articulacoes-mas-sob-uma-condicao-so-consumo-a-curcuma-com-pimenta-preta\/"},"wordCount":752,"commentCount":0,"image":{"@id":"https:\/\/www.tuasaude.com\/news\/2026\/03\/07\/funciona-como-um-protetor-natural-para-as-articulacoes-mas-sob-uma-condicao-so-consumo-a-curcuma-com-pimenta-preta\/#primaryimage"},"thumbnailUrl":"https:\/\/www.tuasaude.com\/news\/wp-content\/uploads\/2026\/03\/creation_2522411529.png","keywords":["c\u00farcuma","pimenta-preta","protetor natural para as articula\u00e7\u00f5es","sa\u00fade das articula\u00e7\u00f5es"],"articleSection":["Sa\u00fade"],"inLanguage":"pt-BR","potentialAction":[{"@type":"CommentAction","name":"Comment","target":["https:\/\/www.tuasaude.com\/news\/2026\/03\/07\/funciona-como-um-protetor-natural-para-as-articulacoes-mas-sob-uma-condicao-so-consumo-a-curcuma-com-pimenta-preta\/#respond"]}]},{"@type":"WebPage","@id":"https:\/\/www.tuasaude.com\/news\/2026\/03\/07\/funciona-como-um-protetor-natural-para-as-articulacoes-mas-sob-uma-condicao-so-consumo-a-curcuma-com-pimenta-preta\/","url":"https:\/\/www.tuasaude.com\/news\/2026\/03\/07\/funciona-como-um-protetor-natural-para-as-articulacoes-mas-sob-uma-condicao-so-consumo-a-curcuma-com-pimenta-preta\/","name":"Funciona como um protetor natural para as articula\u00e7\u00f5es, mas sob uma condi\u00e7\u00e3o: s\u00f3 consumo a c\u00farcuma com pimenta-preta - Tua Sa\u00fade","isPartOf":{"@id":"https:\/\/www.tuasaude.com\/news\/#website"},"primaryImageOfPage":{"@id":"https:\/\/www.tuasaude.com\/news\/2026\/03\/07\/funciona-como-um-protetor-natural-para-as-articulacoes-mas-sob-uma-condicao-so-consumo-a-curcuma-com-pimenta-preta\/#primaryimage"},"image":{"@id":"https:\/\/www.tuasaude.com\/news\/2026\/03\/07\/funciona-como-um-protetor-natural-para-as-articulacoes-mas-sob-uma-condicao-so-consumo-a-curcuma-com-pimenta-preta\/#primaryimage"},"thumbnailUrl":"https:\/\/www.tuasaude.com\/news\/wp-content\/uploads\/2026\/03\/creation_2522411529.png","datePublished":"2026-03-07T20:55:00+00:00","author":{"@id":"https:\/\/www.tuasaude.com\/news\/#\/schema\/person\/2e9df841be69ec84f5d20ddb8d273ac2"},"description":"A c\u00farcuma pode proteger a cartilagem e aliviar dores articulares. Saiba qual combina\u00e7\u00e3o simples aumenta os efeitos da curcumina.","breadcrumb":{"@id":"https:\/\/www.tuasaude.com\/news\/2026\/03\/07\/funciona-como-um-protetor-natural-para-as-articulacoes-mas-sob-uma-condicao-so-consumo-a-curcuma-com-pimenta-preta\/#breadcrumb"},"inLanguage":"pt-BR","potentialAction":[{"@type":"ReadAction","target":["https:\/\/www.tuasaude.com\/news\/2026\/03\/07\/funciona-como-um-protetor-natural-para-as-articulacoes-mas-sob-uma-condicao-so-consumo-a-curcuma-com-pimenta-preta\/"]}]},{"@type":"ImageObject","inLanguage":"pt-BR","@id":"https:\/\/www.tuasaude.com\/news\/2026\/03\/07\/funciona-como-um-protetor-natural-para-as-articulacoes-mas-sob-uma-condicao-so-consumo-a-curcuma-com-pimenta-preta\/#primaryimage","url":"https:\/\/www.tuasaude.com\/news\/wp-content\/uploads\/2026\/03\/creation_2522411529.png","contentUrl":"https:\/\/www.tuasaude.com\/news\/wp-content\/uploads\/2026\/03\/creation_2522411529.png","width":1280,"height":714,"caption":"Combinar c\u00farcuma com pimenta-preta aumenta muito a absor\u00e7\u00e3o da curcumina pelo organismo."},{"@type":"BreadcrumbList","@id":"https:\/\/www.tuasaude.com\/news\/2026\/03\/07\/funciona-como-um-protetor-natural-para-as-articulacoes-mas-sob-uma-condicao-so-consumo-a-curcuma-com-pimenta-preta\/#breadcrumb","itemListElement":[{"@type":"ListItem","position":1,"name":"In\u00edcio","item":"https:\/\/www.tuasaude.com\/news\/"},{"@type":"ListItem","position":2,"name":"Funciona como um protetor natural para as articula\u00e7\u00f5es, mas sob uma condi\u00e7\u00e3o: s\u00f3 consumo a c\u00farcuma com pimenta-preta"}]},{"@type":"WebSite","@id":"https:\/\/www.tuasaude.com\/news\/#website","url":"https:\/\/www.tuasaude.com\/news\/","name":"Tua Sa\u00fade","description":"Seu site de sa\u00fade","potentialAction":[{"@type":"SearchAction","target":{"@type":"EntryPoint","urlTemplate":"https:\/\/www.tuasaude.com\/news\/?s={search_term_string}"},"query-input":{"@type":"PropertyValueSpecification","valueRequired":true,"valueName":"search_term_string"}}],"inLanguage":"pt-BR"},{"@type":"Person","@id":"https:\/\/www.tuasaude.com\/news\/#\/schema\/person\/2e9df841be69ec84f5d20ddb8d273ac2","name":"Gessika Julia Carvalho","image":{"@type":"ImageObject","inLanguage":"pt-BR","@id":"https:\/\/www.tuasaude.com\/news\/#\/schema\/person\/image\/","url":"https:\/\/secure.gravatar.com\/avatar\/0fcc8769024577fd0bc6a8b766055690f76a8e8f29dfb2a2f89cf04db8d0f2d2?s=96&d=mm&r=g","contentUrl":"https:\/\/secure.gravatar.com\/avatar\/0fcc8769024577fd0bc6a8b766055690f76a8e8f29dfb2a2f89cf04db8d0f2d2?s=96&d=mm&r=g","caption":"Gessika Julia Carvalho"},"sameAs":["https:\/\/www.tuasaude.com\/news\/"],"url":"https:\/\/www.tuasaude.com\/news\/author\/gessika-julia\/"}]}},"_links":{"self":[{"href":"https:\/\/www.tuasaude.com\/news\/wp-json\/wp\/v2\/posts\/6806","targetHints":{"allow":["GET"]}}],"collection":[{"href":"https:\/\/www.tuasaude.com\/news\/wp-json\/wp\/v2\/posts"}],"about":[{"href":"https:\/\/www.tuasaude.com\/news\/wp-json\/wp\/v2\/types\/post"}],"author":[{"embeddable":true,"href":"https:\/\/www.tuasaude.com\/news\/wp-json\/wp\/v2\/users\/11"}],"replies":[{"embeddable":true,"href":"https:\/\/www.tuasaude.com\/news\/wp-json\/wp\/v2\/comments?post=6806"}],"version-history":[{"count":2,"href":"https:\/\/www.tuasaude.com\/news\/wp-json\/wp\/v2\/posts\/6806\/revisions"}],"predecessor-version":[{"id":6928,"href":"https:\/\/www.tuasaude.com\/news\/wp-json\/wp\/v2\/posts\/6806\/revisions\/6928"}],"wp:featuredmedia":[{"embeddable":true,"href":"https:\/\/www.tuasaude.com\/news\/wp-json\/wp\/v2\/media\/6878"}],"wp:attachment":[{"href":"https:\/\/www.tuasaude.com\/news\/wp-json\/wp\/v2\/media?parent=6806"}],"wp:term":[{"taxonomy":"category","embeddable":true,"href":"https:\/\/www.tuasaude.com\/news\/wp-json\/wp\/v2\/categories?post=6806"},{"taxonomy":"post_tag","embeddable":true,"href":"https:\/\/www.tuasaude.com\/news\/wp-json\/wp\/v2\/tags?post=6806"}],"curies":[{"name":"wp","href":"https:\/\/api.w.org\/{rel}","templated":true}]}}