{"id":6763,"date":"2026-03-07T10:30:00","date_gmt":"2026-03-07T13:30:00","guid":{"rendered":"https:\/\/www.tuasaude.com\/news\/?p=6763"},"modified":"2026-03-06T16:35:45","modified_gmt":"2026-03-06T19:35:45","slug":"quando-e-recomendado-tomar-magnesio","status":"publish","type":"post","link":"https:\/\/www.tuasaude.com\/news\/2026\/03\/07\/quando-e-recomendado-tomar-magnesio\/","title":{"rendered":"Quando \u00e9 recomendado tomar magn\u00e9sio?Quando \u00e9 recomendado tomar magn\u00e9sio?Quando \u00e9 recomendado tomar magn\u00e9sio?"},"content":{"rendered":"\n<p>O magn\u00e9sio se tornou um dos suplementos mais populares no Brasil, frequentemente associado ao al\u00edvio de c\u00e2imbras, ansiedade e ins\u00f4nia. Embora esse mineral participe de mais de 300 rea\u00e7\u00f5es no organismo e seja essencial para a sa\u00fade muscular, nervosa e \u00f3ssea, a suplementa\u00e7\u00e3o nem sempre \u00e9 necess\u00e1ria. Na maioria dos casos, uma alimenta\u00e7\u00e3o equilibrada j\u00e1 fornece a quantidade ideal. Entender quando realmente faz sentido tomar magn\u00e9sio pode evitar gastos desnecess\u00e1rios e proteger sua sa\u00fade.<\/p>\n\n\n\n<h2 class=\"wp-block-heading\">Principais fun\u00e7\u00f5es do magn\u00e9sio no organismo<\/h2>\n\n\n\n<p>O <a href=\"https:\/\/www.tuasaude.com\/magnesio\/\" target=\"_blank\" rel=\"noreferrer noopener\">magn\u00e9sio \u00e9 um mineral <\/a>que o corpo n\u00e3o produz sozinho e que precisa ser obtido pela alimenta\u00e7\u00e3o ou por suplementos. Ele atua diretamente na contra\u00e7\u00e3o e no relaxamento dos m\u00fasculos, na regula\u00e7\u00e3o do a\u00e7\u00facar no sangue, na produ\u00e7\u00e3o de energia celular e na forma\u00e7\u00e3o dos ossos. Tamb\u00e9m influencia a produ\u00e7\u00e3o de subst\u00e2ncias que regulam o sono e o humor.<\/p>\n\n\n\n<p>Quando os n\u00edveis de magn\u00e9sio est\u00e3o adequados, o corpo funciona de forma mais equilibrada. J\u00e1 a falta desse mineral pode provocar sintomas como fadiga constante, fraqueza muscular, irritabilidade e altera\u00e7\u00f5es no ritmo card\u00edaco, sinais que muitas vezes passam despercebidos no dia a dia.<\/p>\n\n\n<div class=\"wp-block-image\">\n<figure class=\"aligncenter size-large\"><img decoding=\"async\" width=\"1024\" height=\"571\" src=\"https:\/\/www.tuasaude.com\/news\/wp-content\/uploads\/2026\/03\/creation_2523175661-1024x571.png\" alt=\"Quando \u00e9 recomendado tomar magn\u00e9sio?\" class=\"wp-image-6953\" srcset=\"https:\/\/www.tuasaude.com\/news\/wp-content\/uploads\/2026\/03\/creation_2523175661-1024x571.png 1024w, https:\/\/www.tuasaude.com\/news\/wp-content\/uploads\/2026\/03\/creation_2523175661-300x167.png 300w, https:\/\/www.tuasaude.com\/news\/wp-content\/uploads\/2026\/03\/creation_2523175661-768x428.png 768w, https:\/\/www.tuasaude.com\/news\/wp-content\/uploads\/2026\/03\/creation_2523175661-750x418.png 750w, https:\/\/www.tuasaude.com\/news\/wp-content\/uploads\/2026\/03\/creation_2523175661-1140x636.png 1140w, https:\/\/www.tuasaude.com\/news\/wp-content\/uploads\/2026\/03\/creation_2523175661.png 1280w\" sizes=\"(max-width: 1024px) 100vw, 1024px\" \/><figcaption class=\"wp-element-caption\">O magn\u00e9sio \u00e9 um mineral essencial que participa de centenas de rea\u00e7\u00f5es no organismo, incluindo fun\u00e7\u00f5es musculares e nervosas.<\/figcaption><\/figure>\n<\/div>\n\n\n<h2 class=\"wp-block-heading\">Quais situa\u00e7\u00f5es em que a suplementa\u00e7\u00e3o \u00e9 indicada?<\/h2>\n\n\n\n<p>A decis\u00e3o de suplementar magn\u00e9sio deve partir de uma avalia\u00e7\u00e3o profissional, mas existem situa\u00e7\u00f5es espec\u00edficas em que essa necessidade \u00e9 mais comum. Confira os principais casos em que o uso do suplemento costuma ser recomendado:<\/p>\n\n\n\n<div style=\"display: flex; flex-wrap: wrap; gap: 20px; justify-content: center; font-family: 'Segoe UI', Roboto, Helvetica, sans-serif; padding: 40px; background-color: #f1f5f9;\">\n\n  <div style=\"flex: 1; min-width: 250px; max-width: 280px; background: #ffffff; border: 1px solid #e2e8f0; padding: 25px; border-radius: 20px; box-shadow: 0 10px 25px rgba(0,0,0,0.05); text-align: center;\">\n\n    <div style=\"font-size: 32px; margin-bottom: 15px;\">\ud83e\uddea<\/div>\n\n    <h3 style=\"color: #334155; font-size: 1.1em; margin-bottom: 12px; letter-spacing: 1px;\">DEFICI\u00caNCIA<\/h3>\n\n    <p style=\"color: #475569; font-size: 0.95em; line-height: 1.6; margin: 0;\">\n\n      A suplementa\u00e7\u00e3o pode ser indicada quando exames mostram <strong>n\u00edveis baixos de magn\u00e9sio<\/strong> no organismo.\n\n    <\/p>\n\n  <\/div>\n\n  <div style=\"flex: 1; min-width: 250px; max-width: 280px; background: #ffffff; border: 1px solid #e2e8f0; padding: 25px; border-radius: 20px; box-shadow: 0 10px 25px rgba(0,0,0,0.05); text-align: center;\">\n\n    <div style=\"font-size: 32px; margin-bottom: 15px;\">\ud83e\ude7a<\/div>\n\n    <h3 style=\"color: #334155; font-size: 1.1em; margin-bottom: 12px; letter-spacing: 1px;\">DOEN\u00c7AS<\/h3>\n\n    <p style=\"color: #475569; font-size: 0.95em; line-height: 1.6; margin: 0;\">\n\n      Condi\u00e7\u00f5es como <strong>diabetes tipo 2, doen\u00e7a de Crohn<\/strong> e problemas gastrointestinais podem prejudicar a absor\u00e7\u00e3o do mineral.\n\n    <\/p>\n\n  <\/div>\n\n  <div style=\"flex: 1; min-width: 250px; max-width: 280px; background: #ffffff; border: 1px solid #e2e8f0; padding: 25px; border-radius: 20px; box-shadow: 0 10px 25px rgba(0,0,0,0.05); text-align: center;\">\n\n    <div style=\"font-size: 32px; margin-bottom: 15px;\">\ud83d\udc8a<\/div>\n\n    <h3 style=\"color: #334155; font-size: 1.1em; margin-bottom: 12px; letter-spacing: 1px;\">MEDICAMENTOS<\/h3>\n\n    <p style=\"color: #475569; font-size: 0.95em; line-height: 1.6; margin: 0;\">\n\n      Alguns rem\u00e9dios, como <strong>diur\u00e9ticos e inibidores da bomba de pr\u00f3tons<\/strong>, podem aumentar a perda de magn\u00e9sio.\n\n    <\/p>\n\n  <\/div>\n\n  <div style=\"flex: 1; min-width: 250px; max-width: 280px; background: #ffffff; border: 1px solid #e2e8f0; padding: 25px; border-radius: 20px; box-shadow: 0 10px 25px rgba(0,0,0,0.05); text-align: center;\">\n\n    <div style=\"font-size: 32px; margin-bottom: 15px;\">\ud83e\udd30<\/div>\n\n    <h3 style=\"color: #334155; font-size: 1.1em; margin-bottom: 12px; letter-spacing: 1px;\">GESTA\u00c7\u00c3O<\/h3>\n\n    <p style=\"color: #475569; font-size: 0.95em; line-height: 1.6; margin: 0;\">\n\n      Durante <strong>gesta\u00e7\u00e3o e amamenta\u00e7\u00e3o<\/strong>, a necessidade de magn\u00e9sio aumenta para apoiar o organismo.\n\n    <\/p>\n\n  <\/div>\n\n  <div style=\"flex: 1; min-width: 250px; max-width: 280px; background: #ffffff; border: 1px solid #e2e8f0; padding: 25px; border-radius: 20px; box-shadow: 0 10px 25px rgba(0,0,0,0.05); text-align: center;\">\n\n    <div style=\"font-size: 32px; margin-bottom: 15px;\">\ud83d\udc75<\/div>\n\n    <h3 style=\"color: #334155; font-size: 1.1em; margin-bottom: 12px; letter-spacing: 1px;\">IDOSOS<\/h3>\n\n    <p style=\"color: #475569; font-size: 0.95em; line-height: 1.6; margin: 0;\">\n\n      Pessoas com mais de <strong>65 anos<\/strong> podem absorver menos magn\u00e9sio pela dieta e precisar de acompanhamento.\n\n    <\/p>\n\n  <\/div>\n\n<\/div>\n\n\n\n<h2 class=\"wp-block-heading\">Revis\u00e3o cient\u00edfica confirma os benef\u00edcios do magn\u00e9sio para a sa\u00fade<\/h2>\n\n\n\n<p>Os benef\u00edcios da <a href=\"https:\/\/www.tuasaude.com\/magnesio\/\" target=\"_blank\" rel=\"noreferrer noopener\">suplementa\u00e7\u00e3o de magn\u00e9sio<\/a> em situa\u00e7\u00f5es espec\u00edficas s\u00e3o respaldados por evid\u00eancias cient\u00edficas robustas. Segundo a revis\u00e3o guarda-chuva<a href=\"https:\/\/pubmed.ncbi.nlm.nih.gov\/30684032\/\" target=\"_blank\" rel=\"noreferrer noopener\"> <em>&#8220;Magnesium and health outcomes: an umbrella review of systematic reviews and meta-analyses of observational and intervention studies&#8221;<\/em><\/a>, publicada no <em>European Journal of Nutrition<\/em>, a suplementa\u00e7\u00e3o de magn\u00e9sio apresentou evid\u00eancia forte para a redu\u00e7\u00e3o do risco de hospitaliza\u00e7\u00e3o em gestantes e para a diminui\u00e7\u00e3o da intensidade e frequ\u00eancia de enxaquecas. O mesmo estudo tamb\u00e9m associou uma maior ingest\u00e3o de magn\u00e9sio \u00e0 redu\u00e7\u00e3o do risco de diabetes tipo 2 e de acidente vascular cerebral em an\u00e1lises observacionais. Os autores destacam, por\u00e9m, que os benef\u00edcios s\u00e3o mais claros quando h\u00e1 defici\u00eancia real do mineral. <\/p>\n\n\n\n<h2 class=\"wp-block-heading\">Alimentos ricos em magn\u00e9sio que ajudam a evitar a car\u00eancia<\/h2>\n\n\n\n<p>Antes de recorrer a suplementos, vale investir em uma dieta rica em magn\u00e9sio. Muitos alimentos acess\u00edveis e presentes na culin\u00e1ria brasileira oferecem boas quantidades desse mineral. Incluir essas fontes naturais nas refei\u00e7\u00f5es \u00e9 a estrat\u00e9gia mais segura e eficiente para manter os n\u00edveis adequados:<\/p>\n\n\n\n<ul class=\"wp-block-list\">\n<li><strong>Oleaginosas e sementes<\/strong> \u2014 castanhas, am\u00eandoas, nozes e sementes de ab\u00f3bora e girassol<\/li>\n\n\n\n<li><strong>Vegetais verde-escuros<\/strong> \u2014 espinafre, couve e br\u00f3colis<\/li>\n\n\n\n<li><strong>Gr\u00e3os e cereais integrais<\/strong> \u2014 aveia, arroz integral e feij\u00e3o<\/li>\n\n\n\n<li><strong>Frutas<\/strong> \u2014 banana, abacate e damasco<\/li>\n\n\n\n<li><strong>Chocolate amargo<\/strong> \u2014 vers\u00f5es com alto teor de cacau s\u00e3o fontes concentradas do mineral<\/li>\n<\/ul>\n\n\n\n<h2 class=\"wp-block-heading\">Cuidados importantes antes de come\u00e7ar a suplementar<\/h2>\n\n\n\n<p>A popularidade do magn\u00e9sio nas redes sociais pode passar a impress\u00e3o de que qualquer pessoa se beneficiaria do suplemento. No entanto, o consumo excessivo pode provocar efeitos indesejados como diarreia, n\u00e1useas e queda de press\u00e3o. Pessoas com insufici\u00eancia renal, por exemplo, devem ter cuidado redobrado, j\u00e1 que os rins podem n\u00e3o conseguir eliminar o mineral em excesso.<\/p>\n\n\n\n<p>Al\u00e9m disso, o magn\u00e9sio pode interagir com medicamentos de uso cont\u00ednuo, como antibi\u00f3ticos e anticoagulantes, reduzindo sua efic\u00e1cia. Por isso, a suplementa\u00e7\u00e3o deve sempre ser orientada por um m\u00e9dico ou nutricionista, que poder\u00e1 avaliar seus exames, hist\u00f3rico cl\u00ednico e necessidades individuais antes de indicar o tipo e a dosagem mais adequados para o seu caso.<\/p>\n","protected":false},"excerpt":{"rendered":"<p>O magn\u00e9sio se tornou um dos suplementos mais populares no Brasil, frequentemente associado ao al\u00edvio de c\u00e2imbras, ansiedade e ins\u00f4nia. Embora esse mineral participe de mais de 300 rea\u00e7\u00f5es no organismo e seja essencial para a sa\u00fade muscular, nervosa e \u00f3ssea, a suplementa\u00e7\u00e3o nem sempre \u00e9 necess\u00e1ria. Na maioria dos casos, uma alimenta\u00e7\u00e3o equilibrada j\u00e1 [&hellip;]<\/p>\n","protected":false},"author":11,"featured_media":6952,"comment_status":"open","ping_status":"open","sticky":false,"template":"","format":"standard","meta":{"_yoast_wpseo_focuskw":"magn\u00e9sio","_yoast_wpseo_title":"","_yoast_wpseo_metadesc":"Magn\u00e9sio \u00e9 essencial para m\u00fasculos, sono e energia. Veja quando o magn\u00e9sio \u00e9 necess\u00e1rio e quais alimentos ajudam a evitar a defici\u00eancia.","jnews-multi-image_gallery":[],"jnews_single_post":{"format":"standard"},"jnews_primary_category":[],"jnews_social_meta":[],"jnews_override_counter":[],"footnotes":""},"categories":[111],"tags":[145,189,136,1165],"class_list":["post-6763","post","type-post","status-publish","format-standard","has-post-thumbnail","hentry","category-saude","tag-bem-estar","tag-magnesio","tag-saude","tag-suplementacao-de-magnesio"],"yoast_head":"<!-- This site is optimized with the Yoast SEO plugin v26.7 - https:\/\/yoast.com\/wordpress\/plugins\/seo\/ -->\n<title>Quando \u00e9 recomendado tomar magn\u00e9sio?Quando \u00e9 recomendado tomar magn\u00e9sio?Quando \u00e9 recomendado tomar magn\u00e9sio? - Tua Sa\u00fade<\/title>\n<meta name=\"description\" content=\"Magn\u00e9sio \u00e9 essencial para m\u00fasculos, sono e energia. Veja quando o magn\u00e9sio \u00e9 necess\u00e1rio e quais alimentos ajudam a evitar a defici\u00eancia.\" \/>\n<meta name=\"robots\" content=\"index, follow, max-snippet:-1, max-image-preview:large, max-video-preview:-1\" \/>\n<link rel=\"canonical\" href=\"https:\/\/www.tuasaude.com\/news\/2026\/03\/07\/quando-e-recomendado-tomar-magnesio\/\" \/>\n<meta property=\"og:locale\" content=\"pt_BR\" \/>\n<meta property=\"og:type\" content=\"article\" \/>\n<meta property=\"og:title\" content=\"Quando \u00e9 recomendado tomar magn\u00e9sio?Quando \u00e9 recomendado tomar magn\u00e9sio?Quando \u00e9 recomendado tomar magn\u00e9sio? - Tua Sa\u00fade\" \/>\n<meta property=\"og:description\" content=\"Magn\u00e9sio \u00e9 essencial para m\u00fasculos, sono e energia. Veja quando o magn\u00e9sio \u00e9 necess\u00e1rio e quais alimentos ajudam a evitar a defici\u00eancia.\" \/>\n<meta property=\"og:url\" content=\"https:\/\/www.tuasaude.com\/news\/2026\/03\/07\/quando-e-recomendado-tomar-magnesio\/\" \/>\n<meta property=\"og:site_name\" content=\"Tua Sa\u00fade\" \/>\n<meta property=\"article:published_time\" content=\"2026-03-07T13:30:00+00:00\" \/>\n<meta property=\"og:image\" content=\"https:\/\/www.tuasaude.com\/news\/wp-content\/uploads\/2026\/03\/creation_2523175324.png\" \/>\n\t<meta property=\"og:image:width\" content=\"1280\" \/>\n\t<meta property=\"og:image:height\" content=\"714\" \/>\n\t<meta property=\"og:image:type\" content=\"image\/png\" \/>\n<meta name=\"author\" content=\"Gessika Julia Carvalho\" \/>\n<meta name=\"twitter:card\" content=\"summary_large_image\" \/>\n<meta name=\"twitter:label1\" content=\"Escrito por\" \/>\n\t<meta name=\"twitter:data1\" content=\"Gessika Julia Carvalho\" \/>\n\t<meta name=\"twitter:label2\" content=\"Est. tempo de leitura\" \/>\n\t<meta name=\"twitter:data2\" content=\"5 minutos\" \/>\n<!-- \/ Yoast SEO plugin. -->","yoast_head_json":{"title":"Quando \u00e9 recomendado tomar magn\u00e9sio?Quando \u00e9 recomendado tomar magn\u00e9sio?Quando \u00e9 recomendado tomar magn\u00e9sio? - Tua Sa\u00fade","description":"Magn\u00e9sio \u00e9 essencial para m\u00fasculos, sono e energia. Veja quando o magn\u00e9sio \u00e9 necess\u00e1rio e quais alimentos ajudam a evitar a defici\u00eancia.","robots":{"index":"index","follow":"follow","max-snippet":"max-snippet:-1","max-image-preview":"max-image-preview:large","max-video-preview":"max-video-preview:-1"},"canonical":"https:\/\/www.tuasaude.com\/news\/2026\/03\/07\/quando-e-recomendado-tomar-magnesio\/","og_locale":"pt_BR","og_type":"article","og_title":"Quando \u00e9 recomendado tomar magn\u00e9sio?Quando \u00e9 recomendado tomar magn\u00e9sio?Quando \u00e9 recomendado tomar magn\u00e9sio? - Tua Sa\u00fade","og_description":"Magn\u00e9sio \u00e9 essencial para m\u00fasculos, sono e energia. Veja quando o magn\u00e9sio \u00e9 necess\u00e1rio e quais alimentos ajudam a evitar a defici\u00eancia.","og_url":"https:\/\/www.tuasaude.com\/news\/2026\/03\/07\/quando-e-recomendado-tomar-magnesio\/","og_site_name":"Tua Sa\u00fade","article_published_time":"2026-03-07T13:30:00+00:00","og_image":[{"width":1280,"height":714,"url":"https:\/\/www.tuasaude.com\/news\/wp-content\/uploads\/2026\/03\/creation_2523175324.png","type":"image\/png"}],"author":"Gessika Julia Carvalho","twitter_card":"summary_large_image","twitter_misc":{"Escrito por":"Gessika Julia Carvalho","Est. tempo de leitura":"5 minutos"},"schema":{"@context":"https:\/\/schema.org","@graph":[{"@type":"Article","@id":"https:\/\/www.tuasaude.com\/news\/2026\/03\/07\/quando-e-recomendado-tomar-magnesio\/#article","isPartOf":{"@id":"https:\/\/www.tuasaude.com\/news\/2026\/03\/07\/quando-e-recomendado-tomar-magnesio\/"},"author":{"name":"Gessika Julia Carvalho","@id":"https:\/\/www.tuasaude.com\/news\/#\/schema\/person\/2e9df841be69ec84f5d20ddb8d273ac2"},"headline":"Quando \u00e9 recomendado tomar magn\u00e9sio?Quando \u00e9 recomendado tomar magn\u00e9sio?Quando \u00e9 recomendado tomar magn\u00e9sio?","datePublished":"2026-03-07T13:30:00+00:00","mainEntityOfPage":{"@id":"https:\/\/www.tuasaude.com\/news\/2026\/03\/07\/quando-e-recomendado-tomar-magnesio\/"},"wordCount":787,"commentCount":0,"image":{"@id":"https:\/\/www.tuasaude.com\/news\/2026\/03\/07\/quando-e-recomendado-tomar-magnesio\/#primaryimage"},"thumbnailUrl":"https:\/\/www.tuasaude.com\/news\/wp-content\/uploads\/2026\/03\/creation_2523175324.png","keywords":["bem-estar","magn\u00e9sio","sa\u00fade","suplementa\u00e7\u00e3o de magn\u00e9sio"],"articleSection":["Sa\u00fade"],"inLanguage":"pt-BR","potentialAction":[{"@type":"CommentAction","name":"Comment","target":["https:\/\/www.tuasaude.com\/news\/2026\/03\/07\/quando-e-recomendado-tomar-magnesio\/#respond"]}]},{"@type":"WebPage","@id":"https:\/\/www.tuasaude.com\/news\/2026\/03\/07\/quando-e-recomendado-tomar-magnesio\/","url":"https:\/\/www.tuasaude.com\/news\/2026\/03\/07\/quando-e-recomendado-tomar-magnesio\/","name":"Quando \u00e9 recomendado tomar magn\u00e9sio?Quando \u00e9 recomendado tomar magn\u00e9sio?Quando \u00e9 recomendado tomar magn\u00e9sio? - Tua Sa\u00fade","isPartOf":{"@id":"https:\/\/www.tuasaude.com\/news\/#website"},"primaryImageOfPage":{"@id":"https:\/\/www.tuasaude.com\/news\/2026\/03\/07\/quando-e-recomendado-tomar-magnesio\/#primaryimage"},"image":{"@id":"https:\/\/www.tuasaude.com\/news\/2026\/03\/07\/quando-e-recomendado-tomar-magnesio\/#primaryimage"},"thumbnailUrl":"https:\/\/www.tuasaude.com\/news\/wp-content\/uploads\/2026\/03\/creation_2523175324.png","datePublished":"2026-03-07T13:30:00+00:00","author":{"@id":"https:\/\/www.tuasaude.com\/news\/#\/schema\/person\/2e9df841be69ec84f5d20ddb8d273ac2"},"description":"Magn\u00e9sio \u00e9 essencial para m\u00fasculos, sono e energia. Veja quando o magn\u00e9sio \u00e9 necess\u00e1rio e quais alimentos ajudam a evitar a defici\u00eancia.","breadcrumb":{"@id":"https:\/\/www.tuasaude.com\/news\/2026\/03\/07\/quando-e-recomendado-tomar-magnesio\/#breadcrumb"},"inLanguage":"pt-BR","potentialAction":[{"@type":"ReadAction","target":["https:\/\/www.tuasaude.com\/news\/2026\/03\/07\/quando-e-recomendado-tomar-magnesio\/"]}]},{"@type":"ImageObject","inLanguage":"pt-BR","@id":"https:\/\/www.tuasaude.com\/news\/2026\/03\/07\/quando-e-recomendado-tomar-magnesio\/#primaryimage","url":"https:\/\/www.tuasaude.com\/news\/wp-content\/uploads\/2026\/03\/creation_2523175324.png","contentUrl":"https:\/\/www.tuasaude.com\/news\/wp-content\/uploads\/2026\/03\/creation_2523175324.png","width":1280,"height":714,"caption":"A suplementa\u00e7\u00e3o pode ser indicada em casos de defici\u00eancia, algumas doen\u00e7as ou uso de certos medicamentos."},{"@type":"BreadcrumbList","@id":"https:\/\/www.tuasaude.com\/news\/2026\/03\/07\/quando-e-recomendado-tomar-magnesio\/#breadcrumb","itemListElement":[{"@type":"ListItem","position":1,"name":"In\u00edcio","item":"https:\/\/www.tuasaude.com\/news\/"},{"@type":"ListItem","position":2,"name":"Quando \u00e9 recomendado tomar magn\u00e9sio?Quando \u00e9 recomendado tomar magn\u00e9sio?Quando \u00e9 recomendado tomar magn\u00e9sio?"}]},{"@type":"WebSite","@id":"https:\/\/www.tuasaude.com\/news\/#website","url":"https:\/\/www.tuasaude.com\/news\/","name":"Tua Sa\u00fade","description":"Seu site de sa\u00fade","potentialAction":[{"@type":"SearchAction","target":{"@type":"EntryPoint","urlTemplate":"https:\/\/www.tuasaude.com\/news\/?s={search_term_string}"},"query-input":{"@type":"PropertyValueSpecification","valueRequired":true,"valueName":"search_term_string"}}],"inLanguage":"pt-BR"},{"@type":"Person","@id":"https:\/\/www.tuasaude.com\/news\/#\/schema\/person\/2e9df841be69ec84f5d20ddb8d273ac2","name":"Gessika Julia Carvalho","image":{"@type":"ImageObject","inLanguage":"pt-BR","@id":"https:\/\/www.tuasaude.com\/news\/#\/schema\/person\/image\/","url":"https:\/\/secure.gravatar.com\/avatar\/0fcc8769024577fd0bc6a8b766055690f76a8e8f29dfb2a2f89cf04db8d0f2d2?s=96&d=mm&r=g","contentUrl":"https:\/\/secure.gravatar.com\/avatar\/0fcc8769024577fd0bc6a8b766055690f76a8e8f29dfb2a2f89cf04db8d0f2d2?s=96&d=mm&r=g","caption":"Gessika Julia Carvalho"},"sameAs":["https:\/\/www.tuasaude.com\/news\/"],"url":"https:\/\/www.tuasaude.com\/news\/author\/gessika-julia\/"}]}},"_links":{"self":[{"href":"https:\/\/www.tuasaude.com\/news\/wp-json\/wp\/v2\/posts\/6763","targetHints":{"allow":["GET"]}}],"collection":[{"href":"https:\/\/www.tuasaude.com\/news\/wp-json\/wp\/v2\/posts"}],"about":[{"href":"https:\/\/www.tuasaude.com\/news\/wp-json\/wp\/v2\/types\/post"}],"author":[{"embeddable":true,"href":"https:\/\/www.tuasaude.com\/news\/wp-json\/wp\/v2\/users\/11"}],"replies":[{"embeddable":true,"href":"https:\/\/www.tuasaude.com\/news\/wp-json\/wp\/v2\/comments?post=6763"}],"version-history":[{"count":2,"href":"https:\/\/www.tuasaude.com\/news\/wp-json\/wp\/v2\/posts\/6763\/revisions"}],"predecessor-version":[{"id":6986,"href":"https:\/\/www.tuasaude.com\/news\/wp-json\/wp\/v2\/posts\/6763\/revisions\/6986"}],"wp:featuredmedia":[{"embeddable":true,"href":"https:\/\/www.tuasaude.com\/news\/wp-json\/wp\/v2\/media\/6952"}],"wp:attachment":[{"href":"https:\/\/www.tuasaude.com\/news\/wp-json\/wp\/v2\/media?parent=6763"}],"wp:term":[{"taxonomy":"category","embeddable":true,"href":"https:\/\/www.tuasaude.com\/news\/wp-json\/wp\/v2\/categories?post=6763"},{"taxonomy":"post_tag","embeddable":true,"href":"https:\/\/www.tuasaude.com\/news\/wp-json\/wp\/v2\/tags?post=6763"}],"curies":[{"name":"wp","href":"https:\/\/api.w.org\/{rel}","templated":true}]}}