{"id":6759,"date":"2026-03-07T08:20:00","date_gmt":"2026-03-07T11:20:00","guid":{"rendered":"https:\/\/www.tuasaude.com\/news\/?p=6759"},"modified":"2026-03-06T16:35:48","modified_gmt":"2026-03-06T19:35:48","slug":"quando-e-recomendado-tomar-vitamina-e","status":"publish","type":"post","link":"https:\/\/www.tuasaude.com\/news\/2026\/03\/07\/quando-e-recomendado-tomar-vitamina-e\/","title":{"rendered":"Quando \u00e9 recomendado tomar vitamina E?"},"content":{"rendered":"\n<p>A vitamina E \u00e9 um nutriente com forte a\u00e7\u00e3o antioxidante que protege as c\u00e9lulas contra o envelhecimento precoce, fortalece o sistema imunol\u00f3gico e contribui para a sa\u00fade da pele e dos olhos. Na maioria dos casos, uma alimenta\u00e7\u00e3o equilibrada \u00e9 suficiente para suprir as necessidades di\u00e1rias desse nutriente. No entanto, existem situa\u00e7\u00f5es espec\u00edficas em que a suplementa\u00e7\u00e3o pode ser indicada por um profissional de sa\u00fade, especialmente quando h\u00e1 dificuldade de absor\u00e7\u00e3o ou car\u00eancias nutricionais comprovadas.<\/p>\n\n\n\n<h2 class=\"wp-block-heading\">Principais benef\u00edcios da vitamina E para o organismo<\/h2>\n\n\n\n<p>A<a href=\"https:\/\/www.tuasaude.com\/vitamina-e\/\" target=\"_blank\" rel=\"noreferrer noopener\"> vitamina E <\/a>atua principalmente como um escudo contra os radicais livres, mol\u00e9culas inst\u00e1veis que danificam as c\u00e9lulas ao longo do tempo. Essa prote\u00e7\u00e3o ajuda a prevenir o envelhecimento celular e contribui para manter o bom funcionamento do sistema de defesa do corpo.<\/p>\n\n\n\n<p>Entre os benef\u00edcios mais conhecidos, destacam-se:<\/p>\n\n\n\n<div style=\"display: flex; flex-wrap: wrap; gap: 20px; justify-content: center; font-family: 'Segoe UI', Roboto, Helvetica, sans-serif; padding: 40px; background-color: #f1f5f9;\">\n\n  <div style=\"flex: 1; min-width: 250px; max-width: 280px; background: #ffffff; border: 1px solid #e2e8f0; padding: 25px; border-radius: 20px; box-shadow: 0 10px 25px rgba(0,0,0,0.05); text-align: center;\">\n\n    <div style=\"font-size: 32px; margin-bottom: 15px;\">\ud83d\udee1\ufe0f<\/div>\n\n    <h3 style=\"color: #334155; font-size: 1.1em; margin-bottom: 12px; letter-spacing: 1px;\">ANTIOXIDANTE<\/h3>\n\n    <p style=\"color: #475569; font-size: 0.95em; line-height: 1.6; margin: 0;\">\n\n      Atua como prote\u00e7\u00e3o contra <strong>radicais livres<\/strong>, ajudando a reduzir danos celulares e o envelhecimento precoce.\n\n    <\/p>\n\n  <\/div>\n\n  <div style=\"flex: 1; min-width: 250px; max-width: 280px; background: #ffffff; border: 1px solid #e2e8f0; padding: 25px; border-radius: 20px; box-shadow: 0 10px 25px rgba(0,0,0,0.05); text-align: center;\">\n\n    <div style=\"font-size: 32px; margin-bottom: 15px;\">\u2728<\/div>\n\n    <h3 style=\"color: #334155; font-size: 1.1em; margin-bottom: 12px; letter-spacing: 1px;\">PELE<\/h3>\n\n    <p style=\"color: #475569; font-size: 0.95em; line-height: 1.6; margin: 0;\">\n\n      Contribui para a <strong>hidrata\u00e7\u00e3o e regenera\u00e7\u00e3o da pele<\/strong>, auxiliando na recupera\u00e7\u00e3o de les\u00f5es cut\u00e2neas.\n\n    <\/p>\n\n  <\/div>\n\n  <div style=\"flex: 1; min-width: 250px; max-width: 280px; background: #ffffff; border: 1px solid #e2e8f0; padding: 25px; border-radius: 20px; box-shadow: 0 10px 25px rgba(0,0,0,0.05); text-align: center;\">\n\n    <div style=\"font-size: 32px; margin-bottom: 15px;\">\ud83e\uddec<\/div>\n\n    <h3 style=\"color: #334155; font-size: 1.1em; margin-bottom: 12px; letter-spacing: 1px;\">IMUNIDADE<\/h3>\n\n    <p style=\"color: #475569; font-size: 0.95em; line-height: 1.6; margin: 0;\">\n\n      Ajuda no fortalecimento do <strong>sistema imunol\u00f3gico<\/strong>, apoiando as defesas naturais do organismo.\n\n    <\/p>\n\n  <\/div>\n\n  <div style=\"flex: 1; min-width: 250px; max-width: 280px; background: #ffffff; border: 1px solid #e2e8f0; padding: 25px; border-radius: 20px; box-shadow: 0 10px 25px rgba(0,0,0,0.05); text-align: center;\">\n\n    <div style=\"font-size: 32px; margin-bottom: 15px;\">\u2764\ufe0f<\/div>\n\n    <h3 style=\"color: #334155; font-size: 1.1em; margin-bottom: 12px; letter-spacing: 1px;\">CORA\u00c7\u00c3O<\/h3>\n\n    <p style=\"color: #475569; font-size: 0.95em; line-height: 1.6; margin: 0;\">\n\n      Contribui para a prote\u00e7\u00e3o dos <strong>vasos sangu\u00edneos<\/strong> e ajuda a reduzir a oxida\u00e7\u00e3o do colesterol.\n\n    <\/p>\n\n  <\/div>\n\n<\/div>\n\n\n\n<h2 class=\"wp-block-heading\">Alimentos ricos em vitamina E que devem fazer parte da dieta<\/h2>\n\n\n\n<p>A melhor forma de obter vitamina E \u00e9 pela alimenta\u00e7\u00e3o. Esse nutriente est\u00e1 presente de forma natural em diversos alimentos acess\u00edveis e que podem ser facilmente inclu\u00eddos no dia a dia. Manter uma dieta variada e equilibrada costuma ser suficiente para atingir os n\u00edveis recomendados.<\/p>\n\n\n\n<p>As principais fontes alimentares incluem:<\/p>\n\n\n\n<ul class=\"wp-block-list\">\n<li><strong>Oleaginosas e sementes<\/strong> \u2014 am\u00eandoas, avel\u00e3s, castanhas e sementes de girassol<\/li>\n\n\n\n<li><strong>\u00d3leos vegetais<\/strong> \u2014 azeite de oliva, \u00f3leo de girassol e \u00f3leo de g\u00e9rmen de trigo<\/li>\n\n\n\n<li><strong>Vegetais verde-escuros<\/strong> \u2014 espinafre, br\u00f3colis e acelga<\/li>\n\n\n\n<li><strong>Outros alimentos<\/strong> \u2014 abacate, manga e cereais integrais enriquecidos<\/li>\n<\/ul>\n\n\n\n<h2 class=\"wp-block-heading\">Situa\u00e7\u00f5es em que a suplementa\u00e7\u00e3o pode ser necess\u00e1ria<\/h2>\n\n\n\n<p>A<a href=\"https:\/\/www.tuasaude.com\/vitamina-e\/\" target=\"_blank\" rel=\"noreferrer noopener\"> suplementa\u00e7\u00e3o de vitamina E<\/a> n\u00e3o \u00e9 indicada para todas as pessoas. Ela se torna uma op\u00e7\u00e3o quando a alimenta\u00e7\u00e3o sozinha n\u00e3o consegue suprir as necessidades do organismo. Segundo os Institutos Nacionais de Sa\u00fade dos Estados Unidos (NIH), pessoas com condi\u00e7\u00f5es que dificultam a absor\u00e7\u00e3o de gorduras, como a doen\u00e7a de Crohn e a fibrose c\u00edstica, podem apresentar defici\u00eancia desse nutriente e necessitar de suplementos.<\/p>\n\n\n\n<p>Dietas muito restritivas, dist\u00farbios digestivos cr\u00f4nicos e determinadas fases da vida, como a gesta\u00e7\u00e3o e o envelhecimento, tamb\u00e9m podem justificar a suplementa\u00e7\u00e3o. Em todos esses casos, a orienta\u00e7\u00e3o de um m\u00e9dico ou nutricionista \u00e9 indispens\u00e1vel para definir a dose adequada e evitar excessos.<\/p>\n\n\n<div class=\"wp-block-image\">\n<figure class=\"aligncenter size-large\"><img decoding=\"async\" width=\"1024\" height=\"571\" src=\"https:\/\/www.tuasaude.com\/news\/wp-content\/uploads\/2026\/03\/creation_2523181664-1024x571.png\" alt=\"Quando \u00e9 recomendado tomar vitamina E?\" class=\"wp-image-6961\" srcset=\"https:\/\/www.tuasaude.com\/news\/wp-content\/uploads\/2026\/03\/creation_2523181664-1024x571.png 1024w, https:\/\/www.tuasaude.com\/news\/wp-content\/uploads\/2026\/03\/creation_2523181664-300x167.png 300w, https:\/\/www.tuasaude.com\/news\/wp-content\/uploads\/2026\/03\/creation_2523181664-768x428.png 768w, https:\/\/www.tuasaude.com\/news\/wp-content\/uploads\/2026\/03\/creation_2523181664-750x418.png 750w, https:\/\/www.tuasaude.com\/news\/wp-content\/uploads\/2026\/03\/creation_2523181664-1140x636.png 1140w, https:\/\/www.tuasaude.com\/news\/wp-content\/uploads\/2026\/03\/creation_2523181664.png 1280w\" sizes=\"(max-width: 1024px) 100vw, 1024px\" \/><figcaption class=\"wp-element-caption\">Alimentos como am\u00eandoas, sementes, azeite e vegetais verde-escuros s\u00e3o boas fontes desse nutriente.<\/figcaption><\/figure>\n<\/div>\n\n\n<h2 class=\"wp-block-heading\">O que uma revis\u00e3o abrangente revela sobre a vitamina E e a sa\u00fade?<\/h2>\n\n\n\n<p>As evid\u00eancias cient\u00edficas sobre os efeitos da vitamina E na sa\u00fade t\u00eam sido analisadas em diversos estudos de grande escala. Segundo a revis\u00e3o guarda-chuva <em><a href=\"https:\/\/pmc.ncbi.nlm.nih.gov\/articles\/PMC10421296\/\" target=\"_blank\" rel=\"noreferrer noopener\">&#8220;Vitamin E and Multiple Health Outcomes: An Umbrella Review of Meta-Analyses&#8221;<\/a><\/em>, publicada na revista <em>Nutrients<\/em> (MDPI) em 2023, a suplementa\u00e7\u00e3o de vitamina E foi associada \u00e0 redu\u00e7\u00e3o significativa dos n\u00edveis de prote\u00edna C-reativa (um marcador importante de inflama\u00e7\u00e3o) e tamb\u00e9m \u00e0 diminui\u00e7\u00e3o do risco de infarto do mioc\u00e1rdio quando utilizada de forma isolada. Apesar desses achados promissores, os autores destacam que ainda n\u00e3o \u00e9 poss\u00edvel estabelecer uma recomenda\u00e7\u00e3o geral de suplementa\u00e7\u00e3o para pessoas saud\u00e1veis sem defici\u00eancias comprovadas. O estudo refor\u00e7a que o consumo de vitamina E por meio de alimentos continua sendo a estrat\u00e9gia mais segura e indicada para a maioria da popula\u00e7\u00e3o. <\/p>\n\n\n\n<h2 class=\"wp-block-heading\">Cuidados importantes antes de iniciar o uso de suplementos<\/h2>\n\n\n\n<p>Embora a vitamina E seja essencial para o corpo, o consumo excessivo por meio de suplementos pode trazer riscos. A Organiza\u00e7\u00e3o Mundial da Sa\u00fade (OMS) alerta que doses elevadas podem interferir na coagula\u00e7\u00e3o do sangue e aumentar a chance de hemorragias. Al\u00e9m disso, altas dosagens podem interagir com medicamentos de uso cont\u00ednuo, como anticoagulantes e alguns tratamentos para hipertens\u00e3o.<\/p>\n\n\n\n<p>Por isso, a decis\u00e3o de suplementar vitamina E deve sempre partir de uma avalia\u00e7\u00e3o m\u00e9dica individualizada. Um profissional de sa\u00fade poder\u00e1 avaliar seus exames, hist\u00f3rico cl\u00ednico e necessidades nutricionais para indicar se a suplementa\u00e7\u00e3o faz sentido no seu caso e em qual dosagem.<\/p>\n","protected":false},"excerpt":{"rendered":"<p>A vitamina E \u00e9 um nutriente com forte a\u00e7\u00e3o antioxidante que protege as c\u00e9lulas contra o envelhecimento precoce, fortalece o sistema imunol\u00f3gico e contribui para a sa\u00fade da pele e dos olhos. Na maioria dos casos, uma alimenta\u00e7\u00e3o equilibrada \u00e9 suficiente para suprir as necessidades di\u00e1rias desse nutriente. No entanto, existem situa\u00e7\u00f5es espec\u00edficas em que [&hellip;]<\/p>\n","protected":false},"author":11,"featured_media":6960,"comment_status":"open","ping_status":"open","sticky":false,"template":"","format":"standard","meta":{"_yoast_wpseo_focuskw":"vitamina E","_yoast_wpseo_title":"","_yoast_wpseo_metadesc":"Vitamina E protege as c\u00e9lulas, fortalece a imunidade e ajuda a pele. Saiba quando a alimenta\u00e7\u00e3o \u00e9 suficiente e em quais casos suplementar.","jnews-multi-image_gallery":[],"jnews_single_post":{"format":"standard"},"jnews_primary_category":[],"jnews_social_meta":[],"jnews_override_counter":[],"footnotes":""},"categories":[111],"tags":[145,1326,136,1295],"class_list":["post-6759","post","type-post","status-publish","format-standard","has-post-thumbnail","hentry","category-saude","tag-bem-estar","tag-beneficios-vitamina-e","tag-saude","tag-vitamina-e"],"yoast_head":"<!-- This site is optimized with the Yoast SEO plugin v26.7 - https:\/\/yoast.com\/wordpress\/plugins\/seo\/ -->\n<title>Quando \u00e9 recomendado tomar vitamina E? - Tua Sa\u00fade<\/title>\n<meta name=\"description\" content=\"Vitamina E protege as c\u00e9lulas, fortalece a imunidade e ajuda a pele. Saiba quando a alimenta\u00e7\u00e3o \u00e9 suficiente e em quais casos suplementar.\" \/>\n<meta name=\"robots\" content=\"index, follow, max-snippet:-1, max-image-preview:large, max-video-preview:-1\" \/>\n<link rel=\"canonical\" href=\"https:\/\/www.tuasaude.com\/news\/2026\/03\/07\/quando-e-recomendado-tomar-vitamina-e\/\" \/>\n<meta property=\"og:locale\" content=\"pt_BR\" \/>\n<meta property=\"og:type\" content=\"article\" \/>\n<meta property=\"og:title\" content=\"Quando \u00e9 recomendado tomar vitamina E? - Tua Sa\u00fade\" \/>\n<meta property=\"og:description\" content=\"Vitamina E protege as c\u00e9lulas, fortalece a imunidade e ajuda a pele. Saiba quando a alimenta\u00e7\u00e3o \u00e9 suficiente e em quais casos suplementar.\" \/>\n<meta property=\"og:url\" content=\"https:\/\/www.tuasaude.com\/news\/2026\/03\/07\/quando-e-recomendado-tomar-vitamina-e\/\" \/>\n<meta property=\"og:site_name\" content=\"Tua Sa\u00fade\" \/>\n<meta property=\"article:published_time\" content=\"2026-03-07T11:20:00+00:00\" \/>\n<meta property=\"og:image\" content=\"https:\/\/www.tuasaude.com\/news\/wp-content\/uploads\/2026\/03\/creation_2523180968.png\" \/>\n\t<meta property=\"og:image:width\" content=\"1280\" \/>\n\t<meta property=\"og:image:height\" content=\"714\" \/>\n\t<meta property=\"og:image:type\" content=\"image\/png\" \/>\n<meta name=\"author\" content=\"Gessika Julia Carvalho\" \/>\n<meta name=\"twitter:card\" content=\"summary_large_image\" \/>\n<meta name=\"twitter:label1\" content=\"Escrito por\" \/>\n\t<meta name=\"twitter:data1\" content=\"Gessika Julia Carvalho\" \/>\n\t<meta name=\"twitter:label2\" content=\"Est. tempo de leitura\" \/>\n\t<meta name=\"twitter:data2\" content=\"5 minutos\" \/>\n<!-- \/ Yoast SEO plugin. -->","yoast_head_json":{"title":"Quando \u00e9 recomendado tomar vitamina E? - Tua Sa\u00fade","description":"Vitamina E protege as c\u00e9lulas, fortalece a imunidade e ajuda a pele. Saiba quando a alimenta\u00e7\u00e3o \u00e9 suficiente e em quais casos suplementar.","robots":{"index":"index","follow":"follow","max-snippet":"max-snippet:-1","max-image-preview":"max-image-preview:large","max-video-preview":"max-video-preview:-1"},"canonical":"https:\/\/www.tuasaude.com\/news\/2026\/03\/07\/quando-e-recomendado-tomar-vitamina-e\/","og_locale":"pt_BR","og_type":"article","og_title":"Quando \u00e9 recomendado tomar vitamina E? - Tua Sa\u00fade","og_description":"Vitamina E protege as c\u00e9lulas, fortalece a imunidade e ajuda a pele. Saiba quando a alimenta\u00e7\u00e3o \u00e9 suficiente e em quais casos suplementar.","og_url":"https:\/\/www.tuasaude.com\/news\/2026\/03\/07\/quando-e-recomendado-tomar-vitamina-e\/","og_site_name":"Tua Sa\u00fade","article_published_time":"2026-03-07T11:20:00+00:00","og_image":[{"width":1280,"height":714,"url":"https:\/\/www.tuasaude.com\/news\/wp-content\/uploads\/2026\/03\/creation_2523180968.png","type":"image\/png"}],"author":"Gessika Julia Carvalho","twitter_card":"summary_large_image","twitter_misc":{"Escrito por":"Gessika Julia Carvalho","Est. tempo de leitura":"5 minutos"},"schema":{"@context":"https:\/\/schema.org","@graph":[{"@type":"Article","@id":"https:\/\/www.tuasaude.com\/news\/2026\/03\/07\/quando-e-recomendado-tomar-vitamina-e\/#article","isPartOf":{"@id":"https:\/\/www.tuasaude.com\/news\/2026\/03\/07\/quando-e-recomendado-tomar-vitamina-e\/"},"author":{"name":"Gessika Julia Carvalho","@id":"https:\/\/www.tuasaude.com\/news\/#\/schema\/person\/2e9df841be69ec84f5d20ddb8d273ac2"},"headline":"Quando \u00e9 recomendado tomar vitamina E?","datePublished":"2026-03-07T11:20:00+00:00","mainEntityOfPage":{"@id":"https:\/\/www.tuasaude.com\/news\/2026\/03\/07\/quando-e-recomendado-tomar-vitamina-e\/"},"wordCount":765,"commentCount":0,"image":{"@id":"https:\/\/www.tuasaude.com\/news\/2026\/03\/07\/quando-e-recomendado-tomar-vitamina-e\/#primaryimage"},"thumbnailUrl":"https:\/\/www.tuasaude.com\/news\/wp-content\/uploads\/2026\/03\/creation_2523180968.png","keywords":["bem-estar","benef\u00edcios vitamina E","sa\u00fade","vitamina E"],"articleSection":["Sa\u00fade"],"inLanguage":"pt-BR","potentialAction":[{"@type":"CommentAction","name":"Comment","target":["https:\/\/www.tuasaude.com\/news\/2026\/03\/07\/quando-e-recomendado-tomar-vitamina-e\/#respond"]}]},{"@type":"WebPage","@id":"https:\/\/www.tuasaude.com\/news\/2026\/03\/07\/quando-e-recomendado-tomar-vitamina-e\/","url":"https:\/\/www.tuasaude.com\/news\/2026\/03\/07\/quando-e-recomendado-tomar-vitamina-e\/","name":"Quando \u00e9 recomendado tomar vitamina E? - Tua Sa\u00fade","isPartOf":{"@id":"https:\/\/www.tuasaude.com\/news\/#website"},"primaryImageOfPage":{"@id":"https:\/\/www.tuasaude.com\/news\/2026\/03\/07\/quando-e-recomendado-tomar-vitamina-e\/#primaryimage"},"image":{"@id":"https:\/\/www.tuasaude.com\/news\/2026\/03\/07\/quando-e-recomendado-tomar-vitamina-e\/#primaryimage"},"thumbnailUrl":"https:\/\/www.tuasaude.com\/news\/wp-content\/uploads\/2026\/03\/creation_2523180968.png","datePublished":"2026-03-07T11:20:00+00:00","author":{"@id":"https:\/\/www.tuasaude.com\/news\/#\/schema\/person\/2e9df841be69ec84f5d20ddb8d273ac2"},"description":"Vitamina E protege as c\u00e9lulas, fortalece a imunidade e ajuda a pele. Saiba quando a alimenta\u00e7\u00e3o \u00e9 suficiente e em quais casos suplementar.","breadcrumb":{"@id":"https:\/\/www.tuasaude.com\/news\/2026\/03\/07\/quando-e-recomendado-tomar-vitamina-e\/#breadcrumb"},"inLanguage":"pt-BR","potentialAction":[{"@type":"ReadAction","target":["https:\/\/www.tuasaude.com\/news\/2026\/03\/07\/quando-e-recomendado-tomar-vitamina-e\/"]}]},{"@type":"ImageObject","inLanguage":"pt-BR","@id":"https:\/\/www.tuasaude.com\/news\/2026\/03\/07\/quando-e-recomendado-tomar-vitamina-e\/#primaryimage","url":"https:\/\/www.tuasaude.com\/news\/wp-content\/uploads\/2026\/03\/creation_2523180968.png","contentUrl":"https:\/\/www.tuasaude.com\/news\/wp-content\/uploads\/2026\/03\/creation_2523180968.png","width":1280,"height":714,"caption":"A vitamina E \u00e9 um antioxidante importante que ajuda a proteger as c\u00e9lulas e fortalecer o sistema imunol\u00f3gico."},{"@type":"BreadcrumbList","@id":"https:\/\/www.tuasaude.com\/news\/2026\/03\/07\/quando-e-recomendado-tomar-vitamina-e\/#breadcrumb","itemListElement":[{"@type":"ListItem","position":1,"name":"In\u00edcio","item":"https:\/\/www.tuasaude.com\/news\/"},{"@type":"ListItem","position":2,"name":"Quando \u00e9 recomendado tomar vitamina E?"}]},{"@type":"WebSite","@id":"https:\/\/www.tuasaude.com\/news\/#website","url":"https:\/\/www.tuasaude.com\/news\/","name":"Tua Sa\u00fade","description":"Seu site de sa\u00fade","potentialAction":[{"@type":"SearchAction","target":{"@type":"EntryPoint","urlTemplate":"https:\/\/www.tuasaude.com\/news\/?s={search_term_string}"},"query-input":{"@type":"PropertyValueSpecification","valueRequired":true,"valueName":"search_term_string"}}],"inLanguage":"pt-BR"},{"@type":"Person","@id":"https:\/\/www.tuasaude.com\/news\/#\/schema\/person\/2e9df841be69ec84f5d20ddb8d273ac2","name":"Gessika Julia Carvalho","image":{"@type":"ImageObject","inLanguage":"pt-BR","@id":"https:\/\/www.tuasaude.com\/news\/#\/schema\/person\/image\/","url":"https:\/\/secure.gravatar.com\/avatar\/0fcc8769024577fd0bc6a8b766055690f76a8e8f29dfb2a2f89cf04db8d0f2d2?s=96&d=mm&r=g","contentUrl":"https:\/\/secure.gravatar.com\/avatar\/0fcc8769024577fd0bc6a8b766055690f76a8e8f29dfb2a2f89cf04db8d0f2d2?s=96&d=mm&r=g","caption":"Gessika Julia Carvalho"},"sameAs":["https:\/\/www.tuasaude.com\/news\/"],"url":"https:\/\/www.tuasaude.com\/news\/author\/gessika-julia\/"}]}},"_links":{"self":[{"href":"https:\/\/www.tuasaude.com\/news\/wp-json\/wp\/v2\/posts\/6759","targetHints":{"allow":["GET"]}}],"collection":[{"href":"https:\/\/www.tuasaude.com\/news\/wp-json\/wp\/v2\/posts"}],"about":[{"href":"https:\/\/www.tuasaude.com\/news\/wp-json\/wp\/v2\/types\/post"}],"author":[{"embeddable":true,"href":"https:\/\/www.tuasaude.com\/news\/wp-json\/wp\/v2\/users\/11"}],"replies":[{"embeddable":true,"href":"https:\/\/www.tuasaude.com\/news\/wp-json\/wp\/v2\/comments?post=6759"}],"version-history":[{"count":2,"href":"https:\/\/www.tuasaude.com\/news\/wp-json\/wp\/v2\/posts\/6759\/revisions"}],"predecessor-version":[{"id":6990,"href":"https:\/\/www.tuasaude.com\/news\/wp-json\/wp\/v2\/posts\/6759\/revisions\/6990"}],"wp:featuredmedia":[{"embeddable":true,"href":"https:\/\/www.tuasaude.com\/news\/wp-json\/wp\/v2\/media\/6960"}],"wp:attachment":[{"href":"https:\/\/www.tuasaude.com\/news\/wp-json\/wp\/v2\/media?parent=6759"}],"wp:term":[{"taxonomy":"category","embeddable":true,"href":"https:\/\/www.tuasaude.com\/news\/wp-json\/wp\/v2\/categories?post=6759"},{"taxonomy":"post_tag","embeddable":true,"href":"https:\/\/www.tuasaude.com\/news\/wp-json\/wp\/v2\/tags?post=6759"}],"curies":[{"name":"wp","href":"https:\/\/api.w.org\/{rel}","templated":true}]}}