{"id":6709,"date":"2026-03-07T19:50:00","date_gmt":"2026-03-07T22:50:00","guid":{"rendered":"https:\/\/www.tuasaude.com\/news\/?p=6709"},"modified":"2026-03-07T11:52:52","modified_gmt":"2026-03-07T14:52:52","slug":"pessoas-que-consomem-muita-fibra-passam-mais-tempo-em-sono-profundo","status":"publish","type":"post","link":"https:\/\/www.tuasaude.com\/news\/2026\/03\/07\/pessoas-que-consomem-muita-fibra-passam-mais-tempo-em-sono-profundo\/","title":{"rendered":"Pessoas que consomem muita fibra passam mais tempo em sono profundo"},"content":{"rendered":"\n<p>O que voc\u00ea come durante o dia interfere diretamente na qualidade do sono \u00e0 noite e a ci\u00eancia tem demonstrado que a ingest\u00e3o de <strong><a href=\"https:\/\/www.tuasaude.com\/alimentos-ricos-em-fibras\/\" target=\"_blank\" rel=\"noreferrer noopener\">fibras<\/a><\/strong> alimentares \u00e9 um dos fatores diet\u00e9ticos com maior influ\u00eancia sobre as fases mais restauradoras do descanso. Quem consome mais fibras adormece mais facilmente, acorda menos vezes e passa mais tempo nas <strong><a href=\"https:\/\/www.tuasaude.com\/fases-do-sono\/\" target=\"_blank\" rel=\"noreferrer noopener\">etapas<\/a><\/strong> profundas do sono, que s\u00e3o justamente as respons\u00e1veis pela recupera\u00e7\u00e3o f\u00edsica e mental do organismo. Entender por que isso acontece pode transformar tanto a sua dieta quanto as suas noites.<\/p>\n\n\n\n<h2 class=\"wp-block-heading\">O que o estudo com dados populacionais revela sobre fibras e sono?<\/h2>\n\n\n\n<p>A rela\u00e7\u00e3o entre consumo de fibras e qualidade do sono foi investigada em larga escala por pesquisadores chineses. Segundo o estudo\u00a0<a href=\"https:\/\/pmc.ncbi.nlm.nih.gov\/articles\/PMC11538121\/\" target=\"_blank\" rel=\"noreferrer noopener\"><em>Associa\u00e7\u00e3o entre a ingest\u00e3o de fibras alimentares e dist\u00farbios do sono: com base no banco de dados NHANES<\/em><\/a>, publicado na revista\u00a0<em>Brain and Behavior<\/em>\u00a0(PMC\/PubMed) em novembro de 2024, os dados de tr\u00eas ciclos consecutivos do NHANES, a maior pesquisa de sa\u00fade e nutri\u00e7\u00e3o dos Estados Unidos, cobrindo o per\u00edodo de 2009 a 2014, foram analisados para examinar a associa\u00e7\u00e3o entre ingest\u00e3o de fibras diet\u00e9ticas e dist\u00farbios do sono. Os resultados confirmaram que maiores n\u00edveis de consumo de fibras est\u00e3o associados a menor incid\u00eancia de dist\u00farbios do sono, com efeito ainda mais expressivo em pessoas fisicamente ativas. O estudo tamb\u00e9m apontou que \u00e1cidos graxos de cadeia curta, produzidos pelas bact\u00e9rias intestinais ao fermentar as fibras, t\u00eam papel central nessa rela\u00e7\u00e3o, influenciando a dura\u00e7\u00e3o e a qualidade do sono.<\/p>\n\n\n\n<h2 class=\"wp-block-heading\">Como a fibra alimentar age no organismo para melhorar o sono?<\/h2>\n\n\n\n<p>O caminho entre comer fibras e dormir melhor passa pelo intestino. Quando as bact\u00e9rias ben\u00e9ficas do microbioma fermentam as fibras, produzem subst\u00e2ncias chamadas \u00e1cidos graxos de cadeia curta, como o butirato, que t\u00eam efeito anti-inflamat\u00f3rio, fortalecem a barreira intestinal e modulam o sistema nervoso de forma favor\u00e1vel ao sono. Al\u00e9m disso, esse processo estimula a produ\u00e7\u00e3o de serotonina, que \u00e9 o precursor da <strong><a href=\"https:\/\/www.tuasaude.com\/melatonina\/\" target=\"_blank\" rel=\"noreferrer noopener\">melatonina<\/a><\/strong>, o horm\u00f4nio que regula os ciclos de sono e vig\u00edlia.<\/p>\n\n\n\n<p>Uma alimenta\u00e7\u00e3o rica em alimentos de origem vegetal potencializa a produ\u00e7\u00e3o desses metab\u00f3litos reguladores do sono e que mais de 90% da <strong><a href=\"https:\/\/www.tuasaude.com\/serotonina\/\" target=\"_blank\" rel=\"noreferrer noopener\">serotonina<\/a><\/strong> do corpo \u00e9 sintetizada no intestino, com participa\u00e7\u00e3o direta das bact\u00e9rias intestinais nesse processo.<\/p>\n\n\n<div class=\"wp-block-image\">\n<figure class=\"aligncenter size-large\"><img decoding=\"async\" width=\"1024\" height=\"571\" src=\"https:\/\/www.tuasaude.com\/news\/wp-content\/uploads\/2026\/03\/creation_2522394767-1024x571.png\" alt=\"Pessoas que consomem muita fibra passam mais tempo em sono profundo\" class=\"wp-image-6901\" srcset=\"https:\/\/www.tuasaude.com\/news\/wp-content\/uploads\/2026\/03\/creation_2522394767-1024x571.png 1024w, https:\/\/www.tuasaude.com\/news\/wp-content\/uploads\/2026\/03\/creation_2522394767-300x167.png 300w, https:\/\/www.tuasaude.com\/news\/wp-content\/uploads\/2026\/03\/creation_2522394767-768x428.png 768w, https:\/\/www.tuasaude.com\/news\/wp-content\/uploads\/2026\/03\/creation_2522394767-750x418.png 750w, https:\/\/www.tuasaude.com\/news\/wp-content\/uploads\/2026\/03\/creation_2522394767-1140x636.png 1140w, https:\/\/www.tuasaude.com\/news\/wp-content\/uploads\/2026\/03\/creation_2522394767.png 1280w\" sizes=\"(max-width: 1024px) 100vw, 1024px\" \/><figcaption class=\"wp-element-caption\">Consumir mais fibras na alimenta\u00e7\u00e3o est\u00e1 associado a melhor qualidade do sono e menos despertares noturnos.<\/figcaption><\/figure>\n<\/div>\n\n\n<h2 class=\"wp-block-heading\">Quais alimentos ricos em fibras s\u00e3o mais indicados para melhorar o sono<\/h2>\n\n\n\n<p>Nem toda fibra age da mesma forma no intestino, mas diversificar as fontes \u00e9 a estrat\u00e9gia mais eficaz para alimentar bem o microbioma e, por consequ\u00eancia, melhorar o sono. Os alimentos com maior potencial prebi\u00f3tico, ou seja, que alimentam as bact\u00e9rias ben\u00e9ficas respons\u00e1veis pela produ\u00e7\u00e3o dos metab\u00f3litos do sono s\u00e3o:<\/p>\n\n\n\n<ul class=\"wp-block-list\"><\/ul>\n\n\n\n<div style=\"max-width:950px;margin:auto;font-family:Arial,Helvetica,sans-serif;border:1px solid #e4e4e4;border-radius:10px;overflow:hidden;box-shadow:0 3px 10px rgba(0,0,0,0.08);\">\n\n<table style=\"width:100%;border-collapse:collapse;\">\n\n<thead>\n<tr style=\"background:#2e7d32;color:#fff;\">\n<th style=\"padding:12px;font-size:18px;text-align:left;\">Alimentos que favorecem a sa\u00fade intestinal e o sono<\/th>\n<th style=\"padding:12px;text-align:center;\">Imagem<\/th>\n<\/tr>\n<\/thead>\n\n<tbody>\n\n<tr style=\"background:#f4fbf6;\">\n<td style=\"padding:12px;font-size:14px;\">\n<strong>Aveia<\/strong><br>\nRica em betaglucanas, fibras sol\u00faveis com a\u00e7\u00e3o prebi\u00f3tica que ajudam a estabilizar a glicose sangu\u00ednea durante a noite.\n<\/td>\n<td style=\"padding:10px;text-align:center;\">\n<img decoding=\"async\" src=\"https:\/\/upload.wikimedia.org\/wikipedia\/commons\/0\/06\/Oatmeal.jpg\" style=\"width:90px;border-radius:8px;\">\n<\/td>\n<\/tr>\n\n<tr>\n<td style=\"padding:12px;font-size:14px;\">\n<strong>Leguminosas<\/strong><br>\nFeij\u00e3o, lentilha e gr\u00e3o-de-bico s\u00e3o fontes de fibras ferment\u00e1veis que estimulam a produ\u00e7\u00e3o de butirato pelas bact\u00e9rias intestinais.\n<\/td>\n<td style=\"padding:10px;text-align:center;\">\n<img decoding=\"async\" src=\"https:\/\/upload.wikimedia.org\/wikipedia\/commons\/6\/6c\/Lentils.jpg\" style=\"width:90px;border-radius:8px;\">\n<\/td>\n<\/tr>\n\n<tr style=\"background:#f4fbf6;\">\n<td style=\"padding:12px;font-size:14px;\">\n<strong>Banana levemente verde<\/strong><br>\nCont\u00e9m amido resistente, que chega ao intestino grosso e alimenta bact\u00e9rias produtoras de \u00e1cidos graxos ben\u00e9ficos.\n<\/td>\n<td style=\"padding:10px;text-align:center;\">\n<img decoding=\"async\" src=\"https:\/\/upload.wikimedia.org\/wikipedia\/commons\/8\/8a\/Banana-Single.jpg\" style=\"width:90px;border-radius:8px;\">\n<\/td>\n<\/tr>\n\n<tr>\n<td style=\"padding:12px;font-size:14px;\">\n<strong>Vegetais folhosos e cruc\u00edferos<\/strong><br>\nBr\u00f3colis, couve e espinafre fornecem fibras e compostos bioativos que ajudam a diversificar o microbioma intestinal.\n<\/td>\n<td style=\"padding:10px;text-align:center;\">\n<img decoding=\"async\" src=\"https:\/\/upload.wikimedia.org\/wikipedia\/commons\/0\/03\/Broccoli_and_cross_section_edit.jpg\" style=\"width:90px;border-radius:8px;\">\n<\/td>\n<\/tr>\n\n<tr style=\"background:#f4fbf6;\">\n<td style=\"padding:12px;font-size:14px;\">\n<strong>Cereais integrais<\/strong><br>\nArroz integral, quinoa e trigo integral aumentam a diversidade bacteriana intestinal, associada a melhor qualidade de sono.\n<\/td>\n<td style=\"padding:10px;text-align:center;\">\n<img decoding=\"async\" src=\"https:\/\/upload.wikimedia.org\/wikipedia\/commons\/6\/6f\/Quinoa.jpg\" style=\"width:90px;border-radius:8px;\">\n<\/td>\n<\/tr>\n\n<tr>\n<td style=\"padding:12px;font-size:14px;\">\n<strong>Frutas vermelhas e ma\u00e7\u00e3 com casca<\/strong><br>\nRicas em pectina, fibra sol\u00favel que favorece o crescimento de bact\u00e9rias intestinais ligadas \u00e0 produ\u00e7\u00e3o de serotonina.\n<\/td>\n<td style=\"padding:10px;text-align:center;\">\n<img decoding=\"async\" src=\"https:\/\/upload.wikimedia.org\/wikipedia\/commons\/1\/15\/Red_Apple.jpg\" style=\"width:90px;border-radius:8px;\">\n<\/td>\n<\/tr>\n\n<\/tbody>\n\n<\/table>\n<\/div>\n\n\n\n<h2 class=\"wp-block-heading\">O que acontece com o sono de quem come pouca fibra?<\/h2>\n\n\n\n<p>Dietas pobres em fibras e ricas em alimentos ultraprocessados est\u00e3o associadas a um microbioma menos diversificado, menor produ\u00e7\u00e3o de \u00e1cidos graxos de cadeia curta e, consequentemente, sono mais fragmentado, com menos tempo nas fases profundas. O efeito \u00e9 bidirecional: dormir mal tamb\u00e9m altera negativamente o microbioma intestinal, criando um ciclo dif\u00edcil de interromper sem mudan\u00e7as na alimenta\u00e7\u00e3o.<\/p>\n\n\n\n<h2 class=\"wp-block-heading\">Quanto de fibra \u00e9 necess\u00e1rio e como incluir mais na rotina?<\/h2>\n\n\n\n<p>A recomenda\u00e7\u00e3o di\u00e1ria de fibras para adultos \u00e9 de 25 g para mulheres e 38 g para homens, segundo a Organiza\u00e7\u00e3o Mundial da Sa\u00fade, mas a m\u00e9dia de consumo em pa\u00edses ocidentais fica bem abaixo disso. Aumentar a ingest\u00e3o gradualmente, priorizando alimentos integrais no lugar dos refinados e incluindo pelo menos uma por\u00e7\u00e3o de leguminosas por dia, j\u00e1 representa uma mudan\u00e7a significativa para o microbioma e, por extens\u00e3o, para a qualidade do sono. <\/p>\n\n\n\n<p>Beber \u00e1gua suficiente ao longo do dia \u00e9 fundamental para que as fibras cumpram sua fun\u00e7\u00e3o no intestino sem causar desconforto. Antes de fazer mudan\u00e7as importantes na alimenta\u00e7\u00e3o ou iniciar qualquer suplementa\u00e7\u00e3o de fibras, especialmente em casos de problemas digestivos, s\u00edndrome do intestino irrit\u00e1vel ou uso de medicamentos, o acompanhamento de um m\u00e9dico ou nutricionista \u00e9 indispens\u00e1vel.<\/p>\n","protected":false},"excerpt":{"rendered":"<p>O que voc\u00ea come durante o dia interfere diretamente na qualidade do sono \u00e0 noite e a ci\u00eancia tem demonstrado que a ingest\u00e3o de fibras alimentares \u00e9 um dos fatores diet\u00e9ticos com maior influ\u00eancia sobre as fases mais restauradoras do descanso. Quem consome mais fibras adormece mais facilmente, acorda menos vezes e passa mais tempo [&hellip;]<\/p>\n","protected":false},"author":9,"featured_media":6900,"comment_status":"open","ping_status":"open","sticky":false,"template":"","format":"standard","meta":{"_yoast_wpseo_focuskw":"fibras","_yoast_wpseo_title":"","_yoast_wpseo_metadesc":"Alimentos ricos em fibras ajudam o microbioma intestinal e podem contribuir para noites de sono mais profundas.","jnews-multi-image_gallery":[],"jnews_single_post":{"format":"standard"},"jnews_primary_category":[],"jnews_social_meta":[],"jnews_override_counter":[],"footnotes":""},"categories":[111],"tags":[1890,1889,1892,1891],"class_list":["post-6709","post","type-post","status-publish","format-standard","has-post-thumbnail","hentry","category-saude","tag-alimentacao-e-qualidade-do-sono","tag-fibras-alimentares-e-sono","tag-fibras-e-sono-profundo","tag-fibras-prebioticas"],"yoast_head":"<!-- This site is optimized with the Yoast SEO plugin v26.7 - https:\/\/yoast.com\/wordpress\/plugins\/seo\/ -->\n<title>Pessoas que consomem muita fibra passam mais tempo em sono profundo - Tua Sa\u00fade<\/title>\n<meta name=\"description\" content=\"Alimentos ricos em fibras ajudam o microbioma intestinal e podem contribuir para noites de sono mais profundas.\" \/>\n<meta name=\"robots\" content=\"index, follow, max-snippet:-1, max-image-preview:large, max-video-preview:-1\" \/>\n<link rel=\"canonical\" href=\"https:\/\/www.tuasaude.com\/news\/2026\/03\/07\/pessoas-que-consomem-muita-fibra-passam-mais-tempo-em-sono-profundo\/\" \/>\n<meta property=\"og:locale\" content=\"pt_BR\" \/>\n<meta property=\"og:type\" content=\"article\" \/>\n<meta property=\"og:title\" content=\"Pessoas que consomem muita fibra passam mais tempo em sono profundo - Tua Sa\u00fade\" \/>\n<meta property=\"og:description\" content=\"Alimentos ricos em fibras ajudam o microbioma intestinal e podem contribuir para noites de sono mais profundas.\" \/>\n<meta property=\"og:url\" content=\"https:\/\/www.tuasaude.com\/news\/2026\/03\/07\/pessoas-que-consomem-muita-fibra-passam-mais-tempo-em-sono-profundo\/\" \/>\n<meta property=\"og:site_name\" content=\"Tua Sa\u00fade\" \/>\n<meta property=\"article:published_time\" content=\"2026-03-07T22:50:00+00:00\" \/>\n<meta property=\"og:image\" content=\"https:\/\/www.tuasaude.com\/news\/wp-content\/uploads\/2026\/03\/creation_2522394382.png\" \/>\n\t<meta property=\"og:image:width\" content=\"1280\" \/>\n\t<meta property=\"og:image:height\" content=\"714\" \/>\n\t<meta property=\"og:image:type\" content=\"image\/png\" \/>\n<meta name=\"author\" content=\"Roberta Patriota\" \/>\n<meta name=\"twitter:card\" content=\"summary_large_image\" \/>\n<meta name=\"twitter:label1\" content=\"Escrito por\" \/>\n\t<meta name=\"twitter:data1\" content=\"Roberta Patriota\" \/>\n\t<meta name=\"twitter:label2\" content=\"Est. tempo de leitura\" \/>\n\t<meta name=\"twitter:data2\" content=\"6 minutos\" \/>\n<!-- \/ Yoast SEO plugin. -->","yoast_head_json":{"title":"Pessoas que consomem muita fibra passam mais tempo em sono profundo - Tua Sa\u00fade","description":"Alimentos ricos em fibras ajudam o microbioma intestinal e podem contribuir para noites de sono mais profundas.","robots":{"index":"index","follow":"follow","max-snippet":"max-snippet:-1","max-image-preview":"max-image-preview:large","max-video-preview":"max-video-preview:-1"},"canonical":"https:\/\/www.tuasaude.com\/news\/2026\/03\/07\/pessoas-que-consomem-muita-fibra-passam-mais-tempo-em-sono-profundo\/","og_locale":"pt_BR","og_type":"article","og_title":"Pessoas que consomem muita fibra passam mais tempo em sono profundo - Tua Sa\u00fade","og_description":"Alimentos ricos em fibras ajudam o microbioma intestinal e podem contribuir para noites de sono mais profundas.","og_url":"https:\/\/www.tuasaude.com\/news\/2026\/03\/07\/pessoas-que-consomem-muita-fibra-passam-mais-tempo-em-sono-profundo\/","og_site_name":"Tua Sa\u00fade","article_published_time":"2026-03-07T22:50:00+00:00","og_image":[{"width":1280,"height":714,"url":"https:\/\/www.tuasaude.com\/news\/wp-content\/uploads\/2026\/03\/creation_2522394382.png","type":"image\/png"}],"author":"Roberta Patriota","twitter_card":"summary_large_image","twitter_misc":{"Escrito por":"Roberta Patriota","Est. tempo de leitura":"6 minutos"},"schema":{"@context":"https:\/\/schema.org","@graph":[{"@type":"Article","@id":"https:\/\/www.tuasaude.com\/news\/2026\/03\/07\/pessoas-que-consomem-muita-fibra-passam-mais-tempo-em-sono-profundo\/#article","isPartOf":{"@id":"https:\/\/www.tuasaude.com\/news\/2026\/03\/07\/pessoas-que-consomem-muita-fibra-passam-mais-tempo-em-sono-profundo\/"},"author":{"name":"Roberta Patriota","@id":"https:\/\/www.tuasaude.com\/news\/#\/schema\/person\/27adc41011393316b12ef997ca893e44"},"headline":"Pessoas que consomem muita fibra passam mais tempo em sono profundo","datePublished":"2026-03-07T22:50:00+00:00","mainEntityOfPage":{"@id":"https:\/\/www.tuasaude.com\/news\/2026\/03\/07\/pessoas-que-consomem-muita-fibra-passam-mais-tempo-em-sono-profundo\/"},"wordCount":880,"commentCount":0,"image":{"@id":"https:\/\/www.tuasaude.com\/news\/2026\/03\/07\/pessoas-que-consomem-muita-fibra-passam-mais-tempo-em-sono-profundo\/#primaryimage"},"thumbnailUrl":"https:\/\/www.tuasaude.com\/news\/wp-content\/uploads\/2026\/03\/creation_2522394382.png","keywords":["alimenta\u00e7\u00e3o e qualidade do sono","fibras alimentares e sono","fibras e sono profundo","fibras prebi\u00f3ticas"],"articleSection":["Sa\u00fade"],"inLanguage":"pt-BR","potentialAction":[{"@type":"CommentAction","name":"Comment","target":["https:\/\/www.tuasaude.com\/news\/2026\/03\/07\/pessoas-que-consomem-muita-fibra-passam-mais-tempo-em-sono-profundo\/#respond"]}]},{"@type":"WebPage","@id":"https:\/\/www.tuasaude.com\/news\/2026\/03\/07\/pessoas-que-consomem-muita-fibra-passam-mais-tempo-em-sono-profundo\/","url":"https:\/\/www.tuasaude.com\/news\/2026\/03\/07\/pessoas-que-consomem-muita-fibra-passam-mais-tempo-em-sono-profundo\/","name":"Pessoas que consomem muita fibra passam mais tempo em sono profundo - Tua Sa\u00fade","isPartOf":{"@id":"https:\/\/www.tuasaude.com\/news\/#website"},"primaryImageOfPage":{"@id":"https:\/\/www.tuasaude.com\/news\/2026\/03\/07\/pessoas-que-consomem-muita-fibra-passam-mais-tempo-em-sono-profundo\/#primaryimage"},"image":{"@id":"https:\/\/www.tuasaude.com\/news\/2026\/03\/07\/pessoas-que-consomem-muita-fibra-passam-mais-tempo-em-sono-profundo\/#primaryimage"},"thumbnailUrl":"https:\/\/www.tuasaude.com\/news\/wp-content\/uploads\/2026\/03\/creation_2522394382.png","datePublished":"2026-03-07T22:50:00+00:00","author":{"@id":"https:\/\/www.tuasaude.com\/news\/#\/schema\/person\/27adc41011393316b12ef997ca893e44"},"description":"Alimentos ricos em fibras ajudam o microbioma intestinal e podem contribuir para noites de sono mais profundas.","breadcrumb":{"@id":"https:\/\/www.tuasaude.com\/news\/2026\/03\/07\/pessoas-que-consomem-muita-fibra-passam-mais-tempo-em-sono-profundo\/#breadcrumb"},"inLanguage":"pt-BR","potentialAction":[{"@type":"ReadAction","target":["https:\/\/www.tuasaude.com\/news\/2026\/03\/07\/pessoas-que-consomem-muita-fibra-passam-mais-tempo-em-sono-profundo\/"]}]},{"@type":"ImageObject","inLanguage":"pt-BR","@id":"https:\/\/www.tuasaude.com\/news\/2026\/03\/07\/pessoas-que-consomem-muita-fibra-passam-mais-tempo-em-sono-profundo\/#primaryimage","url":"https:\/\/www.tuasaude.com\/news\/wp-content\/uploads\/2026\/03\/creation_2522394382.png","contentUrl":"https:\/\/www.tuasaude.com\/news\/wp-content\/uploads\/2026\/03\/creation_2522394382.png","width":1280,"height":714,"caption":"Alimentos como aveia, leguminosas e frutas ricas em fibra podem ajudar a melhorar o sono naturalmente."},{"@type":"BreadcrumbList","@id":"https:\/\/www.tuasaude.com\/news\/2026\/03\/07\/pessoas-que-consomem-muita-fibra-passam-mais-tempo-em-sono-profundo\/#breadcrumb","itemListElement":[{"@type":"ListItem","position":1,"name":"In\u00edcio","item":"https:\/\/www.tuasaude.com\/news\/"},{"@type":"ListItem","position":2,"name":"Pessoas que consomem muita fibra passam mais tempo em sono profundo"}]},{"@type":"WebSite","@id":"https:\/\/www.tuasaude.com\/news\/#website","url":"https:\/\/www.tuasaude.com\/news\/","name":"Tua Sa\u00fade","description":"Seu site de sa\u00fade","potentialAction":[{"@type":"SearchAction","target":{"@type":"EntryPoint","urlTemplate":"https:\/\/www.tuasaude.com\/news\/?s={search_term_string}"},"query-input":{"@type":"PropertyValueSpecification","valueRequired":true,"valueName":"search_term_string"}}],"inLanguage":"pt-BR"},{"@type":"Person","@id":"https:\/\/www.tuasaude.com\/news\/#\/schema\/person\/27adc41011393316b12ef997ca893e44","name":"Roberta Patriota","image":{"@type":"ImageObject","inLanguage":"pt-BR","@id":"https:\/\/www.tuasaude.com\/news\/#\/schema\/person\/image\/","url":"https:\/\/secure.gravatar.com\/avatar\/40fc934d21bfa38a60909bb2e5f2ec503dcd4d849aa772e107feb32efe75c210?s=96&d=mm&r=g","contentUrl":"https:\/\/secure.gravatar.com\/avatar\/40fc934d21bfa38a60909bb2e5f2ec503dcd4d849aa772e107feb32efe75c210?s=96&d=mm&r=g","caption":"Roberta Patriota"},"sameAs":["https:\/\/www.tuasaude.com\/news\/"],"url":"https:\/\/www.tuasaude.com\/news\/author\/roberta-patriota\/"}]}},"_links":{"self":[{"href":"https:\/\/www.tuasaude.com\/news\/wp-json\/wp\/v2\/posts\/6709","targetHints":{"allow":["GET"]}}],"collection":[{"href":"https:\/\/www.tuasaude.com\/news\/wp-json\/wp\/v2\/posts"}],"about":[{"href":"https:\/\/www.tuasaude.com\/news\/wp-json\/wp\/v2\/types\/post"}],"author":[{"embeddable":true,"href":"https:\/\/www.tuasaude.com\/news\/wp-json\/wp\/v2\/users\/9"}],"replies":[{"embeddable":true,"href":"https:\/\/www.tuasaude.com\/news\/wp-json\/wp\/v2\/comments?post=6709"}],"version-history":[{"count":3,"href":"https:\/\/www.tuasaude.com\/news\/wp-json\/wp\/v2\/posts\/6709\/revisions"}],"predecessor-version":[{"id":7033,"href":"https:\/\/www.tuasaude.com\/news\/wp-json\/wp\/v2\/posts\/6709\/revisions\/7033"}],"wp:featuredmedia":[{"embeddable":true,"href":"https:\/\/www.tuasaude.com\/news\/wp-json\/wp\/v2\/media\/6900"}],"wp:attachment":[{"href":"https:\/\/www.tuasaude.com\/news\/wp-json\/wp\/v2\/media?parent=6709"}],"wp:term":[{"taxonomy":"category","embeddable":true,"href":"https:\/\/www.tuasaude.com\/news\/wp-json\/wp\/v2\/categories?post=6709"},{"taxonomy":"post_tag","embeddable":true,"href":"https:\/\/www.tuasaude.com\/news\/wp-json\/wp\/v2\/tags?post=6709"}],"curies":[{"name":"wp","href":"https:\/\/api.w.org\/{rel}","templated":true}]}}