{"id":6704,"date":"2026-03-07T18:20:00","date_gmt":"2026-03-07T21:20:00","guid":{"rendered":"https:\/\/www.tuasaude.com\/news\/?p=6704"},"modified":"2026-03-07T11:43:23","modified_gmt":"2026-03-07T14:43:23","slug":"o-mineral-que-estimula-o-colageno-deixa-a-pele-radiante-e-fortalece-cabelos-unhas-e-dentes","status":"publish","type":"post","link":"https:\/\/www.tuasaude.com\/news\/2026\/03\/07\/o-mineral-que-estimula-o-colageno-deixa-a-pele-radiante-e-fortalece-cabelos-unhas-e-dentes\/","title":{"rendered":"O mineral que estimula o col\u00e1geno deixa a pele radiante e fortalece cabelos unhas e dentes"},"content":{"rendered":"\n<p>Existe um mineral presente no pr\u00f3prio corpo humano que participa diretamente da produ\u00e7\u00e3o de <strong><a href=\"https:\/\/www.tuasaude.com\/colageno\/\">col\u00e1geno<\/a><\/strong>, melhora a firmeza da pele, reduz a queda e a fragilidade dos cabelos, fortalece as unhas e contribui para a sa\u00fade dos dentes e dos ossos, mas que raramente aparece nas listas de suplementos mais conhecidos. Ele se chama\u00a0<strong><a href=\"https:\/\/www.tuasaude.com\/rejuvenescer-com-silicio-organico\/\" target=\"_blank\" rel=\"noreferrer noopener\">sil\u00edcio<\/a><\/strong>, e a ci\u00eancia tem acumulado evid\u00eancias crescentes sobre seu papel estrutural no organismo. Entender como ele age pode mudar a forma como voc\u00ea cuida da sua pele e do seu corpo de dentro para fora.<\/p>\n\n\n\n<h2 class=\"wp-block-heading\">O que \u00e9 o sil\u00edcio e por que ele \u00e9 essencial para o organismo?<\/h2>\n\n\n\n<p>O sil\u00edcio \u00e9 o terceiro oligoelemento mais abundante no corpo humano e se concentra justamente nos tecidos que mais dependem de col\u00e1geno: pele, cabelos, unhas, ossos, art\u00e9rias e cartilagens. Ele atua como um cofator essencial nas <strong><a href=\"https:\/\/www.tuasaude.com\/enzimas-digestivas\/\" target=\"_blank\" rel=\"noreferrer noopener\">enzimas<\/a><\/strong> respons\u00e1veis pela s\u00edntese do col\u00e1geno, sem sil\u00edcio em quantidade suficiente, a produ\u00e7\u00e3o dessa prote\u00edna estrutural fica comprometida, o que acelera o envelhecimento dos tecidos e enfraquece as estruturas de suporte do organismo.<\/p>\n\n\n\n<p>Com o passar dos anos, os n\u00edveis de sil\u00edcio no organismo caem progressivamente, o que coincide com o per\u00edodo em que surgem os primeiros sinais vis\u00edveis de envelhecimento: perda de elasticidade da pele, queda de cabelo, <strong><a href=\"https:\/\/www.tuasaude.com\/unhas-fracas\/\" target=\"_blank\" rel=\"noreferrer noopener\">unhas quebradi\u00e7as<\/a><\/strong> e redu\u00e7\u00e3o da densidade \u00f3ssea. Essa rela\u00e7\u00e3o n\u00e3o \u00e9 coincid\u00eancia, \u00e9 fisiol\u00f3gica.<\/p>\n\n\n<div class=\"wp-block-image\">\n<figure class=\"aligncenter size-large\"><img decoding=\"async\" width=\"1024\" height=\"571\" src=\"https:\/\/www.tuasaude.com\/news\/wp-content\/uploads\/2026\/03\/creation_2522398731-1024x571.png\" alt=\"O mineral que estimula o col\u00e1geno deixa a pele radiante e fortalece cabelos unhas e dentes\" class=\"wp-image-6877\" srcset=\"https:\/\/www.tuasaude.com\/news\/wp-content\/uploads\/2026\/03\/creation_2522398731-1024x571.png 1024w, https:\/\/www.tuasaude.com\/news\/wp-content\/uploads\/2026\/03\/creation_2522398731-300x167.png 300w, https:\/\/www.tuasaude.com\/news\/wp-content\/uploads\/2026\/03\/creation_2522398731-768x428.png 768w, https:\/\/www.tuasaude.com\/news\/wp-content\/uploads\/2026\/03\/creation_2522398731-750x418.png 750w, https:\/\/www.tuasaude.com\/news\/wp-content\/uploads\/2026\/03\/creation_2522398731-1140x636.png 1140w, https:\/\/www.tuasaude.com\/news\/wp-content\/uploads\/2026\/03\/creation_2522398731.png 1280w\" sizes=\"(max-width: 1024px) 100vw, 1024px\" \/><figcaption class=\"wp-element-caption\">O sil\u00edcio \u00e9 um mineral que participa da produ\u00e7\u00e3o de col\u00e1geno e contribui para a firmeza da pele.<\/figcaption><\/figure>\n<\/div>\n\n\n<h2 class=\"wp-block-heading\">O que a revis\u00e3o cient\u00edfica confirma sobre sil\u00edcio e col\u00e1geno<\/h2>\n\n\n\n<p>Os benef\u00edcios do sil\u00edcio para a sa\u00fade da pele e dos seus anexos est\u00e3o bem documentados na literatura cient\u00edfica. Segundo a revis\u00e3o\u00a0<a href=\"https:\/\/pmc.ncbi.nlm.nih.gov\/articles\/PMC4938278\/\" target=\"_blank\" rel=\"noreferrer noopener\"><strong>Utiliza\u00e7\u00e3o do sil\u00edcio para cuidados com a pele e o cabelo: uma abordagem das formas qu\u00edmicas dispon\u00edveis e sua efic\u00e1cia\u00a0<\/strong><\/a>, publicada nos\u00a0<strong>Anais Brasileiros de Dermatologia\u00a0<\/strong>(PMC\/PubMed) em 2016, concentra\u00e7\u00f5es fisiol\u00f3gicas de \u00e1cido ortosil\u00edcico, a forma biologicamente ativa do mineral, estimulam diretamente os fibroblastos da pele a secretar col\u00e1geno tipo I, o principal respons\u00e1vel pela firmeza e estrutura cut\u00e2nea. A revis\u00e3o tamb\u00e9m aponta que maiores concentra\u00e7\u00f5es de sil\u00edcio na fibra capilar resultam em menor taxa de queda e maior brilho dos fios, e que o mineral \u00e9 o componente predominante na composi\u00e7\u00e3o das unhas.<\/p>\n\n\n\n<h2 class=\"wp-block-heading\">Os principais benef\u00edcios para pele cabelos e unhas<\/h2>\n\n\n\n<p>Os efeitos do sil\u00edcio se distribuem por diversas estruturas do corpo, tornando-o um mineral de a\u00e7\u00e3o ampla para quem busca sa\u00fade e beleza a partir de dentro. Os benef\u00edcios mais respaldados pela ci\u00eancia s\u00e3o:<\/p>\n\n\n\n<div style=\"max-width:950px;margin:auto;font-family:Arial,Helvetica,sans-serif;border:1px solid #e4e4e4;border-radius:10px;overflow:hidden;box-shadow:0 3px 10px rgba(0,0,0,0.08);\">\n\n<table style=\"width:100%;border-collapse:collapse;\">\n\n<thead>\n<tr style=\"background:#6a1b9a;color:#fff;\">\n<th style=\"padding:12px;font-size:18px;text-align:left;\">Benef\u00edcios do sil\u00edcio para o organismo<\/th>\n<th style=\"padding:12px;text-align:center;\">Imagem<\/th>\n<\/tr>\n<\/thead>\n\n<tbody>\n\n<tr style=\"background:#faf5ff;\">\n<td style=\"padding:12px;font-size:14px;\">\n<strong>Pele mais firme e el\u00e1stica<\/strong><br>\nO sil\u00edcio participa da estabiliza\u00e7\u00e3o das fibras de col\u00e1geno, ajudando a melhorar a elasticidade da pele e reduzir a profundidade das rugas.\n<\/td>\n<td style=\"padding:10px;text-align:center;\">\n<img decoding=\"async\" src=\"https:\/\/upload.wikimedia.org\/wikipedia\/commons\/3\/3c\/Healthy_skin.jpg\" style=\"width:90px;border-radius:8px;\">\n<\/td>\n<\/tr>\n\n<tr>\n<td style=\"padding:12px;font-size:14px;\">\n<strong>Redu\u00e7\u00e3o da queda capilar<\/strong><br>\nA presen\u00e7a do mineral na fibra capilar est\u00e1 associada a fios mais resistentes, brilhantes e com menor tend\u00eancia \u00e0 queda.\n<\/td>\n<td style=\"padding:10px;text-align:center;\">\n<img decoding=\"async\" src=\"https:\/\/upload.wikimedia.org\/wikipedia\/commons\/4\/4e\/Healthy_hair.jpg\" style=\"width:90px;border-radius:8px;\">\n<\/td>\n<\/tr>\n\n<tr style=\"background:#faf5ff;\">\n<td style=\"padding:12px;font-size:14px;\">\n<strong>Unhas mais fortes<\/strong><br>\nO sil\u00edcio \u00e9 um mineral importante na composi\u00e7\u00e3o das unhas, ajudando a reduzir fragilidade, descama\u00e7\u00e3o e quebras frequentes.\n<\/td>\n<td style=\"padding:10px;text-align:center;\">\n<img decoding=\"async\" src=\"https:\/\/upload.wikimedia.org\/wikipedia\/commons\/6\/6a\/Fingernails.jpg\" style=\"width:90px;border-radius:8px;\">\n<\/td>\n<\/tr>\n\n<tr>\n<td style=\"padding:12px;font-size:14px;\">\n<strong>Fortalecimento de dentes e ossos<\/strong><br>\nParticipa da mineraliza\u00e7\u00e3o \u00f3ssea e do esmalte dent\u00e1rio, contribuindo para maior densidade e resist\u00eancia dessas estruturas.\n<\/td>\n<td style=\"padding:10px;text-align:center;\">\n<img decoding=\"async\" src=\"https:\/\/upload.wikimedia.org\/wikipedia\/commons\/1\/18\/Teeth_smile.jpg\" style=\"width:90px;border-radius:8px;\">\n<\/td>\n<\/tr>\n\n<tr style=\"background:#faf5ff;\">\n<td style=\"padding:12px;font-size:14px;\">\n<strong>Sa\u00fade das art\u00e9rias e articula\u00e7\u00f5es<\/strong><br>\nPor atuar na s\u00edntese de elastina e glicosaminoglicanos, ajuda a manter a flexibilidade dos vasos sangu\u00edneos e das cartilagens.\n<\/td>\n<td style=\"padding:10px;text-align:center;\">\n<img decoding=\"async\" src=\"https:\/\/upload.wikimedia.org\/wikipedia\/commons\/0\/0c\/Joint_diagram.jpg\" style=\"width:90px;border-radius:8px;\">\n<\/td>\n<\/tr>\n\n<\/tbody>\n\n<\/table>\n<\/div>\n\n\n\n<h2 class=\"wp-block-heading\">Onde encontrar sil\u00edcio nos alimentos?<\/h2>\n\n\n\n<p>A principal fonte de sil\u00edcio s\u00e3o os alimentos de origem vegetal, especialmente os integrais. O mineral \u00e9 encontrado em boas quantidades em cereais integrais como aveia, <strong><a href=\"https:\/\/www.tuasaude.com\/cevada\/\" target=\"_blank\" rel=\"noreferrer noopener\">cevada <\/a><\/strong>e arroz integral, em vegetais como beterraba, feij\u00e3o-verde e cenoura, em frutas como banana e uva, e na \u00e1gua mineral. A cerveja tamb\u00e9m \u00e9 uma fonte relevante, pelo alto teor de cevada e <strong><a href=\"https:\/\/www.tuasaude.com\/lupulo\/\" target=\"_blank\" rel=\"noreferrer noopener\">l\u00fapulo<\/a><\/strong> no processo de produ\u00e7\u00e3o, embora n\u00e3o seja recomendada por outros motivos de sa\u00fade.<\/p>\n\n\n\n<h2 class=\"wp-block-heading\">Como ele pode ser obtido por suplementa\u00e7\u00e3o?<\/h2>\n\n\n\n<p>Quando a alimenta\u00e7\u00e3o n\u00e3o \u00e9 suficiente para manter n\u00edveis adequados, situa\u00e7\u00e3o comum com o envelhecimento, a suplementa\u00e7\u00e3o de sil\u00edcio pode ser indicada. A forma mais estudada e com melhor absor\u00e7\u00e3o pelo organismo \u00e9 o \u00e1cido ortosil\u00edcico estabilizado com colina, que garante maior disponibilidade do mineral para os tecidos. Suplementos \u00e0 base de extrato de bambu e de <strong><a href=\"https:\/\/www.tuasaude.com\/cavalinha\/\" target=\"_blank\" rel=\"noreferrer noopener\">cavalinha <\/a><\/strong>tamb\u00e9m s\u00e3o fontes naturais frequentemente utilizadas. A dose habitual nos estudos cl\u00ednicos gira em torno de 10 mg de sil\u00edcio elementar por dia, mas a suplementa\u00e7\u00e3o deve ser sempre indicada e acompanhada por um m\u00e9dico ou nutricionista, especialmente em casos de doen\u00e7a renal, gravidez ou uso de medicamentos cont\u00ednuos.<\/p>\n","protected":false},"excerpt":{"rendered":"<p>Existe um mineral presente no pr\u00f3prio corpo humano que participa diretamente da produ\u00e7\u00e3o de col\u00e1geno, melhora a firmeza da pele, reduz a queda e a fragilidade dos cabelos, fortalece as unhas e contribui para a sa\u00fade dos dentes e dos ossos, mas que raramente aparece nas listas de suplementos mais conhecidos. Ele se chama\u00a0sil\u00edcio, e [&hellip;]<\/p>\n","protected":false},"author":9,"featured_media":6876,"comment_status":"open","ping_status":"open","sticky":false,"template":"","format":"standard","meta":{"_yoast_wpseo_focuskw":"sil\u00edcio","_yoast_wpseo_title":"","_yoast_wpseo_metadesc":"Especialistas apontam que um mineral pouco lembrado como o sil\u00edcio pode contribuir para a produ\u00e7\u00e3o de col\u00e1geno e a sa\u00fade da pele e cabelos.","jnews-multi-image_gallery":[],"jnews_single_post":{"format":"standard"},"jnews_primary_category":[],"jnews_social_meta":[],"jnews_override_counter":[],"footnotes":""},"categories":[111],"tags":[1887,1888,1886,1885],"class_list":["post-6704","post","type-post","status-publish","format-standard","has-post-thumbnail","hentry","category-saude","tag-alimentos-ricos-em-silicio","tag-mineral-que-produz-colageno","tag-silicio-beneficios","tag-silicio-para-colageno"],"yoast_head":"<!-- This site is optimized with the Yoast SEO plugin v26.7 - https:\/\/yoast.com\/wordpress\/plugins\/seo\/ -->\n<title>O mineral que estimula o col\u00e1geno deixa a pele radiante e fortalece cabelos unhas e dentes - Tua Sa\u00fade<\/title>\n<meta name=\"description\" content=\"Especialistas apontam que um mineral pouco lembrado como o sil\u00edcio pode contribuir para a produ\u00e7\u00e3o de col\u00e1geno e a sa\u00fade da pele e cabelos.\" \/>\n<meta name=\"robots\" content=\"index, follow, max-snippet:-1, max-image-preview:large, max-video-preview:-1\" \/>\n<link rel=\"canonical\" href=\"https:\/\/www.tuasaude.com\/news\/2026\/03\/07\/o-mineral-que-estimula-o-colageno-deixa-a-pele-radiante-e-fortalece-cabelos-unhas-e-dentes\/\" \/>\n<meta property=\"og:locale\" content=\"pt_BR\" \/>\n<meta property=\"og:type\" content=\"article\" \/>\n<meta property=\"og:title\" content=\"O mineral que estimula o col\u00e1geno deixa a pele radiante e fortalece cabelos unhas e dentes - Tua Sa\u00fade\" \/>\n<meta property=\"og:description\" content=\"Especialistas apontam que um mineral pouco lembrado como o sil\u00edcio pode contribuir para a produ\u00e7\u00e3o de col\u00e1geno e a sa\u00fade da pele e cabelos.\" \/>\n<meta property=\"og:url\" content=\"https:\/\/www.tuasaude.com\/news\/2026\/03\/07\/o-mineral-que-estimula-o-colageno-deixa-a-pele-radiante-e-fortalece-cabelos-unhas-e-dentes\/\" \/>\n<meta property=\"og:site_name\" content=\"Tua Sa\u00fade\" \/>\n<meta property=\"article:published_time\" content=\"2026-03-07T21:20:00+00:00\" \/>\n<meta property=\"og:image\" content=\"https:\/\/www.tuasaude.com\/news\/wp-content\/uploads\/2026\/03\/creation_2522398372.png\" \/>\n\t<meta property=\"og:image:width\" content=\"1280\" \/>\n\t<meta property=\"og:image:height\" content=\"714\" \/>\n\t<meta property=\"og:image:type\" content=\"image\/png\" \/>\n<meta name=\"author\" content=\"Roberta Patriota\" \/>\n<meta name=\"twitter:card\" content=\"summary_large_image\" \/>\n<meta name=\"twitter:label1\" content=\"Escrito por\" \/>\n\t<meta name=\"twitter:data1\" content=\"Roberta Patriota\" \/>\n\t<meta name=\"twitter:label2\" content=\"Est. tempo de leitura\" \/>\n\t<meta name=\"twitter:data2\" content=\"6 minutos\" \/>\n<!-- \/ Yoast SEO plugin. -->","yoast_head_json":{"title":"O mineral que estimula o col\u00e1geno deixa a pele radiante e fortalece cabelos unhas e dentes - Tua Sa\u00fade","description":"Especialistas apontam que um mineral pouco lembrado como o sil\u00edcio pode contribuir para a produ\u00e7\u00e3o de col\u00e1geno e a sa\u00fade da pele e cabelos.","robots":{"index":"index","follow":"follow","max-snippet":"max-snippet:-1","max-image-preview":"max-image-preview:large","max-video-preview":"max-video-preview:-1"},"canonical":"https:\/\/www.tuasaude.com\/news\/2026\/03\/07\/o-mineral-que-estimula-o-colageno-deixa-a-pele-radiante-e-fortalece-cabelos-unhas-e-dentes\/","og_locale":"pt_BR","og_type":"article","og_title":"O mineral que estimula o col\u00e1geno deixa a pele radiante e fortalece cabelos unhas e dentes - Tua Sa\u00fade","og_description":"Especialistas apontam que um mineral pouco lembrado como o sil\u00edcio pode contribuir para a produ\u00e7\u00e3o de col\u00e1geno e a sa\u00fade da pele e cabelos.","og_url":"https:\/\/www.tuasaude.com\/news\/2026\/03\/07\/o-mineral-que-estimula-o-colageno-deixa-a-pele-radiante-e-fortalece-cabelos-unhas-e-dentes\/","og_site_name":"Tua Sa\u00fade","article_published_time":"2026-03-07T21:20:00+00:00","og_image":[{"width":1280,"height":714,"url":"https:\/\/www.tuasaude.com\/news\/wp-content\/uploads\/2026\/03\/creation_2522398372.png","type":"image\/png"}],"author":"Roberta Patriota","twitter_card":"summary_large_image","twitter_misc":{"Escrito por":"Roberta Patriota","Est. tempo de leitura":"6 minutos"},"schema":{"@context":"https:\/\/schema.org","@graph":[{"@type":"Article","@id":"https:\/\/www.tuasaude.com\/news\/2026\/03\/07\/o-mineral-que-estimula-o-colageno-deixa-a-pele-radiante-e-fortalece-cabelos-unhas-e-dentes\/#article","isPartOf":{"@id":"https:\/\/www.tuasaude.com\/news\/2026\/03\/07\/o-mineral-que-estimula-o-colageno-deixa-a-pele-radiante-e-fortalece-cabelos-unhas-e-dentes\/"},"author":{"name":"Roberta Patriota","@id":"https:\/\/www.tuasaude.com\/news\/#\/schema\/person\/27adc41011393316b12ef997ca893e44"},"headline":"O mineral que estimula o col\u00e1geno deixa a pele radiante e fortalece cabelos unhas e dentes","datePublished":"2026-03-07T21:20:00+00:00","mainEntityOfPage":{"@id":"https:\/\/www.tuasaude.com\/news\/2026\/03\/07\/o-mineral-que-estimula-o-colageno-deixa-a-pele-radiante-e-fortalece-cabelos-unhas-e-dentes\/"},"wordCount":837,"commentCount":0,"image":{"@id":"https:\/\/www.tuasaude.com\/news\/2026\/03\/07\/o-mineral-que-estimula-o-colageno-deixa-a-pele-radiante-e-fortalece-cabelos-unhas-e-dentes\/#primaryimage"},"thumbnailUrl":"https:\/\/www.tuasaude.com\/news\/wp-content\/uploads\/2026\/03\/creation_2522398372.png","keywords":["alimentos ricos em sil\u00edcio","mineral que produz col\u00e1geno","sil\u00edcio benef\u00edcios","sil\u00edcio para col\u00e1geno"],"articleSection":["Sa\u00fade"],"inLanguage":"pt-BR","potentialAction":[{"@type":"CommentAction","name":"Comment","target":["https:\/\/www.tuasaude.com\/news\/2026\/03\/07\/o-mineral-que-estimula-o-colageno-deixa-a-pele-radiante-e-fortalece-cabelos-unhas-e-dentes\/#respond"]}]},{"@type":"WebPage","@id":"https:\/\/www.tuasaude.com\/news\/2026\/03\/07\/o-mineral-que-estimula-o-colageno-deixa-a-pele-radiante-e-fortalece-cabelos-unhas-e-dentes\/","url":"https:\/\/www.tuasaude.com\/news\/2026\/03\/07\/o-mineral-que-estimula-o-colageno-deixa-a-pele-radiante-e-fortalece-cabelos-unhas-e-dentes\/","name":"O mineral que estimula o col\u00e1geno deixa a pele radiante e fortalece cabelos unhas e dentes - Tua Sa\u00fade","isPartOf":{"@id":"https:\/\/www.tuasaude.com\/news\/#website"},"primaryImageOfPage":{"@id":"https:\/\/www.tuasaude.com\/news\/2026\/03\/07\/o-mineral-que-estimula-o-colageno-deixa-a-pele-radiante-e-fortalece-cabelos-unhas-e-dentes\/#primaryimage"},"image":{"@id":"https:\/\/www.tuasaude.com\/news\/2026\/03\/07\/o-mineral-que-estimula-o-colageno-deixa-a-pele-radiante-e-fortalece-cabelos-unhas-e-dentes\/#primaryimage"},"thumbnailUrl":"https:\/\/www.tuasaude.com\/news\/wp-content\/uploads\/2026\/03\/creation_2522398372.png","datePublished":"2026-03-07T21:20:00+00:00","author":{"@id":"https:\/\/www.tuasaude.com\/news\/#\/schema\/person\/27adc41011393316b12ef997ca893e44"},"description":"Especialistas apontam que um mineral pouco lembrado como o sil\u00edcio pode contribuir para a produ\u00e7\u00e3o de col\u00e1geno e a sa\u00fade da pele e cabelos.","breadcrumb":{"@id":"https:\/\/www.tuasaude.com\/news\/2026\/03\/07\/o-mineral-que-estimula-o-colageno-deixa-a-pele-radiante-e-fortalece-cabelos-unhas-e-dentes\/#breadcrumb"},"inLanguage":"pt-BR","potentialAction":[{"@type":"ReadAction","target":["https:\/\/www.tuasaude.com\/news\/2026\/03\/07\/o-mineral-que-estimula-o-colageno-deixa-a-pele-radiante-e-fortalece-cabelos-unhas-e-dentes\/"]}]},{"@type":"ImageObject","inLanguage":"pt-BR","@id":"https:\/\/www.tuasaude.com\/news\/2026\/03\/07\/o-mineral-que-estimula-o-colageno-deixa-a-pele-radiante-e-fortalece-cabelos-unhas-e-dentes\/#primaryimage","url":"https:\/\/www.tuasaude.com\/news\/wp-content\/uploads\/2026\/03\/creation_2522398372.png","contentUrl":"https:\/\/www.tuasaude.com\/news\/wp-content\/uploads\/2026\/03\/creation_2522398372.png","width":1280,"height":714,"caption":"N\u00edveis adequados de sil\u00edcio est\u00e3o associados a cabelos mais fortes e unhas menos quebradi\u00e7as."},{"@type":"BreadcrumbList","@id":"https:\/\/www.tuasaude.com\/news\/2026\/03\/07\/o-mineral-que-estimula-o-colageno-deixa-a-pele-radiante-e-fortalece-cabelos-unhas-e-dentes\/#breadcrumb","itemListElement":[{"@type":"ListItem","position":1,"name":"In\u00edcio","item":"https:\/\/www.tuasaude.com\/news\/"},{"@type":"ListItem","position":2,"name":"O mineral que estimula o col\u00e1geno deixa a pele radiante e fortalece cabelos unhas e dentes"}]},{"@type":"WebSite","@id":"https:\/\/www.tuasaude.com\/news\/#website","url":"https:\/\/www.tuasaude.com\/news\/","name":"Tua Sa\u00fade","description":"Seu site de sa\u00fade","potentialAction":[{"@type":"SearchAction","target":{"@type":"EntryPoint","urlTemplate":"https:\/\/www.tuasaude.com\/news\/?s={search_term_string}"},"query-input":{"@type":"PropertyValueSpecification","valueRequired":true,"valueName":"search_term_string"}}],"inLanguage":"pt-BR"},{"@type":"Person","@id":"https:\/\/www.tuasaude.com\/news\/#\/schema\/person\/27adc41011393316b12ef997ca893e44","name":"Roberta Patriota","image":{"@type":"ImageObject","inLanguage":"pt-BR","@id":"https:\/\/www.tuasaude.com\/news\/#\/schema\/person\/image\/","url":"https:\/\/secure.gravatar.com\/avatar\/40fc934d21bfa38a60909bb2e5f2ec503dcd4d849aa772e107feb32efe75c210?s=96&d=mm&r=g","contentUrl":"https:\/\/secure.gravatar.com\/avatar\/40fc934d21bfa38a60909bb2e5f2ec503dcd4d849aa772e107feb32efe75c210?s=96&d=mm&r=g","caption":"Roberta Patriota"},"sameAs":["https:\/\/www.tuasaude.com\/news\/"],"url":"https:\/\/www.tuasaude.com\/news\/author\/roberta-patriota\/"}]}},"_links":{"self":[{"href":"https:\/\/www.tuasaude.com\/news\/wp-json\/wp\/v2\/posts\/6704","targetHints":{"allow":["GET"]}}],"collection":[{"href":"https:\/\/www.tuasaude.com\/news\/wp-json\/wp\/v2\/posts"}],"about":[{"href":"https:\/\/www.tuasaude.com\/news\/wp-json\/wp\/v2\/types\/post"}],"author":[{"embeddable":true,"href":"https:\/\/www.tuasaude.com\/news\/wp-json\/wp\/v2\/users\/9"}],"replies":[{"embeddable":true,"href":"https:\/\/www.tuasaude.com\/news\/wp-json\/wp\/v2\/comments?post=6704"}],"version-history":[{"count":4,"href":"https:\/\/www.tuasaude.com\/news\/wp-json\/wp\/v2\/posts\/6704\/revisions"}],"predecessor-version":[{"id":7031,"href":"https:\/\/www.tuasaude.com\/news\/wp-json\/wp\/v2\/posts\/6704\/revisions\/7031"}],"wp:featuredmedia":[{"embeddable":true,"href":"https:\/\/www.tuasaude.com\/news\/wp-json\/wp\/v2\/media\/6876"}],"wp:attachment":[{"href":"https:\/\/www.tuasaude.com\/news\/wp-json\/wp\/v2\/media?parent=6704"}],"wp:term":[{"taxonomy":"category","embeddable":true,"href":"https:\/\/www.tuasaude.com\/news\/wp-json\/wp\/v2\/categories?post=6704"},{"taxonomy":"post_tag","embeddable":true,"href":"https:\/\/www.tuasaude.com\/news\/wp-json\/wp\/v2\/tags?post=6704"}],"curies":[{"name":"wp","href":"https:\/\/api.w.org\/{rel}","templated":true}]}}