{"id":6667,"date":"2026-03-06T18:20:00","date_gmt":"2026-03-06T21:20:00","guid":{"rendered":"https:\/\/www.tuasaude.com\/news\/?p=6667"},"modified":"2026-03-06T15:06:58","modified_gmt":"2026-03-06T18:06:58","slug":"vitamina-b12-como-ela-melhora-a-memoria-o-humor-e-o-metabolismo","status":"publish","type":"post","link":"https:\/\/www.tuasaude.com\/news\/2026\/03\/06\/vitamina-b12-como-ela-melhora-a-memoria-o-humor-e-o-metabolismo\/","title":{"rendered":"Vitamina B12: como ela melhora a mem\u00f3ria, o humor e o metabolismo"},"content":{"rendered":"\n<p>A<strong><a href=\"https:\/\/www.tuasaude.com\/vitamina-b12-cobalamina\/\" target=\"_blank\" rel=\"noreferrer noopener\"> vitamina B12 <\/a><\/strong>\u00e9 um dos micronutrientes mais estudados da ci\u00eancia da nutri\u00e7\u00e3o, e por um bom motivo. Ela atua diretamente no funcionamento do c\u00e9rebro, na produ\u00e7\u00e3o de energia, na forma\u00e7\u00e3o do sangue e no equil\u00edbrio emocional. Quando os n\u00edveis est\u00e3o adequados, a mente trabalha com mais clareza, o humor se estabiliza e o corpo converte os alimentos em energia com mais efici\u00eancia. Quando falta, os sinais aparecem de forma gradual e costumam ser confundidos com outros problemas de sa\u00fade.<\/p>\n\n\n\n<h2 class=\"wp-block-heading\">Como a vitamina B12 age no c\u00e9rebro e na mem\u00f3ria?<\/h2>\n\n\n\n<p>A vitamina B12 \u00e9 essencial para a forma\u00e7\u00e3o da&nbsp;<strong>bainha de mielina<\/strong>, a camada que reveste e protege os nervos, permitindo que os sinais el\u00e9tricos do c\u00e9rebro se transmitam com rapidez e precis\u00e3o. Sem ela, essa comunica\u00e7\u00e3o fica prejudicada, o que pode causar olvidos frequentes, dificuldade de concentra\u00e7\u00e3o e lentid\u00e3o no racioc\u00ednio.<\/p>\n\n\n\n<p>Pessoas com defici\u00eancia de B12 relatam, com frequ\u00eancia, uma sensa\u00e7\u00e3o de &#8220;n\u00e9voa mental&#8221;, uma dificuldade de pensar com clareza que melhora progressivamente quando os n\u00edveis s\u00e3o corrigidos por alimenta\u00e7\u00e3o ou suplementa\u00e7\u00e3o.<\/p>\n\n\n<div class=\"wp-block-image\">\n<figure class=\"aligncenter size-large\"><img decoding=\"async\" width=\"1024\" height=\"571\" src=\"https:\/\/www.tuasaude.com\/news\/wp-content\/uploads\/2026\/03\/creation_2517420867-1024x571.png\" alt=\"Vitamina B12: como ela melhora a mem\u00f3ria, o humor e o metabolismo\" class=\"wp-image-6714\" srcset=\"https:\/\/www.tuasaude.com\/news\/wp-content\/uploads\/2026\/03\/creation_2517420867-1024x571.png 1024w, https:\/\/www.tuasaude.com\/news\/wp-content\/uploads\/2026\/03\/creation_2517420867-300x167.png 300w, https:\/\/www.tuasaude.com\/news\/wp-content\/uploads\/2026\/03\/creation_2517420867-768x428.png 768w, https:\/\/www.tuasaude.com\/news\/wp-content\/uploads\/2026\/03\/creation_2517420867-750x418.png 750w, https:\/\/www.tuasaude.com\/news\/wp-content\/uploads\/2026\/03\/creation_2517420867-1140x636.png 1140w, https:\/\/www.tuasaude.com\/news\/wp-content\/uploads\/2026\/03\/creation_2517420867.png 1280w\" sizes=\"(max-width: 1024px) 100vw, 1024px\" \/><figcaption class=\"wp-element-caption\">A vitamina B12 \u00e9 essencial para a mem\u00f3ria, o funcionamento do c\u00e9rebro e a produ\u00e7\u00e3o de energia.<\/figcaption><\/figure>\n<\/div>\n\n\n<h2 class=\"wp-block-heading\">Um estudo cient\u00edfico confirma os efeitos da B12 na cogni\u00e7\u00e3o e no humor<\/h2>\n\n\n\n<p>A rela\u00e7\u00e3o entre vitamina B12, mem\u00f3ria e estado emocional \u00e9 sustentada por evid\u00eancias cient\u00edficas consistentes. A revis\u00e3o sistem\u00e1tica e meta-an\u00e1lise\u00a0<a href=\"https:\/\/pubmed.ncbi.nlm.nih.gov\/39655146\/\" target=\"_blank\" rel=\"noreferrer noopener\"><em>Avalia\u00e7\u00e3o da efic\u00e1cia da vitamina B12 na fun\u00e7\u00e3o cognitiva da mem\u00f3ria e nos sintomas depressivos: uma revis\u00e3o sistem\u00e1tica e meta-an\u00e1lise<br><\/em><\/a>, publicada na revista\u00a0<strong>Cureus<\/strong>\u00a0em novembro de 2024, consolidou dados de ensaios cl\u00ednicos randomizados pesquisados nas bases PubMed, CENTRAL, Medline e Ovid at\u00e9 agosto de 2024. Os autores conclu\u00edram que n\u00edveis insuficientes de B12 est\u00e3o associados a um risco elevado de <strong><a href=\"https:\/\/www.tuasaude.com\/depressao\/\" target=\"_blank\" rel=\"noreferrer noopener\">depress\u00e3o <\/a><\/strong>e comprometimento da mem\u00f3ria, especialmente em popula\u00e7\u00f5es com defici\u00eancia confirmada. A suplementa\u00e7\u00e3o de B12 demonstrou melhoras significativas na fun\u00e7\u00e3o cognitiva e nos sintomas depressivos nesses grupos, refor\u00e7ando a import\u00e2ncia de monitorar os n\u00edveis dessa vitamina antes que os sintomas se agravem.<\/p>\n\n\n\n<h2 class=\"wp-block-heading\">O papel da B12 no humor e no equil\u00edbrio emocional<\/h2>\n\n\n\n<p>A vitamina B12 participa diretamente da produ\u00e7\u00e3o de\u00a0serotonina e <strong><a href=\"https:\/\/www.tuasaude.com\/dopamina\/\" target=\"_blank\" rel=\"noreferrer noopener\">dopamina<\/a><\/strong>, dois neurotransmissores respons\u00e1veis pela sensa\u00e7\u00e3o de bem-estar, motiva\u00e7\u00e3o e estabilidade emocional. Quando os n\u00edveis est\u00e3o baixos, o c\u00e9rebro tem dificuldade de fabricar esses compostos em quantidade suficiente.<\/p>\n\n\n\n<p>Os sinais mais comuns de defici\u00eancia emocional ligada \u00e0 B12 incluem irritabilidade, tristeza sem causa aparente, ansiedade e, em casos mais prolongados, sintomas que se assemelham \u00e0 depress\u00e3o. A boa not\u00edcia \u00e9 que esses efeitos tendem a melhorar com a corre\u00e7\u00e3o dos n\u00edveis da vitamina.<\/p>\n\n\n\n<h2 class=\"wp-block-heading\">Fontes alimentares e quem tem mais risco de defici\u00eancia<\/h2>\n\n\n\n<p>A vitamina B12 \u00e9 encontrada quase exclusivamente em alimentos de origem animal. Conhecer as principais fontes e os grupos de maior risco ajuda a agir de forma preventiva. Veja as informa\u00e7\u00f5es mais relevantes:<\/p>\n\n\n\n<ul class=\"wp-block-list\">\n<li><strong>Principais fontes alimentares:<\/strong>&nbsp;carne bovina e de frango, f\u00edgado, peixes (salm\u00e3o, atum, sardinha), frutos do mar, ovos e latic\u00ednios (leite, iogurte, queijo).<\/li>\n\n\n\n<li><strong>Grupos com maior risco de defici\u00eancia:<\/strong>\u00a0pessoas veganas e vegetarianas (pois eliminam as principais fontes da vitamina), idosos (que absorvem menos B12 com a idade), pacientes com doen\u00e7as gastrointestinais (como <strong><a href=\"https:\/\/www.tuasaude.com\/doenca-de-crohn\/\" target=\"_blank\" rel=\"noreferrer noopener\">doen\u00e7a de Crohn <\/a><\/strong>ou gastrite atr\u00f3fica) e pessoas que usam regularmente metformina ou anti\u00e1cidos, que interferem na absor\u00e7\u00e3o.<\/li>\n\n\n\n<li><strong>Alternativas para quem n\u00e3o consome prote\u00edna animal:<\/strong>&nbsp;alimentos fortificados com B12 (como alguns leites vegetais e cereais) e suplementa\u00e7\u00e3o oral ou injet\u00e1vel sob orienta\u00e7\u00e3o m\u00e9dica.<\/li>\n<\/ul>\n\n\n\n<h2 class=\"wp-block-heading\">Sinais de que os n\u00edveis de vitamina B12 podem estar baixos<\/h2>\n\n\n\n<p>A defici\u00eancia de vitamina B12 costuma se desenvolver de forma silenciosa ao longo de meses ou anos. Identificar os sintomas cedo \u00e9 fundamental para evitar danos neurol\u00f3gicos mais s\u00e9rios e dificilmente revers\u00edveis. Os sinais mais frequentes s\u00e3o:<\/p>\n\n\n\n<div style=\"max-width:900px;margin:auto;font-family:Arial,Helvetica,sans-serif;border:1px solid #e4e4e4;border-radius:10px;overflow:hidden;box-shadow:0 3px 10px rgba(0,0,0,0.08);\">\n\n<table style=\"width:100%;border-collapse:collapse;\">\n\n<thead>\n<tr style=\"background:#8e24aa;color:#fff;\">\n<th style=\"padding:12px;font-size:18px;text-align:left;\">Poss\u00edveis sinais de defici\u00eancia de vitamina B12<\/th>\n<th style=\"padding:12px;text-align:center;\">Imagem<\/th>\n<\/tr>\n<\/thead>\n\n<tbody>\n\n<tr style=\"background:#faf5ff;\">\n<td style=\"padding:12px;font-size:14px;\">\n<strong>Cansa\u00e7o extremo e fraqueza<\/strong><br>\nA defici\u00eancia de vitamina B12 pode reduzir a produ\u00e7\u00e3o de gl\u00f3bulos vermelhos, causando fadiga intensa mesmo sem esfor\u00e7o f\u00edsico.\n<\/td>\n<td style=\"padding:10px;text-align:center;\">\n<img decoding=\"async\" src=\"https:\/\/upload.wikimedia.org\/wikipedia\/commons\/6\/6a\/Tired_woman.jpg\" style=\"width:90px;border-radius:8px;\">\n<\/td>\n<\/tr>\n\n<tr>\n<td style=\"padding:12px;font-size:14px;\">\n<strong>Formigamento ou dorm\u00eancia<\/strong><br>\nAltera\u00e7\u00f5es nos nervos podem provocar sensa\u00e7\u00e3o de formigamento ou perda de sensibilidade nas m\u00e3os e nos p\u00e9s.\n<\/td>\n<td style=\"padding:10px;text-align:center;\">\n<img decoding=\"async\" src=\"https:\/\/upload.wikimedia.org\/wikipedia\/commons\/2\/2a\/Hand_numbness.jpg\" style=\"width:90px;border-radius:8px;\">\n<\/td>\n<\/tr>\n\n<tr style=\"background:#faf5ff;\">\n<td style=\"padding:12px;font-size:14px;\">\n<strong>Dificuldade de mem\u00f3ria e concentra\u00e7\u00e3o<\/strong><br>\nN\u00edveis baixos de vitamina B12 podem afetar o funcionamento do sistema nervoso e prejudicar processos cognitivos.\n<\/td>\n<td style=\"padding:10px;text-align:center;\">\n<img decoding=\"async\" src=\"https:\/\/upload.wikimedia.org\/wikipedia\/commons\/3\/3c\/Thinking_woman.jpg\" style=\"width:90px;border-radius:8px;\">\n<\/td>\n<\/tr>\n\n<tr>\n<td style=\"padding:12px;font-size:14px;\">\n<strong>Altera\u00e7\u00f5es de humor<\/strong><br>\nIrritabilidade, tristeza persistente e mudan\u00e7as de humor podem ocorrer quando h\u00e1 defici\u00eancia prolongada da vitamina.\n<\/td>\n<td style=\"padding:10px;text-align:center;\">\n<img decoding=\"async\" src=\"https:\/\/upload.wikimedia.org\/wikipedia\/commons\/0\/02\/Sad_woman.jpg\" style=\"width:90px;border-radius:8px;\">\n<\/td>\n<\/tr>\n\n<tr style=\"background:#faf5ff;\">\n<td style=\"padding:12px;font-size:14px;\">\n<strong>Palidez ou tom amarelado na pele<\/strong><br>\nA anemia associada \u00e0 defici\u00eancia de B12 pode deixar a pele mais p\u00e1lida ou levemente amarelada.\n<\/td>\n<td style=\"padding:10px;text-align:center;\">\n<img decoding=\"async\" src=\"https:\/\/upload.wikimedia.org\/wikipedia\/commons\/5\/55\/Pale_skin.jpg\" style=\"width:90px;border-radius:8px;\">\n<\/td>\n<\/tr>\n\n<tr>\n<td style=\"padding:12px;font-size:14px;\">\n<strong>Tontura e falta de ar<\/strong><br>\nA baixa oxigena\u00e7\u00e3o do sangue pode provocar tonturas e dificuldade respirat\u00f3ria, especialmente em esfor\u00e7os leves.\n<\/td>\n<td style=\"padding:10px;text-align:center;\">\n<img decoding=\"async\" src=\"https:\/\/upload.wikimedia.org\/wikipedia\/commons\/2\/29\/Dizziness.jpg\" style=\"width:90px;border-radius:8px;\">\n<\/td>\n<\/tr>\n\n<tr style=\"background:#faf5ff;\">\n<td style=\"padding:12px;font-size:14px;\">\n<strong>L\u00edngua avermelhada ou inflamada<\/strong><br>\nA inflama\u00e7\u00e3o da l\u00edngua, chamada glossite, \u00e9 um sinal poss\u00edvel em casos de defici\u00eancia de vitamina B12.\n<\/td>\n<td style=\"padding:10px;text-align:center;\">\n<img decoding=\"async\" src=\"https:\/\/upload.wikimedia.org\/wikipedia\/commons\/9\/9b\/Tongue.jpg\" style=\"width:90px;border-radius:8px;\">\n<\/td>\n<\/tr>\n\n<\/tbody>\n\n<\/table>\n<\/div>\n\n\n\n<p>Se voc\u00ea se identifica com mais de um desses sintomas, ou faz parte de um grupo de risco, procure orienta\u00e7\u00e3o m\u00e9dica. Um exame de sangue simples \u00e9 capaz de verificar os n\u00edveis de B12 e direcionar o tratamento mais adequado para o seu caso.&nbsp;<strong>Nunca inicie suplementa\u00e7\u00e3o por conta pr\u00f3pria<\/strong>&nbsp;sem antes consultar um m\u00e9dico ou nutricionista.<\/p>\n","protected":false},"excerpt":{"rendered":"<p>A vitamina B12 \u00e9 um dos micronutrientes mais estudados da ci\u00eancia da nutri\u00e7\u00e3o, e por um bom motivo. Ela atua diretamente no funcionamento do c\u00e9rebro, na produ\u00e7\u00e3o de energia, na forma\u00e7\u00e3o do sangue e no equil\u00edbrio emocional. Quando os n\u00edveis est\u00e3o adequados, a mente trabalha com mais clareza, o humor se estabiliza e o corpo [&hellip;]<\/p>\n","protected":false},"author":9,"featured_media":6713,"comment_status":"open","ping_status":"open","sticky":false,"template":"","format":"standard","meta":{"_yoast_wpseo_focuskw":"vitamina B12","_yoast_wpseo_title":"","_yoast_wpseo_metadesc":"A vitamina B12 participa da produ\u00e7\u00e3o de energia, da mem\u00f3ria e do equil\u00edbrio emocional. Entenda os sinais de defici\u00eancia e suas fontes.","jnews-multi-image_gallery":[],"jnews_single_post":{"format":"standard"},"jnews_primary_category":[],"jnews_social_meta":[],"jnews_override_counter":[],"footnotes":""},"categories":[111],"tags":[1039,1855,1857,1856],"class_list":["post-6667","post","type-post","status-publish","format-standard","has-post-thumbnail","hentry","category-saude","tag-vitamina-b12","tag-vitamina-b12-beneficios","tag-vitamina-b12-para-humor","tag-vitamina-b12-para-memoria"],"yoast_head":"<!-- This site is optimized with the Yoast SEO plugin v26.7 - https:\/\/yoast.com\/wordpress\/plugins\/seo\/ -->\n<title>Vitamina B12: como ela melhora a mem\u00f3ria, o humor e o metabolismo - Tua Sa\u00fade<\/title>\n<meta name=\"description\" content=\"A vitamina B12 participa da produ\u00e7\u00e3o de energia, da mem\u00f3ria e do equil\u00edbrio emocional. Entenda os sinais de defici\u00eancia e suas fontes.\" \/>\n<meta name=\"robots\" content=\"index, follow, max-snippet:-1, max-image-preview:large, max-video-preview:-1\" \/>\n<link rel=\"canonical\" href=\"https:\/\/www.tuasaude.com\/news\/2026\/03\/06\/vitamina-b12-como-ela-melhora-a-memoria-o-humor-e-o-metabolismo\/\" \/>\n<meta property=\"og:locale\" content=\"pt_BR\" \/>\n<meta property=\"og:type\" content=\"article\" \/>\n<meta property=\"og:title\" content=\"Vitamina B12: como ela melhora a mem\u00f3ria, o humor e o metabolismo - Tua Sa\u00fade\" \/>\n<meta property=\"og:description\" content=\"A vitamina B12 participa da produ\u00e7\u00e3o de energia, da mem\u00f3ria e do equil\u00edbrio emocional. Entenda os sinais de defici\u00eancia e suas fontes.\" \/>\n<meta property=\"og:url\" content=\"https:\/\/www.tuasaude.com\/news\/2026\/03\/06\/vitamina-b12-como-ela-melhora-a-memoria-o-humor-e-o-metabolismo\/\" \/>\n<meta property=\"og:site_name\" content=\"Tua Sa\u00fade\" \/>\n<meta property=\"article:published_time\" content=\"2026-03-06T21:20:00+00:00\" \/>\n<meta property=\"og:image\" content=\"https:\/\/www.tuasaude.com\/news\/wp-content\/uploads\/2026\/03\/creation_2517420595.png\" \/>\n\t<meta property=\"og:image:width\" content=\"1280\" \/>\n\t<meta property=\"og:image:height\" content=\"714\" \/>\n\t<meta property=\"og:image:type\" content=\"image\/png\" \/>\n<meta name=\"author\" content=\"Roberta Patriota\" \/>\n<meta name=\"twitter:card\" content=\"summary_large_image\" \/>\n<meta name=\"twitter:label1\" content=\"Escrito por\" \/>\n\t<meta name=\"twitter:data1\" content=\"Roberta Patriota\" \/>\n\t<meta name=\"twitter:label2\" content=\"Est. tempo de leitura\" \/>\n\t<meta name=\"twitter:data2\" content=\"7 minutos\" \/>\n<!-- \/ Yoast SEO plugin. -->","yoast_head_json":{"title":"Vitamina B12: como ela melhora a mem\u00f3ria, o humor e o metabolismo - Tua Sa\u00fade","description":"A vitamina B12 participa da produ\u00e7\u00e3o de energia, da mem\u00f3ria e do equil\u00edbrio emocional. Entenda os sinais de defici\u00eancia e suas fontes.","robots":{"index":"index","follow":"follow","max-snippet":"max-snippet:-1","max-image-preview":"max-image-preview:large","max-video-preview":"max-video-preview:-1"},"canonical":"https:\/\/www.tuasaude.com\/news\/2026\/03\/06\/vitamina-b12-como-ela-melhora-a-memoria-o-humor-e-o-metabolismo\/","og_locale":"pt_BR","og_type":"article","og_title":"Vitamina B12: como ela melhora a mem\u00f3ria, o humor e o metabolismo - Tua Sa\u00fade","og_description":"A vitamina B12 participa da produ\u00e7\u00e3o de energia, da mem\u00f3ria e do equil\u00edbrio emocional. Entenda os sinais de defici\u00eancia e suas fontes.","og_url":"https:\/\/www.tuasaude.com\/news\/2026\/03\/06\/vitamina-b12-como-ela-melhora-a-memoria-o-humor-e-o-metabolismo\/","og_site_name":"Tua Sa\u00fade","article_published_time":"2026-03-06T21:20:00+00:00","og_image":[{"width":1280,"height":714,"url":"https:\/\/www.tuasaude.com\/news\/wp-content\/uploads\/2026\/03\/creation_2517420595.png","type":"image\/png"}],"author":"Roberta Patriota","twitter_card":"summary_large_image","twitter_misc":{"Escrito por":"Roberta Patriota","Est. tempo de leitura":"7 minutos"},"schema":{"@context":"https:\/\/schema.org","@graph":[{"@type":"Article","@id":"https:\/\/www.tuasaude.com\/news\/2026\/03\/06\/vitamina-b12-como-ela-melhora-a-memoria-o-humor-e-o-metabolismo\/#article","isPartOf":{"@id":"https:\/\/www.tuasaude.com\/news\/2026\/03\/06\/vitamina-b12-como-ela-melhora-a-memoria-o-humor-e-o-metabolismo\/"},"author":{"name":"Roberta Patriota","@id":"https:\/\/www.tuasaude.com\/news\/#\/schema\/person\/27adc41011393316b12ef997ca893e44"},"headline":"Vitamina B12: como ela melhora a mem\u00f3ria, o humor e o metabolismo","datePublished":"2026-03-06T21:20:00+00:00","mainEntityOfPage":{"@id":"https:\/\/www.tuasaude.com\/news\/2026\/03\/06\/vitamina-b12-como-ela-melhora-a-memoria-o-humor-e-o-metabolismo\/"},"wordCount":949,"commentCount":0,"image":{"@id":"https:\/\/www.tuasaude.com\/news\/2026\/03\/06\/vitamina-b12-como-ela-melhora-a-memoria-o-humor-e-o-metabolismo\/#primaryimage"},"thumbnailUrl":"https:\/\/www.tuasaude.com\/news\/wp-content\/uploads\/2026\/03\/creation_2517420595.png","keywords":["vitamina B12","vitamina B12 benef\u00edcios","vitamina B12 para humor","vitamina B12 para mem\u00f3ria"],"articleSection":["Sa\u00fade"],"inLanguage":"pt-BR","potentialAction":[{"@type":"CommentAction","name":"Comment","target":["https:\/\/www.tuasaude.com\/news\/2026\/03\/06\/vitamina-b12-como-ela-melhora-a-memoria-o-humor-e-o-metabolismo\/#respond"]}]},{"@type":"WebPage","@id":"https:\/\/www.tuasaude.com\/news\/2026\/03\/06\/vitamina-b12-como-ela-melhora-a-memoria-o-humor-e-o-metabolismo\/","url":"https:\/\/www.tuasaude.com\/news\/2026\/03\/06\/vitamina-b12-como-ela-melhora-a-memoria-o-humor-e-o-metabolismo\/","name":"Vitamina B12: como ela melhora a mem\u00f3ria, o humor e o metabolismo - Tua Sa\u00fade","isPartOf":{"@id":"https:\/\/www.tuasaude.com\/news\/#website"},"primaryImageOfPage":{"@id":"https:\/\/www.tuasaude.com\/news\/2026\/03\/06\/vitamina-b12-como-ela-melhora-a-memoria-o-humor-e-o-metabolismo\/#primaryimage"},"image":{"@id":"https:\/\/www.tuasaude.com\/news\/2026\/03\/06\/vitamina-b12-como-ela-melhora-a-memoria-o-humor-e-o-metabolismo\/#primaryimage"},"thumbnailUrl":"https:\/\/www.tuasaude.com\/news\/wp-content\/uploads\/2026\/03\/creation_2517420595.png","datePublished":"2026-03-06T21:20:00+00:00","author":{"@id":"https:\/\/www.tuasaude.com\/news\/#\/schema\/person\/27adc41011393316b12ef997ca893e44"},"description":"A vitamina B12 participa da produ\u00e7\u00e3o de energia, da mem\u00f3ria e do equil\u00edbrio emocional. Entenda os sinais de defici\u00eancia e suas fontes.","breadcrumb":{"@id":"https:\/\/www.tuasaude.com\/news\/2026\/03\/06\/vitamina-b12-como-ela-melhora-a-memoria-o-humor-e-o-metabolismo\/#breadcrumb"},"inLanguage":"pt-BR","potentialAction":[{"@type":"ReadAction","target":["https:\/\/www.tuasaude.com\/news\/2026\/03\/06\/vitamina-b12-como-ela-melhora-a-memoria-o-humor-e-o-metabolismo\/"]}]},{"@type":"ImageObject","inLanguage":"pt-BR","@id":"https:\/\/www.tuasaude.com\/news\/2026\/03\/06\/vitamina-b12-como-ela-melhora-a-memoria-o-humor-e-o-metabolismo\/#primaryimage","url":"https:\/\/www.tuasaude.com\/news\/wp-content\/uploads\/2026\/03\/creation_2517420595.png","contentUrl":"https:\/\/www.tuasaude.com\/news\/wp-content\/uploads\/2026\/03\/creation_2517420595.png","width":1280,"height":714,"caption":"Alimentos de origem animal s\u00e3o as principais fontes de vitamina B12 na alimenta\u00e7\u00e3o."},{"@type":"BreadcrumbList","@id":"https:\/\/www.tuasaude.com\/news\/2026\/03\/06\/vitamina-b12-como-ela-melhora-a-memoria-o-humor-e-o-metabolismo\/#breadcrumb","itemListElement":[{"@type":"ListItem","position":1,"name":"In\u00edcio","item":"https:\/\/www.tuasaude.com\/news\/"},{"@type":"ListItem","position":2,"name":"Vitamina B12: como ela melhora a mem\u00f3ria, o humor e o metabolismo"}]},{"@type":"WebSite","@id":"https:\/\/www.tuasaude.com\/news\/#website","url":"https:\/\/www.tuasaude.com\/news\/","name":"Tua Sa\u00fade","description":"Seu site de sa\u00fade","potentialAction":[{"@type":"SearchAction","target":{"@type":"EntryPoint","urlTemplate":"https:\/\/www.tuasaude.com\/news\/?s={search_term_string}"},"query-input":{"@type":"PropertyValueSpecification","valueRequired":true,"valueName":"search_term_string"}}],"inLanguage":"pt-BR"},{"@type":"Person","@id":"https:\/\/www.tuasaude.com\/news\/#\/schema\/person\/27adc41011393316b12ef997ca893e44","name":"Roberta Patriota","image":{"@type":"ImageObject","inLanguage":"pt-BR","@id":"https:\/\/www.tuasaude.com\/news\/#\/schema\/person\/image\/","url":"https:\/\/secure.gravatar.com\/avatar\/40fc934d21bfa38a60909bb2e5f2ec503dcd4d849aa772e107feb32efe75c210?s=96&d=mm&r=g","contentUrl":"https:\/\/secure.gravatar.com\/avatar\/40fc934d21bfa38a60909bb2e5f2ec503dcd4d849aa772e107feb32efe75c210?s=96&d=mm&r=g","caption":"Roberta Patriota"},"sameAs":["https:\/\/www.tuasaude.com\/news\/"],"url":"https:\/\/www.tuasaude.com\/news\/author\/roberta-patriota\/"}]}},"_links":{"self":[{"href":"https:\/\/www.tuasaude.com\/news\/wp-json\/wp\/v2\/posts\/6667","targetHints":{"allow":["GET"]}}],"collection":[{"href":"https:\/\/www.tuasaude.com\/news\/wp-json\/wp\/v2\/posts"}],"about":[{"href":"https:\/\/www.tuasaude.com\/news\/wp-json\/wp\/v2\/types\/post"}],"author":[{"embeddable":true,"href":"https:\/\/www.tuasaude.com\/news\/wp-json\/wp\/v2\/users\/9"}],"replies":[{"embeddable":true,"href":"https:\/\/www.tuasaude.com\/news\/wp-json\/wp\/v2\/comments?post=6667"}],"version-history":[{"count":3,"href":"https:\/\/www.tuasaude.com\/news\/wp-json\/wp\/v2\/posts\/6667\/revisions"}],"predecessor-version":[{"id":6861,"href":"https:\/\/www.tuasaude.com\/news\/wp-json\/wp\/v2\/posts\/6667\/revisions\/6861"}],"wp:featuredmedia":[{"embeddable":true,"href":"https:\/\/www.tuasaude.com\/news\/wp-json\/wp\/v2\/media\/6713"}],"wp:attachment":[{"href":"https:\/\/www.tuasaude.com\/news\/wp-json\/wp\/v2\/media?parent=6667"}],"wp:term":[{"taxonomy":"category","embeddable":true,"href":"https:\/\/www.tuasaude.com\/news\/wp-json\/wp\/v2\/categories?post=6667"},{"taxonomy":"post_tag","embeddable":true,"href":"https:\/\/www.tuasaude.com\/news\/wp-json\/wp\/v2\/tags?post=6667"}],"curies":[{"name":"wp","href":"https:\/\/api.w.org\/{rel}","templated":true}]}}