{"id":663,"date":"2026-01-12T20:32:48","date_gmt":"2026-01-12T23:32:48","guid":{"rendered":"https:\/\/www.tuasaude.com\/news\/?p=663"},"modified":"2026-01-14T13:18:04","modified_gmt":"2026-01-14T16:18:04","slug":"dor-de-cabeca-com-ansia-de-vomitar-tem-essas-10-causas","status":"publish","type":"post","link":"https:\/\/www.tuasaude.com\/news\/2026\/01\/12\/dor-de-cabeca-com-ansia-de-vomitar-tem-essas-10-causas\/","title":{"rendered":"Dor de cabe\u00e7a com \u00e2nsia de vomitar tem essas 10 causas"},"content":{"rendered":"\n<p>A dor de cabe\u00e7a acompanhada de enjoo \u00e9 uma combina\u00e7\u00e3o de sintomas bastante comum que pode ter diversas origens, desde problemas simples como desidrata\u00e7\u00e3o e hipoglicemia at\u00e9 condi\u00e7\u00f5es mais s\u00e9rias como enxaqueca, intoxica\u00e7\u00e3o alimentar ou meningite. <\/p>\n\n\n\n<p><a href=\"https:\/\/www.webmd.com\/migraines-headaches\/headaches-migraines-and-nausea\" target=\"_blank\" rel=\"noreferrer noopener\">Segundo a WebMD<\/a>, cerca de um ter\u00e7o das pessoas que sofrem de enxaqueca relatam que a n\u00e1usea \u00e9 um dos sintomas mais inc\u00f4modos da crise. Esses sintomas podem aparecer juntos porque muitas condi\u00e7\u00f5es que afetam o c\u00e9rebro ou o sistema nervoso tamb\u00e9m influenciam o sistema digestivo, causando tanto a dor de cabe\u00e7a quanto a sensa\u00e7\u00e3o de mal-estar estomacal.<\/p>\n\n\n\n<h2 class=\"wp-block-heading\">Quais s\u00e3o as 10 principais causas de dor de cabe\u00e7a com enjoo?<\/h2>\n\n\n\n<p><a href=\"https:\/\/www.tuasaude.com\/dor-de-cabeca-e-enjoo\/\" target=\"_blank\" rel=\"noreferrer noopener\">A combina\u00e7\u00e3o de dor de cabe\u00e7a e enjoo<\/a> pode ter m\u00faltiplas causas que variam em gravidade. Algumas condi\u00e7\u00f5es s\u00e3o tempor\u00e1rias e facilmente trat\u00e1veis em casa, enquanto outras requerem avalia\u00e7\u00e3o m\u00e9dica imediata.<\/p>\n\n\n\n<p>Identificar a causa correta \u00e9 fundamental para receber o tratamento adequado e aliviar os sintomas de forma eficaz. A seguir, est\u00e3o as causas mais comuns dessa combina\u00e7\u00e3o de sintomas.<\/p>\n\n\n\n<!-- \ud83d\udca0\ud83e\udd15 Cards: Dor de cabe\u00e7a com enjoo -->\n<section class=\"tusaude-cefaleia-enjoo\">\n\n<style>\n.tusaude-cefaleia-enjoo{\n  --bg:#ffffff;\n  --card:#f0f9ff;\n  --card-alt:#e0f2fe;\n  --text:#0f172a;\n  --muted:#475569;\n  --primary:#0284c7;\n  --border:#bae6fd;\n  --alert:#dc2626;\n  --radius:16px;\n  --shadow:0 6px 18px rgba(2,132,199,.14);\n\n  margin:2.2rem 0;\n  font-family:\"Poppins\",sans-serif;\n}\n\n\/* t\u00edtulos *\/\n.tusaude-cefaleia-enjoo h3{\n  font-size:1.4rem;\n  font-weight:800;\n  color:#075985;\n  margin-bottom:1.1rem;\n}\n\n\/* grids *\/\n.grid-2{\n  display:grid;\n  grid-template-columns:repeat(auto-fit, minmax(260px,1fr));\n  gap:1rem;\n}\n.grid-3{\n  display:grid;\n  grid-template-columns:repeat(auto-fit, minmax(220px,1fr));\n  gap:.9rem;\n}\n\n\/* card base *\/\n.card{\n  background:var(--card);\n  border:1px solid var(--border);\n  border-radius:var(--radius);\n  padding:1.05rem 1.15rem;\n  box-shadow:var(--shadow);\n}\n.card.alt{ background:var(--card-alt); }\n\n\/* texto *\/\n.card-title{\n  font-weight:800;\n  font-size:1.02rem;\n  color:#075985;\n  margin-bottom:.3rem;\n}\n.card-text{\n  font-size:.93rem;\n  color:var(--muted);\n  line-height:1.5;\n}\n\n\/* tags *\/\n.tag{\n  display:inline-block;\n  margin-bottom:.4rem;\n  padding:.28rem .6rem;\n  font-size:.68rem;\n  font-weight:700;\n  letter-spacing:.04em;\n  text-transform:uppercase;\n  color:#0369a1;\n  background:#e0f2fe;\n  border-radius:999px;\n}\n\n\/* alerta *\/\n.alert{\n  border-left:4px solid var(--alert);\n}\n.alert .card-title{ color:#991b1b; }\n\n\/* mobile *\/\n@media(max-width:600px){\n  .tusaude-cefaleia-enjoo h3{ font-size:1.2rem; }\n}\n<\/style>\n\n<!-- INTRO -->\n<h3>Dor de cabe\u00e7a com enjoo: o que pode estar por tr\u00e1s<\/h3>\n<div class=\"grid-2\">\n  <div class=\"card\">\n    <span class=\"tag\">Rela\u00e7\u00e3o neurol\u00f3gica<\/span>\n    <div class=\"card-text\">\n      Dor de cabe\u00e7a e enjoo costumam surgir juntos porque muitas condi\u00e7\u00f5es que afetam o\n      c\u00e9rebro tamb\u00e9m influenciam o sistema digestivo, gerando dor e mal-estar ao mesmo tempo.\n    <\/div>\n  <\/div>\n\n  <div class=\"card alt\">\n    <span class=\"tag\">Dado cl\u00ednico<\/span>\n    <div class=\"card-text\">\n      Cerca de <strong>1 em cada 3 pessoas com enxaqueca<\/strong> relata n\u00e1usea como um dos\n      sintomas mais inc\u00f4modos durante as crises.\n    <\/div>\n  <\/div>\n<\/div>\n\n<!-- CAUSAS -->\n<h3>10 principais causas de dor de cabe\u00e7a com enjoo<\/h3>\n<div class=\"grid-3\">\n  <div class=\"card\"><div class=\"card-title\">Enxaqueca<\/div><div class=\"card-text\">Dor latejante unilateral com n\u00e1usea intensa e sensibilidade \u00e0 luz.<\/div><\/div>\n  <div class=\"card\"><div class=\"card-title\">Hipoglicemia<\/div><div class=\"card-text\">Queda do a\u00e7\u00facar no sangue com dor, tremores e confus\u00e3o.<\/div><\/div>\n  <div class=\"card\"><div class=\"card-title\">Desidrata\u00e7\u00e3o<\/div><div class=\"card-text\">Falta de l\u00edquidos contrai tecidos cerebrais e provoca enjoo.<\/div><\/div>\n  <div class=\"card\"><div class=\"card-title\">Intoxica\u00e7\u00e3o alimentar<\/div><div class=\"card-text\">V\u00f4mitos, diarreia e cefaleia ap\u00f3s ingest\u00e3o de alimentos contaminados.<\/div><\/div>\n  <div class=\"card\"><div class=\"card-title\">Gastroenterite viral<\/div><div class=\"card-text\">Infec\u00e7\u00e3o intestinal com n\u00e1usea, v\u00f4mito e dor de cabe\u00e7a.<\/div><\/div>\n  <div class=\"card\"><div class=\"card-title\">Gravidez<\/div><div class=\"card-text\">Altera\u00e7\u00f5es hormonais causam enjoo e cefaleia, sobretudo no 1\u00ba trimestre.<\/div><\/div>\n  <div class=\"card\"><div class=\"card-title\">Cefaleia tensional<\/div><div class=\"card-text\">Tens\u00e3o muscular intensa pode gerar dor com n\u00e1usea.<\/div><\/div>\n  <div class=\"card\"><div class=\"card-title\">Ressaca<\/div><div class=\"card-text\">\u00c1lcool provoca desidrata\u00e7\u00e3o, cefaleia e enjoo.<\/div><\/div>\n  <div class=\"card\"><div class=\"card-title\">Sinusite<\/div><div class=\"card-text\">Press\u00e3o nos seios da face causa dor e mal-estar.<\/div><\/div>\n  <div class=\"card alert\"><div class=\"card-title\">Meningite<\/div><div class=\"card-text\">Infec\u00e7\u00e3o grave com febre alta, rigidez de nuca e v\u00f4mitos.<\/div><\/div>\n<\/div>\n\n<!-- AL\u00cdVIO -->\n<h3>Medidas que ajudam a aliviar os sintomas<\/h3>\n<div class=\"grid-3\">\n  <div class=\"card\"><div class=\"card-title\">Hidrata\u00e7\u00e3o<\/div><div class=\"card-text\">Beber \u00e1gua regularmente reduz crises por desidrata\u00e7\u00e3o.<\/div><\/div>\n  <div class=\"card\"><div class=\"card-title\">Alimenta\u00e7\u00e3o regular<\/div><div class=\"card-text\">Comer a cada 3\u20134 horas evita hipoglicemia.<\/div><\/div>\n  <div class=\"card\"><div class=\"card-title\">Repouso<\/div><div class=\"card-text\">Ambiente escuro e silencioso diminui est\u00edmulos.<\/div><\/div>\n  <div class=\"card\"><div class=\"card-title\">Compressas frias<\/div><div class=\"card-text\">Aplicadas na testa ou nuca ajudam a aliviar a dor.<\/div><\/div>\n  <div class=\"card\"><div class=\"card-title\">Gengibre<\/div><div class=\"card-text\">Ch\u00e1 ou extrato auxiliam no controle da n\u00e1usea.<\/div><\/div>\n  <div class=\"card\"><div class=\"card-title\">Redu\u00e7\u00e3o do estresse<\/div><div class=\"card-text\">Relaxamento previne cefaleia tensional.<\/div><\/div>\n<\/div>\n\n<!-- ALERTA -->\n<h3>Quando procurar atendimento m\u00e9dico urgente<\/h3>\n<div class=\"grid-2\">\n  <div class=\"card alert\">\n    <div class=\"card-title\">Sinais de alerta<\/div>\n    <div class=\"card-text\">\n      Dor s\u00fabita e muito intensa, febre alta, rigidez de nuca, confus\u00e3o mental,\n      convuls\u00f5es ou fraqueza em um lado do corpo.\n    <\/div>\n  <\/div>\n\n  <div class=\"card alert\">\n    <div class=\"card-title\">V\u00f4mitos persistentes<\/div>\n    <div class=\"card-text\">\n      Enjoos cont\u00ednuos que impedem hidrata\u00e7\u00e3o, especialmente em crian\u00e7as e idosos,\n      exigem avalia\u00e7\u00e3o imediata.\n    <\/div>\n  <\/div>\n<\/div>\n\n<\/section>\n\n\n\n\n<h2 class=\"wp-block-heading\">Por que a enxaqueca causa tanto enjoo?<\/h2>\n\n\n\n<p>A enxaqueca \u00e9 a causa mais comum de dor de cabe\u00e7a acompanhada de n\u00e1usea intensa. A dor \u00e9 tipicamente latejante ou puls\u00e1til, afeta um lado da cabe\u00e7a e piora com movimento ou atividade f\u00edsica.<\/p>\n\n\n\n<p>O enjoo na enxaqueca ocorre porque o c\u00e9rebro libera subst\u00e2ncias qu\u00edmicas que afetam tanto os centros de dor quanto os centros de n\u00e1usea. A sensibilidade a cheiros, luzes e sons pode agravar ainda mais o mal-estar estomacal durante uma crise.<\/p>\n\n\n<div class=\"wp-block-image\">\n<figure class=\"aligncenter size-large\"><img decoding=\"async\" width=\"1024\" height=\"585\" src=\"https:\/\/www.tuasaude.com\/news\/wp-content\/uploads\/2026\/01\/freepik__35mm-film-photography-pessoa-deitada-em-uma-cama-e__29555-1024x585.jpeg\" alt=\"Dor de cabe\u00e7a com \u00e2nsia de vomitar tem essas 10 causas\" class=\"wp-image-693\" srcset=\"https:\/\/www.tuasaude.com\/news\/wp-content\/uploads\/2026\/01\/freepik__35mm-film-photography-pessoa-deitada-em-uma-cama-e__29555-1024x585.jpeg 1024w, https:\/\/www.tuasaude.com\/news\/wp-content\/uploads\/2026\/01\/freepik__35mm-film-photography-pessoa-deitada-em-uma-cama-e__29555-300x171.jpeg 300w, https:\/\/www.tuasaude.com\/news\/wp-content\/uploads\/2026\/01\/freepik__35mm-film-photography-pessoa-deitada-em-uma-cama-e__29555-768x439.jpeg 768w, https:\/\/www.tuasaude.com\/news\/wp-content\/uploads\/2026\/01\/freepik__35mm-film-photography-pessoa-deitada-em-uma-cama-e__29555-750x428.jpeg 750w, https:\/\/www.tuasaude.com\/news\/wp-content\/uploads\/2026\/01\/freepik__35mm-film-photography-pessoa-deitada-em-uma-cama-e__29555-1140x651.jpeg 1140w, https:\/\/www.tuasaude.com\/news\/wp-content\/uploads\/2026\/01\/freepik__35mm-film-photography-pessoa-deitada-em-uma-cama-e__29555.jpeg 1280w\" sizes=\"(max-width: 1024px) 100vw, 1024px\" \/><figcaption class=\"wp-element-caption\">A combina\u00e7\u00e3o de dor de cabe\u00e7a e enjoo pode ter m\u00faltiplas causas que variam em gravidade<\/figcaption><\/figure>\n<\/div>\n\n\n<h2 class=\"wp-block-heading\">Como aliviar a dor de cabe\u00e7a e o enjoo?<\/h2>\n\n\n\n<p>O tratamento depende da causa subjacente dos sintomas. Para hipoglicemia, \u00e9 essencial consumir 15 gramas de carboidratos simples como suco de fruta ou mel. Para desidrata\u00e7\u00e3o, <a href=\"https:\/\/pmc.ncbi.nlm.nih.gov\/articles\/PMC8280611\/\" target=\"_blank\" rel=\"noreferrer noopener\">segundo o estudo (Dehydration and Headache), publicado na PMC<\/a>, beber pelo menos 1,5 litro de \u00e1gua pode reduzir significativamente a frequ\u00eancia e intensidade das crises.<\/p>\n\n\n\n<p>Analg\u00e9sicos de venda livre como paracetamol ou ibuprofeno ajudam a controlar a dor de cabe\u00e7a. Medicamentos antiem\u00e9ticos como metoclopramida ou dimenidrinato aliviam o enjoo e podem ser combinados com analg\u00e9sicos para maior efic\u00e1cia. Repouso em ambiente escuro e silencioso, compressas frias na testa e respira\u00e7\u00e3o profunda tamb\u00e9m proporcionam al\u00edvio.<\/p>\n\n\n\n<p><strong>Medidas para aliviar os sintomas:<\/strong><\/p>\n\n\n\n<ul class=\"wp-block-list\">\n<li><strong>Hidrata\u00e7\u00e3o adequada<\/strong>: beber \u00e1gua regularmente previne crises por desidrata\u00e7\u00e3o<\/li>\n\n\n\n<li><strong>Alimenta\u00e7\u00e3o regular<\/strong>: comer a cada 3-4 horas evita quedas de a\u00e7\u00facar no sangue<\/li>\n\n\n\n<li><strong>Repouso<\/strong>: descansar em local escuro e silencioso reduz est\u00edmulos que pioram a dor<\/li>\n\n\n\n<li><strong>Compressas frias<\/strong>: aplicar na testa ou nuca ajuda a diminuir a inflama\u00e7\u00e3o<\/li>\n\n\n\n<li><strong>Evitar gatilhos<\/strong>: identificar e evitar alimentos, cheiros ou situa\u00e7\u00f5es que desencadeiam crises<\/li>\n\n\n\n<li><strong>Gengibre<\/strong>: ch\u00e1 ou suplementos de gengibre t\u00eam efeito comprovado contra n\u00e1usea<\/li>\n\n\n\n<li><strong>Gerenciamento de estresse<\/strong>: t\u00e9cnicas de relaxamento previnem cefaleia tensional<\/li>\n<\/ul>\n\n\n<div class=\"wp-block-image\">\n<figure class=\"aligncenter size-large\"><img decoding=\"async\" width=\"1024\" height=\"572\" src=\"https:\/\/www.tuasaude.com\/news\/wp-content\/uploads\/2026\/01\/freepik__dor-de-cabea-com-enjoo-o-que-pode-ser-e-quando-se-__48861-1-1024x572.png\" alt=\"Dor de cabe\u00e7a com \u00e2nsia de vomitar tem essas 10 causas\" class=\"wp-image-731\" srcset=\"https:\/\/www.tuasaude.com\/news\/wp-content\/uploads\/2026\/01\/freepik__dor-de-cabea-com-enjoo-o-que-pode-ser-e-quando-se-__48861-1-1024x572.png 1024w, https:\/\/www.tuasaude.com\/news\/wp-content\/uploads\/2026\/01\/freepik__dor-de-cabea-com-enjoo-o-que-pode-ser-e-quando-se-__48861-1-300x167.png 300w, https:\/\/www.tuasaude.com\/news\/wp-content\/uploads\/2026\/01\/freepik__dor-de-cabea-com-enjoo-o-que-pode-ser-e-quando-se-__48861-1-768x429.png 768w, https:\/\/www.tuasaude.com\/news\/wp-content\/uploads\/2026\/01\/freepik__dor-de-cabea-com-enjoo-o-que-pode-ser-e-quando-se-__48861-1-750x419.png 750w, https:\/\/www.tuasaude.com\/news\/wp-content\/uploads\/2026\/01\/freepik__dor-de-cabea-com-enjoo-o-que-pode-ser-e-quando-se-__48861-1-1140x636.png 1140w, https:\/\/www.tuasaude.com\/news\/wp-content\/uploads\/2026\/01\/freepik__dor-de-cabea-com-enjoo-o-que-pode-ser-e-quando-se-__48861-1.png 1279w\" sizes=\"(max-width: 1024px) 100vw, 1024px\" \/><figcaption class=\"wp-element-caption\">A combina\u00e7\u00e3o de dor de cabe\u00e7a e enjoo pode ter m\u00faltiplas causas que variam em gravidade<\/figcaption><\/figure>\n<\/div>\n\n\n<h2 class=\"wp-block-heading\">Quando procurar atendimento m\u00e9dico urgente?<\/h2>\n\n\n\n<p>Alguns sintomas indicam condi\u00e7\u00f5es graves que requerem atendimento m\u00e9dico imediato. Dor de cabe\u00e7a s\u00fabita e extremamente intensa, conhecida como &#8220;cefaleia em trovoada&#8221;, pode sinalizar hemorragia cerebral ou meningite.<\/p>\n\n\n\n<p>Procure ajuda m\u00e9dica urgente se houver febre alta acima de 38,5\u00b0C acompanhada de rigidez de nuca, confus\u00e3o mental, convuls\u00f5es, fraqueza em um lado do corpo, altera\u00e7\u00f5es na vis\u00e3o ou dificuldade para falar. V\u00f4mitos persistentes que impedem hidrata\u00e7\u00e3o, especialmente em crian\u00e7as ou idosos, tamb\u00e9m necessitam avalia\u00e7\u00e3o m\u00e9dica imediata para prevenir complica\u00e7\u00f5es graves como desidrata\u00e7\u00e3o severa.<\/p>\n","protected":false},"excerpt":{"rendered":"<p>A dor de cabe\u00e7a acompanhada de enjoo \u00e9 uma combina\u00e7\u00e3o de sintomas bastante comum que pode ter diversas origens, desde problemas simples como desidrata\u00e7\u00e3o e hipoglicemia at\u00e9 condi\u00e7\u00f5es mais s\u00e9rias como enxaqueca, intoxica\u00e7\u00e3o alimentar ou meningite. Segundo a WebMD, cerca de um ter\u00e7o das pessoas que sofrem de enxaqueca relatam que a n\u00e1usea \u00e9 um [&hellip;]<\/p>\n","protected":false},"author":7,"featured_media":691,"comment_status":"open","ping_status":"open","sticky":false,"template":"","format":"standard","meta":{"_yoast_wpseo_focuskw":"dor de cabe\u00e7a","_yoast_wpseo_title":"","_yoast_wpseo_metadesc":"Comer de 3 em 3 horas e tomar \u00e1gua previnem crises. Sinais como pesco\u00e7o travado e dor s\u00fabita tipo explos\u00e3o indicam emerg\u00eancia neurol\u00f3gica","jnews-multi-image_gallery":[],"jnews_single_post":{"format":"standard"},"jnews_primary_category":[],"jnews_social_meta":[],"jnews_override_counter":[],"footnotes":""},"categories":[111],"tags":[283,282,284],"class_list":["post-663","post","type-post","status-publish","format-standard","has-post-thumbnail","hentry","category-saude","tag-ansia","tag-dor-de-cabeca","tag-vomito"],"yoast_head":"<!-- This site is optimized with the Yoast SEO plugin v26.7 - https:\/\/yoast.com\/wordpress\/plugins\/seo\/ -->\n<title>Dor de cabe\u00e7a com \u00e2nsia de vomitar tem essas 10 causas - Tua Sa\u00fade<\/title>\n<meta name=\"description\" content=\"Comer de 3 em 3 horas e tomar \u00e1gua previnem crises. Sinais como pesco\u00e7o travado e dor s\u00fabita tipo explos\u00e3o indicam emerg\u00eancia neurol\u00f3gica\" \/>\n<meta name=\"robots\" content=\"index, follow, max-snippet:-1, max-image-preview:large, max-video-preview:-1\" \/>\n<link rel=\"canonical\" href=\"https:\/\/www.tuasaude.com\/news\/2026\/01\/12\/dor-de-cabeca-com-ansia-de-vomitar-tem-essas-10-causas\/\" \/>\n<meta property=\"og:locale\" content=\"pt_BR\" \/>\n<meta property=\"og:type\" content=\"article\" \/>\n<meta property=\"og:title\" content=\"Dor de cabe\u00e7a com \u00e2nsia de vomitar tem essas 10 causas - Tua Sa\u00fade\" \/>\n<meta property=\"og:description\" content=\"Comer de 3 em 3 horas e tomar \u00e1gua previnem crises. Sinais como pesco\u00e7o travado e dor s\u00fabita tipo explos\u00e3o indicam emerg\u00eancia neurol\u00f3gica\" \/>\n<meta property=\"og:url\" content=\"https:\/\/www.tuasaude.com\/news\/2026\/01\/12\/dor-de-cabeca-com-ansia-de-vomitar-tem-essas-10-causas\/\" \/>\n<meta property=\"og:site_name\" content=\"Tua Sa\u00fade\" \/>\n<meta property=\"article:published_time\" content=\"2026-01-12T23:32:48+00:00\" \/>\n<meta property=\"article:modified_time\" content=\"2026-01-14T16:18:04+00:00\" \/>\n<meta property=\"og:image\" content=\"https:\/\/www.tuasaude.com\/news\/wp-content\/uploads\/2026\/01\/freepik__35mm-film-photography-pessoa-adulta-sentada-no-sof__29554.jpeg\" \/>\n\t<meta property=\"og:image:width\" content=\"1280\" \/>\n\t<meta property=\"og:image:height\" content=\"731\" \/>\n\t<meta property=\"og:image:type\" content=\"image\/jpeg\" \/>\n<meta name=\"author\" content=\"Carlos Emanoel\" \/>\n<meta name=\"twitter:card\" content=\"summary_large_image\" \/>\n<meta name=\"twitter:label1\" content=\"Escrito por\" \/>\n\t<meta name=\"twitter:data1\" content=\"Carlos Emanoel\" \/>\n\t<meta name=\"twitter:label2\" content=\"Est. tempo de leitura\" \/>\n\t<meta name=\"twitter:data2\" content=\"1 minuto\" \/>\n<!-- \/ Yoast SEO plugin. -->","yoast_head_json":{"title":"Dor de cabe\u00e7a com \u00e2nsia de vomitar tem essas 10 causas - Tua Sa\u00fade","description":"Comer de 3 em 3 horas e tomar \u00e1gua previnem crises. Sinais como pesco\u00e7o travado e dor s\u00fabita tipo explos\u00e3o indicam emerg\u00eancia neurol\u00f3gica","robots":{"index":"index","follow":"follow","max-snippet":"max-snippet:-1","max-image-preview":"max-image-preview:large","max-video-preview":"max-video-preview:-1"},"canonical":"https:\/\/www.tuasaude.com\/news\/2026\/01\/12\/dor-de-cabeca-com-ansia-de-vomitar-tem-essas-10-causas\/","og_locale":"pt_BR","og_type":"article","og_title":"Dor de cabe\u00e7a com \u00e2nsia de vomitar tem essas 10 causas - Tua Sa\u00fade","og_description":"Comer de 3 em 3 horas e tomar \u00e1gua previnem crises. Sinais como pesco\u00e7o travado e dor s\u00fabita tipo explos\u00e3o indicam emerg\u00eancia neurol\u00f3gica","og_url":"https:\/\/www.tuasaude.com\/news\/2026\/01\/12\/dor-de-cabeca-com-ansia-de-vomitar-tem-essas-10-causas\/","og_site_name":"Tua Sa\u00fade","article_published_time":"2026-01-12T23:32:48+00:00","article_modified_time":"2026-01-14T16:18:04+00:00","og_image":[{"width":1280,"height":731,"url":"https:\/\/www.tuasaude.com\/news\/wp-content\/uploads\/2026\/01\/freepik__35mm-film-photography-pessoa-adulta-sentada-no-sof__29554.jpeg","type":"image\/jpeg"}],"author":"Carlos Emanoel","twitter_card":"summary_large_image","twitter_misc":{"Escrito por":"Carlos Emanoel","Est. tempo de leitura":"1 minuto"},"schema":{"@context":"https:\/\/schema.org","@graph":[{"@type":"Article","@id":"https:\/\/www.tuasaude.com\/news\/2026\/01\/12\/dor-de-cabeca-com-ansia-de-vomitar-tem-essas-10-causas\/#article","isPartOf":{"@id":"https:\/\/www.tuasaude.com\/news\/2026\/01\/12\/dor-de-cabeca-com-ansia-de-vomitar-tem-essas-10-causas\/"},"author":{"name":"Carlos Emanoel","@id":"https:\/\/www.tuasaude.com\/news\/#\/schema\/person\/0209173c87289752104ffda721220a20"},"headline":"Dor de cabe\u00e7a com \u00e2nsia de vomitar tem essas 10 causas","datePublished":"2026-01-12T23:32:48+00:00","dateModified":"2026-01-14T16:18:04+00:00","mainEntityOfPage":{"@id":"https:\/\/www.tuasaude.com\/news\/2026\/01\/12\/dor-de-cabeca-com-ansia-de-vomitar-tem-essas-10-causas\/"},"wordCount":959,"commentCount":0,"image":{"@id":"https:\/\/www.tuasaude.com\/news\/2026\/01\/12\/dor-de-cabeca-com-ansia-de-vomitar-tem-essas-10-causas\/#primaryimage"},"thumbnailUrl":"https:\/\/www.tuasaude.com\/news\/wp-content\/uploads\/2026\/01\/freepik__35mm-film-photography-pessoa-adulta-sentada-no-sof__29554.jpeg","keywords":["\u00e2nsia","dor de cabe\u00e7a","vomito"],"articleSection":["Sa\u00fade"],"inLanguage":"pt-BR","potentialAction":[{"@type":"CommentAction","name":"Comment","target":["https:\/\/www.tuasaude.com\/news\/2026\/01\/12\/dor-de-cabeca-com-ansia-de-vomitar-tem-essas-10-causas\/#respond"]}]},{"@type":"WebPage","@id":"https:\/\/www.tuasaude.com\/news\/2026\/01\/12\/dor-de-cabeca-com-ansia-de-vomitar-tem-essas-10-causas\/","url":"https:\/\/www.tuasaude.com\/news\/2026\/01\/12\/dor-de-cabeca-com-ansia-de-vomitar-tem-essas-10-causas\/","name":"Dor de cabe\u00e7a com \u00e2nsia de vomitar tem essas 10 causas - Tua Sa\u00fade","isPartOf":{"@id":"https:\/\/www.tuasaude.com\/news\/#website"},"primaryImageOfPage":{"@id":"https:\/\/www.tuasaude.com\/news\/2026\/01\/12\/dor-de-cabeca-com-ansia-de-vomitar-tem-essas-10-causas\/#primaryimage"},"image":{"@id":"https:\/\/www.tuasaude.com\/news\/2026\/01\/12\/dor-de-cabeca-com-ansia-de-vomitar-tem-essas-10-causas\/#primaryimage"},"thumbnailUrl":"https:\/\/www.tuasaude.com\/news\/wp-content\/uploads\/2026\/01\/freepik__35mm-film-photography-pessoa-adulta-sentada-no-sof__29554.jpeg","datePublished":"2026-01-12T23:32:48+00:00","dateModified":"2026-01-14T16:18:04+00:00","author":{"@id":"https:\/\/www.tuasaude.com\/news\/#\/schema\/person\/0209173c87289752104ffda721220a20"},"description":"Comer de 3 em 3 horas e tomar \u00e1gua previnem crises. Sinais como pesco\u00e7o travado e dor s\u00fabita tipo explos\u00e3o indicam emerg\u00eancia neurol\u00f3gica","breadcrumb":{"@id":"https:\/\/www.tuasaude.com\/news\/2026\/01\/12\/dor-de-cabeca-com-ansia-de-vomitar-tem-essas-10-causas\/#breadcrumb"},"inLanguage":"pt-BR","potentialAction":[{"@type":"ReadAction","target":["https:\/\/www.tuasaude.com\/news\/2026\/01\/12\/dor-de-cabeca-com-ansia-de-vomitar-tem-essas-10-causas\/"]}]},{"@type":"ImageObject","inLanguage":"pt-BR","@id":"https:\/\/www.tuasaude.com\/news\/2026\/01\/12\/dor-de-cabeca-com-ansia-de-vomitar-tem-essas-10-causas\/#primaryimage","url":"https:\/\/www.tuasaude.com\/news\/wp-content\/uploads\/2026\/01\/freepik__35mm-film-photography-pessoa-adulta-sentada-no-sof__29554.jpeg","contentUrl":"https:\/\/www.tuasaude.com\/news\/wp-content\/uploads\/2026\/01\/freepik__35mm-film-photography-pessoa-adulta-sentada-no-sof__29554.jpeg","width":1280,"height":731,"caption":"A combina\u00e7\u00e3o de dor de cabe\u00e7a e enjoo pode ter m\u00faltiplas causas que variam em gravidade"},{"@type":"BreadcrumbList","@id":"https:\/\/www.tuasaude.com\/news\/2026\/01\/12\/dor-de-cabeca-com-ansia-de-vomitar-tem-essas-10-causas\/#breadcrumb","itemListElement":[{"@type":"ListItem","position":1,"name":"In\u00edcio","item":"https:\/\/www.tuasaude.com\/news\/"},{"@type":"ListItem","position":2,"name":"Dor de cabe\u00e7a com \u00e2nsia de vomitar tem essas 10 causas"}]},{"@type":"WebSite","@id":"https:\/\/www.tuasaude.com\/news\/#website","url":"https:\/\/www.tuasaude.com\/news\/","name":"Tua Sa\u00fade","description":"Seu site de sa\u00fade","potentialAction":[{"@type":"SearchAction","target":{"@type":"EntryPoint","urlTemplate":"https:\/\/www.tuasaude.com\/news\/?s={search_term_string}"},"query-input":{"@type":"PropertyValueSpecification","valueRequired":true,"valueName":"search_term_string"}}],"inLanguage":"pt-BR"},{"@type":"Person","@id":"https:\/\/www.tuasaude.com\/news\/#\/schema\/person\/0209173c87289752104ffda721220a20","name":"Carlos Emanoel","image":{"@type":"ImageObject","inLanguage":"pt-BR","@id":"https:\/\/www.tuasaude.com\/news\/#\/schema\/person\/image\/","url":"https:\/\/secure.gravatar.com\/avatar\/30e1f067eeac67dde63039d7e35ed50e59f4d189925ea75d1bc1690d1a9fe491?s=96&d=mm&r=g","contentUrl":"https:\/\/secure.gravatar.com\/avatar\/30e1f067eeac67dde63039d7e35ed50e59f4d189925ea75d1bc1690d1a9fe491?s=96&d=mm&r=g","caption":"Carlos Emanoel"},"sameAs":["https:\/\/www.tuasaude.com\/news\/"],"url":"https:\/\/www.tuasaude.com\/news\/author\/carlos-emanoel\/"}]}},"_links":{"self":[{"href":"https:\/\/www.tuasaude.com\/news\/wp-json\/wp\/v2\/posts\/663","targetHints":{"allow":["GET"]}}],"collection":[{"href":"https:\/\/www.tuasaude.com\/news\/wp-json\/wp\/v2\/posts"}],"about":[{"href":"https:\/\/www.tuasaude.com\/news\/wp-json\/wp\/v2\/types\/post"}],"author":[{"embeddable":true,"href":"https:\/\/www.tuasaude.com\/news\/wp-json\/wp\/v2\/users\/7"}],"replies":[{"embeddable":true,"href":"https:\/\/www.tuasaude.com\/news\/wp-json\/wp\/v2\/comments?post=663"}],"version-history":[{"count":3,"href":"https:\/\/www.tuasaude.com\/news\/wp-json\/wp\/v2\/posts\/663\/revisions"}],"predecessor-version":[{"id":732,"href":"https:\/\/www.tuasaude.com\/news\/wp-json\/wp\/v2\/posts\/663\/revisions\/732"}],"wp:featuredmedia":[{"embeddable":true,"href":"https:\/\/www.tuasaude.com\/news\/wp-json\/wp\/v2\/media\/691"}],"wp:attachment":[{"href":"https:\/\/www.tuasaude.com\/news\/wp-json\/wp\/v2\/media?parent=663"}],"wp:term":[{"taxonomy":"category","embeddable":true,"href":"https:\/\/www.tuasaude.com\/news\/wp-json\/wp\/v2\/categories?post=663"},{"taxonomy":"post_tag","embeddable":true,"href":"https:\/\/www.tuasaude.com\/news\/wp-json\/wp\/v2\/tags?post=663"}],"curies":[{"name":"wp","href":"https:\/\/api.w.org\/{rel}","templated":true}]}}