{"id":655,"date":"2026-01-28T17:18:00","date_gmt":"2026-01-28T20:18:00","guid":{"rendered":"https:\/\/www.tuasaude.com\/news\/?p=655"},"modified":"2026-01-28T10:23:11","modified_gmt":"2026-01-28T13:23:11","slug":"manchas-no-rosto-clareiam-com-esses-tratamentos-caseiros-em-4-a-12-semanas-de-uso","status":"publish","type":"post","link":"https:\/\/www.tuasaude.com\/news\/2026\/01\/28\/manchas-no-rosto-clareiam-com-esses-tratamentos-caseiros-em-4-a-12-semanas-de-uso\/","title":{"rendered":"Manchas no rosto clareiam com esses tratamentos caseiros em 4 a 12 semanas de uso"},"content":{"rendered":"\n<p>As manchas no rosto, tamb\u00e9m chamadas de hiperpigmenta\u00e7\u00e3o, s\u00e3o altera\u00e7\u00f5es na colora\u00e7\u00e3o da pele que surgem quando h\u00e1 uma produ\u00e7\u00e3o excessiva de melanina em determinadas \u00e1reas. <a href=\"https:\/\/www.health.harvard.edu\/blog\/melasma-what-are-the-best-treatments-202207112776\" target=\"_blank\" rel=\"noreferrer noopener\">Segundo a Harvard Health<\/a>, essas manchas afetam principalmente mulheres com tons de pele mais escuros e podem ser causadas por exposi\u00e7\u00e3o solar, altera\u00e7\u00f5es hormonais, envelhecimento ou inflama\u00e7\u00f5es na pele. Existem diversas op\u00e7\u00f5es de tratamento para clarear essas manchas, desde procedimentos est\u00e9ticos realizados em consult\u00f3rios dermatol\u00f3gicos at\u00e9 receitas caseiras com ingredientes naturais, embora os resultados variem conforme a profundidade e o tipo da mancha.<\/p>\n\n\n\n<h2 class=\"wp-block-heading\">O que causa as manchas no rosto?<\/h2>\n\n\n\n<p>As <a href=\"https:\/\/www.tuasaude.com\/como-tirar-manchas-do-rosto\/\" target=\"_blank\" rel=\"noreferrer noopener\">manchas faciais<\/a> surgem quando os melan\u00f3citos, c\u00e9lulas respons\u00e1veis pela produ\u00e7\u00e3o de melanina, s\u00e3o estimulados em excesso e produzem uma quantidade maior de pigmento em certas regi\u00f5es da pele. A exposi\u00e7\u00e3o aos raios ultravioleta do sol \u00e9 a causa mais comum, pois a radia\u00e7\u00e3o UV estimula a produ\u00e7\u00e3o de melanina como uma forma de prote\u00e7\u00e3o natural da pele contra os danos solares.<\/p>\n\n\n\n<p>Outras causas frequentes incluem o melasma, uma condi\u00e7\u00e3o desencadeada por mudan\u00e7as hormonais durante a gravidez, uso de anticoncepcionais ou terapia hormonal, que provoca manchas escuras irregulares principalmente nas bochechas, testa e l\u00e1bio superior. A hiperpigmenta\u00e7\u00e3o p\u00f3s-inflamat\u00f3ria tamb\u00e9m \u00e9 comum e ocorre ap\u00f3s uma les\u00e3o ou inflama\u00e7\u00e3o na pele, como acne, queimaduras ou procedimentos est\u00e9ticos agressivos.<\/p>\n\n\n<div class=\"wp-block-image\">\n<figure class=\"aligncenter size-large\"><img decoding=\"async\" width=\"1024\" height=\"585\" src=\"https:\/\/www.tuasaude.com\/news\/wp-content\/uploads\/2026\/01\/freepik__35mm-film-photography-pessoa-aplicando-protetor-so__29548-1024x585.jpeg\" alt=\"Manchas no rosto clareiam com esses tratamentos caseiros em 4 a 12 semanas de uso\" class=\"wp-image-692\" srcset=\"https:\/\/www.tuasaude.com\/news\/wp-content\/uploads\/2026\/01\/freepik__35mm-film-photography-pessoa-aplicando-protetor-so__29548-1024x585.jpeg 1024w, https:\/\/www.tuasaude.com\/news\/wp-content\/uploads\/2026\/01\/freepik__35mm-film-photography-pessoa-aplicando-protetor-so__29548-300x171.jpeg 300w, https:\/\/www.tuasaude.com\/news\/wp-content\/uploads\/2026\/01\/freepik__35mm-film-photography-pessoa-aplicando-protetor-so__29548-768x439.jpeg 768w, https:\/\/www.tuasaude.com\/news\/wp-content\/uploads\/2026\/01\/freepik__35mm-film-photography-pessoa-aplicando-protetor-so__29548-750x428.jpeg 750w, https:\/\/www.tuasaude.com\/news\/wp-content\/uploads\/2026\/01\/freepik__35mm-film-photography-pessoa-aplicando-protetor-so__29548-1140x651.jpeg 1140w, https:\/\/www.tuasaude.com\/news\/wp-content\/uploads\/2026\/01\/freepik__35mm-film-photography-pessoa-aplicando-protetor-so__29548.jpeg 1280w\" sizes=\"(max-width: 1024px) 100vw, 1024px\" \/><figcaption class=\"wp-element-caption\">Os tratamentos est\u00e9ticos profissionais s\u00e3o geralmente mais eficazes para manchas persistentes ou profundas<\/figcaption><\/figure>\n<\/div>\n\n\n<h2 class=\"wp-block-heading\">Quais s\u00e3o os tratamentos est\u00e9ticos para manchas faciais?<\/h2>\n\n\n\n<p>Os tratamentos est\u00e9ticos profissionais s\u00e3o geralmente mais eficazes para manchas persistentes ou profundas, pois utilizam tecnologias e subst\u00e2ncias em concentra\u00e7\u00f5es mais elevadas que atuam em camadas mais profundas da pele. <a href=\"https:\/\/pmc.ncbi.nlm.nih.gov\/articles\/PMC5724304\/\" target=\"_blank\" rel=\"noreferrer noopener\">Segundo a pesquisa (Chemical Peels in Melasma: A Review with Consensus Recommendations by Indian Pigmentary Expert Group), publicada na PMC<\/a> sobre peelings qu\u00edmicos para melasma, esses procedimentos removem as camadas superficiais da pele onde h\u00e1 excesso de pigmento, estimulando a renova\u00e7\u00e3o celular e o crescimento de uma pele nova com tonalidade mais uniforme.<\/p>\n\n\n\n<!-- \ud83d\udca0\u2728 Cards: Tratamentos est\u00e9ticos -->\n<section class=\"tusaude-tratamentos-esteticos\">\n\n<style>\n.tusaude-tratamentos-esteticos{\n  --bg:#ffffff;\n  --card:#f0f9ff;\n  --text:#0f172a;\n  --muted:#475569;\n  --primary:#0284c7;\n  --border:#bae6fd;\n  --radius:16px;\n  --shadow:0 6px 18px rgba(2,132,199,.15);\n\n  margin:2rem 0;\n  font-family:\"Poppins\",sans-serif;\n}\n\n.tusaude-tratamentos-esteticos h3{\n  font-size:1.35rem;\n  font-weight:800;\n  color:#075985;\n  margin-bottom:1.2rem;\n}\n\n\/* grid *\/\n.tratamentos-grid{\n  display:grid;\n  grid-template-columns:repeat(auto-fit, minmax(260px, 1fr));\n  gap:1rem;\n}\n\n\/* card *\/\n.tratamento-card{\n  background:var(--card);\n  border:1px solid var(--border);\n  border-radius:var(--radius);\n  padding:1.1rem 1.2rem;\n  box-shadow:var(--shadow);\n}\n\n\/* t\u00edtulo *\/\n.tratamento-titulo{\n  font-weight:800;\n  color:#075985;\n  font-size:1.05rem;\n  margin-bottom:.4rem;\n}\n\n\/* descri\u00e7\u00e3o *\/\n.tratamento-desc{\n  font-size:.93rem;\n  color:var(--muted);\n  line-height:1.5;\n}\n\n\/* destaque *\/\n.tratamento-tag{\n  display:inline-block;\n  margin-bottom:.45rem;\n  padding:.3rem .6rem;\n  font-size:.7rem;\n  font-weight:700;\n  letter-spacing:.04em;\n  text-transform:uppercase;\n  color:#0369a1;\n  background:#e0f2fe;\n  border-radius:999px;\n}\n\n\/* mobile *\/\n@media(max-width:600px){\n  .tusaude-tratamentos-esteticos h3{\n    font-size:1.2rem;\n  }\n}\n<\/style>\n\n<h3>Principais tratamentos est\u00e9ticos dispon\u00edveis<\/h3>\n\n<div class=\"tratamentos-grid\">\n\n  <div class=\"tratamento-card\">\n    <span class=\"tratamento-tag\">Peeling<\/span>\n    <div class=\"tratamento-titulo\">Peeling qu\u00edmico com \u00e1cido glic\u00f3lico<\/div>\n    <div class=\"tratamento-desc\">\n      Utiliza concentra\u00e7\u00f5es de 30% a 70% para remover a camada superficial pigmentada,\n      sendo aplicado em intervalos de 2 a 3 semanas.\n    <\/div>\n  <\/div>\n\n  <div class=\"tratamento-card\">\n    <span class=\"tratamento-tag\">Peeling<\/span>\n    <div class=\"tratamento-titulo\">Peeling de \u00e1cido salic\u00edlico<\/div>\n    <div class=\"tratamento-desc\">\n      Ideal para peles oleosas e com acne, possui a\u00e7\u00e3o anti-inflamat\u00f3ria e clareadora,\n      geralmente em concentra\u00e7\u00f5es de 20% a 30%.\n    <\/div>\n  <\/div>\n\n  <div class=\"tratamento-card\">\n    <span class=\"tratamento-tag\">Avan\u00e7ado<\/span>\n    <div class=\"tratamento-titulo\">Peeling de TCA<\/div>\n    <div class=\"tratamento-desc\">\n      Um dos peelings mais potentes, penetra camadas mais profundas da pele para tratar\n      manchas resistentes, idade avan\u00e7ada e melasma severo.\n    <\/div>\n  <\/div>\n\n  <div class=\"tratamento-card\">\n    <span class=\"tratamento-tag\">Tecnologia<\/span>\n    <div class=\"tratamento-titulo\">Terapia a laser<\/div>\n    <div class=\"tratamento-desc\">\n      Destr\u00f3i c\u00e9lulas com excesso de pigmento por meio de luz concentrada,\n      sendo eficaz para manchas solares e sardas.\n    <\/div>\n  <\/div>\n\n  <div class=\"tratamento-card\">\n    <span class=\"tratamento-tag\">Est\u00edmulo<\/span>\n    <div class=\"tratamento-titulo\">Microagulhamento<\/div>\n    <div class=\"tratamento-desc\">\n      Cria microperfura\u00e7\u00f5es na pele para estimular a produ\u00e7\u00e3o de col\u00e1geno e a renova\u00e7\u00e3o\n      celular, melhorando textura e uniformidade do tom.\n    <\/div>\n  <\/div>\n\n<\/div>\n<\/section>\n\n\n\n\n<h2 class=\"wp-block-heading\">Como tratar manchas do rosto em casa?<\/h2>\n\n\n\n<p>Os tratamentos caseiros s\u00e3o uma alternativa mais acess\u00edvel e suave para manchas leves a moderadas, utilizando ingredientes naturais que possuem propriedades clareadoras, antioxidantes ou esfoliantes. Esses m\u00e9todos geralmente levam mais tempo para apresentar resultados vis\u00edveis, normalmente entre 4 a 12 semanas de uso consistente, e s\u00e3o mais indicados para hiperpigmenta\u00e7\u00e3o superficial.<\/p>\n\n\n\n<p><strong>Op\u00e7\u00f5es de tratamento caseiro:<\/strong><\/p>\n\n\n\n<ul class=\"wp-block-list\">\n<li><strong>Vitamina C em soro<\/strong>: um antioxidante potente que reduz a produ\u00e7\u00e3o de melanina e ilumina a pele, deve ser aplicado pela manh\u00e3 antes do protetor solar<\/li>\n\n\n\n<li><strong>Gel de aloe vera<\/strong>: cont\u00e9m alo\u00edna, um composto natural que inibe a produ\u00e7\u00e3o de melanina e promove a renova\u00e7\u00e3o celular, pode ser aplicado duas vezes ao dia<\/li>\n\n\n\n<li><strong>C\u00farcuma com iogurte<\/strong>: a c\u00farcuma possui curcumina, um anti-inflamat\u00f3rio natural que reduz a pigmenta\u00e7\u00e3o, misture uma colher de c\u00farcuma com iogurte e aplique por 15 minutos<\/li>\n<\/ul>\n\n\n\n<p>\u00c9 importante lembrar que ingredientes como suco de lim\u00e3o, apesar de populares, devem ser usados com extrema cautela pois sua acidez pode irritar a pele e, quando exposta ao sol, causar ainda mais manchas ao inv\u00e9s de clarear.<\/p>\n\n\n\n<h2 class=\"wp-block-heading\">Os tratamentos caseiros s\u00e3o eficazes contra manchas?<\/h2>\n\n\n\n<p>Os tratamentos caseiros podem ser eficazes para hiperpigmenta\u00e7\u00e3o leve a moderada, especialmente quando usados de forma consistente e combinados com prote\u00e7\u00e3o solar rigorosa. No entanto, eles apresentam limita\u00e7\u00f5es importantes em compara\u00e7\u00e3o aos tratamentos profissionais, pois utilizam concentra\u00e7\u00f5es muito mais baixas de ingredientes ativos e n\u00e3o penetram nas camadas mais profundas da pele onde algumas manchas est\u00e3o localizadas.<\/p>\n\n\n\n<p>Para casos de melasma severo, manchas d\u00e9rmicas profundas ou hiperpigmenta\u00e7\u00e3o que n\u00e3o responde aos cuidados caseiros ap\u00f3s v\u00e1rios meses de uso, \u00e9 recomend\u00e1vel procurar um dermatologista para avalia\u00e7\u00e3o. Os tratamentos profissionais combinam m\u00faltiplas abordagens, como peelings qu\u00edmicos, laser e produtos t\u00f3picos medicamentosos, oferecendo resultados mais r\u00e1pidos e eficazes, embora com custo mais elevado e possibilidade de efeitos colaterais tempor\u00e1rios como vermelhid\u00e3o e descama\u00e7\u00e3o.<\/p>\n\n\n<div class=\"wp-block-image\">\n<figure class=\"aligncenter size-large\"><img decoding=\"async\" width=\"1024\" height=\"571\" src=\"https:\/\/www.tuasaude.com\/news\/wp-content\/uploads\/2026\/01\/freepik__crie-um-infogrfico-horizontal-intituladomanchas-no__31054-1024x571.png\" alt=\"Manchas no rosto clareiam com esses tratamentos caseiros em 4 a 12 semanas de uso\" class=\"wp-image-719\" srcset=\"https:\/\/www.tuasaude.com\/news\/wp-content\/uploads\/2026\/01\/freepik__crie-um-infogrfico-horizontal-intituladomanchas-no__31054-1024x571.png 1024w, https:\/\/www.tuasaude.com\/news\/wp-content\/uploads\/2026\/01\/freepik__crie-um-infogrfico-horizontal-intituladomanchas-no__31054-300x167.png 300w, https:\/\/www.tuasaude.com\/news\/wp-content\/uploads\/2026\/01\/freepik__crie-um-infogrfico-horizontal-intituladomanchas-no__31054-768x428.png 768w, https:\/\/www.tuasaude.com\/news\/wp-content\/uploads\/2026\/01\/freepik__crie-um-infogrfico-horizontal-intituladomanchas-no__31054-750x418.png 750w, https:\/\/www.tuasaude.com\/news\/wp-content\/uploads\/2026\/01\/freepik__crie-um-infogrfico-horizontal-intituladomanchas-no__31054-1140x636.png 1140w, https:\/\/www.tuasaude.com\/news\/wp-content\/uploads\/2026\/01\/freepik__crie-um-infogrfico-horizontal-intituladomanchas-no__31054.png 1280w\" sizes=\"(max-width: 1024px) 100vw, 1024px\" \/><figcaption class=\"wp-element-caption\">Os tratamentos est\u00e9ticos profissionais s\u00e3o geralmente mais eficazes para manchas persistentes ou profundas<\/figcaption><\/figure>\n<\/div>\n\n\n<h2 class=\"wp-block-heading\">Como prevenir o aparecimento de novas manchas?<\/h2>\n\n\n\n<p>A preven\u00e7\u00e3o \u00e9 fundamental para evitar o surgimento de novas manchas e impedir que as manchas existentes escure\u00e7am ainda mais, sendo mais eficaz do que qualquer tratamento isolado. Segundo a Harvard Health, o uso di\u00e1rio de protetor solar de amplo espectro com FPS 30 ou superior \u00e9 a medida mais importante, pois os raios UV e at\u00e9 mesmo a luz vis\u00edvel podem estimular a produ\u00e7\u00e3o de melanina e piorar a hiperpigmenta\u00e7\u00e3o.<\/p>\n\n\n\n<p>Para pessoas com tend\u00eancia ao melasma ou manchas faciais, \u00e9 recomend\u00e1vel usar protetores solares com tonalidade que contenham \u00f3xido de ferro, pois esses bloqueiam n\u00e3o apenas os raios UVA e UVB, mas tamb\u00e9m a luz vis\u00edvel que pode agravar as manchas. Al\u00e9m da prote\u00e7\u00e3o solar, evite exposi\u00e7\u00e3o direta ao sol entre 10h e 16h, use chap\u00e9us de abas largas e, se poss\u00edvel, evite medicamentos hormonais que possam desencadear melasma. Ao seguir essas recomenda\u00e7\u00f5es preventivas e procurar orienta\u00e7\u00e3o m\u00e9dica profissional quando necess\u00e1rio, \u00e9 poss\u00edvel manter um tom de pele mais uniforme e saud\u00e1vel.<\/p>\n","protected":false},"excerpt":{"rendered":"<p>As manchas no rosto, tamb\u00e9m chamadas de hiperpigmenta\u00e7\u00e3o, s\u00e3o altera\u00e7\u00f5es na colora\u00e7\u00e3o da pele que surgem quando h\u00e1 uma produ\u00e7\u00e3o excessiva de melanina em determinadas \u00e1reas. Segundo a Harvard Health, essas manchas afetam principalmente mulheres com tons de pele mais escuros e podem ser causadas por exposi\u00e7\u00e3o solar, altera\u00e7\u00f5es hormonais, envelhecimento ou inflama\u00e7\u00f5es na pele. [&hellip;]<\/p>\n","protected":false},"author":7,"featured_media":695,"comment_status":"open","ping_status":"open","sticky":false,"template":"","format":"standard","meta":{"_yoast_wpseo_focuskw":"manchas no rosto","_yoast_wpseo_title":"","_yoast_wpseo_metadesc":"Peeling qu\u00edmico, laser e vitamina C tratam manchas em profundidades diferentes. Receitas caseiras com aloe vera funcionam mas levam meses","jnews-multi-image_gallery":[],"jnews_single_post":{"format":"standard"},"jnews_primary_category":[],"jnews_social_meta":[],"jnews_override_counter":[],"footnotes":""},"categories":[111],"tags":[145,237,136,238],"class_list":["post-655","post","type-post","status-publish","format-standard","has-post-thumbnail","hentry","category-saude","tag-bem-estar","tag-manchas-no-rosto","tag-saude","tag-tratamento-caseiro"],"yoast_head":"<!-- This site is optimized with the Yoast SEO plugin v26.7 - https:\/\/yoast.com\/wordpress\/plugins\/seo\/ -->\n<title>Manchas no rosto clareiam com esses tratamentos caseiros em 4 a 12 semanas de uso - Tua Sa\u00fade<\/title>\n<meta name=\"description\" content=\"Peeling qu\u00edmico, laser e vitamina C tratam manchas em profundidades diferentes. Receitas caseiras com aloe vera funcionam mas levam meses\" \/>\n<meta name=\"robots\" content=\"index, follow, max-snippet:-1, max-image-preview:large, max-video-preview:-1\" \/>\n<link rel=\"canonical\" href=\"https:\/\/www.tuasaude.com\/news\/2026\/01\/28\/manchas-no-rosto-clareiam-com-esses-tratamentos-caseiros-em-4-a-12-semanas-de-uso\/\" \/>\n<meta property=\"og:locale\" content=\"pt_BR\" \/>\n<meta property=\"og:type\" content=\"article\" \/>\n<meta property=\"og:title\" content=\"Manchas no rosto clareiam com esses tratamentos caseiros em 4 a 12 semanas de uso - Tua Sa\u00fade\" \/>\n<meta property=\"og:description\" content=\"Peeling qu\u00edmico, laser e vitamina C tratam manchas em profundidades diferentes. Receitas caseiras com aloe vera funcionam mas levam meses\" \/>\n<meta property=\"og:url\" content=\"https:\/\/www.tuasaude.com\/news\/2026\/01\/28\/manchas-no-rosto-clareiam-com-esses-tratamentos-caseiros-em-4-a-12-semanas-de-uso\/\" \/>\n<meta property=\"og:site_name\" content=\"Tua Sa\u00fade\" \/>\n<meta property=\"article:published_time\" content=\"2026-01-28T20:18:00+00:00\" \/>\n<meta property=\"og:image\" content=\"https:\/\/www.tuasaude.com\/news\/wp-content\/uploads\/2026\/01\/freepik__35mm-film-photography-rosto-de-uma-mulher-adulta-c__29549.jpeg\" \/>\n\t<meta property=\"og:image:width\" content=\"1280\" \/>\n\t<meta property=\"og:image:height\" content=\"731\" \/>\n\t<meta property=\"og:image:type\" content=\"image\/jpeg\" \/>\n<meta name=\"author\" content=\"Carlos Emanoel\" \/>\n<meta name=\"twitter:card\" content=\"summary_large_image\" \/>\n<meta name=\"twitter:label1\" content=\"Escrito por\" \/>\n\t<meta name=\"twitter:data1\" content=\"Carlos Emanoel\" \/>\n\t<meta name=\"twitter:label2\" content=\"Est. tempo de leitura\" \/>\n\t<meta name=\"twitter:data2\" content=\"6 minutos\" \/>\n<!-- \/ Yoast SEO plugin. -->","yoast_head_json":{"title":"Manchas no rosto clareiam com esses tratamentos caseiros em 4 a 12 semanas de uso - Tua Sa\u00fade","description":"Peeling qu\u00edmico, laser e vitamina C tratam manchas em profundidades diferentes. Receitas caseiras com aloe vera funcionam mas levam meses","robots":{"index":"index","follow":"follow","max-snippet":"max-snippet:-1","max-image-preview":"max-image-preview:large","max-video-preview":"max-video-preview:-1"},"canonical":"https:\/\/www.tuasaude.com\/news\/2026\/01\/28\/manchas-no-rosto-clareiam-com-esses-tratamentos-caseiros-em-4-a-12-semanas-de-uso\/","og_locale":"pt_BR","og_type":"article","og_title":"Manchas no rosto clareiam com esses tratamentos caseiros em 4 a 12 semanas de uso - Tua Sa\u00fade","og_description":"Peeling qu\u00edmico, laser e vitamina C tratam manchas em profundidades diferentes. Receitas caseiras com aloe vera funcionam mas levam meses","og_url":"https:\/\/www.tuasaude.com\/news\/2026\/01\/28\/manchas-no-rosto-clareiam-com-esses-tratamentos-caseiros-em-4-a-12-semanas-de-uso\/","og_site_name":"Tua Sa\u00fade","article_published_time":"2026-01-28T20:18:00+00:00","og_image":[{"width":1280,"height":731,"url":"https:\/\/www.tuasaude.com\/news\/wp-content\/uploads\/2026\/01\/freepik__35mm-film-photography-rosto-de-uma-mulher-adulta-c__29549.jpeg","type":"image\/jpeg"}],"author":"Carlos Emanoel","twitter_card":"summary_large_image","twitter_misc":{"Escrito por":"Carlos Emanoel","Est. tempo de leitura":"6 minutos"},"schema":{"@context":"https:\/\/schema.org","@graph":[{"@type":"Article","@id":"https:\/\/www.tuasaude.com\/news\/2026\/01\/28\/manchas-no-rosto-clareiam-com-esses-tratamentos-caseiros-em-4-a-12-semanas-de-uso\/#article","isPartOf":{"@id":"https:\/\/www.tuasaude.com\/news\/2026\/01\/28\/manchas-no-rosto-clareiam-com-esses-tratamentos-caseiros-em-4-a-12-semanas-de-uso\/"},"author":{"name":"Carlos Emanoel","@id":"https:\/\/www.tuasaude.com\/news\/#\/schema\/person\/0209173c87289752104ffda721220a20"},"headline":"Manchas no rosto clareiam com esses tratamentos caseiros em 4 a 12 semanas de uso","datePublished":"2026-01-28T20:18:00+00:00","mainEntityOfPage":{"@id":"https:\/\/www.tuasaude.com\/news\/2026\/01\/28\/manchas-no-rosto-clareiam-com-esses-tratamentos-caseiros-em-4-a-12-semanas-de-uso\/"},"wordCount":1051,"commentCount":0,"image":{"@id":"https:\/\/www.tuasaude.com\/news\/2026\/01\/28\/manchas-no-rosto-clareiam-com-esses-tratamentos-caseiros-em-4-a-12-semanas-de-uso\/#primaryimage"},"thumbnailUrl":"https:\/\/www.tuasaude.com\/news\/wp-content\/uploads\/2026\/01\/freepik__35mm-film-photography-rosto-de-uma-mulher-adulta-c__29549.jpeg","keywords":["bem-estar","manchas no rosto","sa\u00fade","tratamento caseiro"],"articleSection":["Sa\u00fade"],"inLanguage":"pt-BR","potentialAction":[{"@type":"CommentAction","name":"Comment","target":["https:\/\/www.tuasaude.com\/news\/2026\/01\/28\/manchas-no-rosto-clareiam-com-esses-tratamentos-caseiros-em-4-a-12-semanas-de-uso\/#respond"]}]},{"@type":"WebPage","@id":"https:\/\/www.tuasaude.com\/news\/2026\/01\/28\/manchas-no-rosto-clareiam-com-esses-tratamentos-caseiros-em-4-a-12-semanas-de-uso\/","url":"https:\/\/www.tuasaude.com\/news\/2026\/01\/28\/manchas-no-rosto-clareiam-com-esses-tratamentos-caseiros-em-4-a-12-semanas-de-uso\/","name":"Manchas no rosto clareiam com esses tratamentos caseiros em 4 a 12 semanas de uso - Tua Sa\u00fade","isPartOf":{"@id":"https:\/\/www.tuasaude.com\/news\/#website"},"primaryImageOfPage":{"@id":"https:\/\/www.tuasaude.com\/news\/2026\/01\/28\/manchas-no-rosto-clareiam-com-esses-tratamentos-caseiros-em-4-a-12-semanas-de-uso\/#primaryimage"},"image":{"@id":"https:\/\/www.tuasaude.com\/news\/2026\/01\/28\/manchas-no-rosto-clareiam-com-esses-tratamentos-caseiros-em-4-a-12-semanas-de-uso\/#primaryimage"},"thumbnailUrl":"https:\/\/www.tuasaude.com\/news\/wp-content\/uploads\/2026\/01\/freepik__35mm-film-photography-rosto-de-uma-mulher-adulta-c__29549.jpeg","datePublished":"2026-01-28T20:18:00+00:00","author":{"@id":"https:\/\/www.tuasaude.com\/news\/#\/schema\/person\/0209173c87289752104ffda721220a20"},"description":"Peeling qu\u00edmico, laser e vitamina C tratam manchas em profundidades diferentes. Receitas caseiras com aloe vera funcionam mas levam meses","breadcrumb":{"@id":"https:\/\/www.tuasaude.com\/news\/2026\/01\/28\/manchas-no-rosto-clareiam-com-esses-tratamentos-caseiros-em-4-a-12-semanas-de-uso\/#breadcrumb"},"inLanguage":"pt-BR","potentialAction":[{"@type":"ReadAction","target":["https:\/\/www.tuasaude.com\/news\/2026\/01\/28\/manchas-no-rosto-clareiam-com-esses-tratamentos-caseiros-em-4-a-12-semanas-de-uso\/"]}]},{"@type":"ImageObject","inLanguage":"pt-BR","@id":"https:\/\/www.tuasaude.com\/news\/2026\/01\/28\/manchas-no-rosto-clareiam-com-esses-tratamentos-caseiros-em-4-a-12-semanas-de-uso\/#primaryimage","url":"https:\/\/www.tuasaude.com\/news\/wp-content\/uploads\/2026\/01\/freepik__35mm-film-photography-rosto-de-uma-mulher-adulta-c__29549.jpeg","contentUrl":"https:\/\/www.tuasaude.com\/news\/wp-content\/uploads\/2026\/01\/freepik__35mm-film-photography-rosto-de-uma-mulher-adulta-c__29549.jpeg","width":1280,"height":731,"caption":"Os tratamentos est\u00e9ticos profissionais s\u00e3o geralmente mais eficazes para manchas persistentes ou profundas"},{"@type":"BreadcrumbList","@id":"https:\/\/www.tuasaude.com\/news\/2026\/01\/28\/manchas-no-rosto-clareiam-com-esses-tratamentos-caseiros-em-4-a-12-semanas-de-uso\/#breadcrumb","itemListElement":[{"@type":"ListItem","position":1,"name":"In\u00edcio","item":"https:\/\/www.tuasaude.com\/news\/"},{"@type":"ListItem","position":2,"name":"Manchas no rosto clareiam com esses tratamentos caseiros em 4 a 12 semanas de uso"}]},{"@type":"WebSite","@id":"https:\/\/www.tuasaude.com\/news\/#website","url":"https:\/\/www.tuasaude.com\/news\/","name":"Tua Sa\u00fade","description":"Seu site de sa\u00fade","potentialAction":[{"@type":"SearchAction","target":{"@type":"EntryPoint","urlTemplate":"https:\/\/www.tuasaude.com\/news\/?s={search_term_string}"},"query-input":{"@type":"PropertyValueSpecification","valueRequired":true,"valueName":"search_term_string"}}],"inLanguage":"pt-BR"},{"@type":"Person","@id":"https:\/\/www.tuasaude.com\/news\/#\/schema\/person\/0209173c87289752104ffda721220a20","name":"Carlos Emanoel","image":{"@type":"ImageObject","inLanguage":"pt-BR","@id":"https:\/\/www.tuasaude.com\/news\/#\/schema\/person\/image\/","url":"https:\/\/secure.gravatar.com\/avatar\/30e1f067eeac67dde63039d7e35ed50e59f4d189925ea75d1bc1690d1a9fe491?s=96&d=mm&r=g","contentUrl":"https:\/\/secure.gravatar.com\/avatar\/30e1f067eeac67dde63039d7e35ed50e59f4d189925ea75d1bc1690d1a9fe491?s=96&d=mm&r=g","caption":"Carlos Emanoel"},"sameAs":["https:\/\/www.tuasaude.com\/news\/"],"url":"https:\/\/www.tuasaude.com\/news\/author\/carlos-emanoel\/"}]}},"_links":{"self":[{"href":"https:\/\/www.tuasaude.com\/news\/wp-json\/wp\/v2\/posts\/655","targetHints":{"allow":["GET"]}}],"collection":[{"href":"https:\/\/www.tuasaude.com\/news\/wp-json\/wp\/v2\/posts"}],"about":[{"href":"https:\/\/www.tuasaude.com\/news\/wp-json\/wp\/v2\/types\/post"}],"author":[{"embeddable":true,"href":"https:\/\/www.tuasaude.com\/news\/wp-json\/wp\/v2\/users\/7"}],"replies":[{"embeddable":true,"href":"https:\/\/www.tuasaude.com\/news\/wp-json\/wp\/v2\/comments?post=655"}],"version-history":[{"count":3,"href":"https:\/\/www.tuasaude.com\/news\/wp-json\/wp\/v2\/posts\/655\/revisions"}],"predecessor-version":[{"id":725,"href":"https:\/\/www.tuasaude.com\/news\/wp-json\/wp\/v2\/posts\/655\/revisions\/725"}],"wp:featuredmedia":[{"embeddable":true,"href":"https:\/\/www.tuasaude.com\/news\/wp-json\/wp\/v2\/media\/695"}],"wp:attachment":[{"href":"https:\/\/www.tuasaude.com\/news\/wp-json\/wp\/v2\/media?parent=655"}],"wp:term":[{"taxonomy":"category","embeddable":true,"href":"https:\/\/www.tuasaude.com\/news\/wp-json\/wp\/v2\/categories?post=655"},{"taxonomy":"post_tag","embeddable":true,"href":"https:\/\/www.tuasaude.com\/news\/wp-json\/wp\/v2\/tags?post=655"}],"curies":[{"name":"wp","href":"https:\/\/api.w.org\/{rel}","templated":true}]}}