{"id":6536,"date":"2026-03-07T07:00:00","date_gmt":"2026-03-07T10:00:00","guid":{"rendered":"https:\/\/www.tuasaude.com\/news\/?p=6536"},"modified":"2026-03-05T16:06:27","modified_gmt":"2026-03-05T19:06:27","slug":"ter-a-boca-seca-ao-acordar-tem-explicacao-biologica-e-solucao-eficaz-segundo-cientistas","status":"publish","type":"post","link":"https:\/\/www.tuasaude.com\/news\/2026\/03\/07\/ter-a-boca-seca-ao-acordar-tem-explicacao-biologica-e-solucao-eficaz-segundo-cientistas\/","title":{"rendered":"Ter a boca seca ao acordar tem explica\u00e7\u00e3o biol\u00f3gica e solu\u00e7\u00e3o eficaz segundo cientistas"},"content":{"rendered":"\n<p>Acordar com a boca seca, a l\u00edngua grudando no c\u00e9u da boca e uma sensa\u00e7\u00e3o de desconforto ao engolir \u00e9 mais comum do que parece. Esse problema, chamado pela medicina de xerostomia, tem causas biol\u00f3gicas bem definidas e, na maioria dos casos, pode ser aliviado com medidas simples. A respira\u00e7\u00e3o pela boca durante o sono, a desidrata\u00e7\u00e3o noturna e o uso de certos medicamentos est\u00e3o entre os principais motivos, mas entender o que est\u00e1 por tr\u00e1s do sintoma \u00e9 essencial para encontrar a solu\u00e7\u00e3o certa.<\/p>\n\n\n\n<h2 class=\"wp-block-heading\">O que acontece com a saliva durante o sono?<\/h2>\n\n\n\n<p>Durante a noite, a produ\u00e7\u00e3o de saliva diminui naturalmente como parte do funcionamento do organismo. Uma pessoa saud\u00e1vel produz entre 0,5 e 1,5 litro de saliva por dia, mas esse volume cai de forma significativa enquanto dorme, j\u00e1 que o corpo reduz diversas fun\u00e7\u00f5es para poupar energia. Quando algum fator adicional interfere nesse processo, como respirar pela boca ou tomar medicamentos que afetam as gl\u00e2ndulas salivares, a<a href=\"https:\/\/www.tuasaude.com\/boca-seca\/\" target=\"_blank\" rel=\"noreferrer noopener\"> boca pode ficar ainda mais seca<\/a>.<\/p>\n\n\n\n<p>A saliva cumpre fun\u00e7\u00f5es importantes para a sa\u00fade bucal, como proteger os dentes contra c\u00e1ries, facilitar a fala e a degluti\u00e7\u00e3o, e manter o equil\u00edbrio das bact\u00e9rias na boca. Por isso, a redu\u00e7\u00e3o prolongada desse l\u00edquido n\u00e3o \u00e9 apenas um inc\u00f4modo, mas pode trazer consequ\u00eancias para dentes e gengivas se n\u00e3o for tratada.<\/p>\n\n\n<div class=\"wp-block-image\">\n<figure class=\"aligncenter size-large\"><img decoding=\"async\" width=\"1024\" height=\"571\" src=\"https:\/\/www.tuasaude.com\/news\/wp-content\/uploads\/2026\/03\/creation_2515810470-1024x571.png\" alt=\"Ter a boca seca ao acordar tem explica\u00e7\u00e3o biol\u00f3gica e solu\u00e7\u00e3o eficaz segundo cientistas\" class=\"wp-image-6651\" srcset=\"https:\/\/www.tuasaude.com\/news\/wp-content\/uploads\/2026\/03\/creation_2515810470-1024x571.png 1024w, https:\/\/www.tuasaude.com\/news\/wp-content\/uploads\/2026\/03\/creation_2515810470-300x167.png 300w, https:\/\/www.tuasaude.com\/news\/wp-content\/uploads\/2026\/03\/creation_2515810470-768x428.png 768w, https:\/\/www.tuasaude.com\/news\/wp-content\/uploads\/2026\/03\/creation_2515810470-750x418.png 750w, https:\/\/www.tuasaude.com\/news\/wp-content\/uploads\/2026\/03\/creation_2515810470-1140x636.png 1140w, https:\/\/www.tuasaude.com\/news\/wp-content\/uploads\/2026\/03\/creation_2515810470.png 1280w\" sizes=\"(max-width: 1024px) 100vw, 1024px\" \/><figcaption class=\"wp-element-caption\">A produ\u00e7\u00e3o de saliva diminui durante o sono, o que pode intensificar a sensa\u00e7\u00e3o de boca seca pela manh\u00e3.<\/figcaption><\/figure>\n<\/div>\n\n\n<h2 class=\"wp-block-heading\">Causas mais comuns da boca seca ao acordar<\/h2>\n\n\n\n<p>Diversos fatores podem contribuir para a secura bucal matinal, e frequentemente mais de uma causa atua ao mesmo tempo. Conhecer os principais gatilhos ajuda a identificar o que pode estar acontecendo:<\/p>\n\n\n\n<div style=\"display: flex; flex-wrap: wrap; gap: 20px; justify-content: center; font-family: 'Segoe UI', Roboto, Helvetica, sans-serif; padding: 40px; background-color: #f1f5f9;\">\n\n  <div style=\"flex: 1; min-width: 250px; max-width: 280px; background: #ffffff; border: 1px solid #e2e8f0; padding: 25px; border-radius: 20px; box-shadow: 0 10px 25px rgba(0,0,0,0.05); text-align: center;\">\n    <div style=\"font-size: 32px; margin-bottom: 15px;\">\ud83d\udc44<\/div>\n    <h3 style=\"color: #334155; font-size: 1.1em; margin-bottom: 12px; letter-spacing: 1px;\">RESPIRA\u00c7\u00c3O BUCAL<\/h3>\n    <p style=\"color: #475569; font-size: 0.95em; line-height: 1.6; margin: 0;\">\n      Respirar pela boca durante a noite aumenta a <strong>evapora\u00e7\u00e3o de l\u00edquidos<\/strong> da mucosa oral.\n    <\/p>\n  <\/div>\n\n  <div style=\"flex: 1; min-width: 250px; max-width: 280px; background: #ffffff; border: 1px solid #e2e8f0; padding: 25px; border-radius: 20px; box-shadow: 0 10px 25px rgba(0,0,0,0.05); text-align: center;\">\n    <div style=\"font-size: 32px; margin-bottom: 15px;\">\ud83d\udc8a<\/div>\n    <h3 style=\"color: #334155; font-size: 1.1em; margin-bottom: 12px; letter-spacing: 1px;\">MEDICAMENTOS<\/h3>\n    <p style=\"color: #475569; font-size: 0.95em; line-height: 1.6; margin: 0;\">\n      Muitos rem\u00e9dios podem <strong>reduzir a produ\u00e7\u00e3o de saliva<\/strong>, causando boca seca ao acordar.\n    <\/p>\n  <\/div>\n\n  <div style=\"flex: 1; min-width: 250px; max-width: 280px; background: #ffffff; border: 1px solid #e2e8f0; padding: 25px; border-radius: 20px; box-shadow: 0 10px 25px rgba(0,0,0,0.05); text-align: center;\">\n    <div style=\"font-size: 32px; margin-bottom: 15px;\">\ud83d\udca7<\/div>\n    <h3 style=\"color: #334155; font-size: 1.1em; margin-bottom: 12px; letter-spacing: 1px;\">DESIDRATA\u00c7\u00c3O<\/h3>\n    <p style=\"color: #475569; font-size: 0.95em; line-height: 1.6; margin: 0;\">\n      Baixa ingest\u00e3o de \u00e1gua ou \u00e1lcool \u00e0 noite pode <strong>diminuir a produ\u00e7\u00e3o de saliva<\/strong>.\n    <\/p>\n  <\/div>\n\n  <div style=\"flex: 1; min-width: 250px; max-width: 280px; background: #ffffff; border: 1px solid #e2e8f0; padding: 25px; border-radius: 20px; box-shadow: 0 10px 25px rgba(0,0,0,0.05); text-align: center;\">\n    <div style=\"font-size: 32px; margin-bottom: 15px;\">\ud83d\udc75<\/div>\n    <h3 style=\"color: #334155; font-size: 1.1em; margin-bottom: 12px; letter-spacing: 1px;\">ENVELHECIMENTO<\/h3>\n    <p style=\"color: #475569; font-size: 0.95em; line-height: 1.6; margin: 0;\">\n      Com o tempo, as <strong>gl\u00e2ndulas salivares podem se tornar menos eficientes<\/strong>.\n    <\/p>\n  <\/div>\n\n  <div style=\"flex: 1; min-width: 250px; max-width: 280px; background: #ffffff; border: 1px solid #e2e8f0; padding: 25px; border-radius: 20px; box-shadow: 0 10px 25px rgba(0,0,0,0.05); text-align: center;\">\n    <div style=\"font-size: 32px; margin-bottom: 15px;\">\ud83d\ude34<\/div>\n    <h3 style=\"color: #334155; font-size: 1.1em; margin-bottom: 12px; letter-spacing: 1px;\">RONCO E APNEIA<\/h3>\n    <p style=\"color: #475569; font-size: 0.95em; line-height: 1.6; margin: 0;\">\n      Essas condi\u00e7\u00f5es favorecem a <strong>respira\u00e7\u00e3o pela boca<\/strong> e aumentam o ressecamento.\n    <\/p>\n  <\/div>\n\n<\/div>\n\n\n\n<h2 class=\"wp-block-heading\">Revis\u00e3o cient\u00edfica aponta as causas e o manejo da xerostomia<\/h2>\n\n\n\n<p>A boca seca j\u00e1 \u00e9 um tema amplamente estudado na odontologia e na medicina. Segundo a revis\u00e3o <em><a href=\"https:\/\/pmc.ncbi.nlm.nih.gov\/articles\/PMC4278738\/\" target=\"_blank\" rel=\"noreferrer noopener\">&#8220;Diagnosis and management of xerostomia and hyposalivation&#8221;<\/a><\/em>, publicada no peri\u00f3dico <em>Therapeutics and Clinical Risk Management<\/em> e dispon\u00edvel no PubMed Central, a causa mais frequente da redu\u00e7\u00e3o na produ\u00e7\u00e3o de saliva \u00e9 o uso de medicamentos, seguido por radioterapia de cabe\u00e7a e pesco\u00e7o e por condi\u00e7\u00f5es autoimunes. O estudo tamb\u00e9m destaca que fatores como estresse, ansiedade e defici\u00eancias nutricionais podem agravar o quadro. A revis\u00e3o refor\u00e7a que o tratamento deve come\u00e7ar pela identifica\u00e7\u00e3o da causa e inclui desde mudan\u00e7as de h\u00e1bitos at\u00e9 o uso de estimulantes salivares e substitutos de saliva.<\/p>\n\n\n\n<h2 class=\"wp-block-heading\">Estrat\u00e9gias pr\u00e1ticas para aliviar a boca seca pela manh\u00e3<\/h2>\n\n\n\n<p>Na maioria dos casos, ajustes simples na rotina s\u00e3o suficientes para reduzir o desconforto e proteger a sa\u00fade bucal. As seguintes medidas s\u00e3o recomendadas por especialistas:<\/p>\n\n\n\n<ul class=\"wp-block-list\">\n<li><strong>Beba \u00e1gua ao longo do dia e antes de dormir<\/strong> \u2013 manter a hidrata\u00e7\u00e3o adequada \u00e9 o passo mais b\u00e1sico e eficaz para garantir que o corpo tenha l\u00edquido suficiente para a produ\u00e7\u00e3o de saliva.<\/li>\n\n\n\n<li><strong>Use um umidificador no quarto<\/strong> \u2013 manter a umidade do ar em n\u00edveis adequados durante a noite ajuda a reduzir o ressecamento das mucosas, especialmente em locais com ar-condicionado.<\/li>\n\n\n\n<li><strong>Trate a congest\u00e3o nasal<\/strong> \u2013 se a respira\u00e7\u00e3o pela boca \u00e9 causada por obstru\u00e7\u00e3o nasal, tratar o problema com orienta\u00e7\u00e3o m\u00e9dica pode resolver a boca seca e melhorar a qualidade do sono.<\/li>\n\n\n\n<li><strong>Evite \u00e1lcool e tabaco antes de dormir<\/strong> \u2013 ambos ressecam a mucosa oral e prejudicam o funcionamento das gl\u00e2ndulas salivares.<\/li>\n\n\n\n<li><strong>Revise seus medicamentos com o m\u00e9dico<\/strong> \u2013 se a boca seca come\u00e7ou ou piorou ap\u00f3s iniciar um rem\u00e9dio, converse com o profissional que o prescreveu sobre poss\u00edveis alternativas com menor efeito sobre a saliva.<\/li>\n<\/ul>\n\n\n\n<h2 class=\"wp-block-heading\">Quando a boca seca pela manh\u00e3 merece investiga\u00e7\u00e3o?<\/h2>\n\n\n\n<p>Acordar com a <a href=\"https:\/\/www.tuasaude.com\/boca-seca\/\" target=\"_blank\" rel=\"noreferrer noopener\">boca seca<\/a> de vez em quando \u00e9 normal e geralmente se resolve com hidrata\u00e7\u00e3o. Por\u00e9m, quando o sintoma \u00e9 di\u00e1rio, vem acompanhado de mau h\u00e1lito persistente, dificuldade para engolir, ard\u00eancia na l\u00edngua ou aumento de c\u00e1ries, pode indicar que a produ\u00e7\u00e3o de saliva est\u00e1 comprometida de forma mais significativa.<\/p>\n\n\n\n<p>Se a boca seca matinal \u00e9 constante e n\u00e3o melhora com as medidas caseiras, \u00e9 fundamental procurar um m\u00e9dico ou dentista. Somente um profissional de sa\u00fade pode avaliar se h\u00e1 uma condi\u00e7\u00e3o subjacente, ajustar medicamentos e indicar o tratamento mais adequado para cada caso.<\/p>\n\n\n\n<p><\/p>\n","protected":false},"excerpt":{"rendered":"<p>Acordar com a boca seca, a l\u00edngua grudando no c\u00e9u da boca e uma sensa\u00e7\u00e3o de desconforto ao engolir \u00e9 mais comum do que parece. Esse problema, chamado pela medicina de xerostomia, tem causas biol\u00f3gicas bem definidas e, na maioria dos casos, pode ser aliviado com medidas simples. A respira\u00e7\u00e3o pela boca durante o sono, [&hellip;]<\/p>\n","protected":false},"author":11,"featured_media":6660,"comment_status":"open","ping_status":"open","sticky":false,"template":"","format":"standard","meta":{"_yoast_wpseo_focuskw":"boca seca ao acordar","_yoast_wpseo_title":"","_yoast_wpseo_metadesc":"Boca seca ao acordar pode estar ligada \u00e0 respira\u00e7\u00e3o noturna, desidrata\u00e7\u00e3o ou uso de rem\u00e9dios. Veja as causas mais comuns.","jnews-multi-image_gallery":[],"jnews_single_post":{"format":"standard"},"jnews_primary_category":[],"jnews_social_meta":[],"jnews_override_counter":[],"footnotes":""},"categories":[111],"tags":[1387,941,136,116],"class_list":["post-6536","post","type-post","status-publish","format-standard","has-post-thumbnail","hentry","category-saude","tag-boca-seca","tag-desidratacao","tag-saude","tag-sono"],"yoast_head":"<!-- This site is optimized with the Yoast SEO plugin v26.7 - https:\/\/yoast.com\/wordpress\/plugins\/seo\/ -->\n<title>Ter a boca seca ao acordar tem explica\u00e7\u00e3o biol\u00f3gica e solu\u00e7\u00e3o eficaz segundo cientistas - Tua Sa\u00fade<\/title>\n<meta name=\"description\" content=\"Boca seca ao acordar pode estar ligada \u00e0 respira\u00e7\u00e3o noturna, desidrata\u00e7\u00e3o ou uso de rem\u00e9dios. Veja as causas mais comuns.\" \/>\n<meta name=\"robots\" content=\"index, follow, max-snippet:-1, max-image-preview:large, max-video-preview:-1\" \/>\n<link rel=\"canonical\" href=\"https:\/\/www.tuasaude.com\/news\/2026\/03\/07\/ter-a-boca-seca-ao-acordar-tem-explicacao-biologica-e-solucao-eficaz-segundo-cientistas\/\" \/>\n<meta property=\"og:locale\" content=\"pt_BR\" \/>\n<meta property=\"og:type\" content=\"article\" \/>\n<meta property=\"og:title\" content=\"Ter a boca seca ao acordar tem explica\u00e7\u00e3o biol\u00f3gica e solu\u00e7\u00e3o eficaz segundo cientistas - Tua Sa\u00fade\" \/>\n<meta property=\"og:description\" content=\"Boca seca ao acordar pode estar ligada \u00e0 respira\u00e7\u00e3o noturna, desidrata\u00e7\u00e3o ou uso de rem\u00e9dios. Veja as causas mais comuns.\" \/>\n<meta property=\"og:url\" content=\"https:\/\/www.tuasaude.com\/news\/2026\/03\/07\/ter-a-boca-seca-ao-acordar-tem-explicacao-biologica-e-solucao-eficaz-segundo-cientistas\/\" \/>\n<meta property=\"og:site_name\" content=\"Tua Sa\u00fade\" \/>\n<meta property=\"article:published_time\" content=\"2026-03-07T10:00:00+00:00\" \/>\n<meta property=\"og:image\" content=\"https:\/\/www.tuasaude.com\/news\/wp-content\/uploads\/2026\/03\/creation_2515855362.png\" \/>\n\t<meta property=\"og:image:width\" content=\"1280\" \/>\n\t<meta property=\"og:image:height\" content=\"714\" \/>\n\t<meta property=\"og:image:type\" content=\"image\/png\" \/>\n<meta name=\"author\" content=\"Gessika Julia Carvalho\" \/>\n<meta name=\"twitter:card\" content=\"summary_large_image\" \/>\n<meta name=\"twitter:label1\" content=\"Escrito por\" \/>\n\t<meta name=\"twitter:data1\" content=\"Gessika Julia Carvalho\" \/>\n\t<meta name=\"twitter:label2\" content=\"Est. tempo de leitura\" \/>\n\t<meta name=\"twitter:data2\" content=\"5 minutos\" \/>\n<!-- \/ Yoast SEO plugin. -->","yoast_head_json":{"title":"Ter a boca seca ao acordar tem explica\u00e7\u00e3o biol\u00f3gica e solu\u00e7\u00e3o eficaz segundo cientistas - Tua Sa\u00fade","description":"Boca seca ao acordar pode estar ligada \u00e0 respira\u00e7\u00e3o noturna, desidrata\u00e7\u00e3o ou uso de rem\u00e9dios. Veja as causas mais comuns.","robots":{"index":"index","follow":"follow","max-snippet":"max-snippet:-1","max-image-preview":"max-image-preview:large","max-video-preview":"max-video-preview:-1"},"canonical":"https:\/\/www.tuasaude.com\/news\/2026\/03\/07\/ter-a-boca-seca-ao-acordar-tem-explicacao-biologica-e-solucao-eficaz-segundo-cientistas\/","og_locale":"pt_BR","og_type":"article","og_title":"Ter a boca seca ao acordar tem explica\u00e7\u00e3o biol\u00f3gica e solu\u00e7\u00e3o eficaz segundo cientistas - Tua Sa\u00fade","og_description":"Boca seca ao acordar pode estar ligada \u00e0 respira\u00e7\u00e3o noturna, desidrata\u00e7\u00e3o ou uso de rem\u00e9dios. Veja as causas mais comuns.","og_url":"https:\/\/www.tuasaude.com\/news\/2026\/03\/07\/ter-a-boca-seca-ao-acordar-tem-explicacao-biologica-e-solucao-eficaz-segundo-cientistas\/","og_site_name":"Tua Sa\u00fade","article_published_time":"2026-03-07T10:00:00+00:00","og_image":[{"width":1280,"height":714,"url":"https:\/\/www.tuasaude.com\/news\/wp-content\/uploads\/2026\/03\/creation_2515855362.png","type":"image\/png"}],"author":"Gessika Julia Carvalho","twitter_card":"summary_large_image","twitter_misc":{"Escrito por":"Gessika Julia Carvalho","Est. tempo de leitura":"5 minutos"},"schema":{"@context":"https:\/\/schema.org","@graph":[{"@type":"Article","@id":"https:\/\/www.tuasaude.com\/news\/2026\/03\/07\/ter-a-boca-seca-ao-acordar-tem-explicacao-biologica-e-solucao-eficaz-segundo-cientistas\/#article","isPartOf":{"@id":"https:\/\/www.tuasaude.com\/news\/2026\/03\/07\/ter-a-boca-seca-ao-acordar-tem-explicacao-biologica-e-solucao-eficaz-segundo-cientistas\/"},"author":{"name":"Gessika Julia Carvalho","@id":"https:\/\/www.tuasaude.com\/news\/#\/schema\/person\/2e9df841be69ec84f5d20ddb8d273ac2"},"headline":"Ter a boca seca ao acordar tem explica\u00e7\u00e3o biol\u00f3gica e solu\u00e7\u00e3o eficaz segundo cientistas","datePublished":"2026-03-07T10:00:00+00:00","mainEntityOfPage":{"@id":"https:\/\/www.tuasaude.com\/news\/2026\/03\/07\/ter-a-boca-seca-ao-acordar-tem-explicacao-biologica-e-solucao-eficaz-segundo-cientistas\/"},"wordCount":843,"commentCount":0,"image":{"@id":"https:\/\/www.tuasaude.com\/news\/2026\/03\/07\/ter-a-boca-seca-ao-acordar-tem-explicacao-biologica-e-solucao-eficaz-segundo-cientistas\/#primaryimage"},"thumbnailUrl":"https:\/\/www.tuasaude.com\/news\/wp-content\/uploads\/2026\/03\/creation_2515855362.png","keywords":["boca seca","desidrata\u00e7\u00e3o","sa\u00fade","sono"],"articleSection":["Sa\u00fade"],"inLanguage":"pt-BR","potentialAction":[{"@type":"CommentAction","name":"Comment","target":["https:\/\/www.tuasaude.com\/news\/2026\/03\/07\/ter-a-boca-seca-ao-acordar-tem-explicacao-biologica-e-solucao-eficaz-segundo-cientistas\/#respond"]}]},{"@type":"WebPage","@id":"https:\/\/www.tuasaude.com\/news\/2026\/03\/07\/ter-a-boca-seca-ao-acordar-tem-explicacao-biologica-e-solucao-eficaz-segundo-cientistas\/","url":"https:\/\/www.tuasaude.com\/news\/2026\/03\/07\/ter-a-boca-seca-ao-acordar-tem-explicacao-biologica-e-solucao-eficaz-segundo-cientistas\/","name":"Ter a boca seca ao acordar tem explica\u00e7\u00e3o biol\u00f3gica e solu\u00e7\u00e3o eficaz segundo cientistas - Tua Sa\u00fade","isPartOf":{"@id":"https:\/\/www.tuasaude.com\/news\/#website"},"primaryImageOfPage":{"@id":"https:\/\/www.tuasaude.com\/news\/2026\/03\/07\/ter-a-boca-seca-ao-acordar-tem-explicacao-biologica-e-solucao-eficaz-segundo-cientistas\/#primaryimage"},"image":{"@id":"https:\/\/www.tuasaude.com\/news\/2026\/03\/07\/ter-a-boca-seca-ao-acordar-tem-explicacao-biologica-e-solucao-eficaz-segundo-cientistas\/#primaryimage"},"thumbnailUrl":"https:\/\/www.tuasaude.com\/news\/wp-content\/uploads\/2026\/03\/creation_2515855362.png","datePublished":"2026-03-07T10:00:00+00:00","author":{"@id":"https:\/\/www.tuasaude.com\/news\/#\/schema\/person\/2e9df841be69ec84f5d20ddb8d273ac2"},"description":"Boca seca ao acordar pode estar ligada \u00e0 respira\u00e7\u00e3o noturna, desidrata\u00e7\u00e3o ou uso de rem\u00e9dios. Veja as causas mais comuns.","breadcrumb":{"@id":"https:\/\/www.tuasaude.com\/news\/2026\/03\/07\/ter-a-boca-seca-ao-acordar-tem-explicacao-biologica-e-solucao-eficaz-segundo-cientistas\/#breadcrumb"},"inLanguage":"pt-BR","potentialAction":[{"@type":"ReadAction","target":["https:\/\/www.tuasaude.com\/news\/2026\/03\/07\/ter-a-boca-seca-ao-acordar-tem-explicacao-biologica-e-solucao-eficaz-segundo-cientistas\/"]}]},{"@type":"ImageObject","inLanguage":"pt-BR","@id":"https:\/\/www.tuasaude.com\/news\/2026\/03\/07\/ter-a-boca-seca-ao-acordar-tem-explicacao-biologica-e-solucao-eficaz-segundo-cientistas\/#primaryimage","url":"https:\/\/www.tuasaude.com\/news\/wp-content\/uploads\/2026\/03\/creation_2515855362.png","contentUrl":"https:\/\/www.tuasaude.com\/news\/wp-content\/uploads\/2026\/03\/creation_2515855362.png","width":1280,"height":714,"caption":"Acordar com a boca seca pode estar relacionado \u00e0 respira\u00e7\u00e3o pela boca, desidrata\u00e7\u00e3o ou uso de medicamentos."},{"@type":"BreadcrumbList","@id":"https:\/\/www.tuasaude.com\/news\/2026\/03\/07\/ter-a-boca-seca-ao-acordar-tem-explicacao-biologica-e-solucao-eficaz-segundo-cientistas\/#breadcrumb","itemListElement":[{"@type":"ListItem","position":1,"name":"In\u00edcio","item":"https:\/\/www.tuasaude.com\/news\/"},{"@type":"ListItem","position":2,"name":"Ter a boca seca ao acordar tem explica\u00e7\u00e3o biol\u00f3gica e solu\u00e7\u00e3o eficaz segundo cientistas"}]},{"@type":"WebSite","@id":"https:\/\/www.tuasaude.com\/news\/#website","url":"https:\/\/www.tuasaude.com\/news\/","name":"Tua Sa\u00fade","description":"Seu site de sa\u00fade","potentialAction":[{"@type":"SearchAction","target":{"@type":"EntryPoint","urlTemplate":"https:\/\/www.tuasaude.com\/news\/?s={search_term_string}"},"query-input":{"@type":"PropertyValueSpecification","valueRequired":true,"valueName":"search_term_string"}}],"inLanguage":"pt-BR"},{"@type":"Person","@id":"https:\/\/www.tuasaude.com\/news\/#\/schema\/person\/2e9df841be69ec84f5d20ddb8d273ac2","name":"Gessika Julia Carvalho","image":{"@type":"ImageObject","inLanguage":"pt-BR","@id":"https:\/\/www.tuasaude.com\/news\/#\/schema\/person\/image\/","url":"https:\/\/secure.gravatar.com\/avatar\/0fcc8769024577fd0bc6a8b766055690f76a8e8f29dfb2a2f89cf04db8d0f2d2?s=96&d=mm&r=g","contentUrl":"https:\/\/secure.gravatar.com\/avatar\/0fcc8769024577fd0bc6a8b766055690f76a8e8f29dfb2a2f89cf04db8d0f2d2?s=96&d=mm&r=g","caption":"Gessika Julia Carvalho"},"sameAs":["https:\/\/www.tuasaude.com\/news\/"],"url":"https:\/\/www.tuasaude.com\/news\/author\/gessika-julia\/"}]}},"_links":{"self":[{"href":"https:\/\/www.tuasaude.com\/news\/wp-json\/wp\/v2\/posts\/6536","targetHints":{"allow":["GET"]}}],"collection":[{"href":"https:\/\/www.tuasaude.com\/news\/wp-json\/wp\/v2\/posts"}],"about":[{"href":"https:\/\/www.tuasaude.com\/news\/wp-json\/wp\/v2\/types\/post"}],"author":[{"embeddable":true,"href":"https:\/\/www.tuasaude.com\/news\/wp-json\/wp\/v2\/users\/11"}],"replies":[{"embeddable":true,"href":"https:\/\/www.tuasaude.com\/news\/wp-json\/wp\/v2\/comments?post=6536"}],"version-history":[{"count":2,"href":"https:\/\/www.tuasaude.com\/news\/wp-json\/wp\/v2\/posts\/6536\/revisions"}],"predecessor-version":[{"id":6679,"href":"https:\/\/www.tuasaude.com\/news\/wp-json\/wp\/v2\/posts\/6536\/revisions\/6679"}],"wp:featuredmedia":[{"embeddable":true,"href":"https:\/\/www.tuasaude.com\/news\/wp-json\/wp\/v2\/media\/6660"}],"wp:attachment":[{"href":"https:\/\/www.tuasaude.com\/news\/wp-json\/wp\/v2\/media?parent=6536"}],"wp:term":[{"taxonomy":"category","embeddable":true,"href":"https:\/\/www.tuasaude.com\/news\/wp-json\/wp\/v2\/categories?post=6536"},{"taxonomy":"post_tag","embeddable":true,"href":"https:\/\/www.tuasaude.com\/news\/wp-json\/wp\/v2\/tags?post=6536"}],"curies":[{"name":"wp","href":"https:\/\/api.w.org\/{rel}","templated":true}]}}