{"id":653,"date":"2026-01-15T17:18:00","date_gmt":"2026-01-15T20:18:00","guid":{"rendered":"https:\/\/www.tuasaude.com\/news\/?p=653"},"modified":"2026-01-15T15:13:56","modified_gmt":"2026-01-15T18:13:56","slug":"espremer-esse-tipo-de-espinha-e-o-pior-erro-que-voce-pode-cometer-na-pele","status":"publish","type":"post","link":"https:\/\/www.tuasaude.com\/news\/2026\/01\/15\/espremer-esse-tipo-de-espinha-e-o-pior-erro-que-voce-pode-cometer-na-pele\/","title":{"rendered":"Espremer esse tipo de espinha \u00e9 o pior erro que voc\u00ea pode cometer na pele"},"content":{"rendered":"\n<p>A espinha interna, tamb\u00e9m conhecida como acne c\u00edstica ou nodular, \u00e9 uma les\u00e3o inflamat\u00f3ria profunda que se forma abaixo da superf\u00edcie da pele, causando caro\u00e7os dolorosos e avermelhados sem a forma\u00e7\u00e3o de uma &#8220;cabe\u00e7a&#8221; vis\u00edvel. <a href=\"https:\/\/my.clevelandclinic.org\/health\/diseases\/22888-nodular-acne\" target=\"_blank\" rel=\"noreferrer noopener\">Segundo a Cleveland Clinic<\/a>, cerca de 20% das pessoas com acne desenvolvem formas graves como n\u00f3dulos e cistos, que se originam quando os poros ficam obstru\u00eddos com c\u00e9lulas mortas, sebo e bact\u00e9rias, causando infec\u00e7\u00e3o e inflama\u00e7\u00e3o nas camadas mais profundas da pele. Diferentemente das espinhas comuns, as espinhas internas n\u00e3o podem ser espremidas e requerem tratamento adequado para evitar cicatrizes permanentes.<\/p>\n\n\n\n<h2 class=\"wp-block-heading\">O que \u00e9 a espinha interna?<\/h2>\n\n\n\n<p>A <a href=\"https:\/\/www.tuasaude.com\/espinha-interna-o-que-fazer\/\" target=\"_blank\" rel=\"noreferrer noopener\">espinha interna \u00e9 um tipo de acne inflamat\u00f3ria<\/a> grave que se desenvolve profundamente sob a pele, formando n\u00f3dulos firmes e dolorosos que parecem caro\u00e7os ou n\u00f3s quando tocados. <a href=\"https:\/\/my.clevelandclinic.org\/health\/diseases\/21737-cystic-acne\" target=\"_blank\" rel=\"noreferrer noopener\">Segundo a Cleveland Clinic<\/a>, essas les\u00f5es come\u00e7am abaixo da superf\u00edcie da pele e aparecem como protuber\u00e2ncias vermelhas, geralmente sem apresentar ponto branco ou preto no centro, sendo frequentemente chamadas de &#8220;espinhas cegas&#8221;.<\/p>\n\n\n\n<p>Existem dois tipos principais de espinhas internas: os n\u00f3dulos, que s\u00e3o s\u00f3lidos e firmes ao toque, e os cistos, que cont\u00eam pus e s\u00e3o ligeiramente mais macios. Ambos causam dor e inflama\u00e7\u00e3o significativas, podendo permanecer na pele por semanas ou at\u00e9 meses se n\u00e3o forem tratados adequadamente, aumentando consideravelmente o risco de forma\u00e7\u00e3o de cicatrizes.<\/p>\n\n\n<div class=\"wp-block-image\">\n<figure class=\"aligncenter size-large\"><img decoding=\"async\" width=\"1024\" height=\"585\" src=\"https:\/\/www.tuasaude.com\/news\/wp-content\/uploads\/2026\/01\/freepik__35mm-film-photography-close-no-rosto-de-uma-pessoa__29545-1024x585.jpeg\" alt=\"Espremer esse tipo de espinha \u00e9 o pior erro que voc\u00ea pode cometer na pele\" class=\"wp-image-700\" srcset=\"https:\/\/www.tuasaude.com\/news\/wp-content\/uploads\/2026\/01\/freepik__35mm-film-photography-close-no-rosto-de-uma-pessoa__29545-1024x585.jpeg 1024w, https:\/\/www.tuasaude.com\/news\/wp-content\/uploads\/2026\/01\/freepik__35mm-film-photography-close-no-rosto-de-uma-pessoa__29545-300x171.jpeg 300w, https:\/\/www.tuasaude.com\/news\/wp-content\/uploads\/2026\/01\/freepik__35mm-film-photography-close-no-rosto-de-uma-pessoa__29545-768x439.jpeg 768w, https:\/\/www.tuasaude.com\/news\/wp-content\/uploads\/2026\/01\/freepik__35mm-film-photography-close-no-rosto-de-uma-pessoa__29545-750x428.jpeg 750w, https:\/\/www.tuasaude.com\/news\/wp-content\/uploads\/2026\/01\/freepik__35mm-film-photography-close-no-rosto-de-uma-pessoa__29545-1140x651.jpeg 1140w, https:\/\/www.tuasaude.com\/news\/wp-content\/uploads\/2026\/01\/freepik__35mm-film-photography-close-no-rosto-de-uma-pessoa__29545.jpeg 1280w\" sizes=\"(max-width: 1024px) 100vw, 1024px\" \/><figcaption class=\"wp-element-caption\">A espinha interna \u00e9 um tipo de acne inflamat\u00f3ria grave que se desenvolve profundamente sob a pele<\/figcaption><\/figure>\n<\/div>\n\n\n<h2 class=\"wp-block-heading\">Por que a espinha interna aparece?<\/h2>\n\n\n\n<p>A espinha interna se forma atrav\u00e9s do mesmo processo que origina outras espinhas, mas com uma rea\u00e7\u00e3o inflamat\u00f3ria muito mais intensa nas camadas profundas da pele. O processo inicia quando os poros ou fol\u00edculos pilosos ficam obstru\u00eddos com excesso de sebo, c\u00e9lulas mortas e outros detritos, criando um ambiente prop\u00edcio para o crescimento de bact\u00e9rias.<\/p>\n\n\n\n<p>Quando a bact\u00e9ria <em>Cutibacterium acnes<\/em> (anteriormente chamada <em>Propionibacterium acnes<\/em>), que vive naturalmente na pele, fica presa dentro do poro obstru\u00eddo, ocorre uma infec\u00e7\u00e3o que desencadeia uma resposta imunol\u00f3gica intensa. O sistema imunol\u00f3gico tenta eliminar as c\u00e9lulas mortas, o sebo e os detritos inflamat\u00f3rios, causando incha\u00e7o e inflama\u00e7\u00e3o profunda que resulta na forma\u00e7\u00e3o dos n\u00f3dulos caracter\u00edsticos.<\/p>\n\n\n\n<!-- \ud83d\udd35 Tabela: Fatores que contribuem para o aparecimento -->\n<section class=\"tusaude-fatores-aparecimento\">\n\n<style>\n.tusaude-fatores-aparecimento{\n  --bg:#ffffff;\n  --header:#e0f2fe;\n  --row:#f8fcff;\n  --text:#0f172a;\n  --muted:#475569;\n  --border:#bae6fd;\n  --primary:#0284c7;\n  --radius:14px;\n  --shadow:0 6px 18px rgba(2,132,199,.14);\n\n  margin:2rem 0;\n  font-family:\"Poppins\",sans-serif;\n}\n\n.tusaude-fatores-aparecimento h3{\n  font-size:1.35rem;\n  font-weight:800;\n  color:#075985;\n  margin-bottom:1rem;\n}\n\n\/* tabela *\/\n.tusaude-fatores-aparecimento table{\n  width:100%;\n  border-collapse:separate;\n  border-spacing:0;\n  background:var(--bg);\n  border-radius:var(--radius);\n  overflow:hidden;\n  box-shadow:var(--shadow);\n}\n\n\/* cabe\u00e7alho *\/\n.tusaude-fatores-aparecimento thead th{\n  background:var(--header);\n  color:#075985;\n  text-align:left;\n  padding:1rem;\n  font-size:.9rem;\n  font-weight:800;\n  border-bottom:2px solid var(--border);\n}\n\n\/* corpo *\/\n.tusaude-fatores-aparecimento tbody td{\n  padding:1rem;\n  font-size:.95rem;\n  color:var(--text);\n  border-bottom:1px solid var(--border);\n  vertical-align:top;\n}\n\n.tusaude-fatores-aparecimento tbody tr:nth-child(even){\n  background:var(--row);\n}\n\n\/* responsivo *\/\n@media (max-width: 720px){\n  .tusaude-fatores-aparecimento table,\n  .tusaude-fatores-aparecimento thead,\n  .tusaude-fatores-aparecimento tbody,\n  .tusaude-fatores-aparecimento tr,\n  .tusaude-fatores-aparecimento td{\n    display:block;\n    width:100%;\n  }\n\n  .tusaude-fatores-aparecimento thead{\n    display:none;\n  }\n\n  .tusaude-fatores-aparecimento tbody tr{\n    margin-bottom:1rem;\n    border-radius:12px;\n    background:#ffffff;\n    box-shadow:0 4px 14px rgba(0,0,0,.06);\n    padding:.5rem 0;\n  }\n\n  .tusaude-fatores-aparecimento tbody td{\n    border:none;\n    padding:.6rem 1rem;\n  }\n\n  .tusaude-fatores-aparecimento tbody td::before{\n    content: attr(data-label);\n    display:block;\n    font-size:.7rem;\n    font-weight:700;\n    text-transform:uppercase;\n    color:#64748b;\n    margin-bottom:.2rem;\n    letter-spacing:.04em;\n  }\n}\n<\/style>\n\n<h3>Principais fatores associados ao aparecimento<\/h3>\n\n<table>\n  <thead>\n    <tr>\n      <th>Fator<\/th>\n      <th>Descri\u00e7\u00e3o<\/th>\n    <\/tr>\n  <\/thead>\n  <tbody>\n\n    <tr>\n      <td data-label=\"Fator\"><strong>Altera\u00e7\u00f5es hormonais<\/strong><\/td>\n      <td data-label=\"Descri\u00e7\u00e3o\">\n        Puberdade, ciclo menstrual, gravidez ou uso de contraceptivos que aumentam a produ\u00e7\u00e3o de sebo.\n      <\/td>\n    <\/tr>\n\n    <tr>\n      <td data-label=\"Fator\"><strong>Produ\u00e7\u00e3o excessiva de oleosidade<\/strong><\/td>\n      <td data-label=\"Descri\u00e7\u00e3o\">\n        Gl\u00e2ndulas seb\u00e1ceas hiperativas que geram mais sebo do que o necess\u00e1rio.\n      <\/td>\n    <\/tr>\n\n    <tr>\n      <td data-label=\"Fator\"><strong>Hist\u00f3rico familiar<\/strong><\/td>\n      <td data-label=\"Descri\u00e7\u00e3o\">\n        Predisposi\u00e7\u00e3o gen\u00e9tica para desenvolver acne grave.\n      <\/td>\n    <\/tr>\n\n    <tr>\n      <td data-label=\"Fator\"><strong>Estresse<\/strong><\/td>\n      <td data-label=\"Descri\u00e7\u00e3o\">\n        Aumento do cortisol que estimula a produ\u00e7\u00e3o de sebo e piora a inflama\u00e7\u00e3o.\n      <\/td>\n    <\/tr>\n\n    <tr>\n      <td data-label=\"Fator\"><strong>Produtos cosm\u00e9ticos comedog\u00eanicos<\/strong><\/td>\n      <td data-label=\"Descri\u00e7\u00e3o\">\n        Maquiagens e cremes pesados que obstruem os poros.\n      <\/td>\n    <\/tr>\n\n    <tr>\n      <td data-label=\"Fator\"><strong>Medicamentos<\/strong><\/td>\n      <td data-label=\"Descri\u00e7\u00e3o\">\n        Uso de corticosteroides, testosterona ou l\u00edtio.\n      <\/td>\n    <\/tr>\n\n  <\/tbody>\n<\/table>\n\n<\/section>\n\n\n\n\n<h2 class=\"wp-block-heading\">Qual a diferen\u00e7a entre espinha interna e espinha comum?<\/h2>\n\n\n\n<p>A principal diferen\u00e7a entre espinha interna e espinha comum est\u00e1 na profundidade e na gravidade da inflama\u00e7\u00e3o. As espinhas comuns, como cravos e p\u00fastulas, se formam pr\u00f3ximas \u00e0 superf\u00edcie da pele e geralmente apresentam uma &#8220;cabe\u00e7a&#8221; branca ou preta vis\u00edvel, podendo ser tratadas com produtos de venda livre e desaparecendo em poucos dias.<\/p>\n\n\n\n<p>J\u00e1 as espinhas internas se desenvolvem nas camadas profundas da pele, formando n\u00f3dulos firmes e dolorosos que n\u00e3o possuem abertura vis\u00edvel na superf\u00edcie. Segundo a Cleveland Clinic, os n\u00f3dulos s\u00e3o mais firmes e s\u00f3lidos porque n\u00e3o cont\u00eam fluido, enquanto os cistos cont\u00eam pus e s\u00e3o ligeiramente mais macios ao toque, mas ambos s\u00e3o muito mais dolorosos que as espinhas superficiais e demoram semanas ou meses para desaparecer.<\/p>\n\n\n<div class=\"wp-block-image\">\n<figure class=\"aligncenter size-large\"><img decoding=\"async\" width=\"1024\" height=\"571\" src=\"https:\/\/www.tuasaude.com\/news\/wp-content\/uploads\/2026\/01\/freepik__crie-um-infogrfico-horizontal-intituladoespinha-in__31052-1024x571.png\" alt=\"Espremer esse tipo de espinha \u00e9 o pior erro que voc\u00ea pode cometer na pele\" class=\"wp-image-717\" srcset=\"https:\/\/www.tuasaude.com\/news\/wp-content\/uploads\/2026\/01\/freepik__crie-um-infogrfico-horizontal-intituladoespinha-in__31052-1024x571.png 1024w, https:\/\/www.tuasaude.com\/news\/wp-content\/uploads\/2026\/01\/freepik__crie-um-infogrfico-horizontal-intituladoespinha-in__31052-300x167.png 300w, https:\/\/www.tuasaude.com\/news\/wp-content\/uploads\/2026\/01\/freepik__crie-um-infogrfico-horizontal-intituladoespinha-in__31052-768x428.png 768w, https:\/\/www.tuasaude.com\/news\/wp-content\/uploads\/2026\/01\/freepik__crie-um-infogrfico-horizontal-intituladoespinha-in__31052-750x418.png 750w, https:\/\/www.tuasaude.com\/news\/wp-content\/uploads\/2026\/01\/freepik__crie-um-infogrfico-horizontal-intituladoespinha-in__31052-1140x636.png 1140w, https:\/\/www.tuasaude.com\/news\/wp-content\/uploads\/2026\/01\/freepik__crie-um-infogrfico-horizontal-intituladoespinha-in__31052.png 1280w\" sizes=\"(max-width: 1024px) 100vw, 1024px\" \/><figcaption class=\"wp-element-caption\">A espinha interna \u00e9 um tipo de acne inflamat\u00f3ria grave que se desenvolve profundamente sob a pele<\/figcaption><\/figure>\n<\/div>\n\n\n<h2 class=\"wp-block-heading\">Como tirar a espinha interna de forma segura?<\/h2>\n\n\n\n<p>As espinhas internas n\u00e3o devem ser tratadas em casa com produtos de venda livre convencionais, pois requerem acompanhamento de um dermatologista para evitar cicatrizes permanentes. O tratamento geralmente envolve uma combina\u00e7\u00e3o de medicamentos t\u00f3picos e orais prescritos por um profissional especializado.<\/p>\n\n\n\n<p>Segundo a Cleveland Clinic, o tratamento pode levar tr\u00eas meses ou mais para apresentar resultados completos, sendo essencial seguir rigorosamente as orienta\u00e7\u00f5es m\u00e9dicas. A abordagem terap\u00eautica \u00e9 individualizada conforme a gravidade do quadro e pode incluir diferentes modalidades de tratamento combinadas para maior efic\u00e1cia.<\/p>\n\n\n\n<p><strong>Tratamentos m\u00e9dicos para espinha interna:<\/strong><\/p>\n\n\n\n<ul class=\"wp-block-list\">\n<li><strong>Antibi\u00f3ticos orais<\/strong>: tetraciclina, doxiciclina ou minociclina para reduzir inflama\u00e7\u00e3o e combater bact\u00e9rias<\/li>\n\n\n\n<li><strong>Isotretino\u00edna oral<\/strong>: medicamento derivado da vitamina A para casos graves de acne c\u00edstica<\/li>\n\n\n\n<li><strong>Anticoncepcionais orais<\/strong>: regulam horm\u00f4nios em mulheres e reduzem a produ\u00e7\u00e3o de sebo<\/li>\n\n\n\n<li><strong>Espironolactona<\/strong>: bloqueia horm\u00f4nios que estimulam a produ\u00e7\u00e3o excessiva de oleosidade<\/li>\n\n\n\n<li><strong>Retinoides t\u00f3picos prescritos<\/strong>: aceleram a renova\u00e7\u00e3o celular e desobstruem os poros profundos<\/li>\n\n\n\n<li><strong>Inje\u00e7\u00f5es de corticosteroides<\/strong>: aplicadas diretamente no n\u00f3dulo para reduzir inflama\u00e7\u00e3o rapidamente<\/li>\n\n\n\n<li><strong>\u00c1cido salic\u00edlico e per\u00f3xido de benzo\u00edla<\/strong>: produtos t\u00f3picos prescritos em concentra\u00e7\u00f5es adequadas<\/li>\n<\/ul>\n\n\n\n<h2 class=\"wp-block-heading\">O que n\u00e3o fazer com a espinha interna?<\/h2>\n\n\n\n<p>Nunca tente espremer, cutucar ou extrair uma espinha interna, pois ela est\u00e1 localizada muito profundamente sob a pele e qualquer tentativa de manipula\u00e7\u00e3o causar\u00e1 mais inflama\u00e7\u00e3o, dor intensa e aumentar\u00e1 significativamente o risco de cicatrizes permanentes. <a href=\"https:\/\/www.webmd.com\/skin-problems-and-treatments\/acne\/what-to-know-about-blind-pimples\" target=\"_blank\" rel=\"noreferrer noopener\">Segundo a WebMD<\/a>, diferentemente das espinhas superficiais que \u00e0s vezes podem ser extra\u00eddas, as espinhas internas n\u00e3o t\u00eam abertura na superf\u00edcie e pressionar a \u00e1rea apenas empurra a infec\u00e7\u00e3o para tecidos adjacentes, agravando o problema.<\/p>\n\n\n\n<p>Tamb\u00e9m \u00e9 importante evitar o uso de produtos abrasivos ou esfolia\u00e7\u00f5es agressivas na \u00e1rea afetada, pois isso irrita ainda mais a pele j\u00e1 inflamada. Se voc\u00ea apresenta espinhas internas recorrentes ou dolorosas, procure um dermatologista o mais r\u00e1pido poss\u00edvel para iniciar o tratamento adequado e minimizar o risco de cicatrizes, pois quanto mais cedo o tratamento for iniciado, melhores ser\u00e3o os resultados e menor a chance de danos permanentes \u00e0 pele.<\/p>\n","protected":false},"excerpt":{"rendered":"<p>A espinha interna, tamb\u00e9m conhecida como acne c\u00edstica ou nodular, \u00e9 uma les\u00e3o inflamat\u00f3ria profunda que se forma abaixo da superf\u00edcie da pele, causando caro\u00e7os dolorosos e avermelhados sem a forma\u00e7\u00e3o de uma &#8220;cabe\u00e7a&#8221; vis\u00edvel. Segundo a Cleveland Clinic, cerca de 20% das pessoas com acne desenvolvem formas graves como n\u00f3dulos e cistos, que se [&hellip;]<\/p>\n","protected":false},"author":7,"featured_media":697,"comment_status":"open","ping_status":"open","sticky":false,"template":"","format":"standard","meta":{"_yoast_wpseo_focuskw":"espinha","_yoast_wpseo_title":"","_yoast_wpseo_metadesc":"Espinha enterrada forma n\u00f3dulo que dura meses e deixa cicatriz se tratada errado. Horm\u00f4nios e estresse pioram o quadro. Saiba como cuidar sem causar danos","jnews-multi-image_gallery":[],"jnews_single_post":{"format":"standard"},"jnews_primary_category":[],"jnews_social_meta":[],"jnews_override_counter":[],"footnotes":""},"categories":[111],"tags":[145,233,155,136],"class_list":["post-653","post","type-post","status-publish","format-standard","has-post-thumbnail","hentry","category-saude","tag-bem-estar","tag-espinha","tag-pele","tag-saude"],"yoast_head":"<!-- This site is optimized with the Yoast SEO plugin v26.7 - https:\/\/yoast.com\/wordpress\/plugins\/seo\/ -->\n<title>Espremer esse tipo de espinha \u00e9 o pior erro que voc\u00ea pode cometer na pele - Tua Sa\u00fade<\/title>\n<meta name=\"description\" content=\"Espinha enterrada forma n\u00f3dulo que dura meses e deixa cicatriz se tratada errado. Horm\u00f4nios e estresse pioram o quadro. Saiba como cuidar sem causar danos\" \/>\n<meta name=\"robots\" content=\"index, follow, max-snippet:-1, max-image-preview:large, max-video-preview:-1\" \/>\n<link rel=\"canonical\" href=\"https:\/\/www.tuasaude.com\/news\/2026\/01\/15\/espremer-esse-tipo-de-espinha-e-o-pior-erro-que-voce-pode-cometer-na-pele\/\" \/>\n<meta property=\"og:locale\" content=\"pt_BR\" \/>\n<meta property=\"og:type\" content=\"article\" \/>\n<meta property=\"og:title\" content=\"Espremer esse tipo de espinha \u00e9 o pior erro que voc\u00ea pode cometer na pele - Tua Sa\u00fade\" \/>\n<meta property=\"og:description\" content=\"Espinha enterrada forma n\u00f3dulo que dura meses e deixa cicatriz se tratada errado. Horm\u00f4nios e estresse pioram o quadro. Saiba como cuidar sem causar danos\" \/>\n<meta property=\"og:url\" content=\"https:\/\/www.tuasaude.com\/news\/2026\/01\/15\/espremer-esse-tipo-de-espinha-e-o-pior-erro-que-voce-pode-cometer-na-pele\/\" \/>\n<meta property=\"og:site_name\" content=\"Tua Sa\u00fade\" \/>\n<meta property=\"article:published_time\" content=\"2026-01-15T20:18:00+00:00\" \/>\n<meta property=\"og:image\" content=\"https:\/\/www.tuasaude.com\/news\/wp-content\/uploads\/2026\/01\/freepik__35mm-film-photography-rosto-de-uma-pessoa-adulta-c__29544.jpeg\" \/>\n\t<meta property=\"og:image:width\" content=\"1280\" \/>\n\t<meta property=\"og:image:height\" content=\"731\" \/>\n\t<meta property=\"og:image:type\" content=\"image\/jpeg\" \/>\n<meta name=\"author\" content=\"Carlos Emanoel\" \/>\n<meta name=\"twitter:card\" content=\"summary_large_image\" \/>\n<meta name=\"twitter:label1\" content=\"Escrito por\" \/>\n\t<meta name=\"twitter:data1\" content=\"Carlos Emanoel\" \/>\n\t<meta name=\"twitter:label2\" content=\"Est. tempo de leitura\" \/>\n\t<meta name=\"twitter:data2\" content=\"6 minutos\" \/>\n<!-- \/ Yoast SEO plugin. -->","yoast_head_json":{"title":"Espremer esse tipo de espinha \u00e9 o pior erro que voc\u00ea pode cometer na pele - Tua Sa\u00fade","description":"Espinha enterrada forma n\u00f3dulo que dura meses e deixa cicatriz se tratada errado. Horm\u00f4nios e estresse pioram o quadro. Saiba como cuidar sem causar danos","robots":{"index":"index","follow":"follow","max-snippet":"max-snippet:-1","max-image-preview":"max-image-preview:large","max-video-preview":"max-video-preview:-1"},"canonical":"https:\/\/www.tuasaude.com\/news\/2026\/01\/15\/espremer-esse-tipo-de-espinha-e-o-pior-erro-que-voce-pode-cometer-na-pele\/","og_locale":"pt_BR","og_type":"article","og_title":"Espremer esse tipo de espinha \u00e9 o pior erro que voc\u00ea pode cometer na pele - Tua Sa\u00fade","og_description":"Espinha enterrada forma n\u00f3dulo que dura meses e deixa cicatriz se tratada errado. Horm\u00f4nios e estresse pioram o quadro. Saiba como cuidar sem causar danos","og_url":"https:\/\/www.tuasaude.com\/news\/2026\/01\/15\/espremer-esse-tipo-de-espinha-e-o-pior-erro-que-voce-pode-cometer-na-pele\/","og_site_name":"Tua Sa\u00fade","article_published_time":"2026-01-15T20:18:00+00:00","og_image":[{"width":1280,"height":731,"url":"https:\/\/www.tuasaude.com\/news\/wp-content\/uploads\/2026\/01\/freepik__35mm-film-photography-rosto-de-uma-pessoa-adulta-c__29544.jpeg","type":"image\/jpeg"}],"author":"Carlos Emanoel","twitter_card":"summary_large_image","twitter_misc":{"Escrito por":"Carlos Emanoel","Est. tempo de leitura":"6 minutos"},"schema":{"@context":"https:\/\/schema.org","@graph":[{"@type":"Article","@id":"https:\/\/www.tuasaude.com\/news\/2026\/01\/15\/espremer-esse-tipo-de-espinha-e-o-pior-erro-que-voce-pode-cometer-na-pele\/#article","isPartOf":{"@id":"https:\/\/www.tuasaude.com\/news\/2026\/01\/15\/espremer-esse-tipo-de-espinha-e-o-pior-erro-que-voce-pode-cometer-na-pele\/"},"author":{"name":"Carlos Emanoel","@id":"https:\/\/www.tuasaude.com\/news\/#\/schema\/person\/0209173c87289752104ffda721220a20"},"headline":"Espremer esse tipo de espinha \u00e9 o pior erro que voc\u00ea pode cometer na pele","datePublished":"2026-01-15T20:18:00+00:00","mainEntityOfPage":{"@id":"https:\/\/www.tuasaude.com\/news\/2026\/01\/15\/espremer-esse-tipo-de-espinha-e-o-pior-erro-que-voce-pode-cometer-na-pele\/"},"wordCount":1039,"commentCount":0,"image":{"@id":"https:\/\/www.tuasaude.com\/news\/2026\/01\/15\/espremer-esse-tipo-de-espinha-e-o-pior-erro-que-voce-pode-cometer-na-pele\/#primaryimage"},"thumbnailUrl":"https:\/\/www.tuasaude.com\/news\/wp-content\/uploads\/2026\/01\/freepik__35mm-film-photography-rosto-de-uma-pessoa-adulta-c__29544.jpeg","keywords":["bem-estar","espinha","pele","sa\u00fade"],"articleSection":["Sa\u00fade"],"inLanguage":"pt-BR","potentialAction":[{"@type":"CommentAction","name":"Comment","target":["https:\/\/www.tuasaude.com\/news\/2026\/01\/15\/espremer-esse-tipo-de-espinha-e-o-pior-erro-que-voce-pode-cometer-na-pele\/#respond"]}]},{"@type":"WebPage","@id":"https:\/\/www.tuasaude.com\/news\/2026\/01\/15\/espremer-esse-tipo-de-espinha-e-o-pior-erro-que-voce-pode-cometer-na-pele\/","url":"https:\/\/www.tuasaude.com\/news\/2026\/01\/15\/espremer-esse-tipo-de-espinha-e-o-pior-erro-que-voce-pode-cometer-na-pele\/","name":"Espremer esse tipo de espinha \u00e9 o pior erro que voc\u00ea pode cometer na pele - Tua Sa\u00fade","isPartOf":{"@id":"https:\/\/www.tuasaude.com\/news\/#website"},"primaryImageOfPage":{"@id":"https:\/\/www.tuasaude.com\/news\/2026\/01\/15\/espremer-esse-tipo-de-espinha-e-o-pior-erro-que-voce-pode-cometer-na-pele\/#primaryimage"},"image":{"@id":"https:\/\/www.tuasaude.com\/news\/2026\/01\/15\/espremer-esse-tipo-de-espinha-e-o-pior-erro-que-voce-pode-cometer-na-pele\/#primaryimage"},"thumbnailUrl":"https:\/\/www.tuasaude.com\/news\/wp-content\/uploads\/2026\/01\/freepik__35mm-film-photography-rosto-de-uma-pessoa-adulta-c__29544.jpeg","datePublished":"2026-01-15T20:18:00+00:00","author":{"@id":"https:\/\/www.tuasaude.com\/news\/#\/schema\/person\/0209173c87289752104ffda721220a20"},"description":"Espinha enterrada forma n\u00f3dulo que dura meses e deixa cicatriz se tratada errado. Horm\u00f4nios e estresse pioram o quadro. Saiba como cuidar sem causar danos","breadcrumb":{"@id":"https:\/\/www.tuasaude.com\/news\/2026\/01\/15\/espremer-esse-tipo-de-espinha-e-o-pior-erro-que-voce-pode-cometer-na-pele\/#breadcrumb"},"inLanguage":"pt-BR","potentialAction":[{"@type":"ReadAction","target":["https:\/\/www.tuasaude.com\/news\/2026\/01\/15\/espremer-esse-tipo-de-espinha-e-o-pior-erro-que-voce-pode-cometer-na-pele\/"]}]},{"@type":"ImageObject","inLanguage":"pt-BR","@id":"https:\/\/www.tuasaude.com\/news\/2026\/01\/15\/espremer-esse-tipo-de-espinha-e-o-pior-erro-que-voce-pode-cometer-na-pele\/#primaryimage","url":"https:\/\/www.tuasaude.com\/news\/wp-content\/uploads\/2026\/01\/freepik__35mm-film-photography-rosto-de-uma-pessoa-adulta-c__29544.jpeg","contentUrl":"https:\/\/www.tuasaude.com\/news\/wp-content\/uploads\/2026\/01\/freepik__35mm-film-photography-rosto-de-uma-pessoa-adulta-c__29544.jpeg","width":1280,"height":731,"caption":"A espinha interna \u00e9 um tipo de acne inflamat\u00f3ria grave que se desenvolve profundamente sob a pele"},{"@type":"BreadcrumbList","@id":"https:\/\/www.tuasaude.com\/news\/2026\/01\/15\/espremer-esse-tipo-de-espinha-e-o-pior-erro-que-voce-pode-cometer-na-pele\/#breadcrumb","itemListElement":[{"@type":"ListItem","position":1,"name":"In\u00edcio","item":"https:\/\/www.tuasaude.com\/news\/"},{"@type":"ListItem","position":2,"name":"Espremer esse tipo de espinha \u00e9 o pior erro que voc\u00ea pode cometer na pele"}]},{"@type":"WebSite","@id":"https:\/\/www.tuasaude.com\/news\/#website","url":"https:\/\/www.tuasaude.com\/news\/","name":"Tua Sa\u00fade","description":"Seu site de sa\u00fade","potentialAction":[{"@type":"SearchAction","target":{"@type":"EntryPoint","urlTemplate":"https:\/\/www.tuasaude.com\/news\/?s={search_term_string}"},"query-input":{"@type":"PropertyValueSpecification","valueRequired":true,"valueName":"search_term_string"}}],"inLanguage":"pt-BR"},{"@type":"Person","@id":"https:\/\/www.tuasaude.com\/news\/#\/schema\/person\/0209173c87289752104ffda721220a20","name":"Carlos Emanoel","image":{"@type":"ImageObject","inLanguage":"pt-BR","@id":"https:\/\/www.tuasaude.com\/news\/#\/schema\/person\/image\/","url":"https:\/\/secure.gravatar.com\/avatar\/30e1f067eeac67dde63039d7e35ed50e59f4d189925ea75d1bc1690d1a9fe491?s=96&d=mm&r=g","contentUrl":"https:\/\/secure.gravatar.com\/avatar\/30e1f067eeac67dde63039d7e35ed50e59f4d189925ea75d1bc1690d1a9fe491?s=96&d=mm&r=g","caption":"Carlos Emanoel"},"sameAs":["https:\/\/www.tuasaude.com\/news\/"],"url":"https:\/\/www.tuasaude.com\/news\/author\/carlos-emanoel\/"}]}},"_links":{"self":[{"href":"https:\/\/www.tuasaude.com\/news\/wp-json\/wp\/v2\/posts\/653","targetHints":{"allow":["GET"]}}],"collection":[{"href":"https:\/\/www.tuasaude.com\/news\/wp-json\/wp\/v2\/posts"}],"about":[{"href":"https:\/\/www.tuasaude.com\/news\/wp-json\/wp\/v2\/types\/post"}],"author":[{"embeddable":true,"href":"https:\/\/www.tuasaude.com\/news\/wp-json\/wp\/v2\/users\/7"}],"replies":[{"embeddable":true,"href":"https:\/\/www.tuasaude.com\/news\/wp-json\/wp\/v2\/comments?post=653"}],"version-history":[{"count":3,"href":"https:\/\/www.tuasaude.com\/news\/wp-json\/wp\/v2\/posts\/653\/revisions"}],"predecessor-version":[{"id":723,"href":"https:\/\/www.tuasaude.com\/news\/wp-json\/wp\/v2\/posts\/653\/revisions\/723"}],"wp:featuredmedia":[{"embeddable":true,"href":"https:\/\/www.tuasaude.com\/news\/wp-json\/wp\/v2\/media\/697"}],"wp:attachment":[{"href":"https:\/\/www.tuasaude.com\/news\/wp-json\/wp\/v2\/media?parent=653"}],"wp:term":[{"taxonomy":"category","embeddable":true,"href":"https:\/\/www.tuasaude.com\/news\/wp-json\/wp\/v2\/categories?post=653"},{"taxonomy":"post_tag","embeddable":true,"href":"https:\/\/www.tuasaude.com\/news\/wp-json\/wp\/v2\/tags?post=653"}],"curies":[{"name":"wp","href":"https:\/\/api.w.org\/{rel}","templated":true}]}}