{"id":6529,"date":"2026-03-06T19:30:00","date_gmt":"2026-03-06T22:30:00","guid":{"rendered":"https:\/\/www.tuasaude.com\/news\/?p=6529"},"modified":"2026-03-05T15:27:32","modified_gmt":"2026-03-05T18:27:32","slug":"sentir-sono-depois-do-almoco-tem-explicacao-biologica-e-solucao-eficaz-segundo-cientistas","status":"publish","type":"post","link":"https:\/\/www.tuasaude.com\/news\/2026\/03\/06\/sentir-sono-depois-do-almoco-tem-explicacao-biologica-e-solucao-eficaz-segundo-cientistas\/","title":{"rendered":"Sentir sono depois do almo\u00e7o tem explica\u00e7\u00e3o biol\u00f3gica e solu\u00e7\u00e3o eficaz segundo cientistas"},"content":{"rendered":"\n<p>Aquela vontade quase irresist\u00edvel de dormir logo depois do almo\u00e7o n\u00e3o \u00e9 pregui\u00e7a nem falta de disposi\u00e7\u00e3o. A sonol\u00eancia p\u00f3s-refei\u00e7\u00e3o \u00e9 um fen\u00f4meno biol\u00f3gico real, conhecido pela ci\u00eancia como sonol\u00eancia p\u00f3s-prandial, e est\u00e1 relacionada \u00e0 forma como o corpo responde aos alimentos, \u00e0 a\u00e7\u00e3o da insulina e ao ritmo natural do rel\u00f3gio biol\u00f3gico. Entender por que isso acontece \u00e9 o primeiro passo para adotar estrat\u00e9gias simples que ajudam a manter a energia e a produtividade ao longo da tarde.<\/p>\n\n\n\n<h2 class=\"wp-block-heading\">Por que o sono aparece justamente depois de comer?<\/h2>\n\n\n\n<p>Ap\u00f3s uma refei\u00e7\u00e3o, o corpo inicia o processo de digest\u00e3o e absor\u00e7\u00e3o dos nutrientes. Quando alimentos ricos em carboidratos s\u00e3o consumidos, a glicose no sangue sobe e o organismo libera insulina para transport\u00e1-la at\u00e9 as c\u00e9lulas. Esse pico de insulina favorece a entrada de certos amino\u00e1cidos nos m\u00fasculos, deixando o caminho livre para que o triptofano chegue ao c\u00e9rebro com mais facilidade. O triptofano \u00e9 precursor da serotonina e da melatonina, subst\u00e2ncias que induzem relaxamento e sono.<\/p>\n\n\n\n<p>Al\u00e9m da resposta \u00e0 alimenta\u00e7\u00e3o, o pr\u00f3prio <a href=\"https:\/\/www.tuasaude.com\/ciclo-circadino\/\" target=\"_blank\" rel=\"noreferrer noopener\">ciclo circadiano<\/a> contribui para essa queda de energia. O rel\u00f3gio biol\u00f3gico humano apresenta uma redu\u00e7\u00e3o natural dos sinais de alerta no in\u00edcio da tarde, geralmente entre 13h e 15h, independentemente de a pessoa ter comido ou n\u00e3o. Quando o almo\u00e7o coincide com esse per\u00edodo, os dois fatores se somam e a sonol\u00eancia se intensifica.<\/p>\n\n\n<div class=\"wp-block-image\">\n<figure class=\"aligncenter size-large\"><img decoding=\"async\" width=\"1024\" height=\"571\" src=\"https:\/\/www.tuasaude.com\/news\/wp-content\/uploads\/2026\/03\/creation_2515470630-1024x571.png\" alt=\"Sentir sono depois do almo\u00e7o tem explica\u00e7\u00e3o biol\u00f3gica e solu\u00e7\u00e3o eficaz segundo cientistas\" class=\"wp-image-6560\" srcset=\"https:\/\/www.tuasaude.com\/news\/wp-content\/uploads\/2026\/03\/creation_2515470630-1024x571.png 1024w, https:\/\/www.tuasaude.com\/news\/wp-content\/uploads\/2026\/03\/creation_2515470630-300x167.png 300w, https:\/\/www.tuasaude.com\/news\/wp-content\/uploads\/2026\/03\/creation_2515470630-768x428.png 768w, https:\/\/www.tuasaude.com\/news\/wp-content\/uploads\/2026\/03\/creation_2515470630-750x418.png 750w, https:\/\/www.tuasaude.com\/news\/wp-content\/uploads\/2026\/03\/creation_2515470630-1140x636.png 1140w, https:\/\/www.tuasaude.com\/news\/wp-content\/uploads\/2026\/03\/creation_2515470630.png 1280w\" sizes=\"(max-width: 1024px) 100vw, 1024px\" \/><figcaption class=\"wp-element-caption\">Pequenos ajustes na alimenta\u00e7\u00e3o e uma caminhada ap\u00f3s o almo\u00e7o podem reduzir o cansa\u00e7o da tarde.<\/figcaption><\/figure>\n<\/div>\n\n\n<h2 class=\"wp-block-heading\">Revis\u00e3o cient\u00edfica explica a rela\u00e7\u00e3o entre alimenta\u00e7\u00e3o, glicose e sonol\u00eancia<\/h2>\n\n\n\n<p>A influ\u00eancia da alimenta\u00e7\u00e3o sobre a sonol\u00eancia e o desempenho j\u00e1 \u00e9 tema de investiga\u00e7\u00e3o cient\u00edfica aprofundada. Segundo a revis\u00e3o de escopo <a href=\"https:\/\/pmc.ncbi.nlm.nih.gov\/articles\/PMC12566848\/\" target=\"_blank\" rel=\"noreferrer noopener\"><em>&#8220;The Influence of Food Intake and Blood Glucose on Postprandial Sleepiness and Work Productivity&#8221;<\/em>,<\/a> publicada no peri\u00f3dico <em>Nutrients<\/em> em 2025, o hor\u00e1rio das refei\u00e7\u00f5es funciona como regulador dos ritmos metab\u00f3licos do corpo, influenciando diretamente os n\u00edveis de glicose e insulina ao longo do dia. O estudo tamb\u00e9m destaca que pausas breves para caminhar a cada 30 minutos atenuam significativamente o ac\u00famulo de fadiga no per\u00edodo p\u00f3s-refei\u00e7\u00e3o. Esses achados refor\u00e7am que o tipo de alimento, o hor\u00e1rio em que se come e o n\u00edvel de atividade f\u00edsica ap\u00f3s a refei\u00e7\u00e3o s\u00e3o fatores determinantes para a sonol\u00eancia \u00e0 tarde. <\/p>\n\n\n\n<h2 class=\"wp-block-heading\">Fatores que intensificam o sono depois de comer<\/h2>\n\n\n\n<p>Embora a sonol\u00eancia p\u00f3s-almo\u00e7o seja natural, alguns h\u00e1bitos e condi\u00e7\u00f5es podem torn\u00e1-la mais intensa. Identificar esses fatores ajuda a entender quando o cansa\u00e7o ap\u00f3s as refei\u00e7\u00f5es merece aten\u00e7\u00e3o:<\/p>\n\n\n\n<div style=\"display: flex; flex-wrap: wrap; gap: 20px; justify-content: center; font-family: 'Segoe UI', Roboto, Helvetica, sans-serif; padding: 40px; background-color: #f1f5f9;\">\n\n  <div style=\"flex: 1; min-width: 250px; max-width: 280px; background: #ffffff; border: 1px solid #e2e8f0; padding: 25px; border-radius: 20px; box-shadow: 0 10px 25px rgba(0,0,0,0.05); text-align: center;\">\n    <div style=\"font-size: 32px; margin-bottom: 15px;\">\ud83c\udf5e<\/div>\n    <h3 style=\"color: #334155; font-size: 1.1em; margin-bottom: 12px; letter-spacing: 1px;\">CARBOIDRATOS REFINADOS<\/h3>\n    <p style=\"color: #475569; font-size: 0.95em; line-height: 1.6; margin: 0;\">\n      Alimentos como <strong>p\u00e3o branco, massas e doces<\/strong> causam picos de glicose seguidos de queda de energia.\n    <\/p>\n  <\/div>\n\n  <div style=\"flex: 1; min-width: 250px; max-width: 280px; background: #ffffff; border: 1px solid #e2e8f0; padding: 25px; border-radius: 20px; box-shadow: 0 10px 25px rgba(0,0,0,0.05); text-align: center;\">\n    <div style=\"font-size: 32px; margin-bottom: 15px;\">\ud83d\ude34<\/div>\n    <h3 style=\"color: #334155; font-size: 1.1em; margin-bottom: 12px; letter-spacing: 1px;\">D\u00cdVIDA DE SONO<\/h3>\n    <p style=\"color: #475569; font-size: 0.95em; line-height: 1.6; margin: 0;\">\n      Dormir pouco ou mal \u00e0 noite aumenta a <strong>queda natural de alerta<\/strong> no per\u00edodo da tarde.\n    <\/p>\n  <\/div>\n\n  <div style=\"flex: 1; min-width: 250px; max-width: 280px; background: #ffffff; border: 1px solid #e2e8f0; padding: 25px; border-radius: 20px; box-shadow: 0 10px 25px rgba(0,0,0,0.05); text-align: center;\">\n    <div style=\"font-size: 32px; margin-bottom: 15px;\">\ud83c\udf54<\/div>\n    <h3 style=\"color: #334155; font-size: 1.1em; margin-bottom: 12px; letter-spacing: 1px;\">EXCESSO DE GORDURA<\/h3>\n    <p style=\"color: #475569; font-size: 0.95em; line-height: 1.6; margin: 0;\">\n      Refei\u00e7\u00f5es muito gordurosas estimulam subst\u00e2ncias que <strong>prolongam a sensa\u00e7\u00e3o de sonol\u00eancia<\/strong>.\n    <\/p>\n  <\/div>\n\n  <div style=\"flex: 1; min-width: 250px; max-width: 280px; background: #ffffff; border: 1px solid #e2e8f0; padding: 25px; border-radius: 20px; box-shadow: 0 10px 25px rgba(0,0,0,0.05); text-align: center;\">\n    <div style=\"font-size: 32px; margin-bottom: 15px;\">\ud83e\ude91<\/div>\n    <h3 style=\"color: #334155; font-size: 1.1em; margin-bottom: 12px; letter-spacing: 1px;\">SEDENTARISMO<\/h3>\n    <p style=\"color: #475569; font-size: 0.95em; line-height: 1.6; margin: 0;\">\n      Permanecer sentado ap\u00f3s comer reduz a circula\u00e7\u00e3o e pode <strong>aumentar a sensa\u00e7\u00e3o de fadiga<\/strong>.\n    <\/p>\n  <\/div>\n\n<\/div>\n\n\n\n<h2 class=\"wp-block-heading\">Estrat\u00e9gias pr\u00e1ticas para reduzir a sonol\u00eancia \u00e0 tarde<\/h2>\n\n\n\n<p>Algumas mudan\u00e7as simples na rotina podem fazer uma grande diferen\u00e7a na disposi\u00e7\u00e3o ap\u00f3s o almo\u00e7o. As seguintes estrat\u00e9gias s\u00e3o apoiadas por evid\u00eancias cient\u00edficas e f\u00e1ceis de aplicar no dia a dia:<\/p>\n\n\n\n<ul class=\"wp-block-list\">\n<li><strong>Prefira refei\u00e7\u00f5es equilibradas<\/strong> \u2013 combina\u00e7\u00f5es de prote\u00ednas, fibras e gorduras boas, como arroz integral com frango e salada, ajudam a manter a glicose est\u00e1vel e evitam picos de insulina.<\/li>\n\n\n\n<li><strong>Fa\u00e7a uma caminhada curta ap\u00f3s comer<\/strong> \u2013 mesmo 10 a 15 minutos de caminhada leve j\u00e1 ajudam a reduzir a fadiga e melhorar o metabolismo da glicose.<\/li>\n\n\n\n<li><strong>Controle o tamanho da por\u00e7\u00e3o<\/strong> \u2013 comer em quantidade moderada diminui o esfor\u00e7o do corpo para digerir e reduz a intensidade da sonol\u00eancia.<\/li>\n\n\n\n<li><strong>Exponha-se \u00e0 luz natural<\/strong> \u2013 a luz do sol ajuda a manter o ciclo circadiano regulado e refor\u00e7a os sinais de alerta do c\u00e9rebro durante o in\u00edcio da tarde.<\/li>\n<\/ul>\n\n\n\n<h2 class=\"wp-block-heading\">Sono ap\u00f3s o almo\u00e7o \u00e9 normal, mas merece aten\u00e7\u00e3o quando \u00e9 excessivo<\/h2>\n\n\n\n<p>Sentir uma leve<a href=\"https:\/\/www.tuasaude.com\/ciclo-circadino\/\" target=\"_blank\" rel=\"noreferrer noopener\"> sonol\u00eancia <\/a>depois de comer faz parte do funcionamento natural do organismo e n\u00e3o representa, por si s\u00f3, um problema de sa\u00fade. Por\u00e9m, quando o cansa\u00e7o \u00e9 t\u00e3o intenso que prejudica as atividades di\u00e1rias, vem acompanhado de tontura ou acontece mesmo ap\u00f3s refei\u00e7\u00f5es leves, pode indicar quest\u00f5es como resist\u00eancia \u00e0 insulina, apneia do sono ou problemas na qualidade do descanso noturno.<\/p>\n\n\n\n<p>Se a sonol\u00eancia p\u00f3s-refei\u00e7\u00e3o for frequente e atrapalhar a rotina, \u00e9 importante procurar um m\u00e9dico para investigar poss\u00edveis causas. Somente um profissional de sa\u00fade pode avaliar o quadro completo e orientar as medidas mais adequadas para cada situa\u00e7\u00e3o.<\/p>\n\n\n\n<p><\/p>\n","protected":false},"excerpt":{"rendered":"<p>Aquela vontade quase irresist\u00edvel de dormir logo depois do almo\u00e7o n\u00e3o \u00e9 pregui\u00e7a nem falta de disposi\u00e7\u00e3o. A sonol\u00eancia p\u00f3s-refei\u00e7\u00e3o \u00e9 um fen\u00f4meno biol\u00f3gico real, conhecido pela ci\u00eancia como sonol\u00eancia p\u00f3s-prandial, e est\u00e1 relacionada \u00e0 forma como o corpo responde aos alimentos, \u00e0 a\u00e7\u00e3o da insulina e ao ritmo natural do rel\u00f3gio biol\u00f3gico. Entender por [&hellip;]<\/p>\n","protected":false},"author":11,"featured_media":6559,"comment_status":"open","ping_status":"open","sticky":false,"template":"","format":"standard","meta":{"_yoast_wpseo_focuskw":"depois do almo\u00e7o","_yoast_wpseo_title":"","_yoast_wpseo_metadesc":"Aquela sonol\u00eancia ap\u00f3s o almo\u00e7o tem explica\u00e7\u00e3o cient\u00edfica. Veja como alimenta\u00e7\u00e3o, insulina e ritmo do corpo influenciam a energia.","jnews-multi-image_gallery":[],"jnews_single_post":{"format":"standard"},"jnews_primary_category":[],"jnews_social_meta":[],"jnews_override_counter":[],"footnotes":""},"categories":[111],"tags":[145,265,1086,116],"class_list":["post-6529","post","type-post","status-publish","format-standard","has-post-thumbnail","hentry","category-saude","tag-bem-estar","tag-ciclo-circadiano","tag-saude-do-sono","tag-sono"],"yoast_head":"<!-- This site is optimized with the Yoast SEO plugin v26.7 - https:\/\/yoast.com\/wordpress\/plugins\/seo\/ -->\n<title>Sentir sono depois do almo\u00e7o tem explica\u00e7\u00e3o biol\u00f3gica e solu\u00e7\u00e3o eficaz segundo cientistas - Tua Sa\u00fade<\/title>\n<meta name=\"description\" content=\"Aquela sonol\u00eancia ap\u00f3s o almo\u00e7o tem explica\u00e7\u00e3o cient\u00edfica. Veja como alimenta\u00e7\u00e3o, insulina e ritmo do corpo influenciam a energia.\" \/>\n<meta name=\"robots\" content=\"index, follow, max-snippet:-1, max-image-preview:large, max-video-preview:-1\" \/>\n<link rel=\"canonical\" href=\"https:\/\/www.tuasaude.com\/news\/2026\/03\/06\/sentir-sono-depois-do-almoco-tem-explicacao-biologica-e-solucao-eficaz-segundo-cientistas\/\" \/>\n<meta property=\"og:locale\" content=\"pt_BR\" \/>\n<meta property=\"og:type\" content=\"article\" \/>\n<meta property=\"og:title\" content=\"Sentir sono depois do almo\u00e7o tem explica\u00e7\u00e3o biol\u00f3gica e solu\u00e7\u00e3o eficaz segundo cientistas - Tua Sa\u00fade\" \/>\n<meta property=\"og:description\" content=\"Aquela sonol\u00eancia ap\u00f3s o almo\u00e7o tem explica\u00e7\u00e3o cient\u00edfica. Veja como alimenta\u00e7\u00e3o, insulina e ritmo do corpo influenciam a energia.\" \/>\n<meta property=\"og:url\" content=\"https:\/\/www.tuasaude.com\/news\/2026\/03\/06\/sentir-sono-depois-do-almoco-tem-explicacao-biologica-e-solucao-eficaz-segundo-cientistas\/\" \/>\n<meta property=\"og:site_name\" content=\"Tua Sa\u00fade\" \/>\n<meta property=\"article:published_time\" content=\"2026-03-06T22:30:00+00:00\" \/>\n<meta property=\"og:image\" content=\"https:\/\/www.tuasaude.com\/news\/wp-content\/uploads\/2026\/03\/creation_2515467359.png\" \/>\n\t<meta property=\"og:image:width\" content=\"1280\" \/>\n\t<meta property=\"og:image:height\" content=\"714\" \/>\n\t<meta property=\"og:image:type\" content=\"image\/png\" \/>\n<meta name=\"author\" content=\"Gessika Julia Carvalho\" \/>\n<meta name=\"twitter:card\" content=\"summary_large_image\" \/>\n<meta name=\"twitter:label1\" content=\"Escrito por\" \/>\n\t<meta name=\"twitter:data1\" content=\"Gessika Julia Carvalho\" \/>\n\t<meta name=\"twitter:label2\" content=\"Est. tempo de leitura\" \/>\n\t<meta name=\"twitter:data2\" content=\"5 minutos\" \/>\n<!-- \/ Yoast SEO plugin. -->","yoast_head_json":{"title":"Sentir sono depois do almo\u00e7o tem explica\u00e7\u00e3o biol\u00f3gica e solu\u00e7\u00e3o eficaz segundo cientistas - Tua Sa\u00fade","description":"Aquela sonol\u00eancia ap\u00f3s o almo\u00e7o tem explica\u00e7\u00e3o cient\u00edfica. Veja como alimenta\u00e7\u00e3o, insulina e ritmo do corpo influenciam a energia.","robots":{"index":"index","follow":"follow","max-snippet":"max-snippet:-1","max-image-preview":"max-image-preview:large","max-video-preview":"max-video-preview:-1"},"canonical":"https:\/\/www.tuasaude.com\/news\/2026\/03\/06\/sentir-sono-depois-do-almoco-tem-explicacao-biologica-e-solucao-eficaz-segundo-cientistas\/","og_locale":"pt_BR","og_type":"article","og_title":"Sentir sono depois do almo\u00e7o tem explica\u00e7\u00e3o biol\u00f3gica e solu\u00e7\u00e3o eficaz segundo cientistas - Tua Sa\u00fade","og_description":"Aquela sonol\u00eancia ap\u00f3s o almo\u00e7o tem explica\u00e7\u00e3o cient\u00edfica. Veja como alimenta\u00e7\u00e3o, insulina e ritmo do corpo influenciam a energia.","og_url":"https:\/\/www.tuasaude.com\/news\/2026\/03\/06\/sentir-sono-depois-do-almoco-tem-explicacao-biologica-e-solucao-eficaz-segundo-cientistas\/","og_site_name":"Tua Sa\u00fade","article_published_time":"2026-03-06T22:30:00+00:00","og_image":[{"width":1280,"height":714,"url":"https:\/\/www.tuasaude.com\/news\/wp-content\/uploads\/2026\/03\/creation_2515467359.png","type":"image\/png"}],"author":"Gessika Julia Carvalho","twitter_card":"summary_large_image","twitter_misc":{"Escrito por":"Gessika Julia Carvalho","Est. tempo de leitura":"5 minutos"},"schema":{"@context":"https:\/\/schema.org","@graph":[{"@type":"Article","@id":"https:\/\/www.tuasaude.com\/news\/2026\/03\/06\/sentir-sono-depois-do-almoco-tem-explicacao-biologica-e-solucao-eficaz-segundo-cientistas\/#article","isPartOf":{"@id":"https:\/\/www.tuasaude.com\/news\/2026\/03\/06\/sentir-sono-depois-do-almoco-tem-explicacao-biologica-e-solucao-eficaz-segundo-cientistas\/"},"author":{"name":"Gessika Julia Carvalho","@id":"https:\/\/www.tuasaude.com\/news\/#\/schema\/person\/2e9df841be69ec84f5d20ddb8d273ac2"},"headline":"Sentir sono depois do almo\u00e7o tem explica\u00e7\u00e3o biol\u00f3gica e solu\u00e7\u00e3o eficaz segundo cientistas","datePublished":"2026-03-06T22:30:00+00:00","mainEntityOfPage":{"@id":"https:\/\/www.tuasaude.com\/news\/2026\/03\/06\/sentir-sono-depois-do-almoco-tem-explicacao-biologica-e-solucao-eficaz-segundo-cientistas\/"},"wordCount":863,"commentCount":0,"image":{"@id":"https:\/\/www.tuasaude.com\/news\/2026\/03\/06\/sentir-sono-depois-do-almoco-tem-explicacao-biologica-e-solucao-eficaz-segundo-cientistas\/#primaryimage"},"thumbnailUrl":"https:\/\/www.tuasaude.com\/news\/wp-content\/uploads\/2026\/03\/creation_2515467359.png","keywords":["bem-estar","ciclo circadiano","sa\u00fade do sono","sono"],"articleSection":["Sa\u00fade"],"inLanguage":"pt-BR","potentialAction":[{"@type":"CommentAction","name":"Comment","target":["https:\/\/www.tuasaude.com\/news\/2026\/03\/06\/sentir-sono-depois-do-almoco-tem-explicacao-biologica-e-solucao-eficaz-segundo-cientistas\/#respond"]}]},{"@type":"WebPage","@id":"https:\/\/www.tuasaude.com\/news\/2026\/03\/06\/sentir-sono-depois-do-almoco-tem-explicacao-biologica-e-solucao-eficaz-segundo-cientistas\/","url":"https:\/\/www.tuasaude.com\/news\/2026\/03\/06\/sentir-sono-depois-do-almoco-tem-explicacao-biologica-e-solucao-eficaz-segundo-cientistas\/","name":"Sentir sono depois do almo\u00e7o tem explica\u00e7\u00e3o biol\u00f3gica e solu\u00e7\u00e3o eficaz segundo cientistas - Tua Sa\u00fade","isPartOf":{"@id":"https:\/\/www.tuasaude.com\/news\/#website"},"primaryImageOfPage":{"@id":"https:\/\/www.tuasaude.com\/news\/2026\/03\/06\/sentir-sono-depois-do-almoco-tem-explicacao-biologica-e-solucao-eficaz-segundo-cientistas\/#primaryimage"},"image":{"@id":"https:\/\/www.tuasaude.com\/news\/2026\/03\/06\/sentir-sono-depois-do-almoco-tem-explicacao-biologica-e-solucao-eficaz-segundo-cientistas\/#primaryimage"},"thumbnailUrl":"https:\/\/www.tuasaude.com\/news\/wp-content\/uploads\/2026\/03\/creation_2515467359.png","datePublished":"2026-03-06T22:30:00+00:00","author":{"@id":"https:\/\/www.tuasaude.com\/news\/#\/schema\/person\/2e9df841be69ec84f5d20ddb8d273ac2"},"description":"Aquela sonol\u00eancia ap\u00f3s o almo\u00e7o tem explica\u00e7\u00e3o cient\u00edfica. Veja como alimenta\u00e7\u00e3o, insulina e ritmo do corpo influenciam a energia.","breadcrumb":{"@id":"https:\/\/www.tuasaude.com\/news\/2026\/03\/06\/sentir-sono-depois-do-almoco-tem-explicacao-biologica-e-solucao-eficaz-segundo-cientistas\/#breadcrumb"},"inLanguage":"pt-BR","potentialAction":[{"@type":"ReadAction","target":["https:\/\/www.tuasaude.com\/news\/2026\/03\/06\/sentir-sono-depois-do-almoco-tem-explicacao-biologica-e-solucao-eficaz-segundo-cientistas\/"]}]},{"@type":"ImageObject","inLanguage":"pt-BR","@id":"https:\/\/www.tuasaude.com\/news\/2026\/03\/06\/sentir-sono-depois-do-almoco-tem-explicacao-biologica-e-solucao-eficaz-segundo-cientistas\/#primaryimage","url":"https:\/\/www.tuasaude.com\/news\/wp-content\/uploads\/2026\/03\/creation_2515467359.png","contentUrl":"https:\/\/www.tuasaude.com\/news\/wp-content\/uploads\/2026\/03\/creation_2515467359.png","width":1280,"height":714,"caption":"A sonol\u00eancia ap\u00f3s o almo\u00e7o \u00e9 uma resposta natural do corpo \u00e0 digest\u00e3o e ao ritmo biol\u00f3gico da tarde."},{"@type":"BreadcrumbList","@id":"https:\/\/www.tuasaude.com\/news\/2026\/03\/06\/sentir-sono-depois-do-almoco-tem-explicacao-biologica-e-solucao-eficaz-segundo-cientistas\/#breadcrumb","itemListElement":[{"@type":"ListItem","position":1,"name":"In\u00edcio","item":"https:\/\/www.tuasaude.com\/news\/"},{"@type":"ListItem","position":2,"name":"Sentir sono depois do almo\u00e7o tem explica\u00e7\u00e3o biol\u00f3gica e solu\u00e7\u00e3o eficaz segundo cientistas"}]},{"@type":"WebSite","@id":"https:\/\/www.tuasaude.com\/news\/#website","url":"https:\/\/www.tuasaude.com\/news\/","name":"Tua Sa\u00fade","description":"Seu site de sa\u00fade","potentialAction":[{"@type":"SearchAction","target":{"@type":"EntryPoint","urlTemplate":"https:\/\/www.tuasaude.com\/news\/?s={search_term_string}"},"query-input":{"@type":"PropertyValueSpecification","valueRequired":true,"valueName":"search_term_string"}}],"inLanguage":"pt-BR"},{"@type":"Person","@id":"https:\/\/www.tuasaude.com\/news\/#\/schema\/person\/2e9df841be69ec84f5d20ddb8d273ac2","name":"Gessika Julia Carvalho","image":{"@type":"ImageObject","inLanguage":"pt-BR","@id":"https:\/\/www.tuasaude.com\/news\/#\/schema\/person\/image\/","url":"https:\/\/secure.gravatar.com\/avatar\/0fcc8769024577fd0bc6a8b766055690f76a8e8f29dfb2a2f89cf04db8d0f2d2?s=96&d=mm&r=g","contentUrl":"https:\/\/secure.gravatar.com\/avatar\/0fcc8769024577fd0bc6a8b766055690f76a8e8f29dfb2a2f89cf04db8d0f2d2?s=96&d=mm&r=g","caption":"Gessika Julia Carvalho"},"sameAs":["https:\/\/www.tuasaude.com\/news\/"],"url":"https:\/\/www.tuasaude.com\/news\/author\/gessika-julia\/"}]}},"_links":{"self":[{"href":"https:\/\/www.tuasaude.com\/news\/wp-json\/wp\/v2\/posts\/6529","targetHints":{"allow":["GET"]}}],"collection":[{"href":"https:\/\/www.tuasaude.com\/news\/wp-json\/wp\/v2\/posts"}],"about":[{"href":"https:\/\/www.tuasaude.com\/news\/wp-json\/wp\/v2\/types\/post"}],"author":[{"embeddable":true,"href":"https:\/\/www.tuasaude.com\/news\/wp-json\/wp\/v2\/users\/11"}],"replies":[{"embeddable":true,"href":"https:\/\/www.tuasaude.com\/news\/wp-json\/wp\/v2\/comments?post=6529"}],"version-history":[{"count":3,"href":"https:\/\/www.tuasaude.com\/news\/wp-json\/wp\/v2\/posts\/6529\/revisions"}],"predecessor-version":[{"id":6606,"href":"https:\/\/www.tuasaude.com\/news\/wp-json\/wp\/v2\/posts\/6529\/revisions\/6606"}],"wp:featuredmedia":[{"embeddable":true,"href":"https:\/\/www.tuasaude.com\/news\/wp-json\/wp\/v2\/media\/6559"}],"wp:attachment":[{"href":"https:\/\/www.tuasaude.com\/news\/wp-json\/wp\/v2\/media?parent=6529"}],"wp:term":[{"taxonomy":"category","embeddable":true,"href":"https:\/\/www.tuasaude.com\/news\/wp-json\/wp\/v2\/categories?post=6529"},{"taxonomy":"post_tag","embeddable":true,"href":"https:\/\/www.tuasaude.com\/news\/wp-json\/wp\/v2\/tags?post=6529"}],"curies":[{"name":"wp","href":"https:\/\/api.w.org\/{rel}","templated":true}]}}