{"id":652,"date":"2026-01-24T19:00:00","date_gmt":"2026-01-24T22:00:00","guid":{"rendered":"https:\/\/www.tuasaude.com\/news\/?p=652"},"modified":"2026-01-24T17:11:30","modified_gmt":"2026-01-24T20:11:30","slug":"seu-corpo-tem-um-relogio-natural-que-decide-se-voce-funciona-melhor-de-manha-ou-de-noite","status":"publish","type":"post","link":"https:\/\/www.tuasaude.com\/news\/2026\/01\/24\/seu-corpo-tem-um-relogio-natural-que-decide-se-voce-funciona-melhor-de-manha-ou-de-noite\/","title":{"rendered":"Seu corpo tem um rel\u00f3gio natural que decide se voc\u00ea funciona melhor de manh\u00e3 ou de noite"},"content":{"rendered":"\n<p>O cronotipo \u00e9 a tend\u00eancia natural do organismo para sentir-se alerta ou sonolento em determinados hor\u00e1rios do dia e da noite, determinando se voc\u00ea \u00e9 uma pessoa matutina ou vespertina. <a href=\"https:\/\/www.sleepfoundation.org\/how-sleep-works\/chronotypes\" target=\"_blank\" rel=\"noreferrer noopener\">Segundo a Sleep Foundation<\/a>, o cronotipo tem uma forte base gen\u00e9tica e \u00e9 influenciado principalmente por genes do rel\u00f3gio circadiano, como o PER3, sendo dif\u00edcil mud\u00e1-lo intencionalmente, embora ele possa se alterar ao longo da vida. Entender o seu cronotipo pode melhorar a qualidade do sono, aumentar a produtividade e at\u00e9 beneficiar a sa\u00fade mental ao permitir que voc\u00ea alinhe suas atividades aos momentos de maior energia natural.<\/p>\n\n\n\n<h2 class=\"wp-block-heading\">O que \u00e9 cronotipo?<\/h2>\n\n\n\n<p>O cronotipo refere-se \u00e0 predisposi\u00e7\u00e3o natural do corpo para dormir e acordar em hor\u00e1rios espec\u00edficos, sendo respons\u00e1vel pelo fato de algumas pessoas se sentirem mais alertas e produtivas pela manh\u00e3, enquanto outras funcionam melhor \u00e0 noite. Esse conceito est\u00e1 intimamente relacionado ao ritmo circadiano, que \u00e9 o rel\u00f3gio biol\u00f3gico interno que regula o ciclo sono-vig\u00edlia ao longo de 24 horas, controlado por genes espec\u00edficos no c\u00e9rebro.<\/p>\n\n\n\n<p>Diferentemente do ritmo circadiano, que pode ser &#8220;treinado&#8221; atrav\u00e9s de exposi\u00e7\u00e3o \u00e0 luz e hor\u00e1rios regulares, o cronotipo \u00e9 determinado geneticamente e permanece relativamente est\u00e1vel durante a maior parte da vida adulta. <a href=\"https:\/\/www.nature.com\/articles\/s41467-018-08259-7\" target=\"_blank\" rel=\"noreferrer noopener\">Segundo estudos publicados na Nature Communications<\/a>, foram identificados 351 locais gen\u00e9ticos associados ao cronotipo, incluindo genes importantes do rel\u00f3gio circadiano como PER1, PER2, PER3, CRY1 e ARNTL.<\/p>\n\n\n<div class=\"wp-block-image\">\n<figure class=\"aligncenter size-large\"><img decoding=\"async\" width=\"1024\" height=\"585\" src=\"https:\/\/www.tuasaude.com\/news\/wp-content\/uploads\/2026\/01\/freepik__35mm-film-photography-pessoa-deitada-na-cama-noite__29543-1024x585.jpeg\" alt=\"Seu corpo tem um rel\u00f3gio natural que decide se voc\u00ea funciona melhor de manh\u00e3 ou de noite\" class=\"wp-image-694\" srcset=\"https:\/\/www.tuasaude.com\/news\/wp-content\/uploads\/2026\/01\/freepik__35mm-film-photography-pessoa-deitada-na-cama-noite__29543-1024x585.jpeg 1024w, https:\/\/www.tuasaude.com\/news\/wp-content\/uploads\/2026\/01\/freepik__35mm-film-photography-pessoa-deitada-na-cama-noite__29543-300x171.jpeg 300w, https:\/\/www.tuasaude.com\/news\/wp-content\/uploads\/2026\/01\/freepik__35mm-film-photography-pessoa-deitada-na-cama-noite__29543-768x439.jpeg 768w, https:\/\/www.tuasaude.com\/news\/wp-content\/uploads\/2026\/01\/freepik__35mm-film-photography-pessoa-deitada-na-cama-noite__29543-750x428.jpeg 750w, https:\/\/www.tuasaude.com\/news\/wp-content\/uploads\/2026\/01\/freepik__35mm-film-photography-pessoa-deitada-na-cama-noite__29543-1140x651.jpeg 1140w, https:\/\/www.tuasaude.com\/news\/wp-content\/uploads\/2026\/01\/freepik__35mm-film-photography-pessoa-deitada-na-cama-noite__29543.jpeg 1280w\" sizes=\"(max-width: 1024px) 100vw, 1024px\" \/><figcaption class=\"wp-element-caption\">O cronotipo refere-se \u00e0 predisposi\u00e7\u00e3o natural do corpo para dormir e acordar em hor\u00e1rios espec\u00edficos<\/figcaption><\/figure>\n<\/div>\n\n\n<h2 class=\"wp-block-heading\">Quais s\u00e3o os tipos de cronotipo?<\/h2>\n\n\n\n<p>O psic\u00f3logo e especialista em sono Dr. Michael Breus desenvolveu uma classifica\u00e7\u00e3o de quatro cronotipos baseados nos padr\u00f5es de sono de animais. <a href=\"https:\/\/www.psychologytoday.com\/us\/blog\/sleep-newzzz\/202104\/the-four-chronotypes-which-one-are-you\" target=\"_blank\" rel=\"noreferrer noopener\">Segundo o Psychology Today<\/a>, essa categoriza\u00e7\u00e3o considera n\u00e3o apenas as prefer\u00eancias de hor\u00e1rio para dormir e acordar, mas tamb\u00e9m a personalidade, os n\u00edveis de energia e o desempenho ao longo do dia.<\/p>\n\n\n\n<p>Cada <a href=\"https:\/\/www.tuasaude.com\/cronotipo\/\" target=\"_blank\" rel=\"noreferrer noopener\">cronotipo<\/a> representa aproximadamente uma porcentagem diferente da popula\u00e7\u00e3o e possui caracter\u00edsticas espec\u00edficas de produtividade, personalidade e necessidades de sono. Conhecer o seu cronotipo permite organizar melhor a rotina di\u00e1ria, agendando atividades importantes nos momentos de maior alerta mental e produtividade.<\/p>\n\n\n\n<!-- \ud83d\udd52 Tabela: Cronotipos -->\n<section class=\"tusaude-cronotipos\">\n\n<style>\n.tusaude-cronotipos{\n  --bg:#ffffff;\n  --header:#e0f2fe;\n  --row:#f8fcff;\n  --text:#0f172a;\n  --muted:#475569;\n  --border:#bae6fd;\n  --primary:#0284c7;\n  --radius:14px;\n  --shadow:0 6px 18px rgba(2,132,199,.14);\n\n  margin:2rem 0;\n  font-family:\"Poppins\",sans-serif;\n}\n\n.tusaude-cronotipos h3{\n  font-size:1.35rem;\n  font-weight:800;\n  color:#075985;\n  margin-bottom:1rem;\n}\n\n\/* tabela *\/\n.tusaude-cronotipos table{\n  width:100%;\n  border-collapse:separate;\n  border-spacing:0;\n  background:var(--bg);\n  border-radius:var(--radius);\n  overflow:hidden;\n  box-shadow:var(--shadow);\n}\n\n\/* cabe\u00e7alho *\/\n.tusaude-cronotipos thead th{\n  background:var(--header);\n  color:#075985;\n  text-align:left;\n  padding:1rem;\n  font-size:.9rem;\n  font-weight:800;\n  border-bottom:2px solid var(--border);\n}\n\n\/* corpo *\/\n.tusaude-cronotipos tbody td{\n  padding:1rem;\n  font-size:.95rem;\n  color:var(--text);\n  border-bottom:1px solid var(--border);\n  vertical-align:top;\n}\n\n.tusaude-cronotipos tbody tr:nth-child(even){\n  background:var(--row);\n}\n\n\/* responsivo *\/\n@media (max-width: 720px){\n  .tusaude-cronotipos table,\n  .tusaude-cronotipos thead,\n  .tusaude-cronotipos tbody,\n  .tusaude-cronotipos tr,\n  .tusaude-cronotipos td{\n    display:block;\n    width:100%;\n  }\n\n  .tusaude-cronotipos thead{\n    display:none;\n  }\n\n  .tusaude-cronotipos tbody tr{\n    margin-bottom:1rem;\n    border-radius:12px;\n    background:#ffffff;\n    box-shadow:0 4px 14px rgba(0,0,0,.06);\n    padding:.5rem 0;\n  }\n\n  .tusaude-cronotipos tbody td{\n    border:none;\n    padding:.6rem 1rem;\n  }\n\n  .tusaude-cronotipos tbody td::before{\n    content: attr(data-label);\n    display:block;\n    font-size:.7rem;\n    font-weight:700;\n    text-transform:uppercase;\n    color:#64748b;\n    margin-bottom:.2rem;\n    letter-spacing:.04em;\n  }\n}\n<\/style>\n\n<h3>Os quatro principais cronotipos humanos<\/h3>\n\n<table>\n  <thead>\n    <tr>\n      <th>Cronotipo<\/th>\n      <th>Caracter\u00edsticas<\/th>\n    <\/tr>\n  <\/thead>\n  <tbody>\n\n    <tr>\n      <td data-label=\"Cronotipo\"><strong>Le\u00e3o<\/strong><\/td>\n      <td data-label=\"Caracter\u00edsticas\">\n        Representa cerca de 15\u201320% da popula\u00e7\u00e3o. \u00c9 o \u201cmadrugador\u201d cl\u00e1ssico, acorda cedo\n        naturalmente e tende a ser mais produtivo pela manh\u00e3 at\u00e9 o meio-dia.\n      <\/td>\n    <\/tr>\n\n    <tr>\n      <td data-label=\"Cronotipo\"><strong>Urso<\/strong><\/td>\n      <td data-label=\"Caracter\u00edsticas\">\n        Aproximadamente 55% da popula\u00e7\u00e3o. Segue o ciclo solar, funciona bem com hor\u00e1rios\n        tradicionais de trabalho e mant\u00e9m energia equilibrada ao longo do dia.\n      <\/td>\n    <\/tr>\n\n    <tr>\n      <td data-label=\"Cronotipo\"><strong>Lobo<\/strong><\/td>\n      <td data-label=\"Caracter\u00edsticas\">\n        Representa cerca de 15\u201320% da popula\u00e7\u00e3o. \u00c9 a \u201ccoruja noturna\u201d, prefere acordar tarde\n        e atinge o pico de produtividade no final da tarde e \u00e0 noite.\n      <\/td>\n    <\/tr>\n\n    <tr>\n      <td data-label=\"Cronotipo\"><strong>Golfinho<\/strong><\/td>\n      <td data-label=\"Caracter\u00edsticas\">\n        Cerca de 10% da popula\u00e7\u00e3o. Apresenta sono irregular e leve, com dificuldade para\n        adormecer, manter o sono e mente mais ativa \u00e0 noite.\n      <\/td>\n    <\/tr>\n\n  <\/tbody>\n<\/table>\n\n<\/section>\n\n\n\n\n<h2 class=\"wp-block-heading\">Como o cronotipo \u00e9 determinado geneticamente?<\/h2>\n\n\n\n<p>A base gen\u00e9tica do cronotipo est\u00e1 relacionada principalmente a varia\u00e7\u00f5es nos genes do rel\u00f3gio circadiano, sendo o gene PER3 o mais estudado. <a href=\"https:\/\/academic.oup.com\/sleep\/article\/40\/2\/zsw048\/2662182?login=false\" target=\"_blank\" rel=\"noreferrer noopener\">Segundo pesquisa publicada no peri\u00f3dico SLEEP<\/a>, um polimorfismo espec\u00edfico no gene PER3 apresenta repeti\u00e7\u00f5es vari\u00e1veis de uma sequ\u00eancia de DNA que se repete 4 ou 5 vezes, e indiv\u00edduos com 5 repeti\u00e7\u00f5es tendem a ser mais matutinos, enquanto aqueles com 4 repeti\u00e7\u00f5es tendem ao cronotipo vespertino.<\/p>\n\n\n\n<p>Estudos gen\u00f4micos identificaram centenas de variantes gen\u00e9ticas associadas ao cronotipo, localizadas em genes envolvidos na regula\u00e7\u00e3o circadiana, na sinaliza\u00e7\u00e3o de glutamato e insulina, e expressos principalmente na retina, hipot\u00e1lamo e gl\u00e2ndula pituit\u00e1ria. Essa complexa arquitetura gen\u00e9tica explica por que o cronotipo \u00e9 t\u00e3o dif\u00edcil de modificar e por que algumas pessoas naturalmente funcionam melhor em hor\u00e1rios diferentes das demais.<\/p>\n\n\n\n<h2 class=\"wp-block-heading\">Como descobrir qual \u00e9 o meu cronotipo?<\/h2>\n\n\n\n<p>Existem question\u00e1rios validados cientificamente que ajudam a identificar o seu cronotipo atrav\u00e9s de perguntas sobre prefer\u00eancias de hor\u00e1rio para dormir, acordar, realizar exerc\u00edcios e fazer refei\u00e7\u00f5es. Os dois question\u00e1rios mais utilizados em pesquisas s\u00e3o o Question\u00e1rio de Matutinidade-Vespertinidade (MEQ) de Horne-\u00d6stberg e o Question\u00e1rio de Cronotipo de Munique (MCTQ), cada um avaliando o cronotipo de perspectivas ligeiramente diferentes.<\/p>\n\n\n\n<p>O question\u00e1rio MEQ consiste em 19 perguntas com quatro op\u00e7\u00f5es de resposta cada, e as pontua\u00e7\u00f5es combinadas indicam se voc\u00ea \u00e9 um tipo matutino definitivo, moderadamente matutino, intermedi\u00e1rio, moderadamente vespertino ou definitivamente vespertino. O Dr. Michael Breus tamb\u00e9m desenvolveu um question\u00e1rio online espec\u00edfico que classifica os indiv\u00edduos nos quatro cronotipos de animais (le\u00e3o, urso, lobo ou golfinho), considerando fatores como hor\u00e1rios de sono, n\u00edveis de energia e caracter\u00edsticas de personalidade.<\/p>\n\n\n<div class=\"wp-block-image\">\n<figure class=\"aligncenter size-large\"><img decoding=\"async\" width=\"1024\" height=\"571\" src=\"https:\/\/www.tuasaude.com\/news\/wp-content\/uploads\/2026\/01\/freepik__crie-um-infogrfico-horizontal-intituladocronotipo-__31051-1024x571.png\" alt=\"Seu corpo tem um rel\u00f3gio natural que decide se voc\u00ea funciona melhor de manh\u00e3 ou de noite\" class=\"wp-image-715\" srcset=\"https:\/\/www.tuasaude.com\/news\/wp-content\/uploads\/2026\/01\/freepik__crie-um-infogrfico-horizontal-intituladocronotipo-__31051-1024x571.png 1024w, https:\/\/www.tuasaude.com\/news\/wp-content\/uploads\/2026\/01\/freepik__crie-um-infogrfico-horizontal-intituladocronotipo-__31051-300x167.png 300w, https:\/\/www.tuasaude.com\/news\/wp-content\/uploads\/2026\/01\/freepik__crie-um-infogrfico-horizontal-intituladocronotipo-__31051-768x428.png 768w, https:\/\/www.tuasaude.com\/news\/wp-content\/uploads\/2026\/01\/freepik__crie-um-infogrfico-horizontal-intituladocronotipo-__31051-750x418.png 750w, https:\/\/www.tuasaude.com\/news\/wp-content\/uploads\/2026\/01\/freepik__crie-um-infogrfico-horizontal-intituladocronotipo-__31051-1140x636.png 1140w, https:\/\/www.tuasaude.com\/news\/wp-content\/uploads\/2026\/01\/freepik__crie-um-infogrfico-horizontal-intituladocronotipo-__31051.png 1280w\" sizes=\"(max-width: 1024px) 100vw, 1024px\" \/><figcaption class=\"wp-element-caption\">O cronotipo refere-se \u00e0 predisposi\u00e7\u00e3o natural do corpo para dormir e acordar em hor\u00e1rios espec\u00edficos<\/figcaption><\/figure>\n<\/div>\n\n\n<h2 class=\"wp-block-heading\">Por que respeitar o cronotipo \u00e9 importante para a sa\u00fade?<\/h2>\n\n\n\n<p>Quando o cronotipo natural de uma pessoa entra em conflito com as demandas de sua rotina, ocorre o que os cientistas chamam de &#8220;jet lag social&#8221;, uma condi\u00e7\u00e3o em que o rel\u00f3gio biol\u00f3gico interno est\u00e1 constantemente desalinhado com os hor\u00e1rios impostos pela sociedade. Segundo a Sleep Foundation, pessoas com cronotipo vespertino (lobos) s\u00e3o as que mais sofrem com esse desalinhamento, pois a maioria dos ambientes de trabalho e escolas opera em hor\u00e1rios mais adequados para os cronotipos matutinos e intermedi\u00e1rios.<\/p>\n\n\n\n<p>O jet lag social cr\u00f4nico tem sido associado a diversos problemas de sa\u00fade, incluindo maior \u00edndice de massa corporal, risco aumentado de obesidade, piora na sa\u00fade mental e menor desempenho cognitivo. Por outro lado, estudos mostram que respeitar o cronotipo natural pode melhorar a qualidade do sono, aumentar a produtividade, reduzir o estresse e at\u00e9 diminuir sintomas depressivos. Se voc\u00ea constantemente sente que n\u00e3o dorme o suficiente ou est\u00e1 sempre cansado, pode estar trabalhando contra o seu cronotipo natural. <\/p>\n\n\n\n<p>Consulte um m\u00e9dico especialista em medicina do sono ou um psic\u00f3logo especializado em sono para receber orienta\u00e7\u00f5es personalizadas sobre como otimizar sua rotina de acordo com o seu rel\u00f3gio biol\u00f3gico.<\/p>\n","protected":false},"excerpt":{"rendered":"<p>O cronotipo \u00e9 a tend\u00eancia natural do organismo para sentir-se alerta ou sonolento em determinados hor\u00e1rios do dia e da noite, determinando se voc\u00ea \u00e9 uma pessoa matutina ou vespertina. Segundo a Sleep Foundation, o cronotipo tem uma forte base gen\u00e9tica e \u00e9 influenciado principalmente por genes do rel\u00f3gio circadiano, como o PER3, sendo dif\u00edcil [&hellip;]<\/p>\n","protected":false},"author":7,"featured_media":690,"comment_status":"open","ping_status":"open","sticky":false,"template":"","format":"standard","meta":{"_yoast_wpseo_focuskw":"rel\u00f3gio natural","_yoast_wpseo_title":"","_yoast_wpseo_metadesc":"Cronotipo \u00e9 determinado por genes e define se voc\u00ea \u00e9 matutino ou noturno. Trabalhar contra rel\u00f3gio biol\u00f3gico causa jet lag social que engorda e piora sa\u00fade","jnews-multi-image_gallery":[],"jnews_single_post":{"format":"standard"},"jnews_primary_category":[],"jnews_social_meta":[],"jnews_override_counter":[],"footnotes":""},"categories":[111],"tags":[145,232,136],"class_list":["post-652","post","type-post","status-publish","format-standard","has-post-thumbnail","hentry","category-saude","tag-bem-estar","tag-relogio-natural","tag-saude"],"yoast_head":"<!-- This site is optimized with the Yoast SEO plugin v26.7 - https:\/\/yoast.com\/wordpress\/plugins\/seo\/ -->\n<title>Seu corpo tem um rel\u00f3gio natural que decide se voc\u00ea funciona melhor de manh\u00e3 ou de noite - Tua Sa\u00fade<\/title>\n<meta name=\"description\" content=\"Cronotipo \u00e9 determinado por genes e define se voc\u00ea \u00e9 matutino ou noturno. Trabalhar contra rel\u00f3gio biol\u00f3gico causa jet lag social que engorda e piora sa\u00fade\" \/>\n<meta name=\"robots\" content=\"index, follow, max-snippet:-1, max-image-preview:large, max-video-preview:-1\" \/>\n<link rel=\"canonical\" href=\"https:\/\/www.tuasaude.com\/news\/2026\/01\/24\/seu-corpo-tem-um-relogio-natural-que-decide-se-voce-funciona-melhor-de-manha-ou-de-noite\/\" \/>\n<meta property=\"og:locale\" content=\"pt_BR\" \/>\n<meta property=\"og:type\" content=\"article\" \/>\n<meta property=\"og:title\" content=\"Seu corpo tem um rel\u00f3gio natural que decide se voc\u00ea funciona melhor de manh\u00e3 ou de noite - Tua Sa\u00fade\" \/>\n<meta property=\"og:description\" content=\"Cronotipo \u00e9 determinado por genes e define se voc\u00ea \u00e9 matutino ou noturno. Trabalhar contra rel\u00f3gio biol\u00f3gico causa jet lag social que engorda e piora sa\u00fade\" \/>\n<meta property=\"og:url\" content=\"https:\/\/www.tuasaude.com\/news\/2026\/01\/24\/seu-corpo-tem-um-relogio-natural-que-decide-se-voce-funciona-melhor-de-manha-ou-de-noite\/\" \/>\n<meta property=\"og:site_name\" content=\"Tua Sa\u00fade\" \/>\n<meta property=\"article:published_time\" content=\"2026-01-24T22:00:00+00:00\" \/>\n<meta property=\"og:image\" content=\"https:\/\/www.tuasaude.com\/news\/wp-content\/uploads\/2026\/01\/freepik__35mm-film-photography-pessoa-adulta-sentada-mesa-d__29542.jpeg\" \/>\n\t<meta property=\"og:image:width\" content=\"1280\" \/>\n\t<meta property=\"og:image:height\" content=\"731\" \/>\n\t<meta property=\"og:image:type\" content=\"image\/jpeg\" \/>\n<meta name=\"author\" content=\"Carlos Emanoel\" \/>\n<meta name=\"twitter:card\" content=\"summary_large_image\" \/>\n<meta name=\"twitter:label1\" content=\"Escrito por\" \/>\n\t<meta name=\"twitter:data1\" content=\"Carlos Emanoel\" \/>\n\t<meta name=\"twitter:label2\" content=\"Est. tempo de leitura\" \/>\n\t<meta name=\"twitter:data2\" content=\"6 minutos\" \/>\n<!-- \/ Yoast SEO plugin. -->","yoast_head_json":{"title":"Seu corpo tem um rel\u00f3gio natural que decide se voc\u00ea funciona melhor de manh\u00e3 ou de noite - Tua Sa\u00fade","description":"Cronotipo \u00e9 determinado por genes e define se voc\u00ea \u00e9 matutino ou noturno. Trabalhar contra rel\u00f3gio biol\u00f3gico causa jet lag social que engorda e piora sa\u00fade","robots":{"index":"index","follow":"follow","max-snippet":"max-snippet:-1","max-image-preview":"max-image-preview:large","max-video-preview":"max-video-preview:-1"},"canonical":"https:\/\/www.tuasaude.com\/news\/2026\/01\/24\/seu-corpo-tem-um-relogio-natural-que-decide-se-voce-funciona-melhor-de-manha-ou-de-noite\/","og_locale":"pt_BR","og_type":"article","og_title":"Seu corpo tem um rel\u00f3gio natural que decide se voc\u00ea funciona melhor de manh\u00e3 ou de noite - Tua Sa\u00fade","og_description":"Cronotipo \u00e9 determinado por genes e define se voc\u00ea \u00e9 matutino ou noturno. Trabalhar contra rel\u00f3gio biol\u00f3gico causa jet lag social que engorda e piora sa\u00fade","og_url":"https:\/\/www.tuasaude.com\/news\/2026\/01\/24\/seu-corpo-tem-um-relogio-natural-que-decide-se-voce-funciona-melhor-de-manha-ou-de-noite\/","og_site_name":"Tua Sa\u00fade","article_published_time":"2026-01-24T22:00:00+00:00","og_image":[{"width":1280,"height":731,"url":"https:\/\/www.tuasaude.com\/news\/wp-content\/uploads\/2026\/01\/freepik__35mm-film-photography-pessoa-adulta-sentada-mesa-d__29542.jpeg","type":"image\/jpeg"}],"author":"Carlos Emanoel","twitter_card":"summary_large_image","twitter_misc":{"Escrito por":"Carlos Emanoel","Est. tempo de leitura":"6 minutos"},"schema":{"@context":"https:\/\/schema.org","@graph":[{"@type":"Article","@id":"https:\/\/www.tuasaude.com\/news\/2026\/01\/24\/seu-corpo-tem-um-relogio-natural-que-decide-se-voce-funciona-melhor-de-manha-ou-de-noite\/#article","isPartOf":{"@id":"https:\/\/www.tuasaude.com\/news\/2026\/01\/24\/seu-corpo-tem-um-relogio-natural-que-decide-se-voce-funciona-melhor-de-manha-ou-de-noite\/"},"author":{"name":"Carlos Emanoel","@id":"https:\/\/www.tuasaude.com\/news\/#\/schema\/person\/0209173c87289752104ffda721220a20"},"headline":"Seu corpo tem um rel\u00f3gio natural que decide se voc\u00ea funciona melhor de manh\u00e3 ou de noite","datePublished":"2026-01-24T22:00:00+00:00","mainEntityOfPage":{"@id":"https:\/\/www.tuasaude.com\/news\/2026\/01\/24\/seu-corpo-tem-um-relogio-natural-que-decide-se-voce-funciona-melhor-de-manha-ou-de-noite\/"},"wordCount":1032,"commentCount":0,"image":{"@id":"https:\/\/www.tuasaude.com\/news\/2026\/01\/24\/seu-corpo-tem-um-relogio-natural-que-decide-se-voce-funciona-melhor-de-manha-ou-de-noite\/#primaryimage"},"thumbnailUrl":"https:\/\/www.tuasaude.com\/news\/wp-content\/uploads\/2026\/01\/freepik__35mm-film-photography-pessoa-adulta-sentada-mesa-d__29542.jpeg","keywords":["bem-estar","rel\u00f3gio natural","sa\u00fade"],"articleSection":["Sa\u00fade"],"inLanguage":"pt-BR","potentialAction":[{"@type":"CommentAction","name":"Comment","target":["https:\/\/www.tuasaude.com\/news\/2026\/01\/24\/seu-corpo-tem-um-relogio-natural-que-decide-se-voce-funciona-melhor-de-manha-ou-de-noite\/#respond"]}]},{"@type":"WebPage","@id":"https:\/\/www.tuasaude.com\/news\/2026\/01\/24\/seu-corpo-tem-um-relogio-natural-que-decide-se-voce-funciona-melhor-de-manha-ou-de-noite\/","url":"https:\/\/www.tuasaude.com\/news\/2026\/01\/24\/seu-corpo-tem-um-relogio-natural-que-decide-se-voce-funciona-melhor-de-manha-ou-de-noite\/","name":"Seu corpo tem um rel\u00f3gio natural que decide se voc\u00ea funciona melhor de manh\u00e3 ou de noite - Tua Sa\u00fade","isPartOf":{"@id":"https:\/\/www.tuasaude.com\/news\/#website"},"primaryImageOfPage":{"@id":"https:\/\/www.tuasaude.com\/news\/2026\/01\/24\/seu-corpo-tem-um-relogio-natural-que-decide-se-voce-funciona-melhor-de-manha-ou-de-noite\/#primaryimage"},"image":{"@id":"https:\/\/www.tuasaude.com\/news\/2026\/01\/24\/seu-corpo-tem-um-relogio-natural-que-decide-se-voce-funciona-melhor-de-manha-ou-de-noite\/#primaryimage"},"thumbnailUrl":"https:\/\/www.tuasaude.com\/news\/wp-content\/uploads\/2026\/01\/freepik__35mm-film-photography-pessoa-adulta-sentada-mesa-d__29542.jpeg","datePublished":"2026-01-24T22:00:00+00:00","author":{"@id":"https:\/\/www.tuasaude.com\/news\/#\/schema\/person\/0209173c87289752104ffda721220a20"},"description":"Cronotipo \u00e9 determinado por genes e define se voc\u00ea \u00e9 matutino ou noturno. Trabalhar contra rel\u00f3gio biol\u00f3gico causa jet lag social que engorda e piora sa\u00fade","breadcrumb":{"@id":"https:\/\/www.tuasaude.com\/news\/2026\/01\/24\/seu-corpo-tem-um-relogio-natural-que-decide-se-voce-funciona-melhor-de-manha-ou-de-noite\/#breadcrumb"},"inLanguage":"pt-BR","potentialAction":[{"@type":"ReadAction","target":["https:\/\/www.tuasaude.com\/news\/2026\/01\/24\/seu-corpo-tem-um-relogio-natural-que-decide-se-voce-funciona-melhor-de-manha-ou-de-noite\/"]}]},{"@type":"ImageObject","inLanguage":"pt-BR","@id":"https:\/\/www.tuasaude.com\/news\/2026\/01\/24\/seu-corpo-tem-um-relogio-natural-que-decide-se-voce-funciona-melhor-de-manha-ou-de-noite\/#primaryimage","url":"https:\/\/www.tuasaude.com\/news\/wp-content\/uploads\/2026\/01\/freepik__35mm-film-photography-pessoa-adulta-sentada-mesa-d__29542.jpeg","contentUrl":"https:\/\/www.tuasaude.com\/news\/wp-content\/uploads\/2026\/01\/freepik__35mm-film-photography-pessoa-adulta-sentada-mesa-d__29542.jpeg","width":1280,"height":731,"caption":"O cronotipo refere-se \u00e0 predisposi\u00e7\u00e3o natural do corpo para dormir e acordar em hor\u00e1rios espec\u00edficos"},{"@type":"BreadcrumbList","@id":"https:\/\/www.tuasaude.com\/news\/2026\/01\/24\/seu-corpo-tem-um-relogio-natural-que-decide-se-voce-funciona-melhor-de-manha-ou-de-noite\/#breadcrumb","itemListElement":[{"@type":"ListItem","position":1,"name":"In\u00edcio","item":"https:\/\/www.tuasaude.com\/news\/"},{"@type":"ListItem","position":2,"name":"Seu corpo tem um rel\u00f3gio natural que decide se voc\u00ea funciona melhor de manh\u00e3 ou de noite"}]},{"@type":"WebSite","@id":"https:\/\/www.tuasaude.com\/news\/#website","url":"https:\/\/www.tuasaude.com\/news\/","name":"Tua Sa\u00fade","description":"Seu site de sa\u00fade","potentialAction":[{"@type":"SearchAction","target":{"@type":"EntryPoint","urlTemplate":"https:\/\/www.tuasaude.com\/news\/?s={search_term_string}"},"query-input":{"@type":"PropertyValueSpecification","valueRequired":true,"valueName":"search_term_string"}}],"inLanguage":"pt-BR"},{"@type":"Person","@id":"https:\/\/www.tuasaude.com\/news\/#\/schema\/person\/0209173c87289752104ffda721220a20","name":"Carlos Emanoel","image":{"@type":"ImageObject","inLanguage":"pt-BR","@id":"https:\/\/www.tuasaude.com\/news\/#\/schema\/person\/image\/","url":"https:\/\/secure.gravatar.com\/avatar\/30e1f067eeac67dde63039d7e35ed50e59f4d189925ea75d1bc1690d1a9fe491?s=96&d=mm&r=g","contentUrl":"https:\/\/secure.gravatar.com\/avatar\/30e1f067eeac67dde63039d7e35ed50e59f4d189925ea75d1bc1690d1a9fe491?s=96&d=mm&r=g","caption":"Carlos Emanoel"},"sameAs":["https:\/\/www.tuasaude.com\/news\/"],"url":"https:\/\/www.tuasaude.com\/news\/author\/carlos-emanoel\/"}]}},"_links":{"self":[{"href":"https:\/\/www.tuasaude.com\/news\/wp-json\/wp\/v2\/posts\/652","targetHints":{"allow":["GET"]}}],"collection":[{"href":"https:\/\/www.tuasaude.com\/news\/wp-json\/wp\/v2\/posts"}],"about":[{"href":"https:\/\/www.tuasaude.com\/news\/wp-json\/wp\/v2\/types\/post"}],"author":[{"embeddable":true,"href":"https:\/\/www.tuasaude.com\/news\/wp-json\/wp\/v2\/users\/7"}],"replies":[{"embeddable":true,"href":"https:\/\/www.tuasaude.com\/news\/wp-json\/wp\/v2\/comments?post=652"}],"version-history":[{"count":3,"href":"https:\/\/www.tuasaude.com\/news\/wp-json\/wp\/v2\/posts\/652\/revisions"}],"predecessor-version":[{"id":722,"href":"https:\/\/www.tuasaude.com\/news\/wp-json\/wp\/v2\/posts\/652\/revisions\/722"}],"wp:featuredmedia":[{"embeddable":true,"href":"https:\/\/www.tuasaude.com\/news\/wp-json\/wp\/v2\/media\/690"}],"wp:attachment":[{"href":"https:\/\/www.tuasaude.com\/news\/wp-json\/wp\/v2\/media?parent=652"}],"wp:term":[{"taxonomy":"category","embeddable":true,"href":"https:\/\/www.tuasaude.com\/news\/wp-json\/wp\/v2\/categories?post=652"},{"taxonomy":"post_tag","embeddable":true,"href":"https:\/\/www.tuasaude.com\/news\/wp-json\/wp\/v2\/tags?post=652"}],"curies":[{"name":"wp","href":"https:\/\/api.w.org\/{rel}","templated":true}]}}