{"id":6500,"date":"2026-03-06T15:25:00","date_gmt":"2026-03-06T18:25:00","guid":{"rendered":"https:\/\/www.tuasaude.com\/news\/?p=6500"},"modified":"2026-03-05T15:38:46","modified_gmt":"2026-03-05T18:38:46","slug":"no-final-das-contas-qual-e-o-beneficio-para-quem-acorda-as-5-da-manha-a-ciencia-responde","status":"publish","type":"post","link":"https:\/\/www.tuasaude.com\/news\/2026\/03\/06\/no-final-das-contas-qual-e-o-beneficio-para-quem-acorda-as-5-da-manha-a-ciencia-responde\/","title":{"rendered":"No final das contas, qual \u00e9 o benef\u00edcio para quem acorda \u00e0s 5 da manh\u00e3? A ci\u00eancia responde"},"content":{"rendered":"\n<p>A tend\u00eancia de acordar \u00e0s 5 da manh\u00e3 ganhou for\u00e7a nas redes sociais como uma f\u00f3rmula para maior produtividade e sucesso. Mas a ci\u00eancia mostra que a quest\u00e3o \u00e9 mais complexa do que simplesmente ajustar o despertador. O que realmente importa n\u00e3o \u00e9 a hora exata de despertar, mas sim a rela\u00e7\u00e3o entre o seu rel\u00f3gio biol\u00f3gico interno, a quantidade de horas dormidas e a regularidade da rotina de sono. Estudos indicam que pessoas com h\u00e1bitos matutinos tendem a apresentar melhores indicadores de sa\u00fade, por\u00e9m for\u00e7ar um hor\u00e1rio que n\u00e3o combina com o seu organismo pode trazer mais preju\u00edzos do que benef\u00edcios.<\/p>\n\n\n\n<h2 class=\"wp-block-heading\">O que \u00e9 o cronotipo e por que ele influencia o hor\u00e1rio ideal de acordar?<\/h2>\n\n\n\n<p>Cada pessoa possui um <a href=\"https:\/\/www.tuasaude.com\/quantas-horas-se-deve-dormir\/\" target=\"_blank\" rel=\"noreferrer noopener\">rel\u00f3gio biol\u00f3gico interno<\/a> que determina os hor\u00e1rios naturais de maior disposi\u00e7\u00e3o e sonol\u00eancia ao longo do dia. Esse padr\u00e3o, chamado de cronotipo, \u00e9 em grande parte determinado pela gen\u00e9tica e varia de pessoa para pessoa. Existem aqueles que funcionam melhor de manh\u00e3 cedo, os que rendem mais \u00e0 noite e a maioria que se encontra em um ponto intermedi\u00e1rio.<\/p>\n\n\n\n<p>Quando algu\u00e9m tenta acordar \u00e0s 5 da manh\u00e3 sem que esse hor\u00e1rio esteja alinhado ao seu cronotipo, o resultado costuma ser priva\u00e7\u00e3o de sono, cansa\u00e7o acumulado e queda no desempenho mental e f\u00edsico. A ci\u00eancia mostra que respeitar o rel\u00f3gio biol\u00f3gico \u00e9 mais importante do que seguir uma tend\u00eancia de hor\u00e1rio r\u00edgido.<\/p>\n\n\n<div class=\"wp-block-image\">\n<figure class=\"aligncenter size-large\"><img decoding=\"async\" width=\"1024\" height=\"571\" src=\"https:\/\/www.tuasaude.com\/news\/wp-content\/uploads\/2026\/03\/creation_2515527632-1024x571.png\" alt=\"No final das contas, qual \u00e9 o benef\u00edcio para quem acorda \u00e0s 5 da manh\u00e3? A ci\u00eancia responde\" class=\"wp-image-6575\" srcset=\"https:\/\/www.tuasaude.com\/news\/wp-content\/uploads\/2026\/03\/creation_2515527632-1024x571.png 1024w, https:\/\/www.tuasaude.com\/news\/wp-content\/uploads\/2026\/03\/creation_2515527632-300x167.png 300w, https:\/\/www.tuasaude.com\/news\/wp-content\/uploads\/2026\/03\/creation_2515527632-768x428.png 768w, https:\/\/www.tuasaude.com\/news\/wp-content\/uploads\/2026\/03\/creation_2515527632-750x418.png 750w, https:\/\/www.tuasaude.com\/news\/wp-content\/uploads\/2026\/03\/creation_2515527632-1140x636.png 1140w, https:\/\/www.tuasaude.com\/news\/wp-content\/uploads\/2026\/03\/creation_2515527632.png 1280w\" sizes=\"(max-width: 1024px) 100vw, 1024px\" \/><figcaption class=\"wp-element-caption\">Acordar \u00e0s 5 da manh\u00e3 s\u00f3 traz benef\u00edcios quando o hor\u00e1rio est\u00e1 alinhado ao rel\u00f3gio biol\u00f3gico.<\/figcaption><\/figure>\n<\/div>\n\n\n<h2 class=\"wp-block-heading\">Meta-an\u00e1lise revela que o cronotipo matutino est\u00e1 ligado a melhores indicadores de sa\u00fade<\/h2>\n\n\n\n<p>Segundo a revis\u00e3o sistem\u00e1tica com meta-an\u00e1lise intitulada<a href=\"https:\/\/pubmed.ncbi.nlm.nih.gov\/34549270\/\" target=\"_blank\" rel=\"noreferrer noopener\"> <em><em>&#8220;Chronotype Differences in Energy Intake, Cardiometabolic Risk Parameters, Cancer, and Depression: A Systematic Review with Meta-Analysis of Observational Studies&#8221;<\/em><\/em>,<\/a> publicada na revista <a href=\"https:\/\/pubmed.ncbi.nlm.nih.gov\/34549270\/\" target=\"_blank\" rel=\"noreferrer noopener\"><em>Advances in Nutrition<\/em><\/a>, pessoas com cronotipo noturno apresentaram n\u00edveis significativamente mais altos de glicose, colesterol LDL e triglicer\u00eddeos em compara\u00e7\u00e3o com pessoas de h\u00e1bitos matutinos. O trabalho reuniu 39 estudos observacionais com quase 378 mil participantes e tamb\u00e9m encontrou maior risco de diabetes, c\u00e2ncer e depress\u00e3o entre os noturnos.<\/p>\n\n\n\n<p>No entanto, os pr\u00f3prios autores destacam que esses resultados n\u00e3o significam que acordar cedo por si s\u00f3 protege a sa\u00fade. O que os dados sugerem \u00e9 que o estilo de vida associado ao cronotipo matutino, como alimenta\u00e7\u00e3o mais regular, maior exposi\u00e7\u00e3o \u00e0 luz natural pela manh\u00e3 e melhor alinhamento com os hor\u00e1rios sociais, contribui para esses benef\u00edcios.<\/p>\n\n\n\n<h2 class=\"wp-block-heading\">Benef\u00edcios reais de uma rotina matinal bem estruturada<\/h2>\n\n\n\n<p>Para quem naturalmente funciona melhor pela manh\u00e3 ou consegue adaptar sua rotina de forma gradual, acordar cedo pode trazer vantagens concretas. Entre os benef\u00edcios mais citados por pesquisadores est\u00e3o:<\/p>\n\n\n\n<div style=\"display: flex; flex-wrap: wrap; gap: 20px; justify-content: center; font-family: 'Segoe UI', Roboto, Helvetica, sans-serif; padding: 40px; background-color: #f1f5f9;\">\n\n  <div style=\"flex: 1; min-width: 250px; max-width: 280px; background: #ffffff; border: 1px solid #e2e8f0; padding: 25px; border-radius: 20px; box-shadow: 0 10px 25px rgba(0,0,0,0.05); text-align: center;\">\n\n    <div style=\"font-size: 32px; margin-bottom: 15px;\">\u2600\ufe0f<\/div>\n\n    <h3 style=\"color: #334155; font-size: 1.1em; margin-bottom: 12px; letter-spacing: 1px;\">LUZ NATURAL<\/h3>\n\n    <p style=\"color: #475569; font-size: 0.95em; line-height: 1.6; margin: 0;\">\n      A exposi\u00e7\u00e3o \u00e0 <strong>luz natural nas primeiras horas do dia<\/strong> ajuda a regular o ciclo de sono e a produ\u00e7\u00e3o de horm\u00f4nios.\n    <\/p>\n\n  <\/div>\n\n  <div style=\"flex: 1; min-width: 250px; max-width: 280px; background: #ffffff; border: 1px solid #e2e8f0; padding: 25px; border-radius: 20px; box-shadow: 0 10px 25px rgba(0,0,0,0.05); text-align: center;\">\n\n    <div style=\"font-size: 32px; margin-bottom: 15px;\">\u2615<\/div>\n\n    <h3 style=\"color: #334155; font-size: 1.1em; margin-bottom: 12px; letter-spacing: 1px;\">ROTINA SEM PRESSA<\/h3>\n\n    <p style=\"color: #475569; font-size: 0.95em; line-height: 1.6; margin: 0;\">\n      Acordar mais cedo permite <strong>tempo para um caf\u00e9 da manh\u00e3 equilibrado<\/strong> e para organizar o dia com calma.\n    <\/p>\n\n  <\/div>\n\n  <div style=\"flex: 1; min-width: 250px; max-width: 280px; background: #ffffff; border: 1px solid #e2e8f0; padding: 25px; border-radius: 20px; box-shadow: 0 10px 25px rgba(0,0,0,0.05); text-align: center;\">\n\n    <div style=\"font-size: 32px; margin-bottom: 15px;\">\ud83d\udd70\ufe0f<\/div>\n\n    <h3 style=\"color: #334155; font-size: 1.1em; margin-bottom: 12px; letter-spacing: 1px;\">ALINHAMENTO SOCIAL<\/h3>\n\n    <p style=\"color: #475569; font-size: 0.95em; line-height: 1.6; margin: 0;\">\n      Rotinas matinais ajudam a <strong>sincronizar o rel\u00f3gio biol\u00f3gico<\/strong> com hor\u00e1rios sociais e profissionais.\n    <\/p>\n\n  <\/div>\n\n  <div style=\"flex: 1; min-width: 250px; max-width: 280px; background: #ffffff; border: 1px solid #e2e8f0; padding: 25px; border-radius: 20px; box-shadow: 0 10px 25px rgba(0,0,0,0.05); text-align: center;\">\n\n    <div style=\"font-size: 32px; margin-bottom: 15px;\">\ud83d\ude0a<\/div>\n\n    <h3 style=\"color: #334155; font-size: 1.1em; margin-bottom: 12px; letter-spacing: 1px;\">BEM-ESTAR EMOCIONAL<\/h3>\n\n    <p style=\"color: #475569; font-size: 0.95em; line-height: 1.6; margin: 0;\">\n      Estudos associam h\u00e1bitos matutinos a <strong>maiores n\u00edveis de satisfa\u00e7\u00e3o e bem-estar emocional<\/strong>.\n    <\/p>\n\n  <\/div>\n\n<\/div>\n\n\n\n<h2 class=\"wp-block-heading\">Os riscos de for\u00e7ar um hor\u00e1rio que n\u00e3o respeita o seu corpo<\/h2>\n\n\n\n<p>Acordar \u00e0s 5 da manh\u00e3 sem dormir o suficiente traz consequ\u00eancias importantes para a sa\u00fade. Os principais riscos incluem:<\/p>\n\n\n\n<ul class=\"wp-block-list\">\n<li><strong>Priva\u00e7\u00e3o cr\u00f4nica de sono<\/strong>, caso o hor\u00e1rio de dormir n\u00e3o seja antecipado proporcionalmente, o que prejudica a mem\u00f3ria, o humor e o sistema imunol\u00f3gico.<\/li>\n\n\n\n<li><strong>Aumento dos n\u00edveis de cortisol<\/strong>, o horm\u00f4nio do estresse, que a longo prazo pode contribuir para ganho de peso e problemas cardiovasculares.<\/li>\n\n\n\n<li><strong>Queda no desempenho cognitivo<\/strong>, incluindo menor capacidade de aten\u00e7\u00e3o, racioc\u00ednio e tomada de decis\u00f5es.<\/li>\n\n\n\n<li><strong>Maior irritabilidade e risco de transtornos de humor<\/strong>, especialmente quando a priva\u00e7\u00e3o de sono se torna um h\u00e1bito di\u00e1rio.<\/li>\n<\/ul>\n\n\n\n<p>A Organiza\u00e7\u00e3o Mundial da Sa\u00fade e as principais sociedades de sono recomendam que adultos durmam entre 7 e 9 horas por noite, independentemente do hor\u00e1rio de acordar.<\/p>\n\n\n\n<h2 class=\"wp-block-heading\">O melhor hor\u00e1rio para acordar \u00e9 aquele que respeita o seu organismo<\/h2>\n\n\n\n<p>A ci\u00eancia n\u00e3o condena nem glorifica o h\u00e1bito de acordar \u00e0s 5 da manh\u00e3. O que as evid\u00eancias mostram \u00e9 que a qualidade e a regularidade do sono s\u00e3o mais determinantes para a sa\u00fade do que o hor\u00e1rio marcado no despertador. O segredo est\u00e1 em encontrar uma rotina que permita <a href=\"https:\/\/www.tuasaude.com\/quantas-horas-se-deve-dormir\/\" target=\"_blank\" rel=\"noreferrer noopener\">dormir o suficiente<\/a>, manter hor\u00e1rios consistentes e funcionar no melhor momento do seu rel\u00f3gio biol\u00f3gico.<\/p>\n\n\n\n<p>Se voc\u00ea sente dificuldade para ajustar sua rotina de sono ou enfrenta cansa\u00e7o persistente mesmo dormindo o n\u00famero recomendado de horas, procure um m\u00e9dico especialista em sono. Somente um profissional pode avaliar seu cronotipo, descartar dist\u00farbios e orientar as melhores estrat\u00e9gias para o seu caso.<\/p>\n","protected":false},"excerpt":{"rendered":"<p>A tend\u00eancia de acordar \u00e0s 5 da manh\u00e3 ganhou for\u00e7a nas redes sociais como uma f\u00f3rmula para maior produtividade e sucesso. Mas a ci\u00eancia mostra que a quest\u00e3o \u00e9 mais complexa do que simplesmente ajustar o despertador. O que realmente importa n\u00e3o \u00e9 a hora exata de despertar, mas sim a rela\u00e7\u00e3o entre o seu [&hellip;]<\/p>\n","protected":false},"author":11,"featured_media":6574,"comment_status":"open","ping_status":"open","sticky":false,"template":"","format":"standard","meta":{"_yoast_wpseo_focuskw":"acordar \u00e0s 5 da manh\u00e3 faz bem","_yoast_wpseo_title":"","_yoast_wpseo_metadesc":"Acordar \u00e0s 5 da manh\u00e3 virou tend\u00eancia, mas a ci\u00eancia mostra que o hor\u00e1rio ideal depende do rel\u00f3gio biol\u00f3gico e da qualidade do sono.","jnews-multi-image_gallery":[],"jnews_single_post":{"format":"standard"},"jnews_primary_category":[],"jnews_social_meta":[],"jnews_override_counter":[],"footnotes":""},"categories":[111],"tags":[708,136,1086,116],"class_list":["post-6500","post","type-post","status-publish","format-standard","has-post-thumbnail","hentry","category-saude","tag-acordar-cedo","tag-saude","tag-saude-do-sono","tag-sono"],"yoast_head":"<!-- This site is optimized with the Yoast SEO plugin v26.7 - https:\/\/yoast.com\/wordpress\/plugins\/seo\/ -->\n<title>No final das contas, qual \u00e9 o benef\u00edcio para quem acorda \u00e0s 5 da manh\u00e3? A ci\u00eancia responde - Tua Sa\u00fade<\/title>\n<meta name=\"description\" content=\"Acordar \u00e0s 5 da manh\u00e3 virou tend\u00eancia, mas a ci\u00eancia mostra que o hor\u00e1rio ideal depende do rel\u00f3gio biol\u00f3gico e da qualidade do sono.\" \/>\n<meta name=\"robots\" content=\"index, follow, max-snippet:-1, max-image-preview:large, max-video-preview:-1\" \/>\n<link rel=\"canonical\" href=\"https:\/\/www.tuasaude.com\/news\/2026\/03\/06\/no-final-das-contas-qual-e-o-beneficio-para-quem-acorda-as-5-da-manha-a-ciencia-responde\/\" \/>\n<meta property=\"og:locale\" content=\"pt_BR\" \/>\n<meta property=\"og:type\" content=\"article\" \/>\n<meta property=\"og:title\" content=\"No final das contas, qual \u00e9 o benef\u00edcio para quem acorda \u00e0s 5 da manh\u00e3? A ci\u00eancia responde - Tua Sa\u00fade\" \/>\n<meta property=\"og:description\" content=\"Acordar \u00e0s 5 da manh\u00e3 virou tend\u00eancia, mas a ci\u00eancia mostra que o hor\u00e1rio ideal depende do rel\u00f3gio biol\u00f3gico e da qualidade do sono.\" \/>\n<meta property=\"og:url\" content=\"https:\/\/www.tuasaude.com\/news\/2026\/03\/06\/no-final-das-contas-qual-e-o-beneficio-para-quem-acorda-as-5-da-manha-a-ciencia-responde\/\" \/>\n<meta property=\"og:site_name\" content=\"Tua Sa\u00fade\" \/>\n<meta property=\"article:published_time\" content=\"2026-03-06T18:25:00+00:00\" \/>\n<meta property=\"og:image\" content=\"https:\/\/www.tuasaude.com\/news\/wp-content\/uploads\/2026\/03\/creation_2515527229.png\" \/>\n\t<meta property=\"og:image:width\" content=\"1280\" \/>\n\t<meta property=\"og:image:height\" content=\"714\" \/>\n\t<meta property=\"og:image:type\" content=\"image\/png\" \/>\n<meta name=\"author\" content=\"Gessika Julia Carvalho\" \/>\n<meta name=\"twitter:card\" content=\"summary_large_image\" \/>\n<meta name=\"twitter:label1\" content=\"Escrito por\" \/>\n\t<meta name=\"twitter:data1\" content=\"Gessika Julia Carvalho\" \/>\n\t<meta name=\"twitter:label2\" content=\"Est. tempo de leitura\" \/>\n\t<meta name=\"twitter:data2\" content=\"5 minutos\" \/>\n<!-- \/ Yoast SEO plugin. -->","yoast_head_json":{"title":"No final das contas, qual \u00e9 o benef\u00edcio para quem acorda \u00e0s 5 da manh\u00e3? A ci\u00eancia responde - Tua Sa\u00fade","description":"Acordar \u00e0s 5 da manh\u00e3 virou tend\u00eancia, mas a ci\u00eancia mostra que o hor\u00e1rio ideal depende do rel\u00f3gio biol\u00f3gico e da qualidade do sono.","robots":{"index":"index","follow":"follow","max-snippet":"max-snippet:-1","max-image-preview":"max-image-preview:large","max-video-preview":"max-video-preview:-1"},"canonical":"https:\/\/www.tuasaude.com\/news\/2026\/03\/06\/no-final-das-contas-qual-e-o-beneficio-para-quem-acorda-as-5-da-manha-a-ciencia-responde\/","og_locale":"pt_BR","og_type":"article","og_title":"No final das contas, qual \u00e9 o benef\u00edcio para quem acorda \u00e0s 5 da manh\u00e3? A ci\u00eancia responde - Tua Sa\u00fade","og_description":"Acordar \u00e0s 5 da manh\u00e3 virou tend\u00eancia, mas a ci\u00eancia mostra que o hor\u00e1rio ideal depende do rel\u00f3gio biol\u00f3gico e da qualidade do sono.","og_url":"https:\/\/www.tuasaude.com\/news\/2026\/03\/06\/no-final-das-contas-qual-e-o-beneficio-para-quem-acorda-as-5-da-manha-a-ciencia-responde\/","og_site_name":"Tua Sa\u00fade","article_published_time":"2026-03-06T18:25:00+00:00","og_image":[{"width":1280,"height":714,"url":"https:\/\/www.tuasaude.com\/news\/wp-content\/uploads\/2026\/03\/creation_2515527229.png","type":"image\/png"}],"author":"Gessika Julia Carvalho","twitter_card":"summary_large_image","twitter_misc":{"Escrito por":"Gessika Julia Carvalho","Est. tempo de leitura":"5 minutos"},"schema":{"@context":"https:\/\/schema.org","@graph":[{"@type":"Article","@id":"https:\/\/www.tuasaude.com\/news\/2026\/03\/06\/no-final-das-contas-qual-e-o-beneficio-para-quem-acorda-as-5-da-manha-a-ciencia-responde\/#article","isPartOf":{"@id":"https:\/\/www.tuasaude.com\/news\/2026\/03\/06\/no-final-das-contas-qual-e-o-beneficio-para-quem-acorda-as-5-da-manha-a-ciencia-responde\/"},"author":{"name":"Gessika Julia Carvalho","@id":"https:\/\/www.tuasaude.com\/news\/#\/schema\/person\/2e9df841be69ec84f5d20ddb8d273ac2"},"headline":"No final das contas, qual \u00e9 o benef\u00edcio para quem acorda \u00e0s 5 da manh\u00e3? A ci\u00eancia responde","datePublished":"2026-03-06T18:25:00+00:00","mainEntityOfPage":{"@id":"https:\/\/www.tuasaude.com\/news\/2026\/03\/06\/no-final-das-contas-qual-e-o-beneficio-para-quem-acorda-as-5-da-manha-a-ciencia-responde\/"},"wordCount":874,"commentCount":0,"image":{"@id":"https:\/\/www.tuasaude.com\/news\/2026\/03\/06\/no-final-das-contas-qual-e-o-beneficio-para-quem-acorda-as-5-da-manha-a-ciencia-responde\/#primaryimage"},"thumbnailUrl":"https:\/\/www.tuasaude.com\/news\/wp-content\/uploads\/2026\/03\/creation_2515527229.png","keywords":["acordar cedo","sa\u00fade","sa\u00fade do sono","sono"],"articleSection":["Sa\u00fade"],"inLanguage":"pt-BR","potentialAction":[{"@type":"CommentAction","name":"Comment","target":["https:\/\/www.tuasaude.com\/news\/2026\/03\/06\/no-final-das-contas-qual-e-o-beneficio-para-quem-acorda-as-5-da-manha-a-ciencia-responde\/#respond"]}]},{"@type":"WebPage","@id":"https:\/\/www.tuasaude.com\/news\/2026\/03\/06\/no-final-das-contas-qual-e-o-beneficio-para-quem-acorda-as-5-da-manha-a-ciencia-responde\/","url":"https:\/\/www.tuasaude.com\/news\/2026\/03\/06\/no-final-das-contas-qual-e-o-beneficio-para-quem-acorda-as-5-da-manha-a-ciencia-responde\/","name":"No final das contas, qual \u00e9 o benef\u00edcio para quem acorda \u00e0s 5 da manh\u00e3? A ci\u00eancia responde - Tua Sa\u00fade","isPartOf":{"@id":"https:\/\/www.tuasaude.com\/news\/#website"},"primaryImageOfPage":{"@id":"https:\/\/www.tuasaude.com\/news\/2026\/03\/06\/no-final-das-contas-qual-e-o-beneficio-para-quem-acorda-as-5-da-manha-a-ciencia-responde\/#primaryimage"},"image":{"@id":"https:\/\/www.tuasaude.com\/news\/2026\/03\/06\/no-final-das-contas-qual-e-o-beneficio-para-quem-acorda-as-5-da-manha-a-ciencia-responde\/#primaryimage"},"thumbnailUrl":"https:\/\/www.tuasaude.com\/news\/wp-content\/uploads\/2026\/03\/creation_2515527229.png","datePublished":"2026-03-06T18:25:00+00:00","author":{"@id":"https:\/\/www.tuasaude.com\/news\/#\/schema\/person\/2e9df841be69ec84f5d20ddb8d273ac2"},"description":"Acordar \u00e0s 5 da manh\u00e3 virou tend\u00eancia, mas a ci\u00eancia mostra que o hor\u00e1rio ideal depende do rel\u00f3gio biol\u00f3gico e da qualidade do sono.","breadcrumb":{"@id":"https:\/\/www.tuasaude.com\/news\/2026\/03\/06\/no-final-das-contas-qual-e-o-beneficio-para-quem-acorda-as-5-da-manha-a-ciencia-responde\/#breadcrumb"},"inLanguage":"pt-BR","potentialAction":[{"@type":"ReadAction","target":["https:\/\/www.tuasaude.com\/news\/2026\/03\/06\/no-final-das-contas-qual-e-o-beneficio-para-quem-acorda-as-5-da-manha-a-ciencia-responde\/"]}]},{"@type":"ImageObject","inLanguage":"pt-BR","@id":"https:\/\/www.tuasaude.com\/news\/2026\/03\/06\/no-final-das-contas-qual-e-o-beneficio-para-quem-acorda-as-5-da-manha-a-ciencia-responde\/#primaryimage","url":"https:\/\/www.tuasaude.com\/news\/wp-content\/uploads\/2026\/03\/creation_2515527229.png","contentUrl":"https:\/\/www.tuasaude.com\/news\/wp-content\/uploads\/2026\/03\/creation_2515527229.png","width":1280,"height":714,"caption":"O cronotipo determina os hor\u00e1rios naturais de mais energia e de maior sonol\u00eancia."},{"@type":"BreadcrumbList","@id":"https:\/\/www.tuasaude.com\/news\/2026\/03\/06\/no-final-das-contas-qual-e-o-beneficio-para-quem-acorda-as-5-da-manha-a-ciencia-responde\/#breadcrumb","itemListElement":[{"@type":"ListItem","position":1,"name":"In\u00edcio","item":"https:\/\/www.tuasaude.com\/news\/"},{"@type":"ListItem","position":2,"name":"No final das contas, qual \u00e9 o benef\u00edcio para quem acorda \u00e0s 5 da manh\u00e3? A ci\u00eancia responde"}]},{"@type":"WebSite","@id":"https:\/\/www.tuasaude.com\/news\/#website","url":"https:\/\/www.tuasaude.com\/news\/","name":"Tua Sa\u00fade","description":"Seu site de sa\u00fade","potentialAction":[{"@type":"SearchAction","target":{"@type":"EntryPoint","urlTemplate":"https:\/\/www.tuasaude.com\/news\/?s={search_term_string}"},"query-input":{"@type":"PropertyValueSpecification","valueRequired":true,"valueName":"search_term_string"}}],"inLanguage":"pt-BR"},{"@type":"Person","@id":"https:\/\/www.tuasaude.com\/news\/#\/schema\/person\/2e9df841be69ec84f5d20ddb8d273ac2","name":"Gessika Julia Carvalho","image":{"@type":"ImageObject","inLanguage":"pt-BR","@id":"https:\/\/www.tuasaude.com\/news\/#\/schema\/person\/image\/","url":"https:\/\/secure.gravatar.com\/avatar\/0fcc8769024577fd0bc6a8b766055690f76a8e8f29dfb2a2f89cf04db8d0f2d2?s=96&d=mm&r=g","contentUrl":"https:\/\/secure.gravatar.com\/avatar\/0fcc8769024577fd0bc6a8b766055690f76a8e8f29dfb2a2f89cf04db8d0f2d2?s=96&d=mm&r=g","caption":"Gessika Julia Carvalho"},"sameAs":["https:\/\/www.tuasaude.com\/news\/"],"url":"https:\/\/www.tuasaude.com\/news\/author\/gessika-julia\/"}]}},"_links":{"self":[{"href":"https:\/\/www.tuasaude.com\/news\/wp-json\/wp\/v2\/posts\/6500","targetHints":{"allow":["GET"]}}],"collection":[{"href":"https:\/\/www.tuasaude.com\/news\/wp-json\/wp\/v2\/posts"}],"about":[{"href":"https:\/\/www.tuasaude.com\/news\/wp-json\/wp\/v2\/types\/post"}],"author":[{"embeddable":true,"href":"https:\/\/www.tuasaude.com\/news\/wp-json\/wp\/v2\/users\/11"}],"replies":[{"embeddable":true,"href":"https:\/\/www.tuasaude.com\/news\/wp-json\/wp\/v2\/comments?post=6500"}],"version-history":[{"count":2,"href":"https:\/\/www.tuasaude.com\/news\/wp-json\/wp\/v2\/posts\/6500\/revisions"}],"predecessor-version":[{"id":6633,"href":"https:\/\/www.tuasaude.com\/news\/wp-json\/wp\/v2\/posts\/6500\/revisions\/6633"}],"wp:featuredmedia":[{"embeddable":true,"href":"https:\/\/www.tuasaude.com\/news\/wp-json\/wp\/v2\/media\/6574"}],"wp:attachment":[{"href":"https:\/\/www.tuasaude.com\/news\/wp-json\/wp\/v2\/media?parent=6500"}],"wp:term":[{"taxonomy":"category","embeddable":true,"href":"https:\/\/www.tuasaude.com\/news\/wp-json\/wp\/v2\/categories?post=6500"},{"taxonomy":"post_tag","embeddable":true,"href":"https:\/\/www.tuasaude.com\/news\/wp-json\/wp\/v2\/tags?post=6500"}],"curies":[{"name":"wp","href":"https:\/\/api.w.org\/{rel}","templated":true}]}}