{"id":6452,"date":"2026-03-06T13:45:00","date_gmt":"2026-03-06T16:45:00","guid":{"rendered":"https:\/\/www.tuasaude.com\/news\/?p=6452"},"modified":"2026-03-05T15:38:53","modified_gmt":"2026-03-05T18:38:53","slug":"um-habito-alimentar-simples-que-protege-a-memoria-a-longo-prazo-segundo-especialistas","status":"publish","type":"post","link":"https:\/\/www.tuasaude.com\/news\/2026\/03\/06\/um-habito-alimentar-simples-que-protege-a-memoria-a-longo-prazo-segundo-especialistas\/","title":{"rendered":"Um h\u00e1bito alimentar simples que protege a mem\u00f3ria a longo prazo, segundo especialistas"},"content":{"rendered":"\n<p>Incluir alimentos ricos em \u00f4mega-3 na alimenta\u00e7\u00e3o do dia a dia pode ser uma das estrat\u00e9gias mais simples e eficazes para preservar a mem\u00f3ria ao longo dos anos. Esse tipo de gordura saud\u00e1vel, encontrado principalmente em peixes, sementes e oleaginosas, \u00e9 essencial para o funcionamento das c\u00e9lulas do c\u00e9rebro e tem sido amplamente estudado pela neuroci\u00eancia. Pesquisas recentes indicam que o consumo regular de \u00f4mega-3 melhora fun\u00e7\u00f5es como aten\u00e7\u00e3o, velocidade de processamento e mem\u00f3ria, especialmente em adultos a partir da meia-idade.<\/p>\n\n\n\n<h2 class=\"wp-block-heading\">Como o \u00f4mega-3 atua na prote\u00e7\u00e3o do c\u00e9rebro?<\/h2>\n\n\n\n<p>O <a href=\"https:\/\/www.tuasaude.com\/omega-3\/\" target=\"_blank\" rel=\"noreferrer noopener\">\u00f4mega-3<\/a>, especialmente os tipos conhecidos como DHA e EPA, \u00e9 um componente fundamental das membranas das c\u00e9lulas cerebrais. Ele ajuda a manter a comunica\u00e7\u00e3o eficiente entre os neur\u00f4nios, o que \u00e9 essencial para processos como a forma\u00e7\u00e3o e a recupera\u00e7\u00e3o de mem\u00f3rias. Quando o corpo n\u00e3o recebe quantidades suficientes desse nutriente, essa comunica\u00e7\u00e3o \u00e9 prejudicada e o risco de decl\u00ednio cognitivo aumenta.<\/p>\n\n\n\n<p>Al\u00e9m de sua fun\u00e7\u00e3o estrutural, o \u00f4mega-3 possui propriedades que combatem a inflama\u00e7\u00e3o e o dano causado por radicais livres no tecido cerebral. Esses dois fatores est\u00e3o diretamente ligados ao envelhecimento do c\u00e9rebro e ao desenvolvimento de doen\u00e7as como o Alzheimer. Por isso, manter um consumo adequado ao longo da vida funciona como uma prote\u00e7\u00e3o cont\u00ednua para a sa\u00fade cognitiva.<\/p>\n\n\n<div class=\"wp-block-image\">\n<figure class=\"aligncenter size-large\"><img decoding=\"async\" width=\"1024\" height=\"571\" src=\"https:\/\/www.tuasaude.com\/news\/wp-content\/uploads\/2026\/03\/creation_2515533753-1024x571.png\" alt=\"Um h\u00e1bito alimentar simples que protege a mem\u00f3ria a longo prazo, segundo especialistas\" class=\"wp-image-6581\" srcset=\"https:\/\/www.tuasaude.com\/news\/wp-content\/uploads\/2026\/03\/creation_2515533753-1024x571.png 1024w, https:\/\/www.tuasaude.com\/news\/wp-content\/uploads\/2026\/03\/creation_2515533753-300x167.png 300w, https:\/\/www.tuasaude.com\/news\/wp-content\/uploads\/2026\/03\/creation_2515533753-768x428.png 768w, https:\/\/www.tuasaude.com\/news\/wp-content\/uploads\/2026\/03\/creation_2515533753-750x418.png 750w, https:\/\/www.tuasaude.com\/news\/wp-content\/uploads\/2026\/03\/creation_2515533753-1140x636.png 1140w, https:\/\/www.tuasaude.com\/news\/wp-content\/uploads\/2026\/03\/creation_2515533753.png 1280w\" sizes=\"(max-width: 1024px) 100vw, 1024px\" \/><figcaption class=\"wp-element-caption\">Alimentos ricos em \u00f4mega-3 ajudam a proteger o c\u00e9rebro e preservar a mem\u00f3ria ao longo dos anos.<\/figcaption><\/figure>\n<\/div>\n\n\n<h2 class=\"wp-block-heading\">Meta-an\u00e1lise de 58 estudos confirma os benef\u00edcios do \u00f4mega-3 para a cogni\u00e7\u00e3o<\/h2>\n\n\n\n<p>Segundo a revis\u00e3o sistem\u00e1tica com meta-an\u00e1lise intitulada<a href=\"https:\/\/pubmed.ncbi.nlm.nih.gov\/40836005\/\" target=\"_blank\" rel=\"noreferrer noopener\"> <em>&#8220;A systematic review and dose response meta analysis of Omega 3 supplementation on cognitive function&#8221;<\/em><\/a>, publicada na revista <a href=\"https:\/\/pubmed.ncbi.nlm.nih.gov\/40836005\/\" target=\"_blank\" rel=\"noreferrer noopener\"><em>Scientific Reports<\/em><\/a>, a suplementa\u00e7\u00e3o de \u00f4mega-3 promoveu melhoras significativas em diversas \u00e1reas da cogni\u00e7\u00e3o, incluindo aten\u00e7\u00e3o, mem\u00f3ria prim\u00e1ria, velocidade de percep\u00e7\u00e3o e linguagem. O trabalho analisou 58 ensaios cl\u00ednicos randomizados e identificou uma rela\u00e7\u00e3o de dose-resposta, na qual incrementos de 2.000 mg por dia mostraram os resultados mais expressivos.<\/p>\n\n\n\n<p>Os pesquisadores observaram que os benef\u00edcios foram relevantes tanto em pessoas saud\u00e1veis quanto naquelas que j\u00e1 apresentavam algum grau de comprometimento cognitivo. Os autores destacam que o \u00f4mega-3 pode ser considerado uma ferramenta acess\u00edvel para apoiar a sa\u00fade cerebral, embora recomendem que mais estudos avaliem os efeitos a longo prazo em diferentes popula\u00e7\u00f5es.<\/p>\n\n\n\n<h2 class=\"wp-block-heading\">Alimentos ricos em \u00f4mega-3 que favorecem a mem\u00f3ria<\/h2>\n\n\n\n<p>A melhor forma de obter \u00f4mega-3 \u00e9 por meio da alimenta\u00e7\u00e3o, j\u00e1 que o corpo humano n\u00e3o produz esse nutriente. Entre as fontes mais ricas e acess\u00edveis est\u00e3o:<\/p>\n\n\n\n<div style=\"display: flex; flex-wrap: wrap; gap: 20px; justify-content: center; font-family: 'Segoe UI', Roboto, Helvetica, sans-serif; padding: 40px; background-color: #f1f5f9;\">\n\n  <div style=\"flex: 1; min-width: 250px; max-width: 280px; background: #ffffff; border: 1px solid #e2e8f0; padding: 25px; border-radius: 20px; box-shadow: 0 10px 25px rgba(0,0,0,0.05); text-align: center;\">\n\n    <div style=\"font-size: 32px; margin-bottom: 15px;\">\ud83d\udc1f<\/div>\n\n    <h3 style=\"color: #334155; font-size: 1.1em; margin-bottom: 12px; letter-spacing: 1px;\">PEIXES DE \u00c1GUA FRIA<\/h3>\n\n    <p style=\"color: #475569; font-size: 0.95em; line-height: 1.6; margin: 0;\">\n      <strong>Salm\u00e3o, sardinha, atum e cavala<\/strong> s\u00e3o fontes naturais ricas em DHA e EPA, formas de \u00f4mega-3 ligadas \u00e0 sa\u00fade do c\u00e9rebro.\n    <\/p>\n\n  <\/div>\n\n  <div style=\"flex: 1; min-width: 250px; max-width: 280px; background: #ffffff; border: 1px solid #e2e8f0; padding: 25px; border-radius: 20px; box-shadow: 0 10px 25px rgba(0,0,0,0.05); text-align: center;\">\n\n    <div style=\"font-size: 32px; margin-bottom: 15px;\">\ud83c\udf31<\/div>\n\n    <h3 style=\"color: #334155; font-size: 1.1em; margin-bottom: 12px; letter-spacing: 1px;\">LINHA\u00c7A E CHIA<\/h3>\n\n    <p style=\"color: #475569; font-size: 0.95em; line-height: 1.6; margin: 0;\">\n      As sementes fornecem <strong>ALA<\/strong>, um tipo de \u00f4mega-3 vegetal que o organismo converte parcialmente em DHA e EPA.\n    <\/p>\n\n  <\/div>\n\n  <div style=\"flex: 1; min-width: 250px; max-width: 280px; background: #ffffff; border: 1px solid #e2e8f0; padding: 25px; border-radius: 20px; box-shadow: 0 10px 25px rgba(0,0,0,0.05); text-align: center;\">\n\n    <div style=\"font-size: 32px; margin-bottom: 15px;\">\ud83e\udd5c<\/div>\n\n    <h3 style=\"color: #334155; font-size: 1.1em; margin-bottom: 12px; letter-spacing: 1px;\">NOZES E CASTANHAS<\/h3>\n\n    <p style=\"color: #475569; font-size: 0.95em; line-height: 1.6; margin: 0;\">\n      Al\u00e9m de \u00f4mega-3, oferecem <strong>vitamina E<\/strong>, nutriente antioxidante que ajuda a proteger as c\u00e9lulas do c\u00e9rebro.\n    <\/p>\n\n  <\/div>\n\n  <div style=\"flex: 1; min-width: 250px; max-width: 280px; background: #ffffff; border: 1px solid #e2e8f0; padding: 25px; border-radius: 20px; box-shadow: 0 10px 25px rgba(0,0,0,0.05); text-align: center;\">\n\n    <div style=\"font-size: 32px; margin-bottom: 15px;\">\ud83e\uded2<\/div>\n\n    <h3 style=\"color: #334155; font-size: 1.1em; margin-bottom: 12px; letter-spacing: 1px;\">AZEITE EXTRAVIRGEM<\/h3>\n\n    <p style=\"color: #475569; font-size: 0.95em; line-height: 1.6; margin: 0;\">\n      Cont\u00e9m <strong>compostos antioxidantes<\/strong> que ajudam a complementar a a\u00e7\u00e3o do \u00f4mega-3 contra o envelhecimento cerebral.\n    <\/p>\n\n  <\/div>\n\n<\/div>\n\n\n\n<h2 class=\"wp-block-heading\">Outros h\u00e1bitos alimentares que fortalecem a sa\u00fade cognitiva<\/h2>\n\n\n\n<p>O <a href=\"https:\/\/www.tuasaude.com\/omega-3\/\" target=\"_blank\" rel=\"noreferrer noopener\">\u00f4mega-3 \u00e9 um aliado poderoso<\/a>, mas funciona ainda melhor quando combinado com uma alimenta\u00e7\u00e3o variada e rica em antioxidantes. Algumas pr\u00e1ticas que potencializam a prote\u00e7\u00e3o da mem\u00f3ria incluem:<\/p>\n\n\n\n<ul class=\"wp-block-list\">\n<li>Consumir frutas vermelhas como mirtilo, morango e amora, que s\u00e3o ricas em antioxidantes ligados \u00e0 preserva\u00e7\u00e3o cognitiva.<\/li>\n\n\n\n<li>Incluir vegetais de folhas escuras como espinafre e couve, fontes de folato e vitamina K.<\/li>\n\n\n\n<li>Reduzir o consumo de alimentos ultraprocessados, que aumentam a inflama\u00e7\u00e3o e prejudicam o funcionamento cerebral.<\/li>\n\n\n\n<li>Manter uma boa hidrata\u00e7\u00e3o, pois a desidrata\u00e7\u00e3o afeta diretamente a concentra\u00e7\u00e3o e a mem\u00f3ria de curto prazo.<\/li>\n<\/ul>\n\n\n\n<h2 class=\"wp-block-heading\">Alimenta\u00e7\u00e3o protege a mem\u00f3ria, mas cada caso merece avalia\u00e7\u00e3o profissional<\/h2>\n\n\n\n<p>As evid\u00eancias cient\u00edficas mostram que o consumo regular de \u00f4mega-3 e de alimentos antioxidantes contribui de forma significativa para a preserva\u00e7\u00e3o da mem\u00f3ria e da sa\u00fade cognitiva ao longo da vida. No entanto, a alimenta\u00e7\u00e3o \u00e9 apenas um dos pilares da sa\u00fade cerebral, que tamb\u00e9m depende de sono adequado, atividade f\u00edsica e est\u00edmulo mental constante.<\/p>\n\n\n\n<p>Se voc\u00ea percebe falhas frequentes de mem\u00f3ria, dificuldade de concentra\u00e7\u00e3o ou outros sinais de decl\u00ednio cognitivo, procure um m\u00e9dico. Somente um profissional de sa\u00fade pode avaliar a necessidade de exames, ajustar a alimenta\u00e7\u00e3o e indicar o acompanhamento mais adequado para o seu caso.<\/p>\n","protected":false},"excerpt":{"rendered":"<p>Incluir alimentos ricos em \u00f4mega-3 na alimenta\u00e7\u00e3o do dia a dia pode ser uma das estrat\u00e9gias mais simples e eficazes para preservar a mem\u00f3ria ao longo dos anos. Esse tipo de gordura saud\u00e1vel, encontrado principalmente em peixes, sementes e oleaginosas, \u00e9 essencial para o funcionamento das c\u00e9lulas do c\u00e9rebro e tem sido amplamente estudado pela [&hellip;]<\/p>\n","protected":false},"author":11,"featured_media":6580,"comment_status":"open","ping_status":"open","sticky":false,"template":"","format":"standard","meta":{"_yoast_wpseo_focuskw":"\u00f4mega-3 e mem\u00f3ria","_yoast_wpseo_title":"","_yoast_wpseo_metadesc":"O \u00f4mega-3 presente em peixes, sementes e oleaginosas pode ajudar a proteger a mem\u00f3ria. Veja como esse nutriente cuida do c\u00e9rebro.","jnews-multi-image_gallery":[],"jnews_single_post":{"format":"standard"},"jnews_primary_category":[],"jnews_social_meta":[],"jnews_override_counter":[],"footnotes":""},"categories":[111],"tags":[220,1410,1265,1181],"class_list":["post-6452","post","type-post","status-publish","format-standard","has-post-thumbnail","hentry","category-saude","tag-alimentacao","tag-fortalecer-memoria","tag-omega-3-2","tag-saude-do-cerebro"],"yoast_head":"<!-- This site is optimized with the Yoast SEO plugin v26.7 - https:\/\/yoast.com\/wordpress\/plugins\/seo\/ -->\n<title>Um h\u00e1bito alimentar simples que protege a mem\u00f3ria a longo prazo, segundo especialistas - Tua Sa\u00fade<\/title>\n<meta name=\"description\" content=\"O \u00f4mega-3 presente em peixes, sementes e oleaginosas pode ajudar a proteger a mem\u00f3ria. Veja como esse nutriente cuida do c\u00e9rebro.\" \/>\n<meta name=\"robots\" content=\"index, follow, max-snippet:-1, max-image-preview:large, max-video-preview:-1\" \/>\n<link rel=\"canonical\" href=\"https:\/\/www.tuasaude.com\/news\/2026\/03\/06\/um-habito-alimentar-simples-que-protege-a-memoria-a-longo-prazo-segundo-especialistas\/\" \/>\n<meta property=\"og:locale\" content=\"pt_BR\" \/>\n<meta property=\"og:type\" content=\"article\" \/>\n<meta property=\"og:title\" content=\"Um h\u00e1bito alimentar simples que protege a mem\u00f3ria a longo prazo, segundo especialistas - Tua Sa\u00fade\" \/>\n<meta property=\"og:description\" content=\"O \u00f4mega-3 presente em peixes, sementes e oleaginosas pode ajudar a proteger a mem\u00f3ria. Veja como esse nutriente cuida do c\u00e9rebro.\" \/>\n<meta property=\"og:url\" content=\"https:\/\/www.tuasaude.com\/news\/2026\/03\/06\/um-habito-alimentar-simples-que-protege-a-memoria-a-longo-prazo-segundo-especialistas\/\" \/>\n<meta property=\"og:site_name\" content=\"Tua Sa\u00fade\" \/>\n<meta property=\"article:published_time\" content=\"2026-03-06T16:45:00+00:00\" \/>\n<meta property=\"og:image\" content=\"https:\/\/www.tuasaude.com\/news\/wp-content\/uploads\/2026\/03\/creation_2515533236.png\" \/>\n\t<meta property=\"og:image:width\" content=\"1280\" \/>\n\t<meta property=\"og:image:height\" content=\"714\" \/>\n\t<meta property=\"og:image:type\" content=\"image\/png\" \/>\n<meta name=\"author\" content=\"Gessika Julia Carvalho\" \/>\n<meta name=\"twitter:card\" content=\"summary_large_image\" \/>\n<meta name=\"twitter:label1\" content=\"Escrito por\" \/>\n\t<meta name=\"twitter:data1\" content=\"Gessika Julia Carvalho\" \/>\n\t<meta name=\"twitter:label2\" content=\"Est. tempo de leitura\" \/>\n\t<meta name=\"twitter:data2\" content=\"5 minutos\" \/>\n<!-- \/ Yoast SEO plugin. -->","yoast_head_json":{"title":"Um h\u00e1bito alimentar simples que protege a mem\u00f3ria a longo prazo, segundo especialistas - Tua Sa\u00fade","description":"O \u00f4mega-3 presente em peixes, sementes e oleaginosas pode ajudar a proteger a mem\u00f3ria. Veja como esse nutriente cuida do c\u00e9rebro.","robots":{"index":"index","follow":"follow","max-snippet":"max-snippet:-1","max-image-preview":"max-image-preview:large","max-video-preview":"max-video-preview:-1"},"canonical":"https:\/\/www.tuasaude.com\/news\/2026\/03\/06\/um-habito-alimentar-simples-que-protege-a-memoria-a-longo-prazo-segundo-especialistas\/","og_locale":"pt_BR","og_type":"article","og_title":"Um h\u00e1bito alimentar simples que protege a mem\u00f3ria a longo prazo, segundo especialistas - Tua Sa\u00fade","og_description":"O \u00f4mega-3 presente em peixes, sementes e oleaginosas pode ajudar a proteger a mem\u00f3ria. Veja como esse nutriente cuida do c\u00e9rebro.","og_url":"https:\/\/www.tuasaude.com\/news\/2026\/03\/06\/um-habito-alimentar-simples-que-protege-a-memoria-a-longo-prazo-segundo-especialistas\/","og_site_name":"Tua Sa\u00fade","article_published_time":"2026-03-06T16:45:00+00:00","og_image":[{"width":1280,"height":714,"url":"https:\/\/www.tuasaude.com\/news\/wp-content\/uploads\/2026\/03\/creation_2515533236.png","type":"image\/png"}],"author":"Gessika Julia Carvalho","twitter_card":"summary_large_image","twitter_misc":{"Escrito por":"Gessika Julia Carvalho","Est. tempo de leitura":"5 minutos"},"schema":{"@context":"https:\/\/schema.org","@graph":[{"@type":"Article","@id":"https:\/\/www.tuasaude.com\/news\/2026\/03\/06\/um-habito-alimentar-simples-que-protege-a-memoria-a-longo-prazo-segundo-especialistas\/#article","isPartOf":{"@id":"https:\/\/www.tuasaude.com\/news\/2026\/03\/06\/um-habito-alimentar-simples-que-protege-a-memoria-a-longo-prazo-segundo-especialistas\/"},"author":{"name":"Gessika Julia Carvalho","@id":"https:\/\/www.tuasaude.com\/news\/#\/schema\/person\/2e9df841be69ec84f5d20ddb8d273ac2"},"headline":"Um h\u00e1bito alimentar simples que protege a mem\u00f3ria a longo prazo, segundo especialistas","datePublished":"2026-03-06T16:45:00+00:00","mainEntityOfPage":{"@id":"https:\/\/www.tuasaude.com\/news\/2026\/03\/06\/um-habito-alimentar-simples-que-protege-a-memoria-a-longo-prazo-segundo-especialistas\/"},"wordCount":795,"commentCount":0,"image":{"@id":"https:\/\/www.tuasaude.com\/news\/2026\/03\/06\/um-habito-alimentar-simples-que-protege-a-memoria-a-longo-prazo-segundo-especialistas\/#primaryimage"},"thumbnailUrl":"https:\/\/www.tuasaude.com\/news\/wp-content\/uploads\/2026\/03\/creation_2515533236.png","keywords":["Alimenta\u00e7\u00e3o","fortalecer mem\u00f3ria","\u00f4mega 3","sa\u00fade do c\u00e9rebro"],"articleSection":["Sa\u00fade"],"inLanguage":"pt-BR","potentialAction":[{"@type":"CommentAction","name":"Comment","target":["https:\/\/www.tuasaude.com\/news\/2026\/03\/06\/um-habito-alimentar-simples-que-protege-a-memoria-a-longo-prazo-segundo-especialistas\/#respond"]}]},{"@type":"WebPage","@id":"https:\/\/www.tuasaude.com\/news\/2026\/03\/06\/um-habito-alimentar-simples-que-protege-a-memoria-a-longo-prazo-segundo-especialistas\/","url":"https:\/\/www.tuasaude.com\/news\/2026\/03\/06\/um-habito-alimentar-simples-que-protege-a-memoria-a-longo-prazo-segundo-especialistas\/","name":"Um h\u00e1bito alimentar simples que protege a mem\u00f3ria a longo prazo, segundo especialistas - Tua Sa\u00fade","isPartOf":{"@id":"https:\/\/www.tuasaude.com\/news\/#website"},"primaryImageOfPage":{"@id":"https:\/\/www.tuasaude.com\/news\/2026\/03\/06\/um-habito-alimentar-simples-que-protege-a-memoria-a-longo-prazo-segundo-especialistas\/#primaryimage"},"image":{"@id":"https:\/\/www.tuasaude.com\/news\/2026\/03\/06\/um-habito-alimentar-simples-que-protege-a-memoria-a-longo-prazo-segundo-especialistas\/#primaryimage"},"thumbnailUrl":"https:\/\/www.tuasaude.com\/news\/wp-content\/uploads\/2026\/03\/creation_2515533236.png","datePublished":"2026-03-06T16:45:00+00:00","author":{"@id":"https:\/\/www.tuasaude.com\/news\/#\/schema\/person\/2e9df841be69ec84f5d20ddb8d273ac2"},"description":"O \u00f4mega-3 presente em peixes, sementes e oleaginosas pode ajudar a proteger a mem\u00f3ria. Veja como esse nutriente cuida do c\u00e9rebro.","breadcrumb":{"@id":"https:\/\/www.tuasaude.com\/news\/2026\/03\/06\/um-habito-alimentar-simples-que-protege-a-memoria-a-longo-prazo-segundo-especialistas\/#breadcrumb"},"inLanguage":"pt-BR","potentialAction":[{"@type":"ReadAction","target":["https:\/\/www.tuasaude.com\/news\/2026\/03\/06\/um-habito-alimentar-simples-que-protege-a-memoria-a-longo-prazo-segundo-especialistas\/"]}]},{"@type":"ImageObject","inLanguage":"pt-BR","@id":"https:\/\/www.tuasaude.com\/news\/2026\/03\/06\/um-habito-alimentar-simples-que-protege-a-memoria-a-longo-prazo-segundo-especialistas\/#primaryimage","url":"https:\/\/www.tuasaude.com\/news\/wp-content\/uploads\/2026\/03\/creation_2515533236.png","contentUrl":"https:\/\/www.tuasaude.com\/news\/wp-content\/uploads\/2026\/03\/creation_2515533236.png","width":1280,"height":714,"caption":"Peixes, sementes e oleaginosas s\u00e3o fontes importantes de \u00f4mega-3 para a sa\u00fade cognitiva."},{"@type":"BreadcrumbList","@id":"https:\/\/www.tuasaude.com\/news\/2026\/03\/06\/um-habito-alimentar-simples-que-protege-a-memoria-a-longo-prazo-segundo-especialistas\/#breadcrumb","itemListElement":[{"@type":"ListItem","position":1,"name":"In\u00edcio","item":"https:\/\/www.tuasaude.com\/news\/"},{"@type":"ListItem","position":2,"name":"Um h\u00e1bito alimentar simples que protege a mem\u00f3ria a longo prazo, segundo especialistas"}]},{"@type":"WebSite","@id":"https:\/\/www.tuasaude.com\/news\/#website","url":"https:\/\/www.tuasaude.com\/news\/","name":"Tua Sa\u00fade","description":"Seu site de sa\u00fade","potentialAction":[{"@type":"SearchAction","target":{"@type":"EntryPoint","urlTemplate":"https:\/\/www.tuasaude.com\/news\/?s={search_term_string}"},"query-input":{"@type":"PropertyValueSpecification","valueRequired":true,"valueName":"search_term_string"}}],"inLanguage":"pt-BR"},{"@type":"Person","@id":"https:\/\/www.tuasaude.com\/news\/#\/schema\/person\/2e9df841be69ec84f5d20ddb8d273ac2","name":"Gessika Julia Carvalho","image":{"@type":"ImageObject","inLanguage":"pt-BR","@id":"https:\/\/www.tuasaude.com\/news\/#\/schema\/person\/image\/","url":"https:\/\/secure.gravatar.com\/avatar\/0fcc8769024577fd0bc6a8b766055690f76a8e8f29dfb2a2f89cf04db8d0f2d2?s=96&d=mm&r=g","contentUrl":"https:\/\/secure.gravatar.com\/avatar\/0fcc8769024577fd0bc6a8b766055690f76a8e8f29dfb2a2f89cf04db8d0f2d2?s=96&d=mm&r=g","caption":"Gessika Julia Carvalho"},"sameAs":["https:\/\/www.tuasaude.com\/news\/"],"url":"https:\/\/www.tuasaude.com\/news\/author\/gessika-julia\/"}]}},"_links":{"self":[{"href":"https:\/\/www.tuasaude.com\/news\/wp-json\/wp\/v2\/posts\/6452","targetHints":{"allow":["GET"]}}],"collection":[{"href":"https:\/\/www.tuasaude.com\/news\/wp-json\/wp\/v2\/posts"}],"about":[{"href":"https:\/\/www.tuasaude.com\/news\/wp-json\/wp\/v2\/types\/post"}],"author":[{"embeddable":true,"href":"https:\/\/www.tuasaude.com\/news\/wp-json\/wp\/v2\/users\/11"}],"replies":[{"embeddable":true,"href":"https:\/\/www.tuasaude.com\/news\/wp-json\/wp\/v2\/comments?post=6452"}],"version-history":[{"count":2,"href":"https:\/\/www.tuasaude.com\/news\/wp-json\/wp\/v2\/posts\/6452\/revisions"}],"predecessor-version":[{"id":6636,"href":"https:\/\/www.tuasaude.com\/news\/wp-json\/wp\/v2\/posts\/6452\/revisions\/6636"}],"wp:featuredmedia":[{"embeddable":true,"href":"https:\/\/www.tuasaude.com\/news\/wp-json\/wp\/v2\/media\/6580"}],"wp:attachment":[{"href":"https:\/\/www.tuasaude.com\/news\/wp-json\/wp\/v2\/media?parent=6452"}],"wp:term":[{"taxonomy":"category","embeddable":true,"href":"https:\/\/www.tuasaude.com\/news\/wp-json\/wp\/v2\/categories?post=6452"},{"taxonomy":"post_tag","embeddable":true,"href":"https:\/\/www.tuasaude.com\/news\/wp-json\/wp\/v2\/tags?post=6452"}],"curies":[{"name":"wp","href":"https:\/\/api.w.org\/{rel}","templated":true}]}}