{"id":5852,"date":"2026-03-04T15:00:00","date_gmt":"2026-03-04T18:00:00","guid":{"rendered":"https:\/\/www.tuasaude.com\/news\/?p=5852"},"modified":"2026-03-03T22:41:07","modified_gmt":"2026-03-04T01:41:07","slug":"habitos-do-dia-a-dia-que-aumentam-o-risco-de-demencia-sem-voce-perceber","status":"publish","type":"post","link":"https:\/\/www.tuasaude.com\/news\/2026\/03\/04\/habitos-do-dia-a-dia-que-aumentam-o-risco-de-demencia-sem-voce-perceber\/","title":{"rendered":"H\u00e1bitos do dia a dia que aumentam o risco de dem\u00eancia sem voc\u00ea perceber"},"content":{"rendered":"\n<p>Muitas atividades que fazemos durante o tempo livre parecem inofensivas, mas podem estar prejudicando silenciosamente a sa\u00fade do c\u00e9rebro. Uma pesquisa da Universidade do Sul da Austr\u00e1lia revelou que nem tudo o que fazemos para relaxar protege a mente, e algumas pr\u00e1ticas cotidianas, como assistir televis\u00e3o por muitas horas, podem aumentar o risco de desenvolver <strong><a href=\"https:\/\/www.tuasaude.com\/demencia\/\" target=\"_blank\" rel=\"noreferrer noopener\">dem\u00eancia<\/a><\/strong> no futuro. A boa not\u00edcia \u00e9 que pequenas mudan\u00e7as na rotina podem fazer uma grande diferen\u00e7a na prote\u00e7\u00e3o cerebral a longo prazo.<\/p>\n\n\n\n<h2 class=\"wp-block-heading\">Por que nem toda atividade de lazer protege o c\u00e9rebro da dem\u00eancia?<\/h2>\n\n\n\n<p>O estudo australiano acompanhou 397 adultos mais velhos durante per\u00edodos de 24 horas para entender como as atividades do dia a dia influenciam o funcionamento cognitivo. Os pesquisadores descobriram que <strong><a href=\"https:\/\/www.tuasaude.com\/consequencias-do-sedentarismo\/\" target=\"_blank\" rel=\"noreferrer noopener\">atividades sedent\u00e1rias<\/a><\/strong> que envolvem est\u00edmulo mental ou intera\u00e7\u00e3o social, como ler, fazer trabalhos manuais, ouvir m\u00fasica ou conversar com amigos, s\u00e3o ben\u00e9ficas para o c\u00e9rebro.<\/p>\n\n\n\n<p>Por outro lado, passar muitas horas assistindo televis\u00e3o ou jogando videogame apresentou efeito negativo sobre a sa\u00fade cerebral. A diferen\u00e7a est\u00e1 no tipo de est\u00edmulo que cada atividade oferece: enquanto a leitura e a conversa exigem que o c\u00e9rebro processe, interprete e responda ativamente, a televis\u00e3o promove uma recep\u00e7\u00e3o passiva de informa\u00e7\u00f5es que pouco exercita as fun\u00e7\u00f5es cognitivas.<\/p>\n\n\n\n<h2 class=\"wp-block-heading\">Revis\u00e3o sistem\u00e1tica confirma que assistir televis\u00e3o em excesso prejudica a cogni\u00e7\u00e3o<\/h2>\n\n\n\n<p>A rela\u00e7\u00e3o entre o tempo de tela e o decl\u00ednio cognitivo foi confirmada em larga escala. Segundo a revis\u00e3o sistem\u00e1tica e metan\u00e1lise dose-resposta\u00a0<em>&#8220;<\/em><strong><a href=\"https:\/\/journals.plos.org\/plosone\/article?id=10.1371\/journal.pone.0323863\" target=\"_blank\" rel=\"noreferrer noopener\">Assistir televis\u00e3o e seus efeitos cognitivos em adultos e idosos: uma revis\u00e3o sistem\u00e1tica e metan\u00e1lise de dose-resposta de estudos observacionais&#8221;<\/a><\/strong>, publicada na revista\u00a0<strong>PLOS ONE<\/strong>, a an\u00e1lise de 35 estudos com mais de 1,2 milh\u00e3o de participantes mostrou uma associa\u00e7\u00e3o significativa entre assistir televis\u00e3o por 4 horas ou mais por dia e o aumento do risco de comprometimento cognitivo. A pesquisa revelou que o impacto cresce de forma progressiva: quanto mais horas diante da tela, maior o preju\u00edzo \u00e0 mem\u00f3ria e \u00e0s fun\u00e7\u00f5es mentais. <\/p>\n\n\n<div class=\"wp-block-image\">\n<figure class=\"aligncenter size-large\"><img decoding=\"async\" width=\"1024\" height=\"571\" src=\"https:\/\/www.tuasaude.com\/news\/wp-content\/uploads\/2026\/03\/creation_2500662010-1024x571.png\" alt=\"H\u00e1bitos do dia a dia que aumentam o risco de dem\u00eancia sem voc\u00ea perceber\" class=\"wp-image-6163\" srcset=\"https:\/\/www.tuasaude.com\/news\/wp-content\/uploads\/2026\/03\/creation_2500662010-1024x571.png 1024w, https:\/\/www.tuasaude.com\/news\/wp-content\/uploads\/2026\/03\/creation_2500662010-300x167.png 300w, https:\/\/www.tuasaude.com\/news\/wp-content\/uploads\/2026\/03\/creation_2500662010-768x428.png 768w, https:\/\/www.tuasaude.com\/news\/wp-content\/uploads\/2026\/03\/creation_2500662010-750x418.png 750w, https:\/\/www.tuasaude.com\/news\/wp-content\/uploads\/2026\/03\/creation_2500662010-1140x636.png 1140w, https:\/\/www.tuasaude.com\/news\/wp-content\/uploads\/2026\/03\/creation_2500662010.png 1280w\" sizes=\"(max-width: 1024px) 100vw, 1024px\" \/><figcaption class=\"wp-element-caption\">Atividades passivas estimulam menos as fun\u00e7\u00f5es cognitivas.<\/figcaption><\/figure>\n<\/div>\n\n\n<h2 class=\"wp-block-heading\">Quais h\u00e1bitos do dia a dia aumentam o risco de dem\u00eancia?<\/h2>\n\n\n\n<p>Alguns comportamentos que parecem normais na rotina podem contribuir para o enfraquecimento progressivo das fun\u00e7\u00f5es cerebrais, especialmente quando se tornam predominantes no tempo livre. Os principais h\u00e1bitos que merecem aten\u00e7\u00e3o s\u00e3o:<\/p>\n\n\n\n<ul class=\"wp-block-list\">\n<li><strong>Assistir televis\u00e3o por muitas horas seguidas:<\/strong>&nbsp;\u00e9 uma das atividades mais associadas ao decl\u00ednio cognitivo por combinar sedentarismo com baixa estimula\u00e7\u00e3o mental ativa.<\/li>\n\n\n\n<li><strong>Permanecer sentado por longos per\u00edodos sem intera\u00e7\u00e3o social:<\/strong>&nbsp;o isolamento somado \u00e0 inatividade f\u00edsica acelera a perda de conex\u00f5es entre os neur\u00f4nios.<\/li>\n\n\n\n<li><strong>Evitar atividades que desafiem a mente:<\/strong>\u00a0quando a rotina n\u00e3o inclui leitura, <strong><a href=\"https:\/\/www.tuasaude.com\/jogos-para-estimular-o-cerebro\/\" target=\"_blank\" rel=\"noreferrer noopener\">jogos de racioc\u00ednio<\/a><\/strong> ou aprendizado de coisas novas, o c\u00e9rebro perde est\u00edmulos essenciais para se manter saud\u00e1vel.<\/li>\n\n\n\n<li><strong>Substituir conversas presenciais por consumo passivo de conte\u00fado:<\/strong>&nbsp;a intera\u00e7\u00e3o social ativa protege \u00e1reas do c\u00e9rebro ligadas \u00e0 mem\u00f3ria e ao racioc\u00ednio, algo que o consumo passivo de m\u00eddia n\u00e3o oferece.<\/li>\n<\/ul>\n\n\n\n<h2 class=\"wp-block-heading\">Atividades simples que ajudam a proteger a mem\u00f3ria e prevenir a dem\u00eancia<\/h2>\n\n\n\n<p>A pesquisa australiana refor\u00e7a que n\u00e3o \u00e9 necess\u00e1rio fazer mudan\u00e7as radicais para cuidar da sa\u00fade cerebral. Pequenas substitui\u00e7\u00f5es na rotina j\u00e1 produzem benef\u00edcios significativos. Algumas pr\u00e1ticas que favorecem a prote\u00e7\u00e3o cognitiva incluem:<\/p>\n\n\n\n<style>\n.tabela-cerebro {\n  width: 100%;\n  max-width: 950px;\n  border-collapse: collapse;\n  font-family: Arial, sans-serif;\n  font-size: 14px;\n  margin: 20px 0;\n  border-radius: 14px;\n  overflow: hidden;\n  box-shadow: 0 4px 14px rgba(0,0,0,0.08);\n}\n\n.tabela-cerebro thead {\n  background: linear-gradient(90deg, #2b9348, #55a630);\n  color: #ffffff;\n  text-align: left;\n}\n\n.tabela-cerebro th {\n  padding: 12px;\n  font-weight: 600;\n}\n\n.tabela-cerebro td {\n  padding: 10px 12px;\n  border-bottom: 1px solid #e6f4ea;\n  vertical-align: top;\n}\n\n.tabela-cerebro tr:nth-child(even) td {\n  background-color: #f4fbf6;\n}\n\n.tabela-cerebro tr:nth-child(odd) td {\n  background-color: #ffffff;\n}\n\n.tabela-cerebro tr:hover td {\n  background-color: #e1f3e7;\n  transition: 0.3s;\n}\n\n.habito {\n  font-weight: bold;\n  color: #1b4332;\n}\n\n.beneficio {\n  color: #344e41;\n}\n<\/style>\n\n<table class=\"tabela-cerebro\">\n  <thead>\n    <tr>\n      <th>\ud83e\udde0 H\u00e1bito<\/th>\n      <th>\ud83d\udccc Como praticar<\/th>\n      <th>\u2728 Benef\u00edcio cognitivo<\/th>\n    <\/tr>\n  <\/thead>\n  <tbody>\n    <tr>\n      <td class=\"habito\">Ler 30 minutos por dia<\/td>\n      <td>Reservar um per\u00edodo di\u00e1rio para leitura cont\u00ednua e sem distra\u00e7\u00f5es.<\/td>\n      <td class=\"beneficio\">Ativa m\u00faltiplas \u00e1reas cerebrais, fortalecendo mem\u00f3ria e concentra\u00e7\u00e3o.<\/td>\n    <\/tr>\n    <tr>\n      <td class=\"habito\">Manter conversas regulares<\/td>\n      <td>Interagir com amigos e familiares presencialmente ou por chamada.<\/td>\n      <td class=\"beneficio\">Estimula linguagem, aten\u00e7\u00e3o e racioc\u00ednio l\u00f3gico.<\/td>\n    <\/tr>\n    <tr>\n      <td class=\"habito\">Praticar trabalhos manuais<\/td>\n      <td>Realizar atividades como tric\u00f4, pintura, artesanato ou jardinagem.<\/td>\n      <td class=\"beneficio\">Exercita coordena\u00e7\u00e3o, planejamento e criatividade.<\/td>\n    <\/tr>\n    <tr>\n      <td class=\"habito\">Fazer caminhadas curtas<\/td>\n      <td>Levantar-se por pelo menos 5 minutos entre per\u00edodos prolongados sentado.<\/td>\n      <td class=\"beneficio\">Melhora a circula\u00e7\u00e3o cerebral e a clareza mental.<\/td>\n    <\/tr>\n  <\/tbody>\n<\/table>\n\n\n\n<h2 class=\"wp-block-heading\">Quando procurar avalia\u00e7\u00e3o profissional para a sa\u00fade cerebral?<\/h2>\n\n\n\n<p>Esquecimentos frequentes, dificuldade para acompanhar conversas ou desorienta\u00e7\u00e3o em tarefas simples do cotidiano podem ser sinais iniciais de comprometimento cognitivo. Embora algum grau de esquecimento seja natural com o <strong><a href=\"https:\/\/www.tuasaude.com\/envelhecimento\/\" target=\"_blank\" rel=\"noreferrer noopener\">envelhecimento<\/a><\/strong>, mudan\u00e7as persistentes no funcionamento da mem\u00f3ria ou do racioc\u00ednio merecem investiga\u00e7\u00e3o m\u00e9dica.<\/p>\n\n\n\n<p>Se voc\u00ea percebe altera\u00e7\u00f5es na capacidade de concentra\u00e7\u00e3o, na mem\u00f3ria recente ou no desempenho de atividades habituais, procure um neurologista ou geriatra para uma avalia\u00e7\u00e3o completa. O diagn\u00f3stico precoce permite interven\u00e7\u00f5es que podem retardar a progress\u00e3o do decl\u00ednio cognitivo e preservar a qualidade de vida por mais tempo.<\/p>\n","protected":false},"excerpt":{"rendered":"<p>Muitas atividades que fazemos durante o tempo livre parecem inofensivas, mas podem estar prejudicando silenciosamente a sa\u00fade do c\u00e9rebro. Uma pesquisa da Universidade do Sul da Austr\u00e1lia revelou que nem tudo o que fazemos para relaxar protege a mente, e algumas pr\u00e1ticas cotidianas, como assistir televis\u00e3o por muitas horas, podem aumentar o risco de desenvolver [&hellip;]<\/p>\n","protected":false},"author":9,"featured_media":6162,"comment_status":"open","ping_status":"open","sticky":false,"template":"","format":"standard","meta":{"_yoast_wpseo_focuskw":"dem\u00eancia","_yoast_wpseo_title":"","_yoast_wpseo_metadesc":"Pequenas mudan\u00e7as na rotina ajudam a proteger a mem\u00f3ria e reduzir o risco de dem\u00eancia a longo prazo. Saiba quais h\u00e1bitos podem prejudicar!","jnews-multi-image_gallery":[],"jnews_single_post":{"format":"standard"},"jnews_primary_category":[],"jnews_social_meta":[],"jnews_override_counter":[],"footnotes":""},"categories":[111],"tags":[1696,1294,1328,1018],"class_list":["post-5852","post","type-post","status-publish","format-standard","has-post-thumbnail","hentry","category-saude","tag-assistir-televisao-e-demencia","tag-declinio-cognitivo","tag-demencia","tag-saude-cerebral"],"yoast_head":"<!-- This site is optimized with the Yoast SEO plugin v26.7 - https:\/\/yoast.com\/wordpress\/plugins\/seo\/ -->\n<title>H\u00e1bitos do dia a dia que aumentam o risco de dem\u00eancia sem voc\u00ea perceber - Tua Sa\u00fade<\/title>\n<meta name=\"description\" content=\"Pequenas mudan\u00e7as na rotina ajudam a proteger a mem\u00f3ria e reduzir o risco de dem\u00eancia a longo prazo. Saiba quais h\u00e1bitos podem prejudicar!\" \/>\n<meta name=\"robots\" content=\"index, follow, max-snippet:-1, max-image-preview:large, max-video-preview:-1\" \/>\n<link rel=\"canonical\" href=\"https:\/\/www.tuasaude.com\/news\/2026\/03\/04\/habitos-do-dia-a-dia-que-aumentam-o-risco-de-demencia-sem-voce-perceber\/\" \/>\n<meta property=\"og:locale\" content=\"pt_BR\" \/>\n<meta property=\"og:type\" content=\"article\" \/>\n<meta property=\"og:title\" content=\"H\u00e1bitos do dia a dia que aumentam o risco de dem\u00eancia sem voc\u00ea perceber - Tua Sa\u00fade\" \/>\n<meta property=\"og:description\" content=\"Pequenas mudan\u00e7as na rotina ajudam a proteger a mem\u00f3ria e reduzir o risco de dem\u00eancia a longo prazo. Saiba quais h\u00e1bitos podem prejudicar!\" \/>\n<meta property=\"og:url\" content=\"https:\/\/www.tuasaude.com\/news\/2026\/03\/04\/habitos-do-dia-a-dia-que-aumentam-o-risco-de-demencia-sem-voce-perceber\/\" \/>\n<meta property=\"og:site_name\" content=\"Tua Sa\u00fade\" \/>\n<meta property=\"article:published_time\" content=\"2026-03-04T18:00:00+00:00\" \/>\n<meta property=\"og:image\" content=\"https:\/\/www.tuasaude.com\/news\/wp-content\/uploads\/2026\/03\/creation_2500661587.png\" \/>\n\t<meta property=\"og:image:width\" content=\"1280\" \/>\n\t<meta property=\"og:image:height\" content=\"714\" \/>\n\t<meta property=\"og:image:type\" content=\"image\/png\" \/>\n<meta name=\"author\" content=\"Roberta Patriota\" \/>\n<meta name=\"twitter:card\" content=\"summary_large_image\" \/>\n<meta name=\"twitter:label1\" content=\"Escrito por\" \/>\n\t<meta name=\"twitter:data1\" content=\"Roberta Patriota\" \/>\n\t<meta name=\"twitter:label2\" content=\"Est. tempo de leitura\" \/>\n\t<meta name=\"twitter:data2\" content=\"5 minutos\" \/>\n<!-- \/ Yoast SEO plugin. -->","yoast_head_json":{"title":"H\u00e1bitos do dia a dia que aumentam o risco de dem\u00eancia sem voc\u00ea perceber - Tua Sa\u00fade","description":"Pequenas mudan\u00e7as na rotina ajudam a proteger a mem\u00f3ria e reduzir o risco de dem\u00eancia a longo prazo. Saiba quais h\u00e1bitos podem prejudicar!","robots":{"index":"index","follow":"follow","max-snippet":"max-snippet:-1","max-image-preview":"max-image-preview:large","max-video-preview":"max-video-preview:-1"},"canonical":"https:\/\/www.tuasaude.com\/news\/2026\/03\/04\/habitos-do-dia-a-dia-que-aumentam-o-risco-de-demencia-sem-voce-perceber\/","og_locale":"pt_BR","og_type":"article","og_title":"H\u00e1bitos do dia a dia que aumentam o risco de dem\u00eancia sem voc\u00ea perceber - Tua Sa\u00fade","og_description":"Pequenas mudan\u00e7as na rotina ajudam a proteger a mem\u00f3ria e reduzir o risco de dem\u00eancia a longo prazo. Saiba quais h\u00e1bitos podem prejudicar!","og_url":"https:\/\/www.tuasaude.com\/news\/2026\/03\/04\/habitos-do-dia-a-dia-que-aumentam-o-risco-de-demencia-sem-voce-perceber\/","og_site_name":"Tua Sa\u00fade","article_published_time":"2026-03-04T18:00:00+00:00","og_image":[{"width":1280,"height":714,"url":"https:\/\/www.tuasaude.com\/news\/wp-content\/uploads\/2026\/03\/creation_2500661587.png","type":"image\/png"}],"author":"Roberta Patriota","twitter_card":"summary_large_image","twitter_misc":{"Escrito por":"Roberta Patriota","Est. tempo de leitura":"5 minutos"},"schema":{"@context":"https:\/\/schema.org","@graph":[{"@type":"Article","@id":"https:\/\/www.tuasaude.com\/news\/2026\/03\/04\/habitos-do-dia-a-dia-que-aumentam-o-risco-de-demencia-sem-voce-perceber\/#article","isPartOf":{"@id":"https:\/\/www.tuasaude.com\/news\/2026\/03\/04\/habitos-do-dia-a-dia-que-aumentam-o-risco-de-demencia-sem-voce-perceber\/"},"author":{"name":"Roberta Patriota","@id":"https:\/\/www.tuasaude.com\/news\/#\/schema\/person\/27adc41011393316b12ef997ca893e44"},"headline":"H\u00e1bitos do dia a dia que aumentam o risco de dem\u00eancia sem voc\u00ea perceber","datePublished":"2026-03-04T18:00:00+00:00","mainEntityOfPage":{"@id":"https:\/\/www.tuasaude.com\/news\/2026\/03\/04\/habitos-do-dia-a-dia-que-aumentam-o-risco-de-demencia-sem-voce-perceber\/"},"wordCount":824,"commentCount":0,"image":{"@id":"https:\/\/www.tuasaude.com\/news\/2026\/03\/04\/habitos-do-dia-a-dia-que-aumentam-o-risco-de-demencia-sem-voce-perceber\/#primaryimage"},"thumbnailUrl":"https:\/\/www.tuasaude.com\/news\/wp-content\/uploads\/2026\/03\/creation_2500661587.png","keywords":["assistir televis\u00e3o e dem\u00eancia","decl\u00ednio cognitivo","dem\u00eancia","sa\u00fade cerebral"],"articleSection":["Sa\u00fade"],"inLanguage":"pt-BR","potentialAction":[{"@type":"CommentAction","name":"Comment","target":["https:\/\/www.tuasaude.com\/news\/2026\/03\/04\/habitos-do-dia-a-dia-que-aumentam-o-risco-de-demencia-sem-voce-perceber\/#respond"]}]},{"@type":"WebPage","@id":"https:\/\/www.tuasaude.com\/news\/2026\/03\/04\/habitos-do-dia-a-dia-que-aumentam-o-risco-de-demencia-sem-voce-perceber\/","url":"https:\/\/www.tuasaude.com\/news\/2026\/03\/04\/habitos-do-dia-a-dia-que-aumentam-o-risco-de-demencia-sem-voce-perceber\/","name":"H\u00e1bitos do dia a dia que aumentam o risco de dem\u00eancia sem voc\u00ea perceber - Tua Sa\u00fade","isPartOf":{"@id":"https:\/\/www.tuasaude.com\/news\/#website"},"primaryImageOfPage":{"@id":"https:\/\/www.tuasaude.com\/news\/2026\/03\/04\/habitos-do-dia-a-dia-que-aumentam-o-risco-de-demencia-sem-voce-perceber\/#primaryimage"},"image":{"@id":"https:\/\/www.tuasaude.com\/news\/2026\/03\/04\/habitos-do-dia-a-dia-que-aumentam-o-risco-de-demencia-sem-voce-perceber\/#primaryimage"},"thumbnailUrl":"https:\/\/www.tuasaude.com\/news\/wp-content\/uploads\/2026\/03\/creation_2500661587.png","datePublished":"2026-03-04T18:00:00+00:00","author":{"@id":"https:\/\/www.tuasaude.com\/news\/#\/schema\/person\/27adc41011393316b12ef997ca893e44"},"description":"Pequenas mudan\u00e7as na rotina ajudam a proteger a mem\u00f3ria e reduzir o risco de dem\u00eancia a longo prazo. Saiba quais h\u00e1bitos podem prejudicar!","breadcrumb":{"@id":"https:\/\/www.tuasaude.com\/news\/2026\/03\/04\/habitos-do-dia-a-dia-que-aumentam-o-risco-de-demencia-sem-voce-perceber\/#breadcrumb"},"inLanguage":"pt-BR","potentialAction":[{"@type":"ReadAction","target":["https:\/\/www.tuasaude.com\/news\/2026\/03\/04\/habitos-do-dia-a-dia-que-aumentam-o-risco-de-demencia-sem-voce-perceber\/"]}]},{"@type":"ImageObject","inLanguage":"pt-BR","@id":"https:\/\/www.tuasaude.com\/news\/2026\/03\/04\/habitos-do-dia-a-dia-que-aumentam-o-risco-de-demencia-sem-voce-perceber\/#primaryimage","url":"https:\/\/www.tuasaude.com\/news\/wp-content\/uploads\/2026\/03\/creation_2500661587.png","contentUrl":"https:\/\/www.tuasaude.com\/news\/wp-content\/uploads\/2026\/03\/creation_2500661587.png","width":1280,"height":714,"caption":"Assistir televis\u00e3o por muitas horas pode prejudicar a sa\u00fade do c\u00e9rebro."},{"@type":"BreadcrumbList","@id":"https:\/\/www.tuasaude.com\/news\/2026\/03\/04\/habitos-do-dia-a-dia-que-aumentam-o-risco-de-demencia-sem-voce-perceber\/#breadcrumb","itemListElement":[{"@type":"ListItem","position":1,"name":"In\u00edcio","item":"https:\/\/www.tuasaude.com\/news\/"},{"@type":"ListItem","position":2,"name":"H\u00e1bitos do dia a dia que aumentam o risco de dem\u00eancia sem voc\u00ea perceber"}]},{"@type":"WebSite","@id":"https:\/\/www.tuasaude.com\/news\/#website","url":"https:\/\/www.tuasaude.com\/news\/","name":"Tua Sa\u00fade","description":"Seu site de sa\u00fade","potentialAction":[{"@type":"SearchAction","target":{"@type":"EntryPoint","urlTemplate":"https:\/\/www.tuasaude.com\/news\/?s={search_term_string}"},"query-input":{"@type":"PropertyValueSpecification","valueRequired":true,"valueName":"search_term_string"}}],"inLanguage":"pt-BR"},{"@type":"Person","@id":"https:\/\/www.tuasaude.com\/news\/#\/schema\/person\/27adc41011393316b12ef997ca893e44","name":"Roberta Patriota","image":{"@type":"ImageObject","inLanguage":"pt-BR","@id":"https:\/\/www.tuasaude.com\/news\/#\/schema\/person\/image\/","url":"https:\/\/secure.gravatar.com\/avatar\/40fc934d21bfa38a60909bb2e5f2ec503dcd4d849aa772e107feb32efe75c210?s=96&d=mm&r=g","contentUrl":"https:\/\/secure.gravatar.com\/avatar\/40fc934d21bfa38a60909bb2e5f2ec503dcd4d849aa772e107feb32efe75c210?s=96&d=mm&r=g","caption":"Roberta Patriota"},"sameAs":["https:\/\/www.tuasaude.com\/news\/"],"url":"https:\/\/www.tuasaude.com\/news\/author\/roberta-patriota\/"}]}},"_links":{"self":[{"href":"https:\/\/www.tuasaude.com\/news\/wp-json\/wp\/v2\/posts\/5852","targetHints":{"allow":["GET"]}}],"collection":[{"href":"https:\/\/www.tuasaude.com\/news\/wp-json\/wp\/v2\/posts"}],"about":[{"href":"https:\/\/www.tuasaude.com\/news\/wp-json\/wp\/v2\/types\/post"}],"author":[{"embeddable":true,"href":"https:\/\/www.tuasaude.com\/news\/wp-json\/wp\/v2\/users\/9"}],"replies":[{"embeddable":true,"href":"https:\/\/www.tuasaude.com\/news\/wp-json\/wp\/v2\/comments?post=5852"}],"version-history":[{"count":3,"href":"https:\/\/www.tuasaude.com\/news\/wp-json\/wp\/v2\/posts\/5852\/revisions"}],"predecessor-version":[{"id":6218,"href":"https:\/\/www.tuasaude.com\/news\/wp-json\/wp\/v2\/posts\/5852\/revisions\/6218"}],"wp:featuredmedia":[{"embeddable":true,"href":"https:\/\/www.tuasaude.com\/news\/wp-json\/wp\/v2\/media\/6162"}],"wp:attachment":[{"href":"https:\/\/www.tuasaude.com\/news\/wp-json\/wp\/v2\/media?parent=5852"}],"wp:term":[{"taxonomy":"category","embeddable":true,"href":"https:\/\/www.tuasaude.com\/news\/wp-json\/wp\/v2\/categories?post=5852"},{"taxonomy":"post_tag","embeddable":true,"href":"https:\/\/www.tuasaude.com\/news\/wp-json\/wp\/v2\/tags?post=5852"}],"curies":[{"name":"wp","href":"https:\/\/api.w.org\/{rel}","templated":true}]}}