{"id":580,"date":"2026-01-15T16:30:00","date_gmt":"2026-01-15T19:30:00","guid":{"rendered":"https:\/\/www.tuasaude.com\/news\/?p=580"},"modified":"2026-01-15T14:49:17","modified_gmt":"2026-01-15T17:49:17","slug":"pessoas-cansadas-o-tempo-todo-geralmente-tem-deficiencia-dessas-vitaminas-e-minerais","status":"publish","type":"post","link":"https:\/\/www.tuasaude.com\/news\/2026\/01\/15\/pessoas-cansadas-o-tempo-todo-geralmente-tem-deficiencia-dessas-vitaminas-e-minerais\/","title":{"rendered":"Pessoas cansadas o tempo todo geralmente t\u00eam defici\u00eancia dessas vitaminas e minerais"},"content":{"rendered":"\n<p>Alimentos ricos em nutrientes espec\u00edficos combatem efetivamente o cansa\u00e7o ao fornecer vitaminas e minerais essenciais para produ\u00e7\u00e3o de energia celular. <a href=\"https:\/\/pmc.ncbi.nlm.nih.gov\/articles\/PMC7019700\/\" target=\"_blank\" rel=\"noreferrer noopener\">Segundo revis\u00e3o publicada no peri\u00f3dico Nutrients<\/a>, nove vitaminas do complexo B, vitamina C, ferro, magn\u00e9sio e zinco desempenham pap\u00e9is fundamentais no metabolismo energ\u00e9tico e redu\u00e7\u00e3o da fadiga f\u00edsica e mental.<\/p>\n\n\n\n<h2 class=\"wp-block-heading\">Como os alimentos ajudam a combater o cansa\u00e7o?<\/h2>\n\n\n\n<p>Nutrientes presentes em alimentos espec\u00edficos participam diretamente das rea\u00e7\u00f5es bioqu\u00edmicas que geram energia nas c\u00e9lulas. Vitaminas do complexo B convertem carboidratos, prote\u00ednas e gorduras em ATP, a mol\u00e9cula que fornece energia para todas as fun\u00e7\u00f5es corporais.<\/p>\n\n\n\n<p>Minerais como ferro e magn\u00e9sio transportam oxig\u00eanio para tecidos e m\u00fasculos, prevenindo fadiga causada por defici\u00eancias nutricionais. Conforme revis\u00e3o no peri\u00f3dico Nutrients, defici\u00eancia de ferro reduz capacidade de trabalho entre 10% e 30% em trabalhadores agr\u00edcolas, demonstrando impacto direto na energia f\u00edsica.<\/p>\n\n\n<div class=\"wp-block-image\">\n<figure class=\"aligncenter size-large\"><img decoding=\"async\" width=\"1024\" height=\"571\" src=\"https:\/\/www.tuasaude.com\/news\/wp-content\/uploads\/2026\/01\/freepik__crie-um-infogrfico-horizontal-intitulado10-aliment__49826-1024x571.png\" alt=\"Pessoas cansadas o tempo todo geralmente t\u00eam defici\u00eancia dessas vitaminas e minerais\" class=\"wp-image-639\" srcset=\"https:\/\/www.tuasaude.com\/news\/wp-content\/uploads\/2026\/01\/freepik__crie-um-infogrfico-horizontal-intitulado10-aliment__49826-1024x571.png 1024w, https:\/\/www.tuasaude.com\/news\/wp-content\/uploads\/2026\/01\/freepik__crie-um-infogrfico-horizontal-intitulado10-aliment__49826-300x167.png 300w, https:\/\/www.tuasaude.com\/news\/wp-content\/uploads\/2026\/01\/freepik__crie-um-infogrfico-horizontal-intitulado10-aliment__49826-768x428.png 768w, https:\/\/www.tuasaude.com\/news\/wp-content\/uploads\/2026\/01\/freepik__crie-um-infogrfico-horizontal-intitulado10-aliment__49826-750x418.png 750w, https:\/\/www.tuasaude.com\/news\/wp-content\/uploads\/2026\/01\/freepik__crie-um-infogrfico-horizontal-intitulado10-aliment__49826-1140x636.png 1140w, https:\/\/www.tuasaude.com\/news\/wp-content\/uploads\/2026\/01\/freepik__crie-um-infogrfico-horizontal-intitulado10-aliment__49826.png 1280w\" sizes=\"(max-width: 1024px) 100vw, 1024px\" \/><figcaption class=\"wp-element-caption\">Nutrientes presentes em alimentos espec\u00edficos participam diretamente das rea\u00e7\u00f5es bioqu\u00edmicas que geram energia nas c\u00e9lulas<\/figcaption><\/figure>\n<\/div>\n\n\n<h2 class=\"wp-block-heading\">Quais os 10 melhores alimentos energ\u00e9ticos para o dia a dia?<\/h2>\n\n\n\n<p>Incorporar <a href=\"https:\/\/www.tuasaude.com\/alimentos-que-combatem-o-cansaco\/\" target=\"_blank\" rel=\"noreferrer noopener\">alimentos naturalmente energ\u00e9ticos<\/a> nas refei\u00e7\u00f5es di\u00e1rias fornece nutrientes essenciais sem necessidade de suplementa\u00e7\u00e3o. Estes alimentos combinam carboidratos complexos, prote\u00ednas de qualidade e micronutrientes espec\u00edficos para energia sustentada.<\/p>\n\n\n\n<!-- \u26a1\u2744\ufe0f Painel: Alimentos energ\u00e9ticos -->\n<section class=\"tusaude-energia-alimentos\">\n\n<style>\n.tusaude-energia-alimentos{\n  --bg:#ffffff;\n  --tile:#f0f9ff;\n  --text:#0f172a;\n  --muted:#475569;\n  --primary:#0284c7;\n  --border:#bae6fd;\n  --radius:14px;\n  --shadow:0 6px 18px rgba(2,132,199,.14);\n\n  margin:2rem 0;\n  font-family:\"Poppins\",sans-serif;\n}\n\n.tusaude-energia-alimentos h3{\n  font-size:1.35rem;\n  font-weight:800;\n  color:#075985;\n  margin-bottom:1.1rem;\n}\n\n\/* grid tipo painel *\/\n.energia-grid{\n  display:grid;\n  grid-template-columns:repeat(auto-fit, minmax(220px, 1fr));\n  gap:.85rem;\n}\n\n\/* tile *\/\n.energia-tile{\n  background:var(--tile);\n  border:1px solid var(--border);\n  border-radius:var(--radius);\n  padding:.95rem 1rem;\n  box-shadow:var(--shadow);\n}\n\n\/* topo *\/\n.energia-topo{\n  display:flex;\n  justify-content:space-between;\n  align-items:center;\n  margin-bottom:.35rem;\n}\n\n.energia-nome{\n  font-weight:800;\n  color:#075985;\n  font-size:.98rem;\n}\n\n\/* selo *\/\n.energia-tag{\n  font-size:.7rem;\n  font-weight:700;\n  text-transform:uppercase;\n  letter-spacing:.04em;\n  padding:.25rem .5rem;\n  border-radius:999px;\n  background:#e0f2fe;\n  color:#0369a1;\n}\n\n\/* texto *\/\n.energia-desc{\n  font-size:.92rem;\n  color:var(--muted);\n  line-height:1.45;\n}\n\n\/* mobile ajuste *\/\n@media(max-width:600px){\n  .tusaude-energia-alimentos h3{\n    font-size:1.2rem;\n  }\n}\n<\/style>\n\n<h3>Alimentos que fornecem energia r\u00e1pida e sustentada ao longo do dia<\/h3>\n\n<div class=\"energia-grid\">\n\n  <div class=\"energia-tile\">\n    <div class=\"energia-topo\">\n      <div class=\"energia-nome\">Banana<\/div>\n      <span class=\"energia-tag\">Imediata<\/span>\n    <\/div>\n    <div class=\"energia-desc\">\n      Rica em pot\u00e1ssio, carboidratos e fibras, ajuda a prevenir fadiga muscular\n      e fornece energia r\u00e1pida.\n    <\/div>\n  <\/div>\n\n  <div class=\"energia-tile\">\n    <div class=\"energia-topo\">\n      <div class=\"energia-nome\">Aveia<\/div>\n      <span class=\"energia-tag\">Duradoura<\/span>\n    <\/div>\n    <div class=\"energia-desc\">\n      Gr\u00e3o integral com carboidratos complexos que liberam energia de forma\n      gradual ao longo do dia.\n    <\/div>\n  <\/div>\n\n  <div class=\"energia-tile\">\n    <div class=\"energia-topo\">\n      <div class=\"energia-nome\">Espinafre<\/div>\n      <span class=\"energia-tag\">Antifadiga<\/span>\n    <\/div>\n    <div class=\"energia-desc\">\n      Fonte de ferro, magn\u00e9sio e pot\u00e1ssio, minerais essenciais para reduzir\n      cansa\u00e7o f\u00edsico.\n    <\/div>\n  <\/div>\n\n  <div class=\"energia-tile\">\n    <div class=\"energia-topo\">\n      <div class=\"energia-nome\">Ovo<\/div>\n      <span class=\"energia-tag\">Celular<\/span>\n    <\/div>\n    <div class=\"energia-desc\">\n      Prote\u00edna completa com vitaminas B12, ferro e leucina,\n      importantes para produ\u00e7\u00e3o de energia celular.\n    <\/div>\n  <\/div>\n\n  <div class=\"energia-tile\">\n    <div class=\"energia-topo\">\n      <div class=\"energia-nome\">Abacate<\/div>\n      <span class=\"energia-tag\">Sustentada<\/span>\n    <\/div>\n    <div class=\"energia-desc\">\n      Rico em gorduras saud\u00e1veis, magn\u00e9sio e vitaminas do complexo B\n      que sustentam o metabolismo energ\u00e9tico.\n    <\/div>\n  <\/div>\n\n  <div class=\"energia-tile\">\n    <div class=\"energia-topo\">\n      <div class=\"energia-nome\">Laranja<\/div>\n      <span class=\"energia-tag\">Apoio<\/span>\n    <\/div>\n    <div class=\"energia-desc\">\n      Fonte de vitamina C, auxilia na absor\u00e7\u00e3o do ferro\n      e contribui para produ\u00e7\u00e3o eficiente de energia.\n    <\/div>\n  <\/div>\n\n  <div class=\"energia-tile\">\n    <div class=\"energia-topo\">\n      <div class=\"energia-nome\">Castanha-do-par\u00e1<\/div>\n      <span class=\"energia-tag\">Muscular<\/span>\n    <\/div>\n    <div class=\"energia-desc\">\n      Oleaginosa rica em magn\u00e9sio e sel\u00eanio,\n      fundamentais para fun\u00e7\u00e3o muscular adequada.\n    <\/div>\n  <\/div>\n\n  <div class=\"energia-tile\">\n    <div class=\"energia-topo\">\n      <div class=\"energia-nome\">Salm\u00e3o<\/div>\n      <span class=\"energia-tag\">Recupera\u00e7\u00e3o<\/span>\n    <\/div>\n    <div class=\"energia-desc\">\n      Cont\u00e9m \u00f4mega-3, vitamina D e vitaminas B,\n      ajudando a reduzir fadiga e inflama\u00e7\u00e3o.\n    <\/div>\n  <\/div>\n\n  <div class=\"energia-tile\">\n    <div class=\"energia-topo\">\n      <div class=\"energia-nome\">Quinoa<\/div>\n      <span class=\"energia-tag\">Equil\u00edbrio<\/span>\n    <\/div>\n    <div class=\"energia-desc\">\n      Pseudocereal com prote\u00ednas completas,\n      magn\u00e9sio e carboidratos de digest\u00e3o lenta.\n    <\/div>\n  <\/div>\n\n  <div class=\"energia-tile\">\n    <div class=\"energia-topo\">\n      <div class=\"energia-nome\">Chocolate amargo<\/div>\n      <span class=\"energia-tag\">Foco<\/span>\n    <\/div>\n    <div class=\"energia-desc\">\n      Fonte concentrada de magn\u00e9sio,\n      favorece a produ\u00e7\u00e3o energ\u00e9tica celular e o foco mental.\n    <\/div>\n  <\/div>\n\n<\/div>\n<\/section>\n\n\n\n\n<h2 class=\"wp-block-heading\">Quais nutrientes s\u00e3o mais importantes contra a fadiga?<\/h2>\n\n\n\n<p>Vitaminas do complexo B, especialmente B12, B6 e \u00e1cido f\u00f3lico, representam nutrientes cr\u00edticos para metabolismo energ\u00e9tico eficiente. Estas vitaminas participam da produ\u00e7\u00e3o de gl\u00f3bulos vermelhos e convers\u00e3o de alimentos em energia utiliz\u00e1vel pelo organismo.<\/p>\n\n\n\n<p>Ferro constitui mineral essencial para transporte de oxig\u00eanio, prevenindo anemia, causa comum de fadiga especialmente em mulheres. Magn\u00e9sio participa de mais de 300 rea\u00e7\u00f5es bioqu\u00edmicas corporais, incluindo quebra de glicose em energia e redu\u00e7\u00e3o de cansa\u00e7o muscular.<\/p>\n\n\n<div class=\"wp-block-image\">\n<figure class=\"aligncenter size-large\"><img decoding=\"async\" width=\"1024\" height=\"585\" src=\"https:\/\/www.tuasaude.com\/news\/wp-content\/uploads\/2026\/01\/freepik__35mm-film-photography-prato-real-com-combinao-de-a__31344-1024x585.jpeg\" alt=\"Pessoas cansadas o tempo todo geralmente t\u00eam defici\u00eancia dessas vitaminas e minerais\" class=\"wp-image-618\"\/><figcaption class=\"wp-element-caption\">Nutrientes presentes em alimentos espec\u00edficos participam diretamente das rea\u00e7\u00f5es bioqu\u00edmicas que geram energia nas c\u00e9lulas<\/figcaption><\/figure>\n<\/div>\n\n\n<h2 class=\"wp-block-heading\">Quais 10 alimentos s\u00e3o ricos em vitaminas B e ferro?<\/h2>\n\n\n\n<p>Alimentos de origem animal e vegetal fornecem abund\u00e2ncia de vitaminas B e ferro quando consumidos regularmente. A combina\u00e7\u00e3o estrat\u00e9gica destes alimentos otimiza absor\u00e7\u00e3o de nutrientes e maximiza benef\u00edcios energ\u00e9ticos.<\/p>\n\n\n\n<p><strong>Fontes alimentares concentradas de vitaminas B e ferro:<\/strong><\/p>\n\n\n\n<ul class=\"wp-block-list\">\n<li><strong>Carne vermelha magra<\/strong>: fonte superior de ferro heme e vitamina B12, altamente biodispon\u00edveis<\/li>\n\n\n\n<li><strong>Frango<\/strong>: ave rica em vitaminas B6, B12 e ferro que sustentam fun\u00e7\u00e3o neurol\u00f3gica<\/li>\n\n\n\n<li><strong>Feij\u00e3o<\/strong>: leguminosa com ferro n\u00e3o-heme, folato e magn\u00e9sio para energia muscular<\/li>\n\n\n\n<li><strong>Lentilha<\/strong>: leguminosa concentrada em ferro, folato e prote\u00ednas vegetais completas<\/li>\n\n\n\n<li><strong>Gr\u00e3o-de-bico<\/strong>: rica em vitaminas B6, folato, ferro e magn\u00e9sio antifadiga<\/li>\n\n\n\n<li><strong>Br\u00f3colis<\/strong>: vegetal com ferro, vitamina C e folato para s\u00edntese energ\u00e9tica<\/li>\n\n\n\n<li><strong>Beterraba<\/strong>: raiz que melhora oxigena\u00e7\u00e3o sangu\u00ednea e fornece ferro e folato<\/li>\n\n\n\n<li><strong>Semente de girassol<\/strong>: oleaginosa com magn\u00e9sio, vitaminas B e ferro vegetal<\/li>\n\n\n\n<li><strong>Cogumelo<\/strong>: \u00fanico vegetal com vitamina D, al\u00e9m de vitaminas B2 e B3 energ\u00e9ticas<\/li>\n\n\n\n<li><strong>Iogurte natural<\/strong>: l\u00e1cteo fermentado com vitaminas B12, B2 e magn\u00e9sio para metabolismo<\/li>\n<\/ul>\n\n\n\n<h2 class=\"wp-block-heading\">Como e quando consumir estes alimentos para melhor resultado?<\/h2>\n\n\n\n<p>Distribua alimentos energ\u00e9ticos ao longo do dia em refei\u00e7\u00f5es balanceadas para manter n\u00edveis est\u00e1veis de energia. Caf\u00e9 da manh\u00e3 deve incluir carboidratos complexos e prote\u00ednas, enquanto almo\u00e7o necessita de ferro e vegetais ricos em vitamina C.<\/p>\n\n\n\n<p>Combine alimentos ricos em ferro com fontes de vitamina C na mesma refei\u00e7\u00e3o para otimizar absor\u00e7\u00e3o do mineral. Por exemplo, feij\u00e3o com suco de laranja ou carne com br\u00f3colis aumentam biodisponibilidade de ferro significativamente.<\/p>\n","protected":false},"excerpt":{"rendered":"<p>Alimentos ricos em nutrientes espec\u00edficos combatem efetivamente o cansa\u00e7o ao fornecer vitaminas e minerais essenciais para produ\u00e7\u00e3o de energia celular. Segundo revis\u00e3o publicada no peri\u00f3dico Nutrients, nove vitaminas do complexo B, vitamina C, ferro, magn\u00e9sio e zinco desempenham pap\u00e9is fundamentais no metabolismo energ\u00e9tico e redu\u00e7\u00e3o da fadiga f\u00edsica e mental. Como os alimentos ajudam a [&hellip;]<\/p>\n","protected":false},"author":7,"featured_media":617,"comment_status":"open","ping_status":"open","sticky":false,"template":"","format":"standard","meta":{"_yoast_wpseo_focuskw":"alimentos","_yoast_wpseo_title":"","_yoast_wpseo_metadesc":"Falta de ferro reduz capacidade de trabalho em 30%. Conhe\u00e7a alimentos ricos em vitaminas B e minerais que geram energia celular sem suplementa\u00e7\u00e3o","jnews-multi-image_gallery":[],"jnews_single_post":{"format":"standard"},"jnews_primary_category":[],"jnews_social_meta":[],"jnews_override_counter":[],"footnotes":""},"categories":[110],"tags":[193,119,136,194],"class_list":["post-580","post","type-post","status-publish","format-standard","has-post-thumbnail","hentry","category-nutricao","tag-cansaco","tag-minerais","tag-saude","tag-vitaminas"],"yoast_head":"<!-- This site is optimized with the Yoast SEO plugin v26.7 - https:\/\/yoast.com\/wordpress\/plugins\/seo\/ -->\n<title>Pessoas cansadas o tempo todo geralmente t\u00eam defici\u00eancia dessas vitaminas e minerais - Tua Sa\u00fade<\/title>\n<meta name=\"description\" content=\"Falta de ferro reduz capacidade de trabalho em 30%. Conhe\u00e7a alimentos ricos em vitaminas B e minerais que geram energia celular sem suplementa\u00e7\u00e3o\" \/>\n<meta name=\"robots\" content=\"index, follow, max-snippet:-1, max-image-preview:large, max-video-preview:-1\" \/>\n<link rel=\"canonical\" href=\"https:\/\/www.tuasaude.com\/news\/2026\/01\/15\/pessoas-cansadas-o-tempo-todo-geralmente-tem-deficiencia-dessas-vitaminas-e-minerais\/\" \/>\n<meta property=\"og:locale\" content=\"pt_BR\" \/>\n<meta property=\"og:type\" content=\"article\" \/>\n<meta property=\"og:title\" content=\"Pessoas cansadas o tempo todo geralmente t\u00eam defici\u00eancia dessas vitaminas e minerais - Tua Sa\u00fade\" \/>\n<meta property=\"og:description\" content=\"Falta de ferro reduz capacidade de trabalho em 30%. Conhe\u00e7a alimentos ricos em vitaminas B e minerais que geram energia celular sem suplementa\u00e7\u00e3o\" \/>\n<meta property=\"og:url\" content=\"https:\/\/www.tuasaude.com\/news\/2026\/01\/15\/pessoas-cansadas-o-tempo-todo-geralmente-tem-deficiencia-dessas-vitaminas-e-minerais\/\" \/>\n<meta property=\"og:site_name\" content=\"Tua Sa\u00fade\" \/>\n<meta property=\"article:published_time\" content=\"2026-01-15T19:30:00+00:00\" \/>\n<meta property=\"og:image\" content=\"https:\/\/www.tuasaude.com\/news\/wp-content\/uploads\/2026\/01\/freepik__35mm-film-photography-mesa-de-caf-da-manh-real-com__31343-scaled-e1768153662182.jpeg\" \/>\n\t<meta property=\"og:image:width\" content=\"1280\" \/>\n\t<meta property=\"og:image:height\" content=\"732\" \/>\n\t<meta property=\"og:image:type\" content=\"image\/jpeg\" \/>\n<meta name=\"author\" content=\"Carlos Emanoel\" \/>\n<meta name=\"twitter:card\" content=\"summary_large_image\" \/>\n<meta name=\"twitter:label1\" content=\"Escrito por\" \/>\n\t<meta name=\"twitter:data1\" content=\"Carlos Emanoel\" \/>\n\t<meta name=\"twitter:label2\" content=\"Est. tempo de leitura\" \/>\n\t<meta name=\"twitter:data2\" content=\"5 minutos\" \/>\n<!-- \/ Yoast SEO plugin. -->","yoast_head_json":{"title":"Pessoas cansadas o tempo todo geralmente t\u00eam defici\u00eancia dessas vitaminas e minerais - Tua Sa\u00fade","description":"Falta de ferro reduz capacidade de trabalho em 30%. Conhe\u00e7a alimentos ricos em vitaminas B e minerais que geram energia celular sem suplementa\u00e7\u00e3o","robots":{"index":"index","follow":"follow","max-snippet":"max-snippet:-1","max-image-preview":"max-image-preview:large","max-video-preview":"max-video-preview:-1"},"canonical":"https:\/\/www.tuasaude.com\/news\/2026\/01\/15\/pessoas-cansadas-o-tempo-todo-geralmente-tem-deficiencia-dessas-vitaminas-e-minerais\/","og_locale":"pt_BR","og_type":"article","og_title":"Pessoas cansadas o tempo todo geralmente t\u00eam defici\u00eancia dessas vitaminas e minerais - Tua Sa\u00fade","og_description":"Falta de ferro reduz capacidade de trabalho em 30%. Conhe\u00e7a alimentos ricos em vitaminas B e minerais que geram energia celular sem suplementa\u00e7\u00e3o","og_url":"https:\/\/www.tuasaude.com\/news\/2026\/01\/15\/pessoas-cansadas-o-tempo-todo-geralmente-tem-deficiencia-dessas-vitaminas-e-minerais\/","og_site_name":"Tua Sa\u00fade","article_published_time":"2026-01-15T19:30:00+00:00","og_image":[{"width":1280,"height":732,"url":"https:\/\/www.tuasaude.com\/news\/wp-content\/uploads\/2026\/01\/freepik__35mm-film-photography-mesa-de-caf-da-manh-real-com__31343-scaled-e1768153662182.jpeg","type":"image\/jpeg"}],"author":"Carlos Emanoel","twitter_card":"summary_large_image","twitter_misc":{"Escrito por":"Carlos Emanoel","Est. tempo de leitura":"5 minutos"},"schema":{"@context":"https:\/\/schema.org","@graph":[{"@type":"Article","@id":"https:\/\/www.tuasaude.com\/news\/2026\/01\/15\/pessoas-cansadas-o-tempo-todo-geralmente-tem-deficiencia-dessas-vitaminas-e-minerais\/#article","isPartOf":{"@id":"https:\/\/www.tuasaude.com\/news\/2026\/01\/15\/pessoas-cansadas-o-tempo-todo-geralmente-tem-deficiencia-dessas-vitaminas-e-minerais\/"},"author":{"name":"Carlos Emanoel","@id":"https:\/\/www.tuasaude.com\/news\/#\/schema\/person\/0209173c87289752104ffda721220a20"},"headline":"Pessoas cansadas o tempo todo geralmente t\u00eam defici\u00eancia dessas vitaminas e minerais","datePublished":"2026-01-15T19:30:00+00:00","mainEntityOfPage":{"@id":"https:\/\/www.tuasaude.com\/news\/2026\/01\/15\/pessoas-cansadas-o-tempo-todo-geralmente-tem-deficiencia-dessas-vitaminas-e-minerais\/"},"wordCount":821,"commentCount":0,"image":{"@id":"https:\/\/www.tuasaude.com\/news\/2026\/01\/15\/pessoas-cansadas-o-tempo-todo-geralmente-tem-deficiencia-dessas-vitaminas-e-minerais\/#primaryimage"},"thumbnailUrl":"https:\/\/www.tuasaude.com\/news\/wp-content\/uploads\/2026\/01\/freepik__35mm-film-photography-mesa-de-caf-da-manh-real-com__31343-scaled-e1768153662182.jpeg","keywords":["cansa\u00e7o","minerais","sa\u00fade","vitaminas"],"articleSection":["Nutri\u00e7\u00e3o"],"inLanguage":"pt-BR","potentialAction":[{"@type":"CommentAction","name":"Comment","target":["https:\/\/www.tuasaude.com\/news\/2026\/01\/15\/pessoas-cansadas-o-tempo-todo-geralmente-tem-deficiencia-dessas-vitaminas-e-minerais\/#respond"]}]},{"@type":"WebPage","@id":"https:\/\/www.tuasaude.com\/news\/2026\/01\/15\/pessoas-cansadas-o-tempo-todo-geralmente-tem-deficiencia-dessas-vitaminas-e-minerais\/","url":"https:\/\/www.tuasaude.com\/news\/2026\/01\/15\/pessoas-cansadas-o-tempo-todo-geralmente-tem-deficiencia-dessas-vitaminas-e-minerais\/","name":"Pessoas cansadas o tempo todo geralmente t\u00eam defici\u00eancia dessas vitaminas e minerais - Tua Sa\u00fade","isPartOf":{"@id":"https:\/\/www.tuasaude.com\/news\/#website"},"primaryImageOfPage":{"@id":"https:\/\/www.tuasaude.com\/news\/2026\/01\/15\/pessoas-cansadas-o-tempo-todo-geralmente-tem-deficiencia-dessas-vitaminas-e-minerais\/#primaryimage"},"image":{"@id":"https:\/\/www.tuasaude.com\/news\/2026\/01\/15\/pessoas-cansadas-o-tempo-todo-geralmente-tem-deficiencia-dessas-vitaminas-e-minerais\/#primaryimage"},"thumbnailUrl":"https:\/\/www.tuasaude.com\/news\/wp-content\/uploads\/2026\/01\/freepik__35mm-film-photography-mesa-de-caf-da-manh-real-com__31343-scaled-e1768153662182.jpeg","datePublished":"2026-01-15T19:30:00+00:00","author":{"@id":"https:\/\/www.tuasaude.com\/news\/#\/schema\/person\/0209173c87289752104ffda721220a20"},"description":"Falta de ferro reduz capacidade de trabalho em 30%. Conhe\u00e7a alimentos ricos em vitaminas B e minerais que geram energia celular sem suplementa\u00e7\u00e3o","breadcrumb":{"@id":"https:\/\/www.tuasaude.com\/news\/2026\/01\/15\/pessoas-cansadas-o-tempo-todo-geralmente-tem-deficiencia-dessas-vitaminas-e-minerais\/#breadcrumb"},"inLanguage":"pt-BR","potentialAction":[{"@type":"ReadAction","target":["https:\/\/www.tuasaude.com\/news\/2026\/01\/15\/pessoas-cansadas-o-tempo-todo-geralmente-tem-deficiencia-dessas-vitaminas-e-minerais\/"]}]},{"@type":"ImageObject","inLanguage":"pt-BR","@id":"https:\/\/www.tuasaude.com\/news\/2026\/01\/15\/pessoas-cansadas-o-tempo-todo-geralmente-tem-deficiencia-dessas-vitaminas-e-minerais\/#primaryimage","url":"https:\/\/www.tuasaude.com\/news\/wp-content\/uploads\/2026\/01\/freepik__35mm-film-photography-mesa-de-caf-da-manh-real-com__31343-scaled-e1768153662182.jpeg","contentUrl":"https:\/\/www.tuasaude.com\/news\/wp-content\/uploads\/2026\/01\/freepik__35mm-film-photography-mesa-de-caf-da-manh-real-com__31343-scaled-e1768153662182.jpeg","width":1280,"height":732,"caption":"Nutrientes presentes em alimentos espec\u00edficos participam diretamente das rea\u00e7\u00f5es bioqu\u00edmicas que geram energia nas c\u00e9lulas"},{"@type":"BreadcrumbList","@id":"https:\/\/www.tuasaude.com\/news\/2026\/01\/15\/pessoas-cansadas-o-tempo-todo-geralmente-tem-deficiencia-dessas-vitaminas-e-minerais\/#breadcrumb","itemListElement":[{"@type":"ListItem","position":1,"name":"In\u00edcio","item":"https:\/\/www.tuasaude.com\/news\/"},{"@type":"ListItem","position":2,"name":"Pessoas cansadas o tempo todo geralmente t\u00eam defici\u00eancia dessas vitaminas e minerais"}]},{"@type":"WebSite","@id":"https:\/\/www.tuasaude.com\/news\/#website","url":"https:\/\/www.tuasaude.com\/news\/","name":"Tua Sa\u00fade","description":"Seu site de sa\u00fade","potentialAction":[{"@type":"SearchAction","target":{"@type":"EntryPoint","urlTemplate":"https:\/\/www.tuasaude.com\/news\/?s={search_term_string}"},"query-input":{"@type":"PropertyValueSpecification","valueRequired":true,"valueName":"search_term_string"}}],"inLanguage":"pt-BR"},{"@type":"Person","@id":"https:\/\/www.tuasaude.com\/news\/#\/schema\/person\/0209173c87289752104ffda721220a20","name":"Carlos Emanoel","image":{"@type":"ImageObject","inLanguage":"pt-BR","@id":"https:\/\/www.tuasaude.com\/news\/#\/schema\/person\/image\/","url":"https:\/\/secure.gravatar.com\/avatar\/30e1f067eeac67dde63039d7e35ed50e59f4d189925ea75d1bc1690d1a9fe491?s=96&d=mm&r=g","contentUrl":"https:\/\/secure.gravatar.com\/avatar\/30e1f067eeac67dde63039d7e35ed50e59f4d189925ea75d1bc1690d1a9fe491?s=96&d=mm&r=g","caption":"Carlos Emanoel"},"sameAs":["https:\/\/www.tuasaude.com\/news\/"],"url":"https:\/\/www.tuasaude.com\/news\/author\/carlos-emanoel\/"}]}},"_links":{"self":[{"href":"https:\/\/www.tuasaude.com\/news\/wp-json\/wp\/v2\/posts\/580","targetHints":{"allow":["GET"]}}],"collection":[{"href":"https:\/\/www.tuasaude.com\/news\/wp-json\/wp\/v2\/posts"}],"about":[{"href":"https:\/\/www.tuasaude.com\/news\/wp-json\/wp\/v2\/types\/post"}],"author":[{"embeddable":true,"href":"https:\/\/www.tuasaude.com\/news\/wp-json\/wp\/v2\/users\/7"}],"replies":[{"embeddable":true,"href":"https:\/\/www.tuasaude.com\/news\/wp-json\/wp\/v2\/comments?post=580"}],"version-history":[{"count":3,"href":"https:\/\/www.tuasaude.com\/news\/wp-json\/wp\/v2\/posts\/580\/revisions"}],"predecessor-version":[{"id":646,"href":"https:\/\/www.tuasaude.com\/news\/wp-json\/wp\/v2\/posts\/580\/revisions\/646"}],"wp:featuredmedia":[{"embeddable":true,"href":"https:\/\/www.tuasaude.com\/news\/wp-json\/wp\/v2\/media\/617"}],"wp:attachment":[{"href":"https:\/\/www.tuasaude.com\/news\/wp-json\/wp\/v2\/media?parent=580"}],"wp:term":[{"taxonomy":"category","embeddable":true,"href":"https:\/\/www.tuasaude.com\/news\/wp-json\/wp\/v2\/categories?post=580"},{"taxonomy":"post_tag","embeddable":true,"href":"https:\/\/www.tuasaude.com\/news\/wp-json\/wp\/v2\/tags?post=580"}],"curies":[{"name":"wp","href":"https:\/\/api.w.org\/{rel}","templated":true}]}}