{"id":574,"date":"2026-01-15T10:00:00","date_gmt":"2026-01-15T13:00:00","guid":{"rendered":"https:\/\/www.tuasaude.com\/news\/?p=574"},"modified":"2026-01-15T09:01:39","modified_gmt":"2026-01-15T12:01:39","slug":"calor-sem-parar-mesmo-no-ar-condicionado-pode-ser-sinal-dessas-6-condicoes-de-saude","status":"publish","type":"post","link":"https:\/\/www.tuasaude.com\/news\/2026\/01\/15\/calor-sem-parar-mesmo-no-ar-condicionado-pode-ser-sinal-dessas-6-condicoes-de-saude\/","title":{"rendered":"Calor sem parar mesmo no ar condicionado pode ser sinal dessas 6 condi\u00e7\u00f5es de sa\u00fade"},"content":{"rendered":"\n<p>A sensa\u00e7\u00e3o de calor excessivo pode surgir tanto por condi\u00e7\u00f5es ambientais como altas temperaturas e umidade, quanto por fatores internos do organismo, incluindo altera\u00e7\u00f5es hormonais, condi\u00e7\u00f5es metab\u00f3licas e rea\u00e7\u00f5es a medicamentos. Esse desconforto t\u00e9rmico compromete a qualidade de vida e, em alguns casos, pode sinalizar problemas de sa\u00fade que merecem aten\u00e7\u00e3o m\u00e9dica, tornando fundamental conhecer suas causas e formas de al\u00edvio.<\/p>\n\n\n\n<h2 class=\"wp-block-heading\">O que pode causar sensa\u00e7\u00e3o de calor excessivo?<\/h2>\n\n\n\n<p>O <a href=\"https:\/\/www.tuasaude.com\/calor-excessivo\/\" target=\"_blank\" rel=\"noreferrer noopener\">calor excessivo<\/a> resulta principalmente da exposi\u00e7\u00e3o a ambientes com temperaturas elevadas, especialmente quando combinadas com alta umidade relativa do ar. Nesses casos, o corpo apresenta dificuldade para regular a temperatura atrav\u00e9s da transpira\u00e7\u00e3o, mecanismo natural de resfriamento. A perman\u00eancia prolongada em locais fechados sem ventila\u00e7\u00e3o adequada ou a pr\u00e1tica de exerc\u00edcios f\u00edsicos intensos tamb\u00e9m sobrecarregam o sistema de termorregula\u00e7\u00e3o.<\/p>\n\n\n\n<p>Fatores internos do organismo igualmente provocam essa sensa\u00e7\u00e3o t\u00e9rmica aumentada. Altera\u00e7\u00f5es hormonais caracter\u00edsticas da menopausa, hipertireoidismo e ciclo menstrual desencadeiam ondas de calor s\u00fabitas. Algumas medica\u00e7\u00f5es, como antidepressivos e anti-hipertensivos, podem interferir no controle da temperatura corporal, assim como condi\u00e7\u00f5es febris, estresse intenso e consumo de alimentos termog\u00eanicos.<\/p>\n\n\n<div class=\"wp-block-image\">\n<figure class=\"aligncenter size-large\"><img decoding=\"async\" width=\"1024\" height=\"571\" src=\"https:\/\/www.tuasaude.com\/news\/wp-content\/uploads\/2026\/01\/freepik__crie-um-infogrfico-horizontal-intituladosensao-de-__34973-1024x571.png\" alt=\"Calor sem parar mesmo no ar condicionado pode ser sinal dessas 6 condi\u00e7\u00f5es de sa\u00fade\" class=\"wp-image-635\" srcset=\"https:\/\/www.tuasaude.com\/news\/wp-content\/uploads\/2026\/01\/freepik__crie-um-infogrfico-horizontal-intituladosensao-de-__34973-1024x571.png 1024w, https:\/\/www.tuasaude.com\/news\/wp-content\/uploads\/2026\/01\/freepik__crie-um-infogrfico-horizontal-intituladosensao-de-__34973-300x167.png 300w, https:\/\/www.tuasaude.com\/news\/wp-content\/uploads\/2026\/01\/freepik__crie-um-infogrfico-horizontal-intituladosensao-de-__34973-768x428.png 768w, https:\/\/www.tuasaude.com\/news\/wp-content\/uploads\/2026\/01\/freepik__crie-um-infogrfico-horizontal-intituladosensao-de-__34973-750x418.png 750w, https:\/\/www.tuasaude.com\/news\/wp-content\/uploads\/2026\/01\/freepik__crie-um-infogrfico-horizontal-intituladosensao-de-__34973-1140x636.png 1140w, https:\/\/www.tuasaude.com\/news\/wp-content\/uploads\/2026\/01\/freepik__crie-um-infogrfico-horizontal-intituladosensao-de-__34973.png 1280w\" sizes=\"(max-width: 1024px) 100vw, 1024px\" \/><figcaption class=\"wp-element-caption\">O calor excessivo resulta principalmente da exposi\u00e7\u00e3o a ambientes com temperaturas elevadas<\/figcaption><\/figure>\n<\/div>\n\n\n<h2 class=\"wp-block-heading\">Quais condi\u00e7\u00f5es de sa\u00fade provocam intoler\u00e2ncia ao calor?<\/h2>\n\n\n\n<p>Diversas condi\u00e7\u00f5es m\u00e9dicas alteram a capacidade do corpo de regular adequadamente a temperatura interna. O hipertireoidismo acelera o metabolismo basal, fazendo com que o organismo produza calor em excesso mesmo em repouso. <a href=\"https:\/\/www.ncbi.nlm.nih.gov\/books\/NBK482216\/\" target=\"_blank\" rel=\"noreferrer noopener\">De acordo com publica\u00e7\u00f5es cient\u00edficas<\/a>, pacientes com tireotoxicose apresentam manifesta\u00e7\u00f5es caracter\u00edsticas de estado hipermetab\u00f3lico, incluindo intoler\u00e2ncia marcante ao calor, sudorese excessiva e ansiedade.<\/p>\n\n\n\n<p>A menopausa representa outra causa comum de ondas de calor, afetando aproximadamente 75% das mulheres nessa fase. Condi\u00e7\u00f5es que comprometem o sistema cardiovascular tamb\u00e9m reduzem a efici\u00eancia da termorregula\u00e7\u00e3o, enquanto diabetes, obesidade e certos dist\u00farbios neurol\u00f3gicos interferem nos mecanismos de controle t\u00e9rmico.<\/p>\n\n\n\n<!-- \ud83d\udd25\ud83e\ude7a Cards: Condi\u00e7\u00f5es que causam sensa\u00e7\u00e3o de calor -->\n<section class=\"tusaude-sensacao-calor\">\n\n<style>\n.tusaude-sensacao-calor{\n  --bg:#ffffff;\n  --card:#fafafa;\n  --text:#0f172a;\n  --muted:#475569;\n  --accent:#dc2626;\n  --border:#e5e7eb;\n  --radius:14px;\n  --shadow:0 6px 18px rgba(0,0,0,.08);\n\n  margin:2rem 0;\n  font-family:\"Poppins\",sans-serif;\n}\n\n.tusaude-sensacao-calor h3{\n  font-size:1.35rem;\n  font-weight:800;\n  color:var(--text);\n  margin-bottom:1.2rem;\n}\n\n\/* grid *\/\n.calor-grid{\n  display:grid;\n  grid-template-columns:repeat(auto-fit, minmax(240px, 1fr));\n  gap:.9rem;\n}\n\n\/* card *\/\n.calor-card{\n  background:var(--card);\n  border:1px solid var(--border);\n  border-left:5px solid var(--accent);\n  border-radius:var(--radius);\n  padding:1rem 1.1rem;\n  box-shadow:var(--shadow);\n}\n\n.calor-card .titulo{\n  font-weight:800;\n  color:var(--text);\n  font-size:.98rem;\n  margin-bottom:.25rem;\n}\n\n.calor-card .texto{\n  color:var(--muted);\n  font-size:.93rem;\n  line-height:1.5;\n}\n\n\/* mobile *\/\n@media(max-width:600px){\n  .tusaude-sensacao-calor h3{\n    font-size:1.2rem;\n  }\n}\n<\/style>\n\n<h3>Principais condi\u00e7\u00f5es que causam sensa\u00e7\u00e3o de calor<\/h3>\n\n<div class=\"calor-grid\">\n\n  <div class=\"calor-card\">\n    <div class=\"titulo\">Hipertireoidismo<\/div>\n    <div class=\"texto\">\n      Acelera o metabolismo, aumentando a produ\u00e7\u00e3o de calor corporal e a intoler\u00e2ncia ao calor.\n    <\/div>\n  <\/div>\n\n  <div class=\"calor-card\">\n    <div class=\"titulo\">Menopausa<\/div>\n    <div class=\"texto\">\n      Provoca fogachos s\u00fabitos devido \u00e0s flutua\u00e7\u00f5es hormonais, especialmente na queda do estrog\u00eanio.\n    <\/div>\n  <\/div>\n\n  <div class=\"calor-card\">\n    <div class=\"titulo\">Ansiedade e s\u00edndrome do p\u00e2nico<\/div>\n    <div class=\"texto\">\n      Ativam o sistema nervoso simp\u00e1tico, desencadeando ondas de calor, suor e sensa\u00e7\u00e3o de rubor.\n    <\/div>\n  <\/div>\n\n  <div class=\"calor-card\">\n    <div class=\"titulo\">Diabetes descompensado<\/div>\n    <div class=\"texto\">\n      Pode alterar a circula\u00e7\u00e3o sangu\u00ednea e a transpira\u00e7\u00e3o, interferindo na regula\u00e7\u00e3o t\u00e9rmica.\n    <\/div>\n  <\/div>\n\n  <div class=\"calor-card\">\n    <div class=\"titulo\">Obesidade<\/div>\n    <div class=\"texto\">\n      Dificulta a dissipa\u00e7\u00e3o do calor corporal, favorecendo sensa\u00e7\u00e3o constante de calor excessivo.\n    <\/div>\n  <\/div>\n\n  <div class=\"calor-card\">\n    <div class=\"titulo\">Febre<\/div>\n    <div class=\"texto\">\n      Eleva a temperatura interna como resposta do organismo a infec\u00e7\u00f5es ou inflama\u00e7\u00f5es.\n    <\/div>\n  <\/div>\n\n<\/div>\n<\/section>\n\n\n\n<h2 class=\"wp-block-heading\">Como aliviar rapidamente o calor excessivo?<\/h2>\n\n\n\n<p>Medidas simples aplicadas nos primeiros sinais de desconforto t\u00e9rmico previnem complica\u00e7\u00f5es mais graves. A hidrata\u00e7\u00e3o imediata com \u00e1gua fresca restabelece o equil\u00edbrio h\u00eddrico comprometido pela transpira\u00e7\u00e3o abundante. <a href=\"https:\/\/pmc.ncbi.nlm.nih.gov\/articles\/PMC5634236\/\" target=\"_blank\" rel=\"noreferrer noopener\">Segundo a Associa\u00e7\u00e3o Nacional de Treinadores Atl\u00e9ticos<\/a>, manter a hidrata\u00e7\u00e3o adequada ajuda na termorregula\u00e7\u00e3o e reduz significativamente os riscos de estresse t\u00e9rmico durante exposi\u00e7\u00e3o ao calor.<\/p>\n\n\n\n<p>Resfriar rapidamente o corpo atrav\u00e9s de banhos frios ou aplica\u00e7\u00e3o de compressas em pontos estrat\u00e9gicos como pulsos, pesco\u00e7o e axilas proporciona al\u00edvio imediato. Buscar ambientes climatizados ou sombreados e remover roupas em excesso facilitam a dissipa\u00e7\u00e3o do calor acumulado, restaurando o conforto t\u00e9rmico em poucos minutos.<\/p>\n\n\n\n<p><strong>Estrat\u00e9gias eficazes para aliviar o calor:<\/strong><\/p>\n\n\n\n<ul class=\"wp-block-list\">\n<li><strong>Beba \u00e1gua gelada<\/strong>: rep\u00f5e l\u00edquidos e resfria o corpo internamente<\/li>\n\n\n\n<li><strong>Tome banho frio<\/strong>: reduz rapidamente a temperatura corporal<\/li>\n\n\n\n<li><strong>Aplique compressas geladas<\/strong>: nos pulsos, pesco\u00e7o e testa para resfriar pontos estrat\u00e9gicos<\/li>\n\n\n\n<li><strong>Use ventilador<\/strong>: direcione o ar para o corpo em ambiente sombreado<\/li>\n\n\n\n<li><strong>Molhe cabelo e punhos<\/strong>: permite resfriamento por evapora\u00e7\u00e3o<\/li>\n\n\n\n<li><strong>Consuma frutas geladas<\/strong>: melancia e mel\u00e3o hidratam e refrescam<\/li>\n\n\n\n<li><strong>Evite atividades f\u00edsicas<\/strong>: reduza o esfor\u00e7o nos hor\u00e1rios mais quentes<\/li>\n\n\n\n<li><strong>Vista roupas leves<\/strong>: tecidos naturais como algod\u00e3o facilitam a transpira\u00e7\u00e3o<\/li>\n\n\n\n<li><strong>Mantenha p\u00e9s na \u00e1gua fria<\/strong>: alivia sensa\u00e7\u00e3o t\u00e9rmica rapidamente<\/li>\n\n\n\n<li><strong>Use spray de \u00e1gua<\/strong>: borrife \u00e1gua no rosto e corpo ao longo do dia<\/li>\n\n\n\n<li><strong>Respire profundamente<\/strong>: em local fresco para acalmar e reduzir calor interno<\/li>\n\n\n\n<li><strong>Afrouxe roupas apertadas<\/strong>: permite circula\u00e7\u00e3o de ar junto \u00e0 pele<\/li>\n<\/ul>\n\n\n\n<figure class=\"wp-block-image size-large\"><img decoding=\"async\" width=\"1024\" height=\"585\" src=\"https:\/\/www.tuasaude.com\/news\/wp-content\/uploads\/2026\/01\/freepik__35mm-film-photography-pessoa-sentada-em-local-fres__31325-1024x585.jpeg\" alt=\"Calor sem parar mesmo no ar condicionado pode ser sinal dessas 6 condi\u00e7\u00f5es de sa\u00fade\" class=\"wp-image-607\" srcset=\"https:\/\/www.tuasaude.com\/news\/wp-content\/uploads\/2026\/01\/freepik__35mm-film-photography-pessoa-sentada-em-local-fres__31325-1024x585.jpeg 1024w, https:\/\/www.tuasaude.com\/news\/wp-content\/uploads\/2026\/01\/freepik__35mm-film-photography-pessoa-sentada-em-local-fres__31325-300x171.jpeg 300w, https:\/\/www.tuasaude.com\/news\/wp-content\/uploads\/2026\/01\/freepik__35mm-film-photography-pessoa-sentada-em-local-fres__31325-768x439.jpeg 768w, https:\/\/www.tuasaude.com\/news\/wp-content\/uploads\/2026\/01\/freepik__35mm-film-photography-pessoa-sentada-em-local-fres__31325-750x428.jpeg 750w, https:\/\/www.tuasaude.com\/news\/wp-content\/uploads\/2026\/01\/freepik__35mm-film-photography-pessoa-sentada-em-local-fres__31325-1140x651.jpeg 1140w, https:\/\/www.tuasaude.com\/news\/wp-content\/uploads\/2026\/01\/freepik__35mm-film-photography-pessoa-sentada-em-local-fres__31325.jpeg 1280w\" sizes=\"(max-width: 1024px) 100vw, 1024px\" \/><figcaption class=\"wp-element-caption\">O calor excessivo resulta principalmente da exposi\u00e7\u00e3o a ambientes com temperaturas elevadas<\/figcaption><\/figure>\n\n\n\n<h2 class=\"wp-block-heading\">Quando procurar atendimento m\u00e9dico?<\/h2>\n\n\n\n<p>Sintomas graves relacionados ao calor excessivo exigem avalia\u00e7\u00e3o m\u00e9dica urgente. Confus\u00e3o mental, temperatura corporal acima de 40\u00b0C, v\u00f4mitos persistentes e desmaios indicam insola\u00e7\u00e3o, condi\u00e7\u00e3o potencialmente fatal. <a href=\"https:\/\/pmc.ncbi.nlm.nih.gov\/articles\/PMC10522494\/\" target=\"_blank\" rel=\"noreferrer noopener\">Segundo dados de estudos m\u00e9dicos publicados no PubMed<\/a> (A Systematic Review on Outcomes of Patients with Heatstroke and Heat Exhaustion), a insola\u00e7\u00e3o pode causar disfun\u00e7\u00e3o de m\u00faltiplos \u00f3rg\u00e3os se n\u00e3o tratada rapidamente, com taxas de mortalidade que variam entre 10% e 63% dependendo do tipo e gravidade do quadro.<\/p>\n\n\n\n<p>Ondas de calor frequentes sem rela\u00e7\u00e3o com a temperatura ambiente tamb\u00e9m merecem investiga\u00e7\u00e3o. Grupos de risco como idosos, crian\u00e7as pequenas, gestantes e pessoas com doen\u00e7as cr\u00f4nicas devem receber aten\u00e7\u00e3o especial, pois apresentam maior vulnerabilidade \u00e0s complica\u00e7\u00f5es do estresse t\u00e9rmico e necessitam de acompanhamento m\u00e9dico regular para preven\u00e7\u00e3o de agravos.<\/p>\n\n\n\n<h2 class=\"wp-block-heading\">Como prevenir problemas relacionados ao calor?<\/h2>\n\n\n\n<p>A preven\u00e7\u00e3o representa a estrat\u00e9gia mais eficaz para evitar complica\u00e7\u00f5es decorrentes do calor excessivo. Manter hidrata\u00e7\u00e3o constante ao longo do dia, mesmo sem sentir sede, garante reservas adequadas de l\u00edquidos para os mecanismos de resfriamento. Evitar exposi\u00e7\u00e3o solar entre 10h e 16h e utilizar protetor solar protegem contra queimaduras que intensificam o desconforto t\u00e9rmico.<\/p>\n\n\n\n<p>Adaptar a rotina aos per\u00edodos mais quentes inclui preferir atividades f\u00edsicas no in\u00edcio da manh\u00e3 ou final da tarde, vestir roupas claras e largas, e manter ambientes bem ventilados. Para pessoas que experimentam ondas de calor frequentes por condi\u00e7\u00f5es m\u00e9dicas espec\u00edficas, o acompanhamento profissional permite ajustes no tratamento e orienta\u00e7\u00f5es personalizadas. Sempre que a sensa\u00e7\u00e3o de calor se tornar recorrente, intensa ou acompanhada de outros sintomas, busque orienta\u00e7\u00e3o m\u00e9dica para investiga\u00e7\u00e3o adequada e tratamento direcionado \u00e0 causa do problema.<\/p>\n\n\n\n<p><\/p>\n","protected":false},"excerpt":{"rendered":"<p>A sensa\u00e7\u00e3o de calor excessivo pode surgir tanto por condi\u00e7\u00f5es ambientais como altas temperaturas e umidade, quanto por fatores internos do organismo, incluindo altera\u00e7\u00f5es hormonais, condi\u00e7\u00f5es metab\u00f3licas e rea\u00e7\u00f5es a medicamentos. Esse desconforto t\u00e9rmico compromete a qualidade de vida e, em alguns casos, pode sinalizar problemas de sa\u00fade que merecem aten\u00e7\u00e3o m\u00e9dica, tornando fundamental conhecer [&hellip;]<\/p>\n","protected":false},"author":7,"featured_media":602,"comment_status":"open","ping_status":"open","sticky":false,"template":"","format":"standard","meta":{"_yoast_wpseo_focuskw":"Calor excessivo","_yoast_wpseo_title":"","_yoast_wpseo_metadesc":"Ondas de calor frequentes sem rela\u00e7\u00e3o com a temperatura ambiente merecem investiga\u00e7\u00e3o m\u00e9dica. Entenda as causas e aprenda formas de al\u00edvio imediato","jnews-multi-image_gallery":[],"jnews_single_post":{"format":"standard"},"jnews_primary_category":[],"jnews_social_meta":[],"jnews_override_counter":[],"footnotes":""},"categories":[111],"tags":[204,206,136],"class_list":["post-574","post","type-post","status-publish","format-standard","has-post-thumbnail","hentry","category-saude","tag-calor","tag-insolacao","tag-saude"],"yoast_head":"<!-- This site is optimized with the Yoast SEO plugin v26.7 - https:\/\/yoast.com\/wordpress\/plugins\/seo\/ -->\n<title>Calor sem parar mesmo no ar condicionado pode ser sinal dessas 6 condi\u00e7\u00f5es de sa\u00fade - Tua Sa\u00fade<\/title>\n<meta name=\"description\" content=\"Ondas de calor frequentes sem rela\u00e7\u00e3o com a temperatura ambiente merecem investiga\u00e7\u00e3o m\u00e9dica. Entenda as causas e aprenda formas de al\u00edvio imediato\" \/>\n<meta name=\"robots\" content=\"index, follow, max-snippet:-1, max-image-preview:large, max-video-preview:-1\" \/>\n<link rel=\"canonical\" href=\"https:\/\/www.tuasaude.com\/news\/2026\/01\/15\/calor-sem-parar-mesmo-no-ar-condicionado-pode-ser-sinal-dessas-6-condicoes-de-saude\/\" \/>\n<meta property=\"og:locale\" content=\"pt_BR\" \/>\n<meta property=\"og:type\" content=\"article\" \/>\n<meta property=\"og:title\" content=\"Calor sem parar mesmo no ar condicionado pode ser sinal dessas 6 condi\u00e7\u00f5es de sa\u00fade - Tua Sa\u00fade\" \/>\n<meta property=\"og:description\" content=\"Ondas de calor frequentes sem rela\u00e7\u00e3o com a temperatura ambiente merecem investiga\u00e7\u00e3o m\u00e9dica. Entenda as causas e aprenda formas de al\u00edvio imediato\" \/>\n<meta property=\"og:url\" content=\"https:\/\/www.tuasaude.com\/news\/2026\/01\/15\/calor-sem-parar-mesmo-no-ar-condicionado-pode-ser-sinal-dessas-6-condicoes-de-saude\/\" \/>\n<meta property=\"og:site_name\" content=\"Tua Sa\u00fade\" \/>\n<meta property=\"article:published_time\" content=\"2026-01-15T13:00:00+00:00\" \/>\n<meta property=\"og:image\" content=\"https:\/\/www.tuasaude.com\/news\/wp-content\/uploads\/2026\/01\/freepik__35mm-film-photography-pessoa-brasileira-adulta-com__31326.jpeg\" \/>\n\t<meta property=\"og:image:width\" content=\"1280\" \/>\n\t<meta property=\"og:image:height\" content=\"731\" \/>\n\t<meta property=\"og:image:type\" content=\"image\/jpeg\" \/>\n<meta name=\"author\" content=\"Carlos Emanoel\" \/>\n<meta name=\"twitter:card\" content=\"summary_large_image\" \/>\n<meta name=\"twitter:label1\" content=\"Escrito por\" \/>\n\t<meta name=\"twitter:data1\" content=\"Carlos Emanoel\" \/>\n\t<meta name=\"twitter:label2\" content=\"Est. tempo de leitura\" \/>\n\t<meta name=\"twitter:data2\" content=\"6 minutos\" \/>\n<!-- \/ Yoast SEO plugin. -->","yoast_head_json":{"title":"Calor sem parar mesmo no ar condicionado pode ser sinal dessas 6 condi\u00e7\u00f5es de sa\u00fade - Tua Sa\u00fade","description":"Ondas de calor frequentes sem rela\u00e7\u00e3o com a temperatura ambiente merecem investiga\u00e7\u00e3o m\u00e9dica. Entenda as causas e aprenda formas de al\u00edvio imediato","robots":{"index":"index","follow":"follow","max-snippet":"max-snippet:-1","max-image-preview":"max-image-preview:large","max-video-preview":"max-video-preview:-1"},"canonical":"https:\/\/www.tuasaude.com\/news\/2026\/01\/15\/calor-sem-parar-mesmo-no-ar-condicionado-pode-ser-sinal-dessas-6-condicoes-de-saude\/","og_locale":"pt_BR","og_type":"article","og_title":"Calor sem parar mesmo no ar condicionado pode ser sinal dessas 6 condi\u00e7\u00f5es de sa\u00fade - Tua Sa\u00fade","og_description":"Ondas de calor frequentes sem rela\u00e7\u00e3o com a temperatura ambiente merecem investiga\u00e7\u00e3o m\u00e9dica. Entenda as causas e aprenda formas de al\u00edvio imediato","og_url":"https:\/\/www.tuasaude.com\/news\/2026\/01\/15\/calor-sem-parar-mesmo-no-ar-condicionado-pode-ser-sinal-dessas-6-condicoes-de-saude\/","og_site_name":"Tua Sa\u00fade","article_published_time":"2026-01-15T13:00:00+00:00","og_image":[{"width":1280,"height":731,"url":"https:\/\/www.tuasaude.com\/news\/wp-content\/uploads\/2026\/01\/freepik__35mm-film-photography-pessoa-brasileira-adulta-com__31326.jpeg","type":"image\/jpeg"}],"author":"Carlos Emanoel","twitter_card":"summary_large_image","twitter_misc":{"Escrito por":"Carlos Emanoel","Est. tempo de leitura":"6 minutos"},"schema":{"@context":"https:\/\/schema.org","@graph":[{"@type":"Article","@id":"https:\/\/www.tuasaude.com\/news\/2026\/01\/15\/calor-sem-parar-mesmo-no-ar-condicionado-pode-ser-sinal-dessas-6-condicoes-de-saude\/#article","isPartOf":{"@id":"https:\/\/www.tuasaude.com\/news\/2026\/01\/15\/calor-sem-parar-mesmo-no-ar-condicionado-pode-ser-sinal-dessas-6-condicoes-de-saude\/"},"author":{"name":"Carlos Emanoel","@id":"https:\/\/www.tuasaude.com\/news\/#\/schema\/person\/0209173c87289752104ffda721220a20"},"headline":"Calor sem parar mesmo no ar condicionado pode ser sinal dessas 6 condi\u00e7\u00f5es de sa\u00fade","datePublished":"2026-01-15T13:00:00+00:00","mainEntityOfPage":{"@id":"https:\/\/www.tuasaude.com\/news\/2026\/01\/15\/calor-sem-parar-mesmo-no-ar-condicionado-pode-ser-sinal-dessas-6-condicoes-de-saude\/"},"wordCount":1058,"commentCount":0,"image":{"@id":"https:\/\/www.tuasaude.com\/news\/2026\/01\/15\/calor-sem-parar-mesmo-no-ar-condicionado-pode-ser-sinal-dessas-6-condicoes-de-saude\/#primaryimage"},"thumbnailUrl":"https:\/\/www.tuasaude.com\/news\/wp-content\/uploads\/2026\/01\/freepik__35mm-film-photography-pessoa-brasileira-adulta-com__31326.jpeg","keywords":["calor","insola\u00e7\u00e3o","sa\u00fade"],"articleSection":["Sa\u00fade"],"inLanguage":"pt-BR","potentialAction":[{"@type":"CommentAction","name":"Comment","target":["https:\/\/www.tuasaude.com\/news\/2026\/01\/15\/calor-sem-parar-mesmo-no-ar-condicionado-pode-ser-sinal-dessas-6-condicoes-de-saude\/#respond"]}]},{"@type":"WebPage","@id":"https:\/\/www.tuasaude.com\/news\/2026\/01\/15\/calor-sem-parar-mesmo-no-ar-condicionado-pode-ser-sinal-dessas-6-condicoes-de-saude\/","url":"https:\/\/www.tuasaude.com\/news\/2026\/01\/15\/calor-sem-parar-mesmo-no-ar-condicionado-pode-ser-sinal-dessas-6-condicoes-de-saude\/","name":"Calor sem parar mesmo no ar condicionado pode ser sinal dessas 6 condi\u00e7\u00f5es de sa\u00fade - Tua Sa\u00fade","isPartOf":{"@id":"https:\/\/www.tuasaude.com\/news\/#website"},"primaryImageOfPage":{"@id":"https:\/\/www.tuasaude.com\/news\/2026\/01\/15\/calor-sem-parar-mesmo-no-ar-condicionado-pode-ser-sinal-dessas-6-condicoes-de-saude\/#primaryimage"},"image":{"@id":"https:\/\/www.tuasaude.com\/news\/2026\/01\/15\/calor-sem-parar-mesmo-no-ar-condicionado-pode-ser-sinal-dessas-6-condicoes-de-saude\/#primaryimage"},"thumbnailUrl":"https:\/\/www.tuasaude.com\/news\/wp-content\/uploads\/2026\/01\/freepik__35mm-film-photography-pessoa-brasileira-adulta-com__31326.jpeg","datePublished":"2026-01-15T13:00:00+00:00","author":{"@id":"https:\/\/www.tuasaude.com\/news\/#\/schema\/person\/0209173c87289752104ffda721220a20"},"description":"Ondas de calor frequentes sem rela\u00e7\u00e3o com a temperatura ambiente merecem investiga\u00e7\u00e3o m\u00e9dica. Entenda as causas e aprenda formas de al\u00edvio imediato","breadcrumb":{"@id":"https:\/\/www.tuasaude.com\/news\/2026\/01\/15\/calor-sem-parar-mesmo-no-ar-condicionado-pode-ser-sinal-dessas-6-condicoes-de-saude\/#breadcrumb"},"inLanguage":"pt-BR","potentialAction":[{"@type":"ReadAction","target":["https:\/\/www.tuasaude.com\/news\/2026\/01\/15\/calor-sem-parar-mesmo-no-ar-condicionado-pode-ser-sinal-dessas-6-condicoes-de-saude\/"]}]},{"@type":"ImageObject","inLanguage":"pt-BR","@id":"https:\/\/www.tuasaude.com\/news\/2026\/01\/15\/calor-sem-parar-mesmo-no-ar-condicionado-pode-ser-sinal-dessas-6-condicoes-de-saude\/#primaryimage","url":"https:\/\/www.tuasaude.com\/news\/wp-content\/uploads\/2026\/01\/freepik__35mm-film-photography-pessoa-brasileira-adulta-com__31326.jpeg","contentUrl":"https:\/\/www.tuasaude.com\/news\/wp-content\/uploads\/2026\/01\/freepik__35mm-film-photography-pessoa-brasileira-adulta-com__31326.jpeg","width":1280,"height":731,"caption":"O calor excessivo resulta principalmente da exposi\u00e7\u00e3o a ambientes com temperaturas elevadas"},{"@type":"BreadcrumbList","@id":"https:\/\/www.tuasaude.com\/news\/2026\/01\/15\/calor-sem-parar-mesmo-no-ar-condicionado-pode-ser-sinal-dessas-6-condicoes-de-saude\/#breadcrumb","itemListElement":[{"@type":"ListItem","position":1,"name":"In\u00edcio","item":"https:\/\/www.tuasaude.com\/news\/"},{"@type":"ListItem","position":2,"name":"Calor sem parar mesmo no ar condicionado pode ser sinal dessas 6 condi\u00e7\u00f5es de sa\u00fade"}]},{"@type":"WebSite","@id":"https:\/\/www.tuasaude.com\/news\/#website","url":"https:\/\/www.tuasaude.com\/news\/","name":"Tua Sa\u00fade","description":"Seu site de sa\u00fade","potentialAction":[{"@type":"SearchAction","target":{"@type":"EntryPoint","urlTemplate":"https:\/\/www.tuasaude.com\/news\/?s={search_term_string}"},"query-input":{"@type":"PropertyValueSpecification","valueRequired":true,"valueName":"search_term_string"}}],"inLanguage":"pt-BR"},{"@type":"Person","@id":"https:\/\/www.tuasaude.com\/news\/#\/schema\/person\/0209173c87289752104ffda721220a20","name":"Carlos Emanoel","image":{"@type":"ImageObject","inLanguage":"pt-BR","@id":"https:\/\/www.tuasaude.com\/news\/#\/schema\/person\/image\/","url":"https:\/\/secure.gravatar.com\/avatar\/30e1f067eeac67dde63039d7e35ed50e59f4d189925ea75d1bc1690d1a9fe491?s=96&d=mm&r=g","contentUrl":"https:\/\/secure.gravatar.com\/avatar\/30e1f067eeac67dde63039d7e35ed50e59f4d189925ea75d1bc1690d1a9fe491?s=96&d=mm&r=g","caption":"Carlos Emanoel"},"sameAs":["https:\/\/www.tuasaude.com\/news\/"],"url":"https:\/\/www.tuasaude.com\/news\/author\/carlos-emanoel\/"}]}},"_links":{"self":[{"href":"https:\/\/www.tuasaude.com\/news\/wp-json\/wp\/v2\/posts\/574","targetHints":{"allow":["GET"]}}],"collection":[{"href":"https:\/\/www.tuasaude.com\/news\/wp-json\/wp\/v2\/posts"}],"about":[{"href":"https:\/\/www.tuasaude.com\/news\/wp-json\/wp\/v2\/types\/post"}],"author":[{"embeddable":true,"href":"https:\/\/www.tuasaude.com\/news\/wp-json\/wp\/v2\/users\/7"}],"replies":[{"embeddable":true,"href":"https:\/\/www.tuasaude.com\/news\/wp-json\/wp\/v2\/comments?post=574"}],"version-history":[{"count":5,"href":"https:\/\/www.tuasaude.com\/news\/wp-json\/wp\/v2\/posts\/574\/revisions"}],"predecessor-version":[{"id":908,"href":"https:\/\/www.tuasaude.com\/news\/wp-json\/wp\/v2\/posts\/574\/revisions\/908"}],"wp:featuredmedia":[{"embeddable":true,"href":"https:\/\/www.tuasaude.com\/news\/wp-json\/wp\/v2\/media\/602"}],"wp:attachment":[{"href":"https:\/\/www.tuasaude.com\/news\/wp-json\/wp\/v2\/media?parent=574"}],"wp:term":[{"taxonomy":"category","embeddable":true,"href":"https:\/\/www.tuasaude.com\/news\/wp-json\/wp\/v2\/categories?post=574"},{"taxonomy":"post_tag","embeddable":true,"href":"https:\/\/www.tuasaude.com\/news\/wp-json\/wp\/v2\/tags?post=574"}],"curies":[{"name":"wp","href":"https:\/\/api.w.org\/{rel}","templated":true}]}}