{"id":512,"date":"2026-01-13T20:00:00","date_gmt":"2026-01-13T23:00:00","guid":{"rendered":"https:\/\/www.tuasaude.com\/news\/?p=512"},"modified":"2026-01-13T09:50:20","modified_gmt":"2026-01-13T12:50:20","slug":"pessoa-de-70-anos-cheia-de-energia-tem-esses-habitos-que-outra-da-mesma-idade-nao-possui","status":"publish","type":"post","link":"https:\/\/www.tuasaude.com\/news\/2026\/01\/13\/pessoa-de-70-anos-cheia-de-energia-tem-esses-habitos-que-outra-da-mesma-idade-nao-possui\/","title":{"rendered":"Pessoa de 70 anos cheia de energia tem esses h\u00e1bitos que outra da mesma idade n\u00e3o possui"},"content":{"rendered":"\n<p>Todo mundo vai envelhecer, mas existem formas diferentes de passar por esse processo. Algumas pessoas chegam aos 70 anos cheias de energia, enquanto outras enfrentam limita\u00e7\u00f5es bem antes. A diferen\u00e7a est\u00e1 principalmente nos h\u00e1bitos que voc\u00ea cultiva ao longo da vida.<\/p>\n\n\n\n<h2 class=\"wp-block-heading\">O que \u00e9 o processo de envelhecimento?<\/h2>\n\n\n\n<p>O<a href=\"https:\/\/www.tuasaude.com\/envelhecimento\/\" target=\"_blank\" rel=\"noreferrer noopener\"> envelhecimento \u00e9 um processo biol\u00f3gico <\/a>que acontece gradualmente em todas as c\u00e9lulas. <a href=\"https:\/\/pubmed.ncbi.nlm.nih.gov\/23746838\/\" target=\"_blank\" rel=\"noreferrer noopener\">Segundo um estudo publicado na revista Cell em 2013 (The hallmarks of aging)<\/a>, pesquisadores identificaram nove caracter\u00edsticas fundamentais do envelhecimento, como danos ao DNA e desgaste dos tel\u00f4meros. N\u00e3o existe idade exata para come\u00e7ar, j\u00e1 que varia de pessoa para pessoa.<\/p>\n\n\n\n<p>No dia a dia, suas c\u00e9lulas v\u00e3o perdendo efici\u00eancia: as mitoc\u00f4ndrias produzem menos energia e as prote\u00ednas se degradam mais r\u00e1pido. Mas envelhecer n\u00e3o significa ficar doente. A OMS define envelhecimento saud\u00e1vel como manter a capacidade de fazer o que voc\u00ea gosta e precisa.<\/p>\n\n\n<div class=\"wp-block-image\">\n<figure class=\"aligncenter size-large\"><img decoding=\"async\" width=\"1024\" height=\"585\" src=\"https:\/\/www.tuasaude.com\/news\/wp-content\/uploads\/2026\/01\/freepik__35mm-film-photography-pessoa-madura-praticando-exe__67167-1024x585.jpeg\" alt=\"Pessoa de 70 anos cheia de energia tem esses h\u00e1bitos que outra da mesma idade n\u00e3o possui\" class=\"wp-image-549\" srcset=\"https:\/\/www.tuasaude.com\/news\/wp-content\/uploads\/2026\/01\/freepik__35mm-film-photography-pessoa-madura-praticando-exe__67167-1024x585.jpeg 1024w, https:\/\/www.tuasaude.com\/news\/wp-content\/uploads\/2026\/01\/freepik__35mm-film-photography-pessoa-madura-praticando-exe__67167-300x171.jpeg 300w, https:\/\/www.tuasaude.com\/news\/wp-content\/uploads\/2026\/01\/freepik__35mm-film-photography-pessoa-madura-praticando-exe__67167-768x439.jpeg 768w, https:\/\/www.tuasaude.com\/news\/wp-content\/uploads\/2026\/01\/freepik__35mm-film-photography-pessoa-madura-praticando-exe__67167-750x428.jpeg 750w, https:\/\/www.tuasaude.com\/news\/wp-content\/uploads\/2026\/01\/freepik__35mm-film-photography-pessoa-madura-praticando-exe__67167-1140x651.jpeg 1140w, https:\/\/www.tuasaude.com\/news\/wp-content\/uploads\/2026\/01\/freepik__35mm-film-photography-pessoa-madura-praticando-exe__67167.jpeg 1280w\" sizes=\"(max-width: 1024px) 100vw, 1024px\" \/><figcaption class=\"wp-element-caption\">O corpo d\u00e1 v\u00e1rios sinais de que est\u00e1 envelhecendo, alguns voc\u00ea v\u00ea no espelho e outros s\u00f3 percebe no dia a dia<\/figcaption><\/figure>\n<\/div>\n\n\n<h2 class=\"wp-block-heading\">Quais s\u00e3o os principais sinais do envelhecimento?<\/h2>\n\n\n\n<p>O corpo d\u00e1 v\u00e1rios sinais de que est\u00e1 envelhecendo, alguns voc\u00ea v\u00ea no espelho e outros s\u00f3 percebe no dia a dia. Conhecer essas mudan\u00e7as ajuda voc\u00ea a se preparar e tomar atitudes para manter a qualidade de vida.<\/p>\n\n\n\n<p>O National Institute on Aging descreve os sinais mais comuns:<\/p>\n\n\n\n<ul class=\"wp-block-list\">\n<li><strong>Rugas e flacidez<\/strong>: redu\u00e7\u00e3o de col\u00e1geno diminui firmeza da pele<\/li>\n\n\n\n<li><strong>Cabelos brancos<\/strong>: melan\u00f3citos param de produzir pigmento<\/li>\n\n\n\n<li><strong>Perda muscular<\/strong>: sarcopenia come\u00e7a ap\u00f3s os 30 anos<\/li>\n\n\n\n<li><strong>Densidade \u00f3ssea reduzida<\/strong>: ossos ficam mais fr\u00e1geis<\/li>\n\n\n\n<li><strong>Mem\u00f3ria comprometida<\/strong>: conex\u00f5es neurais menos eficientes<\/li>\n\n\n\n<li><strong>Metabolismo lento<\/strong>: gasto energ\u00e9tico em repouso diminui<\/li>\n\n\n\n<li><strong>Vis\u00e3o e audi\u00e7\u00e3o<\/strong>: degenera\u00e7\u00e3o sensorial natural<\/li>\n\n\n\n<li><strong>Cicatriza\u00e7\u00e3o lenta<\/strong>: capacidade regenerativa reduzida<\/li>\n<\/ul>\n\n\n\n<h2 class=\"wp-block-heading\">Por que algumas pessoas envelhecem mais r\u00e1pido que outras?<\/h2>\n\n\n\n<p>Por que seu vizinho de 70 anos joga t\u00eanis e outro da mesma idade mal consegue caminhar? A resposta est\u00e1 na combina\u00e7\u00e3o de genes e h\u00e1bitos. <a href=\"https:\/\/pubmed.ncbi.nlm.nih.gov\/23746838\/\" target=\"_blank\" rel=\"noreferrer noopener\">Estudos<\/a> com g\u00eameos id\u00eanticos mostram que apenas 25% do envelhecimento vem da gen\u00e9tica. Os outros 75% dependem do seu estilo de vida. Ou seja, mesmo quem n\u00e3o tem &#8220;bons genes&#8221; pode envelhecer bem se cuidar da sa\u00fade.<\/p>\n\n\n\n<p>O que acelera o envelhecimento? Fumar, beber demais, ficar parado, viver estressado e comer mal. O sol sem prote\u00e7\u00e3o tamb\u00e9m \u00e9 um dos maiores vil\u00f5es da pele. Por outro lado, quem mant\u00e9m bons h\u00e1bitos consegue retardar bastante o desgaste do corpo e manter energia e sa\u00fade por muito mais tempo.<\/p>\n\n\n<div class=\"wp-block-image\">\n<figure class=\"aligncenter size-large\"><img decoding=\"async\" width=\"1024\" height=\"571\" src=\"https:\/\/www.tuasaude.com\/news\/wp-content\/uploads\/2026\/01\/freepik__faa-um-infogrfico-horizontal-intituladocomo-envelh__67168-1024x571.png\" alt=\"Pessoa de 70 anos cheia de energia tem esses h\u00e1bitos que outra da mesma idade n\u00e3o possui\" class=\"wp-image-551\" srcset=\"https:\/\/www.tuasaude.com\/news\/wp-content\/uploads\/2026\/01\/freepik__faa-um-infogrfico-horizontal-intituladocomo-envelh__67168-1024x571.png 1024w, https:\/\/www.tuasaude.com\/news\/wp-content\/uploads\/2026\/01\/freepik__faa-um-infogrfico-horizontal-intituladocomo-envelh__67168-300x167.png 300w, https:\/\/www.tuasaude.com\/news\/wp-content\/uploads\/2026\/01\/freepik__faa-um-infogrfico-horizontal-intituladocomo-envelh__67168-768x428.png 768w, https:\/\/www.tuasaude.com\/news\/wp-content\/uploads\/2026\/01\/freepik__faa-um-infogrfico-horizontal-intituladocomo-envelh__67168-750x418.png 750w, https:\/\/www.tuasaude.com\/news\/wp-content\/uploads\/2026\/01\/freepik__faa-um-infogrfico-horizontal-intituladocomo-envelh__67168-1140x636.png 1140w, https:\/\/www.tuasaude.com\/news\/wp-content\/uploads\/2026\/01\/freepik__faa-um-infogrfico-horizontal-intituladocomo-envelh__67168.png 1280w\" sizes=\"(max-width: 1024px) 100vw, 1024px\" \/><figcaption class=\"wp-element-caption\">O corpo d\u00e1 v\u00e1rios sinais de que est\u00e1 envelhecendo, alguns voc\u00ea v\u00ea no espelho e outros s\u00f3 percebe no dia a dia<\/figcaption><\/figure>\n<\/div>\n\n\n<h2 class=\"wp-block-heading\">O que fazer para envelhecer com sa\u00fade?<\/h2>\n\n\n\n<p>A boa not\u00edcia \u00e9 que voc\u00ea pode fazer muito para envelhecer com sa\u00fade. Come\u00e7ar cedo faz diferen\u00e7a, mas nunca \u00e9 tarde para adotar h\u00e1bitos que v\u00e3o te ajudar a ter mais qualidade de vida no futuro.<\/p>\n\n\n\n<p><a href=\"https:\/\/www.who.int\/initiatives\/decade-of-healthy-ageing\" target=\"_blank\" rel=\"noreferrer noopener\">Segundo a Organiza\u00e7\u00e3o Mundial da Sa\u00fade<\/a>, as pr\u00e1ticas essenciais s\u00e3o:<\/p>\n\n\n\n<div class=\"wp-health-bg\">\n  <div class=\"wp-health-wrap\">\n    <h2>H\u00e1bitos essenciais para manter a sa\u00fade<\/h2>\n    <p>Pr\u00e1ticas di\u00e1rias para cuidar do corpo, da mente e da qualidade de vida.<\/p>\n\n    <div class=\"wp-health-card\">\n      <table class=\"wp-health-table\">\n        <thead>\n          <tr>\n            <th>H\u00e1bito<\/th>\n            <th>Por que \u00e9 importante<\/th>\n          <\/tr>\n        <\/thead>\n        <tbody>\n          <tr>\n            <td>Exerc\u00edcios regulares<\/td>\n            <td>Mant\u00eam m\u00fasculos, articula\u00e7\u00f5es e mobilidade.<\/td>\n          <\/tr>\n          <tr>\n            <td>Peso saud\u00e1vel<\/td>\n            <td>Reduz inflama\u00e7\u00f5es e riscos metab\u00f3licos.<\/td>\n          <\/tr>\n          <tr>\n            <td>Rela\u00e7\u00f5es sociais<\/td>\n            <td>Fortalecem a sa\u00fade mental e emocional.<\/td>\n          <\/tr>\n          <tr>\n            <td>Estimular o c\u00e9rebro<\/td>\n            <td>Preserva a mem\u00f3ria e a cogni\u00e7\u00e3o.<\/td>\n          <\/tr>\n          <tr>\n            <td>Sono adequado<\/td>\n            <td>Permite repara\u00e7\u00e3o celular e hormonal.<\/td>\n          <\/tr>\n          <tr>\n            <td>Gerenciar o estresse<\/td>\n            <td>Evita danos celulares e envelhecimento precoce.<\/td>\n          <\/tr>\n          <tr>\n            <td>Evitar tabaco e \u00e1lcool<\/td>\n            <td>Protege \u00f3rg\u00e3os e retarda o envelhecimento.<\/td>\n          <\/tr>\n          <tr>\n            <td>Check-ups regulares<\/td>\n            <td>Permitem diagn\u00f3stico e tratamento precoces.<\/td>\n          <\/tr>\n        <\/tbody>\n      <\/table>\n    <\/div>\n  <\/div>\n\n  <style>\n    \/* FUNDO CENTRALIZADO NA P\u00c1GINA *\/\n    .wp-health-bg{\n      width: 100%;\n      padding: 40px 0;\n      background:\n        radial-gradient(700px 320px at center top, rgba(120,190,255,.28), transparent 60%),\n        linear-gradient(180deg, #f4faff, #ffffff 70%);\n    }\n\n    \/* CONTE\u00daDO CENTRAL *\/\n    .wp-health-wrap{\n      max-width: 960px;\n      margin: 0 auto;\n      padding: 0 16px;\n      font-family: inherit;\n    }\n\n    .wp-health-wrap h2{\n      margin: 0 0 6px 0;\n      font-size: 28px;\n      line-height: 1.2;\n      color: #102533;\n    }\n\n    .wp-health-wrap p{\n      margin: 0 0 18px 0;\n      font-size: 16px;\n      line-height: 1.5;\n      color: #56748c;\n    }\n\n    \/* CARD SEM SOBRA *\/\n    .wp-health-card{\n      display: inline-block;\n      max-width: 100%;\n      background: #ffffff;\n      border: 1px solid #d6e9f7;\n      border-radius: 16px;\n      overflow: hidden;\n    }\n\n    \/* TABELA CONTROLA LARGURA *\/\n    .wp-health-table{\n      border-collapse: collapse;\n      width: auto;\n      max-width: 100%;\n      min-width: 540px;\n    }\n\n    .wp-health-table thead th{\n      padding: 12px 16px;\n      text-align: left;\n      font-size: 13px;\n      letter-spacing: .06em;\n      text-transform: uppercase;\n      background: #eaf6ff;\n      color: #345b73;\n      border-bottom: 1px solid #d6e9f7;\n    }\n\n    .wp-health-table td{\n      padding: 12px 16px;\n      border-top: 1px solid #edf2f6;\n      font-size: 15px;\n      line-height: 1.35;\n      color: #102533;\n      vertical-align: top;\n    }\n\n    .wp-health-table td:first-child{\n      white-space: nowrap;\n      font-weight: 600;\n    }\n\n    .wp-health-table td:last-child{\n      white-space: normal;\n      max-width: 520px;\n    }\n\n    \/* MOBILE *\/\n    @media (max-width: 640px){\n      .wp-health-bg{\n        padding: 28px 0;\n      }\n\n      .wp-health-card{\n        display: block;\n      }\n\n      .wp-health-table{\n        width: 100%;\n        min-width: 0;\n      }\n\n      .wp-health-table td:last-child{\n        max-width: none;\n      }\n    }\n  <\/style>\n<\/div>\n\n\n\n\n<h2 class=\"wp-block-heading\">Como a alimenta\u00e7\u00e3o influencia o envelhecimento saud\u00e1vel?<\/h2>\n\n\n\n<p>O que voc\u00ea come tem tudo a ver com como vai envelhecer. Estudos evidenciam que dietas ricas em antioxidantes, como a mediterr\u00e2nea, ajudam a reduzir inflama\u00e7\u00f5es e proteger o c\u00e9rebro. J\u00e1 os ultraprocessados, a\u00e7\u00facar e gorduras trans aceleram o envelhecimento celular.<\/p>\n\n\n\n<p>Inclua no seu prato frutas, vegetais, gr\u00e3os integrais, peixes e castanhas. Esses alimentos t\u00eam nutrientes como \u00f4mega-3, vitaminas C e E, zinco e sel\u00eanio que protegem suas c\u00e9lulas. Quer envelhecer bem? Comece hoje mesmo a cuidar melhor da sua sa\u00fade e procure um m\u00e9dico para ter orienta\u00e7\u00f5es personalizadas sobre o que funciona melhor para voc\u00ea.<\/p>\n\n\n\n<p><\/p>\n","protected":false},"excerpt":{"rendered":"<p>Todo mundo vai envelhecer, mas existem formas diferentes de passar por esse processo. Algumas pessoas chegam aos 70 anos cheias de energia, enquanto outras enfrentam limita\u00e7\u00f5es bem antes. A diferen\u00e7a est\u00e1 principalmente nos h\u00e1bitos que voc\u00ea cultiva ao longo da vida. O que \u00e9 o processo de envelhecimento? O envelhecimento \u00e9 um processo biol\u00f3gico que [&hellip;]<\/p>\n","protected":false},"author":7,"featured_media":547,"comment_status":"open","ping_status":"open","sticky":false,"template":"","format":"standard","meta":{"_yoast_wpseo_focuskw":"envelhecimento","_yoast_wpseo_title":"","_yoast_wpseo_metadesc":"Fumar, sedentarismo e estresse aceleram. Antioxidantes, \u00f4mega-3 e sono adequado protegem c\u00e9lulas. Nunca \u00e9 tarde para come\u00e7ar a cuidar melhor.","jnews-multi-image_gallery":[],"jnews_single_post":{"format":"standard"},"jnews_primary_category":[],"jnews_social_meta":[],"jnews_override_counter":[],"footnotes":""},"categories":[111],"tags":[183,185,184,136],"class_list":["post-512","post","type-post","status-publish","format-standard","has-post-thumbnail","hentry","category-saude","tag-habitos","tag-idade","tag-longevidade","tag-saude"],"yoast_head":"<!-- This site is optimized with the Yoast SEO plugin v26.7 - https:\/\/yoast.com\/wordpress\/plugins\/seo\/ -->\n<title>Pessoa de 70 anos cheia de energia tem esses h\u00e1bitos que outra da mesma idade n\u00e3o possui - Tua Sa\u00fade<\/title>\n<meta name=\"description\" content=\"Fumar, sedentarismo e estresse aceleram. Antioxidantes, \u00f4mega-3 e sono adequado protegem c\u00e9lulas. Nunca \u00e9 tarde para come\u00e7ar a cuidar melhor.\" \/>\n<meta name=\"robots\" content=\"index, follow, max-snippet:-1, max-image-preview:large, max-video-preview:-1\" \/>\n<link rel=\"canonical\" href=\"https:\/\/www.tuasaude.com\/news\/2026\/01\/13\/pessoa-de-70-anos-cheia-de-energia-tem-esses-habitos-que-outra-da-mesma-idade-nao-possui\/\" \/>\n<meta property=\"og:locale\" content=\"pt_BR\" \/>\n<meta property=\"og:type\" content=\"article\" \/>\n<meta property=\"og:title\" content=\"Pessoa de 70 anos cheia de energia tem esses h\u00e1bitos que outra da mesma idade n\u00e3o possui - Tua Sa\u00fade\" \/>\n<meta property=\"og:description\" content=\"Fumar, sedentarismo e estresse aceleram. Antioxidantes, \u00f4mega-3 e sono adequado protegem c\u00e9lulas. Nunca \u00e9 tarde para come\u00e7ar a cuidar melhor.\" \/>\n<meta property=\"og:url\" content=\"https:\/\/www.tuasaude.com\/news\/2026\/01\/13\/pessoa-de-70-anos-cheia-de-energia-tem-esses-habitos-que-outra-da-mesma-idade-nao-possui\/\" \/>\n<meta property=\"og:site_name\" content=\"Tua Sa\u00fade\" \/>\n<meta property=\"article:published_time\" content=\"2026-01-13T23:00:00+00:00\" \/>\n<meta property=\"og:image\" content=\"https:\/\/www.tuasaude.com\/news\/wp-content\/uploads\/2026\/01\/freepik__35mm-film-photography-pessoa-com-cerca-de-70-anos-__67166.jpeg\" \/>\n\t<meta property=\"og:image:width\" content=\"1280\" \/>\n\t<meta property=\"og:image:height\" content=\"731\" \/>\n\t<meta property=\"og:image:type\" content=\"image\/jpeg\" \/>\n<meta name=\"author\" content=\"Carlos Emanoel\" \/>\n<meta name=\"twitter:card\" content=\"summary_large_image\" \/>\n<meta name=\"twitter:label1\" content=\"Escrito por\" \/>\n\t<meta name=\"twitter:data1\" content=\"Carlos Emanoel\" \/>\n\t<meta name=\"twitter:label2\" content=\"Est. tempo de leitura\" \/>\n\t<meta name=\"twitter:data2\" content=\"5 minutos\" \/>\n<!-- \/ Yoast SEO plugin. -->","yoast_head_json":{"title":"Pessoa de 70 anos cheia de energia tem esses h\u00e1bitos que outra da mesma idade n\u00e3o possui - Tua Sa\u00fade","description":"Fumar, sedentarismo e estresse aceleram. Antioxidantes, \u00f4mega-3 e sono adequado protegem c\u00e9lulas. Nunca \u00e9 tarde para come\u00e7ar a cuidar melhor.","robots":{"index":"index","follow":"follow","max-snippet":"max-snippet:-1","max-image-preview":"max-image-preview:large","max-video-preview":"max-video-preview:-1"},"canonical":"https:\/\/www.tuasaude.com\/news\/2026\/01\/13\/pessoa-de-70-anos-cheia-de-energia-tem-esses-habitos-que-outra-da-mesma-idade-nao-possui\/","og_locale":"pt_BR","og_type":"article","og_title":"Pessoa de 70 anos cheia de energia tem esses h\u00e1bitos que outra da mesma idade n\u00e3o possui - Tua Sa\u00fade","og_description":"Fumar, sedentarismo e estresse aceleram. Antioxidantes, \u00f4mega-3 e sono adequado protegem c\u00e9lulas. Nunca \u00e9 tarde para come\u00e7ar a cuidar melhor.","og_url":"https:\/\/www.tuasaude.com\/news\/2026\/01\/13\/pessoa-de-70-anos-cheia-de-energia-tem-esses-habitos-que-outra-da-mesma-idade-nao-possui\/","og_site_name":"Tua Sa\u00fade","article_published_time":"2026-01-13T23:00:00+00:00","og_image":[{"width":1280,"height":731,"url":"https:\/\/www.tuasaude.com\/news\/wp-content\/uploads\/2026\/01\/freepik__35mm-film-photography-pessoa-com-cerca-de-70-anos-__67166.jpeg","type":"image\/jpeg"}],"author":"Carlos Emanoel","twitter_card":"summary_large_image","twitter_misc":{"Escrito por":"Carlos Emanoel","Est. tempo de leitura":"5 minutos"},"schema":{"@context":"https:\/\/schema.org","@graph":[{"@type":"Article","@id":"https:\/\/www.tuasaude.com\/news\/2026\/01\/13\/pessoa-de-70-anos-cheia-de-energia-tem-esses-habitos-que-outra-da-mesma-idade-nao-possui\/#article","isPartOf":{"@id":"https:\/\/www.tuasaude.com\/news\/2026\/01\/13\/pessoa-de-70-anos-cheia-de-energia-tem-esses-habitos-que-outra-da-mesma-idade-nao-possui\/"},"author":{"name":"Carlos Emanoel","@id":"https:\/\/www.tuasaude.com\/news\/#\/schema\/person\/0209173c87289752104ffda721220a20"},"headline":"Pessoa de 70 anos cheia de energia tem esses h\u00e1bitos que outra da mesma idade n\u00e3o possui","datePublished":"2026-01-13T23:00:00+00:00","mainEntityOfPage":{"@id":"https:\/\/www.tuasaude.com\/news\/2026\/01\/13\/pessoa-de-70-anos-cheia-de-energia-tem-esses-habitos-que-outra-da-mesma-idade-nao-possui\/"},"wordCount":768,"commentCount":0,"image":{"@id":"https:\/\/www.tuasaude.com\/news\/2026\/01\/13\/pessoa-de-70-anos-cheia-de-energia-tem-esses-habitos-que-outra-da-mesma-idade-nao-possui\/#primaryimage"},"thumbnailUrl":"https:\/\/www.tuasaude.com\/news\/wp-content\/uploads\/2026\/01\/freepik__35mm-film-photography-pessoa-com-cerca-de-70-anos-__67166.jpeg","keywords":["h\u00e1bitos","idade","longevidade","sa\u00fade"],"articleSection":["Sa\u00fade"],"inLanguage":"pt-BR","potentialAction":[{"@type":"CommentAction","name":"Comment","target":["https:\/\/www.tuasaude.com\/news\/2026\/01\/13\/pessoa-de-70-anos-cheia-de-energia-tem-esses-habitos-que-outra-da-mesma-idade-nao-possui\/#respond"]}]},{"@type":"WebPage","@id":"https:\/\/www.tuasaude.com\/news\/2026\/01\/13\/pessoa-de-70-anos-cheia-de-energia-tem-esses-habitos-que-outra-da-mesma-idade-nao-possui\/","url":"https:\/\/www.tuasaude.com\/news\/2026\/01\/13\/pessoa-de-70-anos-cheia-de-energia-tem-esses-habitos-que-outra-da-mesma-idade-nao-possui\/","name":"Pessoa de 70 anos cheia de energia tem esses h\u00e1bitos que outra da mesma idade n\u00e3o possui - Tua Sa\u00fade","isPartOf":{"@id":"https:\/\/www.tuasaude.com\/news\/#website"},"primaryImageOfPage":{"@id":"https:\/\/www.tuasaude.com\/news\/2026\/01\/13\/pessoa-de-70-anos-cheia-de-energia-tem-esses-habitos-que-outra-da-mesma-idade-nao-possui\/#primaryimage"},"image":{"@id":"https:\/\/www.tuasaude.com\/news\/2026\/01\/13\/pessoa-de-70-anos-cheia-de-energia-tem-esses-habitos-que-outra-da-mesma-idade-nao-possui\/#primaryimage"},"thumbnailUrl":"https:\/\/www.tuasaude.com\/news\/wp-content\/uploads\/2026\/01\/freepik__35mm-film-photography-pessoa-com-cerca-de-70-anos-__67166.jpeg","datePublished":"2026-01-13T23:00:00+00:00","author":{"@id":"https:\/\/www.tuasaude.com\/news\/#\/schema\/person\/0209173c87289752104ffda721220a20"},"description":"Fumar, sedentarismo e estresse aceleram. Antioxidantes, \u00f4mega-3 e sono adequado protegem c\u00e9lulas. Nunca \u00e9 tarde para come\u00e7ar a cuidar melhor.","breadcrumb":{"@id":"https:\/\/www.tuasaude.com\/news\/2026\/01\/13\/pessoa-de-70-anos-cheia-de-energia-tem-esses-habitos-que-outra-da-mesma-idade-nao-possui\/#breadcrumb"},"inLanguage":"pt-BR","potentialAction":[{"@type":"ReadAction","target":["https:\/\/www.tuasaude.com\/news\/2026\/01\/13\/pessoa-de-70-anos-cheia-de-energia-tem-esses-habitos-que-outra-da-mesma-idade-nao-possui\/"]}]},{"@type":"ImageObject","inLanguage":"pt-BR","@id":"https:\/\/www.tuasaude.com\/news\/2026\/01\/13\/pessoa-de-70-anos-cheia-de-energia-tem-esses-habitos-que-outra-da-mesma-idade-nao-possui\/#primaryimage","url":"https:\/\/www.tuasaude.com\/news\/wp-content\/uploads\/2026\/01\/freepik__35mm-film-photography-pessoa-com-cerca-de-70-anos-__67166.jpeg","contentUrl":"https:\/\/www.tuasaude.com\/news\/wp-content\/uploads\/2026\/01\/freepik__35mm-film-photography-pessoa-com-cerca-de-70-anos-__67166.jpeg","width":1280,"height":731,"caption":"O corpo d\u00e1 v\u00e1rios sinais de que est\u00e1 envelhecendo, alguns voc\u00ea v\u00ea no espelho e outros s\u00f3 percebe no dia a dia"},{"@type":"BreadcrumbList","@id":"https:\/\/www.tuasaude.com\/news\/2026\/01\/13\/pessoa-de-70-anos-cheia-de-energia-tem-esses-habitos-que-outra-da-mesma-idade-nao-possui\/#breadcrumb","itemListElement":[{"@type":"ListItem","position":1,"name":"In\u00edcio","item":"https:\/\/www.tuasaude.com\/news\/"},{"@type":"ListItem","position":2,"name":"Pessoa de 70 anos cheia de energia tem esses h\u00e1bitos que outra da mesma idade n\u00e3o possui"}]},{"@type":"WebSite","@id":"https:\/\/www.tuasaude.com\/news\/#website","url":"https:\/\/www.tuasaude.com\/news\/","name":"Tua Sa\u00fade","description":"Seu site de sa\u00fade","potentialAction":[{"@type":"SearchAction","target":{"@type":"EntryPoint","urlTemplate":"https:\/\/www.tuasaude.com\/news\/?s={search_term_string}"},"query-input":{"@type":"PropertyValueSpecification","valueRequired":true,"valueName":"search_term_string"}}],"inLanguage":"pt-BR"},{"@type":"Person","@id":"https:\/\/www.tuasaude.com\/news\/#\/schema\/person\/0209173c87289752104ffda721220a20","name":"Carlos Emanoel","image":{"@type":"ImageObject","inLanguage":"pt-BR","@id":"https:\/\/www.tuasaude.com\/news\/#\/schema\/person\/image\/","url":"https:\/\/secure.gravatar.com\/avatar\/30e1f067eeac67dde63039d7e35ed50e59f4d189925ea75d1bc1690d1a9fe491?s=96&d=mm&r=g","contentUrl":"https:\/\/secure.gravatar.com\/avatar\/30e1f067eeac67dde63039d7e35ed50e59f4d189925ea75d1bc1690d1a9fe491?s=96&d=mm&r=g","caption":"Carlos Emanoel"},"sameAs":["https:\/\/www.tuasaude.com\/news\/"],"url":"https:\/\/www.tuasaude.com\/news\/author\/carlos-emanoel\/"}]}},"_links":{"self":[{"href":"https:\/\/www.tuasaude.com\/news\/wp-json\/wp\/v2\/posts\/512","targetHints":{"allow":["GET"]}}],"collection":[{"href":"https:\/\/www.tuasaude.com\/news\/wp-json\/wp\/v2\/posts"}],"about":[{"href":"https:\/\/www.tuasaude.com\/news\/wp-json\/wp\/v2\/types\/post"}],"author":[{"embeddable":true,"href":"https:\/\/www.tuasaude.com\/news\/wp-json\/wp\/v2\/users\/7"}],"replies":[{"embeddable":true,"href":"https:\/\/www.tuasaude.com\/news\/wp-json\/wp\/v2\/comments?post=512"}],"version-history":[{"count":4,"href":"https:\/\/www.tuasaude.com\/news\/wp-json\/wp\/v2\/posts\/512\/revisions"}],"predecessor-version":[{"id":564,"href":"https:\/\/www.tuasaude.com\/news\/wp-json\/wp\/v2\/posts\/512\/revisions\/564"}],"wp:featuredmedia":[{"embeddable":true,"href":"https:\/\/www.tuasaude.com\/news\/wp-json\/wp\/v2\/media\/547"}],"wp:attachment":[{"href":"https:\/\/www.tuasaude.com\/news\/wp-json\/wp\/v2\/media?parent=512"}],"wp:term":[{"taxonomy":"category","embeddable":true,"href":"https:\/\/www.tuasaude.com\/news\/wp-json\/wp\/v2\/categories?post=512"},{"taxonomy":"post_tag","embeddable":true,"href":"https:\/\/www.tuasaude.com\/news\/wp-json\/wp\/v2\/tags?post=512"}],"curies":[{"name":"wp","href":"https:\/\/api.w.org\/{rel}","templated":true}]}}