{"id":493,"date":"2026-01-15T08:58:01","date_gmt":"2026-01-15T11:58:01","guid":{"rendered":"https:\/\/www.tuasaude.com\/news\/?p=493"},"modified":"2026-01-15T08:58:02","modified_gmt":"2026-01-15T11:58:02","slug":"pegar-sol-nesse-horario-especifico-turbina-sua-vitamina-d-e-fortalece-os-ossos-e-a-imunidade","status":"publish","type":"post","link":"https:\/\/www.tuasaude.com\/news\/2026\/01\/15\/pegar-sol-nesse-horario-especifico-turbina-sua-vitamina-d-e-fortalece-os-ossos-e-a-imunidade\/","title":{"rendered":"Pegar sol nesse hor\u00e1rio espec\u00edfico turbina sua vitamina D e fortalece os ossos e a imunidade"},"content":{"rendered":"\n<p>Tomar sol entre 10h e 16h \u00e9 o per\u00edodo mais eficaz para produ\u00e7\u00e3o de vitamina D, com pico entre 10h e 15h, quando os raios UVB atingem a Terra com maior intensidade. A exposi\u00e7\u00e3o solar de 10 a 30 minutos, dependendo do tipo de pele e localiza\u00e7\u00e3o geogr\u00e1fica, \u00e9 suficiente para estimular a s\u00edntese adequada desse nutriente essencial para a sa\u00fade \u00f3ssea, imunol\u00f3gica e cardiovascular.<\/p>\n\n\n\n<h2 class=\"wp-block-heading\">Qual \u00e9 o melhor hor\u00e1rio para tomar sol?<\/h2>\n\n\n\n<p>O hor\u00e1rio ideal para exposi\u00e7\u00e3o solar com objetivo de <a href=\"https:\/\/www.tuasaude.com\/vitamina-d-e-sol\/\" target=\"_blank\" rel=\"noreferrer noopener\">produzir vitamina D<\/a> varia entre 10h e 16h, sendo o per\u00edodo entre 10h e 15h o mais eficiente. Nesse intervalo, os raios ultravioleta B (UVB) penetram a atmosfera com maior facilidade, permitindo que a pele converta o 7-desidrocolesterol em vitamina D3 de forma otimizada.<\/p>\n\n\n\n<p>A s\u00edntese de vitamina D pode variar conforme a latitude e esta\u00e7\u00e3o do ano. Em regi\u00f5es pr\u00f3ximas \u00e0 linha do Equador, como grande parte do Brasil, a produ\u00e7\u00e3o \u00e9 mais constante ao longo do ano, enquanto em latitudes mais altas pode haver redu\u00e7\u00e3o significativa durante o inverno.<\/p>\n\n\n<div class=\"wp-block-image\">\n<figure class=\"aligncenter size-full\"><img decoding=\"async\" width=\"1280\" height=\"731\" src=\"https:\/\/www.tuasaude.com\/news\/wp-content\/uploads\/2026\/01\/freepik__35mm-film-photography-pessoa-adulta-ao-ar-livre-to__56864.jpeg\" alt=\"Pegar sol nesse hor\u00e1rio espec\u00edfico turbina sua vitamina D e fortalece os ossos e a imunidade\" class=\"wp-image-536\" srcset=\"https:\/\/www.tuasaude.com\/news\/wp-content\/uploads\/2026\/01\/freepik__35mm-film-photography-pessoa-adulta-ao-ar-livre-to__56864.jpeg 1280w, https:\/\/www.tuasaude.com\/news\/wp-content\/uploads\/2026\/01\/freepik__35mm-film-photography-pessoa-adulta-ao-ar-livre-to__56864-300x171.jpeg 300w, https:\/\/www.tuasaude.com\/news\/wp-content\/uploads\/2026\/01\/freepik__35mm-film-photography-pessoa-adulta-ao-ar-livre-to__56864-1024x585.jpeg 1024w, https:\/\/www.tuasaude.com\/news\/wp-content\/uploads\/2026\/01\/freepik__35mm-film-photography-pessoa-adulta-ao-ar-livre-to__56864-768x439.jpeg 768w, https:\/\/www.tuasaude.com\/news\/wp-content\/uploads\/2026\/01\/freepik__35mm-film-photography-pessoa-adulta-ao-ar-livre-to__56864-750x428.jpeg 750w, https:\/\/www.tuasaude.com\/news\/wp-content\/uploads\/2026\/01\/freepik__35mm-film-photography-pessoa-adulta-ao-ar-livre-to__56864-1140x651.jpeg 1140w\" sizes=\"(max-width: 1280px) 100vw, 1280px\" \/><figcaption class=\"wp-element-caption\">O hor\u00e1rio ideal para exposi\u00e7\u00e3o solar com objetivo de produzir vitamina D varia entre 10h e 16h,<\/figcaption><\/figure>\n<\/div>\n\n\n<h2 class=\"wp-block-heading\">Quanto tempo \u00e9 necess\u00e1rio para produzir vitamina D?<\/h2>\n\n\n\n<p>A dura\u00e7\u00e3o ideal da exposi\u00e7\u00e3o solar depende do fototipo da pele, variando de 10 a 30 minutos di\u00e1rios. Pessoas de pele clara necessitam menos tempo de exposi\u00e7\u00e3o, enquanto indiv\u00edduos de pele mais escura precisam de per\u00edodos mais longos devido \u00e0 maior quantidade de melanina, que funciona como prote\u00e7\u00e3o natural contra os raios UV.<\/p>\n\n\n\n<p><a href=\"https:\/\/www.sbd.org.br\/exposicao-solar-leve-com-medidas-fotoprotetoras-nao-impacta-a-producao-de-vitamina-d-pelo-organismo\/\" target=\"_blank\" rel=\"noreferrer noopener\">Segundo a Sociedade Brasileira de Dermatologia<\/a>, \u00e9 importante expor \u00e1reas maiores do corpo, como bra\u00e7os e pernas, sempre com protetor solar. O uso de filtro solar n\u00e3o impede completamente a s\u00edntese de vitamina D, conforme demonstrado em estudos realizados pela pr\u00f3pria entidade.<\/p>\n\n\n\n<h2 class=\"wp-block-heading\">Quais os principais benef\u00edcios da vitamina D?<\/h2>\n\n\n\n<p>A vitamina D produzida atrav\u00e9s da exposi\u00e7\u00e3o solar desempenha fun\u00e7\u00f5es cruciais no organismo. Antes de detalhar os benef\u00edcios, \u00e9 essencial compreender que essa vitamina atua como um horm\u00f4nio, regulando mais de 200 genes e processos metab\u00f3licos.<\/p>\n\n\n\n<div class=\"wp-vitd-simple\">\n  <h2>Principais benef\u00edcios da vitamina D<\/h2>\n\n  <div class=\"wp-vitd-simple__card\">\n    <table class=\"wp-vitd-simple__table\">\n      <thead>\n        <tr>\n          <th>Benef\u00edcio<\/th>\n          <th>Como a vitamina D ajuda<\/th>\n        <\/tr>\n      <\/thead>\n      <tbody>\n        <tr>\n          <td>Sa\u00fade \u00f3ssea<\/td>\n          <td>Facilita a absor\u00e7\u00e3o de c\u00e1lcio e f\u00f3sforo, fortalecendo os ossos e ajudando a prevenir osteoporose e raquitismo.<\/td>\n        <\/tr>\n        <tr>\n          <td>Sistema imunol\u00f3gico<\/td>\n          <td>Fortalece as defesas naturais do organismo contra infec\u00e7\u00f5es e doen\u00e7as autoimunes.<\/td>\n        <\/tr>\n        <tr>\n          <td>Sa\u00fade cardiovascular<\/td>\n          <td>Auxilia na regula\u00e7\u00e3o da press\u00e3o arterial e no bom funcionamento do cora\u00e7\u00e3o.<\/td>\n        <\/tr>\n        <tr>\n          <td>Bem-estar mental<\/td>\n          <td>Contribui para a produ\u00e7\u00e3o de serotonina, ajudando na preven\u00e7\u00e3o da depress\u00e3o.<\/td>\n        <\/tr>\n        <tr>\n          <td>For\u00e7a muscular<\/td>\n          <td>Melhora o desempenho muscular e auxilia na recupera\u00e7\u00e3o ap\u00f3s esfor\u00e7os f\u00edsicos.<\/td>\n        <\/tr>\n      <\/tbody>\n    <\/table>\n  <\/div>\n\n  <style>\n    .wp-vitd-simple{\n      max-width: 960px;\n      margin: 0 auto;\n      padding: 12px 16px;\n      font-family: inherit;\n    }\n\n    .wp-vitd-simple h2{\n      margin: 0 0 16px 0;\n      font-size: 28px;\n      line-height: 1.2;\n      color: #102533;\n    }\n\n    \/* CARD CENTRAL, SEM SOBRA *\/\n    .wp-vitd-simple__card{\n      display: inline-block;\n      max-width: 100%;\n      background: #ffffff;\n      border: 1px solid #d6e9f7;\n      border-radius: 14px;\n      overflow: hidden;\n    }\n\n    \/* TABELA CONTROLA A LARGURA *\/\n    .wp-vitd-simple__table{\n      border-collapse: collapse;\n      width: auto;\n      max-width: 100%;\n      min-width: 520px;\n    }\n\n    .wp-vitd-simple__table thead th{\n      padding: 12px 16px;\n      text-align: left;\n      font-size: 13px;\n      letter-spacing: .06em;\n      text-transform: uppercase;\n      background: #eaf6ff;\n      color: #345b73;\n      border-bottom: 1px solid #d6e9f7;\n    }\n\n    .wp-vitd-simple__table td{\n      padding: 12px 16px;\n      border-top: 1px solid #edf2f6;\n      font-size: 15px;\n      line-height: 1.35;\n      color: #102533;\n      vertical-align: top;\n    }\n\n    .wp-vitd-simple__table td:first-child{\n      white-space: nowrap;\n      font-weight: 600;\n    }\n\n    .wp-vitd-simple__table td:last-child{\n      white-space: normal;\n      max-width: 520px;\n    }\n\n    \/* MOBILE *\/\n    @media (max-width: 640px){\n      .wp-vitd-simple{\n        padding: 8px 12px;\n      }\n\n      .wp-vitd-simple__card{\n        display: block;\n      }\n\n      .wp-vitd-simple__table{\n        width: 100%;\n        min-width: 0;\n      }\n\n      .wp-vitd-simple__table td:last-child{\n        max-width: none;\n      }\n    }\n  <\/style>\n<\/div>\n\n\n\n\n<h2 class=\"wp-block-heading\">Existem riscos na exposi\u00e7\u00e3o solar inadequada?<\/h2>\n\n\n\n<p>A exposi\u00e7\u00e3o solar excessiva ou em hor\u00e1rios inadequados pode trazer consequ\u00eancias s\u00e9rias \u00e0 sa\u00fade. Os raios ultravioleta em excesso causam danos cumulativos \u00e0 pele, acelerando o envelhecimento e aumentando o risco de c\u00e2ncer de pele, <a href=\"https:\/\/www.inca.gov.br\/sites\/ufu.sti.inca.local\/files\/media\/document\/informativo-deteccao-precoce-3-2016.pdf\" target=\"_blank\" rel=\"noreferrer noopener\">segundo dados do Instituto Nacional do C\u00e2ncer (INCA)<\/a>.<\/p>\n\n\n\n<p>O INCA estima aproximadamente 220 mil novos casos de c\u00e2ncer de pele por ano no Brasil, sendo a exposi\u00e7\u00e3o solar desprotegida o principal fator de risco. Para equilibrar os benef\u00edcios e riscos, \u00e9 fundamental respeitar o tempo de exposi\u00e7\u00e3o recomendado e proteger \u00e1reas sens\u00edveis como rosto e pesco\u00e7o com protetor solar de FPS 30 ou superior.<\/p>\n\n\n<div class=\"wp-block-image\">\n<figure class=\"aligncenter size-large\"><img decoding=\"async\" width=\"1024\" height=\"571\" src=\"https:\/\/www.tuasaude.com\/news\/wp-content\/uploads\/2026\/01\/freepik__infogrfico-horizontalvitamina-d-como-e-quando-toma__67154-1024x571.png\" alt=\"Pegar sol nesse hor\u00e1rio espec\u00edfi\" class=\"wp-image-529\" srcset=\"https:\/\/www.tuasaude.com\/news\/wp-content\/uploads\/2026\/01\/freepik__infogrfico-horizontalvitamina-d-como-e-quando-toma__67154-1024x571.png 1024w, https:\/\/www.tuasaude.com\/news\/wp-content\/uploads\/2026\/01\/freepik__infogrfico-horizontalvitamina-d-como-e-quando-toma__67154-300x167.png 300w, https:\/\/www.tuasaude.com\/news\/wp-content\/uploads\/2026\/01\/freepik__infogrfico-horizontalvitamina-d-como-e-quando-toma__67154-768x428.png 768w, https:\/\/www.tuasaude.com\/news\/wp-content\/uploads\/2026\/01\/freepik__infogrfico-horizontalvitamina-d-como-e-quando-toma__67154-750x418.png 750w, https:\/\/www.tuasaude.com\/news\/wp-content\/uploads\/2026\/01\/freepik__infogrfico-horizontalvitamina-d-como-e-quando-toma__67154-1140x636.png 1140w, https:\/\/www.tuasaude.com\/news\/wp-content\/uploads\/2026\/01\/freepik__infogrfico-horizontalvitamina-d-como-e-quando-toma__67154.png 1280w\" sizes=\"(max-width: 1024px) 100vw, 1024px\" \/><figcaption class=\"wp-element-caption\">O hor\u00e1rio ideal para exposi\u00e7\u00e3o solar com objetivo de produzir vitamina D varia entre 10h e 16h,<\/figcaption><\/figure>\n<\/div>\n\n\n<h2 class=\"wp-block-heading\">Como otimizar a produ\u00e7\u00e3o de vitamina D atrav\u00e9s do sol?<\/h2>\n\n\n\n<p>Para maximizar os benef\u00edcios da exposi\u00e7\u00e3o solar, alguns cuidados s\u00e3o fundamentais. A combina\u00e7\u00e3o de hor\u00e1rio adequado, tempo correto e t\u00e9cnica apropriada garante resultados eficientes sem comprometer a sa\u00fade da pele.<\/p>\n\n\n\n<p><strong>Estrat\u00e9gias para otimizar a s\u00edntese de vitamina D:<\/strong><\/p>\n\n\n\n<ul class=\"wp-block-list\">\n<li>Exponha pelo menos 25% da superf\u00edcie corporal (bra\u00e7os e pernas)<\/li>\n\n\n\n<li>Use protetor solar sempre, com reaplica\u00e7\u00e3o a cada 2 horas<\/li>\n\n\n\n<li>Mantenha a consist\u00eancia com exposi\u00e7\u00f5es regulares, n\u00e3o apenas espor\u00e1dicas<\/li>\n\n\n\n<li>Escolha locais ao ar livre, pois vidros bloqueiam raios UVB<\/li>\n\n\n\n<li>Considere suplementa\u00e7\u00e3o em casos de defici\u00eancia comprovada ou impossibilidade de exposi\u00e7\u00e3o adequada<\/li>\n<\/ul>\n\n\n\n<p>\u00c9 fundamental consultar um m\u00e9dico ou nutricionista para avaliar seus n\u00edveis de vitamina D atrav\u00e9s de exames laboratoriais. Cada pessoa possui necessidades individuais que dependem de fatores como idade, condi\u00e7\u00f5es de sa\u00fade, tipo de pele e localiza\u00e7\u00e3o geogr\u00e1fica, e apenas um profissional qualificado pode orientar adequadamente sobre a necessidade de exposi\u00e7\u00e3o solar ou suplementa\u00e7\u00e3o.<\/p>\n\n\n\n<p><\/p>\n","protected":false},"excerpt":{"rendered":"<p>Tomar sol entre 10h e 16h \u00e9 o per\u00edodo mais eficaz para produ\u00e7\u00e3o de vitamina D, com pico entre 10h e 15h, quando os raios UVB atingem a Terra com maior intensidade. A exposi\u00e7\u00e3o solar de 10 a 30 minutos, dependendo do tipo de pele e localiza\u00e7\u00e3o geogr\u00e1fica, \u00e9 suficiente para estimular a s\u00edntese adequada [&hellip;]<\/p>\n","protected":false},"author":7,"featured_media":520,"comment_status":"open","ping_status":"open","sticky":false,"template":"","format":"standard","meta":{"_yoast_wpseo_focuskw":"vitamina D","_yoast_wpseo_title":"","_yoast_wpseo_metadesc":"Expor bra\u00e7os e pernas ao sol no hor\u00e1rio certo turbina vitamina D e regula mais de 200 processos do corpo. Protetor n\u00e3o atrapalha a produ\u00e7\u00e3o.","jnews-multi-image_gallery":[],"jnews_single_post":{"format":"standard"},"jnews_primary_category":[],"jnews_social_meta":[],"jnews_override_counter":[],"footnotes":""},"categories":[111],"tags":[167,115,166,114],"class_list":["post-493","post","type-post","status-publish","format-standard","has-post-thumbnail","hentry","category-saude","tag-horario","tag-ossos","tag-sol","tag-vitamina-d"],"yoast_head":"<!-- This site is optimized with the Yoast SEO plugin v26.7 - https:\/\/yoast.com\/wordpress\/plugins\/seo\/ -->\n<title>Pegar sol nesse hor\u00e1rio espec\u00edfico turbina sua vitamina D e fortalece os ossos e a imunidade - Tua Sa\u00fade<\/title>\n<meta name=\"description\" content=\"Expor bra\u00e7os e pernas ao sol no hor\u00e1rio certo turbina vitamina D e regula mais de 200 processos do corpo. Protetor n\u00e3o atrapalha a produ\u00e7\u00e3o.\" \/>\n<meta name=\"robots\" content=\"index, follow, max-snippet:-1, max-image-preview:large, max-video-preview:-1\" \/>\n<link rel=\"canonical\" href=\"https:\/\/www.tuasaude.com\/news\/2026\/01\/15\/pegar-sol-nesse-horario-especifico-turbina-sua-vitamina-d-e-fortalece-os-ossos-e-a-imunidade\/\" \/>\n<meta property=\"og:locale\" content=\"pt_BR\" \/>\n<meta property=\"og:type\" content=\"article\" \/>\n<meta property=\"og:title\" content=\"Pegar sol nesse hor\u00e1rio espec\u00edfico turbina sua vitamina D e fortalece os ossos e a imunidade - Tua Sa\u00fade\" \/>\n<meta property=\"og:description\" content=\"Expor bra\u00e7os e pernas ao sol no hor\u00e1rio certo turbina vitamina D e regula mais de 200 processos do corpo. Protetor n\u00e3o atrapalha a produ\u00e7\u00e3o.\" \/>\n<meta property=\"og:url\" content=\"https:\/\/www.tuasaude.com\/news\/2026\/01\/15\/pegar-sol-nesse-horario-especifico-turbina-sua-vitamina-d-e-fortalece-os-ossos-e-a-imunidade\/\" \/>\n<meta property=\"og:site_name\" content=\"Tua Sa\u00fade\" \/>\n<meta property=\"article:published_time\" content=\"2026-01-15T11:58:01+00:00\" \/>\n<meta property=\"article:modified_time\" content=\"2026-01-15T11:58:02+00:00\" \/>\n<meta property=\"og:image\" content=\"https:\/\/www.tuasaude.com\/news\/wp-content\/uploads\/2026\/01\/freepik__35mm-film-photography-pessoa-adulta-sentada-em-rea__56863.jpeg\" \/>\n\t<meta property=\"og:image:width\" content=\"1280\" \/>\n\t<meta property=\"og:image:height\" content=\"731\" \/>\n\t<meta property=\"og:image:type\" content=\"image\/jpeg\" \/>\n<meta name=\"author\" content=\"Carlos Emanoel\" \/>\n<meta name=\"twitter:card\" content=\"summary_large_image\" \/>\n<meta name=\"twitter:label1\" content=\"Escrito por\" \/>\n\t<meta name=\"twitter:data1\" content=\"Carlos Emanoel\" \/>\n\t<meta name=\"twitter:label2\" content=\"Est. tempo de leitura\" \/>\n\t<meta name=\"twitter:data2\" content=\"5 minutos\" \/>\n<!-- \/ Yoast SEO plugin. -->","yoast_head_json":{"title":"Pegar sol nesse hor\u00e1rio espec\u00edfico turbina sua vitamina D e fortalece os ossos e a imunidade - Tua Sa\u00fade","description":"Expor bra\u00e7os e pernas ao sol no hor\u00e1rio certo turbina vitamina D e regula mais de 200 processos do corpo. Protetor n\u00e3o atrapalha a produ\u00e7\u00e3o.","robots":{"index":"index","follow":"follow","max-snippet":"max-snippet:-1","max-image-preview":"max-image-preview:large","max-video-preview":"max-video-preview:-1"},"canonical":"https:\/\/www.tuasaude.com\/news\/2026\/01\/15\/pegar-sol-nesse-horario-especifico-turbina-sua-vitamina-d-e-fortalece-os-ossos-e-a-imunidade\/","og_locale":"pt_BR","og_type":"article","og_title":"Pegar sol nesse hor\u00e1rio espec\u00edfico turbina sua vitamina D e fortalece os ossos e a imunidade - Tua Sa\u00fade","og_description":"Expor bra\u00e7os e pernas ao sol no hor\u00e1rio certo turbina vitamina D e regula mais de 200 processos do corpo. Protetor n\u00e3o atrapalha a produ\u00e7\u00e3o.","og_url":"https:\/\/www.tuasaude.com\/news\/2026\/01\/15\/pegar-sol-nesse-horario-especifico-turbina-sua-vitamina-d-e-fortalece-os-ossos-e-a-imunidade\/","og_site_name":"Tua Sa\u00fade","article_published_time":"2026-01-15T11:58:01+00:00","article_modified_time":"2026-01-15T11:58:02+00:00","og_image":[{"width":1280,"height":731,"url":"https:\/\/www.tuasaude.com\/news\/wp-content\/uploads\/2026\/01\/freepik__35mm-film-photography-pessoa-adulta-sentada-em-rea__56863.jpeg","type":"image\/jpeg"}],"author":"Carlos Emanoel","twitter_card":"summary_large_image","twitter_misc":{"Escrito por":"Carlos Emanoel","Est. tempo de leitura":"5 minutos"},"schema":{"@context":"https:\/\/schema.org","@graph":[{"@type":"Article","@id":"https:\/\/www.tuasaude.com\/news\/2026\/01\/15\/pegar-sol-nesse-horario-especifico-turbina-sua-vitamina-d-e-fortalece-os-ossos-e-a-imunidade\/#article","isPartOf":{"@id":"https:\/\/www.tuasaude.com\/news\/2026\/01\/15\/pegar-sol-nesse-horario-especifico-turbina-sua-vitamina-d-e-fortalece-os-ossos-e-a-imunidade\/"},"author":{"name":"Carlos Emanoel","@id":"https:\/\/www.tuasaude.com\/news\/#\/schema\/person\/0209173c87289752104ffda721220a20"},"headline":"Pegar sol nesse hor\u00e1rio espec\u00edfico turbina sua vitamina D e fortalece os ossos e a imunidade","datePublished":"2026-01-15T11:58:01+00:00","dateModified":"2026-01-15T11:58:02+00:00","mainEntityOfPage":{"@id":"https:\/\/www.tuasaude.com\/news\/2026\/01\/15\/pegar-sol-nesse-horario-especifico-turbina-sua-vitamina-d-e-fortalece-os-ossos-e-a-imunidade\/"},"wordCount":796,"commentCount":0,"image":{"@id":"https:\/\/www.tuasaude.com\/news\/2026\/01\/15\/pegar-sol-nesse-horario-especifico-turbina-sua-vitamina-d-e-fortalece-os-ossos-e-a-imunidade\/#primaryimage"},"thumbnailUrl":"https:\/\/www.tuasaude.com\/news\/wp-content\/uploads\/2026\/01\/freepik__35mm-film-photography-pessoa-adulta-sentada-em-rea__56863.jpeg","keywords":["hor\u00e1rio","ossos","sol","vitamina d"],"articleSection":["Sa\u00fade"],"inLanguage":"pt-BR","potentialAction":[{"@type":"CommentAction","name":"Comment","target":["https:\/\/www.tuasaude.com\/news\/2026\/01\/15\/pegar-sol-nesse-horario-especifico-turbina-sua-vitamina-d-e-fortalece-os-ossos-e-a-imunidade\/#respond"]}]},{"@type":"WebPage","@id":"https:\/\/www.tuasaude.com\/news\/2026\/01\/15\/pegar-sol-nesse-horario-especifico-turbina-sua-vitamina-d-e-fortalece-os-ossos-e-a-imunidade\/","url":"https:\/\/www.tuasaude.com\/news\/2026\/01\/15\/pegar-sol-nesse-horario-especifico-turbina-sua-vitamina-d-e-fortalece-os-ossos-e-a-imunidade\/","name":"Pegar sol nesse hor\u00e1rio espec\u00edfico turbina sua vitamina D e fortalece os ossos e a imunidade - Tua Sa\u00fade","isPartOf":{"@id":"https:\/\/www.tuasaude.com\/news\/#website"},"primaryImageOfPage":{"@id":"https:\/\/www.tuasaude.com\/news\/2026\/01\/15\/pegar-sol-nesse-horario-especifico-turbina-sua-vitamina-d-e-fortalece-os-ossos-e-a-imunidade\/#primaryimage"},"image":{"@id":"https:\/\/www.tuasaude.com\/news\/2026\/01\/15\/pegar-sol-nesse-horario-especifico-turbina-sua-vitamina-d-e-fortalece-os-ossos-e-a-imunidade\/#primaryimage"},"thumbnailUrl":"https:\/\/www.tuasaude.com\/news\/wp-content\/uploads\/2026\/01\/freepik__35mm-film-photography-pessoa-adulta-sentada-em-rea__56863.jpeg","datePublished":"2026-01-15T11:58:01+00:00","dateModified":"2026-01-15T11:58:02+00:00","author":{"@id":"https:\/\/www.tuasaude.com\/news\/#\/schema\/person\/0209173c87289752104ffda721220a20"},"description":"Expor bra\u00e7os e pernas ao sol no hor\u00e1rio certo turbina vitamina D e regula mais de 200 processos do corpo. Protetor n\u00e3o atrapalha a produ\u00e7\u00e3o.","breadcrumb":{"@id":"https:\/\/www.tuasaude.com\/news\/2026\/01\/15\/pegar-sol-nesse-horario-especifico-turbina-sua-vitamina-d-e-fortalece-os-ossos-e-a-imunidade\/#breadcrumb"},"inLanguage":"pt-BR","potentialAction":[{"@type":"ReadAction","target":["https:\/\/www.tuasaude.com\/news\/2026\/01\/15\/pegar-sol-nesse-horario-especifico-turbina-sua-vitamina-d-e-fortalece-os-ossos-e-a-imunidade\/"]}]},{"@type":"ImageObject","inLanguage":"pt-BR","@id":"https:\/\/www.tuasaude.com\/news\/2026\/01\/15\/pegar-sol-nesse-horario-especifico-turbina-sua-vitamina-d-e-fortalece-os-ossos-e-a-imunidade\/#primaryimage","url":"https:\/\/www.tuasaude.com\/news\/wp-content\/uploads\/2026\/01\/freepik__35mm-film-photography-pessoa-adulta-sentada-em-rea__56863.jpeg","contentUrl":"https:\/\/www.tuasaude.com\/news\/wp-content\/uploads\/2026\/01\/freepik__35mm-film-photography-pessoa-adulta-sentada-em-rea__56863.jpeg","width":1280,"height":731,"caption":"O hor\u00e1rio ideal para exposi\u00e7\u00e3o solar com objetivo de produzir vitamina D varia entre 10h e 16h,"},{"@type":"BreadcrumbList","@id":"https:\/\/www.tuasaude.com\/news\/2026\/01\/15\/pegar-sol-nesse-horario-especifico-turbina-sua-vitamina-d-e-fortalece-os-ossos-e-a-imunidade\/#breadcrumb","itemListElement":[{"@type":"ListItem","position":1,"name":"In\u00edcio","item":"https:\/\/www.tuasaude.com\/news\/"},{"@type":"ListItem","position":2,"name":"Pegar sol nesse hor\u00e1rio espec\u00edfico turbina sua vitamina D e fortalece os ossos e a imunidade"}]},{"@type":"WebSite","@id":"https:\/\/www.tuasaude.com\/news\/#website","url":"https:\/\/www.tuasaude.com\/news\/","name":"Tua Sa\u00fade","description":"Seu site de sa\u00fade","potentialAction":[{"@type":"SearchAction","target":{"@type":"EntryPoint","urlTemplate":"https:\/\/www.tuasaude.com\/news\/?s={search_term_string}"},"query-input":{"@type":"PropertyValueSpecification","valueRequired":true,"valueName":"search_term_string"}}],"inLanguage":"pt-BR"},{"@type":"Person","@id":"https:\/\/www.tuasaude.com\/news\/#\/schema\/person\/0209173c87289752104ffda721220a20","name":"Carlos Emanoel","image":{"@type":"ImageObject","inLanguage":"pt-BR","@id":"https:\/\/www.tuasaude.com\/news\/#\/schema\/person\/image\/","url":"https:\/\/secure.gravatar.com\/avatar\/30e1f067eeac67dde63039d7e35ed50e59f4d189925ea75d1bc1690d1a9fe491?s=96&d=mm&r=g","contentUrl":"https:\/\/secure.gravatar.com\/avatar\/30e1f067eeac67dde63039d7e35ed50e59f4d189925ea75d1bc1690d1a9fe491?s=96&d=mm&r=g","caption":"Carlos Emanoel"},"sameAs":["https:\/\/www.tuasaude.com\/news\/"],"url":"https:\/\/www.tuasaude.com\/news\/author\/carlos-emanoel\/"}]}},"_links":{"self":[{"href":"https:\/\/www.tuasaude.com\/news\/wp-json\/wp\/v2\/posts\/493","targetHints":{"allow":["GET"]}}],"collection":[{"href":"https:\/\/www.tuasaude.com\/news\/wp-json\/wp\/v2\/posts"}],"about":[{"href":"https:\/\/www.tuasaude.com\/news\/wp-json\/wp\/v2\/types\/post"}],"author":[{"embeddable":true,"href":"https:\/\/www.tuasaude.com\/news\/wp-json\/wp\/v2\/users\/7"}],"replies":[{"embeddable":true,"href":"https:\/\/www.tuasaude.com\/news\/wp-json\/wp\/v2\/comments?post=493"}],"version-history":[{"count":9,"href":"https:\/\/www.tuasaude.com\/news\/wp-json\/wp\/v2\/posts\/493\/revisions"}],"predecessor-version":[{"id":573,"href":"https:\/\/www.tuasaude.com\/news\/wp-json\/wp\/v2\/posts\/493\/revisions\/573"}],"wp:featuredmedia":[{"embeddable":true,"href":"https:\/\/www.tuasaude.com\/news\/wp-json\/wp\/v2\/media\/520"}],"wp:attachment":[{"href":"https:\/\/www.tuasaude.com\/news\/wp-json\/wp\/v2\/media?parent=493"}],"wp:term":[{"taxonomy":"category","embeddable":true,"href":"https:\/\/www.tuasaude.com\/news\/wp-json\/wp\/v2\/categories?post=493"},{"taxonomy":"post_tag","embeddable":true,"href":"https:\/\/www.tuasaude.com\/news\/wp-json\/wp\/v2\/tags?post=493"}],"curies":[{"name":"wp","href":"https:\/\/api.w.org\/{rel}","templated":true}]}}