{"id":405,"date":"2026-01-13T14:00:00","date_gmt":"2026-01-13T17:00:00","guid":{"rendered":"https:\/\/www.tuasaude.com\/news\/?p=405"},"modified":"2026-01-13T09:48:56","modified_gmt":"2026-01-13T12:48:56","slug":"gripe-nao-e-so-febre-e-tosse-esses-10-sintomas-podem-te-deixar-de-cama","status":"publish","type":"post","link":"https:\/\/www.tuasaude.com\/news\/2026\/01\/13\/gripe-nao-e-so-febre-e-tosse-esses-10-sintomas-podem-te-deixar-de-cama\/","title":{"rendered":"Gripe n\u00e3o \u00e9 s\u00f3 febre e tosse: esses 10 sintomas podem te deixar de cama"},"content":{"rendered":"\n<p>A gripe \u00e9 uma infec\u00e7\u00e3o aguda do sistema respirat\u00f3rio causada pelo v\u00edrus influenza, que se caracteriza pelo in\u00edcio s\u00fabito de sintomas intensos como febre alta, dores no corpo e mal-estar generalizado. Diferente do resfriado comum, a gripe tende a &#8220;derrubar&#8221; a pessoa, impossibilitando suas atividades habituais e exigindo repouso.<\/p>\n\n\n\n<h2 class=\"wp-block-heading\">Quais s\u00e3o os principais sintomas da gripe?<\/h2>\n\n\n\n<p>A gripe manifesta-se tipicamente de forma abrupta, com sintomas que surgem entre um a quatro dias ap\u00f3s o cont\u00e1gio. <a href=\"https:\/\/www.gov.br\/saude\/pt-br\/assuntos\/saude-de-a-a-z\/g\/gripe-influenza\" target=\"_blank\" rel=\"noreferrer noopener\">Segundo o Minist\u00e9rio da Sa\u00fade<\/a>, a febre alta \u00e9 o sintoma mais importante, geralmente acima de 37,8\u00b0C, com dura\u00e7\u00e3o aproximada de tr\u00eas dias.<\/p>\n\n\n\n<p>Os sintomas costumam intensificar-se rapidamente, diferenciando <a href=\"https:\/\/www.tuasaude.com\/remedio-para-gripe\/\" target=\"_blank\" rel=\"noreferrer noopener\">a gripe<\/a> do resfriado comum. Enquanto o resfriado apresenta sintomas mais leves e progressivos, a gripe incapacita a pessoa de forma s\u00fabita, exigindo afastamento das atividades rotineiras.<\/p>\n\n\n<div class=\"wp-block-image\">\n<figure class=\"aligncenter size-large\"><img decoding=\"async\" width=\"1024\" height=\"585\" src=\"https:\/\/www.tuasaude.com\/news\/wp-content\/uploads\/2026\/01\/freepik__35mm-film-photography-pessoa-adulta-sentada-em-sof__14052-1024x585.jpeg\" alt=\"Gripe n\u00e3o \u00e9 s\u00f3 febre e tosse: esses 10 sintomas podem te deixar de cama\" class=\"wp-image-425\" srcset=\"https:\/\/www.tuasaude.com\/news\/wp-content\/uploads\/2026\/01\/freepik__35mm-film-photography-pessoa-adulta-sentada-em-sof__14052-1024x585.jpeg 1024w, https:\/\/www.tuasaude.com\/news\/wp-content\/uploads\/2026\/01\/freepik__35mm-film-photography-pessoa-adulta-sentada-em-sof__14052-300x171.jpeg 300w, https:\/\/www.tuasaude.com\/news\/wp-content\/uploads\/2026\/01\/freepik__35mm-film-photography-pessoa-adulta-sentada-em-sof__14052-768x439.jpeg 768w, https:\/\/www.tuasaude.com\/news\/wp-content\/uploads\/2026\/01\/freepik__35mm-film-photography-pessoa-adulta-sentada-em-sof__14052-750x428.jpeg 750w, https:\/\/www.tuasaude.com\/news\/wp-content\/uploads\/2026\/01\/freepik__35mm-film-photography-pessoa-adulta-sentada-em-sof__14052-1140x651.jpeg 1140w, https:\/\/www.tuasaude.com\/news\/wp-content\/uploads\/2026\/01\/freepik__35mm-film-photography-pessoa-adulta-sentada-em-sof__14052.jpeg 1280w\" sizes=\"(max-width: 1024px) 100vw, 1024px\" \/><figcaption class=\"wp-element-caption\">A gripe manifesta-se tipicamente de forma abrupta, com sintomas que surgem entre um a quatro dias ap\u00f3s o cont\u00e1gio<\/figcaption><\/figure>\n<\/div>\n\n\n<h2 class=\"wp-block-heading\">Como identificar os 10 sintomas cl\u00e1ssicos da gripe?<\/h2>\n\n\n\n<p>Os sintomas caracter\u00edsticos da gripe incluem manifesta\u00e7\u00f5es sist\u00eamicas e respirat\u00f3rias que surgem simultaneamente:<\/p>\n\n\n\n<!-- \ud83e\udd27 Tabela: Sintomas Caracter\u00edsticos da Gripe -->\n<div class=\"tuasaude-table\" role=\"region\" aria-labelledby=\"gripe-caption\">\n  <style>\n    .tuasaude-table{\n      --bg:#ffffff;\n      --text:#1f2937;\n      --muted:#5f6b7a;\n      --border:#dbe5ec;\n      --primary:#2daae1;\n      --primary-bg:#eaf6fc;\n      --highlight:#f3f9fd;\n      --radius:18px;\n      --shadow:0 10px 26px rgba(0,0,0,.07);\n      margin:1rem 0 2rem; background:var(--bg);\n      border:1px solid var(--border); border-radius:var(--radius);\n      box-shadow:var(--shadow); overflow:hidden;\n      font-family:\"Poppins\",sans-serif; font-size:.97rem;\n    }\n    .tuasaude-table .header{\n      padding:1.2rem 1.4rem; border-bottom:1px solid var(--border);\n      background:linear-gradient(90deg,var(--highlight) 0%,var(--primary-bg) 100%);\n    }\n    .tuasaude-table .header h3{\n      margin:0; font-size:1.3rem; font-weight:700; color:var(--text);\n    }\n    .tuasaude-table .header p{\n      margin:.4rem 0 0; font-size:.95rem; color:var(--muted);\n    }\n    .tuasaude-table .table-wrap{\n      overflow-x:auto; -webkit-overflow-scrolling:touch; scrollbar-width:thin;\n    }\n    .tuasaude-table table{\n      width:100%; border-collapse:separate; border-spacing:0; min-width:820px;\n    }\n    .tuasaude-table thead th{\n      text-align:left; font-weight:700; color:var(--text);\n      background:var(--primary-bg); padding:1rem; border-bottom:2px solid var(--border);\n    }\n    .tuasaude-table tbody td{\n      padding:1.1rem 1rem; border-bottom:1px solid var(--border);\n      vertical-align:top; color:var(--text); background:#fff; line-height:1.55;\n    }\n    .tuasaude-table tbody tr:nth-child(odd) td{ background:var(--highlight); }\n    .tuasaude-table tbody tr:hover td{\n      background:color-mix(in oklab, var(--primary-bg) 75%, white);\n      transition:all .25s ease-in-out;\n    }\n    .tuasaude-table .name{\n      font-weight:700; font-size:1rem; color:var(--text);\n      display:block; margin-bottom:.2rem;\n    }\n    .tuasaude-table .desc{ color:var(--muted); }\n    .tuasaude-table .price{\n      display:inline-block;\n      background:color-mix(in oklab, var(--primary) 12%, white);\n      color:var(--primary);\n      border:1px solid var(--border);\n      border-radius:999px;\n      padding:.4rem .75rem;\n      font-weight:700;\n      font-size:.85rem;\n      margin-top:.4rem;\n      white-space:nowrap;\n    }\n    @media (max-width:640px){\n      .tuasaude-table table{ min-width:680px; }\n      .tuasaude-table .header h3{ font-size:1.15rem; }\n    }\n  <\/style>\n\n  <div class=\"header\">\n    <h3 id=\"gripe-caption\">Sintomas Caracter\u00edsticos da Gripe<\/h3>\n    <p>Manifesta\u00e7\u00f5es sist\u00eamicas e respirat\u00f3rias que costumam surgir simultaneamente.<\/p>\n  <\/div>\n\n  <div class=\"table-wrap\" tabindex=\"0\" aria-label=\"Sintomas caracter\u00edsticos da gripe\">\n    <table>\n      <thead>\n        <tr>\n          <th>Sintoma<\/th>\n          <th>Tipo<\/th>\n          <th>Intensidade comum<\/th>\n          <th>Descri\u00e7\u00e3o cl\u00ednica<\/th>\n        <\/tr>\n      <\/thead>\n      <tbody>\n        <tr>\n          <td><span class=\"name\">Febre alta<\/span><\/td>\n          <td class=\"desc\">Sist\u00eamico<\/td>\n          <td><span class=\"price\">&gt; 37,8 \u00b0C<\/span><\/td>\n          <td class=\"desc\">\n            In\u00edcio s\u00fabito, geralmente mais intensa em crian\u00e7as.\n          <\/td>\n        <\/tr>\n\n        <tr>\n          <td><span class=\"name\">Tosse seca<\/span><\/td>\n          <td class=\"desc\">Respirat\u00f3rio<\/td>\n          <td><span class=\"price\">Persistente<\/span><\/td>\n          <td class=\"desc\">\n            Inicialmente sem secre\u00e7\u00e3o, podendo durar mais de duas semanas ap\u00f3s outros sintomas.\n          <\/td>\n        <\/tr>\n\n        <tr>\n          <td><span class=\"name\">Dores musculares<\/span><\/td>\n          <td class=\"desc\">Sist\u00eamico<\/td>\n          <td><span class=\"price\">Moderada a intensa<\/span><\/td>\n          <td class=\"desc\">\n            Mialgia generalizada, principalmente em pernas, costas e bra\u00e7os.\n          <\/td>\n        <\/tr>\n\n        <tr>\n          <td><span class=\"name\">Dor de cabe\u00e7a<\/span><\/td>\n          <td class=\"desc\">Neurol\u00f3gico<\/td>\n          <td><span class=\"price\">Intensa<\/span><\/td>\n          <td class=\"desc\">\n            Cefaleia que dificulta a concentra\u00e7\u00e3o e atividades di\u00e1rias.\n          <\/td>\n        <\/tr>\n\n        <tr>\n          <td><span class=\"name\">Calafrios<\/span><\/td>\n          <td class=\"desc\">Sist\u00eamico<\/td>\n          <td><span class=\"price\">Frequente<\/span><\/td>\n          <td class=\"desc\">\n            Sensa\u00e7\u00e3o de frio com tremores, mesmo na presen\u00e7a de febre alta.\n          <\/td>\n        <\/tr>\n\n        <tr>\n          <td><span class=\"name\">Dor de garganta<\/span><\/td>\n          <td class=\"desc\">Respirat\u00f3rio<\/td>\n          <td><span class=\"price\">Desconforto<\/span><\/td>\n          <td class=\"desc\">\n            Inflama\u00e7\u00e3o que causa dor ou dificuldade ao engolir.\n          <\/td>\n        <\/tr>\n\n        <tr>\n          <td><span class=\"name\">Coriza<\/span><\/td>\n          <td class=\"desc\">Respirat\u00f3rio<\/td>\n          <td><span class=\"price\">Leve a moderada<\/span><\/td>\n          <td class=\"desc\">\n            Secre\u00e7\u00e3o nasal que costuma aparecer ap\u00f3s os primeiros dias da doen\u00e7a.\n          <\/td>\n        <\/tr>\n\n        <tr>\n          <td><span class=\"name\">Mal-estar intenso<\/span><\/td>\n          <td class=\"desc\">Sist\u00eamico<\/td>\n          <td><span class=\"price\">Marcante<\/span><\/td>\n          <td class=\"desc\">\n            Prostra\u00e7\u00e3o e fadiga extrema que impedem a realiza\u00e7\u00e3o de atividades normais.\n          <\/td>\n        <\/tr>\n\n        <tr>\n          <td><span class=\"name\">Perda de apetite<\/span><\/td>\n          <td class=\"desc\">Gastrointestinal<\/td>\n          <td><span class=\"price\">Comum<\/span><\/td>\n          <td class=\"desc\">\n            Falta de vontade de se alimentar devido ao estado geral debilitado.\n          <\/td>\n        <\/tr>\n\n        <tr>\n          <td><span class=\"name\">Dores articulares<\/span><\/td>\n          <td class=\"desc\">Sist\u00eamico<\/td>\n          <td><span class=\"price\">Difusa<\/span><\/td>\n          <td class=\"desc\">\n            Desconforto nas juntas que dificulta movimentos e esfor\u00e7os f\u00edsicos.\n          <\/td>\n        <\/tr>\n      <\/tbody>\n    <\/table>\n  <\/div>\n<\/div>\n\n\n\n<p>Em crian\u00e7as, podem ocorrer adicionalmente v\u00f4mitos e diarreia. A febre geralmente declina ap\u00f3s tr\u00eas dias, mas os sintomas respirat\u00f3rios persistem por mais tempo.<\/p>\n\n\n\n<h2 class=\"wp-block-heading\">Quando os sintomas indicam complica\u00e7\u00f5es?<\/h2>\n\n\n\n<p>A evolu\u00e7\u00e3o da gripe normalmente resulta em resolu\u00e7\u00e3o espont\u00e2nea em sete dias, por\u00e9m algumas pessoas apresentam maior risco de complica\u00e7\u00f5es. <a href=\"https:\/\/www.gov.br\/saude\/pt-br\/centrais-de-conteudo\/publicacoes\/svsa\/influenza\/guia-de-manejo-e-tratamento-de-influenza-2023\" target=\"_blank\" rel=\"noreferrer noopener\">Segundo o Minist\u00e9rio da Sa\u00fade<\/a>, gestantes, idosos acima de 60 anos, crian\u00e7as menores de 5 anos e portadores de doen\u00e7as cr\u00f4nicas necessitam aten\u00e7\u00e3o redobrada.<\/p>\n\n\n\n<p>Sinais de agravamento incluem dificuldade para respirar, l\u00e1bios com colora\u00e7\u00e3o azulada ou roxa, dor ou press\u00e3o no peito, tontura persistente, v\u00f4mitos intensos ou convuls\u00f5es. A principal complica\u00e7\u00e3o \u00e9 <a href=\"https:\/\/www.tuasaude.com\/sintomas-de-pneumonia\/\" target=\"_blank\" rel=\"noreferrer noopener\">a pneumonia<\/a>, respons\u00e1vel por elevado n\u00famero de hospitaliza\u00e7\u00f5es. Diante desses sintomas, procure atendimento m\u00e9dico imediatamente.<\/p>\n\n\n<div class=\"wp-block-image\">\n<figure class=\"aligncenter size-large\"><img decoding=\"async\" width=\"1024\" height=\"572\" src=\"https:\/\/www.tuasaude.com\/news\/wp-content\/uploads\/2026\/01\/freepik__infogrfico-horizontalgripe-sintomas-sinais-e-cuida__94426-1-1024x572.png\" alt=\"Gripe n\u00e3o \u00e9 s\u00f3 febre e tosse: esses 10 sintomas podem te deixar de cama\" class=\"wp-image-452\" srcset=\"https:\/\/www.tuasaude.com\/news\/wp-content\/uploads\/2026\/01\/freepik__infogrfico-horizontalgripe-sintomas-sinais-e-cuida__94426-1-1024x572.png 1024w, https:\/\/www.tuasaude.com\/news\/wp-content\/uploads\/2026\/01\/freepik__infogrfico-horizontalgripe-sintomas-sinais-e-cuida__94426-1-300x167.png 300w, https:\/\/www.tuasaude.com\/news\/wp-content\/uploads\/2026\/01\/freepik__infogrfico-horizontalgripe-sintomas-sinais-e-cuida__94426-1-768x429.png 768w, https:\/\/www.tuasaude.com\/news\/wp-content\/uploads\/2026\/01\/freepik__infogrfico-horizontalgripe-sintomas-sinais-e-cuida__94426-1-750x419.png 750w, https:\/\/www.tuasaude.com\/news\/wp-content\/uploads\/2026\/01\/freepik__infogrfico-horizontalgripe-sintomas-sinais-e-cuida__94426-1-1140x636.png 1140w, https:\/\/www.tuasaude.com\/news\/wp-content\/uploads\/2026\/01\/freepik__infogrfico-horizontalgripe-sintomas-sinais-e-cuida__94426-1.png 1279w\" sizes=\"(max-width: 1024px) 100vw, 1024px\" \/><figcaption class=\"wp-element-caption\">A gripe manifesta-se tipicamente de forma abrupta, com sintomas que surgem entre um a quatro dias ap\u00f3s o cont\u00e1gio<\/figcaption><\/figure>\n<\/div>\n\n\n<h2 class=\"wp-block-heading\">Como aliviar os sintomas da gripe?<\/h2>\n\n\n\n<p>O tratamento da gripe foca no al\u00edvio dos sintomas e na preven\u00e7\u00e3o de complica\u00e7\u00f5es. Repouso adequado \u00e9 fundamental, permitindo que o sistema imunol\u00f3gico concentre energia no combate ao v\u00edrus. Mantenha-se bem hidratado, ingerindo \u00e1gua, ch\u00e1s e sopas para repor l\u00edquidos perdidos pela febre e transpira\u00e7\u00e3o.<\/p>\n\n\n\n<p>Analg\u00e9sicos e antit\u00e9rmicos ajudam a controlar febre e dores, mas evite medicamentos \u00e0 base de \u00e1cido acetilsalic\u00edlico em crian\u00e7as e adolescentes. Alimentos como canja de galinha, frutas c\u00edtricas ricas em vitamina C e mel (acima de 1 ano de idade) podem auxiliar na recupera\u00e7\u00e3o. Mantenha ambientes bem ventilados.<\/p>\n\n\n\n<h2 class=\"wp-block-heading\">Quando procurar atendimento m\u00e9dico?<\/h2>\n\n\n\n<p>Procure orienta\u00e7\u00e3o m\u00e9dica se apresentar sintomas gripais associados a condi\u00e7\u00f5es de risco como gravidez, doen\u00e7as card\u00edacas, pulmonares, diabetes ou imunossupress\u00e3o. O Minist\u00e9rio da Sa\u00fade indica tratamento antiviral com oseltamivir para casos com fatores de risco, preferencialmente nas primeiras 48 horas.<\/p>\n\n\n\n<p>Evite sair de casa durante o per\u00edodo de transmiss\u00e3o, que pode durar at\u00e9 sete dias ap\u00f3s o in\u00edcio dos sintomas. Mantenha afastamento de trabalho e escola por pelo menos 24 horas ap\u00f3s o desaparecimento da febre sem uso de antit\u00e9rmicos. A vacina\u00e7\u00e3o anual \u00e9 a forma mais eficaz de preven\u00e7\u00e3o, protegendo contra os subtipos virais que mais circulam a cada ano. Lave as m\u00e3os frequentemente, evite aglomera\u00e7\u00f5es e cubra boca e nariz ao tossir ou espirrar para prevenir a transmiss\u00e3o.<\/p>\n","protected":false},"excerpt":{"rendered":"<p>A gripe \u00e9 uma infec\u00e7\u00e3o aguda do sistema respirat\u00f3rio causada pelo v\u00edrus influenza, que se caracteriza pelo in\u00edcio s\u00fabito de sintomas intensos como febre alta, dores no corpo e mal-estar generalizado. Diferente do resfriado comum, a gripe tende a &#8220;derrubar&#8221; a pessoa, impossibilitando suas atividades habituais e exigindo repouso. Quais s\u00e3o os principais sintomas da [&hellip;]<\/p>\n","protected":false},"author":7,"featured_media":420,"comment_status":"open","ping_status":"open","sticky":false,"template":"","format":"standard","meta":{"_yoast_wpseo_focuskw":"gripe","_yoast_wpseo_title":"","_yoast_wpseo_metadesc":"A gripe pode te derrubar em poucas horas. Descubra os 10 sintomas principais e saiba quando o quadro exige aten\u00e7\u00e3o m\u00e9dica imediata.","jnews-multi-image_gallery":[],"jnews_single_post":{"format":"standard"},"jnews_primary_category":[],"jnews_social_meta":[],"jnews_override_counter":[],"footnotes":""},"categories":[111],"tags":[145,147,146,136],"class_list":["post-405","post","type-post","status-publish","format-standard","has-post-thumbnail","hentry","category-saude","tag-bem-estar","tag-ficar-de-cama","tag-gripe","tag-saude"],"yoast_head":"<!-- This site is optimized with the Yoast SEO plugin v26.7 - https:\/\/yoast.com\/wordpress\/plugins\/seo\/ -->\n<title>Gripe n\u00e3o \u00e9 s\u00f3 febre e tosse: esses 10 sintomas podem te deixar de cama - Tua Sa\u00fade<\/title>\n<meta name=\"description\" content=\"A gripe pode te derrubar em poucas horas. Descubra os 10 sintomas principais e saiba quando o quadro exige aten\u00e7\u00e3o m\u00e9dica imediata.\" \/>\n<meta name=\"robots\" content=\"index, follow, max-snippet:-1, max-image-preview:large, max-video-preview:-1\" \/>\n<link rel=\"canonical\" href=\"https:\/\/www.tuasaude.com\/news\/2026\/01\/13\/gripe-nao-e-so-febre-e-tosse-esses-10-sintomas-podem-te-deixar-de-cama\/\" \/>\n<meta property=\"og:locale\" content=\"pt_BR\" \/>\n<meta property=\"og:type\" content=\"article\" \/>\n<meta property=\"og:title\" content=\"Gripe n\u00e3o \u00e9 s\u00f3 febre e tosse: esses 10 sintomas podem te deixar de cama - Tua Sa\u00fade\" \/>\n<meta property=\"og:description\" content=\"A gripe pode te derrubar em poucas horas. Descubra os 10 sintomas principais e saiba quando o quadro exige aten\u00e7\u00e3o m\u00e9dica imediata.\" \/>\n<meta property=\"og:url\" content=\"https:\/\/www.tuasaude.com\/news\/2026\/01\/13\/gripe-nao-e-so-febre-e-tosse-esses-10-sintomas-podem-te-deixar-de-cama\/\" \/>\n<meta property=\"og:site_name\" content=\"Tua Sa\u00fade\" \/>\n<meta property=\"article:published_time\" content=\"2026-01-13T17:00:00+00:00\" \/>\n<meta property=\"og:image\" content=\"https:\/\/www.tuasaude.com\/news\/wp-content\/uploads\/2026\/01\/freepik__35mm-film-photography-pessoa-adulta-deitada-em-cam__14051.jpeg\" \/>\n\t<meta property=\"og:image:width\" content=\"1280\" \/>\n\t<meta property=\"og:image:height\" content=\"731\" \/>\n\t<meta property=\"og:image:type\" content=\"image\/jpeg\" \/>\n<meta name=\"author\" content=\"Carlos Emanoel\" \/>\n<meta name=\"twitter:card\" content=\"summary_large_image\" \/>\n<meta name=\"twitter:label1\" content=\"Escrito por\" \/>\n\t<meta name=\"twitter:data1\" content=\"Carlos Emanoel\" \/>\n\t<meta name=\"twitter:label2\" content=\"Est. tempo de leitura\" \/>\n\t<meta name=\"twitter:data2\" content=\"5 minutos\" \/>\n<!-- \/ Yoast SEO plugin. -->","yoast_head_json":{"title":"Gripe n\u00e3o \u00e9 s\u00f3 febre e tosse: esses 10 sintomas podem te deixar de cama - Tua Sa\u00fade","description":"A gripe pode te derrubar em poucas horas. Descubra os 10 sintomas principais e saiba quando o quadro exige aten\u00e7\u00e3o m\u00e9dica imediata.","robots":{"index":"index","follow":"follow","max-snippet":"max-snippet:-1","max-image-preview":"max-image-preview:large","max-video-preview":"max-video-preview:-1"},"canonical":"https:\/\/www.tuasaude.com\/news\/2026\/01\/13\/gripe-nao-e-so-febre-e-tosse-esses-10-sintomas-podem-te-deixar-de-cama\/","og_locale":"pt_BR","og_type":"article","og_title":"Gripe n\u00e3o \u00e9 s\u00f3 febre e tosse: esses 10 sintomas podem te deixar de cama - Tua Sa\u00fade","og_description":"A gripe pode te derrubar em poucas horas. Descubra os 10 sintomas principais e saiba quando o quadro exige aten\u00e7\u00e3o m\u00e9dica imediata.","og_url":"https:\/\/www.tuasaude.com\/news\/2026\/01\/13\/gripe-nao-e-so-febre-e-tosse-esses-10-sintomas-podem-te-deixar-de-cama\/","og_site_name":"Tua Sa\u00fade","article_published_time":"2026-01-13T17:00:00+00:00","og_image":[{"width":1280,"height":731,"url":"https:\/\/www.tuasaude.com\/news\/wp-content\/uploads\/2026\/01\/freepik__35mm-film-photography-pessoa-adulta-deitada-em-cam__14051.jpeg","type":"image\/jpeg"}],"author":"Carlos Emanoel","twitter_card":"summary_large_image","twitter_misc":{"Escrito por":"Carlos Emanoel","Est. tempo de leitura":"5 minutos"},"schema":{"@context":"https:\/\/schema.org","@graph":[{"@type":"Article","@id":"https:\/\/www.tuasaude.com\/news\/2026\/01\/13\/gripe-nao-e-so-febre-e-tosse-esses-10-sintomas-podem-te-deixar-de-cama\/#article","isPartOf":{"@id":"https:\/\/www.tuasaude.com\/news\/2026\/01\/13\/gripe-nao-e-so-febre-e-tosse-esses-10-sintomas-podem-te-deixar-de-cama\/"},"author":{"name":"Carlos Emanoel","@id":"https:\/\/www.tuasaude.com\/news\/#\/schema\/person\/0209173c87289752104ffda721220a20"},"headline":"Gripe n\u00e3o \u00e9 s\u00f3 febre e tosse: esses 10 sintomas podem te deixar de cama","datePublished":"2026-01-13T17:00:00+00:00","mainEntityOfPage":{"@id":"https:\/\/www.tuasaude.com\/news\/2026\/01\/13\/gripe-nao-e-so-febre-e-tosse-esses-10-sintomas-podem-te-deixar-de-cama\/"},"wordCount":807,"commentCount":0,"image":{"@id":"https:\/\/www.tuasaude.com\/news\/2026\/01\/13\/gripe-nao-e-so-febre-e-tosse-esses-10-sintomas-podem-te-deixar-de-cama\/#primaryimage"},"thumbnailUrl":"https:\/\/www.tuasaude.com\/news\/wp-content\/uploads\/2026\/01\/freepik__35mm-film-photography-pessoa-adulta-deitada-em-cam__14051.jpeg","keywords":["bem-estar","ficar de cama","gripe","sa\u00fade"],"articleSection":["Sa\u00fade"],"inLanguage":"pt-BR","potentialAction":[{"@type":"CommentAction","name":"Comment","target":["https:\/\/www.tuasaude.com\/news\/2026\/01\/13\/gripe-nao-e-so-febre-e-tosse-esses-10-sintomas-podem-te-deixar-de-cama\/#respond"]}]},{"@type":"WebPage","@id":"https:\/\/www.tuasaude.com\/news\/2026\/01\/13\/gripe-nao-e-so-febre-e-tosse-esses-10-sintomas-podem-te-deixar-de-cama\/","url":"https:\/\/www.tuasaude.com\/news\/2026\/01\/13\/gripe-nao-e-so-febre-e-tosse-esses-10-sintomas-podem-te-deixar-de-cama\/","name":"Gripe n\u00e3o \u00e9 s\u00f3 febre e tosse: esses 10 sintomas podem te deixar de cama - Tua Sa\u00fade","isPartOf":{"@id":"https:\/\/www.tuasaude.com\/news\/#website"},"primaryImageOfPage":{"@id":"https:\/\/www.tuasaude.com\/news\/2026\/01\/13\/gripe-nao-e-so-febre-e-tosse-esses-10-sintomas-podem-te-deixar-de-cama\/#primaryimage"},"image":{"@id":"https:\/\/www.tuasaude.com\/news\/2026\/01\/13\/gripe-nao-e-so-febre-e-tosse-esses-10-sintomas-podem-te-deixar-de-cama\/#primaryimage"},"thumbnailUrl":"https:\/\/www.tuasaude.com\/news\/wp-content\/uploads\/2026\/01\/freepik__35mm-film-photography-pessoa-adulta-deitada-em-cam__14051.jpeg","datePublished":"2026-01-13T17:00:00+00:00","author":{"@id":"https:\/\/www.tuasaude.com\/news\/#\/schema\/person\/0209173c87289752104ffda721220a20"},"description":"A gripe pode te derrubar em poucas horas. Descubra os 10 sintomas principais e saiba quando o quadro exige aten\u00e7\u00e3o m\u00e9dica imediata.","breadcrumb":{"@id":"https:\/\/www.tuasaude.com\/news\/2026\/01\/13\/gripe-nao-e-so-febre-e-tosse-esses-10-sintomas-podem-te-deixar-de-cama\/#breadcrumb"},"inLanguage":"pt-BR","potentialAction":[{"@type":"ReadAction","target":["https:\/\/www.tuasaude.com\/news\/2026\/01\/13\/gripe-nao-e-so-febre-e-tosse-esses-10-sintomas-podem-te-deixar-de-cama\/"]}]},{"@type":"ImageObject","inLanguage":"pt-BR","@id":"https:\/\/www.tuasaude.com\/news\/2026\/01\/13\/gripe-nao-e-so-febre-e-tosse-esses-10-sintomas-podem-te-deixar-de-cama\/#primaryimage","url":"https:\/\/www.tuasaude.com\/news\/wp-content\/uploads\/2026\/01\/freepik__35mm-film-photography-pessoa-adulta-deitada-em-cam__14051.jpeg","contentUrl":"https:\/\/www.tuasaude.com\/news\/wp-content\/uploads\/2026\/01\/freepik__35mm-film-photography-pessoa-adulta-deitada-em-cam__14051.jpeg","width":1280,"height":731,"caption":"A gripe manifesta-se tipicamente de forma abrupta, com sintomas que surgem entre um a quatro dias ap\u00f3s o cont\u00e1gio"},{"@type":"BreadcrumbList","@id":"https:\/\/www.tuasaude.com\/news\/2026\/01\/13\/gripe-nao-e-so-febre-e-tosse-esses-10-sintomas-podem-te-deixar-de-cama\/#breadcrumb","itemListElement":[{"@type":"ListItem","position":1,"name":"In\u00edcio","item":"https:\/\/www.tuasaude.com\/news\/"},{"@type":"ListItem","position":2,"name":"Gripe n\u00e3o \u00e9 s\u00f3 febre e tosse: esses 10 sintomas podem te deixar de cama"}]},{"@type":"WebSite","@id":"https:\/\/www.tuasaude.com\/news\/#website","url":"https:\/\/www.tuasaude.com\/news\/","name":"Tua Sa\u00fade","description":"Seu site de sa\u00fade","potentialAction":[{"@type":"SearchAction","target":{"@type":"EntryPoint","urlTemplate":"https:\/\/www.tuasaude.com\/news\/?s={search_term_string}"},"query-input":{"@type":"PropertyValueSpecification","valueRequired":true,"valueName":"search_term_string"}}],"inLanguage":"pt-BR"},{"@type":"Person","@id":"https:\/\/www.tuasaude.com\/news\/#\/schema\/person\/0209173c87289752104ffda721220a20","name":"Carlos Emanoel","image":{"@type":"ImageObject","inLanguage":"pt-BR","@id":"https:\/\/www.tuasaude.com\/news\/#\/schema\/person\/image\/","url":"https:\/\/secure.gravatar.com\/avatar\/30e1f067eeac67dde63039d7e35ed50e59f4d189925ea75d1bc1690d1a9fe491?s=96&d=mm&r=g","contentUrl":"https:\/\/secure.gravatar.com\/avatar\/30e1f067eeac67dde63039d7e35ed50e59f4d189925ea75d1bc1690d1a9fe491?s=96&d=mm&r=g","caption":"Carlos Emanoel"},"sameAs":["https:\/\/www.tuasaude.com\/news\/"],"url":"https:\/\/www.tuasaude.com\/news\/author\/carlos-emanoel\/"}]}},"_links":{"self":[{"href":"https:\/\/www.tuasaude.com\/news\/wp-json\/wp\/v2\/posts\/405","targetHints":{"allow":["GET"]}}],"collection":[{"href":"https:\/\/www.tuasaude.com\/news\/wp-json\/wp\/v2\/posts"}],"about":[{"href":"https:\/\/www.tuasaude.com\/news\/wp-json\/wp\/v2\/types\/post"}],"author":[{"embeddable":true,"href":"https:\/\/www.tuasaude.com\/news\/wp-json\/wp\/v2\/users\/7"}],"replies":[{"embeddable":true,"href":"https:\/\/www.tuasaude.com\/news\/wp-json\/wp\/v2\/comments?post=405"}],"version-history":[{"count":4,"href":"https:\/\/www.tuasaude.com\/news\/wp-json\/wp\/v2\/posts\/405\/revisions"}],"predecessor-version":[{"id":454,"href":"https:\/\/www.tuasaude.com\/news\/wp-json\/wp\/v2\/posts\/405\/revisions\/454"}],"wp:featuredmedia":[{"embeddable":true,"href":"https:\/\/www.tuasaude.com\/news\/wp-json\/wp\/v2\/media\/420"}],"wp:attachment":[{"href":"https:\/\/www.tuasaude.com\/news\/wp-json\/wp\/v2\/media?parent=405"}],"wp:term":[{"taxonomy":"category","embeddable":true,"href":"https:\/\/www.tuasaude.com\/news\/wp-json\/wp\/v2\/categories?post=405"},{"taxonomy":"post_tag","embeddable":true,"href":"https:\/\/www.tuasaude.com\/news\/wp-json\/wp\/v2\/tags?post=405"}],"curies":[{"name":"wp","href":"https:\/\/api.w.org\/{rel}","templated":true}]}}