{"id":404,"date":"2026-01-24T21:00:00","date_gmt":"2026-01-25T00:00:00","guid":{"rendered":"https:\/\/www.tuasaude.com\/news\/?p=404"},"modified":"2026-01-24T17:11:40","modified_gmt":"2026-01-24T20:11:40","slug":"se-seu-rosto-fica-vermelho-do-nada-esses-podem-ser-os-verdadeiros-motivos","status":"publish","type":"post","link":"https:\/\/www.tuasaude.com\/news\/2026\/01\/24\/se-seu-rosto-fica-vermelho-do-nada-esses-podem-ser-os-verdadeiros-motivos\/","title":{"rendered":"Se seu rosto fica vermelho do nada, esses podem ser os verdadeiros motivos"},"content":{"rendered":"\n<p>Rubor \u00e9 a vermelhid\u00e3o s\u00fabita que surge no rosto, pesco\u00e7o e parte superior do tronco devido \u00e0 dilata\u00e7\u00e3o dos vasos sangu\u00edneos nessas regi\u00f5es. Essa condi\u00e7\u00e3o pode ocorrer por diversos motivos, desde situa\u00e7\u00f5es cotidianas como exerc\u00edcios f\u00edsicos e emo\u00e7\u00f5es intensas at\u00e9 condi\u00e7\u00f5es m\u00e9dicas como ros\u00e1cea, menopausa ou rea\u00e7\u00f5es al\u00e9rgicas.<\/p>\n\n\n\n<h2 class=\"wp-block-heading\">O que \u00e9 rubor facial?<\/h2>\n\n\n\n<p>O rubor facial caracteriza-se pela vermelhid\u00e3o repentina que <a href=\"https:\/\/www.tuasaude.com\/vermelhidao-no-rosto\/\" target=\"_blank\" rel=\"noreferrer noopener\">afeta principalmente o rosto<\/a>, podendo estender-se \u00e0s orelhas, pesco\u00e7o e regi\u00e3o superior do t\u00f3rax. <a href=\"https:\/\/pubmed.ncbi.nlm.nih.gov\/25441473\/\" target=\"_blank\" rel=\"noreferrer noopener\">Segundo estudos publicados no PubMed<\/a>, esse fen\u00f4meno ocorre devido ao aumento do fluxo sangu\u00edneo e \u00e0 vasodilata\u00e7\u00e3o dos pequenos vasos superficiais da pele.<\/p>\n\n\n\n<p>A face apresenta maior predisposi\u00e7\u00e3o ao rubor devido \u00e0 alta concentra\u00e7\u00e3o de vasos sangu\u00edneos vis\u00edveis e diferen\u00e7as qualitativas na regula\u00e7\u00e3o vascular comparada a outras regi\u00f5es do corpo. Essa vermelhid\u00e3o pode ser tempor\u00e1ria ou persistente, dependendo da causa subjacente.<\/p>\n\n\n\n<h2 class=\"wp-block-heading\">Quais s\u00e3o as principais causas do rubor?<\/h2>\n\n\n\n<p>O rubor pode ser desencadeado por diversos fatores que provocam a dilata\u00e7\u00e3o dos vasos sangu\u00edneos faciais:<\/p>\n\n\n\n<!-- \ud83d\udd34 Tabela: Fatores que Podem Causar Rubor Facial -->\n<div class=\"tuasaude-table\" role=\"region\" aria-labelledby=\"rubor-caption\">\n  <style>\n    .tuasaude-table{\n      --bg:#ffffff;\n      --text:#1f2937;\n      --muted:#5f6b7a;\n      --border:#dbe5ec;\n      --primary:#2daae1;\n      --primary-bg:#eaf6fc;\n      --highlight:#f3f9fd;\n      --radius:18px;\n      --shadow:0 10px 26px rgba(0,0,0,.07);\n      margin:1rem 0 2rem; background:var(--bg);\n      border:1px solid var(--border); border-radius:var(--radius);\n      box-shadow:var(--shadow); overflow:hidden;\n      font-family:\"Poppins\",sans-serif; font-size:.97rem;\n    }\n    .tuasaude-table .header{\n      padding:1.2rem 1.4rem; border-bottom:1px solid var(--border);\n      background:linear-gradient(90deg,var(--highlight) 0%,var(--primary-bg) 100%);\n    }\n    .tuasaude-table .header h3{\n      margin:0; font-size:1.3rem; font-weight:700; color:var(--text);\n    }\n    .tuasaude-table .header p{\n      margin:.4rem 0 0; font-size:.95rem; color:var(--muted);\n    }\n    .tuasaude-table .table-wrap{\n      overflow-x:auto; -webkit-overflow-scrolling:touch; scrollbar-width:thin;\n    }\n    .tuasaude-table table{\n      width:100%; border-collapse:separate; border-spacing:0; min-width:780px;\n    }\n    .tuasaude-table thead th{\n      text-align:left; font-weight:700; color:var(--text);\n      background:var(--primary-bg); padding:1rem; border-bottom:2px solid var(--border);\n    }\n    .tuasaude-table tbody td{\n      padding:1.1rem 1rem; border-bottom:1px solid var(--border);\n      vertical-align:top; color:var(--text); background:#fff; line-height:1.55;\n    }\n    .tuasaude-table tbody tr:nth-child(odd) td{ background:var(--highlight); }\n    .tuasaude-table tbody tr:hover td{\n      background:color-mix(in oklab, var(--primary-bg) 75%, white);\n      transition:all .25s ease-in-out;\n    }\n    .tuasaude-table .name{\n      font-weight:700; font-size:1rem; color:var(--text);\n      display:block; margin-bottom:.2rem;\n    }\n    .tuasaude-table .desc{ color:var(--muted); }\n    .tuasaude-table .price{\n      display:inline-block;\n      background:color-mix(in oklab, var(--primary) 12%, white);\n      color:var(--primary);\n      border:1px solid var(--border);\n      border-radius:999px;\n      padding:.4rem .75rem;\n      font-weight:700;\n      font-size:.85rem;\n      margin-top:.4rem;\n      white-space:nowrap;\n    }\n    @media (max-width:640px){\n      .tuasaude-table table{ min-width:660px; }\n      .tuasaude-table .header h3{ font-size:1.15rem; }\n    }\n  <\/style>\n\n  <div class=\"header\">\n    <h3 id=\"rubor-caption\">Fatores que Podem Desencadear Rubor Facial<\/h3>\n    <p>Situa\u00e7\u00f5es fisiol\u00f3gicas, hormonais e externas que provocam vasodilata\u00e7\u00e3o na face.<\/p>\n  <\/div>\n\n  <div class=\"table-wrap\" tabindex=\"0\" aria-label=\"Fatores que causam rubor facial\">\n    <table>\n      <thead>\n        <tr>\n          <th>Fator<\/th>\n          <th>Tipo de est\u00edmulo<\/th>\n          <th>Resposta do organismo<\/th>\n          <th>Como causa o rubor<\/th>\n        <\/tr>\n      <\/thead>\n      <tbody>\n        <tr>\n          <td><span class=\"name\">Emo\u00e7\u00f5es intensas<\/span><\/td>\n          <td class=\"desc\">Psicol\u00f3gico<\/td>\n          <td><span class=\"price\">Libera\u00e7\u00e3o de adrenalina<\/span><\/td>\n          <td class=\"desc\">\n            Situa\u00e7\u00f5es de estresse, ansiedade, vergonha ou nervosismo aceleram o cora\u00e7\u00e3o e dilatam os vasos faciais.\n          <\/td>\n        <\/tr>\n\n        <tr>\n          <td><span class=\"name\">Exerc\u00edcios f\u00edsicos<\/span><\/td>\n          <td class=\"desc\">Fisiol\u00f3gico<\/td>\n          <td><span class=\"price\">Aumento da circula\u00e7\u00e3o<\/span><\/td>\n          <td class=\"desc\">\n            A atividade f\u00edsica eleva os batimentos card\u00edacos e a circula\u00e7\u00e3o sangu\u00ednea para regular a temperatura corporal.\n          <\/td>\n        <\/tr>\n\n        <tr>\n          <td><span class=\"name\">Mudan\u00e7as t\u00e9rmicas<\/span><\/td>\n          <td class=\"desc\">Ambiental<\/td>\n          <td><span class=\"price\">Termorregula\u00e7\u00e3o<\/span><\/td>\n          <td class=\"desc\">\n            Exposi\u00e7\u00e3o a temperaturas muito quentes ou frias, banhos quentes e ambientes mal ventilados favorecem a vasodilata\u00e7\u00e3o.\n          <\/td>\n        <\/tr>\n\n        <tr>\n          <td><span class=\"name\">Alimentos e bebidas<\/span><\/td>\n          <td class=\"desc\">Alimentar<\/td>\n          <td><span class=\"price\">Est\u00edmulo vascular<\/span><\/td>\n          <td class=\"desc\">\n            Comidas apimentadas ou condimentadas, al\u00e9m de bebidas alco\u00f3licas ou muito quentes, estimulam a dilata\u00e7\u00e3o dos vasos.\n          <\/td>\n        <\/tr>\n\n        <tr>\n          <td><span class=\"name\">Menopausa<\/span><\/td>\n          <td class=\"desc\">Hormonal<\/td>\n          <td><span class=\"price\">Ondas de calor<\/span><\/td>\n          <td class=\"desc\">\n            Altera\u00e7\u00f5es hormonais provocam rubor intenso acompanhado de suor excessivo.\n          <\/td>\n        <\/tr>\n\n        <tr>\n          <td><span class=\"name\">Medicamentos<\/span><\/td>\n          <td class=\"desc\">Farmacol\u00f3gico<\/td>\n          <td><span class=\"price\">Vasodilata\u00e7\u00e3o<\/span><\/td>\n          <td class=\"desc\">\n            Vasodilatadores, antidepressivos e anti-hipertensivos podem causar rubor como efeito colateral.\n          <\/td>\n        <\/tr>\n      <\/tbody>\n    <\/table>\n  <\/div>\n<\/div>\n\n\n\n<p><a href=\"https:\/\/pmc.ncbi.nlm.nih.gov\/articles\/PMC8197440\/\" target=\"_blank\" rel=\"noreferrer noopener\">Pesquisas indicam<\/a> que a resposta de rubor varia conforme caracter\u00edsticas individuais, sendo mais percept\u00edvel em pessoas com pele clara e fina. Fatores heredit\u00e1rios tamb\u00e9m influenciam a predisposi\u00e7\u00e3o ao rubor facial.<\/p>\n\n\n\n<h2 class=\"wp-block-heading\">Quando o rubor indica problemas de sa\u00fade?<\/h2>\n\n\n\n<p>Algumas condi\u00e7\u00f5es dermatol\u00f3gicas e sist\u00eamicas manifestam-se atrav\u00e9s do rubor persistente ou recorrente. A ros\u00e1cea \u00e9 uma doen\u00e7a inflamat\u00f3ria cr\u00f4nica que causa vermelhid\u00e3o principalmente nas bochechas, testa e nariz, acompanhada de sensibilidade aumentada e poss\u00edvel surgimento de les\u00f5es.<\/p>\n\n\n\n<p>Outras condi\u00e7\u00f5es incluem telangiectasia (pequenos vasos vis\u00edveis na pele), l\u00fapus eritematoso, dermatite seborreica e alergias alimentares ou medicamentosas. Em casos raros, o rubor pode indicar tumores neuroend\u00f3crinos ou disfun\u00e7\u00f5es tireoidianas, especialmente quando acompanhado de outros sintomas sist\u00eamicos.<\/p>\n\n\n<div class=\"wp-block-image\">\n<figure class=\"aligncenter size-large\"><img decoding=\"async\" width=\"1024\" height=\"585\" src=\"https:\/\/www.tuasaude.com\/news\/wp-content\/uploads\/2026\/01\/freepik__35mm-film-photography-comparao-realista-de-rosto-h__14067-1024x585.jpeg\" alt=\"Se seu rosto fica vermelho do nada, esses podem ser os verdadeiros motivos\" class=\"wp-image-432\"\/><figcaption class=\"wp-element-caption\">O rubor facial caracteriza-se pela vermelhid\u00e3o repentina que afeta principalmente o rosto<\/figcaption><\/figure>\n<\/div>\n\n\n<h2 class=\"wp-block-heading\">Quando procurar orienta\u00e7\u00e3o m\u00e9dica?<\/h2>\n\n\n\n<p>\u00c9 recomendado consultar um dermatologista ou cl\u00ednico geral quando o rubor apresenta determinadas caracter\u00edsticas:<\/p>\n\n\n\n<ul class=\"wp-block-list\">\n<li><strong>Frequ\u00eancia elevada:<\/strong> Epis\u00f3dios repetidos sem causa aparente ou fatores desencadeantes identific\u00e1veis<\/li>\n\n\n\n<li><strong>Sintomas associados:<\/strong> Coceira intensa, descama\u00e7\u00e3o, dor, incha\u00e7o no rosto ou les\u00f5es cut\u00e2neas<\/li>\n\n\n\n<li><strong>Sinais sist\u00eamicos:<\/strong> Febre persistente, dor nas articula\u00e7\u00f5es, taquicardia, dificuldade respirat\u00f3ria ou tontura<\/li>\n\n\n\n<li><strong>Impacto emocional:<\/strong> Quando a condi\u00e7\u00e3o afeta significativamente a autoestima ou o conv\u00edvio social<\/li>\n<\/ul>\n\n\n\n<p>Situa\u00e7\u00f5es de emerg\u00eancia incluem incha\u00e7o s\u00fabito na boca, l\u00edngua ou garganta associado ao rubor, pois podem indicar rea\u00e7\u00e3o al\u00e9rgica grave que necessita atendimento imediato. A avalia\u00e7\u00e3o profissional permite identificar a causa e estabelecer tratamento adequado.<\/p>\n\n\n<div class=\"wp-block-image\">\n<figure class=\"aligncenter size-large\"><img decoding=\"async\" width=\"1024\" height=\"571\" src=\"https:\/\/www.tuasaude.com\/news\/wp-content\/uploads\/2026\/01\/freepik__estilo-infogrfico-horizontal-simples-limpo-educati__94417-1024x571.png\" alt=\"Se seu rosto fica vermelho do nada, esses podem ser os verdadeiros motivos\" class=\"wp-image-438\" srcset=\"https:\/\/www.tuasaude.com\/news\/wp-content\/uploads\/2026\/01\/freepik__estilo-infogrfico-horizontal-simples-limpo-educati__94417-1024x571.png 1024w, https:\/\/www.tuasaude.com\/news\/wp-content\/uploads\/2026\/01\/freepik__estilo-infogrfico-horizontal-simples-limpo-educati__94417-300x167.png 300w, https:\/\/www.tuasaude.com\/news\/wp-content\/uploads\/2026\/01\/freepik__estilo-infogrfico-horizontal-simples-limpo-educati__94417-768x428.png 768w, https:\/\/www.tuasaude.com\/news\/wp-content\/uploads\/2026\/01\/freepik__estilo-infogrfico-horizontal-simples-limpo-educati__94417-750x418.png 750w, https:\/\/www.tuasaude.com\/news\/wp-content\/uploads\/2026\/01\/freepik__estilo-infogrfico-horizontal-simples-limpo-educati__94417-1140x636.png 1140w, https:\/\/www.tuasaude.com\/news\/wp-content\/uploads\/2026\/01\/freepik__estilo-infogrfico-horizontal-simples-limpo-educati__94417.png 1280w\" sizes=\"(max-width: 1024px) 100vw, 1024px\" \/><figcaption class=\"wp-element-caption\">O rubor facial caracteriza-se pela vermelhid\u00e3o repentina que afeta principalmente o rosto<\/figcaption><\/figure>\n<\/div>\n\n\n<h2 class=\"wp-block-heading\">O que fazer para controlar o rubor?<\/h2>\n\n\n\n<p>O <a href=\"https:\/\/pmc.ncbi.nlm.nih.gov\/articles\/PMC5161029\/\" target=\"_blank\" rel=\"noreferrer noopener\">manejo do rubor<\/a> depende da identifica\u00e7\u00e3o e controle dos fatores desencadeantes. Evite ambientes muito quentes ou mudan\u00e7as bruscas de temperatura, reduza o consumo de alimentos picantes, bebidas alco\u00f3licas e cafe\u00edna. Use protetor solar diariamente, pois a exposi\u00e7\u00e3o solar pode agravar a vermelhid\u00e3o.<\/p>\n\n\n\n<p>Mantenha uma rotina de cuidados com produtos suaves e adequados para pele sens\u00edvel, evitando subst\u00e2ncias irritantes ou com fragr\u00e2ncias fortes. Para casos relacionados \u00e0 ros\u00e1cea, o dermatologista pode indicar tratamentos espec\u00edficos como cremes vasoconstritores, laser ou luz intensa pulsada. T\u00e9cnicas de relaxamento ajudam quando o rubor tem origem emocional. Em casos persistentes ou que comprometem a qualidade de vida, procure orienta\u00e7\u00e3o m\u00e9dica especializada para avalia\u00e7\u00e3o completa e tratamento direcionado.<\/p>\n","protected":false},"excerpt":{"rendered":"<p>Rubor \u00e9 a vermelhid\u00e3o s\u00fabita que surge no rosto, pesco\u00e7o e parte superior do tronco devido \u00e0 dilata\u00e7\u00e3o dos vasos sangu\u00edneos nessas regi\u00f5es. Essa condi\u00e7\u00e3o pode ocorrer por diversos motivos, desde situa\u00e7\u00f5es cotidianas como exerc\u00edcios f\u00edsicos e emo\u00e7\u00f5es intensas at\u00e9 condi\u00e7\u00f5es m\u00e9dicas como ros\u00e1cea, menopausa ou rea\u00e7\u00f5es al\u00e9rgicas. O que \u00e9 rubor facial? O rubor [&hellip;]<\/p>\n","protected":false},"author":7,"featured_media":431,"comment_status":"open","ping_status":"open","sticky":false,"template":"","format":"standard","meta":{"_yoast_wpseo_focuskw":"rosto vermelho","_yoast_wpseo_title":"","_yoast_wpseo_metadesc":"Rubor facial pode ser causado por emo\u00e7\u00f5es, temperatura ou doen\u00e7as como ros\u00e1cea. Entenda os sinais e saiba quando \u00e9 hora de procurar um m\u00e9dico.","jnews-multi-image_gallery":[],"jnews_single_post":{"format":"standard"},"jnews_primary_category":[],"jnews_social_meta":[],"jnews_override_counter":[],"footnotes":""},"categories":[111],"tags":[150,148,149,136],"class_list":["post-404","post","type-post","status-publish","format-standard","has-post-thumbnail","hentry","category-saude","tag-cuidados","tag-rosto-vermelho","tag-rubor","tag-saude"],"yoast_head":"<!-- This site is optimized with the Yoast SEO plugin v26.7 - https:\/\/yoast.com\/wordpress\/plugins\/seo\/ -->\n<title>Se seu rosto fica vermelho do nada, esses podem ser os verdadeiros motivos - Tua Sa\u00fade<\/title>\n<meta name=\"description\" content=\"Rubor facial pode ser causado por emo\u00e7\u00f5es, temperatura ou doen\u00e7as como ros\u00e1cea. Entenda os sinais e saiba quando \u00e9 hora de procurar um m\u00e9dico.\" \/>\n<meta name=\"robots\" content=\"index, follow, max-snippet:-1, max-image-preview:large, max-video-preview:-1\" \/>\n<link rel=\"canonical\" href=\"https:\/\/www.tuasaude.com\/news\/2026\/01\/24\/se-seu-rosto-fica-vermelho-do-nada-esses-podem-ser-os-verdadeiros-motivos\/\" \/>\n<meta property=\"og:locale\" content=\"pt_BR\" \/>\n<meta property=\"og:type\" content=\"article\" \/>\n<meta property=\"og:title\" content=\"Se seu rosto fica vermelho do nada, esses podem ser os verdadeiros motivos - Tua Sa\u00fade\" \/>\n<meta property=\"og:description\" content=\"Rubor facial pode ser causado por emo\u00e7\u00f5es, temperatura ou doen\u00e7as como ros\u00e1cea. Entenda os sinais e saiba quando \u00e9 hora de procurar um m\u00e9dico.\" \/>\n<meta property=\"og:url\" content=\"https:\/\/www.tuasaude.com\/news\/2026\/01\/24\/se-seu-rosto-fica-vermelho-do-nada-esses-podem-ser-os-verdadeiros-motivos\/\" \/>\n<meta property=\"og:site_name\" content=\"Tua Sa\u00fade\" \/>\n<meta property=\"article:published_time\" content=\"2026-01-25T00:00:00+00:00\" \/>\n<meta property=\"og:image\" content=\"https:\/\/www.tuasaude.com\/news\/wp-content\/uploads\/2026\/01\/freepik__35mm-film-photography-pessoa-adulta-com-rubor-faci__14066-scaled-e1767938275195.jpeg\" \/>\n\t<meta property=\"og:image:width\" content=\"1280\" \/>\n\t<meta property=\"og:image:height\" content=\"732\" \/>\n\t<meta property=\"og:image:type\" content=\"image\/jpeg\" \/>\n<meta name=\"author\" content=\"Carlos Emanoel\" \/>\n<meta name=\"twitter:card\" content=\"summary_large_image\" \/>\n<meta name=\"twitter:label1\" content=\"Escrito por\" \/>\n\t<meta name=\"twitter:data1\" content=\"Carlos Emanoel\" \/>\n\t<meta name=\"twitter:label2\" content=\"Est. tempo de leitura\" \/>\n\t<meta name=\"twitter:data2\" content=\"5 minutos\" \/>\n<!-- \/ Yoast SEO plugin. -->","yoast_head_json":{"title":"Se seu rosto fica vermelho do nada, esses podem ser os verdadeiros motivos - Tua Sa\u00fade","description":"Rubor facial pode ser causado por emo\u00e7\u00f5es, temperatura ou doen\u00e7as como ros\u00e1cea. Entenda os sinais e saiba quando \u00e9 hora de procurar um m\u00e9dico.","robots":{"index":"index","follow":"follow","max-snippet":"max-snippet:-1","max-image-preview":"max-image-preview:large","max-video-preview":"max-video-preview:-1"},"canonical":"https:\/\/www.tuasaude.com\/news\/2026\/01\/24\/se-seu-rosto-fica-vermelho-do-nada-esses-podem-ser-os-verdadeiros-motivos\/","og_locale":"pt_BR","og_type":"article","og_title":"Se seu rosto fica vermelho do nada, esses podem ser os verdadeiros motivos - Tua Sa\u00fade","og_description":"Rubor facial pode ser causado por emo\u00e7\u00f5es, temperatura ou doen\u00e7as como ros\u00e1cea. Entenda os sinais e saiba quando \u00e9 hora de procurar um m\u00e9dico.","og_url":"https:\/\/www.tuasaude.com\/news\/2026\/01\/24\/se-seu-rosto-fica-vermelho-do-nada-esses-podem-ser-os-verdadeiros-motivos\/","og_site_name":"Tua Sa\u00fade","article_published_time":"2026-01-25T00:00:00+00:00","og_image":[{"width":1280,"height":732,"url":"https:\/\/www.tuasaude.com\/news\/wp-content\/uploads\/2026\/01\/freepik__35mm-film-photography-pessoa-adulta-com-rubor-faci__14066-scaled-e1767938275195.jpeg","type":"image\/jpeg"}],"author":"Carlos Emanoel","twitter_card":"summary_large_image","twitter_misc":{"Escrito por":"Carlos Emanoel","Est. tempo de leitura":"5 minutos"},"schema":{"@context":"https:\/\/schema.org","@graph":[{"@type":"Article","@id":"https:\/\/www.tuasaude.com\/news\/2026\/01\/24\/se-seu-rosto-fica-vermelho-do-nada-esses-podem-ser-os-verdadeiros-motivos\/#article","isPartOf":{"@id":"https:\/\/www.tuasaude.com\/news\/2026\/01\/24\/se-seu-rosto-fica-vermelho-do-nada-esses-podem-ser-os-verdadeiros-motivos\/"},"author":{"name":"Carlos Emanoel","@id":"https:\/\/www.tuasaude.com\/news\/#\/schema\/person\/0209173c87289752104ffda721220a20"},"headline":"Se seu rosto fica vermelho do nada, esses podem ser os verdadeiros motivos","datePublished":"2026-01-25T00:00:00+00:00","mainEntityOfPage":{"@id":"https:\/\/www.tuasaude.com\/news\/2026\/01\/24\/se-seu-rosto-fica-vermelho-do-nada-esses-podem-ser-os-verdadeiros-motivos\/"},"wordCount":786,"commentCount":0,"image":{"@id":"https:\/\/www.tuasaude.com\/news\/2026\/01\/24\/se-seu-rosto-fica-vermelho-do-nada-esses-podem-ser-os-verdadeiros-motivos\/#primaryimage"},"thumbnailUrl":"https:\/\/www.tuasaude.com\/news\/wp-content\/uploads\/2026\/01\/freepik__35mm-film-photography-pessoa-adulta-com-rubor-faci__14066-scaled-e1767938275195.jpeg","keywords":["cuidados","rosto vermelho","rubor","sa\u00fade"],"articleSection":["Sa\u00fade"],"inLanguage":"pt-BR","potentialAction":[{"@type":"CommentAction","name":"Comment","target":["https:\/\/www.tuasaude.com\/news\/2026\/01\/24\/se-seu-rosto-fica-vermelho-do-nada-esses-podem-ser-os-verdadeiros-motivos\/#respond"]}]},{"@type":"WebPage","@id":"https:\/\/www.tuasaude.com\/news\/2026\/01\/24\/se-seu-rosto-fica-vermelho-do-nada-esses-podem-ser-os-verdadeiros-motivos\/","url":"https:\/\/www.tuasaude.com\/news\/2026\/01\/24\/se-seu-rosto-fica-vermelho-do-nada-esses-podem-ser-os-verdadeiros-motivos\/","name":"Se seu rosto fica vermelho do nada, esses podem ser os verdadeiros motivos - Tua Sa\u00fade","isPartOf":{"@id":"https:\/\/www.tuasaude.com\/news\/#website"},"primaryImageOfPage":{"@id":"https:\/\/www.tuasaude.com\/news\/2026\/01\/24\/se-seu-rosto-fica-vermelho-do-nada-esses-podem-ser-os-verdadeiros-motivos\/#primaryimage"},"image":{"@id":"https:\/\/www.tuasaude.com\/news\/2026\/01\/24\/se-seu-rosto-fica-vermelho-do-nada-esses-podem-ser-os-verdadeiros-motivos\/#primaryimage"},"thumbnailUrl":"https:\/\/www.tuasaude.com\/news\/wp-content\/uploads\/2026\/01\/freepik__35mm-film-photography-pessoa-adulta-com-rubor-faci__14066-scaled-e1767938275195.jpeg","datePublished":"2026-01-25T00:00:00+00:00","author":{"@id":"https:\/\/www.tuasaude.com\/news\/#\/schema\/person\/0209173c87289752104ffda721220a20"},"description":"Rubor facial pode ser causado por emo\u00e7\u00f5es, temperatura ou doen\u00e7as como ros\u00e1cea. Entenda os sinais e saiba quando \u00e9 hora de procurar um m\u00e9dico.","breadcrumb":{"@id":"https:\/\/www.tuasaude.com\/news\/2026\/01\/24\/se-seu-rosto-fica-vermelho-do-nada-esses-podem-ser-os-verdadeiros-motivos\/#breadcrumb"},"inLanguage":"pt-BR","potentialAction":[{"@type":"ReadAction","target":["https:\/\/www.tuasaude.com\/news\/2026\/01\/24\/se-seu-rosto-fica-vermelho-do-nada-esses-podem-ser-os-verdadeiros-motivos\/"]}]},{"@type":"ImageObject","inLanguage":"pt-BR","@id":"https:\/\/www.tuasaude.com\/news\/2026\/01\/24\/se-seu-rosto-fica-vermelho-do-nada-esses-podem-ser-os-verdadeiros-motivos\/#primaryimage","url":"https:\/\/www.tuasaude.com\/news\/wp-content\/uploads\/2026\/01\/freepik__35mm-film-photography-pessoa-adulta-com-rubor-faci__14066-scaled-e1767938275195.jpeg","contentUrl":"https:\/\/www.tuasaude.com\/news\/wp-content\/uploads\/2026\/01\/freepik__35mm-film-photography-pessoa-adulta-com-rubor-faci__14066-scaled-e1767938275195.jpeg","width":1280,"height":732,"caption":"O rubor facial caracteriza-se pela vermelhid\u00e3o repentina que afeta principalmente o rosto"},{"@type":"BreadcrumbList","@id":"https:\/\/www.tuasaude.com\/news\/2026\/01\/24\/se-seu-rosto-fica-vermelho-do-nada-esses-podem-ser-os-verdadeiros-motivos\/#breadcrumb","itemListElement":[{"@type":"ListItem","position":1,"name":"In\u00edcio","item":"https:\/\/www.tuasaude.com\/news\/"},{"@type":"ListItem","position":2,"name":"Se seu rosto fica vermelho do nada, esses podem ser os verdadeiros motivos"}]},{"@type":"WebSite","@id":"https:\/\/www.tuasaude.com\/news\/#website","url":"https:\/\/www.tuasaude.com\/news\/","name":"Tua Sa\u00fade","description":"Seu site de sa\u00fade","potentialAction":[{"@type":"SearchAction","target":{"@type":"EntryPoint","urlTemplate":"https:\/\/www.tuasaude.com\/news\/?s={search_term_string}"},"query-input":{"@type":"PropertyValueSpecification","valueRequired":true,"valueName":"search_term_string"}}],"inLanguage":"pt-BR"},{"@type":"Person","@id":"https:\/\/www.tuasaude.com\/news\/#\/schema\/person\/0209173c87289752104ffda721220a20","name":"Carlos Emanoel","image":{"@type":"ImageObject","inLanguage":"pt-BR","@id":"https:\/\/www.tuasaude.com\/news\/#\/schema\/person\/image\/","url":"https:\/\/secure.gravatar.com\/avatar\/30e1f067eeac67dde63039d7e35ed50e59f4d189925ea75d1bc1690d1a9fe491?s=96&d=mm&r=g","contentUrl":"https:\/\/secure.gravatar.com\/avatar\/30e1f067eeac67dde63039d7e35ed50e59f4d189925ea75d1bc1690d1a9fe491?s=96&d=mm&r=g","caption":"Carlos Emanoel"},"sameAs":["https:\/\/www.tuasaude.com\/news\/"],"url":"https:\/\/www.tuasaude.com\/news\/author\/carlos-emanoel\/"}]}},"_links":{"self":[{"href":"https:\/\/www.tuasaude.com\/news\/wp-json\/wp\/v2\/posts\/404","targetHints":{"allow":["GET"]}}],"collection":[{"href":"https:\/\/www.tuasaude.com\/news\/wp-json\/wp\/v2\/posts"}],"about":[{"href":"https:\/\/www.tuasaude.com\/news\/wp-json\/wp\/v2\/types\/post"}],"author":[{"embeddable":true,"href":"https:\/\/www.tuasaude.com\/news\/wp-json\/wp\/v2\/users\/7"}],"replies":[{"embeddable":true,"href":"https:\/\/www.tuasaude.com\/news\/wp-json\/wp\/v2\/comments?post=404"}],"version-history":[{"count":2,"href":"https:\/\/www.tuasaude.com\/news\/wp-json\/wp\/v2\/posts\/404\/revisions"}],"predecessor-version":[{"id":445,"href":"https:\/\/www.tuasaude.com\/news\/wp-json\/wp\/v2\/posts\/404\/revisions\/445"}],"wp:featuredmedia":[{"embeddable":true,"href":"https:\/\/www.tuasaude.com\/news\/wp-json\/wp\/v2\/media\/431"}],"wp:attachment":[{"href":"https:\/\/www.tuasaude.com\/news\/wp-json\/wp\/v2\/media?parent=404"}],"wp:term":[{"taxonomy":"category","embeddable":true,"href":"https:\/\/www.tuasaude.com\/news\/wp-json\/wp\/v2\/categories?post=404"},{"taxonomy":"post_tag","embeddable":true,"href":"https:\/\/www.tuasaude.com\/news\/wp-json\/wp\/v2\/tags?post=404"}],"curies":[{"name":"wp","href":"https:\/\/api.w.org\/{rel}","templated":true}]}}