{"id":396,"date":"2026-01-13T13:00:36","date_gmt":"2026-01-13T16:00:36","guid":{"rendered":"https:\/\/www.tuasaude.com\/news\/?p=396"},"modified":"2026-01-13T09:48:42","modified_gmt":"2026-01-13T12:48:42","slug":"coceira-rachadura-e-pele-esbranquicada-somem-quando-voce-muda-so-alguns-habitos-simples-do-dia-a-dia","status":"publish","type":"post","link":"https:\/\/www.tuasaude.com\/news\/2026\/01\/13\/coceira-rachadura-e-pele-esbranquicada-somem-quando-voce-muda-so-alguns-habitos-simples-do-dia-a-dia\/","title":{"rendered":"Coceira, rachadura e pele esbranqui\u00e7ada somem quando voc\u00ea muda s\u00f3 alguns h\u00e1bitos simples do dia a dia"},"content":{"rendered":"\n<p>A pele ressecada \u00e9 uma condi\u00e7\u00e3o extremamente comum que afeta pessoas de todas as idades, causando desconforto, coceira e descama\u00e7\u00e3o. Diversos fatores podem desencadear o ressecamento cut\u00e2neo, desde h\u00e1bitos di\u00e1rios inadequados at\u00e9 condi\u00e7\u00f5es m\u00e9dicas que exigem aten\u00e7\u00e3o especial.<\/p>\n\n\n\n<h2 class=\"wp-block-heading\">O que causa pele ressecada no dia a dia?<\/h2>\n\n\n\n<p>Segundo a <a href=\"https:\/\/www.sbd.org.br\/sua-pele-esta-seca-saiba-como-cuidar-dela\/\" target=\"_blank\" rel=\"noreferrer noopener\">Sociedade Brasileira de Dermatologia<\/a>, o tempo seco faz com que a pele perca \u00e1gua rapidamente. Basta um dia de baixa umidade para desencadear o ressecamento, que pode tornar-se cr\u00f4nico se n\u00e3o tratado adequadamente.<\/p>\n\n\n\n<p>Banhos prolongados com \u00e1gua muito quente removem a camada de gordura natural da pele. O uso de sabonetes agressivos ou inadequados ao pH tamb\u00e9m elimina a prote\u00e7\u00e3o oleosa, aumentando a sensibilidade cut\u00e2nea.<\/p>\n\n\n\n<h2 class=\"wp-block-heading\">Quais fatores ambientais desencadeiam o ressecamento?<\/h2>\n\n\n\n<p>No inverno, a baixa umidade do ar e as temperaturas frias reduzem a atividade das gl\u00e2ndulas seb\u00e1ceas. Curiosamente, o ver\u00e3o tamb\u00e9m pode <a href=\"https:\/\/www.tuasaude.com\/pele-seca-e-com-acne\/\" target=\"_blank\" rel=\"noreferrer noopener\">ressecar a pele <\/a>devido \u00e0s temperaturas elevadas.<\/p>\n\n\n\n<p>Ambientes com ar-condicionado, aquecedores, exposi\u00e7\u00e3o ao vento e piscinas com cloro intensificam o ressecamento. Todos esses fatores extraem a umidade natural da pele de forma acelerada.<\/p>\n\n\n<div class=\"wp-block-image\">\n<figure class=\"aligncenter size-large\"><img decoding=\"async\" width=\"1024\" height=\"585\" src=\"https:\/\/www.tuasaude.com\/news\/wp-content\/uploads\/2026\/01\/freepik__35mm-film-photography-close-realista-de-pele-resse__14056-1024x585.jpeg\" alt=\"Coceira, rachadura e pele esbranqui\u00e7ada somem quando voc\u00ea muda s\u00f3 alguns h\u00e1bitos simples do dia a dia\" class=\"wp-image-430\" srcset=\"https:\/\/www.tuasaude.com\/news\/wp-content\/uploads\/2026\/01\/freepik__35mm-film-photography-close-realista-de-pele-resse__14056-1024x585.jpeg 1024w, https:\/\/www.tuasaude.com\/news\/wp-content\/uploads\/2026\/01\/freepik__35mm-film-photography-close-realista-de-pele-resse__14056-300x171.jpeg 300w, https:\/\/www.tuasaude.com\/news\/wp-content\/uploads\/2026\/01\/freepik__35mm-film-photography-close-realista-de-pele-resse__14056-768x439.jpeg 768w, https:\/\/www.tuasaude.com\/news\/wp-content\/uploads\/2026\/01\/freepik__35mm-film-photography-close-realista-de-pele-resse__14056-750x428.jpeg 750w, https:\/\/www.tuasaude.com\/news\/wp-content\/uploads\/2026\/01\/freepik__35mm-film-photography-close-realista-de-pele-resse__14056-1140x651.jpeg 1140w, https:\/\/www.tuasaude.com\/news\/wp-content\/uploads\/2026\/01\/freepik__35mm-film-photography-close-realista-de-pele-resse__14056.jpeg 1280w\" sizes=\"(max-width: 1024px) 100vw, 1024px\" \/><figcaption class=\"wp-element-caption\">No inverno, a baixa umidade do ar e as temperaturas frias reduzem a atividade das gl\u00e2ndulas seb\u00e1ceas<\/figcaption><\/figure>\n<\/div>\n\n\n<h2 class=\"wp-block-heading\">Quais condi\u00e7\u00f5es de sa\u00fade provocam pele seca?<\/h2>\n\n\n\n<p>Diversas condi\u00e7\u00f5es m\u00e9dicas manifestam-se atrav\u00e9s do ressecamento cut\u00e2neo:<\/p>\n\n\n\n<!-- \ud83e\uddf4 Tabela: Condi\u00e7\u00f5es M\u00e9dicas Associadas ao Ressecamento da Pele -->\n<div class=\"tuasaude-table\" role=\"region\" aria-labelledby=\"pele-caption\">\n  <style>\n    .tuasaude-table{\n      --bg:#ffffff;\n      --text:#1f2937;\n      --muted:#5f6b7a;\n      --border:#dbe5ec;\n      --primary:#2daae1;\n      --primary-bg:#eaf6fc;\n      --highlight:#f3f9fd;\n      --radius:18px;\n      --shadow:0 10px 26px rgba(0,0,0,.07);\n      margin:1rem 0 2rem; background:var(--bg);\n      border:1px solid var(--border); border-radius:var(--radius);\n      box-shadow:var(--shadow); overflow:hidden;\n      font-family:\"Poppins\",sans-serif; font-size:.97rem;\n    }\n    .tuasaude-table .header{\n      padding:1.2rem 1.4rem; border-bottom:1px solid var(--border);\n      background:linear-gradient(90deg,var(--highlight) 0%,var(--primary-bg) 100%);\n    }\n    .tuasaude-table .header h3{\n      margin:0; font-size:1.3rem; font-weight:700; color:var(--text);\n    }\n    .tuasaude-table .header p{\n      margin:.4rem 0 0; font-size:.95rem; color:var(--muted);\n    }\n    .tuasaude-table .table-wrap{\n      overflow-x:auto; -webkit-overflow-scrolling:touch; scrollbar-width:thin;\n    }\n    .tuasaude-table table{\n      width:100%; border-collapse:separate; border-spacing:0; min-width:760px;\n    }\n    .tuasaude-table thead th{\n      text-align:left; font-weight:700; color:var(--text);\n      background:var(--primary-bg); padding:1rem; border-bottom:2px solid var(--border);\n    }\n    .tuasaude-table tbody td{\n      padding:1.1rem 1rem; border-bottom:1px solid var(--border);\n      vertical-align:top; color:var(--text); background:#fff; line-height:1.55;\n    }\n    .tuasaude-table tbody tr:nth-child(odd) td{ background:var(--highlight); }\n    .tuasaude-table tbody tr:hover td{\n      background:color-mix(in oklab, var(--primary-bg) 75%, white);\n      transition:all .25s ease-in-out;\n    }\n    .tuasaude-table .name{\n      font-weight:700; font-size:1rem; color:var(--text);\n      display:block; margin-bottom:.2rem;\n    }\n    .tuasaude-table .desc{ color:var(--muted); }\n    .tuasaude-table .price{\n      display:inline-block;\n      background:color-mix(in oklab, var(--primary) 12%, white);\n      color:var(--primary);\n      border:1px solid var(--border);\n      border-radius:999px;\n      padding:.4rem .75rem;\n      font-weight:700;\n      font-size:.85rem;\n      margin-top:.4rem;\n      white-space:nowrap;\n    }\n    @media (max-width:640px){\n      .tuasaude-table table{ min-width:640px; }\n      .tuasaude-table .header h3{ font-size:1.15rem; }\n    }\n  <\/style>\n\n  <div class=\"header\">\n    <h3 id=\"pele-caption\">Condi\u00e7\u00f5es M\u00e9dicas que Causam Ressecamento da Pele<\/h3>\n    <p>Doen\u00e7as e altera\u00e7\u00f5es hormonais que afetam a hidrata\u00e7\u00e3o cut\u00e2nea.<\/p>\n  <\/div>\n\n  <div class=\"table-wrap\" tabindex=\"0\" aria-label=\"Condi\u00e7\u00f5es m\u00e9dicas associadas ao ressecamento da pele\">\n    <table>\n      <thead>\n        <tr>\n          <th>Condi\u00e7\u00e3o<\/th>\n          <th>Tipo<\/th>\n          <th>Efeito na pele<\/th>\n          <th>Como provoca o ressecamento<\/th>\n        <\/tr>\n      <\/thead>\n      <tbody>\n        <tr>\n          <td><span class=\"name\">Dermatite at\u00f3pica<\/span><\/td>\n          <td class=\"desc\">Doen\u00e7a gen\u00e9tica cr\u00f4nica<\/td>\n          <td><span class=\"price\">Coceira intensa<\/span><\/td>\n          <td class=\"desc\">\n            Dificulta a reten\u00e7\u00e3o de \u00e1gua na pele, comprometendo a barreira cut\u00e2nea e causando ressecamento persistente.\n          <\/td>\n        <\/tr>\n\n        <tr>\n          <td><span class=\"name\">Psor\u00edase<\/span><\/td>\n          <td class=\"desc\">Condi\u00e7\u00e3o inflamat\u00f3ria<\/td>\n          <td><span class=\"price\">Descama\u00e7\u00e3o espessa<\/span><\/td>\n          <td class=\"desc\">\n            Provoca renova\u00e7\u00e3o acelerada da pele, resultando em placas secas, espessas e avermelhadas.\n          <\/td>\n        <\/tr>\n\n        <tr>\n          <td><span class=\"name\">Diabetes<\/span><\/td>\n          <td class=\"desc\">Doen\u00e7a metab\u00f3lica<\/td>\n          <td><span class=\"price\">Baixa hidrata\u00e7\u00e3o<\/span><\/td>\n          <td class=\"desc\">\n            Lesiona nervos que controlam a produ\u00e7\u00e3o de gordura e suor, reduzindo a hidrata\u00e7\u00e3o natural da pele.\n          <\/td>\n        <\/tr>\n\n        <tr>\n          <td><span class=\"name\">Hipotireoidismo<\/span><\/td>\n          <td class=\"desc\">Dist\u00farbio hormonal<\/td>\n          <td><span class=\"price\">Pele \u00e1spera<\/span><\/td>\n          <td class=\"desc\">\n            Diminui o metabolismo celular e afeta a renova\u00e7\u00e3o da camada protetora da pele.\n          <\/td>\n        <\/tr>\n\n        <tr>\n          <td><span class=\"name\">Doen\u00e7as renais<\/span><\/td>\n          <td class=\"desc\">Altera\u00e7\u00f5es sist\u00eamicas<\/td>\n          <td><span class=\"price\">Desidrata\u00e7\u00e3o cut\u00e2nea<\/span><\/td>\n          <td class=\"desc\">\n            Comprometem o equil\u00edbrio de l\u00edquidos no organismo, refletindo diretamente na hidrata\u00e7\u00e3o da pele.\n          <\/td>\n        <\/tr>\n\n        <tr>\n          <td><span class=\"name\">Menopausa<\/span><\/td>\n          <td class=\"desc\">Fase hormonal feminina<\/td>\n          <td><span class=\"price\">Perda de elasticidade<\/span><\/td>\n          <td class=\"desc\">\n            A redu\u00e7\u00e3o do estrog\u00eanio diminui a capacidade da pele de reter umidade.\n          <\/td>\n        <\/tr>\n      <\/tbody>\n    <\/table>\n  <\/div>\n<\/div>\n\n\n\n<p>Altera\u00e7\u00f5es hormonais tamb\u00e9m afetam significativamente a hidrata\u00e7\u00e3o cut\u00e2nea em diferentes fases da vida.<\/p>\n\n\n\n<h2 class=\"wp-block-heading\">Como a idade e medicamentos afetam a hidrata\u00e7\u00e3o?<\/h2>\n\n\n\n<p>O envelhecimento natural diminui a produ\u00e7\u00e3o de sebo pelas gl\u00e2ndulas seb\u00e1ceas. Pessoas ap\u00f3s a meia-idade apresentam maior propens\u00e3o \u00e0 xerodermia, pois a capacidade de reten\u00e7\u00e3o de \u00e1gua se reduz com o tempo.<\/p>\n\n\n\n<p>Alguns medicamentos causam ressecamento como efeito colateral. Diur\u00e9ticos eliminam l\u00edquidos do organismo, retinoides t\u00f3picos aumentam a renova\u00e7\u00e3o celular causando descama\u00e7\u00e3o. A ingest\u00e3o inadequada de l\u00edquidos agrava o quadro.<\/p>\n\n\n<div class=\"wp-block-image\">\n<figure class=\"aligncenter size-large\"><img decoding=\"async\" width=\"1024\" height=\"571\" src=\"https:\/\/www.tuasaude.com\/news\/wp-content\/uploads\/2026\/01\/freepik__infogrfico-educativo-horizontaltema-pele-ressecada__94419-1024x571.png\" alt=\"Coceira, rachadura e pele esbranqui\u00e7ada somem quando voc\u00ea muda s\u00f3 alguns h\u00e1bitos simples do dia a dia\" class=\"wp-image-434\" srcset=\"https:\/\/www.tuasaude.com\/news\/wp-content\/uploads\/2026\/01\/freepik__infogrfico-educativo-horizontaltema-pele-ressecada__94419-1024x571.png 1024w, https:\/\/www.tuasaude.com\/news\/wp-content\/uploads\/2026\/01\/freepik__infogrfico-educativo-horizontaltema-pele-ressecada__94419-300x167.png 300w, https:\/\/www.tuasaude.com\/news\/wp-content\/uploads\/2026\/01\/freepik__infogrfico-educativo-horizontaltema-pele-ressecada__94419-768x428.png 768w, https:\/\/www.tuasaude.com\/news\/wp-content\/uploads\/2026\/01\/freepik__infogrfico-educativo-horizontaltema-pele-ressecada__94419-750x418.png 750w, https:\/\/www.tuasaude.com\/news\/wp-content\/uploads\/2026\/01\/freepik__infogrfico-educativo-horizontaltema-pele-ressecada__94419-1140x636.png 1140w, https:\/\/www.tuasaude.com\/news\/wp-content\/uploads\/2026\/01\/freepik__infogrfico-educativo-horizontaltema-pele-ressecada__94419.png 1280w\" sizes=\"(max-width: 1024px) 100vw, 1024px\" \/><figcaption class=\"wp-element-caption\">No inverno, a baixa umidade do ar e as temperaturas frias reduzem a atividade das gl\u00e2ndulas seb\u00e1ceas<\/figcaption><\/figure>\n<\/div>\n\n\n<h2 class=\"wp-block-heading\">O que fazer para tratar e prevenir o ressecamento?<\/h2>\n\n\n\n<p>Hidrate a pele diariamente com cremes apropriados, aplicando logo ap\u00f3s o banho enquanto a pele ainda est\u00e1 \u00famida. Limite os banhos a 5 minutos usando \u00e1gua morna e evite sabonetes agressivos.<\/p>\n\n\n\n<p>Mantenha a ingest\u00e3o de pelo menos 2 litros de \u00e1gua diariamente e use umidificadores em ambientes secos. Proteja \u00e1reas expostas com luvas no frio e escolha roupas de tecidos naturais. Se o ressecamento persistir ou apresentar rachaduras e sangramento, consulte um dermatologista para tratamento adequado.<\/p>\n","protected":false},"excerpt":{"rendered":"<p>A pele ressecada \u00e9 uma condi\u00e7\u00e3o extremamente comum que afeta pessoas de todas as idades, causando desconforto, coceira e descama\u00e7\u00e3o. Diversos fatores podem desencadear o ressecamento cut\u00e2neo, desde h\u00e1bitos di\u00e1rios inadequados at\u00e9 condi\u00e7\u00f5es m\u00e9dicas que exigem aten\u00e7\u00e3o especial. O que causa pele ressecada no dia a dia? Segundo a Sociedade Brasileira de Dermatologia, o tempo [&hellip;]<\/p>\n","protected":false},"author":7,"featured_media":418,"comment_status":"open","ping_status":"open","sticky":false,"template":"","format":"standard","meta":{"_yoast_wpseo_focuskw":"Pele ressecada","_yoast_wpseo_title":"","_yoast_wpseo_metadesc":"Pele seca n\u00e3o precisa ser rotina. Mudando o jeito de tomar banho, hidratando na hora certa e bebendo mais \u00e1gua, o al\u00edvio vem r\u00e1pido e dura o dia todo.","jnews-multi-image_gallery":[],"jnews_single_post":{"format":"standard"},"jnews_primary_category":[],"jnews_social_meta":[],"jnews_override_counter":[],"footnotes":""},"categories":[111],"tags":[153,155,154,136],"class_list":["post-396","post","type-post","status-publish","format-standard","has-post-thumbnail","hentry","category-saude","tag-coceira","tag-pele","tag-rachadura","tag-saude"],"yoast_head":"<!-- This site is optimized with the Yoast SEO plugin v26.7 - https:\/\/yoast.com\/wordpress\/plugins\/seo\/ -->\n<title>Coceira, rachadura e pele esbranqui\u00e7ada somem quando voc\u00ea muda s\u00f3 alguns h\u00e1bitos simples do dia a dia - Tua Sa\u00fade<\/title>\n<meta name=\"description\" content=\"Pele seca n\u00e3o precisa ser rotina. Mudando o jeito de tomar banho, hidratando na hora certa e bebendo mais \u00e1gua, o al\u00edvio vem r\u00e1pido e dura o dia todo.\" \/>\n<meta name=\"robots\" content=\"index, follow, max-snippet:-1, max-image-preview:large, max-video-preview:-1\" \/>\n<link rel=\"canonical\" href=\"https:\/\/www.tuasaude.com\/news\/2026\/01\/13\/coceira-rachadura-e-pele-esbranquicada-somem-quando-voce-muda-so-alguns-habitos-simples-do-dia-a-dia\/\" \/>\n<meta property=\"og:locale\" content=\"pt_BR\" \/>\n<meta property=\"og:type\" content=\"article\" \/>\n<meta property=\"og:title\" content=\"Coceira, rachadura e pele esbranqui\u00e7ada somem quando voc\u00ea muda s\u00f3 alguns h\u00e1bitos simples do dia a dia - Tua Sa\u00fade\" \/>\n<meta property=\"og:description\" content=\"Pele seca n\u00e3o precisa ser rotina. Mudando o jeito de tomar banho, hidratando na hora certa e bebendo mais \u00e1gua, o al\u00edvio vem r\u00e1pido e dura o dia todo.\" \/>\n<meta property=\"og:url\" content=\"https:\/\/www.tuasaude.com\/news\/2026\/01\/13\/coceira-rachadura-e-pele-esbranquicada-somem-quando-voce-muda-so-alguns-habitos-simples-do-dia-a-dia\/\" \/>\n<meta property=\"og:site_name\" content=\"Tua Sa\u00fade\" \/>\n<meta property=\"article:published_time\" content=\"2026-01-13T16:00:36+00:00\" \/>\n<meta property=\"og:image\" content=\"https:\/\/www.tuasaude.com\/news\/wp-content\/uploads\/2026\/01\/freepik__35mm-film-photography-pessoa-adulta-aplicando-crem__14055.jpeg\" \/>\n\t<meta property=\"og:image:width\" content=\"1280\" \/>\n\t<meta property=\"og:image:height\" content=\"731\" \/>\n\t<meta property=\"og:image:type\" content=\"image\/jpeg\" \/>\n<meta name=\"author\" content=\"Carlos Emanoel\" \/>\n<meta name=\"twitter:card\" content=\"summary_large_image\" \/>\n<meta name=\"twitter:label1\" content=\"Escrito por\" \/>\n\t<meta name=\"twitter:data1\" content=\"Carlos Emanoel\" \/>\n\t<meta name=\"twitter:label2\" content=\"Est. tempo de leitura\" \/>\n\t<meta name=\"twitter:data2\" content=\"4 minutos\" \/>\n<!-- \/ Yoast SEO plugin. -->","yoast_head_json":{"title":"Coceira, rachadura e pele esbranqui\u00e7ada somem quando voc\u00ea muda s\u00f3 alguns h\u00e1bitos simples do dia a dia - Tua Sa\u00fade","description":"Pele seca n\u00e3o precisa ser rotina. Mudando o jeito de tomar banho, hidratando na hora certa e bebendo mais \u00e1gua, o al\u00edvio vem r\u00e1pido e dura o dia todo.","robots":{"index":"index","follow":"follow","max-snippet":"max-snippet:-1","max-image-preview":"max-image-preview:large","max-video-preview":"max-video-preview:-1"},"canonical":"https:\/\/www.tuasaude.com\/news\/2026\/01\/13\/coceira-rachadura-e-pele-esbranquicada-somem-quando-voce-muda-so-alguns-habitos-simples-do-dia-a-dia\/","og_locale":"pt_BR","og_type":"article","og_title":"Coceira, rachadura e pele esbranqui\u00e7ada somem quando voc\u00ea muda s\u00f3 alguns h\u00e1bitos simples do dia a dia - Tua Sa\u00fade","og_description":"Pele seca n\u00e3o precisa ser rotina. Mudando o jeito de tomar banho, hidratando na hora certa e bebendo mais \u00e1gua, o al\u00edvio vem r\u00e1pido e dura o dia todo.","og_url":"https:\/\/www.tuasaude.com\/news\/2026\/01\/13\/coceira-rachadura-e-pele-esbranquicada-somem-quando-voce-muda-so-alguns-habitos-simples-do-dia-a-dia\/","og_site_name":"Tua Sa\u00fade","article_published_time":"2026-01-13T16:00:36+00:00","og_image":[{"width":1280,"height":731,"url":"https:\/\/www.tuasaude.com\/news\/wp-content\/uploads\/2026\/01\/freepik__35mm-film-photography-pessoa-adulta-aplicando-crem__14055.jpeg","type":"image\/jpeg"}],"author":"Carlos Emanoel","twitter_card":"summary_large_image","twitter_misc":{"Escrito por":"Carlos Emanoel","Est. tempo de leitura":"4 minutos"},"schema":{"@context":"https:\/\/schema.org","@graph":[{"@type":"Article","@id":"https:\/\/www.tuasaude.com\/news\/2026\/01\/13\/coceira-rachadura-e-pele-esbranquicada-somem-quando-voce-muda-so-alguns-habitos-simples-do-dia-a-dia\/#article","isPartOf":{"@id":"https:\/\/www.tuasaude.com\/news\/2026\/01\/13\/coceira-rachadura-e-pele-esbranquicada-somem-quando-voce-muda-so-alguns-habitos-simples-do-dia-a-dia\/"},"author":{"name":"Carlos Emanoel","@id":"https:\/\/www.tuasaude.com\/news\/#\/schema\/person\/0209173c87289752104ffda721220a20"},"headline":"Coceira, rachadura e pele esbranqui\u00e7ada somem quando voc\u00ea muda s\u00f3 alguns h\u00e1bitos simples do dia a dia","datePublished":"2026-01-13T16:00:36+00:00","mainEntityOfPage":{"@id":"https:\/\/www.tuasaude.com\/news\/2026\/01\/13\/coceira-rachadura-e-pele-esbranquicada-somem-quando-voce-muda-so-alguns-habitos-simples-do-dia-a-dia\/"},"wordCount":629,"commentCount":0,"image":{"@id":"https:\/\/www.tuasaude.com\/news\/2026\/01\/13\/coceira-rachadura-e-pele-esbranquicada-somem-quando-voce-muda-so-alguns-habitos-simples-do-dia-a-dia\/#primaryimage"},"thumbnailUrl":"https:\/\/www.tuasaude.com\/news\/wp-content\/uploads\/2026\/01\/freepik__35mm-film-photography-pessoa-adulta-aplicando-crem__14055.jpeg","keywords":["coceira","pele","rachadura","sa\u00fade"],"articleSection":["Sa\u00fade"],"inLanguage":"pt-BR","potentialAction":[{"@type":"CommentAction","name":"Comment","target":["https:\/\/www.tuasaude.com\/news\/2026\/01\/13\/coceira-rachadura-e-pele-esbranquicada-somem-quando-voce-muda-so-alguns-habitos-simples-do-dia-a-dia\/#respond"]}]},{"@type":"WebPage","@id":"https:\/\/www.tuasaude.com\/news\/2026\/01\/13\/coceira-rachadura-e-pele-esbranquicada-somem-quando-voce-muda-so-alguns-habitos-simples-do-dia-a-dia\/","url":"https:\/\/www.tuasaude.com\/news\/2026\/01\/13\/coceira-rachadura-e-pele-esbranquicada-somem-quando-voce-muda-so-alguns-habitos-simples-do-dia-a-dia\/","name":"Coceira, rachadura e pele esbranqui\u00e7ada somem quando voc\u00ea muda s\u00f3 alguns h\u00e1bitos simples do dia a dia - Tua Sa\u00fade","isPartOf":{"@id":"https:\/\/www.tuasaude.com\/news\/#website"},"primaryImageOfPage":{"@id":"https:\/\/www.tuasaude.com\/news\/2026\/01\/13\/coceira-rachadura-e-pele-esbranquicada-somem-quando-voce-muda-so-alguns-habitos-simples-do-dia-a-dia\/#primaryimage"},"image":{"@id":"https:\/\/www.tuasaude.com\/news\/2026\/01\/13\/coceira-rachadura-e-pele-esbranquicada-somem-quando-voce-muda-so-alguns-habitos-simples-do-dia-a-dia\/#primaryimage"},"thumbnailUrl":"https:\/\/www.tuasaude.com\/news\/wp-content\/uploads\/2026\/01\/freepik__35mm-film-photography-pessoa-adulta-aplicando-crem__14055.jpeg","datePublished":"2026-01-13T16:00:36+00:00","author":{"@id":"https:\/\/www.tuasaude.com\/news\/#\/schema\/person\/0209173c87289752104ffda721220a20"},"description":"Pele seca n\u00e3o precisa ser rotina. Mudando o jeito de tomar banho, hidratando na hora certa e bebendo mais \u00e1gua, o al\u00edvio vem r\u00e1pido e dura o dia todo.","breadcrumb":{"@id":"https:\/\/www.tuasaude.com\/news\/2026\/01\/13\/coceira-rachadura-e-pele-esbranquicada-somem-quando-voce-muda-so-alguns-habitos-simples-do-dia-a-dia\/#breadcrumb"},"inLanguage":"pt-BR","potentialAction":[{"@type":"ReadAction","target":["https:\/\/www.tuasaude.com\/news\/2026\/01\/13\/coceira-rachadura-e-pele-esbranquicada-somem-quando-voce-muda-so-alguns-habitos-simples-do-dia-a-dia\/"]}]},{"@type":"ImageObject","inLanguage":"pt-BR","@id":"https:\/\/www.tuasaude.com\/news\/2026\/01\/13\/coceira-rachadura-e-pele-esbranquicada-somem-quando-voce-muda-so-alguns-habitos-simples-do-dia-a-dia\/#primaryimage","url":"https:\/\/www.tuasaude.com\/news\/wp-content\/uploads\/2026\/01\/freepik__35mm-film-photography-pessoa-adulta-aplicando-crem__14055.jpeg","contentUrl":"https:\/\/www.tuasaude.com\/news\/wp-content\/uploads\/2026\/01\/freepik__35mm-film-photography-pessoa-adulta-aplicando-crem__14055.jpeg","width":1280,"height":731,"caption":"No inverno, a baixa umidade do ar e as temperaturas frias reduzem a atividade das gl\u00e2ndulas seb\u00e1ceas"},{"@type":"BreadcrumbList","@id":"https:\/\/www.tuasaude.com\/news\/2026\/01\/13\/coceira-rachadura-e-pele-esbranquicada-somem-quando-voce-muda-so-alguns-habitos-simples-do-dia-a-dia\/#breadcrumb","itemListElement":[{"@type":"ListItem","position":1,"name":"In\u00edcio","item":"https:\/\/www.tuasaude.com\/news\/"},{"@type":"ListItem","position":2,"name":"Coceira, rachadura e pele esbranqui\u00e7ada somem quando voc\u00ea muda s\u00f3 alguns h\u00e1bitos simples do dia a dia"}]},{"@type":"WebSite","@id":"https:\/\/www.tuasaude.com\/news\/#website","url":"https:\/\/www.tuasaude.com\/news\/","name":"Tua Sa\u00fade","description":"Seu site de sa\u00fade","potentialAction":[{"@type":"SearchAction","target":{"@type":"EntryPoint","urlTemplate":"https:\/\/www.tuasaude.com\/news\/?s={search_term_string}"},"query-input":{"@type":"PropertyValueSpecification","valueRequired":true,"valueName":"search_term_string"}}],"inLanguage":"pt-BR"},{"@type":"Person","@id":"https:\/\/www.tuasaude.com\/news\/#\/schema\/person\/0209173c87289752104ffda721220a20","name":"Carlos Emanoel","image":{"@type":"ImageObject","inLanguage":"pt-BR","@id":"https:\/\/www.tuasaude.com\/news\/#\/schema\/person\/image\/","url":"https:\/\/secure.gravatar.com\/avatar\/30e1f067eeac67dde63039d7e35ed50e59f4d189925ea75d1bc1690d1a9fe491?s=96&d=mm&r=g","contentUrl":"https:\/\/secure.gravatar.com\/avatar\/30e1f067eeac67dde63039d7e35ed50e59f4d189925ea75d1bc1690d1a9fe491?s=96&d=mm&r=g","caption":"Carlos Emanoel"},"sameAs":["https:\/\/www.tuasaude.com\/news\/"],"url":"https:\/\/www.tuasaude.com\/news\/author\/carlos-emanoel\/"}]}},"_links":{"self":[{"href":"https:\/\/www.tuasaude.com\/news\/wp-json\/wp\/v2\/posts\/396","targetHints":{"allow":["GET"]}}],"collection":[{"href":"https:\/\/www.tuasaude.com\/news\/wp-json\/wp\/v2\/posts"}],"about":[{"href":"https:\/\/www.tuasaude.com\/news\/wp-json\/wp\/v2\/types\/post"}],"author":[{"embeddable":true,"href":"https:\/\/www.tuasaude.com\/news\/wp-json\/wp\/v2\/users\/7"}],"replies":[{"embeddable":true,"href":"https:\/\/www.tuasaude.com\/news\/wp-json\/wp\/v2\/comments?post=396"}],"version-history":[{"count":3,"href":"https:\/\/www.tuasaude.com\/news\/wp-json\/wp\/v2\/posts\/396\/revisions"}],"predecessor-version":[{"id":447,"href":"https:\/\/www.tuasaude.com\/news\/wp-json\/wp\/v2\/posts\/396\/revisions\/447"}],"wp:featuredmedia":[{"embeddable":true,"href":"https:\/\/www.tuasaude.com\/news\/wp-json\/wp\/v2\/media\/418"}],"wp:attachment":[{"href":"https:\/\/www.tuasaude.com\/news\/wp-json\/wp\/v2\/media?parent=396"}],"wp:term":[{"taxonomy":"category","embeddable":true,"href":"https:\/\/www.tuasaude.com\/news\/wp-json\/wp\/v2\/categories?post=396"},{"taxonomy":"post_tag","embeddable":true,"href":"https:\/\/www.tuasaude.com\/news\/wp-json\/wp\/v2\/tags?post=396"}],"curies":[{"name":"wp","href":"https:\/\/api.w.org\/{rel}","templated":true}]}}