{"id":325,"date":"2026-01-08T12:06:49","date_gmt":"2026-01-08T15:06:49","guid":{"rendered":"https:\/\/www.tuasaude.com\/news\/?p=325"},"modified":"2026-01-09T13:10:08","modified_gmt":"2026-01-09T16:10:08","slug":"nem-alzheimer-nem-parkinson-essa-condicao-rara-envelhece-o-corpo-mas-mantem-a-mente-intacta-ate-o-fim-da-infancia","status":"publish","type":"post","link":"https:\/\/www.tuasaude.com\/news\/2026\/01\/08\/nem-alzheimer-nem-parkinson-essa-condicao-rara-envelhece-o-corpo-mas-mantem-a-mente-intacta-ate-o-fim-da-infancia\/","title":{"rendered":"Nem Alzheimer, nem Parkinson: essa condi\u00e7\u00e3o rara envelhece o corpo, mas mant\u00e9m a mente intacta at\u00e9 o fim da inf\u00e2ncia"},"content":{"rendered":"\n<p>Progeria, tamb\u00e9m conhecida como s\u00edndrome de Hutchinson-Gilford, \u00e9 uma s\u00edndrome gen\u00e9tica rara que provoca <a href=\"https:\/\/www.tuasaude.com\/envelhecimento-precoce\/\" target=\"_blank\" rel=\"noreferrer noopener\">envelhecimento extremamente acelerado<\/a> em crian\u00e7as, causado por muta\u00e7\u00e3o no gene LMNA. Essa altera\u00e7\u00e3o produz uma prote\u00edna anormal chamada progerina que danifica o n\u00facleo celular, levando \u00e0 morte precoce das c\u00e9lulas e manifesta\u00e7\u00e3o de sintomas antes dos dois anos de idade.<\/p>\n\n\n\n<h2 class=\"wp-block-heading\">Como uma muta\u00e7\u00e3o gen\u00e9tica acelera o envelhecimento?<\/h2>\n\n\n\n<p>A s\u00edndrome de Hutchinson-Gilford resulta de muta\u00e7\u00e3o pontual no gene LMNA no cromossomo 1. Este gene codifica as prote\u00ednas l\u00e2mina A e l\u00e2mina C, componentes estruturais essenciais do envelope nuclear. <a href=\"https:\/\/pubmed.ncbi.nlm.nih.gov\/37572165\/\" target=\"_blank\" rel=\"noreferrer noopener\">Segundo publica\u00e7\u00e3o no PubMed<\/a>, a muta\u00e7\u00e3o mais comum \u00e9 c.1824C>T, respons\u00e1vel por aproximadamente 90% dos casos.<\/p>\n\n\n\n<p>A muta\u00e7\u00e3o ativa um s\u00edtio de splicing incorreto, gerando a progerina com dele\u00e7\u00e3o de 50 amino\u00e1cidos. Essa prote\u00edna defeituosa acumula-se no envelope nuclear e desestabiliza o n\u00facleo celular. <a href=\"https:\/\/medlineplus.gov\/genetics\/condition\/hutchinson-gilford-progeria-syndrome\/\" target=\"_blank\" rel=\"noreferrer noopener\">O MedlinePlus Genetics<\/a> explica que isso compromete fun\u00e7\u00f5es vitais como replica\u00e7\u00e3o de DNA, express\u00e3o g\u00eanica e resposta ao estresse celular.<\/p>\n\n\n<div class=\"wp-block-image\">\n<figure class=\"aligncenter size-large\"><img decoding=\"async\" width=\"1024\" height=\"585\" src=\"https:\/\/www.tuasaude.com\/news\/wp-content\/uploads\/2026\/01\/freepik__35mm-film-photography-ilustrao-de-clula-humana-em-__48248-1024x585.jpeg\" alt=\"Nem Alzheimer, nem Parkinson: essa condi\u00e7\u00e3o rara envelhece o corpo, mas mant\u00e9m a mente intacta at\u00e9 o fim da inf\u00e2ncia\" class=\"wp-image-384\"\/><figcaption class=\"wp-element-caption\">A s\u00edndrome de Hutchinson-Gilford resulta de muta\u00e7\u00e3o pontual no gene LMNA no cromossomo 1<\/figcaption><\/figure>\n<\/div>\n\n\n<h2 class=\"wp-block-heading\">Quais sintomas aparecem primeiro nas crian\u00e7as afetadas?<\/h2>\n\n\n\n<p>Beb\u00eas com progeria nascem aparentemente saud\u00e1veis e desenvolvem-se normalmente nos primeiros meses de vida. Os primeiros sinais surgem tipicamente entre 6 e 24 meses. <a href=\"https:\/\/omim.org\/entry\/176670\" target=\"_blank\" rel=\"noreferrer noopener\">Pesquisa publicada na base OMIM<\/a> documenta que a falha no ganho de peso \u00e9 o sintoma inicial mais frequente.<\/p>\n\n\n\n<!-- \ud83e\uddec Tabela: Caracter\u00edsticas F\u00edsicas com Progress\u00e3o R\u00e1pida -->\n<div class=\"tuasaude-table\" role=\"region\" aria-labelledby=\"progressao-caption\">\n  <style>\n    .tuasaude-table{\n      --bg:#ffffff;\n      --text:#1f2937;\n      --muted:#5f6b7a;\n      --border:#dbe5ec;\n      --primary:#2daae1;\n      --primary-bg:#eaf6fc;\n      --highlight:#f3f9fd;\n      --radius:16px;\n      --shadow:0 8px 22px rgba(0,0,0,.06);\n      margin:1rem 0 2rem; background:var(--bg);\n      border:1px solid var(--border); border-radius:var(--radius);\n      box-shadow:var(--shadow); overflow:hidden;\n      font-family:\"Poppins\",sans-serif; font-size:.97rem;\n    }\n    .tuasaude-table .header{\n      padding:1rem 1.25rem; border-bottom:1px solid var(--border);\n      background:linear-gradient(90deg,var(--highlight) 0%,var(--primary-bg) 100%);\n    }\n    .tuasaude-table .header h3{ margin:0; font-size:1.25rem; font-weight:700; color:var(--text); }\n    .tuasaude-table .header p{ margin:.35rem 0 0; font-size:.95rem; color:var(--muted); }\n\n    \/* \u2705 Fix de dimensionamento: for\u00e7a a tabela ocupar 100% do container SEM \u201cencolher\u201d *\/\n    .tuasaude-table .table-wrap{\n      width:100%;\n      overflow-x:auto;\n      -webkit-overflow-scrolling:touch;\n      scrollbar-width:thin;\n    }\n    .tuasaude-table table{\n      width:100% !important;\n      min-width:100% !important;   \/* garante que n\u00e3o fique \u201cmenor\u201d que o card *\/\n      max-width:100% !important;\n      border-collapse:separate;\n      border-spacing:0;\n      table-layout:auto;\n      display:table;\n    }\n\n    .tuasaude-table thead th{\n      text-align:left; font-weight:700; color:var(--text);\n      background:var(--primary-bg); padding:.9rem 1rem;\n      border-bottom:2px solid var(--border);\n      white-space:nowrap;\n    }\n    .tuasaude-table tbody td{\n      padding:1rem; border-bottom:1px solid var(--border);\n      vertical-align:top; color:var(--text); background:#fff; line-height:1.5;\n      overflow-wrap:anywhere; word-break:break-word;\n    }\n    .tuasaude-table tbody tr:nth-child(odd) td{ background:var(--highlight); }\n    .tuasaude-table tbody tr:hover td{\n      background:color-mix(in oklab, var(--primary-bg) 70%, white);\n      transition:all .25s ease-in-out;\n    }\n    .tuasaude-table .name{ font-weight:700; font-size:1rem; color:var(--text); }\n    .tuasaude-table .desc{ color:var(--muted); }\n\n    @media (max-width:640px){\n      .tuasaude-table .header h3{ font-size:1.1rem; }\n      .tuasaude-table thead th{ white-space:normal; }\n    }\n  <\/style>\n\n  <div class=\"header\">\n    <h3 id=\"progressao-caption\">Caracter\u00edsticas F\u00edsicas com Progress\u00e3o R\u00e1pida<\/h3>\n    <p>Altera\u00e7\u00f5es corporais observadas desde os primeiros anos de vida.<\/p>\n  <\/div>\n\n  <div class=\"table-wrap\" tabindex=\"0\" aria-label=\"Caracter\u00edsticas f\u00edsicas com progress\u00e3o r\u00e1pida\">\n    <table>\n      <thead>\n        <tr>\n          <th>Caracter\u00edstica<\/th>\n          <th>Sistema afetado<\/th>\n          <th>Descri\u00e7\u00e3o cl\u00ednica<\/th>\n        <\/tr>\n      <\/thead>\n      <tbody>\n        <tr>\n          <td><span class=\"name\">Altera\u00e7\u00f5es capilares<\/span><\/td>\n          <td class=\"desc\">Pele e anexos<\/td>\n          <td class=\"desc\">Perda completa de cabelos, sobrancelhas e c\u00edlios, geralmente antes dos dois anos de idade.<\/td>\n        <\/tr>\n        <tr>\n          <td><span class=\"name\">Pele envelhecida<\/span><\/td>\n          <td class=\"desc\">Sistema tegumentar<\/td>\n          <td class=\"desc\">Pele fina, enrugada, com manchas vis\u00edveis e perda significativa de elasticidade.<\/td>\n        <\/tr>\n        <tr>\n          <td><span class=\"name\">Face caracter\u00edstica<\/span><\/td>\n          <td class=\"desc\">Estrutura facial<\/td>\n          <td class=\"desc\">Olhos proeminentes, nariz fino em formato de bico e maxilar pequeno.<\/td>\n        <\/tr>\n        <tr>\n          <td><span class=\"name\">Lipodistrofia<\/span><\/td>\n          <td class=\"desc\">Tecido adiposo e muscular<\/td>\n          <td class=\"desc\">Perda severa de gordura subcut\u00e2nea e redu\u00e7\u00e3o importante da massa muscular.<\/td>\n        <\/tr>\n        <tr>\n          <td><span class=\"name\">Baixa estatura<\/span><\/td>\n          <td class=\"desc\">Crescimento<\/td>\n          <td class=\"desc\">Crescimento significativamente retardado desde a inf\u00e2ncia.<\/td>\n        <\/tr>\n      <\/tbody>\n    <\/table>\n  <\/div>\n<\/div>\n\n\n\n\n<h2 class=\"wp-block-heading\">Por que problemas cardiovasculares s\u00e3o a maior amea\u00e7a?<\/h2>\n\n\n\n<p>A aterosclerose acelerada representa a complica\u00e7\u00e3o mais grave da progeria. <a href=\"https:\/\/pmc.ncbi.nlm.nih.gov\/articles\/PMC6406247\/\" target=\"_blank\" rel=\"noreferrer noopener\">Artigo cient\u00edfico no PMC<\/a> demonstra que crian\u00e7as desenvolvem aterosclerose severa semelhante \u00e0 de idosos, mas com caracter\u00edsticas particulares. A perda de c\u00e9lulas musculares lisas nas art\u00e9rias coron\u00e1rias e aorta \u00e9 a altera\u00e7\u00e3o mais importante.<\/p>\n\n\n\n<p>Essas altera\u00e7\u00f5es causam rigidez arterial, calcifica\u00e7\u00e3o vascular e forma\u00e7\u00e3o de placas ateroscler\u00f3ticas. <a href=\"https:\/\/pubmed.ncbi.nlm.nih.gov\/16838330\/\" target=\"_blank\" rel=\"noreferrer noopener\">Estudo no PubMed<\/a> reporta idade m\u00e9dia de \u00f3bito aos 12,6 anos por infarto ou AVC. O desenvolvimento cognitivo permanece normal, mas o cora\u00e7\u00e3o falha precocemente.<\/p>\n\n\n<div class=\"wp-block-image\">\n<figure class=\"aligncenter size-large\"><img decoding=\"async\" width=\"1024\" height=\"571\" src=\"https:\/\/www.tuasaude.com\/news\/wp-content\/uploads\/2026\/01\/freepik__infogrfico-educativo-simples-e-realista-sobre-prog__39931-1024x571.png\" alt=\"Nem Alzheimer, nem Parkinson: essa condi\u00e7\u00e3o rara envelhece o corpo, mas mant\u00e9m a mente intacta at\u00e9 o fim da inf\u00e2ncia\" class=\"wp-image-345\" srcset=\"https:\/\/www.tuasaude.com\/news\/wp-content\/uploads\/2026\/01\/freepik__infogrfico-educativo-simples-e-realista-sobre-prog__39931-1024x571.png 1024w, https:\/\/www.tuasaude.com\/news\/wp-content\/uploads\/2026\/01\/freepik__infogrfico-educativo-simples-e-realista-sobre-prog__39931-300x167.png 300w, https:\/\/www.tuasaude.com\/news\/wp-content\/uploads\/2026\/01\/freepik__infogrfico-educativo-simples-e-realista-sobre-prog__39931-768x428.png 768w, https:\/\/www.tuasaude.com\/news\/wp-content\/uploads\/2026\/01\/freepik__infogrfico-educativo-simples-e-realista-sobre-prog__39931-750x418.png 750w, https:\/\/www.tuasaude.com\/news\/wp-content\/uploads\/2026\/01\/freepik__infogrfico-educativo-simples-e-realista-sobre-prog__39931-1140x636.png 1140w, https:\/\/www.tuasaude.com\/news\/wp-content\/uploads\/2026\/01\/freepik__infogrfico-educativo-simples-e-realista-sobre-prog__39931.png 1280w\" sizes=\"(max-width: 1024px) 100vw, 1024px\" \/><figcaption class=\"wp-element-caption\">A s\u00edndrome de Hutchinson-Gilford resulta de muta\u00e7\u00e3o pontual no gene LMNA no cromossomo 1<\/figcaption><\/figure>\n<\/div>\n\n\n<h2 class=\"wp-block-heading\">Existem tratamentos que prolongam a sobrevida?<\/h2>\n\n\n\n<p>N\u00e3o existe cura, mas tratamentos multidisciplinares melhoram a qualidade de vida e podem estender sobreviv\u00eancia. <a href=\"https:\/\/pubmed.ncbi.nlm.nih.gov\/34602042\/\" target=\"_blank\" rel=\"noreferrer noopener\">Revis\u00e3o cient\u00edfica no PubMed<\/a> indica que a aspirina e estatinas reduzem risco cardiovascular atrav\u00e9s da preven\u00e7\u00e3o de co\u00e1gulos e controle do colesterol. Fisioterapia, nutri\u00e7\u00e3o especializada e acompanhamento cardiol\u00f3gico s\u00e3o essenciais.<\/p>\n\n\n\n<p>Terapias complementares fundamentais:<\/p>\n\n\n\n<ul class=\"wp-block-list\">\n<li><strong>Fisioterapia regular<\/strong>: fortalece m\u00fasculos e preserva mobilidade articular<\/li>\n\n\n\n<li><strong>Nutri\u00e7\u00e3o especializada<\/strong>: compensa defici\u00eancias e mant\u00e9m peso adequado<\/li>\n\n\n\n<li><strong>Exerc\u00edcios adaptados<\/strong>: melhoram circula\u00e7\u00e3o e fun\u00e7\u00e3o cardiovascular<\/li>\n\n\n\n<li><strong>Monitoramento card\u00edaco<\/strong>: detecta precocemente complica\u00e7\u00f5es graves<\/li>\n\n\n\n<li><strong>\u00d3rteses<\/strong>: corrigem deformidades \u00f3sseas e melhoram funcionalidade<\/li>\n<\/ul>\n\n\n\n<h2 class=\"wp-block-heading\">Qual o futuro das pesquisas em terapia gen\u00e9tica?<\/h2>\n\n\n\n<p>Avan\u00e7os em edi\u00e7\u00e3o gen\u00e9tica oferecem esperan\u00e7a para tratamento definitivo. Pesquisadores investigam a tecnologia CRISPR\/Cas9 para corrigir a muta\u00e7\u00e3o no gene LMNA ou silenciar a progerina. <a href=\"https:\/\/pubmed.ncbi.nlm.nih.gov\/34602042\/\" target=\"_blank\" rel=\"noreferrer noopener\">Artigo no PubMed<\/a> descreve que essa tecnologia permite edi\u00e7\u00e3o precisa do genoma, mostrando-se promissora para dist\u00farbios gen\u00e9ticos.<\/p>\n\n\n\n<p>Outras estrat\u00e9gias experimentais incluem inibidores de farnesila\u00e7\u00e3o, oligonucleot\u00eddeos antisense e microRNAs reguladores. Modelos murinos transg\u00eanicos testam efic\u00e1cia antes de ensaios cl\u00ednicos humanos. Embora nenhuma terapia gen\u00e9tica esteja aprovada, resultados preliminares demonstram potencial real.<\/p>\n","protected":false},"excerpt":{"rendered":"<p>Progeria, tamb\u00e9m conhecida como s\u00edndrome de Hutchinson-Gilford, \u00e9 uma s\u00edndrome gen\u00e9tica rara que provoca envelhecimento extremamente acelerado em crian\u00e7as, causado por muta\u00e7\u00e3o no gene LMNA. Essa altera\u00e7\u00e3o produz uma prote\u00edna anormal chamada progerina que danifica o n\u00facleo celular, levando \u00e0 morte precoce das c\u00e9lulas e manifesta\u00e7\u00e3o de sintomas antes dos dois anos de idade. Como [&hellip;]<\/p>\n","protected":false},"author":7,"featured_media":386,"comment_status":"open","ping_status":"open","sticky":false,"template":"","format":"standard","meta":{"_yoast_wpseo_focuskw":"envelhecer o corpo","_yoast_wpseo_title":"","_yoast_wpseo_metadesc":"Da queda de cabelo ao infarto na inf\u00e2ncia: entenda como a progeria afeta o corpo, quais s\u00e3o os sinais iniciais e onde a medicina aposta no futuro.","jnews-multi-image_gallery":[],"jnews_single_post":{"format":"standard"},"jnews_primary_category":[],"jnews_social_meta":[],"jnews_override_counter":[],"footnotes":""},"categories":[111],"tags":[132,131,130],"class_list":["post-325","post","type-post","status-publish","format-standard","has-post-thumbnail","hentry","category-saude","tag-envelhecimento","tag-genetica","tag-sindrome"],"yoast_head":"<!-- This site is optimized with the Yoast SEO plugin v26.7 - https:\/\/yoast.com\/wordpress\/plugins\/seo\/ -->\n<title>Nem Alzheimer, nem Parkinson: essa condi\u00e7\u00e3o rara envelhece o corpo, mas mant\u00e9m a mente intacta at\u00e9 o fim da inf\u00e2ncia - Tua Sa\u00fade<\/title>\n<meta name=\"description\" content=\"Da queda de cabelo ao infarto na inf\u00e2ncia: entenda como a progeria afeta o corpo, quais s\u00e3o os sinais iniciais e onde a medicina aposta no futuro.\" \/>\n<meta name=\"robots\" content=\"index, follow, max-snippet:-1, max-image-preview:large, max-video-preview:-1\" \/>\n<link rel=\"canonical\" href=\"https:\/\/www.tuasaude.com\/news\/2026\/01\/08\/nem-alzheimer-nem-parkinson-essa-condicao-rara-envelhece-o-corpo-mas-mantem-a-mente-intacta-ate-o-fim-da-infancia\/\" \/>\n<meta property=\"og:locale\" content=\"pt_BR\" \/>\n<meta property=\"og:type\" content=\"article\" \/>\n<meta property=\"og:title\" content=\"Nem Alzheimer, nem Parkinson: essa condi\u00e7\u00e3o rara envelhece o corpo, mas mant\u00e9m a mente intacta at\u00e9 o fim da inf\u00e2ncia - Tua Sa\u00fade\" \/>\n<meta property=\"og:description\" content=\"Da queda de cabelo ao infarto na inf\u00e2ncia: entenda como a progeria afeta o corpo, quais s\u00e3o os sinais iniciais e onde a medicina aposta no futuro.\" \/>\n<meta property=\"og:url\" content=\"https:\/\/www.tuasaude.com\/news\/2026\/01\/08\/nem-alzheimer-nem-parkinson-essa-condicao-rara-envelhece-o-corpo-mas-mantem-a-mente-intacta-ate-o-fim-da-infancia\/\" \/>\n<meta property=\"og:site_name\" content=\"Tua Sa\u00fade\" \/>\n<meta property=\"article:published_time\" content=\"2026-01-08T15:06:49+00:00\" \/>\n<meta property=\"article:modified_time\" content=\"2026-01-09T16:10:08+00:00\" \/>\n<meta property=\"og:image\" content=\"https:\/\/www.tuasaude.com\/news\/wp-content\/uploads\/2026\/01\/freepik__35mm-film-photography-criana-sentada-em-ambiente-e__48249-1.png\" \/>\n\t<meta property=\"og:image:width\" content=\"1279\" \/>\n\t<meta property=\"og:image:height\" content=\"731\" \/>\n\t<meta property=\"og:image:type\" content=\"image\/png\" \/>\n<meta name=\"author\" content=\"Carlos Emanoel\" \/>\n<meta name=\"twitter:card\" content=\"summary_large_image\" \/>\n<meta name=\"twitter:label1\" content=\"Escrito por\" \/>\n\t<meta name=\"twitter:data1\" content=\"Carlos Emanoel\" \/>\n\t<meta name=\"twitter:label2\" content=\"Est. tempo de leitura\" \/>\n\t<meta name=\"twitter:data2\" content=\"4 minutos\" \/>\n<!-- \/ Yoast SEO plugin. -->","yoast_head_json":{"title":"Nem Alzheimer, nem Parkinson: essa condi\u00e7\u00e3o rara envelhece o corpo, mas mant\u00e9m a mente intacta at\u00e9 o fim da inf\u00e2ncia - Tua Sa\u00fade","description":"Da queda de cabelo ao infarto na inf\u00e2ncia: entenda como a progeria afeta o corpo, quais s\u00e3o os sinais iniciais e onde a medicina aposta no futuro.","robots":{"index":"index","follow":"follow","max-snippet":"max-snippet:-1","max-image-preview":"max-image-preview:large","max-video-preview":"max-video-preview:-1"},"canonical":"https:\/\/www.tuasaude.com\/news\/2026\/01\/08\/nem-alzheimer-nem-parkinson-essa-condicao-rara-envelhece-o-corpo-mas-mantem-a-mente-intacta-ate-o-fim-da-infancia\/","og_locale":"pt_BR","og_type":"article","og_title":"Nem Alzheimer, nem Parkinson: essa condi\u00e7\u00e3o rara envelhece o corpo, mas mant\u00e9m a mente intacta at\u00e9 o fim da inf\u00e2ncia - Tua Sa\u00fade","og_description":"Da queda de cabelo ao infarto na inf\u00e2ncia: entenda como a progeria afeta o corpo, quais s\u00e3o os sinais iniciais e onde a medicina aposta no futuro.","og_url":"https:\/\/www.tuasaude.com\/news\/2026\/01\/08\/nem-alzheimer-nem-parkinson-essa-condicao-rara-envelhece-o-corpo-mas-mantem-a-mente-intacta-ate-o-fim-da-infancia\/","og_site_name":"Tua Sa\u00fade","article_published_time":"2026-01-08T15:06:49+00:00","article_modified_time":"2026-01-09T16:10:08+00:00","og_image":[{"width":1279,"height":731,"url":"https:\/\/www.tuasaude.com\/news\/wp-content\/uploads\/2026\/01\/freepik__35mm-film-photography-criana-sentada-em-ambiente-e__48249-1.png","type":"image\/png"}],"author":"Carlos Emanoel","twitter_card":"summary_large_image","twitter_misc":{"Escrito por":"Carlos Emanoel","Est. tempo de leitura":"4 minutos"},"schema":{"@context":"https:\/\/schema.org","@graph":[{"@type":"Article","@id":"https:\/\/www.tuasaude.com\/news\/2026\/01\/08\/nem-alzheimer-nem-parkinson-essa-condicao-rara-envelhece-o-corpo-mas-mantem-a-mente-intacta-ate-o-fim-da-infancia\/#article","isPartOf":{"@id":"https:\/\/www.tuasaude.com\/news\/2026\/01\/08\/nem-alzheimer-nem-parkinson-essa-condicao-rara-envelhece-o-corpo-mas-mantem-a-mente-intacta-ate-o-fim-da-infancia\/"},"author":{"name":"Carlos Emanoel","@id":"https:\/\/www.tuasaude.com\/news\/#\/schema\/person\/0209173c87289752104ffda721220a20"},"headline":"Nem Alzheimer, nem Parkinson: essa condi\u00e7\u00e3o rara envelhece o corpo, mas mant\u00e9m a mente intacta at\u00e9 o fim da inf\u00e2ncia","datePublished":"2026-01-08T15:06:49+00:00","dateModified":"2026-01-09T16:10:08+00:00","mainEntityOfPage":{"@id":"https:\/\/www.tuasaude.com\/news\/2026\/01\/08\/nem-alzheimer-nem-parkinson-essa-condicao-rara-envelhece-o-corpo-mas-mantem-a-mente-intacta-ate-o-fim-da-infancia\/"},"wordCount":704,"commentCount":0,"image":{"@id":"https:\/\/www.tuasaude.com\/news\/2026\/01\/08\/nem-alzheimer-nem-parkinson-essa-condicao-rara-envelhece-o-corpo-mas-mantem-a-mente-intacta-ate-o-fim-da-infancia\/#primaryimage"},"thumbnailUrl":"https:\/\/www.tuasaude.com\/news\/wp-content\/uploads\/2026\/01\/freepik__35mm-film-photography-criana-sentada-em-ambiente-e__48249-1.png","keywords":["envelhecimento","gen\u00e9tica","s\u00edndrome"],"articleSection":["Sa\u00fade"],"inLanguage":"pt-BR","potentialAction":[{"@type":"CommentAction","name":"Comment","target":["https:\/\/www.tuasaude.com\/news\/2026\/01\/08\/nem-alzheimer-nem-parkinson-essa-condicao-rara-envelhece-o-corpo-mas-mantem-a-mente-intacta-ate-o-fim-da-infancia\/#respond"]}]},{"@type":"WebPage","@id":"https:\/\/www.tuasaude.com\/news\/2026\/01\/08\/nem-alzheimer-nem-parkinson-essa-condicao-rara-envelhece-o-corpo-mas-mantem-a-mente-intacta-ate-o-fim-da-infancia\/","url":"https:\/\/www.tuasaude.com\/news\/2026\/01\/08\/nem-alzheimer-nem-parkinson-essa-condicao-rara-envelhece-o-corpo-mas-mantem-a-mente-intacta-ate-o-fim-da-infancia\/","name":"Nem Alzheimer, nem Parkinson: essa condi\u00e7\u00e3o rara envelhece o corpo, mas mant\u00e9m a mente intacta at\u00e9 o fim da inf\u00e2ncia - Tua Sa\u00fade","isPartOf":{"@id":"https:\/\/www.tuasaude.com\/news\/#website"},"primaryImageOfPage":{"@id":"https:\/\/www.tuasaude.com\/news\/2026\/01\/08\/nem-alzheimer-nem-parkinson-essa-condicao-rara-envelhece-o-corpo-mas-mantem-a-mente-intacta-ate-o-fim-da-infancia\/#primaryimage"},"image":{"@id":"https:\/\/www.tuasaude.com\/news\/2026\/01\/08\/nem-alzheimer-nem-parkinson-essa-condicao-rara-envelhece-o-corpo-mas-mantem-a-mente-intacta-ate-o-fim-da-infancia\/#primaryimage"},"thumbnailUrl":"https:\/\/www.tuasaude.com\/news\/wp-content\/uploads\/2026\/01\/freepik__35mm-film-photography-criana-sentada-em-ambiente-e__48249-1.png","datePublished":"2026-01-08T15:06:49+00:00","dateModified":"2026-01-09T16:10:08+00:00","author":{"@id":"https:\/\/www.tuasaude.com\/news\/#\/schema\/person\/0209173c87289752104ffda721220a20"},"description":"Da queda de cabelo ao infarto na inf\u00e2ncia: entenda como a progeria afeta o corpo, quais s\u00e3o os sinais iniciais e onde a medicina aposta no futuro.","breadcrumb":{"@id":"https:\/\/www.tuasaude.com\/news\/2026\/01\/08\/nem-alzheimer-nem-parkinson-essa-condicao-rara-envelhece-o-corpo-mas-mantem-a-mente-intacta-ate-o-fim-da-infancia\/#breadcrumb"},"inLanguage":"pt-BR","potentialAction":[{"@type":"ReadAction","target":["https:\/\/www.tuasaude.com\/news\/2026\/01\/08\/nem-alzheimer-nem-parkinson-essa-condicao-rara-envelhece-o-corpo-mas-mantem-a-mente-intacta-ate-o-fim-da-infancia\/"]}]},{"@type":"ImageObject","inLanguage":"pt-BR","@id":"https:\/\/www.tuasaude.com\/news\/2026\/01\/08\/nem-alzheimer-nem-parkinson-essa-condicao-rara-envelhece-o-corpo-mas-mantem-a-mente-intacta-ate-o-fim-da-infancia\/#primaryimage","url":"https:\/\/www.tuasaude.com\/news\/wp-content\/uploads\/2026\/01\/freepik__35mm-film-photography-criana-sentada-em-ambiente-e__48249-1.png","contentUrl":"https:\/\/www.tuasaude.com\/news\/wp-content\/uploads\/2026\/01\/freepik__35mm-film-photography-criana-sentada-em-ambiente-e__48249-1.png","width":1279,"height":731,"caption":"A s\u00edndrome de Hutchinson-Gilford resulta de muta\u00e7\u00e3o pontual no gene LMNA no cromossomo 1"},{"@type":"BreadcrumbList","@id":"https:\/\/www.tuasaude.com\/news\/2026\/01\/08\/nem-alzheimer-nem-parkinson-essa-condicao-rara-envelhece-o-corpo-mas-mantem-a-mente-intacta-ate-o-fim-da-infancia\/#breadcrumb","itemListElement":[{"@type":"ListItem","position":1,"name":"In\u00edcio","item":"https:\/\/www.tuasaude.com\/news\/"},{"@type":"ListItem","position":2,"name":"Nem Alzheimer, nem Parkinson: essa condi\u00e7\u00e3o rara envelhece o corpo, mas mant\u00e9m a mente intacta at\u00e9 o fim da inf\u00e2ncia"}]},{"@type":"WebSite","@id":"https:\/\/www.tuasaude.com\/news\/#website","url":"https:\/\/www.tuasaude.com\/news\/","name":"Tua Sa\u00fade","description":"Seu site de sa\u00fade","potentialAction":[{"@type":"SearchAction","target":{"@type":"EntryPoint","urlTemplate":"https:\/\/www.tuasaude.com\/news\/?s={search_term_string}"},"query-input":{"@type":"PropertyValueSpecification","valueRequired":true,"valueName":"search_term_string"}}],"inLanguage":"pt-BR"},{"@type":"Person","@id":"https:\/\/www.tuasaude.com\/news\/#\/schema\/person\/0209173c87289752104ffda721220a20","name":"Carlos Emanoel","image":{"@type":"ImageObject","inLanguage":"pt-BR","@id":"https:\/\/www.tuasaude.com\/news\/#\/schema\/person\/image\/","url":"https:\/\/secure.gravatar.com\/avatar\/30e1f067eeac67dde63039d7e35ed50e59f4d189925ea75d1bc1690d1a9fe491?s=96&d=mm&r=g","contentUrl":"https:\/\/secure.gravatar.com\/avatar\/30e1f067eeac67dde63039d7e35ed50e59f4d189925ea75d1bc1690d1a9fe491?s=96&d=mm&r=g","caption":"Carlos Emanoel"},"sameAs":["https:\/\/www.tuasaude.com\/news\/"],"url":"https:\/\/www.tuasaude.com\/news\/author\/carlos-emanoel\/"}]}},"_links":{"self":[{"href":"https:\/\/www.tuasaude.com\/news\/wp-json\/wp\/v2\/posts\/325","targetHints":{"allow":["GET"]}}],"collection":[{"href":"https:\/\/www.tuasaude.com\/news\/wp-json\/wp\/v2\/posts"}],"about":[{"href":"https:\/\/www.tuasaude.com\/news\/wp-json\/wp\/v2\/types\/post"}],"author":[{"embeddable":true,"href":"https:\/\/www.tuasaude.com\/news\/wp-json\/wp\/v2\/users\/7"}],"replies":[{"embeddable":true,"href":"https:\/\/www.tuasaude.com\/news\/wp-json\/wp\/v2\/comments?post=325"}],"version-history":[{"count":16,"href":"https:\/\/www.tuasaude.com\/news\/wp-json\/wp\/v2\/posts\/325\/revisions"}],"predecessor-version":[{"id":492,"href":"https:\/\/www.tuasaude.com\/news\/wp-json\/wp\/v2\/posts\/325\/revisions\/492"}],"wp:featuredmedia":[{"embeddable":true,"href":"https:\/\/www.tuasaude.com\/news\/wp-json\/wp\/v2\/media\/386"}],"wp:attachment":[{"href":"https:\/\/www.tuasaude.com\/news\/wp-json\/wp\/v2\/media?parent=325"}],"wp:term":[{"taxonomy":"category","embeddable":true,"href":"https:\/\/www.tuasaude.com\/news\/wp-json\/wp\/v2\/categories?post=325"},{"taxonomy":"post_tag","embeddable":true,"href":"https:\/\/www.tuasaude.com\/news\/wp-json\/wp\/v2\/tags?post=325"}],"curies":[{"name":"wp","href":"https:\/\/api.w.org\/{rel}","templated":true}]}}