{"id":31923,"date":"2026-05-03T10:48:00","date_gmt":"2026-05-03T13:48:00","guid":{"rendered":"https:\/\/www.tuasaude.com\/news\/?p=31923"},"modified":"2026-05-01T01:50:52","modified_gmt":"2026-05-01T04:50:52","slug":"a-constipacao-cronica-nao-se-deve-apenas-a-falta-de-fibras-mas-sim-ao-nervo-vago-inativo-que-reduz-os-movimentos-peristalticos","status":"publish","type":"post","link":"https:\/\/www.tuasaude.com\/news\/2026\/05\/03\/a-constipacao-cronica-nao-se-deve-apenas-a-falta-de-fibras-mas-sim-ao-nervo-vago-inativo-que-reduz-os-movimentos-peristalticos\/","title":{"rendered":"A constipa\u00e7\u00e3o cr\u00f4nica n\u00e3o se deve apenas \u00e0 falta de fibras, mas sim ao nervo vago inativo que reduz os movimentos perist\u00e1lticos"},"content":{"rendered":"\n<p>A constipa\u00e7\u00e3o cr\u00f4nica pode ter rela\u00e7\u00e3o com baixa ingest\u00e3o de fibras, pouca \u00e1gua e sedentarismo, mas tamb\u00e9m pode envolver falhas na comunica\u00e7\u00e3o entre c\u00e9rebro e intestino. Quando o t\u00f4nus do nervo vago est\u00e1 reduzido, os movimentos perist\u00e1lticos podem ficar menos eficientes, dificultando o avan\u00e7o das fezes e aumentando a sensa\u00e7\u00e3o de intestino preso.<\/p>\n\n\n\n<h2 class=\"wp-block-heading\">Como o nervo vago atua no intestino<\/h2>\n\n\n\n<p>O nervo vago \u00e9 uma das principais vias de comunica\u00e7\u00e3o do eixo intestino-c\u00e9rebro. Ele participa da regula\u00e7\u00e3o da digest\u00e3o, da motilidade gastrointestinal, da secre\u00e7\u00e3o de enzimas e da resposta de relaxamento do organismo.<\/p>\n\n\n\n<p>Quando essa atividade parassimp\u00e1tica est\u00e1 baixa, o intestino pode funcionar em ritmo mais lento. Isso pode favorecer <strong>evacua\u00e7\u00f5es dif\u00edceis, gases, estufamento, fezes ressecadas e sensa\u00e7\u00e3o de esvaziamento incompleto<\/strong>.<\/p>\n\n\n\n<h2 class=\"wp-block-heading\">Por que o peristaltismo fica lento<\/h2>\n\n\n\n<p>O peristaltismo depende de contra\u00e7\u00f5es coordenadas da musculatura intestinal. Essas contra\u00e7\u00f5es s\u00e3o influenciadas pelo sistema nervoso ent\u00e9rico, horm\u00f4nios digestivos, microbiota, hidrata\u00e7\u00e3o, alimenta\u00e7\u00e3o e sistema nervoso aut\u00f4nomo.<\/p>\n\n\n\n<p>Estresse cr\u00f4nico, sono ruim, ansiedade, refei\u00e7\u00f5es irregulares e sedentarismo podem manter o corpo em estado de alerta, reduzindo a predomin\u00e2ncia vagal. Nesse cen\u00e1rio, o intestino pode receber menos est\u00edmulos para manter o tr\u00e2nsito intestinal regular.<\/p>\n\n\n<div class=\"wp-block-image\">\n<figure class=\"aligncenter size-large\"><img decoding=\"async\" width=\"1024\" height=\"682\" src=\"https:\/\/www.tuasaude.com\/news\/wp-content\/uploads\/2026\/04\/ChatGPT-Image-30-de-abr.-de-2026-17_05_29-1024x682.jpg\" alt=\"A respira\u00e7\u00e3o profunda pode ajudar a estimular o intestino e melhorar o ritmo digestivo.\" class=\"wp-image-31953\" srcset=\"https:\/\/www.tuasaude.com\/news\/wp-content\/uploads\/2026\/04\/ChatGPT-Image-30-de-abr.-de-2026-17_05_29-1024x682.jpg 1024w, https:\/\/www.tuasaude.com\/news\/wp-content\/uploads\/2026\/04\/ChatGPT-Image-30-de-abr.-de-2026-17_05_29-300x200.jpg 300w, https:\/\/www.tuasaude.com\/news\/wp-content\/uploads\/2026\/04\/ChatGPT-Image-30-de-abr.-de-2026-17_05_29-768x512.jpg 768w, https:\/\/www.tuasaude.com\/news\/wp-content\/uploads\/2026\/04\/ChatGPT-Image-30-de-abr.-de-2026-17_05_29-750x500.jpg 750w, https:\/\/www.tuasaude.com\/news\/wp-content\/uploads\/2026\/04\/ChatGPT-Image-30-de-abr.-de-2026-17_05_29-1140x760.jpg 1140w, https:\/\/www.tuasaude.com\/news\/wp-content\/uploads\/2026\/04\/ChatGPT-Image-30-de-abr.-de-2026-17_05_29.jpg 1280w\" sizes=\"(max-width: 1024px) 100vw, 1024px\" \/><figcaption class=\"wp-element-caption\">A respira\u00e7\u00e3o profunda pode ajudar a estimular o intestino e melhorar o ritmo digestivo.<\/figcaption><\/figure>\n<\/div>\n\n\n<h2 class=\"wp-block-heading\">Estudo cient\u00edfico sobre nervo vago e motilidade<\/h2>\n\n\n\n<p>Segundo a revis\u00e3o cient\u00edfica <a href=\"https:\/\/pmc.ncbi.nlm.nih.gov\/articles\/PMC10106197\/\" target=\"_blank\" rel=\"noreferrer noopener\"><em>Parasympathetic control of gastrointestinal motility and cross-talk with the microbiota<\/em><\/a>, publicada na revista <em>Neurogastroenterology &amp; Motility<\/em>, o sistema parassimp\u00e1tico, incluindo vias vagais, participa do controle da motilidade gastrointestinal e interage com a microbiota intestinal.<\/p>\n\n\n\n<p>A revis\u00e3o mostra que a comunica\u00e7\u00e3o entre nervos, intestino e bact\u00e9rias intestinais \u00e9 importante para a movimenta\u00e7\u00e3o digestiva. Isso n\u00e3o significa que toda constipa\u00e7\u00e3o seja causada por \u201cnervo vago inativo\u201d, mas refor\u00e7a que o intestino preso pode ter origem neuromuscular e n\u00e3o apenas alimentar.<\/p>\n\n\n\n<h2 class=\"wp-block-heading\">Sinais de constipa\u00e7\u00e3o ligada ao ritmo intestinal<\/h2>\n\n\n\n<p>Alguns sinais sugerem que o problema pode envolver lentid\u00e3o do tr\u00e2nsito intestinal e baixa resposta motora, especialmente quando a fibra sozinha n\u00e3o resolve.<\/p>\n\n\n\n<ul class=\"wp-block-list\">\n<li><strong>Evacuar menos de 3 vezes por semana<\/strong> com esfor\u00e7o frequente;<\/li>\n\n\n\n<li>Fezes duras, em bolinhas ou dif\u00edceis de eliminar;<\/li>\n\n\n\n<li>Sensa\u00e7\u00e3o de intestino cheio mesmo ap\u00f3s evacuar;<\/li>\n\n\n\n<li>Estufamento que piora ao longo do dia;<\/li>\n\n\n\n<li>Falta de vontade de evacuar pela manh\u00e3;<\/li>\n\n\n\n<li>Piora em fases de estresse, sono ruim ou sedentarismo.<\/li>\n<\/ul>\n\n\n\n<p>Esses sintomas tamb\u00e9m podem ocorrer por hipotireoidismo, s\u00edndrome do intestino irrit\u00e1vel, medicamentos, baixa ingest\u00e3o de l\u00edquidos, altera\u00e7\u00f5es do assoalho p\u00e9lvico e doen\u00e7as intestinais.<\/p>\n\n\n\n<h2 class=\"wp-block-heading\">Como estimular o intestino de forma natural<\/h2>\n\n\n\n<p>Alguns h\u00e1bitos podem favorecer o t\u00f4nus vagal e melhorar o reflexo intestinal, principalmente quando feitos com regularidade pela manh\u00e3 ou ap\u00f3s refei\u00e7\u00f5es.<\/p>\n\n\n\n<ul class=\"wp-block-list\">\n<li>Fazer respira\u00e7\u00e3o diafragm\u00e1tica por alguns minutos antes do caf\u00e9 da manh\u00e3;<\/li>\n\n\n\n<li>Caminhar diariamente para estimular a motilidade;<\/li>\n\n\n\n<li>Tomar \u00e1gua ao acordar e manter hidrata\u00e7\u00e3o ao longo do dia;<\/li>\n\n\n\n<li>Consumir fibras de frutas, vegetais, aveia, feij\u00f5es e sementes;<\/li>\n\n\n\n<li>Respeitar a vontade de evacuar, sem prender por longos per\u00edodos;<\/li>\n\n\n\n<li>Manter hor\u00e1rios regulares para refei\u00e7\u00f5es e sono.<\/li>\n<\/ul>\n\n\n\n<p>Tamb\u00e9m vale conhecer estrat\u00e9gias para aliviar a <a href=\"https:\/\/www.tuasaude.com\/prisao-de-ventre\/\" target=\"_blank\" rel=\"noreferrer noopener\">pris\u00e3o de ventre<\/a>, j\u00e1 que o tratamento pode envolver alimenta\u00e7\u00e3o, hidrata\u00e7\u00e3o, exerc\u00edcios, probi\u00f3ticos, laxativos ou fisioterapia p\u00e9lvica conforme a causa.<\/p>\n\n\n<div class=\"wp-block-image\">\n<figure class=\"aligncenter size-large\"><img decoding=\"async\" width=\"1024\" height=\"441\" src=\"https:\/\/www.tuasaude.com\/news\/wp-content\/uploads\/2026\/04\/convertido-491-1024x441.jpg\" alt=\"Constipa\u00e7\u00e3o Cr\u00f4nica: Nervo Vago, Peristaltismo e Intestino Preso\" class=\"wp-image-31952\" srcset=\"https:\/\/www.tuasaude.com\/news\/wp-content\/uploads\/2026\/04\/convertido-491-1024x441.jpg 1024w, https:\/\/www.tuasaude.com\/news\/wp-content\/uploads\/2026\/04\/convertido-491-300x129.jpg 300w, https:\/\/www.tuasaude.com\/news\/wp-content\/uploads\/2026\/04\/convertido-491-768x331.jpg 768w, https:\/\/www.tuasaude.com\/news\/wp-content\/uploads\/2026\/04\/convertido-491-750x323.jpg 750w, https:\/\/www.tuasaude.com\/news\/wp-content\/uploads\/2026\/04\/convertido-491-1140x491.jpg 1140w, https:\/\/www.tuasaude.com\/news\/wp-content\/uploads\/2026\/04\/convertido-491.jpg 1280w\" sizes=\"(max-width: 1024px) 100vw, 1024px\" \/><figcaption class=\"wp-element-caption\">Constipa\u00e7\u00e3o Cr\u00f4nica: Nervo Vago, Peristaltismo e Intestino Preso<\/figcaption><\/figure>\n<\/div>\n\n\n<h2 class=\"wp-block-heading\">Quando procurar avalia\u00e7\u00e3o<\/h2>\n\n\n\n<p>Procure atendimento se a constipa\u00e7\u00e3o durar semanas, piorar progressivamente, vier com sangue nas fezes, perda de peso, anemia, dor intensa, v\u00f4mitos, febre ou mudan\u00e7a recente do h\u00e1bito intestinal ap\u00f3s os 50 anos.<\/p>\n\n\n\n<p>O m\u00e9dico pode avaliar dieta, medicamentos, tireoide, diabetes, motilidade intestinal e fun\u00e7\u00e3o do assoalho p\u00e9lvico. Cuidar do nervo vago pode ajudar em alguns casos, mas constipa\u00e7\u00e3o cr\u00f4nica precisa de diagn\u00f3stico individual para evitar tratamentos incompletos.<\/p>\n\n\n\n<p><em>Este conte\u00fado \u00e9 apenas informativo e n\u00e3o substitui a avalia\u00e7\u00e3o de um m\u00e9dico.<\/em><\/p>\n","protected":false},"excerpt":{"rendered":"<p>A constipa\u00e7\u00e3o cr\u00f4nica pode ter rela\u00e7\u00e3o com baixa ingest\u00e3o de fibras, pouca \u00e1gua e sedentarismo, mas tamb\u00e9m pode envolver falhas na comunica\u00e7\u00e3o entre c\u00e9rebro e intestino. Quando o t\u00f4nus do nervo vago est\u00e1 reduzido, os movimentos perist\u00e1lticos podem ficar menos eficientes, dificultando o avan\u00e7o das fezes e aumentando a sensa\u00e7\u00e3o de intestino preso. Como o [&hellip;]<\/p>\n","protected":false},"author":12,"featured_media":32120,"comment_status":"open","ping_status":"open","sticky":false,"template":"","format":"standard","meta":{"_yoast_wpseo_focuskw":"constipa\u00e7\u00e3o cr\u00f4nica","_yoast_wpseo_title":"","_yoast_wpseo_metadesc":"Constipa\u00e7\u00e3o cr\u00f4nica pode envolver nervo vago e motilidade intestinal lenta; veja causas, sinais e como estimular o intestino com seguran\u00e7a.","jnews-multi-image_gallery":[],"jnews_single_post":{"format":"standard"},"jnews_primary_category":[],"jnews_social_meta":[],"jnews_override_counter":[],"footnotes":""},"categories":[111],"tags":[245,1576,6457],"class_list":["post-31923","post","type-post","status-publish","format-standard","has-post-thumbnail","hentry","category-saude","tag-intestino-preso","tag-nervo-vago","tag-peristaltismo-lento"],"yoast_head":"<!-- This site is optimized with the Yoast SEO plugin v26.7 - https:\/\/yoast.com\/wordpress\/plugins\/seo\/ -->\n<title>A constipa\u00e7\u00e3o cr\u00f4nica n\u00e3o se deve apenas \u00e0 falta de fibras, mas sim ao nervo vago inativo que reduz os movimentos perist\u00e1lticos - Tua Sa\u00fade<\/title>\n<meta name=\"description\" content=\"Constipa\u00e7\u00e3o cr\u00f4nica pode envolver nervo vago e motilidade intestinal lenta; veja causas, sinais e como estimular o intestino com seguran\u00e7a.\" \/>\n<meta name=\"robots\" content=\"index, follow, max-snippet:-1, max-image-preview:large, max-video-preview:-1\" \/>\n<link rel=\"canonical\" href=\"https:\/\/www.tuasaude.com\/news\/2026\/05\/03\/a-constipacao-cronica-nao-se-deve-apenas-a-falta-de-fibras-mas-sim-ao-nervo-vago-inativo-que-reduz-os-movimentos-peristalticos\/\" \/>\n<meta property=\"og:locale\" content=\"pt_BR\" \/>\n<meta property=\"og:type\" content=\"article\" \/>\n<meta property=\"og:title\" content=\"A constipa\u00e7\u00e3o cr\u00f4nica n\u00e3o se deve apenas \u00e0 falta de fibras, mas sim ao nervo vago inativo que reduz os movimentos perist\u00e1lticos - Tua Sa\u00fade\" \/>\n<meta property=\"og:description\" content=\"Constipa\u00e7\u00e3o cr\u00f4nica pode envolver nervo vago e motilidade intestinal lenta; veja causas, sinais e como estimular o intestino com seguran\u00e7a.\" \/>\n<meta property=\"og:url\" content=\"https:\/\/www.tuasaude.com\/news\/2026\/05\/03\/a-constipacao-cronica-nao-se-deve-apenas-a-falta-de-fibras-mas-sim-ao-nervo-vago-inativo-que-reduz-os-movimentos-peristalticos\/\" \/>\n<meta property=\"og:site_name\" content=\"Tua Sa\u00fade\" \/>\n<meta property=\"article:published_time\" content=\"2026-05-03T13:48:00+00:00\" \/>\n<meta property=\"og:image\" content=\"https:\/\/www.tuasaude.com\/news\/wp-content\/uploads\/2026\/05\/magnific_illustration-nonphotoreal_2901631675.jpg\" \/>\n\t<meta property=\"og:image:width\" content=\"1280\" \/>\n\t<meta property=\"og:image:height\" content=\"714\" \/>\n\t<meta property=\"og:image:type\" content=\"image\/jpeg\" \/>\n<meta name=\"author\" content=\"Jeferson Henrique\" \/>\n<meta name=\"twitter:card\" content=\"summary_large_image\" \/>\n<meta name=\"twitter:label1\" content=\"Escrito por\" \/>\n\t<meta name=\"twitter:data1\" content=\"Jeferson Henrique\" \/>\n\t<meta name=\"twitter:label2\" content=\"Est. tempo de leitura\" \/>\n\t<meta name=\"twitter:data2\" content=\"4 minutos\" \/>\n<!-- \/ Yoast SEO plugin. -->","yoast_head_json":{"title":"A constipa\u00e7\u00e3o cr\u00f4nica n\u00e3o se deve apenas \u00e0 falta de fibras, mas sim ao nervo vago inativo que reduz os movimentos perist\u00e1lticos - Tua Sa\u00fade","description":"Constipa\u00e7\u00e3o cr\u00f4nica pode envolver nervo vago e motilidade intestinal lenta; veja causas, sinais e como estimular o intestino com seguran\u00e7a.","robots":{"index":"index","follow":"follow","max-snippet":"max-snippet:-1","max-image-preview":"max-image-preview:large","max-video-preview":"max-video-preview:-1"},"canonical":"https:\/\/www.tuasaude.com\/news\/2026\/05\/03\/a-constipacao-cronica-nao-se-deve-apenas-a-falta-de-fibras-mas-sim-ao-nervo-vago-inativo-que-reduz-os-movimentos-peristalticos\/","og_locale":"pt_BR","og_type":"article","og_title":"A constipa\u00e7\u00e3o cr\u00f4nica n\u00e3o se deve apenas \u00e0 falta de fibras, mas sim ao nervo vago inativo que reduz os movimentos perist\u00e1lticos - Tua Sa\u00fade","og_description":"Constipa\u00e7\u00e3o cr\u00f4nica pode envolver nervo vago e motilidade intestinal lenta; veja causas, sinais e como estimular o intestino com seguran\u00e7a.","og_url":"https:\/\/www.tuasaude.com\/news\/2026\/05\/03\/a-constipacao-cronica-nao-se-deve-apenas-a-falta-de-fibras-mas-sim-ao-nervo-vago-inativo-que-reduz-os-movimentos-peristalticos\/","og_site_name":"Tua Sa\u00fade","article_published_time":"2026-05-03T13:48:00+00:00","og_image":[{"width":1280,"height":714,"url":"https:\/\/www.tuasaude.com\/news\/wp-content\/uploads\/2026\/05\/magnific_illustration-nonphotoreal_2901631675.jpg","type":"image\/jpeg"}],"author":"Jeferson Henrique","twitter_card":"summary_large_image","twitter_misc":{"Escrito por":"Jeferson Henrique","Est. tempo de leitura":"4 minutos"},"schema":{"@context":"https:\/\/schema.org","@graph":[{"@type":"Article","@id":"https:\/\/www.tuasaude.com\/news\/2026\/05\/03\/a-constipacao-cronica-nao-se-deve-apenas-a-falta-de-fibras-mas-sim-ao-nervo-vago-inativo-que-reduz-os-movimentos-peristalticos\/#article","isPartOf":{"@id":"https:\/\/www.tuasaude.com\/news\/2026\/05\/03\/a-constipacao-cronica-nao-se-deve-apenas-a-falta-de-fibras-mas-sim-ao-nervo-vago-inativo-que-reduz-os-movimentos-peristalticos\/"},"author":{"name":"Jeferson Henrique","@id":"https:\/\/www.tuasaude.com\/news\/#\/schema\/person\/963d63d4e1f0c81f5f3a70ba4bcb0ef7"},"headline":"A constipa\u00e7\u00e3o cr\u00f4nica n\u00e3o se deve apenas \u00e0 falta de fibras, mas sim ao nervo vago inativo que reduz os movimentos perist\u00e1lticos","datePublished":"2026-05-03T13:48:00+00:00","mainEntityOfPage":{"@id":"https:\/\/www.tuasaude.com\/news\/2026\/05\/03\/a-constipacao-cronica-nao-se-deve-apenas-a-falta-de-fibras-mas-sim-ao-nervo-vago-inativo-que-reduz-os-movimentos-peristalticos\/"},"wordCount":713,"commentCount":0,"image":{"@id":"https:\/\/www.tuasaude.com\/news\/2026\/05\/03\/a-constipacao-cronica-nao-se-deve-apenas-a-falta-de-fibras-mas-sim-ao-nervo-vago-inativo-que-reduz-os-movimentos-peristalticos\/#primaryimage"},"thumbnailUrl":"https:\/\/www.tuasaude.com\/news\/wp-content\/uploads\/2026\/05\/magnific_illustration-nonphotoreal_2901631675.jpg","keywords":["intestino preso","nervo vago","peristaltismo lento"],"articleSection":["Sa\u00fade"],"inLanguage":"pt-BR","potentialAction":[{"@type":"CommentAction","name":"Comment","target":["https:\/\/www.tuasaude.com\/news\/2026\/05\/03\/a-constipacao-cronica-nao-se-deve-apenas-a-falta-de-fibras-mas-sim-ao-nervo-vago-inativo-que-reduz-os-movimentos-peristalticos\/#respond"]}]},{"@type":"WebPage","@id":"https:\/\/www.tuasaude.com\/news\/2026\/05\/03\/a-constipacao-cronica-nao-se-deve-apenas-a-falta-de-fibras-mas-sim-ao-nervo-vago-inativo-que-reduz-os-movimentos-peristalticos\/","url":"https:\/\/www.tuasaude.com\/news\/2026\/05\/03\/a-constipacao-cronica-nao-se-deve-apenas-a-falta-de-fibras-mas-sim-ao-nervo-vago-inativo-que-reduz-os-movimentos-peristalticos\/","name":"A constipa\u00e7\u00e3o cr\u00f4nica n\u00e3o se deve apenas \u00e0 falta de fibras, mas sim ao nervo vago inativo que reduz os movimentos perist\u00e1lticos - Tua Sa\u00fade","isPartOf":{"@id":"https:\/\/www.tuasaude.com\/news\/#website"},"primaryImageOfPage":{"@id":"https:\/\/www.tuasaude.com\/news\/2026\/05\/03\/a-constipacao-cronica-nao-se-deve-apenas-a-falta-de-fibras-mas-sim-ao-nervo-vago-inativo-que-reduz-os-movimentos-peristalticos\/#primaryimage"},"image":{"@id":"https:\/\/www.tuasaude.com\/news\/2026\/05\/03\/a-constipacao-cronica-nao-se-deve-apenas-a-falta-de-fibras-mas-sim-ao-nervo-vago-inativo-que-reduz-os-movimentos-peristalticos\/#primaryimage"},"thumbnailUrl":"https:\/\/www.tuasaude.com\/news\/wp-content\/uploads\/2026\/05\/magnific_illustration-nonphotoreal_2901631675.jpg","datePublished":"2026-05-03T13:48:00+00:00","author":{"@id":"https:\/\/www.tuasaude.com\/news\/#\/schema\/person\/963d63d4e1f0c81f5f3a70ba4bcb0ef7"},"description":"Constipa\u00e7\u00e3o cr\u00f4nica pode envolver nervo vago e motilidade intestinal lenta; veja causas, sinais e como estimular o intestino com seguran\u00e7a.","breadcrumb":{"@id":"https:\/\/www.tuasaude.com\/news\/2026\/05\/03\/a-constipacao-cronica-nao-se-deve-apenas-a-falta-de-fibras-mas-sim-ao-nervo-vago-inativo-que-reduz-os-movimentos-peristalticos\/#breadcrumb"},"inLanguage":"pt-BR","potentialAction":[{"@type":"ReadAction","target":["https:\/\/www.tuasaude.com\/news\/2026\/05\/03\/a-constipacao-cronica-nao-se-deve-apenas-a-falta-de-fibras-mas-sim-ao-nervo-vago-inativo-que-reduz-os-movimentos-peristalticos\/"]}]},{"@type":"ImageObject","inLanguage":"pt-BR","@id":"https:\/\/www.tuasaude.com\/news\/2026\/05\/03\/a-constipacao-cronica-nao-se-deve-apenas-a-falta-de-fibras-mas-sim-ao-nervo-vago-inativo-que-reduz-os-movimentos-peristalticos\/#primaryimage","url":"https:\/\/www.tuasaude.com\/news\/wp-content\/uploads\/2026\/05\/magnific_illustration-nonphotoreal_2901631675.jpg","contentUrl":"https:\/\/www.tuasaude.com\/news\/wp-content\/uploads\/2026\/05\/magnific_illustration-nonphotoreal_2901631675.jpg","width":1280,"height":714,"caption":"Baixo t\u00f4nus vagal pode desacelerar o peristaltismo e dificultar evacua\u00e7\u00f5es."},{"@type":"BreadcrumbList","@id":"https:\/\/www.tuasaude.com\/news\/2026\/05\/03\/a-constipacao-cronica-nao-se-deve-apenas-a-falta-de-fibras-mas-sim-ao-nervo-vago-inativo-que-reduz-os-movimentos-peristalticos\/#breadcrumb","itemListElement":[{"@type":"ListItem","position":1,"name":"In\u00edcio","item":"https:\/\/www.tuasaude.com\/news\/"},{"@type":"ListItem","position":2,"name":"A constipa\u00e7\u00e3o cr\u00f4nica n\u00e3o se deve apenas \u00e0 falta de fibras, mas sim ao nervo vago inativo que reduz os movimentos perist\u00e1lticos"}]},{"@type":"WebSite","@id":"https:\/\/www.tuasaude.com\/news\/#website","url":"https:\/\/www.tuasaude.com\/news\/","name":"Tua Sa\u00fade","description":"Seu site de sa\u00fade","potentialAction":[{"@type":"SearchAction","target":{"@type":"EntryPoint","urlTemplate":"https:\/\/www.tuasaude.com\/news\/?s={search_term_string}"},"query-input":{"@type":"PropertyValueSpecification","valueRequired":true,"valueName":"search_term_string"}}],"inLanguage":"pt-BR"},{"@type":"Person","@id":"https:\/\/www.tuasaude.com\/news\/#\/schema\/person\/963d63d4e1f0c81f5f3a70ba4bcb0ef7","name":"Jeferson Henrique","image":{"@type":"ImageObject","inLanguage":"pt-BR","@id":"https:\/\/www.tuasaude.com\/news\/#\/schema\/person\/image\/","url":"https:\/\/secure.gravatar.com\/avatar\/1a476a54a48eb3cdea5dd2f016708263892c6b9f5e54b641df7c65e980fd6f69?s=96&d=mm&r=g","contentUrl":"https:\/\/secure.gravatar.com\/avatar\/1a476a54a48eb3cdea5dd2f016708263892c6b9f5e54b641df7c65e980fd6f69?s=96&d=mm&r=g","caption":"Jeferson Henrique"},"sameAs":["https:\/\/www.tuasaude.com\/news\/"],"url":"https:\/\/www.tuasaude.com\/news\/author\/jeferson-henrique\/"}]}},"_links":{"self":[{"href":"https:\/\/www.tuasaude.com\/news\/wp-json\/wp\/v2\/posts\/31923","targetHints":{"allow":["GET"]}}],"collection":[{"href":"https:\/\/www.tuasaude.com\/news\/wp-json\/wp\/v2\/posts"}],"about":[{"href":"https:\/\/www.tuasaude.com\/news\/wp-json\/wp\/v2\/types\/post"}],"author":[{"embeddable":true,"href":"https:\/\/www.tuasaude.com\/news\/wp-json\/wp\/v2\/users\/12"}],"replies":[{"embeddable":true,"href":"https:\/\/www.tuasaude.com\/news\/wp-json\/wp\/v2\/comments?post=31923"}],"version-history":[{"count":1,"href":"https:\/\/www.tuasaude.com\/news\/wp-json\/wp\/v2\/posts\/31923\/revisions"}],"predecessor-version":[{"id":31954,"href":"https:\/\/www.tuasaude.com\/news\/wp-json\/wp\/v2\/posts\/31923\/revisions\/31954"}],"wp:featuredmedia":[{"embeddable":true,"href":"https:\/\/www.tuasaude.com\/news\/wp-json\/wp\/v2\/media\/32120"}],"wp:attachment":[{"href":"https:\/\/www.tuasaude.com\/news\/wp-json\/wp\/v2\/media?parent=31923"}],"wp:term":[{"taxonomy":"category","embeddable":true,"href":"https:\/\/www.tuasaude.com\/news\/wp-json\/wp\/v2\/categories?post=31923"},{"taxonomy":"post_tag","embeddable":true,"href":"https:\/\/www.tuasaude.com\/news\/wp-json\/wp\/v2\/tags?post=31923"}],"curies":[{"name":"wp","href":"https:\/\/api.w.org\/{rel}","templated":true}]}}