{"id":31868,"date":"2026-05-03T10:55:00","date_gmt":"2026-05-03T13:55:00","guid":{"rendered":"https:\/\/www.tuasaude.com\/news\/?p=31868"},"modified":"2026-05-03T10:38:55","modified_gmt":"2026-05-03T13:38:55","slug":"o-que-acontece-com-o-foco-mental-quando-voce-suplementa-l-teanina-junto-com-o-cafe-e-como-isso-elimina-a-agitacao-induzida-pela-cafeina","status":"publish","type":"post","link":"https:\/\/www.tuasaude.com\/news\/2026\/05\/03\/o-que-acontece-com-o-foco-mental-quando-voce-suplementa-l-teanina-junto-com-o-cafe-e-como-isso-elimina-a-agitacao-induzida-pela-cafeina\/","title":{"rendered":"O que acontece com o foco mental quando voc\u00ea suplementa L-Teanina junto com o caf\u00e9 e como isso elimina a agita\u00e7\u00e3o induzida pela cafe\u00edna"},"content":{"rendered":"\n<p>A L-Teanina, um amino\u00e1cido presente no ch\u00e1 verde, pode suavizar parte da agita\u00e7\u00e3o causada pela cafe\u00edna sem bloquear seu efeito estimulante. Quando usada junto com o caf\u00e9, ela parece favorecer um estado de aten\u00e7\u00e3o mais calmo, ajudando a melhorar foco mental, tempo de rea\u00e7\u00e3o e controle da ansiedade leve associada ao excesso de cafe\u00edna.<\/p>\n\n\n\n<h2 class=\"wp-block-heading\">Por que o caf\u00e9 causa agita\u00e7\u00e3o<\/h2>\n\n\n\n<p>A cafe\u00edna estimula o sistema nervoso central ao bloquear receptores de adenosina, subst\u00e2ncia associada ao relaxamento e \u00e0 sonol\u00eancia. Esse efeito aumenta alerta, energia e concentra\u00e7\u00e3o, mas tamb\u00e9m pode causar <strong>tremores, palpita\u00e7\u00f5es, irritabilidade e ansiedade<\/strong> em pessoas sens\u00edveis.<\/p>\n\n\n\n<p>O problema costuma ser maior quando o caf\u00e9 \u00e9 consumido em jejum, em doses altas, tarde do dia ou por pessoas com sono ruim. Nesses casos, o est\u00edmulo pode passar do foco para a sensa\u00e7\u00e3o de alerta excessivo.<\/p>\n\n\n\n<h2 class=\"wp-block-heading\">Como a L-Teanina equilibra a cafe\u00edna<\/h2>\n\n\n\n<p>A L-Teanina pode modular neurotransmissores como GABA, dopamina e serotonina, al\u00e9m de influenciar ondas cerebrais alfa, associadas a relaxamento atento. Por isso, ela \u00e9 estudada como um composto capaz de reduzir tens\u00e3o sem causar seda\u00e7\u00e3o intensa.<\/p>\n\n\n\n<p>Quando combinada com cafe\u00edna, a proposta \u00e9 unir o <strong>aumento de alerta<\/strong> do caf\u00e9 com o efeito mais est\u00e1vel da L-Teanina sobre calma e aten\u00e7\u00e3o. Isso pode reduzir a sensa\u00e7\u00e3o de \u201cmente acelerada\u201d e melhorar a qualidade do foco.<\/p>\n\n\n<div class=\"wp-block-image\">\n<figure class=\"aligncenter size-large\"><img decoding=\"async\" width=\"1024\" height=\"682\" src=\"https:\/\/www.tuasaude.com\/news\/wp-content\/uploads\/2026\/04\/ChatGPT-Image-30-de-abr.-de-2026-16_42_50-1024x682.jpg\" alt=\"Foco mental mais est\u00e1vel depende de dose moderada de cafe\u00edna, sono e toler\u00e2ncia individual.\" class=\"wp-image-31871\" srcset=\"https:\/\/www.tuasaude.com\/news\/wp-content\/uploads\/2026\/04\/ChatGPT-Image-30-de-abr.-de-2026-16_42_50-1024x682.jpg 1024w, https:\/\/www.tuasaude.com\/news\/wp-content\/uploads\/2026\/04\/ChatGPT-Image-30-de-abr.-de-2026-16_42_50-300x200.jpg 300w, https:\/\/www.tuasaude.com\/news\/wp-content\/uploads\/2026\/04\/ChatGPT-Image-30-de-abr.-de-2026-16_42_50-768x512.jpg 768w, https:\/\/www.tuasaude.com\/news\/wp-content\/uploads\/2026\/04\/ChatGPT-Image-30-de-abr.-de-2026-16_42_50-750x500.jpg 750w, https:\/\/www.tuasaude.com\/news\/wp-content\/uploads\/2026\/04\/ChatGPT-Image-30-de-abr.-de-2026-16_42_50-1140x760.jpg 1140w, https:\/\/www.tuasaude.com\/news\/wp-content\/uploads\/2026\/04\/ChatGPT-Image-30-de-abr.-de-2026-16_42_50.jpg 1280w\" sizes=\"(max-width: 1024px) 100vw, 1024px\" \/><figcaption class=\"wp-element-caption\">Foco mental mais est\u00e1vel depende de dose moderada de cafe\u00edna, sono e toler\u00e2ncia individual.<\/figcaption><\/figure>\n<\/div>\n\n\n<h2 class=\"wp-block-heading\">Estudo cient\u00edfico sobre L-Teanina e cafe\u00edna<\/h2>\n\n\n\n<p>Segundo o ensaio cl\u00ednico <a href=\"https:\/\/pubmed.ncbi.nlm.nih.gov\/18681988\/\" target=\"_blank\" rel=\"noreferrer noopener\"><em>The combination of L-theanine and caffeine improves cognitive performance and increases subjective alertness<\/em><\/a>, publicado na revista <em>Nutritional Neuroscience<\/em>, a combina\u00e7\u00e3o de L-Teanina e cafe\u00edna melhorou desempenho cognitivo e aumentou a sensa\u00e7\u00e3o subjetiva de alerta em adultos jovens.<\/p>\n\n\n\n<p>O estudo observou melhora em tarefas de aten\u00e7\u00e3o e desempenho mental, sugerindo que a combina\u00e7\u00e3o pode ser mais interessante do que a cafe\u00edna isolada para algumas pessoas. Ainda assim, os efeitos variam conforme dose, toler\u00e2ncia \u00e0 cafe\u00edna, sono, ansiedade e rotina alimentar.<\/p>\n\n\n\n<h2 class=\"wp-block-heading\">Poss\u00edveis efeitos no foco mental<\/h2>\n\n\n\n<p>Quando bem tolerada, a combina\u00e7\u00e3o pode ajudar especialmente quem sente que o caf\u00e9 melhora a produtividade, mas tamb\u00e9m provoca inquieta\u00e7\u00e3o. O objetivo n\u00e3o \u00e9 eliminar totalmente o efeito estimulante, mas torn\u00e1-lo mais est\u00e1vel.<\/p>\n\n\n\n<ul class=\"wp-block-list\">\n<li>Melhor <strong>aten\u00e7\u00e3o sustentada<\/strong> em tarefas mentais;<\/li>\n\n\n\n<li>Menor sensa\u00e7\u00e3o de agita\u00e7\u00e3o induzida pela cafe\u00edna;<\/li>\n\n\n\n<li>Mais clareza mental sem sonol\u00eancia;<\/li>\n\n\n\n<li>Poss\u00edvel melhora do tempo de rea\u00e7\u00e3o;<\/li>\n\n\n\n<li>Menos tens\u00e3o em pessoas sens\u00edveis ao caf\u00e9.<\/li>\n<\/ul>\n\n\n\n<p>Esses efeitos tendem a ser mais percept\u00edveis quando a pessoa evita excesso de cafe\u00edna e mant\u00e9m sono adequado. Nenhum suplemento compensa noites mal dormidas de forma segura.<\/p>\n\n\n\n<h2 class=\"wp-block-heading\">Como usar com seguran\u00e7a<\/h2>\n\n\n\n<p>A combina\u00e7\u00e3o mais comum em estudos e suplementos costuma usar propor\u00e7\u00f5es pr\u00f3ximas de L-Teanina com cafe\u00edna, mas a dose ideal deve ser individualizada. Pessoas muito sens\u00edveis podem come\u00e7ar com menos caf\u00e9 e observar a resposta.<\/p>\n\n\n\n<ul class=\"wp-block-list\">\n<li>Evitar tomar caf\u00e9 com L-Teanina no fim da tarde ou \u00e0 noite;<\/li>\n\n\n\n<li>N\u00e3o usar para compensar priva\u00e7\u00e3o cr\u00f4nica de sono;<\/li>\n\n\n\n<li>Ter cautela em ansiedade intensa, arritmias ou press\u00e3o descontrolada;<\/li>\n\n\n\n<li>Evitar combinar com outros estimulantes sem orienta\u00e7\u00e3o;<\/li>\n\n\n\n<li>Consultar um profissional em caso de gesta\u00e7\u00e3o, lacta\u00e7\u00e3o ou uso de medicamentos.<\/li>\n<\/ul>\n\n\n\n<p>Tamb\u00e9m vale conhecer cuidados gerais com <a href=\"https:\/\/www.tuasaude.com\/cafeina\/\" target=\"_blank\" rel=\"noreferrer noopener\">cafe\u00edna<\/a>, j\u00e1 que a toler\u00e2ncia varia bastante e o excesso pode piorar sono, ansiedade, refluxo e palpita\u00e7\u00f5es.<\/p>\n\n\n<div class=\"wp-block-image\">\n<figure class=\"aligncenter size-large\"><img decoding=\"async\" width=\"1024\" height=\"422\" src=\"https:\/\/www.tuasaude.com\/news\/wp-content\/uploads\/2026\/04\/convertido-488-1024x422.jpg\" alt=\"L-Teanina com Caf\u00e9: Foco Mental sem Agita\u00e7\u00e3o da Cafe\u00edna\" class=\"wp-image-31870\" srcset=\"https:\/\/www.tuasaude.com\/news\/wp-content\/uploads\/2026\/04\/convertido-488-1024x422.jpg 1024w, https:\/\/www.tuasaude.com\/news\/wp-content\/uploads\/2026\/04\/convertido-488-300x124.jpg 300w, https:\/\/www.tuasaude.com\/news\/wp-content\/uploads\/2026\/04\/convertido-488-768x316.jpg 768w, https:\/\/www.tuasaude.com\/news\/wp-content\/uploads\/2026\/04\/convertido-488-750x309.jpg 750w, https:\/\/www.tuasaude.com\/news\/wp-content\/uploads\/2026\/04\/convertido-488-1140x469.jpg 1140w, https:\/\/www.tuasaude.com\/news\/wp-content\/uploads\/2026\/04\/convertido-488.jpg 1280w\" sizes=\"(max-width: 1024px) 100vw, 1024px\" \/><figcaption class=\"wp-element-caption\">L-Teanina com Caf\u00e9: Foco Mental sem Agita\u00e7\u00e3o da Cafe\u00edna<\/figcaption><\/figure>\n<\/div>\n\n\n<h2 class=\"wp-block-heading\">Quando evitar a combina\u00e7\u00e3o<\/h2>\n\n\n\n<p>Evite usar L-Teanina com caf\u00e9 se houver piora de palpita\u00e7\u00f5es, tremores, ins\u00f4nia, ansiedade, dor no peito ou press\u00e3o alta. Tamb\u00e9m \u00e9 importante reduzir a cafe\u00edna se o foco s\u00f3 aparece ap\u00f3s doses cada vez maiores.<\/p>\n\n\n\n<p>A L-Teanina pode ajudar a tornar o caf\u00e9 mais \u201climpo\u201d para algumas pessoas, mas n\u00e3o elimina todos os efeitos da cafe\u00edna. O melhor resultado vem de dose moderada, alimenta\u00e7\u00e3o equilibrada, sono regular e aten\u00e7\u00e3o aos sinais do corpo.<\/p>\n\n\n\n<p><em>Este conte\u00fado \u00e9 apenas informativo e n\u00e3o substitui a avalia\u00e7\u00e3o de um m\u00e9dico.<\/em><\/p>\n","protected":false},"excerpt":{"rendered":"<p>A L-Teanina, um amino\u00e1cido presente no ch\u00e1 verde, pode suavizar parte da agita\u00e7\u00e3o causada pela cafe\u00edna sem bloquear seu efeito estimulante. Quando usada junto com o caf\u00e9, ela parece favorecer um estado de aten\u00e7\u00e3o mais calmo, ajudando a melhorar foco mental, tempo de rea\u00e7\u00e3o e controle da ansiedade leve associada ao excesso de cafe\u00edna. Por [&hellip;]<\/p>\n","protected":false},"author":12,"featured_media":32121,"comment_status":"open","ping_status":"open","sticky":false,"template":"","format":"standard","meta":{"_yoast_wpseo_focuskw":"L-Teanina","_yoast_wpseo_title":"","_yoast_wpseo_metadesc":"L-Teanina com caf\u00e9 pode melhorar foco mental e suavizar agita\u00e7\u00e3o da cafe\u00edna; veja efeitos, cuidados e quando evitar.","jnews-multi-image_gallery":[],"jnews_single_post":{"format":"standard"},"jnews_primary_category":[],"jnews_social_meta":[],"jnews_override_counter":[],"footnotes":""},"categories":[111],"tags":[1188,869,1180],"class_list":["post-31868","post","type-post","status-publish","format-standard","has-post-thumbnail","hentry","category-saude","tag-ansiedade-leve","tag-cafeina","tag-foco-mental"],"yoast_head":"<!-- This site is optimized with the Yoast SEO plugin v26.7 - https:\/\/yoast.com\/wordpress\/plugins\/seo\/ -->\n<title>O que acontece com o foco mental quando voc\u00ea suplementa L-Teanina junto com o caf\u00e9 e como isso elimina a agita\u00e7\u00e3o induzida pela cafe\u00edna - Tua Sa\u00fade<\/title>\n<meta name=\"description\" content=\"L-Teanina com caf\u00e9 pode melhorar foco mental e suavizar agita\u00e7\u00e3o da cafe\u00edna; veja efeitos, cuidados e quando evitar.\" \/>\n<meta name=\"robots\" content=\"index, follow, max-snippet:-1, max-image-preview:large, max-video-preview:-1\" \/>\n<link rel=\"canonical\" href=\"https:\/\/www.tuasaude.com\/news\/2026\/05\/03\/o-que-acontece-com-o-foco-mental-quando-voce-suplementa-l-teanina-junto-com-o-cafe-e-como-isso-elimina-a-agitacao-induzida-pela-cafeina\/\" \/>\n<meta property=\"og:locale\" content=\"pt_BR\" \/>\n<meta property=\"og:type\" content=\"article\" \/>\n<meta property=\"og:title\" content=\"O que acontece com o foco mental quando voc\u00ea suplementa L-Teanina junto com o caf\u00e9 e como isso elimina a agita\u00e7\u00e3o induzida pela cafe\u00edna - Tua Sa\u00fade\" \/>\n<meta property=\"og:description\" content=\"L-Teanina com caf\u00e9 pode melhorar foco mental e suavizar agita\u00e7\u00e3o da cafe\u00edna; veja efeitos, cuidados e quando evitar.\" \/>\n<meta property=\"og:url\" content=\"https:\/\/www.tuasaude.com\/news\/2026\/05\/03\/o-que-acontece-com-o-foco-mental-quando-voce-suplementa-l-teanina-junto-com-o-cafe-e-como-isso-elimina-a-agitacao-induzida-pela-cafeina\/\" \/>\n<meta property=\"og:site_name\" content=\"Tua Sa\u00fade\" \/>\n<meta property=\"article:published_time\" content=\"2026-05-03T13:55:00+00:00\" \/>\n<meta property=\"og:image\" content=\"https:\/\/www.tuasaude.com\/news\/wp-content\/uploads\/2026\/05\/magnific_illustration-nonphotoreal_2901632073.jpg\" \/>\n\t<meta property=\"og:image:width\" content=\"1280\" \/>\n\t<meta property=\"og:image:height\" content=\"714\" \/>\n\t<meta property=\"og:image:type\" content=\"image\/jpeg\" \/>\n<meta name=\"author\" content=\"Jeferson Henrique\" \/>\n<meta name=\"twitter:card\" content=\"summary_large_image\" \/>\n<meta name=\"twitter:label1\" content=\"Escrito por\" \/>\n\t<meta name=\"twitter:data1\" content=\"Jeferson Henrique\" \/>\n\t<meta name=\"twitter:label2\" content=\"Est. tempo de leitura\" \/>\n\t<meta name=\"twitter:data2\" content=\"5 minutos\" \/>\n<!-- \/ Yoast SEO plugin. -->","yoast_head_json":{"title":"O que acontece com o foco mental quando voc\u00ea suplementa L-Teanina junto com o caf\u00e9 e como isso elimina a agita\u00e7\u00e3o induzida pela cafe\u00edna - Tua Sa\u00fade","description":"L-Teanina com caf\u00e9 pode melhorar foco mental e suavizar agita\u00e7\u00e3o da cafe\u00edna; veja efeitos, cuidados e quando evitar.","robots":{"index":"index","follow":"follow","max-snippet":"max-snippet:-1","max-image-preview":"max-image-preview:large","max-video-preview":"max-video-preview:-1"},"canonical":"https:\/\/www.tuasaude.com\/news\/2026\/05\/03\/o-que-acontece-com-o-foco-mental-quando-voce-suplementa-l-teanina-junto-com-o-cafe-e-como-isso-elimina-a-agitacao-induzida-pela-cafeina\/","og_locale":"pt_BR","og_type":"article","og_title":"O que acontece com o foco mental quando voc\u00ea suplementa L-Teanina junto com o caf\u00e9 e como isso elimina a agita\u00e7\u00e3o induzida pela cafe\u00edna - Tua Sa\u00fade","og_description":"L-Teanina com caf\u00e9 pode melhorar foco mental e suavizar agita\u00e7\u00e3o da cafe\u00edna; veja efeitos, cuidados e quando evitar.","og_url":"https:\/\/www.tuasaude.com\/news\/2026\/05\/03\/o-que-acontece-com-o-foco-mental-quando-voce-suplementa-l-teanina-junto-com-o-cafe-e-como-isso-elimina-a-agitacao-induzida-pela-cafeina\/","og_site_name":"Tua Sa\u00fade","article_published_time":"2026-05-03T13:55:00+00:00","og_image":[{"width":1280,"height":714,"url":"https:\/\/www.tuasaude.com\/news\/wp-content\/uploads\/2026\/05\/magnific_illustration-nonphotoreal_2901632073.jpg","type":"image\/jpeg"}],"author":"Jeferson Henrique","twitter_card":"summary_large_image","twitter_misc":{"Escrito por":"Jeferson Henrique","Est. tempo de leitura":"5 minutos"},"schema":{"@context":"https:\/\/schema.org","@graph":[{"@type":"Article","@id":"https:\/\/www.tuasaude.com\/news\/2026\/05\/03\/o-que-acontece-com-o-foco-mental-quando-voce-suplementa-l-teanina-junto-com-o-cafe-e-como-isso-elimina-a-agitacao-induzida-pela-cafeina\/#article","isPartOf":{"@id":"https:\/\/www.tuasaude.com\/news\/2026\/05\/03\/o-que-acontece-com-o-foco-mental-quando-voce-suplementa-l-teanina-junto-com-o-cafe-e-como-isso-elimina-a-agitacao-induzida-pela-cafeina\/"},"author":{"name":"Jeferson Henrique","@id":"https:\/\/www.tuasaude.com\/news\/#\/schema\/person\/963d63d4e1f0c81f5f3a70ba4bcb0ef7"},"headline":"O que acontece com o foco mental quando voc\u00ea suplementa L-Teanina junto com o caf\u00e9 e como isso elimina a agita\u00e7\u00e3o induzida pela cafe\u00edna","datePublished":"2026-05-03T13:55:00+00:00","mainEntityOfPage":{"@id":"https:\/\/www.tuasaude.com\/news\/2026\/05\/03\/o-que-acontece-com-o-foco-mental-quando-voce-suplementa-l-teanina-junto-com-o-cafe-e-como-isso-elimina-a-agitacao-induzida-pela-cafeina\/"},"wordCount":734,"commentCount":0,"image":{"@id":"https:\/\/www.tuasaude.com\/news\/2026\/05\/03\/o-que-acontece-com-o-foco-mental-quando-voce-suplementa-l-teanina-junto-com-o-cafe-e-como-isso-elimina-a-agitacao-induzida-pela-cafeina\/#primaryimage"},"thumbnailUrl":"https:\/\/www.tuasaude.com\/news\/wp-content\/uploads\/2026\/05\/magnific_illustration-nonphotoreal_2901632073.jpg","keywords":["ansiedade leve","cafe\u00edna","foco mental"],"articleSection":["Sa\u00fade"],"inLanguage":"pt-BR","potentialAction":[{"@type":"CommentAction","name":"Comment","target":["https:\/\/www.tuasaude.com\/news\/2026\/05\/03\/o-que-acontece-com-o-foco-mental-quando-voce-suplementa-l-teanina-junto-com-o-cafe-e-como-isso-elimina-a-agitacao-induzida-pela-cafeina\/#respond"]}]},{"@type":"WebPage","@id":"https:\/\/www.tuasaude.com\/news\/2026\/05\/03\/o-que-acontece-com-o-foco-mental-quando-voce-suplementa-l-teanina-junto-com-o-cafe-e-como-isso-elimina-a-agitacao-induzida-pela-cafeina\/","url":"https:\/\/www.tuasaude.com\/news\/2026\/05\/03\/o-que-acontece-com-o-foco-mental-quando-voce-suplementa-l-teanina-junto-com-o-cafe-e-como-isso-elimina-a-agitacao-induzida-pela-cafeina\/","name":"O que acontece com o foco mental quando voc\u00ea suplementa L-Teanina junto com o caf\u00e9 e como isso elimina a agita\u00e7\u00e3o induzida pela cafe\u00edna - Tua Sa\u00fade","isPartOf":{"@id":"https:\/\/www.tuasaude.com\/news\/#website"},"primaryImageOfPage":{"@id":"https:\/\/www.tuasaude.com\/news\/2026\/05\/03\/o-que-acontece-com-o-foco-mental-quando-voce-suplementa-l-teanina-junto-com-o-cafe-e-como-isso-elimina-a-agitacao-induzida-pela-cafeina\/#primaryimage"},"image":{"@id":"https:\/\/www.tuasaude.com\/news\/2026\/05\/03\/o-que-acontece-com-o-foco-mental-quando-voce-suplementa-l-teanina-junto-com-o-cafe-e-como-isso-elimina-a-agitacao-induzida-pela-cafeina\/#primaryimage"},"thumbnailUrl":"https:\/\/www.tuasaude.com\/news\/wp-content\/uploads\/2026\/05\/magnific_illustration-nonphotoreal_2901632073.jpg","datePublished":"2026-05-03T13:55:00+00:00","author":{"@id":"https:\/\/www.tuasaude.com\/news\/#\/schema\/person\/963d63d4e1f0c81f5f3a70ba4bcb0ef7"},"description":"L-Teanina com caf\u00e9 pode melhorar foco mental e suavizar agita\u00e7\u00e3o da cafe\u00edna; veja efeitos, cuidados e quando evitar.","breadcrumb":{"@id":"https:\/\/www.tuasaude.com\/news\/2026\/05\/03\/o-que-acontece-com-o-foco-mental-quando-voce-suplementa-l-teanina-junto-com-o-cafe-e-como-isso-elimina-a-agitacao-induzida-pela-cafeina\/#breadcrumb"},"inLanguage":"pt-BR","potentialAction":[{"@type":"ReadAction","target":["https:\/\/www.tuasaude.com\/news\/2026\/05\/03\/o-que-acontece-com-o-foco-mental-quando-voce-suplementa-l-teanina-junto-com-o-cafe-e-como-isso-elimina-a-agitacao-induzida-pela-cafeina\/"]}]},{"@type":"ImageObject","inLanguage":"pt-BR","@id":"https:\/\/www.tuasaude.com\/news\/2026\/05\/03\/o-que-acontece-com-o-foco-mental-quando-voce-suplementa-l-teanina-junto-com-o-cafe-e-como-isso-elimina-a-agitacao-induzida-pela-cafeina\/#primaryimage","url":"https:\/\/www.tuasaude.com\/news\/wp-content\/uploads\/2026\/05\/magnific_illustration-nonphotoreal_2901632073.jpg","contentUrl":"https:\/\/www.tuasaude.com\/news\/wp-content\/uploads\/2026\/05\/magnific_illustration-nonphotoreal_2901632073.jpg","width":1280,"height":714,"caption":"A combina\u00e7\u00e3o favorece aten\u00e7\u00e3o mais est\u00e1vel e mente menos acelerada."},{"@type":"BreadcrumbList","@id":"https:\/\/www.tuasaude.com\/news\/2026\/05\/03\/o-que-acontece-com-o-foco-mental-quando-voce-suplementa-l-teanina-junto-com-o-cafe-e-como-isso-elimina-a-agitacao-induzida-pela-cafeina\/#breadcrumb","itemListElement":[{"@type":"ListItem","position":1,"name":"In\u00edcio","item":"https:\/\/www.tuasaude.com\/news\/"},{"@type":"ListItem","position":2,"name":"O que acontece com o foco mental quando voc\u00ea suplementa L-Teanina junto com o caf\u00e9 e como isso elimina a agita\u00e7\u00e3o induzida pela cafe\u00edna"}]},{"@type":"WebSite","@id":"https:\/\/www.tuasaude.com\/news\/#website","url":"https:\/\/www.tuasaude.com\/news\/","name":"Tua Sa\u00fade","description":"Seu site de sa\u00fade","potentialAction":[{"@type":"SearchAction","target":{"@type":"EntryPoint","urlTemplate":"https:\/\/www.tuasaude.com\/news\/?s={search_term_string}"},"query-input":{"@type":"PropertyValueSpecification","valueRequired":true,"valueName":"search_term_string"}}],"inLanguage":"pt-BR"},{"@type":"Person","@id":"https:\/\/www.tuasaude.com\/news\/#\/schema\/person\/963d63d4e1f0c81f5f3a70ba4bcb0ef7","name":"Jeferson Henrique","image":{"@type":"ImageObject","inLanguage":"pt-BR","@id":"https:\/\/www.tuasaude.com\/news\/#\/schema\/person\/image\/","url":"https:\/\/secure.gravatar.com\/avatar\/1a476a54a48eb3cdea5dd2f016708263892c6b9f5e54b641df7c65e980fd6f69?s=96&d=mm&r=g","contentUrl":"https:\/\/secure.gravatar.com\/avatar\/1a476a54a48eb3cdea5dd2f016708263892c6b9f5e54b641df7c65e980fd6f69?s=96&d=mm&r=g","caption":"Jeferson Henrique"},"sameAs":["https:\/\/www.tuasaude.com\/news\/"],"url":"https:\/\/www.tuasaude.com\/news\/author\/jeferson-henrique\/"}]}},"_links":{"self":[{"href":"https:\/\/www.tuasaude.com\/news\/wp-json\/wp\/v2\/posts\/31868","targetHints":{"allow":["GET"]}}],"collection":[{"href":"https:\/\/www.tuasaude.com\/news\/wp-json\/wp\/v2\/posts"}],"about":[{"href":"https:\/\/www.tuasaude.com\/news\/wp-json\/wp\/v2\/types\/post"}],"author":[{"embeddable":true,"href":"https:\/\/www.tuasaude.com\/news\/wp-json\/wp\/v2\/users\/12"}],"replies":[{"embeddable":true,"href":"https:\/\/www.tuasaude.com\/news\/wp-json\/wp\/v2\/comments?post=31868"}],"version-history":[{"count":2,"href":"https:\/\/www.tuasaude.com\/news\/wp-json\/wp\/v2\/posts\/31868\/revisions"}],"predecessor-version":[{"id":31872,"href":"https:\/\/www.tuasaude.com\/news\/wp-json\/wp\/v2\/posts\/31868\/revisions\/31872"}],"wp:featuredmedia":[{"embeddable":true,"href":"https:\/\/www.tuasaude.com\/news\/wp-json\/wp\/v2\/media\/32121"}],"wp:attachment":[{"href":"https:\/\/www.tuasaude.com\/news\/wp-json\/wp\/v2\/media?parent=31868"}],"wp:term":[{"taxonomy":"category","embeddable":true,"href":"https:\/\/www.tuasaude.com\/news\/wp-json\/wp\/v2\/categories?post=31868"},{"taxonomy":"post_tag","embeddable":true,"href":"https:\/\/www.tuasaude.com\/news\/wp-json\/wp\/v2\/tags?post=31868"}],"curies":[{"name":"wp","href":"https:\/\/api.w.org\/{rel}","templated":true}]}}