{"id":31863,"date":"2026-05-03T10:15:00","date_gmt":"2026-05-03T13:15:00","guid":{"rendered":"https:\/\/www.tuasaude.com\/news\/?p=31863"},"modified":"2026-05-01T01:50:34","modified_gmt":"2026-05-01T04:50:34","slug":"o-envelhecimento-precoce-da-pele-nao-se-deve-apenas-ao-sol-mas-sim-ao-excesso-de-produtos-de-glicacao-avancada-ages-que-quebram-o-colageno","status":"publish","type":"post","link":"https:\/\/www.tuasaude.com\/news\/2026\/05\/03\/o-envelhecimento-precoce-da-pele-nao-se-deve-apenas-ao-sol-mas-sim-ao-excesso-de-produtos-de-glicacao-avancada-ages-que-quebram-o-colageno\/","title":{"rendered":"O envelhecimento precoce da pele n\u00e3o se deve apenas ao sol, mas sim ao excesso de produtos de glica\u00e7\u00e3o avan\u00e7ada (AGEs) que quebram o col\u00e1geno"},"content":{"rendered":"\n<p>O envelhecimento precoce da pele \u00e9 muito associado ao sol, mas a glica\u00e7\u00e3o tamb\u00e9m pode acelerar rugas, flacidez e perda de elasticidade. Esse processo forma produtos de glica\u00e7\u00e3o avan\u00e7ada, conhecidos como AGEs, que se ligam ao col\u00e1geno e \u00e0 elastina, deixando essas fibras mais r\u00edgidas, fr\u00e1geis e menos eficientes para sustentar a pele.<\/p>\n\n\n\n<h2 class=\"wp-block-heading\">O que s\u00e3o AGEs<\/h2>\n\n\n\n<p>AGEs s\u00e3o compostos formados quando a\u00e7\u00facares reagem com prote\u00ednas, gorduras ou \u00e1cidos nucleicos. Eles podem surgir dentro do corpo, especialmente quando h\u00e1 glicose alta, inflama\u00e7\u00e3o e estresse oxidativo, ou vir prontos de alimentos muito grelhados, fritos ou assados em altas temperaturas.<\/p>\n\n\n\n<p>Na pele, o problema \u00e9 maior porque o <strong>col\u00e1geno<\/strong> tem renova\u00e7\u00e3o lenta. Isso facilita o ac\u00famulo desses compostos ao longo dos anos, principalmente quando h\u00e1 dieta rica em a\u00e7\u00facar, sedentarismo, tabagismo, sono ruim e exposi\u00e7\u00e3o solar sem prote\u00e7\u00e3o.<\/p>\n\n\n\n<h2 class=\"wp-block-heading\">Como a glica\u00e7\u00e3o afeta o col\u00e1geno<\/h2>\n\n\n\n<p>Quando os AGEs se ligam ao col\u00e1geno, formam pontes r\u00edgidas entre as fibras. Com isso, a pele perde flexibilidade, hidrata\u00e7\u00e3o e capacidade de se reparar depois de agress\u00f5es externas.<\/p>\n\n\n\n<p>Esse processo pode favorecer <strong>rugas finas, flacidez, tom amarelado, textura \u00e1spera e perda de vi\u00e7o<\/strong>. Al\u00e9m disso, os AGEs podem ativar receptores inflamat\u00f3rios na pele, aumentando radicais livres e acelerando ainda mais o dano estrutural.<\/p>\n\n\n<div class=\"wp-block-image\">\n<figure class=\"aligncenter size-large\"><img decoding=\"async\" width=\"1024\" height=\"682\" src=\"https:\/\/www.tuasaude.com\/news\/wp-content\/uploads\/2026\/04\/ChatGPT-Image-30-de-abr.-de-2026-16_39_35-1024x682.jpg\" alt=\"Prote\u00e7\u00e3o solar e alimenta\u00e7\u00e3o antioxidante atuam juntas contra o envelhecimento precoce da pele.\" class=\"wp-image-31866\" srcset=\"https:\/\/www.tuasaude.com\/news\/wp-content\/uploads\/2026\/04\/ChatGPT-Image-30-de-abr.-de-2026-16_39_35-1024x682.jpg 1024w, https:\/\/www.tuasaude.com\/news\/wp-content\/uploads\/2026\/04\/ChatGPT-Image-30-de-abr.-de-2026-16_39_35-300x200.jpg 300w, https:\/\/www.tuasaude.com\/news\/wp-content\/uploads\/2026\/04\/ChatGPT-Image-30-de-abr.-de-2026-16_39_35-768x512.jpg 768w, https:\/\/www.tuasaude.com\/news\/wp-content\/uploads\/2026\/04\/ChatGPT-Image-30-de-abr.-de-2026-16_39_35-750x500.jpg 750w, https:\/\/www.tuasaude.com\/news\/wp-content\/uploads\/2026\/04\/ChatGPT-Image-30-de-abr.-de-2026-16_39_35-1140x760.jpg 1140w, https:\/\/www.tuasaude.com\/news\/wp-content\/uploads\/2026\/04\/ChatGPT-Image-30-de-abr.-de-2026-16_39_35.jpg 1280w\" sizes=\"(max-width: 1024px) 100vw, 1024px\" \/><figcaption class=\"wp-element-caption\">Prote\u00e7\u00e3o solar e alimenta\u00e7\u00e3o antioxidante atuam juntas contra o envelhecimento precoce da pele.<\/figcaption><\/figure>\n<\/div>\n\n\n<h2 class=\"wp-block-heading\">Estudo cient\u00edfico sobre AGEs e envelhecimento da pele<\/h2>\n\n\n\n<p>Segundo a revis\u00e3o cient\u00edfica <a href=\"https:\/\/pmc.ncbi.nlm.nih.gov\/articles\/PMC9131003\/\" target=\"_blank\" rel=\"noreferrer noopener\"><em>Advanced Glycation End Products in the Skin<\/em><\/a>, publicada na revista <em>International Journal of Molecular Sciences<\/em>, os AGEs afetam diferentes camadas da pele e est\u00e3o ligados a inflama\u00e7\u00e3o, envelhecimento cut\u00e2neo, altera\u00e7\u00e3o de cor e piora da fun\u00e7\u00e3o das fibras d\u00e9rmicas.<\/p>\n\n\n\n<p>A revis\u00e3o explica que o col\u00e1geno glicado se torna menos sol\u00favel e mais resistente \u00e0 degrada\u00e7\u00e3o normal, o que prejudica a renova\u00e7\u00e3o da matriz extracelular. Isso ajuda a entender por que a pele pode envelhecer mais r\u00e1pido mesmo em pessoas que j\u00e1 usam protetor solar, mas mant\u00eam h\u00e1bitos que favorecem glica\u00e7\u00e3o.<\/p>\n\n\n\n<h2 class=\"wp-block-heading\">H\u00e1bitos que aumentam a forma\u00e7\u00e3o de AGEs<\/h2>\n\n\n\n<p>Alguns fatores elevam a produ\u00e7\u00e3o e o ac\u00famulo de AGEs no corpo. Eles n\u00e3o agem de forma isolada, mas somam agress\u00f5es di\u00e1rias ao col\u00e1geno e aos vasos que nutrem a pele.<\/p>\n\n\n\n<ul class=\"wp-block-list\">\n<li><strong>Excesso de a\u00e7\u00facar<\/strong>, doces, refrigerantes e carboidratos refinados;<\/li>\n\n\n\n<li>Alimentos muito fritos, grelhados, tostados ou queimados;<\/li>\n\n\n\n<li>Tabagismo e exposi\u00e7\u00e3o frequente \u00e0 polui\u00e7\u00e3o;<\/li>\n\n\n\n<li>Glicose alta, resist\u00eancia \u00e0 insulina ou diabetes mal controlado;<\/li>\n\n\n\n<li>Sedentarismo, sono ruim e estresse cr\u00f4nico;<\/li>\n\n\n\n<li>Exposi\u00e7\u00e3o solar sem prote\u00e7\u00e3o adequada.<\/li>\n<\/ul>\n\n\n\n<p>O sol continua sendo um fator importante, mas a glica\u00e7\u00e3o pode agir por dentro, tornando o col\u00e1geno mais vulner\u00e1vel e dificultando a recupera\u00e7\u00e3o da pele.<\/p>\n\n\n\n<h2 class=\"wp-block-heading\">Como proteger a pele da glica\u00e7\u00e3o<\/h2>\n\n\n\n<p>Reduzir AGEs n\u00e3o depende de medidas radicais. A estrat\u00e9gia mais eficaz \u00e9 diminuir picos de glicose, melhorar o padr\u00e3o alimentar e evitar preparos que queimam demais os alimentos.<\/p>\n\n\n\n<ul class=\"wp-block-list\">\n<li>Priorizar vegetais, frutas inteiras, leguminosas, prote\u00ednas e gorduras boas;<\/li>\n\n\n\n<li>Preferir cozinhar, ensopar ou assar em temperaturas moderadas;<\/li>\n\n\n\n<li>Evitar carnes e alimentos muito tostados ou carbonizados;<\/li>\n\n\n\n<li>Praticar atividade f\u00edsica para melhorar a sensibilidade \u00e0 insulina;<\/li>\n\n\n\n<li>Usar protetor solar diariamente e n\u00e3o fumar;<\/li>\n\n\n\n<li>Controlar glicose, hemoglobina glicada e resist\u00eancia \u00e0 insulina quando indicado.<\/li>\n<\/ul>\n\n\n\n<p>Tamb\u00e9m vale conhecer estrat\u00e9gias de <a href=\"https:\/\/www.tuasaude.com\/alimentos-antioxidantes\/\" target=\"_blank\" rel=\"noreferrer noopener\">alimentos antioxidantes<\/a>, j\u00e1 que antioxidantes ajudam a reduzir danos causados por radicais livres e podem complementar os cuidados com o col\u00e1geno.<\/p>\n\n\n<div class=\"wp-block-image\">\n<figure class=\"aligncenter size-large\"><img decoding=\"async\" width=\"1024\" height=\"441\" src=\"https:\/\/www.tuasaude.com\/news\/wp-content\/uploads\/2026\/04\/convertido-487-1024x441.jpg\" alt=\"AGEs e Envelhecimento Precoce: Como a Glica\u00e7\u00e3o Quebra o Col\u00e1geno\" class=\"wp-image-31865\" srcset=\"https:\/\/www.tuasaude.com\/news\/wp-content\/uploads\/2026\/04\/convertido-487-1024x441.jpg 1024w, https:\/\/www.tuasaude.com\/news\/wp-content\/uploads\/2026\/04\/convertido-487-300x129.jpg 300w, https:\/\/www.tuasaude.com\/news\/wp-content\/uploads\/2026\/04\/convertido-487-768x331.jpg 768w, https:\/\/www.tuasaude.com\/news\/wp-content\/uploads\/2026\/04\/convertido-487-750x323.jpg 750w, https:\/\/www.tuasaude.com\/news\/wp-content\/uploads\/2026\/04\/convertido-487-1140x491.jpg 1140w, https:\/\/www.tuasaude.com\/news\/wp-content\/uploads\/2026\/04\/convertido-487.jpg 1280w\" sizes=\"(max-width: 1024px) 100vw, 1024px\" \/><figcaption class=\"wp-element-caption\">AGEs e Envelhecimento Precoce: Como a Glica\u00e7\u00e3o Quebra o Col\u00e1geno<\/figcaption><\/figure>\n<\/div>\n\n\n<h2 class=\"wp-block-heading\">Quando investigar o envelhecimento precoce<\/h2>\n\n\n\n<p>Procure avalia\u00e7\u00e3o se a pele envelhecer rapidamente, surgirem manchas, flacidez intensa, cicatriza\u00e7\u00e3o lenta, acne persistente, queda de cabelo ou sinais de glicose alterada, como sede excessiva, sonol\u00eancia ap\u00f3s comer e ganho de gordura abdominal.<\/p>\n\n\n\n<p>O cuidado com a pele deve combinar prote\u00e7\u00e3o solar, alimenta\u00e7\u00e3o equilibrada, sono, atividade f\u00edsica e controle metab\u00f3lico. Cremes podem ajudar na superf\u00edcie, mas preservar o col\u00e1geno tamb\u00e9m depende de reduzir glica\u00e7\u00e3o, inflama\u00e7\u00e3o e estresse oxidativo por dentro.<\/p>\n\n\n\n<p><em>Este conte\u00fado \u00e9 apenas informativo e n\u00e3o substitui a avalia\u00e7\u00e3o de um m\u00e9dico.<\/em><\/p>\n","protected":false},"excerpt":{"rendered":"<p>O envelhecimento precoce da pele \u00e9 muito associado ao sol, mas a glica\u00e7\u00e3o tamb\u00e9m pode acelerar rugas, flacidez e perda de elasticidade. Esse processo forma produtos de glica\u00e7\u00e3o avan\u00e7ada, conhecidos como AGEs, que se ligam ao col\u00e1geno e \u00e0 elastina, deixando essas fibras mais r\u00edgidas, fr\u00e1geis e menos eficientes para sustentar a pele. O que [&hellip;]<\/p>\n","protected":false},"author":12,"featured_media":32122,"comment_status":"open","ping_status":"open","sticky":false,"template":"","format":"standard","meta":{"_yoast_wpseo_focuskw":"AGEs","_yoast_wpseo_title":"","_yoast_wpseo_metadesc":"AGEs aceleram o envelhecimento da pele ao danificar col\u00e1geno e elastina; veja como reduzir glica\u00e7\u00e3o e proteger a pele.","jnews-multi-image_gallery":[],"jnews_single_post":{"format":"standard"},"jnews_primary_category":[],"jnews_social_meta":[],"jnews_override_counter":[],"footnotes":""},"categories":[111],"tags":[173,280,5939],"class_list":["post-31863","post","type-post","status-publish","format-standard","has-post-thumbnail","hentry","category-saude","tag-colageno","tag-envelhecimento-da-pele","tag-glicacao"],"yoast_head":"<!-- This site is optimized with the Yoast SEO plugin v26.7 - https:\/\/yoast.com\/wordpress\/plugins\/seo\/ -->\n<title>O envelhecimento precoce da pele n\u00e3o se deve apenas ao sol, mas sim ao excesso de produtos de glica\u00e7\u00e3o avan\u00e7ada (AGEs) que quebram o col\u00e1geno - Tua Sa\u00fade<\/title>\n<meta name=\"description\" content=\"AGEs aceleram o envelhecimento da pele ao danificar col\u00e1geno e elastina; veja como reduzir glica\u00e7\u00e3o e proteger a pele.\" \/>\n<meta name=\"robots\" content=\"index, follow, max-snippet:-1, max-image-preview:large, max-video-preview:-1\" \/>\n<link rel=\"canonical\" href=\"https:\/\/www.tuasaude.com\/news\/2026\/05\/03\/o-envelhecimento-precoce-da-pele-nao-se-deve-apenas-ao-sol-mas-sim-ao-excesso-de-produtos-de-glicacao-avancada-ages-que-quebram-o-colageno\/\" \/>\n<meta property=\"og:locale\" content=\"pt_BR\" \/>\n<meta property=\"og:type\" content=\"article\" \/>\n<meta property=\"og:title\" content=\"O envelhecimento precoce da pele n\u00e3o se deve apenas ao sol, mas sim ao excesso de produtos de glica\u00e7\u00e3o avan\u00e7ada (AGEs) que quebram o col\u00e1geno - Tua Sa\u00fade\" \/>\n<meta property=\"og:description\" content=\"AGEs aceleram o envelhecimento da pele ao danificar col\u00e1geno e elastina; veja como reduzir glica\u00e7\u00e3o e proteger a pele.\" \/>\n<meta property=\"og:url\" content=\"https:\/\/www.tuasaude.com\/news\/2026\/05\/03\/o-envelhecimento-precoce-da-pele-nao-se-deve-apenas-ao-sol-mas-sim-ao-excesso-de-produtos-de-glicacao-avancada-ages-que-quebram-o-colageno\/\" \/>\n<meta property=\"og:site_name\" content=\"Tua Sa\u00fade\" \/>\n<meta property=\"article:published_time\" content=\"2026-05-03T13:15:00+00:00\" \/>\n<meta property=\"og:image\" content=\"https:\/\/www.tuasaude.com\/news\/wp-content\/uploads\/2026\/05\/magnific_illustration-nonphotoreal_2901632580.jpg\" \/>\n\t<meta property=\"og:image:width\" content=\"1280\" \/>\n\t<meta property=\"og:image:height\" content=\"714\" \/>\n\t<meta property=\"og:image:type\" content=\"image\/jpeg\" \/>\n<meta name=\"author\" content=\"Jeferson Henrique\" \/>\n<meta name=\"twitter:card\" content=\"summary_large_image\" \/>\n<meta name=\"twitter:label1\" content=\"Escrito por\" \/>\n\t<meta name=\"twitter:data1\" content=\"Jeferson Henrique\" \/>\n\t<meta name=\"twitter:label2\" content=\"Est. tempo de leitura\" \/>\n\t<meta name=\"twitter:data2\" content=\"5 minutos\" \/>\n<!-- \/ Yoast SEO plugin. -->","yoast_head_json":{"title":"O envelhecimento precoce da pele n\u00e3o se deve apenas ao sol, mas sim ao excesso de produtos de glica\u00e7\u00e3o avan\u00e7ada (AGEs) que quebram o col\u00e1geno - Tua Sa\u00fade","description":"AGEs aceleram o envelhecimento da pele ao danificar col\u00e1geno e elastina; veja como reduzir glica\u00e7\u00e3o e proteger a pele.","robots":{"index":"index","follow":"follow","max-snippet":"max-snippet:-1","max-image-preview":"max-image-preview:large","max-video-preview":"max-video-preview:-1"},"canonical":"https:\/\/www.tuasaude.com\/news\/2026\/05\/03\/o-envelhecimento-precoce-da-pele-nao-se-deve-apenas-ao-sol-mas-sim-ao-excesso-de-produtos-de-glicacao-avancada-ages-que-quebram-o-colageno\/","og_locale":"pt_BR","og_type":"article","og_title":"O envelhecimento precoce da pele n\u00e3o se deve apenas ao sol, mas sim ao excesso de produtos de glica\u00e7\u00e3o avan\u00e7ada (AGEs) que quebram o col\u00e1geno - Tua Sa\u00fade","og_description":"AGEs aceleram o envelhecimento da pele ao danificar col\u00e1geno e elastina; veja como reduzir glica\u00e7\u00e3o e proteger a pele.","og_url":"https:\/\/www.tuasaude.com\/news\/2026\/05\/03\/o-envelhecimento-precoce-da-pele-nao-se-deve-apenas-ao-sol-mas-sim-ao-excesso-de-produtos-de-glicacao-avancada-ages-que-quebram-o-colageno\/","og_site_name":"Tua Sa\u00fade","article_published_time":"2026-05-03T13:15:00+00:00","og_image":[{"width":1280,"height":714,"url":"https:\/\/www.tuasaude.com\/news\/wp-content\/uploads\/2026\/05\/magnific_illustration-nonphotoreal_2901632580.jpg","type":"image\/jpeg"}],"author":"Jeferson Henrique","twitter_card":"summary_large_image","twitter_misc":{"Escrito por":"Jeferson Henrique","Est. tempo de leitura":"5 minutos"},"schema":{"@context":"https:\/\/schema.org","@graph":[{"@type":"Article","@id":"https:\/\/www.tuasaude.com\/news\/2026\/05\/03\/o-envelhecimento-precoce-da-pele-nao-se-deve-apenas-ao-sol-mas-sim-ao-excesso-de-produtos-de-glicacao-avancada-ages-que-quebram-o-colageno\/#article","isPartOf":{"@id":"https:\/\/www.tuasaude.com\/news\/2026\/05\/03\/o-envelhecimento-precoce-da-pele-nao-se-deve-apenas-ao-sol-mas-sim-ao-excesso-de-produtos-de-glicacao-avancada-ages-que-quebram-o-colageno\/"},"author":{"name":"Jeferson Henrique","@id":"https:\/\/www.tuasaude.com\/news\/#\/schema\/person\/963d63d4e1f0c81f5f3a70ba4bcb0ef7"},"headline":"O envelhecimento precoce da pele n\u00e3o se deve apenas ao sol, mas sim ao excesso de produtos de glica\u00e7\u00e3o avan\u00e7ada (AGEs) que quebram o col\u00e1geno","datePublished":"2026-05-03T13:15:00+00:00","mainEntityOfPage":{"@id":"https:\/\/www.tuasaude.com\/news\/2026\/05\/03\/o-envelhecimento-precoce-da-pele-nao-se-deve-apenas-ao-sol-mas-sim-ao-excesso-de-produtos-de-glicacao-avancada-ages-que-quebram-o-colageno\/"},"wordCount":750,"commentCount":0,"image":{"@id":"https:\/\/www.tuasaude.com\/news\/2026\/05\/03\/o-envelhecimento-precoce-da-pele-nao-se-deve-apenas-ao-sol-mas-sim-ao-excesso-de-produtos-de-glicacao-avancada-ages-que-quebram-o-colageno\/#primaryimage"},"thumbnailUrl":"https:\/\/www.tuasaude.com\/news\/wp-content\/uploads\/2026\/05\/magnific_illustration-nonphotoreal_2901632580.jpg","keywords":["col\u00e1geno","envelhecimento da pele","glica\u00e7\u00e3o"],"articleSection":["Sa\u00fade"],"inLanguage":"pt-BR","potentialAction":[{"@type":"CommentAction","name":"Comment","target":["https:\/\/www.tuasaude.com\/news\/2026\/05\/03\/o-envelhecimento-precoce-da-pele-nao-se-deve-apenas-ao-sol-mas-sim-ao-excesso-de-produtos-de-glicacao-avancada-ages-que-quebram-o-colageno\/#respond"]}]},{"@type":"WebPage","@id":"https:\/\/www.tuasaude.com\/news\/2026\/05\/03\/o-envelhecimento-precoce-da-pele-nao-se-deve-apenas-ao-sol-mas-sim-ao-excesso-de-produtos-de-glicacao-avancada-ages-que-quebram-o-colageno\/","url":"https:\/\/www.tuasaude.com\/news\/2026\/05\/03\/o-envelhecimento-precoce-da-pele-nao-se-deve-apenas-ao-sol-mas-sim-ao-excesso-de-produtos-de-glicacao-avancada-ages-que-quebram-o-colageno\/","name":"O envelhecimento precoce da pele n\u00e3o se deve apenas ao sol, mas sim ao excesso de produtos de glica\u00e7\u00e3o avan\u00e7ada (AGEs) que quebram o col\u00e1geno - Tua Sa\u00fade","isPartOf":{"@id":"https:\/\/www.tuasaude.com\/news\/#website"},"primaryImageOfPage":{"@id":"https:\/\/www.tuasaude.com\/news\/2026\/05\/03\/o-envelhecimento-precoce-da-pele-nao-se-deve-apenas-ao-sol-mas-sim-ao-excesso-de-produtos-de-glicacao-avancada-ages-que-quebram-o-colageno\/#primaryimage"},"image":{"@id":"https:\/\/www.tuasaude.com\/news\/2026\/05\/03\/o-envelhecimento-precoce-da-pele-nao-se-deve-apenas-ao-sol-mas-sim-ao-excesso-de-produtos-de-glicacao-avancada-ages-que-quebram-o-colageno\/#primaryimage"},"thumbnailUrl":"https:\/\/www.tuasaude.com\/news\/wp-content\/uploads\/2026\/05\/magnific_illustration-nonphotoreal_2901632580.jpg","datePublished":"2026-05-03T13:15:00+00:00","author":{"@id":"https:\/\/www.tuasaude.com\/news\/#\/schema\/person\/963d63d4e1f0c81f5f3a70ba4bcb0ef7"},"description":"AGEs aceleram o envelhecimento da pele ao danificar col\u00e1geno e elastina; veja como reduzir glica\u00e7\u00e3o e proteger a pele.","breadcrumb":{"@id":"https:\/\/www.tuasaude.com\/news\/2026\/05\/03\/o-envelhecimento-precoce-da-pele-nao-se-deve-apenas-ao-sol-mas-sim-ao-excesso-de-produtos-de-glicacao-avancada-ages-que-quebram-o-colageno\/#breadcrumb"},"inLanguage":"pt-BR","potentialAction":[{"@type":"ReadAction","target":["https:\/\/www.tuasaude.com\/news\/2026\/05\/03\/o-envelhecimento-precoce-da-pele-nao-se-deve-apenas-ao-sol-mas-sim-ao-excesso-de-produtos-de-glicacao-avancada-ages-que-quebram-o-colageno\/"]}]},{"@type":"ImageObject","inLanguage":"pt-BR","@id":"https:\/\/www.tuasaude.com\/news\/2026\/05\/03\/o-envelhecimento-precoce-da-pele-nao-se-deve-apenas-ao-sol-mas-sim-ao-excesso-de-produtos-de-glicacao-avancada-ages-que-quebram-o-colageno\/#primaryimage","url":"https:\/\/www.tuasaude.com\/news\/wp-content\/uploads\/2026\/05\/magnific_illustration-nonphotoreal_2901632580.jpg","contentUrl":"https:\/\/www.tuasaude.com\/news\/wp-content\/uploads\/2026\/05\/magnific_illustration-nonphotoreal_2901632580.jpg","width":1280,"height":714,"caption":"Glica\u00e7\u00e3o pode acelerar o envelhecimento da pele ao comprometer col\u00e1geno e elasticidade."},{"@type":"BreadcrumbList","@id":"https:\/\/www.tuasaude.com\/news\/2026\/05\/03\/o-envelhecimento-precoce-da-pele-nao-se-deve-apenas-ao-sol-mas-sim-ao-excesso-de-produtos-de-glicacao-avancada-ages-que-quebram-o-colageno\/#breadcrumb","itemListElement":[{"@type":"ListItem","position":1,"name":"In\u00edcio","item":"https:\/\/www.tuasaude.com\/news\/"},{"@type":"ListItem","position":2,"name":"O envelhecimento precoce da pele n\u00e3o se deve apenas ao sol, mas sim ao excesso de produtos de glica\u00e7\u00e3o avan\u00e7ada (AGEs) que quebram o col\u00e1geno"}]},{"@type":"WebSite","@id":"https:\/\/www.tuasaude.com\/news\/#website","url":"https:\/\/www.tuasaude.com\/news\/","name":"Tua Sa\u00fade","description":"Seu site de sa\u00fade","potentialAction":[{"@type":"SearchAction","target":{"@type":"EntryPoint","urlTemplate":"https:\/\/www.tuasaude.com\/news\/?s={search_term_string}"},"query-input":{"@type":"PropertyValueSpecification","valueRequired":true,"valueName":"search_term_string"}}],"inLanguage":"pt-BR"},{"@type":"Person","@id":"https:\/\/www.tuasaude.com\/news\/#\/schema\/person\/963d63d4e1f0c81f5f3a70ba4bcb0ef7","name":"Jeferson Henrique","image":{"@type":"ImageObject","inLanguage":"pt-BR","@id":"https:\/\/www.tuasaude.com\/news\/#\/schema\/person\/image\/","url":"https:\/\/secure.gravatar.com\/avatar\/1a476a54a48eb3cdea5dd2f016708263892c6b9f5e54b641df7c65e980fd6f69?s=96&d=mm&r=g","contentUrl":"https:\/\/secure.gravatar.com\/avatar\/1a476a54a48eb3cdea5dd2f016708263892c6b9f5e54b641df7c65e980fd6f69?s=96&d=mm&r=g","caption":"Jeferson Henrique"},"sameAs":["https:\/\/www.tuasaude.com\/news\/"],"url":"https:\/\/www.tuasaude.com\/news\/author\/jeferson-henrique\/"}]}},"_links":{"self":[{"href":"https:\/\/www.tuasaude.com\/news\/wp-json\/wp\/v2\/posts\/31863","targetHints":{"allow":["GET"]}}],"collection":[{"href":"https:\/\/www.tuasaude.com\/news\/wp-json\/wp\/v2\/posts"}],"about":[{"href":"https:\/\/www.tuasaude.com\/news\/wp-json\/wp\/v2\/types\/post"}],"author":[{"embeddable":true,"href":"https:\/\/www.tuasaude.com\/news\/wp-json\/wp\/v2\/users\/12"}],"replies":[{"embeddable":true,"href":"https:\/\/www.tuasaude.com\/news\/wp-json\/wp\/v2\/comments?post=31863"}],"version-history":[{"count":2,"href":"https:\/\/www.tuasaude.com\/news\/wp-json\/wp\/v2\/posts\/31863\/revisions"}],"predecessor-version":[{"id":31867,"href":"https:\/\/www.tuasaude.com\/news\/wp-json\/wp\/v2\/posts\/31863\/revisions\/31867"}],"wp:featuredmedia":[{"embeddable":true,"href":"https:\/\/www.tuasaude.com\/news\/wp-json\/wp\/v2\/media\/32122"}],"wp:attachment":[{"href":"https:\/\/www.tuasaude.com\/news\/wp-json\/wp\/v2\/media?parent=31863"}],"wp:term":[{"taxonomy":"category","embeddable":true,"href":"https:\/\/www.tuasaude.com\/news\/wp-json\/wp\/v2\/categories?post=31863"},{"taxonomy":"post_tag","embeddable":true,"href":"https:\/\/www.tuasaude.com\/news\/wp-json\/wp\/v2\/tags?post=31863"}],"curies":[{"name":"wp","href":"https:\/\/api.w.org\/{rel}","templated":true}]}}