{"id":31859,"date":"2026-05-03T09:20:00","date_gmt":"2026-05-03T12:20:00","guid":{"rendered":"https:\/\/www.tuasaude.com\/news\/?p=31859"},"modified":"2026-05-01T01:50:53","modified_gmt":"2026-05-01T04:50:53","slug":"sentir-frio-excessivo-nas-maos-e-pes-com-frequencia-e-um-dos-primeiros-sinais-de-que-a-microcirculacao-periferica-esta-comprometida","status":"publish","type":"post","link":"https:\/\/www.tuasaude.com\/news\/2026\/05\/03\/sentir-frio-excessivo-nas-maos-e-pes-com-frequencia-e-um-dos-primeiros-sinais-de-que-a-microcirculacao-periferica-esta-comprometida\/","title":{"rendered":"Sentir frio excessivo nas m\u00e3os e p\u00e9s com frequ\u00eancia \u00e9 um dos primeiros sinais de que a microcircula\u00e7\u00e3o perif\u00e9rica est\u00e1 comprometida"},"content":{"rendered":"\n<p>Sentir frio excessivo nas m\u00e3os e p\u00e9s com frequ\u00eancia pode acontecer por baixa temperatura ambiente, ansiedade ou pouca movimenta\u00e7\u00e3o, mas quando o sintoma \u00e9 repetitivo, intenso ou vem com mudan\u00e7a de cor, dorm\u00eancia e dor, pode indicar altera\u00e7\u00e3o na <strong>microcircula\u00e7\u00e3o perif\u00e9rica<\/strong>, respons\u00e1vel por levar sangue aos pequenos vasos das extremidades.<\/p>\n\n\n\n<h2 class=\"wp-block-heading\">Por que m\u00e3os e p\u00e9s ficam frios<\/h2>\n\n\n\n<p>As m\u00e3os e os p\u00e9s t\u00eam vasos pequenos que se contraem facilmente para preservar o calor do corpo. Quando essa contra\u00e7\u00e3o \u00e9 exagerada ou a circula\u00e7\u00e3o est\u00e1 prejudicada, chega menos sangue \u00e0s extremidades, causando frio, palidez, formigamento ou sensa\u00e7\u00e3o de dedos \u201cduros\u201d.<\/p>\n\n\n\n<p>A <a href=\"https:\/\/www.mayoclinic.org\/diseases-conditions\/raynauds-disease\/symptoms-causes\/syc-20363571\" target=\"_blank\" rel=\"noreferrer noopener\">Mayo Clinic<\/a> explica que a doen\u00e7a de Raynaud ocorre quando vasos menores que irrigam a pele se estreitam em resposta ao frio ou ao estresse, limitando temporariamente o fluxo sangu\u00edneo.<\/p>\n\n\n\n<h2 class=\"wp-block-heading\">Quando pode ser microcircula\u00e7\u00e3o comprometida<\/h2>\n\n\n\n<p>A microcircula\u00e7\u00e3o envolve capilares e pequenos vasos que entregam oxig\u00eanio e nutrientes aos tecidos. Se esse fluxo fica inst\u00e1vel, as extremidades podem responder com frio excessivo, altera\u00e7\u00e3o de cor e maior sensibilidade ao ambiente.<\/p>\n\n\n\n<p>Esse quadro pode estar ligado a <strong>Raynaud<\/strong>, anemia, hipotireoidismo, diabetes, tabagismo, doen\u00e7as autoimunes, sedentarismo, aterosclerose, uso de alguns medicamentos e problemas nos nervos perif\u00e9ricos.<\/p>\n\n\n<div class=\"wp-block-image\">\n<figure class=\"aligncenter size-large\"><img decoding=\"async\" width=\"1024\" height=\"682\" src=\"https:\/\/www.tuasaude.com\/news\/wp-content\/uploads\/2026\/04\/ChatGPT-Image-30-de-abr.-de-2026-16_30_44-1024x682.jpg\" alt=\"Proteger as extremidades do frio ajuda a reduzir contra\u00e7\u00f5es bruscas dos pequenos vasos.\" class=\"wp-image-31861\" srcset=\"https:\/\/www.tuasaude.com\/news\/wp-content\/uploads\/2026\/04\/ChatGPT-Image-30-de-abr.-de-2026-16_30_44-1024x682.jpg 1024w, https:\/\/www.tuasaude.com\/news\/wp-content\/uploads\/2026\/04\/ChatGPT-Image-30-de-abr.-de-2026-16_30_44-300x200.jpg 300w, https:\/\/www.tuasaude.com\/news\/wp-content\/uploads\/2026\/04\/ChatGPT-Image-30-de-abr.-de-2026-16_30_44-768x512.jpg 768w, https:\/\/www.tuasaude.com\/news\/wp-content\/uploads\/2026\/04\/ChatGPT-Image-30-de-abr.-de-2026-16_30_44-750x500.jpg 750w, https:\/\/www.tuasaude.com\/news\/wp-content\/uploads\/2026\/04\/ChatGPT-Image-30-de-abr.-de-2026-16_30_44-1140x760.jpg 1140w, https:\/\/www.tuasaude.com\/news\/wp-content\/uploads\/2026\/04\/ChatGPT-Image-30-de-abr.-de-2026-16_30_44.jpg 1280w\" sizes=\"(max-width: 1024px) 100vw, 1024px\" \/><figcaption class=\"wp-element-caption\">Proteger as extremidades do frio ajuda a reduzir contra\u00e7\u00f5es bruscas dos pequenos vasos.<\/figcaption><\/figure>\n<\/div>\n\n\n<h2 class=\"wp-block-heading\">Estudo cient\u00edfico sobre frio e Raynaud<\/h2>\n\n\n\n<p>Segundo a revis\u00e3o cient\u00edfica <a href=\"https:\/\/pubmed.ncbi.nlm.nih.gov\/37541711\/\" target=\"_blank\" rel=\"noreferrer noopener\"><em>Cold Hands or Feet: Is It Raynaud&#8217;s or Not?<\/em><\/a>, publicada na revista <em>Current Treatment Options in Cardiovascular Medicine<\/em>, o fen\u00f4meno de Raynaud \u00e9 uma resposta exagerada ao frio que pode ser prim\u00e1ria ou secund\u00e1ria a outras doen\u00e7as.<\/p>\n\n\n\n<p>A revis\u00e3o refor\u00e7a que o diagn\u00f3stico depende da hist\u00f3ria cl\u00ednica, principalmente quando h\u00e1 epis\u00f3dios recorrentes de dedos frios com mudan\u00e7a de cor. Isso \u00e9 importante porque nem todo frio nas m\u00e3os e p\u00e9s \u00e9 Raynaud, mas sintomas persistentes podem revelar altera\u00e7\u00f5es vasculares ou sist\u00eamicas.<\/p>\n\n\n\n<h2 class=\"wp-block-heading\">Sinais que merecem aten\u00e7\u00e3o<\/h2>\n\n\n\n<p>Alguns sinais ajudam a diferenciar frio comum de poss\u00edvel comprometimento da circula\u00e7\u00e3o perif\u00e9rica. Eles devem ser observados especialmente quando aparecem em crises ou pioram com frio e estresse.<\/p>\n\n\n\n<ul class=\"wp-block-list\">\n<li><strong>Dedos muito frios<\/strong> mesmo em ambiente ameno;<\/li>\n\n\n\n<li>Mudan\u00e7a de cor para branco, azul ou roxo;<\/li>\n\n\n\n<li>Dorm\u00eancia, formigamento ou dor nas pontas dos dedos;<\/li>\n\n\n\n<li>Feridas que demoram para cicatrizar;<\/li>\n\n\n\n<li>Pele brilhante, fina ou muito ressecada nas extremidades;<\/li>\n\n\n\n<li>Piora ap\u00f3s cigarro, cafe\u00edna em excesso ou estresse intenso.<\/li>\n<\/ul>\n\n\n\n<p>Se houver dor forte, feridas, dedos escurecidos ou perda de sensibilidade, a avalia\u00e7\u00e3o deve ser feita rapidamente para descartar obstru\u00e7\u00e3o arterial ou doen\u00e7a autoimune.<\/p>\n\n\n\n<h2 class=\"wp-block-heading\">Como melhorar a circula\u00e7\u00e3o no dia a dia<\/h2>\n\n\n\n<p>Medidas simples podem reduzir crises e proteger os pequenos vasos. O objetivo \u00e9 evitar contra\u00e7\u00f5es bruscas e melhorar o fluxo sangu\u00edneo de forma segura.<\/p>\n\n\n\n<ul class=\"wp-block-list\">\n<li>Manter m\u00e3os e p\u00e9s aquecidos em dias frios;<\/li>\n\n\n\n<li>Evitar cigarro, pois a nicotina contrai vasos sangu\u00edneos;<\/li>\n\n\n\n<li>Fazer atividade f\u00edsica regular para estimular a circula\u00e7\u00e3o;<\/li>\n\n\n\n<li>Evitar mudan\u00e7as bruscas de temperatura;<\/li>\n\n\n\n<li>Controlar glicose, colesterol, press\u00e3o e fun\u00e7\u00e3o da tireoide;<\/li>\n\n\n\n<li>Usar luvas ao manipular alimentos gelados ou objetos frios.<\/li>\n<\/ul>\n\n\n\n<p>Tamb\u00e9m vale conhecer outras causas de <a href=\"https:\/\/www.tuasaude.com\/maos-e-pes-frios\/\" target=\"_blank\" rel=\"noreferrer noopener\">m\u00e3os e p\u00e9s frios<\/a>, j\u00e1 que o tratamento depende da origem do sintoma.<\/p>\n\n\n<div class=\"wp-block-image\">\n<figure class=\"aligncenter size-large\"><img decoding=\"async\" width=\"1024\" height=\"441\" src=\"https:\/\/www.tuasaude.com\/news\/wp-content\/uploads\/2026\/04\/convertido-486-1024x441.jpg\" alt=\"M\u00e3os e P\u00e9s Frios: Sinais de Microcircula\u00e7\u00e3o Perif\u00e9rica Comprometida\" class=\"wp-image-31860\" srcset=\"https:\/\/www.tuasaude.com\/news\/wp-content\/uploads\/2026\/04\/convertido-486-1024x441.jpg 1024w, https:\/\/www.tuasaude.com\/news\/wp-content\/uploads\/2026\/04\/convertido-486-300x129.jpg 300w, https:\/\/www.tuasaude.com\/news\/wp-content\/uploads\/2026\/04\/convertido-486-768x331.jpg 768w, https:\/\/www.tuasaude.com\/news\/wp-content\/uploads\/2026\/04\/convertido-486-750x323.jpg 750w, https:\/\/www.tuasaude.com\/news\/wp-content\/uploads\/2026\/04\/convertido-486-1140x491.jpg 1140w, https:\/\/www.tuasaude.com\/news\/wp-content\/uploads\/2026\/04\/convertido-486.jpg 1280w\" sizes=\"(max-width: 1024px) 100vw, 1024px\" \/><figcaption class=\"wp-element-caption\">M\u00e3os e P\u00e9s Frios: Sinais de Microcircula\u00e7\u00e3o Perif\u00e9rica Comprometida<\/figcaption><\/figure>\n<\/div>\n\n\n<h2 class=\"wp-block-heading\">Quando procurar avalia\u00e7\u00e3o<\/h2>\n\n\n\n<p>Procure um m\u00e9dico se o frio nas extremidades for frequente, unilateral, doloroso, vier com mudan\u00e7a de cor, feridas, formigamento persistente, fraqueza, queda de pelos nas pernas ou dificuldade para caminhar.<\/p>\n\n\n\n<p>A investiga\u00e7\u00e3o pode incluir exame f\u00edsico, avalia\u00e7\u00e3o vascular, exames de sangue, tireoide, glicose, anemia e marcadores autoimunes quando necess\u00e1rio. Identificar a causa cedo ajuda a proteger a microcircula\u00e7\u00e3o e evitar complica\u00e7\u00f5es nos tecidos.<\/p>\n\n\n\n<p><em>Este conte\u00fado \u00e9 apenas informativo e n\u00e3o substitui a avalia\u00e7\u00e3o de um m\u00e9dico.<\/em><\/p>\n","protected":false},"excerpt":{"rendered":"<p>Sentir frio excessivo nas m\u00e3os e p\u00e9s com frequ\u00eancia pode acontecer por baixa temperatura ambiente, ansiedade ou pouca movimenta\u00e7\u00e3o, mas quando o sintoma \u00e9 repetitivo, intenso ou vem com mudan\u00e7a de cor, dorm\u00eancia e dor, pode indicar altera\u00e7\u00e3o na microcircula\u00e7\u00e3o perif\u00e9rica, respons\u00e1vel por levar sangue aos pequenos vasos das extremidades. Por que m\u00e3os e p\u00e9s [&hellip;]<\/p>\n","protected":false},"author":12,"featured_media":32125,"comment_status":"open","ping_status":"open","sticky":false,"template":"","format":"standard","meta":{"_yoast_wpseo_focuskw":"m\u00e3os e p\u00e9s frios","_yoast_wpseo_title":"","_yoast_wpseo_metadesc":"M\u00e3os e p\u00e9s frios com frequ\u00eancia podem indicar microcircula\u00e7\u00e3o comprometida, Raynaud, anemia ou tireoide; veja sinais de alerta.","jnews-multi-image_gallery":[],"jnews_single_post":{"format":"standard"},"jnews_primary_category":[],"jnews_social_meta":[],"jnews_override_counter":[],"footnotes":""},"categories":[111],"tags":[6454,6452,6453],"class_list":["post-31859","post","type-post","status-publish","format-standard","has-post-thumbnail","hentry","category-saude","tag-circulacao-periferica","tag-microcirculacao-periferica","tag-raynaud"],"yoast_head":"<!-- This site is optimized with the Yoast SEO plugin v26.7 - https:\/\/yoast.com\/wordpress\/plugins\/seo\/ -->\n<title>Sentir frio excessivo nas m\u00e3os e p\u00e9s com frequ\u00eancia \u00e9 um dos primeiros sinais de que a microcircula\u00e7\u00e3o perif\u00e9rica est\u00e1 comprometida - Tua Sa\u00fade<\/title>\n<meta name=\"description\" content=\"M\u00e3os e p\u00e9s frios com frequ\u00eancia podem indicar microcircula\u00e7\u00e3o comprometida, Raynaud, anemia ou tireoide; veja sinais de alerta.\" \/>\n<meta name=\"robots\" content=\"index, follow, max-snippet:-1, max-image-preview:large, max-video-preview:-1\" \/>\n<link rel=\"canonical\" href=\"https:\/\/www.tuasaude.com\/news\/2026\/05\/03\/sentir-frio-excessivo-nas-maos-e-pes-com-frequencia-e-um-dos-primeiros-sinais-de-que-a-microcirculacao-periferica-esta-comprometida\/\" \/>\n<meta property=\"og:locale\" content=\"pt_BR\" \/>\n<meta property=\"og:type\" content=\"article\" \/>\n<meta property=\"og:title\" content=\"Sentir frio excessivo nas m\u00e3os e p\u00e9s com frequ\u00eancia \u00e9 um dos primeiros sinais de que a microcircula\u00e7\u00e3o perif\u00e9rica est\u00e1 comprometida - Tua Sa\u00fade\" \/>\n<meta property=\"og:description\" content=\"M\u00e3os e p\u00e9s frios com frequ\u00eancia podem indicar microcircula\u00e7\u00e3o comprometida, Raynaud, anemia ou tireoide; veja sinais de alerta.\" \/>\n<meta property=\"og:url\" content=\"https:\/\/www.tuasaude.com\/news\/2026\/05\/03\/sentir-frio-excessivo-nas-maos-e-pes-com-frequencia-e-um-dos-primeiros-sinais-de-que-a-microcirculacao-periferica-esta-comprometida\/\" \/>\n<meta property=\"og:site_name\" content=\"Tua Sa\u00fade\" \/>\n<meta property=\"article:published_time\" content=\"2026-05-03T12:20:00+00:00\" \/>\n<meta property=\"og:image\" content=\"https:\/\/www.tuasaude.com\/news\/wp-content\/uploads\/2026\/05\/magnific_illustration-nonphotoreal_2901634028.jpg\" \/>\n\t<meta property=\"og:image:width\" content=\"1280\" \/>\n\t<meta property=\"og:image:height\" content=\"714\" \/>\n\t<meta property=\"og:image:type\" content=\"image\/jpeg\" \/>\n<meta name=\"author\" content=\"Jeferson Henrique\" \/>\n<meta name=\"twitter:card\" content=\"summary_large_image\" \/>\n<meta name=\"twitter:label1\" content=\"Escrito por\" \/>\n\t<meta name=\"twitter:data1\" content=\"Jeferson Henrique\" \/>\n\t<meta name=\"twitter:label2\" content=\"Est. tempo de leitura\" \/>\n\t<meta name=\"twitter:data2\" content=\"4 minutos\" \/>\n<!-- \/ Yoast SEO plugin. -->","yoast_head_json":{"title":"Sentir frio excessivo nas m\u00e3os e p\u00e9s com frequ\u00eancia \u00e9 um dos primeiros sinais de que a microcircula\u00e7\u00e3o perif\u00e9rica est\u00e1 comprometida - Tua Sa\u00fade","description":"M\u00e3os e p\u00e9s frios com frequ\u00eancia podem indicar microcircula\u00e7\u00e3o comprometida, Raynaud, anemia ou tireoide; veja sinais de alerta.","robots":{"index":"index","follow":"follow","max-snippet":"max-snippet:-1","max-image-preview":"max-image-preview:large","max-video-preview":"max-video-preview:-1"},"canonical":"https:\/\/www.tuasaude.com\/news\/2026\/05\/03\/sentir-frio-excessivo-nas-maos-e-pes-com-frequencia-e-um-dos-primeiros-sinais-de-que-a-microcirculacao-periferica-esta-comprometida\/","og_locale":"pt_BR","og_type":"article","og_title":"Sentir frio excessivo nas m\u00e3os e p\u00e9s com frequ\u00eancia \u00e9 um dos primeiros sinais de que a microcircula\u00e7\u00e3o perif\u00e9rica est\u00e1 comprometida - Tua Sa\u00fade","og_description":"M\u00e3os e p\u00e9s frios com frequ\u00eancia podem indicar microcircula\u00e7\u00e3o comprometida, Raynaud, anemia ou tireoide; veja sinais de alerta.","og_url":"https:\/\/www.tuasaude.com\/news\/2026\/05\/03\/sentir-frio-excessivo-nas-maos-e-pes-com-frequencia-e-um-dos-primeiros-sinais-de-que-a-microcirculacao-periferica-esta-comprometida\/","og_site_name":"Tua Sa\u00fade","article_published_time":"2026-05-03T12:20:00+00:00","og_image":[{"width":1280,"height":714,"url":"https:\/\/www.tuasaude.com\/news\/wp-content\/uploads\/2026\/05\/magnific_illustration-nonphotoreal_2901634028.jpg","type":"image\/jpeg"}],"author":"Jeferson Henrique","twitter_card":"summary_large_image","twitter_misc":{"Escrito por":"Jeferson Henrique","Est. tempo de leitura":"4 minutos"},"schema":{"@context":"https:\/\/schema.org","@graph":[{"@type":"Article","@id":"https:\/\/www.tuasaude.com\/news\/2026\/05\/03\/sentir-frio-excessivo-nas-maos-e-pes-com-frequencia-e-um-dos-primeiros-sinais-de-que-a-microcirculacao-periferica-esta-comprometida\/#article","isPartOf":{"@id":"https:\/\/www.tuasaude.com\/news\/2026\/05\/03\/sentir-frio-excessivo-nas-maos-e-pes-com-frequencia-e-um-dos-primeiros-sinais-de-que-a-microcirculacao-periferica-esta-comprometida\/"},"author":{"name":"Jeferson Henrique","@id":"https:\/\/www.tuasaude.com\/news\/#\/schema\/person\/963d63d4e1f0c81f5f3a70ba4bcb0ef7"},"headline":"Sentir frio excessivo nas m\u00e3os e p\u00e9s com frequ\u00eancia \u00e9 um dos primeiros sinais de que a microcircula\u00e7\u00e3o perif\u00e9rica est\u00e1 comprometida","datePublished":"2026-05-03T12:20:00+00:00","mainEntityOfPage":{"@id":"https:\/\/www.tuasaude.com\/news\/2026\/05\/03\/sentir-frio-excessivo-nas-maos-e-pes-com-frequencia-e-um-dos-primeiros-sinais-de-que-a-microcirculacao-periferica-esta-comprometida\/"},"wordCount":690,"commentCount":0,"image":{"@id":"https:\/\/www.tuasaude.com\/news\/2026\/05\/03\/sentir-frio-excessivo-nas-maos-e-pes-com-frequencia-e-um-dos-primeiros-sinais-de-que-a-microcirculacao-periferica-esta-comprometida\/#primaryimage"},"thumbnailUrl":"https:\/\/www.tuasaude.com\/news\/wp-content\/uploads\/2026\/05\/magnific_illustration-nonphotoreal_2901634028.jpg","keywords":["circula\u00e7\u00e3o perif\u00e9rica","microcircula\u00e7\u00e3o perif\u00e9rica","Raynaud"],"articleSection":["Sa\u00fade"],"inLanguage":"pt-BR","potentialAction":[{"@type":"CommentAction","name":"Comment","target":["https:\/\/www.tuasaude.com\/news\/2026\/05\/03\/sentir-frio-excessivo-nas-maos-e-pes-com-frequencia-e-um-dos-primeiros-sinais-de-que-a-microcirculacao-periferica-esta-comprometida\/#respond"]}]},{"@type":"WebPage","@id":"https:\/\/www.tuasaude.com\/news\/2026\/05\/03\/sentir-frio-excessivo-nas-maos-e-pes-com-frequencia-e-um-dos-primeiros-sinais-de-que-a-microcirculacao-periferica-esta-comprometida\/","url":"https:\/\/www.tuasaude.com\/news\/2026\/05\/03\/sentir-frio-excessivo-nas-maos-e-pes-com-frequencia-e-um-dos-primeiros-sinais-de-que-a-microcirculacao-periferica-esta-comprometida\/","name":"Sentir frio excessivo nas m\u00e3os e p\u00e9s com frequ\u00eancia \u00e9 um dos primeiros sinais de que a microcircula\u00e7\u00e3o perif\u00e9rica est\u00e1 comprometida - Tua Sa\u00fade","isPartOf":{"@id":"https:\/\/www.tuasaude.com\/news\/#website"},"primaryImageOfPage":{"@id":"https:\/\/www.tuasaude.com\/news\/2026\/05\/03\/sentir-frio-excessivo-nas-maos-e-pes-com-frequencia-e-um-dos-primeiros-sinais-de-que-a-microcirculacao-periferica-esta-comprometida\/#primaryimage"},"image":{"@id":"https:\/\/www.tuasaude.com\/news\/2026\/05\/03\/sentir-frio-excessivo-nas-maos-e-pes-com-frequencia-e-um-dos-primeiros-sinais-de-que-a-microcirculacao-periferica-esta-comprometida\/#primaryimage"},"thumbnailUrl":"https:\/\/www.tuasaude.com\/news\/wp-content\/uploads\/2026\/05\/magnific_illustration-nonphotoreal_2901634028.jpg","datePublished":"2026-05-03T12:20:00+00:00","author":{"@id":"https:\/\/www.tuasaude.com\/news\/#\/schema\/person\/963d63d4e1f0c81f5f3a70ba4bcb0ef7"},"description":"M\u00e3os e p\u00e9s frios com frequ\u00eancia podem indicar microcircula\u00e7\u00e3o comprometida, Raynaud, anemia ou tireoide; veja sinais de alerta.","breadcrumb":{"@id":"https:\/\/www.tuasaude.com\/news\/2026\/05\/03\/sentir-frio-excessivo-nas-maos-e-pes-com-frequencia-e-um-dos-primeiros-sinais-de-que-a-microcirculacao-periferica-esta-comprometida\/#breadcrumb"},"inLanguage":"pt-BR","potentialAction":[{"@type":"ReadAction","target":["https:\/\/www.tuasaude.com\/news\/2026\/05\/03\/sentir-frio-excessivo-nas-maos-e-pes-com-frequencia-e-um-dos-primeiros-sinais-de-que-a-microcirculacao-periferica-esta-comprometida\/"]}]},{"@type":"ImageObject","inLanguage":"pt-BR","@id":"https:\/\/www.tuasaude.com\/news\/2026\/05\/03\/sentir-frio-excessivo-nas-maos-e-pes-com-frequencia-e-um-dos-primeiros-sinais-de-que-a-microcirculacao-periferica-esta-comprometida\/#primaryimage","url":"https:\/\/www.tuasaude.com\/news\/wp-content\/uploads\/2026\/05\/magnific_illustration-nonphotoreal_2901634028.jpg","contentUrl":"https:\/\/www.tuasaude.com\/news\/wp-content\/uploads\/2026\/05\/magnific_illustration-nonphotoreal_2901634028.jpg","width":1280,"height":714,"caption":"Mudan\u00e7a de cor, dorm\u00eancia e dor nas extremidades merecem aten\u00e7\u00e3o."},{"@type":"BreadcrumbList","@id":"https:\/\/www.tuasaude.com\/news\/2026\/05\/03\/sentir-frio-excessivo-nas-maos-e-pes-com-frequencia-e-um-dos-primeiros-sinais-de-que-a-microcirculacao-periferica-esta-comprometida\/#breadcrumb","itemListElement":[{"@type":"ListItem","position":1,"name":"In\u00edcio","item":"https:\/\/www.tuasaude.com\/news\/"},{"@type":"ListItem","position":2,"name":"Sentir frio excessivo nas m\u00e3os e p\u00e9s com frequ\u00eancia \u00e9 um dos primeiros sinais de que a microcircula\u00e7\u00e3o perif\u00e9rica est\u00e1 comprometida"}]},{"@type":"WebSite","@id":"https:\/\/www.tuasaude.com\/news\/#website","url":"https:\/\/www.tuasaude.com\/news\/","name":"Tua Sa\u00fade","description":"Seu site de sa\u00fade","potentialAction":[{"@type":"SearchAction","target":{"@type":"EntryPoint","urlTemplate":"https:\/\/www.tuasaude.com\/news\/?s={search_term_string}"},"query-input":{"@type":"PropertyValueSpecification","valueRequired":true,"valueName":"search_term_string"}}],"inLanguage":"pt-BR"},{"@type":"Person","@id":"https:\/\/www.tuasaude.com\/news\/#\/schema\/person\/963d63d4e1f0c81f5f3a70ba4bcb0ef7","name":"Jeferson Henrique","image":{"@type":"ImageObject","inLanguage":"pt-BR","@id":"https:\/\/www.tuasaude.com\/news\/#\/schema\/person\/image\/","url":"https:\/\/secure.gravatar.com\/avatar\/1a476a54a48eb3cdea5dd2f016708263892c6b9f5e54b641df7c65e980fd6f69?s=96&d=mm&r=g","contentUrl":"https:\/\/secure.gravatar.com\/avatar\/1a476a54a48eb3cdea5dd2f016708263892c6b9f5e54b641df7c65e980fd6f69?s=96&d=mm&r=g","caption":"Jeferson Henrique"},"sameAs":["https:\/\/www.tuasaude.com\/news\/"],"url":"https:\/\/www.tuasaude.com\/news\/author\/jeferson-henrique\/"}]}},"_links":{"self":[{"href":"https:\/\/www.tuasaude.com\/news\/wp-json\/wp\/v2\/posts\/31859","targetHints":{"allow":["GET"]}}],"collection":[{"href":"https:\/\/www.tuasaude.com\/news\/wp-json\/wp\/v2\/posts"}],"about":[{"href":"https:\/\/www.tuasaude.com\/news\/wp-json\/wp\/v2\/types\/post"}],"author":[{"embeddable":true,"href":"https:\/\/www.tuasaude.com\/news\/wp-json\/wp\/v2\/users\/12"}],"replies":[{"embeddable":true,"href":"https:\/\/www.tuasaude.com\/news\/wp-json\/wp\/v2\/comments?post=31859"}],"version-history":[{"count":1,"href":"https:\/\/www.tuasaude.com\/news\/wp-json\/wp\/v2\/posts\/31859\/revisions"}],"predecessor-version":[{"id":31862,"href":"https:\/\/www.tuasaude.com\/news\/wp-json\/wp\/v2\/posts\/31859\/revisions\/31862"}],"wp:featuredmedia":[{"embeddable":true,"href":"https:\/\/www.tuasaude.com\/news\/wp-json\/wp\/v2\/media\/32125"}],"wp:attachment":[{"href":"https:\/\/www.tuasaude.com\/news\/wp-json\/wp\/v2\/media?parent=31859"}],"wp:term":[{"taxonomy":"category","embeddable":true,"href":"https:\/\/www.tuasaude.com\/news\/wp-json\/wp\/v2\/categories?post=31859"},{"taxonomy":"post_tag","embeddable":true,"href":"https:\/\/www.tuasaude.com\/news\/wp-json\/wp\/v2\/tags?post=31859"}],"curies":[{"name":"wp","href":"https:\/\/api.w.org\/{rel}","templated":true}]}}