{"id":31040,"date":"2026-05-03T09:40:00","date_gmt":"2026-05-03T12:40:00","guid":{"rendered":"https:\/\/www.tuasaude.com\/news\/?p=31040"},"modified":"2026-04-30T03:00:11","modified_gmt":"2026-04-30T06:00:11","slug":"como-o-consumo-diario-de-azeite-extravirgem-afeta-o-cerebro-e-a-protecao-contra-o-declinio-cognitivo","status":"publish","type":"post","link":"https:\/\/www.tuasaude.com\/news\/2026\/05\/03\/como-o-consumo-diario-de-azeite-extravirgem-afeta-o-cerebro-e-a-protecao-contra-o-declinio-cognitivo\/","title":{"rendered":"Como o consumo di\u00e1rio de azeite extravirgem afeta o c\u00e9rebro e a prote\u00e7\u00e3o contra o decl\u00ednio cognitivo"},"content":{"rendered":"\n<p>O consumo di\u00e1rio de azeite extravirgem \u00e9 uma das estrat\u00e9gias alimentares mais respaldadas pela ci\u00eancia para proteger o c\u00e9rebro e reduzir o risco de decl\u00ednio cognitivo com o envelhecimento. Seus compostos exclusivos, como o oleocanthal, atuam diretamente sobre processos inflamat\u00f3rios cerebrais e est\u00e3o associados a menor ac\u00famulo de prote\u00ednas relacionadas \u00e0 doen\u00e7a de Alzheimer. Entenda como uma simples colher por dia pode fazer diferen\u00e7a na sa\u00fade mental ao longo da vida.<\/p>\n\n\n\n<h2 class=\"wp-block-heading\">Por que o azeite extravirgem \u00e9 importante para o c\u00e9rebro?<\/h2>\n\n\n\n<p>O azeite extravirgem \u00e9 a principal fonte de gordura da dieta mediterr\u00e2nea e concentra \u00e1cido oleico, vitamina E e mais de 30 compostos fen\u00f3licos com a\u00e7\u00e3o antioxidante e anti-inflamat\u00f3ria reconhecida no sistema nervoso.<\/p>\n\n\n\n<p>Esses compostos atravessam a barreira hematoencef\u00e1lica e protegem os neur\u00f4nios contra o estresse oxidativo, processo diretamente envolvido no envelhecimento cerebral e no surgimento de doen\u00e7as neurodegenerativas.<\/p>\n\n\n\n<h2 class=\"wp-block-heading\">Como o oleocanthal age contra a inflama\u00e7\u00e3o cerebral?<\/h2>\n\n\n\n<p>O oleocanthal \u00e9 um composto fen\u00f3lico exclusivo do azeite extravirgem, respons\u00e1vel pela sensa\u00e7\u00e3o levemente picante na garganta ao consumir azeites de boa qualidade. Ele inibe enzimas inflamat\u00f3rias cerebrais pelo mesmo mecanismo de a\u00e7\u00e3o do ibuprofeno, mas sem os efeitos adversos associados ao uso prolongado de medicamentos.<\/p>\n\n\n\n<p>Essa a\u00e7\u00e3o anti-inflamat\u00f3ria natural ajuda a reduzir a neuroinflama\u00e7\u00e3o cr\u00f4nica, fen\u00f4meno hoje considerado um dos pilares no desenvolvimento da doen\u00e7a de Alzheimer e de outras formas de dem\u00eancia relacionadas \u00e0 idade.<\/p>\n\n\n<div class=\"wp-block-image\">\n<figure class=\"aligncenter size-large\"><img decoding=\"async\" width=\"1024\" height=\"571\" src=\"https:\/\/www.tuasaude.com\/news\/wp-content\/uploads\/2026\/05\/magnific_um-cerebro-humano-estiliz_2894601436-1024x571.jpg\" alt=\"Como o consumo di\u00e1rio de azeite extravirgem afeta o c\u00e9rebro e a prote\u00e7\u00e3o contra o decl\u00ednio cognitivo\" class=\"wp-image-31075\" srcset=\"https:\/\/www.tuasaude.com\/news\/wp-content\/uploads\/2026\/05\/magnific_um-cerebro-humano-estiliz_2894601436-1024x571.jpg 1024w, https:\/\/www.tuasaude.com\/news\/wp-content\/uploads\/2026\/05\/magnific_um-cerebro-humano-estiliz_2894601436-300x167.jpg 300w, https:\/\/www.tuasaude.com\/news\/wp-content\/uploads\/2026\/05\/magnific_um-cerebro-humano-estiliz_2894601436-768x428.jpg 768w, https:\/\/www.tuasaude.com\/news\/wp-content\/uploads\/2026\/05\/magnific_um-cerebro-humano-estiliz_2894601436-750x418.jpg 750w, https:\/\/www.tuasaude.com\/news\/wp-content\/uploads\/2026\/05\/magnific_um-cerebro-humano-estiliz_2894601436-1140x636.jpg 1140w, https:\/\/www.tuasaude.com\/news\/wp-content\/uploads\/2026\/05\/magnific_um-cerebro-humano-estiliz_2894601436.jpg 1280w\" sizes=\"(max-width: 1024px) 100vw, 1024px\" \/><figcaption class=\"wp-element-caption\">Azeite extravirgem ajuda a proteger o c\u00e9rebro e reduzir o risco de decl\u00ednio cognitivo ao longo do tempo.<\/figcaption><\/figure>\n<\/div>\n\n\n<h2 class=\"wp-block-heading\">Quais benef\u00edcios cerebrais est\u00e3o associados ao azeite?<\/h2>\n\n\n\n<p>O consumo regular do azeite extravirgem est\u00e1 associado a m\u00faltiplos efeitos positivos no c\u00e9rebro, especialmente em adultos acima de 55 anos, conforme demonstram estudos populacionais e ensaios cl\u00ednicos sobre <a href=\"https:\/\/www.tuasaude.com\/beneficios-do-azeite\/\" target=\"_blank\" rel=\"noreferrer noopener\">benef\u00edcios do azeite<\/a> ao longo da vida.<\/p>\n\n\n<div class=\"wp-block-image\">\n<figure class=\"aligncenter size-large\"><img decoding=\"async\" width=\"1024\" height=\"422\" src=\"https:\/\/www.tuasaude.com\/news\/wp-content\/uploads\/2026\/04\/convertido-13-18-1024x422.jpg\" alt=\"Quais benef\u00edcios cerebrais est\u00e3o associados ao azeite?\" class=\"wp-image-31041\" srcset=\"https:\/\/www.tuasaude.com\/news\/wp-content\/uploads\/2026\/04\/convertido-13-18-1024x422.jpg 1024w, https:\/\/www.tuasaude.com\/news\/wp-content\/uploads\/2026\/04\/convertido-13-18-300x124.jpg 300w, https:\/\/www.tuasaude.com\/news\/wp-content\/uploads\/2026\/04\/convertido-13-18-768x316.jpg 768w, https:\/\/www.tuasaude.com\/news\/wp-content\/uploads\/2026\/04\/convertido-13-18-750x309.jpg 750w, https:\/\/www.tuasaude.com\/news\/wp-content\/uploads\/2026\/04\/convertido-13-18-1140x469.jpg 1140w, https:\/\/www.tuasaude.com\/news\/wp-content\/uploads\/2026\/04\/convertido-13-18.jpg 1280w\" sizes=\"(max-width: 1024px) 100vw, 1024px\" \/><figcaption class=\"wp-element-caption\">Quais benef\u00edcios cerebrais est\u00e3o associados ao azeite?<\/figcaption><\/figure>\n<\/div>\n\n\n<h2 class=\"wp-block-heading\">O que diz o estudo PREDIMED sobre azeite e cogni\u00e7\u00e3o?<\/h2>\n\n\n\n<p>O ensaio PREDIMED \u00e9 considerado uma das maiores investiga\u00e7\u00f5es j\u00e1 realizadas sobre dieta mediterr\u00e2nea e seus efeitos no c\u00e9rebro, acompanhando adultos de alto risco vascular durante anos com avalia\u00e7\u00f5es cognitivas detalhadas. Os resultados consolidaram o azeite extravirgem como aliado na preven\u00e7\u00e3o do decl\u00ednio cognitivo.<\/p>\n\n\n\n<p>Segundo o estudo <a href=\"https:\/\/pubmed.ncbi.nlm.nih.gov\/23670794\/\" target=\"_blank\" rel=\"noreferrer noopener\">Mediterranean diet improves cognition the PREDIMED-NAVARRA randomised trial<\/a>, publicado no Journal of Neurology, Neurosurgery and Psychiatry, participantes que receberam dieta mediterr\u00e2nea suplementada com azeite extravirgem apresentaram melhor desempenho cognitivo global e menor risco de comprometimento cognitivo leve em compara\u00e7\u00e3o ao grupo de dieta de baixa gordura, ap\u00f3s mais de seis anos de acompanhamento.<\/p>\n\n\n\n<h2 class=\"wp-block-heading\">Como incluir o azeite extravirgem no dia a dia?<\/h2>\n\n\n\n<p>Para aproveitar os efeitos protetores do azeite no c\u00e9rebro, \u00e9 fundamental escolher um produto de qualidade e us\u00e1-lo de forma estrat\u00e9gica nas prepara\u00e7\u00f5es. Pequenas quantidades di\u00e1rias j\u00e1 s\u00e3o suficientes, desde que mantidas com regularidade e dentro de uma <a href=\"https:\/\/www.tuasaude.com\/dieta-mediterranea\/\" target=\"_blank\" rel=\"noreferrer noopener\">dieta mediterr\u00e2nea<\/a> equilibrada.<\/p>\n\n\n\n<ul class=\"wp-block-list\">\n<li><strong>Quantidade indicada:<\/strong> 1 a 2 colheres de sopa por dia (20 a 30 ml);<\/li>\n\n\n\n<li><strong>Acidez recomendada:<\/strong> igual ou inferior a 0,5% no r\u00f3tulo;<\/li>\n\n\n\n<li><strong>Uso preferencial cru:<\/strong> em saladas, sopas e legumes prontos;<\/li>\n\n\n\n<li><strong>Embalagem ideal:<\/strong> garrafas de vidro escuro ou latas;<\/li>\n\n\n\n<li><strong>Armazenamento:<\/strong> longe da luz, calor e umidade.<\/li>\n<\/ul>\n\n\n\n<p><em>As informa\u00e7\u00f5es contidas neste artigo t\u00eam car\u00e1ter exclusivamente informativo e educativo, n\u00e3o substituindo a avalia\u00e7\u00e3o, o diagn\u00f3stico ou o tratamento realizado por um profissional de sa\u00fade qualificado. Consulte sempre um m\u00e9dico ou nutricionista de confian\u00e7a antes de adotar mudan\u00e7as na alimenta\u00e7\u00e3o.<\/em><\/p>\n","protected":false},"excerpt":{"rendered":"<p>O consumo di\u00e1rio de azeite extravirgem \u00e9 uma das estrat\u00e9gias alimentares mais respaldadas pela ci\u00eancia para proteger o c\u00e9rebro e reduzir o risco de decl\u00ednio cognitivo com o envelhecimento. Seus compostos exclusivos, como o oleocanthal, atuam diretamente sobre processos inflamat\u00f3rios cerebrais e est\u00e3o associados a menor ac\u00famulo de prote\u00ednas relacionadas \u00e0 doen\u00e7a de Alzheimer. Entenda [&hellip;]<\/p>\n","protected":false},"author":11,"featured_media":31091,"comment_status":"open","ping_status":"open","sticky":false,"template":"","format":"standard","meta":{"_yoast_wpseo_focuskw":"consumo di\u00e1rio de azeite extravirgem","_yoast_wpseo_title":"","_yoast_wpseo_metadesc":"O consumo di\u00e1rio de azeite extravirgem protege o c\u00e9rebro, reduz a neuroinflama\u00e7\u00e3o e ajuda a prevenir o decl\u00ednio cognitivo.","jnews-multi-image_gallery":[],"jnews_single_post":{"format":"standard"},"jnews_primary_category":[],"jnews_social_meta":[],"jnews_override_counter":[],"footnotes":""},"categories":[111],"tags":[3905,1599,1294,136],"class_list":["post-31040","post","type-post","status-publish","format-standard","has-post-thumbnail","hentry","category-saude","tag-azeite-extravirgem","tag-cerebro","tag-declinio-cognitivo","tag-saude"],"yoast_head":"<!-- This site is optimized with the Yoast SEO plugin v26.7 - https:\/\/yoast.com\/wordpress\/plugins\/seo\/ -->\n<title>Como o consumo di\u00e1rio de azeite extravirgem afeta o c\u00e9rebro e a prote\u00e7\u00e3o contra o decl\u00ednio cognitivo - Tua Sa\u00fade<\/title>\n<meta name=\"description\" content=\"O consumo di\u00e1rio de azeite extravirgem protege o c\u00e9rebro, reduz a neuroinflama\u00e7\u00e3o e ajuda a prevenir o decl\u00ednio cognitivo.\" \/>\n<meta name=\"robots\" content=\"index, follow, max-snippet:-1, max-image-preview:large, max-video-preview:-1\" \/>\n<link rel=\"canonical\" href=\"https:\/\/www.tuasaude.com\/news\/2026\/05\/03\/como-o-consumo-diario-de-azeite-extravirgem-afeta-o-cerebro-e-a-protecao-contra-o-declinio-cognitivo\/\" \/>\n<meta property=\"og:locale\" content=\"pt_BR\" \/>\n<meta property=\"og:type\" content=\"article\" \/>\n<meta property=\"og:title\" content=\"Como o consumo di\u00e1rio de azeite extravirgem afeta o c\u00e9rebro e a prote\u00e7\u00e3o contra o decl\u00ednio cognitivo - Tua Sa\u00fade\" \/>\n<meta property=\"og:description\" content=\"O consumo di\u00e1rio de azeite extravirgem protege o c\u00e9rebro, reduz a neuroinflama\u00e7\u00e3o e ajuda a prevenir o decl\u00ednio cognitivo.\" \/>\n<meta property=\"og:url\" content=\"https:\/\/www.tuasaude.com\/news\/2026\/05\/03\/como-o-consumo-diario-de-azeite-extravirgem-afeta-o-cerebro-e-a-protecao-contra-o-declinio-cognitivo\/\" \/>\n<meta property=\"og:site_name\" content=\"Tua Sa\u00fade\" \/>\n<meta property=\"article:published_time\" content=\"2026-05-03T12:40:00+00:00\" \/>\n<meta property=\"og:image\" content=\"https:\/\/www.tuasaude.com\/news\/wp-content\/uploads\/2026\/05\/magnific_uma-mulher-brasileira-aci_2894601245.jpg\" \/>\n\t<meta property=\"og:image:width\" content=\"1280\" \/>\n\t<meta property=\"og:image:height\" content=\"714\" \/>\n\t<meta property=\"og:image:type\" content=\"image\/jpeg\" \/>\n<meta name=\"author\" content=\"Gessika Julia Carvalho\" \/>\n<meta name=\"twitter:card\" content=\"summary_large_image\" \/>\n<meta name=\"twitter:label1\" content=\"Escrito por\" \/>\n\t<meta name=\"twitter:data1\" content=\"Gessika Julia Carvalho\" \/>\n\t<meta name=\"twitter:label2\" content=\"Est. tempo de leitura\" \/>\n\t<meta name=\"twitter:data2\" content=\"4 minutos\" \/>\n<!-- \/ Yoast SEO plugin. -->","yoast_head_json":{"title":"Como o consumo di\u00e1rio de azeite extravirgem afeta o c\u00e9rebro e a prote\u00e7\u00e3o contra o decl\u00ednio cognitivo - Tua Sa\u00fade","description":"O consumo di\u00e1rio de azeite extravirgem protege o c\u00e9rebro, reduz a neuroinflama\u00e7\u00e3o e ajuda a prevenir o decl\u00ednio cognitivo.","robots":{"index":"index","follow":"follow","max-snippet":"max-snippet:-1","max-image-preview":"max-image-preview:large","max-video-preview":"max-video-preview:-1"},"canonical":"https:\/\/www.tuasaude.com\/news\/2026\/05\/03\/como-o-consumo-diario-de-azeite-extravirgem-afeta-o-cerebro-e-a-protecao-contra-o-declinio-cognitivo\/","og_locale":"pt_BR","og_type":"article","og_title":"Como o consumo di\u00e1rio de azeite extravirgem afeta o c\u00e9rebro e a prote\u00e7\u00e3o contra o decl\u00ednio cognitivo - Tua Sa\u00fade","og_description":"O consumo di\u00e1rio de azeite extravirgem protege o c\u00e9rebro, reduz a neuroinflama\u00e7\u00e3o e ajuda a prevenir o decl\u00ednio cognitivo.","og_url":"https:\/\/www.tuasaude.com\/news\/2026\/05\/03\/como-o-consumo-diario-de-azeite-extravirgem-afeta-o-cerebro-e-a-protecao-contra-o-declinio-cognitivo\/","og_site_name":"Tua Sa\u00fade","article_published_time":"2026-05-03T12:40:00+00:00","og_image":[{"width":1280,"height":714,"url":"https:\/\/www.tuasaude.com\/news\/wp-content\/uploads\/2026\/05\/magnific_uma-mulher-brasileira-aci_2894601245.jpg","type":"image\/jpeg"}],"author":"Gessika Julia Carvalho","twitter_card":"summary_large_image","twitter_misc":{"Escrito por":"Gessika Julia Carvalho","Est. tempo de leitura":"4 minutos"},"schema":{"@context":"https:\/\/schema.org","@graph":[{"@type":"Article","@id":"https:\/\/www.tuasaude.com\/news\/2026\/05\/03\/como-o-consumo-diario-de-azeite-extravirgem-afeta-o-cerebro-e-a-protecao-contra-o-declinio-cognitivo\/#article","isPartOf":{"@id":"https:\/\/www.tuasaude.com\/news\/2026\/05\/03\/como-o-consumo-diario-de-azeite-extravirgem-afeta-o-cerebro-e-a-protecao-contra-o-declinio-cognitivo\/"},"author":{"name":"Gessika Julia Carvalho","@id":"https:\/\/www.tuasaude.com\/news\/#\/schema\/person\/2e9df841be69ec84f5d20ddb8d273ac2"},"headline":"Como o consumo di\u00e1rio de azeite extravirgem afeta o c\u00e9rebro e a prote\u00e7\u00e3o contra o decl\u00ednio cognitivo","datePublished":"2026-05-03T12:40:00+00:00","mainEntityOfPage":{"@id":"https:\/\/www.tuasaude.com\/news\/2026\/05\/03\/como-o-consumo-diario-de-azeite-extravirgem-afeta-o-cerebro-e-a-protecao-contra-o-declinio-cognitivo\/"},"wordCount":619,"commentCount":0,"image":{"@id":"https:\/\/www.tuasaude.com\/news\/2026\/05\/03\/como-o-consumo-diario-de-azeite-extravirgem-afeta-o-cerebro-e-a-protecao-contra-o-declinio-cognitivo\/#primaryimage"},"thumbnailUrl":"https:\/\/www.tuasaude.com\/news\/wp-content\/uploads\/2026\/05\/magnific_uma-mulher-brasileira-aci_2894601245.jpg","keywords":["azeite extravirgem","C\u00e9rebro","decl\u00ednio cognitivo","sa\u00fade"],"articleSection":["Sa\u00fade"],"inLanguage":"pt-BR","potentialAction":[{"@type":"CommentAction","name":"Comment","target":["https:\/\/www.tuasaude.com\/news\/2026\/05\/03\/como-o-consumo-diario-de-azeite-extravirgem-afeta-o-cerebro-e-a-protecao-contra-o-declinio-cognitivo\/#respond"]}]},{"@type":"WebPage","@id":"https:\/\/www.tuasaude.com\/news\/2026\/05\/03\/como-o-consumo-diario-de-azeite-extravirgem-afeta-o-cerebro-e-a-protecao-contra-o-declinio-cognitivo\/","url":"https:\/\/www.tuasaude.com\/news\/2026\/05\/03\/como-o-consumo-diario-de-azeite-extravirgem-afeta-o-cerebro-e-a-protecao-contra-o-declinio-cognitivo\/","name":"Como o consumo di\u00e1rio de azeite extravirgem afeta o c\u00e9rebro e a prote\u00e7\u00e3o contra o decl\u00ednio cognitivo - Tua Sa\u00fade","isPartOf":{"@id":"https:\/\/www.tuasaude.com\/news\/#website"},"primaryImageOfPage":{"@id":"https:\/\/www.tuasaude.com\/news\/2026\/05\/03\/como-o-consumo-diario-de-azeite-extravirgem-afeta-o-cerebro-e-a-protecao-contra-o-declinio-cognitivo\/#primaryimage"},"image":{"@id":"https:\/\/www.tuasaude.com\/news\/2026\/05\/03\/como-o-consumo-diario-de-azeite-extravirgem-afeta-o-cerebro-e-a-protecao-contra-o-declinio-cognitivo\/#primaryimage"},"thumbnailUrl":"https:\/\/www.tuasaude.com\/news\/wp-content\/uploads\/2026\/05\/magnific_uma-mulher-brasileira-aci_2894601245.jpg","datePublished":"2026-05-03T12:40:00+00:00","author":{"@id":"https:\/\/www.tuasaude.com\/news\/#\/schema\/person\/2e9df841be69ec84f5d20ddb8d273ac2"},"description":"O consumo di\u00e1rio de azeite extravirgem protege o c\u00e9rebro, reduz a neuroinflama\u00e7\u00e3o e ajuda a prevenir o decl\u00ednio cognitivo.","breadcrumb":{"@id":"https:\/\/www.tuasaude.com\/news\/2026\/05\/03\/como-o-consumo-diario-de-azeite-extravirgem-afeta-o-cerebro-e-a-protecao-contra-o-declinio-cognitivo\/#breadcrumb"},"inLanguage":"pt-BR","potentialAction":[{"@type":"ReadAction","target":["https:\/\/www.tuasaude.com\/news\/2026\/05\/03\/como-o-consumo-diario-de-azeite-extravirgem-afeta-o-cerebro-e-a-protecao-contra-o-declinio-cognitivo\/"]}]},{"@type":"ImageObject","inLanguage":"pt-BR","@id":"https:\/\/www.tuasaude.com\/news\/2026\/05\/03\/como-o-consumo-diario-de-azeite-extravirgem-afeta-o-cerebro-e-a-protecao-contra-o-declinio-cognitivo\/#primaryimage","url":"https:\/\/www.tuasaude.com\/news\/wp-content\/uploads\/2026\/05\/magnific_uma-mulher-brasileira-aci_2894601245.jpg","contentUrl":"https:\/\/www.tuasaude.com\/news\/wp-content\/uploads\/2026\/05\/magnific_uma-mulher-brasileira-aci_2894601245.jpg","width":1280,"height":714,"caption":"Compostos como o oleocanthal atuam na inflama\u00e7\u00e3o cerebral e na sa\u00fade dos neur\u00f4nios."},{"@type":"BreadcrumbList","@id":"https:\/\/www.tuasaude.com\/news\/2026\/05\/03\/como-o-consumo-diario-de-azeite-extravirgem-afeta-o-cerebro-e-a-protecao-contra-o-declinio-cognitivo\/#breadcrumb","itemListElement":[{"@type":"ListItem","position":1,"name":"In\u00edcio","item":"https:\/\/www.tuasaude.com\/news\/"},{"@type":"ListItem","position":2,"name":"Como o consumo di\u00e1rio de azeite extravirgem afeta o c\u00e9rebro e a prote\u00e7\u00e3o contra o decl\u00ednio cognitivo"}]},{"@type":"WebSite","@id":"https:\/\/www.tuasaude.com\/news\/#website","url":"https:\/\/www.tuasaude.com\/news\/","name":"Tua Sa\u00fade","description":"Seu site de sa\u00fade","potentialAction":[{"@type":"SearchAction","target":{"@type":"EntryPoint","urlTemplate":"https:\/\/www.tuasaude.com\/news\/?s={search_term_string}"},"query-input":{"@type":"PropertyValueSpecification","valueRequired":true,"valueName":"search_term_string"}}],"inLanguage":"pt-BR"},{"@type":"Person","@id":"https:\/\/www.tuasaude.com\/news\/#\/schema\/person\/2e9df841be69ec84f5d20ddb8d273ac2","name":"Gessika Julia Carvalho","image":{"@type":"ImageObject","inLanguage":"pt-BR","@id":"https:\/\/www.tuasaude.com\/news\/#\/schema\/person\/image\/","url":"https:\/\/secure.gravatar.com\/avatar\/0fcc8769024577fd0bc6a8b766055690f76a8e8f29dfb2a2f89cf04db8d0f2d2?s=96&d=mm&r=g","contentUrl":"https:\/\/secure.gravatar.com\/avatar\/0fcc8769024577fd0bc6a8b766055690f76a8e8f29dfb2a2f89cf04db8d0f2d2?s=96&d=mm&r=g","caption":"Gessika Julia Carvalho"},"sameAs":["https:\/\/www.tuasaude.com\/news\/"],"url":"https:\/\/www.tuasaude.com\/news\/author\/gessika-julia\/"}]}},"_links":{"self":[{"href":"https:\/\/www.tuasaude.com\/news\/wp-json\/wp\/v2\/posts\/31040","targetHints":{"allow":["GET"]}}],"collection":[{"href":"https:\/\/www.tuasaude.com\/news\/wp-json\/wp\/v2\/posts"}],"about":[{"href":"https:\/\/www.tuasaude.com\/news\/wp-json\/wp\/v2\/types\/post"}],"author":[{"embeddable":true,"href":"https:\/\/www.tuasaude.com\/news\/wp-json\/wp\/v2\/users\/11"}],"replies":[{"embeddable":true,"href":"https:\/\/www.tuasaude.com\/news\/wp-json\/wp\/v2\/comments?post=31040"}],"version-history":[{"count":2,"href":"https:\/\/www.tuasaude.com\/news\/wp-json\/wp\/v2\/posts\/31040\/revisions"}],"predecessor-version":[{"id":31119,"href":"https:\/\/www.tuasaude.com\/news\/wp-json\/wp\/v2\/posts\/31040\/revisions\/31119"}],"wp:featuredmedia":[{"embeddable":true,"href":"https:\/\/www.tuasaude.com\/news\/wp-json\/wp\/v2\/media\/31091"}],"wp:attachment":[{"href":"https:\/\/www.tuasaude.com\/news\/wp-json\/wp\/v2\/media?parent=31040"}],"wp:term":[{"taxonomy":"category","embeddable":true,"href":"https:\/\/www.tuasaude.com\/news\/wp-json\/wp\/v2\/categories?post=31040"},{"taxonomy":"post_tag","embeddable":true,"href":"https:\/\/www.tuasaude.com\/news\/wp-json\/wp\/v2\/tags?post=31040"}],"curies":[{"name":"wp","href":"https:\/\/api.w.org\/{rel}","templated":true}]}}