{"id":31031,"date":"2026-05-03T08:20:00","date_gmt":"2026-05-03T11:20:00","guid":{"rendered":"https:\/\/www.tuasaude.com\/news\/?p=31031"},"modified":"2026-04-30T03:00:11","modified_gmt":"2026-04-30T06:00:11","slug":"como-o-consumo-diario-de-ovos-inteiros-afeta-a-saude-cerebral-e-a-concentracao","status":"publish","type":"post","link":"https:\/\/www.tuasaude.com\/news\/2026\/05\/03\/como-o-consumo-diario-de-ovos-inteiros-afeta-a-saude-cerebral-e-a-concentracao\/","title":{"rendered":"Como o consumo di\u00e1rio de ovos inteiros afeta a sa\u00fade cerebral e a concentra\u00e7\u00e3o"},"content":{"rendered":"\n<p>Comer ovos inteiros todos os dias pode ser uma das estrat\u00e9gias alimentares mais simples para fortalecer a mem\u00f3ria, melhorar a concentra\u00e7\u00e3o e proteger o c\u00e9rebro contra o decl\u00ednio cognitivo. Isso porque a gema \u00e9 uma das fontes mais ricas de colina, nutriente essencial para a produ\u00e7\u00e3o de acetilcolina, neurotransmissor diretamente ligado ao aprendizado e ao foco. Entenda como esse alimento age no c\u00e9rebro e por que ele merece espa\u00e7o no prato di\u00e1rio.<\/p>\n\n\n\n<h2 class=\"wp-block-heading\">Por que a colina do ovo \u00e9 importante para o c\u00e9rebro?<\/h2>\n\n\n\n<p>A colina \u00e9 um nutriente essencial encontrado em grande quantidade na gema do ovo e atua como precursora direta da acetilcolina, neurotransmissor respons\u00e1vel por fun\u00e7\u00f5es como mem\u00f3ria, aten\u00e7\u00e3o e racioc\u00ednio.<\/p>\n\n\n\n<p>Quando o consumo de colina \u00e9 adequado, o c\u00e9rebro produz acetilcolina em n\u00edveis suficientes para manter a comunica\u00e7\u00e3o entre os neur\u00f4nios eficiente, o que favorece o desempenho mental e a clareza de pensamento ao longo do dia.<\/p>\n\n\n\n<h2 class=\"wp-block-heading\">Quais nutrientes do ovo beneficiam a concentra\u00e7\u00e3o?<\/h2>\n\n\n\n<p>Al\u00e9m da colina, o ovo inteiro re\u00fane uma combina\u00e7\u00e3o de compostos que atuam de forma integrada na sa\u00fade cerebral, fornecendo energia est\u00e1vel e protegendo as c\u00e9lulas nervosas. Conhecer esses <a href=\"https:\/\/www.tuasaude.com\/informacao-nutricional-do-ovo\/\" target=\"_blank\" rel=\"noreferrer noopener\">benef\u00edcios do ovo<\/a> ajuda a entender seu impacto no foco di\u00e1rio.<\/p>\n\n\n<div class=\"wp-block-image\">\n<figure class=\"aligncenter size-large\"><img decoding=\"async\" width=\"1024\" height=\"422\" src=\"https:\/\/www.tuasaude.com\/news\/wp-content\/uploads\/2026\/04\/convertido-10-18-1024x422.jpg\" alt=\"Quais nutrientes do ovo beneficiam a concentra\u00e7\u00e3o?\" class=\"wp-image-31032\" srcset=\"https:\/\/www.tuasaude.com\/news\/wp-content\/uploads\/2026\/04\/convertido-10-18-1024x422.jpg 1024w, https:\/\/www.tuasaude.com\/news\/wp-content\/uploads\/2026\/04\/convertido-10-18-300x124.jpg 300w, https:\/\/www.tuasaude.com\/news\/wp-content\/uploads\/2026\/04\/convertido-10-18-768x316.jpg 768w, https:\/\/www.tuasaude.com\/news\/wp-content\/uploads\/2026\/04\/convertido-10-18-750x309.jpg 750w, https:\/\/www.tuasaude.com\/news\/wp-content\/uploads\/2026\/04\/convertido-10-18-1140x469.jpg 1140w, https:\/\/www.tuasaude.com\/news\/wp-content\/uploads\/2026\/04\/convertido-10-18.jpg 1280w\" sizes=\"(max-width: 1024px) 100vw, 1024px\" \/><figcaption class=\"wp-element-caption\">Quais nutrientes do ovo beneficiam a concentra\u00e7\u00e3o?<\/figcaption><\/figure>\n<\/div>\n\n\n<h2 class=\"wp-block-heading\">O que diz a ci\u00eancia sobre ovos e desempenho cognitivo?<\/h2>\n\n\n\n<p>Pesquisas recentes refor\u00e7am a rela\u00e7\u00e3o entre o consumo regular de ovos e a preserva\u00e7\u00e3o das fun\u00e7\u00f5es mentais ao longo da vida, especialmente em adultos e idosos. A colina presente na gema tem se mostrado um marcador relevante na avalia\u00e7\u00e3o do desempenho em testes de mem\u00f3ria e aten\u00e7\u00e3o.<\/p>\n\n\n\n<p>Segundo o estudo <a href=\"https:\/\/pubmed.ncbi.nlm.nih.gov\/22071706\/\" target=\"_blank\" rel=\"noreferrer noopener\">The relation of dietary choline to cognitive performance and white-matter hyperintensity in the Framingham Offspring Cohort<\/a>, publicado no The American Journal of Clinical Nutrition, adultos com maior ingest\u00e3o de colina apresentaram melhor desempenho em testes de mem\u00f3ria verbal e visual, al\u00e9m de menor presen\u00e7a de les\u00f5es cerebrais associadas ao envelhecimento.<\/p>\n\n\n<div class=\"wp-block-image\">\n<figure class=\"aligncenter size-large\"><img decoding=\"async\" width=\"1024\" height=\"571\" src=\"https:\/\/www.tuasaude.com\/news\/wp-content\/uploads\/2026\/05\/magnific_um-cerebro-humano-estiliz_2894605041-1024x571.jpg\" alt=\"Como o consumo di\u00e1rio de ovos inteiros afeta a sa\u00fade cerebral e a concentra\u00e7\u00e3o\" class=\"wp-image-31076\" srcset=\"https:\/\/www.tuasaude.com\/news\/wp-content\/uploads\/2026\/05\/magnific_um-cerebro-humano-estiliz_2894605041-1024x571.jpg 1024w, https:\/\/www.tuasaude.com\/news\/wp-content\/uploads\/2026\/05\/magnific_um-cerebro-humano-estiliz_2894605041-300x167.jpg 300w, https:\/\/www.tuasaude.com\/news\/wp-content\/uploads\/2026\/05\/magnific_um-cerebro-humano-estiliz_2894605041-768x428.jpg 768w, https:\/\/www.tuasaude.com\/news\/wp-content\/uploads\/2026\/05\/magnific_um-cerebro-humano-estiliz_2894605041-750x418.jpg 750w, https:\/\/www.tuasaude.com\/news\/wp-content\/uploads\/2026\/05\/magnific_um-cerebro-humano-estiliz_2894605041-1140x636.jpg 1140w, https:\/\/www.tuasaude.com\/news\/wp-content\/uploads\/2026\/05\/magnific_um-cerebro-humano-estiliz_2894605041.jpg 1280w\" sizes=\"(max-width: 1024px) 100vw, 1024px\" \/><figcaption class=\"wp-element-caption\">A gema contribui para a produ\u00e7\u00e3o de acetilcolina, favorecendo a comunica\u00e7\u00e3o entre neur\u00f4nios.<\/figcaption><\/figure>\n<\/div>\n\n\n<h2 class=\"wp-block-heading\">Como incluir ovos na rotina para potencializar o foco?<\/h2>\n\n\n\n<p>Para aproveitar os efeitos cognitivos do ovo, o ideal \u00e9 consumi-lo inteiro, j\u00e1 que a maior parte da colina e dos antioxidantes est\u00e1 concentrada na gema. O modo de preparo tamb\u00e9m influencia a preserva\u00e7\u00e3o dos nutrientes e a digestibilidade.<\/p>\n\n\n\n<p>Veja formas pr\u00e1ticas e equilibradas de incluir o ovo no dia a dia, mantendo uma <a href=\"https:\/\/www.tuasaude.com\/alimentacao-e-saude\/\" target=\"_blank\" rel=\"noreferrer noopener\">alimenta\u00e7\u00e3o saud\u00e1vel<\/a>:<\/p>\n\n\n\n<ul class=\"wp-block-list\">\n<li><strong>No caf\u00e9 da manh\u00e3:<\/strong> cozido, mexido ou poch\u00e9, acompanhado de frutas;<\/li>\n\n\n\n<li><strong>No almo\u00e7o:<\/strong> como omelete recheada com vegetais variados;<\/li>\n\n\n\n<li><strong>Em lanches:<\/strong> ovo cozido com p\u00e3o integral e abacate;<\/li>\n\n\n\n<li><strong>No jantar:<\/strong> em saladas mornas ou refogados com folhas verdes;<\/li>\n\n\n\n<li><strong>Quantidade indicada:<\/strong> 1 a 2 unidades por dia para adultos saud\u00e1veis.<\/li>\n<\/ul>\n\n\n\n<h2 class=\"wp-block-heading\">Existem cuidados ao consumir ovos diariamente?<\/h2>\n\n\n\n<p>Apesar dos benef\u00edcios, o consumo di\u00e1rio de ovos deve respeitar o contexto individual de cada pessoa, principalmente em casos de colesterol elevado, doen\u00e7as hep\u00e1ticas ou alergias alimentares. A forma de preparo tamb\u00e9m faz diferen\u00e7a, sendo prefer\u00edveis op\u00e7\u00f5es cozidas ou assadas em vez de frituras.<\/p>\n\n\n\n<p>Pessoas com condi\u00e7\u00f5es cr\u00f4nicas devem ajustar a quantidade conforme orienta\u00e7\u00e3o profissional, j\u00e1 que necessidades nutricionais variam de acordo com idade, sexo, peso e estado de sa\u00fade geral.<\/p>\n\n\n\n<p><em>As informa\u00e7\u00f5es contidas neste artigo t\u00eam car\u00e1ter exclusivamente informativo e educativo, n\u00e3o substituindo a avalia\u00e7\u00e3o, o diagn\u00f3stico ou o tratamento realizado por um profissional de sa\u00fade qualificado. Consulte sempre um m\u00e9dico ou nutricionista de confian\u00e7a antes de adotar mudan\u00e7as na alimenta\u00e7\u00e3o.<\/em><\/p>\n","protected":false},"excerpt":{"rendered":"<p>Comer ovos inteiros todos os dias pode ser uma das estrat\u00e9gias alimentares mais simples para fortalecer a mem\u00f3ria, melhorar a concentra\u00e7\u00e3o e proteger o c\u00e9rebro contra o decl\u00ednio cognitivo. Isso porque a gema \u00e9 uma das fontes mais ricas de colina, nutriente essencial para a produ\u00e7\u00e3o de acetilcolina, neurotransmissor diretamente ligado ao aprendizado e ao [&hellip;]<\/p>\n","protected":false},"author":11,"featured_media":31064,"comment_status":"open","ping_status":"open","sticky":false,"template":"","format":"standard","meta":{"_yoast_wpseo_focuskw":"consumo di\u00e1rio de ovos inteiros","_yoast_wpseo_title":"","_yoast_wpseo_metadesc":"A colina presente no ovo inteiro ajuda na mem\u00f3ria, na concentra\u00e7\u00e3o e na prote\u00e7\u00e3o contra o decl\u00ednio cognitivo quando consumido diariamente.","jnews-multi-image_gallery":[],"jnews_single_post":{"format":"standard"},"jnews_primary_category":[],"jnews_social_meta":[],"jnews_override_counter":[],"footnotes":""},"categories":[111],"tags":[1782,196,136,1018],"class_list":["post-31031","post","type-post","status-publish","format-standard","has-post-thumbnail","hentry","category-saude","tag-concentracao","tag-ovos","tag-saude","tag-saude-cerebral"],"yoast_head":"<!-- This site is optimized with the Yoast SEO plugin v26.7 - https:\/\/yoast.com\/wordpress\/plugins\/seo\/ -->\n<title>Como o consumo di\u00e1rio de ovos inteiros afeta a sa\u00fade cerebral e a concentra\u00e7\u00e3o - Tua Sa\u00fade<\/title>\n<meta name=\"description\" content=\"A colina presente no ovo inteiro ajuda na mem\u00f3ria, na concentra\u00e7\u00e3o e na prote\u00e7\u00e3o contra o decl\u00ednio cognitivo quando consumido diariamente.\" \/>\n<meta name=\"robots\" content=\"index, follow, max-snippet:-1, max-image-preview:large, max-video-preview:-1\" \/>\n<link rel=\"canonical\" href=\"https:\/\/www.tuasaude.com\/news\/2026\/05\/03\/como-o-consumo-diario-de-ovos-inteiros-afeta-a-saude-cerebral-e-a-concentracao\/\" \/>\n<meta property=\"og:locale\" content=\"pt_BR\" \/>\n<meta property=\"og:type\" content=\"article\" \/>\n<meta property=\"og:title\" content=\"Como o consumo di\u00e1rio de ovos inteiros afeta a sa\u00fade cerebral e a concentra\u00e7\u00e3o - Tua Sa\u00fade\" \/>\n<meta property=\"og:description\" content=\"A colina presente no ovo inteiro ajuda na mem\u00f3ria, na concentra\u00e7\u00e3o e na prote\u00e7\u00e3o contra o decl\u00ednio cognitivo quando consumido diariamente.\" \/>\n<meta property=\"og:url\" content=\"https:\/\/www.tuasaude.com\/news\/2026\/05\/03\/como-o-consumo-diario-de-ovos-inteiros-afeta-a-saude-cerebral-e-a-concentracao\/\" \/>\n<meta property=\"og:site_name\" content=\"Tua Sa\u00fade\" \/>\n<meta property=\"article:published_time\" content=\"2026-05-03T11:20:00+00:00\" \/>\n<meta property=\"og:image\" content=\"https:\/\/www.tuasaude.com\/news\/wp-content\/uploads\/2026\/05\/magnific_uma-mulher-brasileira-adu_2894604740.jpg\" \/>\n\t<meta property=\"og:image:width\" content=\"1280\" \/>\n\t<meta property=\"og:image:height\" content=\"714\" \/>\n\t<meta property=\"og:image:type\" content=\"image\/jpeg\" \/>\n<meta name=\"author\" content=\"Gessika Julia Carvalho\" \/>\n<meta name=\"twitter:card\" content=\"summary_large_image\" \/>\n<meta name=\"twitter:label1\" content=\"Escrito por\" \/>\n\t<meta name=\"twitter:data1\" content=\"Gessika Julia Carvalho\" \/>\n\t<meta name=\"twitter:label2\" content=\"Est. tempo de leitura\" \/>\n\t<meta name=\"twitter:data2\" content=\"4 minutos\" \/>\n<!-- \/ Yoast SEO plugin. -->","yoast_head_json":{"title":"Como o consumo di\u00e1rio de ovos inteiros afeta a sa\u00fade cerebral e a concentra\u00e7\u00e3o - Tua Sa\u00fade","description":"A colina presente no ovo inteiro ajuda na mem\u00f3ria, na concentra\u00e7\u00e3o e na prote\u00e7\u00e3o contra o decl\u00ednio cognitivo quando consumido diariamente.","robots":{"index":"index","follow":"follow","max-snippet":"max-snippet:-1","max-image-preview":"max-image-preview:large","max-video-preview":"max-video-preview:-1"},"canonical":"https:\/\/www.tuasaude.com\/news\/2026\/05\/03\/como-o-consumo-diario-de-ovos-inteiros-afeta-a-saude-cerebral-e-a-concentracao\/","og_locale":"pt_BR","og_type":"article","og_title":"Como o consumo di\u00e1rio de ovos inteiros afeta a sa\u00fade cerebral e a concentra\u00e7\u00e3o - Tua Sa\u00fade","og_description":"A colina presente no ovo inteiro ajuda na mem\u00f3ria, na concentra\u00e7\u00e3o e na prote\u00e7\u00e3o contra o decl\u00ednio cognitivo quando consumido diariamente.","og_url":"https:\/\/www.tuasaude.com\/news\/2026\/05\/03\/como-o-consumo-diario-de-ovos-inteiros-afeta-a-saude-cerebral-e-a-concentracao\/","og_site_name":"Tua Sa\u00fade","article_published_time":"2026-05-03T11:20:00+00:00","og_image":[{"width":1280,"height":714,"url":"https:\/\/www.tuasaude.com\/news\/wp-content\/uploads\/2026\/05\/magnific_uma-mulher-brasileira-adu_2894604740.jpg","type":"image\/jpeg"}],"author":"Gessika Julia Carvalho","twitter_card":"summary_large_image","twitter_misc":{"Escrito por":"Gessika Julia Carvalho","Est. tempo de leitura":"4 minutos"},"schema":{"@context":"https:\/\/schema.org","@graph":[{"@type":"Article","@id":"https:\/\/www.tuasaude.com\/news\/2026\/05\/03\/como-o-consumo-diario-de-ovos-inteiros-afeta-a-saude-cerebral-e-a-concentracao\/#article","isPartOf":{"@id":"https:\/\/www.tuasaude.com\/news\/2026\/05\/03\/como-o-consumo-diario-de-ovos-inteiros-afeta-a-saude-cerebral-e-a-concentracao\/"},"author":{"name":"Gessika Julia Carvalho","@id":"https:\/\/www.tuasaude.com\/news\/#\/schema\/person\/2e9df841be69ec84f5d20ddb8d273ac2"},"headline":"Como o consumo di\u00e1rio de ovos inteiros afeta a sa\u00fade cerebral e a concentra\u00e7\u00e3o","datePublished":"2026-05-03T11:20:00+00:00","mainEntityOfPage":{"@id":"https:\/\/www.tuasaude.com\/news\/2026\/05\/03\/como-o-consumo-diario-de-ovos-inteiros-afeta-a-saude-cerebral-e-a-concentracao\/"},"wordCount":645,"commentCount":0,"image":{"@id":"https:\/\/www.tuasaude.com\/news\/2026\/05\/03\/como-o-consumo-diario-de-ovos-inteiros-afeta-a-saude-cerebral-e-a-concentracao\/#primaryimage"},"thumbnailUrl":"https:\/\/www.tuasaude.com\/news\/wp-content\/uploads\/2026\/05\/magnific_uma-mulher-brasileira-adu_2894604740.jpg","keywords":["concentra\u00e7\u00e3o","ovos","sa\u00fade","sa\u00fade cerebral"],"articleSection":["Sa\u00fade"],"inLanguage":"pt-BR","potentialAction":[{"@type":"CommentAction","name":"Comment","target":["https:\/\/www.tuasaude.com\/news\/2026\/05\/03\/como-o-consumo-diario-de-ovos-inteiros-afeta-a-saude-cerebral-e-a-concentracao\/#respond"]}]},{"@type":"WebPage","@id":"https:\/\/www.tuasaude.com\/news\/2026\/05\/03\/como-o-consumo-diario-de-ovos-inteiros-afeta-a-saude-cerebral-e-a-concentracao\/","url":"https:\/\/www.tuasaude.com\/news\/2026\/05\/03\/como-o-consumo-diario-de-ovos-inteiros-afeta-a-saude-cerebral-e-a-concentracao\/","name":"Como o consumo di\u00e1rio de ovos inteiros afeta a sa\u00fade cerebral e a concentra\u00e7\u00e3o - Tua Sa\u00fade","isPartOf":{"@id":"https:\/\/www.tuasaude.com\/news\/#website"},"primaryImageOfPage":{"@id":"https:\/\/www.tuasaude.com\/news\/2026\/05\/03\/como-o-consumo-diario-de-ovos-inteiros-afeta-a-saude-cerebral-e-a-concentracao\/#primaryimage"},"image":{"@id":"https:\/\/www.tuasaude.com\/news\/2026\/05\/03\/como-o-consumo-diario-de-ovos-inteiros-afeta-a-saude-cerebral-e-a-concentracao\/#primaryimage"},"thumbnailUrl":"https:\/\/www.tuasaude.com\/news\/wp-content\/uploads\/2026\/05\/magnific_uma-mulher-brasileira-adu_2894604740.jpg","datePublished":"2026-05-03T11:20:00+00:00","author":{"@id":"https:\/\/www.tuasaude.com\/news\/#\/schema\/person\/2e9df841be69ec84f5d20ddb8d273ac2"},"description":"A colina presente no ovo inteiro ajuda na mem\u00f3ria, na concentra\u00e7\u00e3o e na prote\u00e7\u00e3o contra o decl\u00ednio cognitivo quando consumido diariamente.","breadcrumb":{"@id":"https:\/\/www.tuasaude.com\/news\/2026\/05\/03\/como-o-consumo-diario-de-ovos-inteiros-afeta-a-saude-cerebral-e-a-concentracao\/#breadcrumb"},"inLanguage":"pt-BR","potentialAction":[{"@type":"ReadAction","target":["https:\/\/www.tuasaude.com\/news\/2026\/05\/03\/como-o-consumo-diario-de-ovos-inteiros-afeta-a-saude-cerebral-e-a-concentracao\/"]}]},{"@type":"ImageObject","inLanguage":"pt-BR","@id":"https:\/\/www.tuasaude.com\/news\/2026\/05\/03\/como-o-consumo-diario-de-ovos-inteiros-afeta-a-saude-cerebral-e-a-concentracao\/#primaryimage","url":"https:\/\/www.tuasaude.com\/news\/wp-content\/uploads\/2026\/05\/magnific_uma-mulher-brasileira-adu_2894604740.jpg","contentUrl":"https:\/\/www.tuasaude.com\/news\/wp-content\/uploads\/2026\/05\/magnific_uma-mulher-brasileira-adu_2894604740.jpg","width":1280,"height":714,"caption":"Ovos inteiros s\u00e3o ricos em colina, nutriente essencial para mem\u00f3ria, foco e desempenho mental."},{"@type":"BreadcrumbList","@id":"https:\/\/www.tuasaude.com\/news\/2026\/05\/03\/como-o-consumo-diario-de-ovos-inteiros-afeta-a-saude-cerebral-e-a-concentracao\/#breadcrumb","itemListElement":[{"@type":"ListItem","position":1,"name":"In\u00edcio","item":"https:\/\/www.tuasaude.com\/news\/"},{"@type":"ListItem","position":2,"name":"Como o consumo di\u00e1rio de ovos inteiros afeta a sa\u00fade cerebral e a concentra\u00e7\u00e3o"}]},{"@type":"WebSite","@id":"https:\/\/www.tuasaude.com\/news\/#website","url":"https:\/\/www.tuasaude.com\/news\/","name":"Tua Sa\u00fade","description":"Seu site de sa\u00fade","potentialAction":[{"@type":"SearchAction","target":{"@type":"EntryPoint","urlTemplate":"https:\/\/www.tuasaude.com\/news\/?s={search_term_string}"},"query-input":{"@type":"PropertyValueSpecification","valueRequired":true,"valueName":"search_term_string"}}],"inLanguage":"pt-BR"},{"@type":"Person","@id":"https:\/\/www.tuasaude.com\/news\/#\/schema\/person\/2e9df841be69ec84f5d20ddb8d273ac2","name":"Gessika Julia Carvalho","image":{"@type":"ImageObject","inLanguage":"pt-BR","@id":"https:\/\/www.tuasaude.com\/news\/#\/schema\/person\/image\/","url":"https:\/\/secure.gravatar.com\/avatar\/0fcc8769024577fd0bc6a8b766055690f76a8e8f29dfb2a2f89cf04db8d0f2d2?s=96&d=mm&r=g","contentUrl":"https:\/\/secure.gravatar.com\/avatar\/0fcc8769024577fd0bc6a8b766055690f76a8e8f29dfb2a2f89cf04db8d0f2d2?s=96&d=mm&r=g","caption":"Gessika Julia Carvalho"},"sameAs":["https:\/\/www.tuasaude.com\/news\/"],"url":"https:\/\/www.tuasaude.com\/news\/author\/gessika-julia\/"}]}},"_links":{"self":[{"href":"https:\/\/www.tuasaude.com\/news\/wp-json\/wp\/v2\/posts\/31031","targetHints":{"allow":["GET"]}}],"collection":[{"href":"https:\/\/www.tuasaude.com\/news\/wp-json\/wp\/v2\/posts"}],"about":[{"href":"https:\/\/www.tuasaude.com\/news\/wp-json\/wp\/v2\/types\/post"}],"author":[{"embeddable":true,"href":"https:\/\/www.tuasaude.com\/news\/wp-json\/wp\/v2\/users\/11"}],"replies":[{"embeddable":true,"href":"https:\/\/www.tuasaude.com\/news\/wp-json\/wp\/v2\/comments?post=31031"}],"version-history":[{"count":2,"href":"https:\/\/www.tuasaude.com\/news\/wp-json\/wp\/v2\/posts\/31031\/revisions"}],"predecessor-version":[{"id":31122,"href":"https:\/\/www.tuasaude.com\/news\/wp-json\/wp\/v2\/posts\/31031\/revisions\/31122"}],"wp:featuredmedia":[{"embeddable":true,"href":"https:\/\/www.tuasaude.com\/news\/wp-json\/wp\/v2\/media\/31064"}],"wp:attachment":[{"href":"https:\/\/www.tuasaude.com\/news\/wp-json\/wp\/v2\/media?parent=31031"}],"wp:term":[{"taxonomy":"category","embeddable":true,"href":"https:\/\/www.tuasaude.com\/news\/wp-json\/wp\/v2\/categories?post=31031"},{"taxonomy":"post_tag","embeddable":true,"href":"https:\/\/www.tuasaude.com\/news\/wp-json\/wp\/v2\/tags?post=31031"}],"curies":[{"name":"wp","href":"https:\/\/api.w.org\/{rel}","templated":true}]}}