{"id":31021,"date":"2026-05-03T07:50:00","date_gmt":"2026-05-03T10:50:00","guid":{"rendered":"https:\/\/www.tuasaude.com\/news\/?p=31021"},"modified":"2026-04-30T03:00:13","modified_gmt":"2026-04-30T06:00:13","slug":"os-sinais-que-seu-corpo-da-quando-voce-tem-deficiencia-de-omega-3","status":"publish","type":"post","link":"https:\/\/www.tuasaude.com\/news\/2026\/05\/03\/os-sinais-que-seu-corpo-da-quando-voce-tem-deficiencia-de-omega-3\/","title":{"rendered":"Os sinais que seu corpo d\u00e1 quando voc\u00ea tem defici\u00eancia de \u00f4mega-3"},"content":{"rendered":"\n<p>O \u00f4mega-3 \u00e9 uma fam\u00edlia de gorduras essenciais que o organismo n\u00e3o consegue produzir e precisa obter pela alimenta\u00e7\u00e3o. Os tipos mais importantes s\u00e3o o EPA e o DHA, encontrados principalmente em peixes marinhos, e o ALA, presente em sementes e oleaginosas. Quando a ingest\u00e3o fica abaixo do necess\u00e1rio, o corpo d\u00e1 sinais sutis que aparecem na pele, no cabelo, no humor e at\u00e9 na concentra\u00e7\u00e3o. Reconhecer essas manifesta\u00e7\u00f5es ajuda a evitar preju\u00edzos cumulativos \u00e0 sa\u00fade cardiovascular, cerebral e inflamat\u00f3ria.<\/p>\n\n\n\n<h2 class=\"wp-block-heading\">Como o \u00f4mega-3 atua no organismo?<\/h2>\n\n\n\n<p>O DHA comp\u00f5e cerca de 40% das gorduras do c\u00e9rebro e mais de 50% das gorduras da retina, sendo essencial para o funcionamento neuronal e a vis\u00e3o. J\u00e1 o EPA tem a\u00e7\u00e3o anti-inflamat\u00f3ria reconhecida, ajudando a regular processos inflamat\u00f3rios em todo o corpo.<\/p>\n\n\n\n<p>Esses \u00e1cidos graxos tamb\u00e9m participam da estrutura das membranas celulares, mantendo sua flexibilidade e permeabilidade. Esse papel estrutural explica por que a defici\u00eancia se manifesta em tecidos que se renovam com frequ\u00eancia, como pele e cabelo, e em sistemas que dependem de comunica\u00e7\u00e3o celular eficiente, como o c\u00e9rebro.<\/p>\n\n\n\n<h2 class=\"wp-block-heading\">Quais s\u00e3o os principais sinais de defici\u00eancia?<\/h2>\n\n\n\n<p>A falta de \u00f4mega-3 costuma se manifestar de forma silenciosa, com sintomas inespec\u00edficos que podem ser confundidos com outras condi\u00e7\u00f5es. Quando v\u00e1rios sinais aparecem juntos, vale investigar a ingest\u00e3o alimentar e considerar avalia\u00e7\u00e3o profissional.<\/p>\n\n\n\n<p>As manifesta\u00e7\u00f5es mais documentadas incluem:<\/p>\n\n\n<div class=\"wp-block-image\">\n<figure class=\"aligncenter size-large\"><img decoding=\"async\" width=\"1024\" height=\"422\" src=\"https:\/\/www.tuasaude.com\/news\/wp-content\/uploads\/2026\/04\/convertido-8-19-1024x422.jpg\" alt=\"Quais s\u00e3o os principais sinais de defici\u00eancia?\" class=\"wp-image-31025\" srcset=\"https:\/\/www.tuasaude.com\/news\/wp-content\/uploads\/2026\/04\/convertido-8-19-1024x422.jpg 1024w, https:\/\/www.tuasaude.com\/news\/wp-content\/uploads\/2026\/04\/convertido-8-19-300x124.jpg 300w, https:\/\/www.tuasaude.com\/news\/wp-content\/uploads\/2026\/04\/convertido-8-19-768x316.jpg 768w, https:\/\/www.tuasaude.com\/news\/wp-content\/uploads\/2026\/04\/convertido-8-19-750x309.jpg 750w, https:\/\/www.tuasaude.com\/news\/wp-content\/uploads\/2026\/04\/convertido-8-19-1140x469.jpg 1140w, https:\/\/www.tuasaude.com\/news\/wp-content\/uploads\/2026\/04\/convertido-8-19.jpg 1280w\" sizes=\"(max-width: 1024px) 100vw, 1024px\" \/><figcaption class=\"wp-element-caption\">Quais s\u00e3o os principais sinais de defici\u00eancia?<\/figcaption><\/figure>\n<\/div>\n\n\n<h2 class=\"wp-block-heading\">O que dizem as evid\u00eancias cient\u00edficas sobre o tema?<\/h2>\n\n\n\n<p>O papel dos \u00e1cidos graxos EPA e DHA na sa\u00fade cerebral foi sintetizado em uma revis\u00e3o sistem\u00e1tica que reuniu apenas ensaios cl\u00ednicos randomizados publicados ao longo de mais de uma d\u00e9cada. A pesquisa est\u00e1 indexada no PubMed.<\/p>\n\n\n\n<p>De acordo com a revis\u00e3o sistem\u00e1tica <a href=\"https:\/\/pubmed.ncbi.nlm.nih.gov\/36381743\/\" target=\"_blank\" rel=\"noreferrer noopener\">Effects of Omega-3 Polyunsaturated Fatty Acids on Brain Functions<\/a> publicada na revista <em>Cureus<\/em>, o DHA \u00e9 o \u00f4mega-3 dominante no c\u00e9rebro e influencia diretamente a produ\u00e7\u00e3o de neurotransmissores como serotonina, dopamina e GABA. A revis\u00e3o destaca que cerca de 50 a 60% do peso do c\u00e9rebro \u00e9 composto por lip\u00eddios, e o DHA representa mais de 40% dos \u00e1cidos graxos \u00f4mega-3 no tecido neuronal, especialmente na subst\u00e2ncia cinzenta.<\/p>\n\n\n\n<h2 class=\"wp-block-heading\">Quem est\u00e1 mais sujeito \u00e0 defici\u00eancia de \u00f4mega-3?<\/h2>\n\n\n\n<p>Alguns grupos t\u00eam maior risco de desenvolver car\u00eancia do nutriente, seja pela menor ingest\u00e3o de fontes marinhas, seja pela dificuldade de convers\u00e3o do ALA em EPA e DHA pelo organismo. Identificar esses fatores ajuda a antecipar a investiga\u00e7\u00e3o.<\/p>\n\n\n\n<p>Os perfis de maior risco incluem:<\/p>\n\n\n\n<ol class=\"wp-block-list\">\n<li><strong>Pessoas que consomem pouco peixe<\/strong>, especialmente peixes gordurosos como salm\u00e3o, sardinha e atum<\/li>\n\n\n\n<li><strong>Vegetarianos e veganos<\/strong>, devido \u00e0 baixa taxa de convers\u00e3o do ALA vegetal em EPA e DHA<\/li>\n\n\n\n<li><strong>Idosos<\/strong>, com menor capacidade de absor\u00e7\u00e3o e convers\u00e3o dos \u00e1cidos graxos<\/li>\n\n\n\n<li><strong>Gestantes e lactantes<\/strong>, pelo aumento da demanda corporal<\/li>\n\n\n\n<li><strong>Pessoas com doen\u00e7as intestinais<\/strong>, como Crohn, colite e doen\u00e7a cel\u00edaca, que prejudicam a absor\u00e7\u00e3o<\/li>\n\n\n\n<li><strong>Quem consome muitos ultraprocessados<\/strong> ricos em \u00f4mega-6, que aumentam a inflama\u00e7\u00e3o e desequilibram a propor\u00e7\u00e3o entre \u00e1cidos graxos<\/li>\n<\/ol>\n\n\n<div class=\"wp-block-image\">\n<figure class=\"aligncenter size-large\"><img decoding=\"async\" width=\"1024\" height=\"571\" src=\"https:\/\/www.tuasaude.com\/news\/wp-content\/uploads\/2026\/05\/magnific_uma-mulher-brasileira-adu_2894608914-1024x571.jpg\" alt=\"Os sinais que seu corpo d\u00e1 quando voc\u00ea tem defici\u00eancia de \u00f4mega-3\" class=\"wp-image-31065\" srcset=\"https:\/\/www.tuasaude.com\/news\/wp-content\/uploads\/2026\/05\/magnific_uma-mulher-brasileira-adu_2894608914-1024x571.jpg 1024w, https:\/\/www.tuasaude.com\/news\/wp-content\/uploads\/2026\/05\/magnific_uma-mulher-brasileira-adu_2894608914-300x167.jpg 300w, https:\/\/www.tuasaude.com\/news\/wp-content\/uploads\/2026\/05\/magnific_uma-mulher-brasileira-adu_2894608914-768x428.jpg 768w, https:\/\/www.tuasaude.com\/news\/wp-content\/uploads\/2026\/05\/magnific_uma-mulher-brasileira-adu_2894608914-750x418.jpg 750w, https:\/\/www.tuasaude.com\/news\/wp-content\/uploads\/2026\/05\/magnific_uma-mulher-brasileira-adu_2894608914-1140x636.jpg 1140w, https:\/\/www.tuasaude.com\/news\/wp-content\/uploads\/2026\/05\/magnific_uma-mulher-brasileira-adu_2894608914.jpg 1280w\" sizes=\"(max-width: 1024px) 100vw, 1024px\" \/><figcaption class=\"wp-element-caption\">A falta de \u00f4mega-3 pode afetar pele, humor, concentra\u00e7\u00e3o e sa\u00fade do c\u00e9rebro.<\/figcaption><\/figure>\n<\/div>\n\n\n<h2 class=\"wp-block-heading\">Como manter n\u00edveis adequados de \u00f4mega-3?<\/h2>\n\n\n\n<p>A melhor estrat\u00e9gia \u00e9 incluir regularmente fontes alimentares de \u00f4mega-3, dando prefer\u00eancia aos peixes de \u00e1gua fria por serem ricos em EPA e DHA, formas com maior biodisponibilidade. As recomenda\u00e7\u00f5es sugerem pelo menos duas por\u00e7\u00f5es de peixe gorduroso por semana, combinadas com fontes vegetais.<\/p>\n\n\n\n<p>As principais fontes alimentares incluem:<\/p>\n\n\n\n<ul class=\"wp-block-list\">\n<li><strong>Peixes marinhos gordurosos<\/strong>, como salm\u00e3o, sardinha, atum, cavala e arenque<\/li>\n\n\n\n<li><strong>Sementes<\/strong>, com destaque para chia e linha\u00e7a mo\u00eddas na hora<\/li>\n\n\n\n<li><strong>Oleaginosas<\/strong>, como nozes, am\u00eandoas e castanhas<\/li>\n\n\n\n<li><strong>\u00d3leos vegetais<\/strong>, como o de linha\u00e7a, usados em saladas e finaliza\u00e7\u00f5es<\/li>\n\n\n\n<li><strong>Algas marinhas<\/strong>, fonte vegetal de DHA, especialmente importante para vegetarianos<\/li>\n<\/ul>\n\n\n\n<p>Quando a alimenta\u00e7\u00e3o n\u00e3o \u00e9 suficiente, pode-se recorrer a <a href=\"https:\/\/www.tuasaude.com\/omega-3\/\" target=\"_blank\" rel=\"noreferrer noopener\">suplementos de \u00f4mega-3<\/a>, sempre com orienta\u00e7\u00e3o profissional. As c\u00e1psulas devem ser tomadas junto a refei\u00e7\u00f5es com gordura para melhor absor\u00e7\u00e3o, e quem usa anticoagulantes ou tem dist\u00farbios de coagula\u00e7\u00e3o deve redobrar a aten\u00e7\u00e3o. Para conhecer mais op\u00e7\u00f5es de card\u00e1pio, vale consultar listas de <a href=\"https:\/\/www.tuasaude.com\/alimentos-ricos-em-omega-3\/\" target=\"_blank\" rel=\"noreferrer noopener\">alimentos ricos em \u00f4mega-3<\/a> e adapt\u00e1-las \u00e0 rotina.<\/p>\n\n\n\n<p>Diante de sintomas persistentes ou suspeita de defici\u00eancia, o ideal \u00e9 procurar um m\u00e9dico ou nutricionista para avalia\u00e7\u00e3o individualizada. O profissional pode solicitar exames espec\u00edficos, como o \u00edndice de \u00f4mega-3 no sangue, e definir a melhor estrat\u00e9gia para repor o nutriente com seguran\u00e7a.<\/p>\n\n\n\n<p><em>Este conte\u00fado tem car\u00e1ter exclusivamente informativo e n\u00e3o substitui a avalia\u00e7\u00e3o, o diagn\u00f3stico ou o tratamento realizados por um profissional de sa\u00fade qualificado. Sempre consulte seu m\u00e9dico antes de iniciar o uso de qualquer suplemento ou alterar significativamente sua alimenta\u00e7\u00e3o.<\/em><\/p>\n","protected":false},"excerpt":{"rendered":"<p>O \u00f4mega-3 \u00e9 uma fam\u00edlia de gorduras essenciais que o organismo n\u00e3o consegue produzir e precisa obter pela alimenta\u00e7\u00e3o. Os tipos mais importantes s\u00e3o o EPA e o DHA, encontrados principalmente em peixes marinhos, e o ALA, presente em sementes e oleaginosas. Quando a ingest\u00e3o fica abaixo do necess\u00e1rio, o corpo d\u00e1 sinais sutis que [&hellip;]<\/p>\n","protected":false},"author":11,"featured_media":31077,"comment_status":"open","ping_status":"open","sticky":false,"template":"","format":"standard","meta":{"_yoast_wpseo_focuskw":"defici\u00eancia de \u00f4mega-3","_yoast_wpseo_title":"","_yoast_wpseo_metadesc":"A defici\u00eancia de \u00f4mega-3 pode causar pele seca, n\u00e9voa mental e humor inst\u00e1vel. Entenda os sinais e como manter n\u00edveis adequados.","jnews-multi-image_gallery":[],"jnews_single_post":{"format":"standard"},"jnews_primary_category":[],"jnews_social_meta":[],"jnews_override_counter":[],"footnotes":""},"categories":[111],"tags":[220,4896,416,136],"class_list":["post-31021","post","type-post","status-publish","format-standard","has-post-thumbnail","hentry","category-saude","tag-alimentacao","tag-deficiencia-de-omega-3","tag-omega-3","tag-saude"],"yoast_head":"<!-- This site is optimized with the Yoast SEO plugin v26.7 - https:\/\/yoast.com\/wordpress\/plugins\/seo\/ -->\n<title>Os sinais que seu corpo d\u00e1 quando voc\u00ea tem defici\u00eancia de \u00f4mega-3 - Tua Sa\u00fade<\/title>\n<meta name=\"description\" content=\"A defici\u00eancia de \u00f4mega-3 pode causar pele seca, n\u00e9voa mental e humor inst\u00e1vel. Entenda os sinais e como manter n\u00edveis adequados.\" \/>\n<meta name=\"robots\" content=\"index, follow, max-snippet:-1, max-image-preview:large, max-video-preview:-1\" \/>\n<link rel=\"canonical\" href=\"https:\/\/www.tuasaude.com\/news\/2026\/05\/03\/os-sinais-que-seu-corpo-da-quando-voce-tem-deficiencia-de-omega-3\/\" \/>\n<meta property=\"og:locale\" content=\"pt_BR\" \/>\n<meta property=\"og:type\" content=\"article\" \/>\n<meta property=\"og:title\" content=\"Os sinais que seu corpo d\u00e1 quando voc\u00ea tem defici\u00eancia de \u00f4mega-3 - Tua Sa\u00fade\" \/>\n<meta property=\"og:description\" content=\"A defici\u00eancia de \u00f4mega-3 pode causar pele seca, n\u00e9voa mental e humor inst\u00e1vel. Entenda os sinais e como manter n\u00edveis adequados.\" \/>\n<meta property=\"og:url\" content=\"https:\/\/www.tuasaude.com\/news\/2026\/05\/03\/os-sinais-que-seu-corpo-da-quando-voce-tem-deficiencia-de-omega-3\/\" \/>\n<meta property=\"og:site_name\" content=\"Tua Sa\u00fade\" \/>\n<meta property=\"article:published_time\" content=\"2026-05-03T10:50:00+00:00\" \/>\n<meta property=\"og:image\" content=\"https:\/\/www.tuasaude.com\/news\/wp-content\/uploads\/2026\/05\/magnific_um-cerebro-humano-estiliz_2894609212.jpg\" \/>\n\t<meta property=\"og:image:width\" content=\"1280\" \/>\n\t<meta property=\"og:image:height\" content=\"714\" \/>\n\t<meta property=\"og:image:type\" content=\"image\/jpeg\" \/>\n<meta name=\"author\" content=\"Gessika Julia Carvalho\" \/>\n<meta name=\"twitter:card\" content=\"summary_large_image\" \/>\n<meta name=\"twitter:label1\" content=\"Escrito por\" \/>\n\t<meta name=\"twitter:data1\" content=\"Gessika Julia Carvalho\" \/>\n\t<meta name=\"twitter:label2\" content=\"Est. tempo de leitura\" \/>\n\t<meta name=\"twitter:data2\" content=\"5 minutos\" \/>\n<!-- \/ Yoast SEO plugin. -->","yoast_head_json":{"title":"Os sinais que seu corpo d\u00e1 quando voc\u00ea tem defici\u00eancia de \u00f4mega-3 - Tua Sa\u00fade","description":"A defici\u00eancia de \u00f4mega-3 pode causar pele seca, n\u00e9voa mental e humor inst\u00e1vel. Entenda os sinais e como manter n\u00edveis adequados.","robots":{"index":"index","follow":"follow","max-snippet":"max-snippet:-1","max-image-preview":"max-image-preview:large","max-video-preview":"max-video-preview:-1"},"canonical":"https:\/\/www.tuasaude.com\/news\/2026\/05\/03\/os-sinais-que-seu-corpo-da-quando-voce-tem-deficiencia-de-omega-3\/","og_locale":"pt_BR","og_type":"article","og_title":"Os sinais que seu corpo d\u00e1 quando voc\u00ea tem defici\u00eancia de \u00f4mega-3 - Tua Sa\u00fade","og_description":"A defici\u00eancia de \u00f4mega-3 pode causar pele seca, n\u00e9voa mental e humor inst\u00e1vel. Entenda os sinais e como manter n\u00edveis adequados.","og_url":"https:\/\/www.tuasaude.com\/news\/2026\/05\/03\/os-sinais-que-seu-corpo-da-quando-voce-tem-deficiencia-de-omega-3\/","og_site_name":"Tua Sa\u00fade","article_published_time":"2026-05-03T10:50:00+00:00","og_image":[{"width":1280,"height":714,"url":"https:\/\/www.tuasaude.com\/news\/wp-content\/uploads\/2026\/05\/magnific_um-cerebro-humano-estiliz_2894609212.jpg","type":"image\/jpeg"}],"author":"Gessika Julia Carvalho","twitter_card":"summary_large_image","twitter_misc":{"Escrito por":"Gessika Julia Carvalho","Est. tempo de leitura":"5 minutos"},"schema":{"@context":"https:\/\/schema.org","@graph":[{"@type":"Article","@id":"https:\/\/www.tuasaude.com\/news\/2026\/05\/03\/os-sinais-que-seu-corpo-da-quando-voce-tem-deficiencia-de-omega-3\/#article","isPartOf":{"@id":"https:\/\/www.tuasaude.com\/news\/2026\/05\/03\/os-sinais-que-seu-corpo-da-quando-voce-tem-deficiencia-de-omega-3\/"},"author":{"name":"Gessika Julia Carvalho","@id":"https:\/\/www.tuasaude.com\/news\/#\/schema\/person\/2e9df841be69ec84f5d20ddb8d273ac2"},"headline":"Os sinais que seu corpo d\u00e1 quando voc\u00ea tem defici\u00eancia de \u00f4mega-3","datePublished":"2026-05-03T10:50:00+00:00","mainEntityOfPage":{"@id":"https:\/\/www.tuasaude.com\/news\/2026\/05\/03\/os-sinais-que-seu-corpo-da-quando-voce-tem-deficiencia-de-omega-3\/"},"wordCount":841,"commentCount":0,"image":{"@id":"https:\/\/www.tuasaude.com\/news\/2026\/05\/03\/os-sinais-que-seu-corpo-da-quando-voce-tem-deficiencia-de-omega-3\/#primaryimage"},"thumbnailUrl":"https:\/\/www.tuasaude.com\/news\/wp-content\/uploads\/2026\/05\/magnific_um-cerebro-humano-estiliz_2894609212.jpg","keywords":["Alimenta\u00e7\u00e3o","defici\u00eancia de \u00f4mega-3","\u00f4mega-3","sa\u00fade"],"articleSection":["Sa\u00fade"],"inLanguage":"pt-BR","potentialAction":[{"@type":"CommentAction","name":"Comment","target":["https:\/\/www.tuasaude.com\/news\/2026\/05\/03\/os-sinais-que-seu-corpo-da-quando-voce-tem-deficiencia-de-omega-3\/#respond"]}]},{"@type":"WebPage","@id":"https:\/\/www.tuasaude.com\/news\/2026\/05\/03\/os-sinais-que-seu-corpo-da-quando-voce-tem-deficiencia-de-omega-3\/","url":"https:\/\/www.tuasaude.com\/news\/2026\/05\/03\/os-sinais-que-seu-corpo-da-quando-voce-tem-deficiencia-de-omega-3\/","name":"Os sinais que seu corpo d\u00e1 quando voc\u00ea tem defici\u00eancia de \u00f4mega-3 - Tua Sa\u00fade","isPartOf":{"@id":"https:\/\/www.tuasaude.com\/news\/#website"},"primaryImageOfPage":{"@id":"https:\/\/www.tuasaude.com\/news\/2026\/05\/03\/os-sinais-que-seu-corpo-da-quando-voce-tem-deficiencia-de-omega-3\/#primaryimage"},"image":{"@id":"https:\/\/www.tuasaude.com\/news\/2026\/05\/03\/os-sinais-que-seu-corpo-da-quando-voce-tem-deficiencia-de-omega-3\/#primaryimage"},"thumbnailUrl":"https:\/\/www.tuasaude.com\/news\/wp-content\/uploads\/2026\/05\/magnific_um-cerebro-humano-estiliz_2894609212.jpg","datePublished":"2026-05-03T10:50:00+00:00","author":{"@id":"https:\/\/www.tuasaude.com\/news\/#\/schema\/person\/2e9df841be69ec84f5d20ddb8d273ac2"},"description":"A defici\u00eancia de \u00f4mega-3 pode causar pele seca, n\u00e9voa mental e humor inst\u00e1vel. Entenda os sinais e como manter n\u00edveis adequados.","breadcrumb":{"@id":"https:\/\/www.tuasaude.com\/news\/2026\/05\/03\/os-sinais-que-seu-corpo-da-quando-voce-tem-deficiencia-de-omega-3\/#breadcrumb"},"inLanguage":"pt-BR","potentialAction":[{"@type":"ReadAction","target":["https:\/\/www.tuasaude.com\/news\/2026\/05\/03\/os-sinais-que-seu-corpo-da-quando-voce-tem-deficiencia-de-omega-3\/"]}]},{"@type":"ImageObject","inLanguage":"pt-BR","@id":"https:\/\/www.tuasaude.com\/news\/2026\/05\/03\/os-sinais-que-seu-corpo-da-quando-voce-tem-deficiencia-de-omega-3\/#primaryimage","url":"https:\/\/www.tuasaude.com\/news\/wp-content\/uploads\/2026\/05\/magnific_um-cerebro-humano-estiliz_2894609212.jpg","contentUrl":"https:\/\/www.tuasaude.com\/news\/wp-content\/uploads\/2026\/05\/magnific_um-cerebro-humano-estiliz_2894609212.jpg","width":1280,"height":714,"caption":"EPA e DHA s\u00e3o essenciais para reduzir inflama\u00e7\u00e3o e manter o funcionamento do organismo."},{"@type":"BreadcrumbList","@id":"https:\/\/www.tuasaude.com\/news\/2026\/05\/03\/os-sinais-que-seu-corpo-da-quando-voce-tem-deficiencia-de-omega-3\/#breadcrumb","itemListElement":[{"@type":"ListItem","position":1,"name":"In\u00edcio","item":"https:\/\/www.tuasaude.com\/news\/"},{"@type":"ListItem","position":2,"name":"Os sinais que seu corpo d\u00e1 quando voc\u00ea tem defici\u00eancia de \u00f4mega-3"}]},{"@type":"WebSite","@id":"https:\/\/www.tuasaude.com\/news\/#website","url":"https:\/\/www.tuasaude.com\/news\/","name":"Tua Sa\u00fade","description":"Seu site de sa\u00fade","potentialAction":[{"@type":"SearchAction","target":{"@type":"EntryPoint","urlTemplate":"https:\/\/www.tuasaude.com\/news\/?s={search_term_string}"},"query-input":{"@type":"PropertyValueSpecification","valueRequired":true,"valueName":"search_term_string"}}],"inLanguage":"pt-BR"},{"@type":"Person","@id":"https:\/\/www.tuasaude.com\/news\/#\/schema\/person\/2e9df841be69ec84f5d20ddb8d273ac2","name":"Gessika Julia Carvalho","image":{"@type":"ImageObject","inLanguage":"pt-BR","@id":"https:\/\/www.tuasaude.com\/news\/#\/schema\/person\/image\/","url":"https:\/\/secure.gravatar.com\/avatar\/0fcc8769024577fd0bc6a8b766055690f76a8e8f29dfb2a2f89cf04db8d0f2d2?s=96&d=mm&r=g","contentUrl":"https:\/\/secure.gravatar.com\/avatar\/0fcc8769024577fd0bc6a8b766055690f76a8e8f29dfb2a2f89cf04db8d0f2d2?s=96&d=mm&r=g","caption":"Gessika Julia Carvalho"},"sameAs":["https:\/\/www.tuasaude.com\/news\/"],"url":"https:\/\/www.tuasaude.com\/news\/author\/gessika-julia\/"}]}},"_links":{"self":[{"href":"https:\/\/www.tuasaude.com\/news\/wp-json\/wp\/v2\/posts\/31021","targetHints":{"allow":["GET"]}}],"collection":[{"href":"https:\/\/www.tuasaude.com\/news\/wp-json\/wp\/v2\/posts"}],"about":[{"href":"https:\/\/www.tuasaude.com\/news\/wp-json\/wp\/v2\/types\/post"}],"author":[{"embeddable":true,"href":"https:\/\/www.tuasaude.com\/news\/wp-json\/wp\/v2\/users\/11"}],"replies":[{"embeddable":true,"href":"https:\/\/www.tuasaude.com\/news\/wp-json\/wp\/v2\/comments?post=31021"}],"version-history":[{"count":2,"href":"https:\/\/www.tuasaude.com\/news\/wp-json\/wp\/v2\/posts\/31021\/revisions"}],"predecessor-version":[{"id":31124,"href":"https:\/\/www.tuasaude.com\/news\/wp-json\/wp\/v2\/posts\/31021\/revisions\/31124"}],"wp:featuredmedia":[{"embeddable":true,"href":"https:\/\/www.tuasaude.com\/news\/wp-json\/wp\/v2\/media\/31077"}],"wp:attachment":[{"href":"https:\/\/www.tuasaude.com\/news\/wp-json\/wp\/v2\/media?parent=31021"}],"wp:term":[{"taxonomy":"category","embeddable":true,"href":"https:\/\/www.tuasaude.com\/news\/wp-json\/wp\/v2\/categories?post=31021"},{"taxonomy":"post_tag","embeddable":true,"href":"https:\/\/www.tuasaude.com\/news\/wp-json\/wp\/v2\/tags?post=31021"}],"curies":[{"name":"wp","href":"https:\/\/api.w.org\/{rel}","templated":true}]}}