{"id":30811,"date":"2026-04-30T17:42:00","date_gmt":"2026-04-30T20:42:00","guid":{"rendered":"https:\/\/www.tuasaude.com\/news\/?p=30811"},"modified":"2026-04-30T02:01:38","modified_gmt":"2026-04-30T05:01:38","slug":"os-cientistas-concordam-o-jejum-noturno-prolongado-esta-associado-a-maior-reparacao-celular-no-cerebro-e-aumento-do-foco-diurno","status":"publish","type":"post","link":"https:\/\/www.tuasaude.com\/news\/2026\/04\/30\/os-cientistas-concordam-o-jejum-noturno-prolongado-esta-associado-a-maior-reparacao-celular-no-cerebro-e-aumento-do-foco-diurno\/","title":{"rendered":"Os cientistas concordam: o jejum noturno prolongado est\u00e1 associado a maior repara\u00e7\u00e3o celular no c\u00e9rebro e aumento do foco diurno"},"content":{"rendered":"\n<p>O jejum noturno prolongado, quando feito de forma adequada, tem sido associado a adapta\u00e7\u00f5es metab\u00f3licas que podem beneficiar o c\u00e9rebro. Entre elas est\u00e3o a melhora da flexibilidade energ\u00e9tica, a redu\u00e7\u00e3o do estresse oxidativo e a ativa\u00e7\u00e3o de vias ligadas \u00e0 manuten\u00e7\u00e3o celular. Isso ajuda a explicar por que o tema aparece cada vez mais em estudos sobre envelhecimento cerebral, aten\u00e7\u00e3o e desempenho cognitivo.<\/p>\n\n\n\n<p>Mas \u00e9 importante fazer um ajuste: embora exista interesse cient\u00edfico crescente, ainda n\u00e3o d\u00e1 para afirmar que o jejum aumente o foco diurno em todas as pessoas da mesma forma. O que a literatura sugere \u00e9 uma <strong>associa\u00e7\u00e3o promissora<\/strong>, sobretudo quando o jejum entra em uma rotina com sono adequado, alimenta\u00e7\u00e3o equilibrada e boa sa\u00fade metab\u00f3lica.<\/p>\n\n\n\n<h2 class=\"wp-block-heading\">O que acontece no c\u00e9rebro durante o jejum noturno<\/h2>\n\n\n\n<p>Ao passar mais horas sem comer, o corpo muda a forma de produzir energia e come\u00e7a a usar mais gordura e corpos cet\u00f4nicos. No c\u00e9rebro, essa transi\u00e7\u00e3o pode favorecer maior efici\u00eancia metab\u00f3lica, menor inflama\u00e7\u00e3o e mais resist\u00eancia ao estresse celular.<\/p>\n\n\n\n<p>Al\u00e9m disso, o jejum influencia vias como AMPK e mTOR, que participam do equil\u00edbrio entre crescimento e reciclagem celular. Esse \u00e9 um dos pontos que sustentam a ideia de <strong>repara\u00e7\u00e3o celular<\/strong>, porque o organismo tende a refor\u00e7ar mecanismos de limpeza e renova\u00e7\u00e3o interna.<\/p>\n\n\n\n<h2 class=\"wp-block-heading\">Por que o foco diurno pode melhorar<\/h2>\n\n\n\n<p>Nem todo benef\u00edcio percebido vem de uma \u201cenergia extra\u201d. Em muitos casos, o ganho est\u00e1 em uma rotina metab\u00f3lica mais est\u00e1vel, com menos oscila\u00e7\u00f5es glic\u00eamicas e menor sensa\u00e7\u00e3o de sonol\u00eancia ap\u00f3s refei\u00e7\u00f5es muito pesadas. Isso pode favorecer:<\/p>\n\n\n\n<ul class=\"wp-block-list\">\n<li><strong>Maior clareza mental<\/strong> ao longo da manh\u00e3<\/li>\n\n\n\n<li>Melhor estabilidade de aten\u00e7\u00e3o em parte das pessoas<\/li>\n\n\n\n<li>Menor sensa\u00e7\u00e3o de lentid\u00e3o ap\u00f3s comer tarde da noite<\/li>\n\n\n\n<li>Poss\u00edvel apoio \u00e0 mem\u00f3ria e \u00e0 fun\u00e7\u00e3o executiva<\/li>\n<\/ul>\n\n\n\n<p>Esses efeitos variam bastante. Quem dorme mal, exagera no caf\u00e9, come pouco no restante do dia ou j\u00e1 tem problemas hormonais pode n\u00e3o perceber a mesma resposta.<\/p>\n\n\n<div class=\"wp-block-image\">\n<figure class=\"aligncenter size-large\"><img decoding=\"async\" width=\"1024\" height=\"682\" src=\"https:\/\/www.tuasaude.com\/news\/wp-content\/uploads\/2026\/04\/ChatGPT-Image-29-de-abr.-de-2026-22_47_18-1024x682.jpg\" alt=\"Organizar a janela entre o jantar e a primeira refei\u00e7\u00e3o ajuda a praticar o jejum com mais seguran\u00e7a.\" class=\"wp-image-30814\" srcset=\"https:\/\/www.tuasaude.com\/news\/wp-content\/uploads\/2026\/04\/ChatGPT-Image-29-de-abr.-de-2026-22_47_18-1024x682.jpg 1024w, https:\/\/www.tuasaude.com\/news\/wp-content\/uploads\/2026\/04\/ChatGPT-Image-29-de-abr.-de-2026-22_47_18-300x200.jpg 300w, https:\/\/www.tuasaude.com\/news\/wp-content\/uploads\/2026\/04\/ChatGPT-Image-29-de-abr.-de-2026-22_47_18-768x512.jpg 768w, https:\/\/www.tuasaude.com\/news\/wp-content\/uploads\/2026\/04\/ChatGPT-Image-29-de-abr.-de-2026-22_47_18-750x500.jpg 750w, https:\/\/www.tuasaude.com\/news\/wp-content\/uploads\/2026\/04\/ChatGPT-Image-29-de-abr.-de-2026-22_47_18-1140x760.jpg 1140w, https:\/\/www.tuasaude.com\/news\/wp-content\/uploads\/2026\/04\/ChatGPT-Image-29-de-abr.-de-2026-22_47_18.jpg 1280w\" sizes=\"(max-width: 1024px) 100vw, 1024px\" \/><figcaption class=\"wp-element-caption\">Organizar a janela entre o jantar e a primeira refei\u00e7\u00e3o ajuda a praticar o jejum com mais seguran\u00e7a.<\/figcaption><\/figure>\n<\/div>\n\n\n<h2 class=\"wp-block-heading\">O que diz um estudo cient\u00edfico<\/h2>\n\n\n\n<p>Segundo a revis\u00e3o <a href=\"https:\/\/pubmed.ncbi.nlm.nih.gov\/41401338\/\" target=\"_blank\" rel=\"noreferrer noopener\">The impact of intermittent fasting on cognitive function and neuroprotection: A literature review<\/a>, publicada na revista <em>Wiadomo\u015bci Lekarskie<\/em>, dados pr\u00e9-cl\u00ednicos e alguns estudos cl\u00ednicos sugerem que o jejum intermitente pode melhorar mem\u00f3ria, aten\u00e7\u00e3o e fun\u00e7\u00f5es executivas, al\u00e9m de ativar mecanismos de neuroprote\u00e7\u00e3o.<\/p>\n\n\n\n<p>Esse par\u00e1grafo-ponte \u00e9 importante porque a publica\u00e7\u00e3o \u00e9 uma <strong>revis\u00e3o da literatura<\/strong>, n\u00e3o um ensaio cl\u00ednico isolado. Ela tamb\u00e9m destaca vias associadas \u00e0 autofagia, \u00e0 redu\u00e7\u00e3o da inflama\u00e7\u00e3o e \u00e0 maior plasticidade neuronal. Em outras palavras, a ci\u00eancia aponta uma dire\u00e7\u00e3o consistente, mas ainda pede estudos humanos maiores para confirmar quanto desse efeito realmente se traduz em <strong>mais foco diurno<\/strong> no dia a dia.<\/p>\n\n\n\n<h2 class=\"wp-block-heading\">5 cuidados para que o jejum noturno fa\u00e7a mais sentido<\/h2>\n\n\n\n<p>Para o c\u00e9rebro colher poss\u00edveis benef\u00edcios, n\u00e3o basta apenas pular refei\u00e7\u00f5es. Alguns cuidados ajudam mais do que prolongar o jejum de qualquer forma:<\/p>\n\n\n\n<ul class=\"wp-block-list\">\n<li>Evitar jantar muito tarde e muito pesado<\/li>\n\n\n\n<li>Manter <strong>sono regular<\/strong>, porque o c\u00e9rebro se recupera tamb\u00e9m durante a noite<\/li>\n\n\n\n<li>Priorizar prote\u00ednas, fibras e comida de verdade na janela alimentar<\/li>\n\n\n\n<li>N\u00e3o compensar o jejum com excesso de a\u00e7\u00facar e ultraprocessados<\/li>\n\n\n\n<li>Respeitar sinais de fraqueza, tontura ou irritabilidade persistente<\/li>\n<\/ul>\n\n\n\n<p>Para entender melhor a pr\u00e1tica, vale ver como funciona o <a href=\"https:\/\/www.tuasaude.com\/jejuar-regularmente-faz-bem-a-saude\/\" target=\"_blank\" rel=\"noreferrer noopener\">jejum e seus principais benef\u00edcios<\/a> antes de tentar encaix\u00e1-lo na rotina.<\/p>\n\n\n<div class=\"wp-block-image\">\n<figure class=\"aligncenter size-large\"><img decoding=\"async\" width=\"1024\" height=\"441\" src=\"https:\/\/www.tuasaude.com\/news\/wp-content\/uploads\/2026\/04\/convertido-434-1024x441.jpg\" alt=\"Jejum Noturno Prolongado: Repara\u00e7\u00e3o Celular no C\u00e9rebro e Mais Foco Diurno\" class=\"wp-image-30813\" srcset=\"https:\/\/www.tuasaude.com\/news\/wp-content\/uploads\/2026\/04\/convertido-434-1024x441.jpg 1024w, https:\/\/www.tuasaude.com\/news\/wp-content\/uploads\/2026\/04\/convertido-434-300x129.jpg 300w, https:\/\/www.tuasaude.com\/news\/wp-content\/uploads\/2026\/04\/convertido-434-768x331.jpg 768w, https:\/\/www.tuasaude.com\/news\/wp-content\/uploads\/2026\/04\/convertido-434-750x323.jpg 750w, https:\/\/www.tuasaude.com\/news\/wp-content\/uploads\/2026\/04\/convertido-434-1140x491.jpg 1140w, https:\/\/www.tuasaude.com\/news\/wp-content\/uploads\/2026\/04\/convertido-434.jpg 1280w\" sizes=\"(max-width: 1024px) 100vw, 1024px\" \/><figcaption class=\"wp-element-caption\">Jejum Noturno Prolongado: Repara\u00e7\u00e3o Celular no C\u00e9rebro e Mais Foco Diurno<\/figcaption><\/figure>\n<\/div>\n\n\n<h2 class=\"wp-block-heading\">Quando a estrat\u00e9gia n\u00e3o \u00e9 uma boa ideia<\/h2>\n\n\n\n<p>O jejum noturno prolongado n\u00e3o \u00e9 indicado para todo mundo. Pessoas com hist\u00f3rico de transtorno alimentar, gestantes, crian\u00e7as, indiv\u00edduos com diabetes em uso de medica\u00e7\u00e3o e quem tem baixo peso ou fragilidade cl\u00ednica precisam de avalia\u00e7\u00e3o antes de adotar esse tipo de pr\u00e1tica.<\/p>\n\n\n\n<p>No fim, a mensagem mais equilibrada \u00e9 esta: o jejum pode favorecer mecanismos de manuten\u00e7\u00e3o cerebral, mas funciona melhor como parte de um estilo de vida saud\u00e1vel, e n\u00e3o como atalho isolado para foco ou longevidade. <strong>Este conte\u00fado \u00e9 apenas informativo e n\u00e3o substitui a avalia\u00e7\u00e3o de um m\u00e9dico.<\/strong><\/p>\n","protected":false},"excerpt":{"rendered":"<p>O jejum noturno prolongado, quando feito de forma adequada, tem sido associado a adapta\u00e7\u00f5es metab\u00f3licas que podem beneficiar o c\u00e9rebro. Entre elas est\u00e3o a melhora da flexibilidade energ\u00e9tica, a redu\u00e7\u00e3o do estresse oxidativo e a ativa\u00e7\u00e3o de vias ligadas \u00e0 manuten\u00e7\u00e3o celular. Isso ajuda a explicar por que o tema aparece cada vez mais em [&hellip;]<\/p>\n","protected":false},"author":12,"featured_media":31008,"comment_status":"open","ping_status":"open","sticky":false,"template":"","format":"standard","meta":{"_yoast_wpseo_focuskw":"jejum noturno","_yoast_wpseo_title":"","_yoast_wpseo_metadesc":"Entenda como o jejum noturno pode apoiar foco diurno, repara\u00e7\u00e3o celular cerebral, autofagia e neuroprote\u00e7\u00e3o, segundo revis\u00e3o cient\u00edfica.","jnews-multi-image_gallery":[],"jnews_single_post":{"format":"standard"},"jnews_primary_category":[],"jnews_social_meta":[],"jnews_override_counter":[],"footnotes":""},"categories":[111],"tags":[6351,6332,6352],"class_list":["post-30811","post","type-post","status-publish","format-standard","has-post-thumbnail","hentry","category-saude","tag-foco-diurno","tag-neuroprotecao","tag-reparacao-celular"],"yoast_head":"<!-- This site is optimized with the Yoast SEO plugin v26.7 - https:\/\/yoast.com\/wordpress\/plugins\/seo\/ -->\n<title>Os cientistas concordam: o jejum noturno prolongado est\u00e1 associado a maior repara\u00e7\u00e3o celular no c\u00e9rebro e aumento do foco diurno - Tua Sa\u00fade<\/title>\n<meta name=\"description\" content=\"Entenda como o jejum noturno pode apoiar foco diurno, repara\u00e7\u00e3o celular cerebral, autofagia e neuroprote\u00e7\u00e3o, segundo revis\u00e3o cient\u00edfica.\" \/>\n<meta name=\"robots\" content=\"index, follow, max-snippet:-1, max-image-preview:large, max-video-preview:-1\" \/>\n<link rel=\"canonical\" href=\"https:\/\/www.tuasaude.com\/news\/2026\/04\/30\/os-cientistas-concordam-o-jejum-noturno-prolongado-esta-associado-a-maior-reparacao-celular-no-cerebro-e-aumento-do-foco-diurno\/\" \/>\n<meta property=\"og:locale\" content=\"pt_BR\" \/>\n<meta property=\"og:type\" content=\"article\" \/>\n<meta property=\"og:title\" content=\"Os cientistas concordam: o jejum noturno prolongado est\u00e1 associado a maior repara\u00e7\u00e3o celular no c\u00e9rebro e aumento do foco diurno - Tua Sa\u00fade\" \/>\n<meta property=\"og:description\" content=\"Entenda como o jejum noturno pode apoiar foco diurno, repara\u00e7\u00e3o celular cerebral, autofagia e neuroprote\u00e7\u00e3o, segundo revis\u00e3o cient\u00edfica.\" \/>\n<meta property=\"og:url\" content=\"https:\/\/www.tuasaude.com\/news\/2026\/04\/30\/os-cientistas-concordam-o-jejum-noturno-prolongado-esta-associado-a-maior-reparacao-celular-no-cerebro-e-aumento-do-foco-diurno\/\" \/>\n<meta property=\"og:site_name\" content=\"Tua Sa\u00fade\" \/>\n<meta property=\"article:published_time\" content=\"2026-04-30T20:42:00+00:00\" \/>\n<meta property=\"og:image\" content=\"https:\/\/www.tuasaude.com\/news\/wp-content\/uploads\/2026\/04\/magnific_um-cerebro-humano-estiliz_2894467731.jpg\" \/>\n\t<meta property=\"og:image:width\" content=\"1280\" \/>\n\t<meta property=\"og:image:height\" content=\"714\" \/>\n\t<meta property=\"og:image:type\" content=\"image\/jpeg\" \/>\n<meta name=\"author\" content=\"Jeferson Henrique\" \/>\n<meta name=\"twitter:card\" content=\"summary_large_image\" \/>\n<meta name=\"twitter:label1\" content=\"Escrito por\" \/>\n\t<meta name=\"twitter:data1\" content=\"Jeferson Henrique\" \/>\n\t<meta name=\"twitter:label2\" content=\"Est. tempo de leitura\" \/>\n\t<meta name=\"twitter:data2\" content=\"5 minutos\" \/>\n<!-- \/ Yoast SEO plugin. -->","yoast_head_json":{"title":"Os cientistas concordam: o jejum noturno prolongado est\u00e1 associado a maior repara\u00e7\u00e3o celular no c\u00e9rebro e aumento do foco diurno - Tua Sa\u00fade","description":"Entenda como o jejum noturno pode apoiar foco diurno, repara\u00e7\u00e3o celular cerebral, autofagia e neuroprote\u00e7\u00e3o, segundo revis\u00e3o cient\u00edfica.","robots":{"index":"index","follow":"follow","max-snippet":"max-snippet:-1","max-image-preview":"max-image-preview:large","max-video-preview":"max-video-preview:-1"},"canonical":"https:\/\/www.tuasaude.com\/news\/2026\/04\/30\/os-cientistas-concordam-o-jejum-noturno-prolongado-esta-associado-a-maior-reparacao-celular-no-cerebro-e-aumento-do-foco-diurno\/","og_locale":"pt_BR","og_type":"article","og_title":"Os cientistas concordam: o jejum noturno prolongado est\u00e1 associado a maior repara\u00e7\u00e3o celular no c\u00e9rebro e aumento do foco diurno - Tua Sa\u00fade","og_description":"Entenda como o jejum noturno pode apoiar foco diurno, repara\u00e7\u00e3o celular cerebral, autofagia e neuroprote\u00e7\u00e3o, segundo revis\u00e3o cient\u00edfica.","og_url":"https:\/\/www.tuasaude.com\/news\/2026\/04\/30\/os-cientistas-concordam-o-jejum-noturno-prolongado-esta-associado-a-maior-reparacao-celular-no-cerebro-e-aumento-do-foco-diurno\/","og_site_name":"Tua Sa\u00fade","article_published_time":"2026-04-30T20:42:00+00:00","og_image":[{"width":1280,"height":714,"url":"https:\/\/www.tuasaude.com\/news\/wp-content\/uploads\/2026\/04\/magnific_um-cerebro-humano-estiliz_2894467731.jpg","type":"image\/jpeg"}],"author":"Jeferson Henrique","twitter_card":"summary_large_image","twitter_misc":{"Escrito por":"Jeferson Henrique","Est. tempo de leitura":"5 minutos"},"schema":{"@context":"https:\/\/schema.org","@graph":[{"@type":"Article","@id":"https:\/\/www.tuasaude.com\/news\/2026\/04\/30\/os-cientistas-concordam-o-jejum-noturno-prolongado-esta-associado-a-maior-reparacao-celular-no-cerebro-e-aumento-do-foco-diurno\/#article","isPartOf":{"@id":"https:\/\/www.tuasaude.com\/news\/2026\/04\/30\/os-cientistas-concordam-o-jejum-noturno-prolongado-esta-associado-a-maior-reparacao-celular-no-cerebro-e-aumento-do-foco-diurno\/"},"author":{"name":"Jeferson Henrique","@id":"https:\/\/www.tuasaude.com\/news\/#\/schema\/person\/963d63d4e1f0c81f5f3a70ba4bcb0ef7"},"headline":"Os cientistas concordam: o jejum noturno prolongado est\u00e1 associado a maior repara\u00e7\u00e3o celular no c\u00e9rebro e aumento do foco diurno","datePublished":"2026-04-30T20:42:00+00:00","mainEntityOfPage":{"@id":"https:\/\/www.tuasaude.com\/news\/2026\/04\/30\/os-cientistas-concordam-o-jejum-noturno-prolongado-esta-associado-a-maior-reparacao-celular-no-cerebro-e-aumento-do-foco-diurno\/"},"wordCount":767,"commentCount":0,"image":{"@id":"https:\/\/www.tuasaude.com\/news\/2026\/04\/30\/os-cientistas-concordam-o-jejum-noturno-prolongado-esta-associado-a-maior-reparacao-celular-no-cerebro-e-aumento-do-foco-diurno\/#primaryimage"},"thumbnailUrl":"https:\/\/www.tuasaude.com\/news\/wp-content\/uploads\/2026\/04\/magnific_um-cerebro-humano-estiliz_2894467731.jpg","keywords":["foco diurno","neuroprote\u00e7\u00e3o","repara\u00e7\u00e3o celular"],"articleSection":["Sa\u00fade"],"inLanguage":"pt-BR","potentialAction":[{"@type":"CommentAction","name":"Comment","target":["https:\/\/www.tuasaude.com\/news\/2026\/04\/30\/os-cientistas-concordam-o-jejum-noturno-prolongado-esta-associado-a-maior-reparacao-celular-no-cerebro-e-aumento-do-foco-diurno\/#respond"]}]},{"@type":"WebPage","@id":"https:\/\/www.tuasaude.com\/news\/2026\/04\/30\/os-cientistas-concordam-o-jejum-noturno-prolongado-esta-associado-a-maior-reparacao-celular-no-cerebro-e-aumento-do-foco-diurno\/","url":"https:\/\/www.tuasaude.com\/news\/2026\/04\/30\/os-cientistas-concordam-o-jejum-noturno-prolongado-esta-associado-a-maior-reparacao-celular-no-cerebro-e-aumento-do-foco-diurno\/","name":"Os cientistas concordam: o jejum noturno prolongado est\u00e1 associado a maior repara\u00e7\u00e3o celular no c\u00e9rebro e aumento do foco diurno - Tua Sa\u00fade","isPartOf":{"@id":"https:\/\/www.tuasaude.com\/news\/#website"},"primaryImageOfPage":{"@id":"https:\/\/www.tuasaude.com\/news\/2026\/04\/30\/os-cientistas-concordam-o-jejum-noturno-prolongado-esta-associado-a-maior-reparacao-celular-no-cerebro-e-aumento-do-foco-diurno\/#primaryimage"},"image":{"@id":"https:\/\/www.tuasaude.com\/news\/2026\/04\/30\/os-cientistas-concordam-o-jejum-noturno-prolongado-esta-associado-a-maior-reparacao-celular-no-cerebro-e-aumento-do-foco-diurno\/#primaryimage"},"thumbnailUrl":"https:\/\/www.tuasaude.com\/news\/wp-content\/uploads\/2026\/04\/magnific_um-cerebro-humano-estiliz_2894467731.jpg","datePublished":"2026-04-30T20:42:00+00:00","author":{"@id":"https:\/\/www.tuasaude.com\/news\/#\/schema\/person\/963d63d4e1f0c81f5f3a70ba4bcb0ef7"},"description":"Entenda como o jejum noturno pode apoiar foco diurno, repara\u00e7\u00e3o celular cerebral, autofagia e neuroprote\u00e7\u00e3o, segundo revis\u00e3o cient\u00edfica.","breadcrumb":{"@id":"https:\/\/www.tuasaude.com\/news\/2026\/04\/30\/os-cientistas-concordam-o-jejum-noturno-prolongado-esta-associado-a-maior-reparacao-celular-no-cerebro-e-aumento-do-foco-diurno\/#breadcrumb"},"inLanguage":"pt-BR","potentialAction":[{"@type":"ReadAction","target":["https:\/\/www.tuasaude.com\/news\/2026\/04\/30\/os-cientistas-concordam-o-jejum-noturno-prolongado-esta-associado-a-maior-reparacao-celular-no-cerebro-e-aumento-do-foco-diurno\/"]}]},{"@type":"ImageObject","inLanguage":"pt-BR","@id":"https:\/\/www.tuasaude.com\/news\/2026\/04\/30\/os-cientistas-concordam-o-jejum-noturno-prolongado-esta-associado-a-maior-reparacao-celular-no-cerebro-e-aumento-do-foco-diurno\/#primaryimage","url":"https:\/\/www.tuasaude.com\/news\/wp-content\/uploads\/2026\/04\/magnific_um-cerebro-humano-estiliz_2894467731.jpg","contentUrl":"https:\/\/www.tuasaude.com\/news\/wp-content\/uploads\/2026\/04\/magnific_um-cerebro-humano-estiliz_2894467731.jpg","width":1280,"height":714,"caption":"Benef\u00edcios dependem da rotina, n\u00e3o apenas do jejum."},{"@type":"BreadcrumbList","@id":"https:\/\/www.tuasaude.com\/news\/2026\/04\/30\/os-cientistas-concordam-o-jejum-noturno-prolongado-esta-associado-a-maior-reparacao-celular-no-cerebro-e-aumento-do-foco-diurno\/#breadcrumb","itemListElement":[{"@type":"ListItem","position":1,"name":"In\u00edcio","item":"https:\/\/www.tuasaude.com\/news\/"},{"@type":"ListItem","position":2,"name":"Os cientistas concordam: o jejum noturno prolongado est\u00e1 associado a maior repara\u00e7\u00e3o celular no c\u00e9rebro e aumento do foco diurno"}]},{"@type":"WebSite","@id":"https:\/\/www.tuasaude.com\/news\/#website","url":"https:\/\/www.tuasaude.com\/news\/","name":"Tua Sa\u00fade","description":"Seu site de sa\u00fade","potentialAction":[{"@type":"SearchAction","target":{"@type":"EntryPoint","urlTemplate":"https:\/\/www.tuasaude.com\/news\/?s={search_term_string}"},"query-input":{"@type":"PropertyValueSpecification","valueRequired":true,"valueName":"search_term_string"}}],"inLanguage":"pt-BR"},{"@type":"Person","@id":"https:\/\/www.tuasaude.com\/news\/#\/schema\/person\/963d63d4e1f0c81f5f3a70ba4bcb0ef7","name":"Jeferson Henrique","image":{"@type":"ImageObject","inLanguage":"pt-BR","@id":"https:\/\/www.tuasaude.com\/news\/#\/schema\/person\/image\/","url":"https:\/\/secure.gravatar.com\/avatar\/1a476a54a48eb3cdea5dd2f016708263892c6b9f5e54b641df7c65e980fd6f69?s=96&d=mm&r=g","contentUrl":"https:\/\/secure.gravatar.com\/avatar\/1a476a54a48eb3cdea5dd2f016708263892c6b9f5e54b641df7c65e980fd6f69?s=96&d=mm&r=g","caption":"Jeferson Henrique"},"sameAs":["https:\/\/www.tuasaude.com\/news\/"],"url":"https:\/\/www.tuasaude.com\/news\/author\/jeferson-henrique\/"}]}},"_links":{"self":[{"href":"https:\/\/www.tuasaude.com\/news\/wp-json\/wp\/v2\/posts\/30811","targetHints":{"allow":["GET"]}}],"collection":[{"href":"https:\/\/www.tuasaude.com\/news\/wp-json\/wp\/v2\/posts"}],"about":[{"href":"https:\/\/www.tuasaude.com\/news\/wp-json\/wp\/v2\/types\/post"}],"author":[{"embeddable":true,"href":"https:\/\/www.tuasaude.com\/news\/wp-json\/wp\/v2\/users\/12"}],"replies":[{"embeddable":true,"href":"https:\/\/www.tuasaude.com\/news\/wp-json\/wp\/v2\/comments?post=30811"}],"version-history":[{"count":2,"href":"https:\/\/www.tuasaude.com\/news\/wp-json\/wp\/v2\/posts\/30811\/revisions"}],"predecessor-version":[{"id":30815,"href":"https:\/\/www.tuasaude.com\/news\/wp-json\/wp\/v2\/posts\/30811\/revisions\/30815"}],"wp:featuredmedia":[{"embeddable":true,"href":"https:\/\/www.tuasaude.com\/news\/wp-json\/wp\/v2\/media\/31008"}],"wp:attachment":[{"href":"https:\/\/www.tuasaude.com\/news\/wp-json\/wp\/v2\/media?parent=30811"}],"wp:term":[{"taxonomy":"category","embeddable":true,"href":"https:\/\/www.tuasaude.com\/news\/wp-json\/wp\/v2\/categories?post=30811"},{"taxonomy":"post_tag","embeddable":true,"href":"https:\/\/www.tuasaude.com\/news\/wp-json\/wp\/v2\/tags?post=30811"}],"curies":[{"name":"wp","href":"https:\/\/api.w.org\/{rel}","templated":true}]}}