{"id":30793,"date":"2026-04-30T14:48:00","date_gmt":"2026-04-30T17:48:00","guid":{"rendered":"https:\/\/www.tuasaude.com\/news\/?p=30793"},"modified":"2026-04-30T02:01:39","modified_gmt":"2026-04-30T05:01:39","slug":"voce-esta-com-rigidez-nas-articulacoes-toda-manha-aqui-estao-as-causas-ligadas-a-inflamacao-sistemica-e-os-sintomas-de-alerta","status":"publish","type":"post","link":"https:\/\/www.tuasaude.com\/news\/2026\/04\/30\/voce-esta-com-rigidez-nas-articulacoes-toda-manha-aqui-estao-as-causas-ligadas-a-inflamacao-sistemica-e-os-sintomas-de-alerta\/","title":{"rendered":"Voc\u00ea est\u00e1 com rigidez nas articula\u00e7\u00f5es toda manh\u00e3? Aqui est\u00e3o as causas ligadas \u00e0 inflama\u00e7\u00e3o sist\u00eamica e os sintomas de alerta"},"content":{"rendered":"\n<p>A rigidez nas articula\u00e7\u00f5es ao acordar nem sempre \u00e9 apenas sinal de idade, esfor\u00e7o f\u00edsico ou posi\u00e7\u00e3o ao dormir. Quando ela se repete todos os dias, dura mais tempo e vem junto de dor, incha\u00e7o ou cansa\u00e7o, pode estar ligada a processos de <strong>inflama\u00e7\u00e3o sist\u00eamica<\/strong>, como acontece em doen\u00e7as reumatol\u00f3gicas e autoimunes.<\/p>\n\n\n\n<p>Isso importa porque a rigidez matinal prolongada costuma ser diferente do desconforto passageiro da artrose ou de uma noite mal dormida. Em alguns casos, ela \u00e9 um dos primeiros sinais de que o sistema imunol\u00f3gico est\u00e1 atacando as pr\u00f3prias articula\u00e7\u00f5es, favorecendo dor, calor local e limita\u00e7\u00e3o de movimento.<\/p>\n\n\n\n<h2 class=\"wp-block-heading\">Quando a rigidez da manh\u00e3 merece aten\u00e7\u00e3o<\/h2>\n\n\n\n<p>Segundo o CDC, a artrite reumatoide pode causar <strong>dor, incha\u00e7o e rigidez<\/strong> em mais de uma articula\u00e7\u00e3o, al\u00e9m de fadiga, fraqueza e, \u00e0s vezes, febre baixa. Esse padr\u00e3o chama aten\u00e7\u00e3o porque a inflama\u00e7\u00e3o n\u00e3o fica restrita a um ponto isolado e pode afetar m\u00e3os, punhos, joelhos e at\u00e9 outros \u00f3rg\u00e3os.<\/p>\n\n\n\n<p>Em geral, a rigidez preocupante \u00e9 aquela que aparece com frequ\u00eancia, dificulta abrir as m\u00e3os, levantar da cama ou come\u00e7ar a andar e melhora s\u00f3 depois de um tempo em movimento. Quando isso acontece por semanas, vale investigar al\u00e9m de causas mec\u00e2nicas simples.<\/p>\n\n\n\n<h2 class=\"wp-block-heading\">Principais causas ligadas \u00e0 inflama\u00e7\u00e3o sist\u00eamica<\/h2>\n\n\n\n<p>A rigidez matinal pode estar associada a diferentes condi\u00e7\u00f5es inflamat\u00f3rias. Entre as causas mais relevantes, est\u00e3o:<\/p>\n\n\n\n<ul class=\"wp-block-list\">\n<li><strong>Artrite reumatoide<\/strong>, em que o sistema imune ataca as articula\u00e7\u00f5es<\/li>\n\n\n\n<li>Espondiloartrites, que podem afetar coluna, quadris e articula\u00e7\u00f5es perif\u00e9ricas<\/li>\n\n\n\n<li>L\u00fapus e outras doen\u00e7as autoimunes<\/li>\n\n\n\n<li>Gota em fases inflamat\u00f3rias<\/li>\n\n\n\n<li>Infec\u00e7\u00f5es ou quadros p\u00f3s-infecciosos, em situa\u00e7\u00f5es mais espec\u00edficas<\/li>\n<\/ul>\n\n\n\n<p>Nem toda rigidez indica uma dessas doen\u00e7as, mas a presen\u00e7a de inflama\u00e7\u00e3o persistente aumenta essa suspeita, principalmente quando o sintoma \u00e9 di\u00e1rio e acompanhado de incha\u00e7o.<\/p>\n\n\n<div class=\"wp-block-image\">\n<figure class=\"aligncenter size-large\"><img decoding=\"async\" width=\"1024\" height=\"576\" src=\"https:\/\/www.tuasaude.com\/news\/wp-content\/uploads\/2026\/04\/ChatGPT-Image-29-de-abr.-de-2026-22_38_04-1024x576.jpg\" alt=\"Exames e avalia\u00e7\u00e3o cl\u00ednica ajudam a diferenciar rigidez comum de sinais de inflama\u00e7\u00e3o sist\u00eamica.\" class=\"wp-image-30798\" srcset=\"https:\/\/www.tuasaude.com\/news\/wp-content\/uploads\/2026\/04\/ChatGPT-Image-29-de-abr.-de-2026-22_38_04-1024x576.jpg 1024w, https:\/\/www.tuasaude.com\/news\/wp-content\/uploads\/2026\/04\/ChatGPT-Image-29-de-abr.-de-2026-22_38_04-300x169.jpg 300w, https:\/\/www.tuasaude.com\/news\/wp-content\/uploads\/2026\/04\/ChatGPT-Image-29-de-abr.-de-2026-22_38_04-768x432.jpg 768w, https:\/\/www.tuasaude.com\/news\/wp-content\/uploads\/2026\/04\/ChatGPT-Image-29-de-abr.-de-2026-22_38_04-750x422.jpg 750w, https:\/\/www.tuasaude.com\/news\/wp-content\/uploads\/2026\/04\/ChatGPT-Image-29-de-abr.-de-2026-22_38_04-1140x641.jpg 1140w, https:\/\/www.tuasaude.com\/news\/wp-content\/uploads\/2026\/04\/ChatGPT-Image-29-de-abr.-de-2026-22_38_04.jpg 1280w\" sizes=\"(max-width: 1024px) 100vw, 1024px\" \/><figcaption class=\"wp-element-caption\">Exames e avalia\u00e7\u00e3o cl\u00ednica ajudam a diferenciar rigidez comum de sinais de inflama\u00e7\u00e3o sist\u00eamica.<\/figcaption><\/figure>\n<\/div>\n\n\n<h2 class=\"wp-block-heading\">O que diz um estudo cient\u00edfico<\/h2>\n\n\n\n<p>Segundo o estudo <a href=\"https:\/\/pubmed.ncbi.nlm.nih.gov\/34401906\/\" target=\"_blank\" rel=\"noreferrer noopener\">Morning stiffness precedes the development of rheumatoid arthritis and associates with systemic and subclinical joint inflammation in arthralgia patients<\/a>, publicado na revista <em>RMD Open<\/em>, a rigidez matinal pode preceder o desenvolvimento de artrite reumatoide e se associar a marcadores de inflama\u00e7\u00e3o sist\u00eamica e inflama\u00e7\u00e3o articular subcl\u00ednica.<\/p>\n\n\n\n<p>Esse achado \u00e9 importante porque o trabalho refor\u00e7a que a rigidez ao acordar n\u00e3o \u00e9 apenas um sintoma subjetivo. Quando ela \u00e9 frequente e persistente, pode funcionar como um sinal de alerta precoce, principalmente em pessoas com dor articular ainda sem diagn\u00f3stico definido.<\/p>\n\n\n\n<h2 class=\"wp-block-heading\">Sintomas de alerta que n\u00e3o devem ser ignorados<\/h2>\n\n\n\n<p>Alguns sinais aumentam a chance de que a rigidez esteja ligada a um processo inflamat\u00f3rio mais importante:<\/p>\n\n\n\n<ul class=\"wp-block-list\">\n<li><strong>Rigidez que dura mais de 30 a 60 minutos<\/strong><\/li>\n\n\n\n<li>Incha\u00e7o, calor ou vermelhid\u00e3o nas articula\u00e7\u00f5es<\/li>\n\n\n\n<li>Dor sim\u00e9trica nas m\u00e3os, punhos ou p\u00e9s<\/li>\n\n\n\n<li>Fadiga, fraqueza ou febre baixa<\/li>\n\n\n\n<li>Dificuldade para fechar as m\u00e3os ou segurar objetos<\/li>\n<\/ul>\n\n\n\n<p>Tamb\u00e9m merece aten\u00e7\u00e3o quando o sintoma piora ao longo das semanas ou come\u00e7a a limitar tarefas simples do dia a dia. Para entender melhor esse quadro, vale ler sobre <a href=\"https:\/\/www.tuasaude.com\/artrite-reumatoide\/\" target=\"_blank\" rel=\"noreferrer noopener\">artrite reumatoide<\/a> e seus sinais mais comuns.<\/p>\n\n\n<div class=\"wp-block-image\">\n<figure class=\"aligncenter size-large\"><img decoding=\"async\" width=\"1024\" height=\"422\" src=\"https:\/\/www.tuasaude.com\/news\/wp-content\/uploads\/2026\/04\/convertido-431-1024x422.jpg\" alt=\"Rigidez Matinal nas Articula\u00e7\u00f5es: Causas Inflamat\u00f3rias e Sinais de Alerta\" class=\"wp-image-30797\" srcset=\"https:\/\/www.tuasaude.com\/news\/wp-content\/uploads\/2026\/04\/convertido-431-1024x422.jpg 1024w, https:\/\/www.tuasaude.com\/news\/wp-content\/uploads\/2026\/04\/convertido-431-300x124.jpg 300w, https:\/\/www.tuasaude.com\/news\/wp-content\/uploads\/2026\/04\/convertido-431-768x316.jpg 768w, https:\/\/www.tuasaude.com\/news\/wp-content\/uploads\/2026\/04\/convertido-431-750x309.jpg 750w, https:\/\/www.tuasaude.com\/news\/wp-content\/uploads\/2026\/04\/convertido-431-1140x469.jpg 1140w, https:\/\/www.tuasaude.com\/news\/wp-content\/uploads\/2026\/04\/convertido-431.jpg 1280w\" sizes=\"(max-width: 1024px) 100vw, 1024px\" \/><figcaption class=\"wp-element-caption\">Rigidez Matinal nas Articula\u00e7\u00f5es: Causas Inflamat\u00f3rias e Sinais de Alerta<\/figcaption><\/figure>\n<\/div>\n\n\n<h2 class=\"wp-block-heading\">Como diferenciar de causas menos graves<\/h2>\n\n\n\n<p>Na artrose e em desconfortos mec\u00e2nicos, a rigidez tende a ser mais curta e relacionada ao uso excessivo da articula\u00e7\u00e3o ou a longos per\u00edodos parado. J\u00e1 nas doen\u00e7as inflamat\u00f3rias, ela costuma ser mais intensa pela manh\u00e3, acompanhada de incha\u00e7o e melhora gradual com o movimento.<\/p>\n\n\n\n<p>Se a rigidez \u00e9 di\u00e1ria, prolongada ou vem junto de outros sintomas de alerta, a avalia\u00e7\u00e3o com cl\u00ednico, ortopedista ou reumatologista faz diferen\u00e7a para pedir exames e identificar a causa real. <strong>Este conte\u00fado \u00e9 apenas informativo e n\u00e3o substitui a avalia\u00e7\u00e3o de um m\u00e9dico.<\/strong><\/p>\n\n\n\n<p><\/p>\n","protected":false},"excerpt":{"rendered":"<p>A rigidez nas articula\u00e7\u00f5es ao acordar nem sempre \u00e9 apenas sinal de idade, esfor\u00e7o f\u00edsico ou posi\u00e7\u00e3o ao dormir. Quando ela se repete todos os dias, dura mais tempo e vem junto de dor, incha\u00e7o ou cansa\u00e7o, pode estar ligada a processos de inflama\u00e7\u00e3o sist\u00eamica, como acontece em doen\u00e7as reumatol\u00f3gicas e autoimunes. Isso importa porque [&hellip;]<\/p>\n","protected":false},"author":12,"featured_media":31004,"comment_status":"open","ping_status":"open","sticky":false,"template":"","format":"standard","meta":{"_yoast_wpseo_focuskw":"rigidez nas articula\u00e7\u00f5es","_yoast_wpseo_title":"","_yoast_wpseo_metadesc":"Entenda quando a rigidez nas articula\u00e7\u00f5es pela manh\u00e3 pode indicar inflama\u00e7\u00e3o sist\u00eamica, artrite reumatoide e sintomas de alerta.","jnews-multi-image_gallery":[],"jnews_single_post":{"format":"standard"},"jnews_primary_category":[],"jnews_social_meta":[],"jnews_override_counter":[],"footnotes":""},"categories":[111],"tags":[3247,1142,3022],"class_list":["post-30793","post","type-post","status-publish","format-standard","has-post-thumbnail","hentry","category-saude","tag-artrite-reumatoide","tag-dor-articular","tag-inflamacao-sistemica"],"yoast_head":"<!-- This site is optimized with the Yoast SEO plugin v26.7 - https:\/\/yoast.com\/wordpress\/plugins\/seo\/ -->\n<title>Voc\u00ea est\u00e1 com rigidez nas articula\u00e7\u00f5es toda manh\u00e3? Aqui est\u00e3o as causas ligadas \u00e0 inflama\u00e7\u00e3o sist\u00eamica e os sintomas de alerta - Tua Sa\u00fade<\/title>\n<meta name=\"description\" content=\"Entenda quando a rigidez nas articula\u00e7\u00f5es pela manh\u00e3 pode indicar inflama\u00e7\u00e3o sist\u00eamica, artrite reumatoide e sintomas de alerta.\" \/>\n<meta name=\"robots\" content=\"index, follow, max-snippet:-1, max-image-preview:large, max-video-preview:-1\" \/>\n<link rel=\"canonical\" href=\"https:\/\/www.tuasaude.com\/news\/2026\/04\/30\/voce-esta-com-rigidez-nas-articulacoes-toda-manha-aqui-estao-as-causas-ligadas-a-inflamacao-sistemica-e-os-sintomas-de-alerta\/\" \/>\n<meta property=\"og:locale\" content=\"pt_BR\" \/>\n<meta property=\"og:type\" content=\"article\" \/>\n<meta property=\"og:title\" content=\"Voc\u00ea est\u00e1 com rigidez nas articula\u00e7\u00f5es toda manh\u00e3? Aqui est\u00e3o as causas ligadas \u00e0 inflama\u00e7\u00e3o sist\u00eamica e os sintomas de alerta - Tua Sa\u00fade\" \/>\n<meta property=\"og:description\" content=\"Entenda quando a rigidez nas articula\u00e7\u00f5es pela manh\u00e3 pode indicar inflama\u00e7\u00e3o sist\u00eamica, artrite reumatoide e sintomas de alerta.\" \/>\n<meta property=\"og:url\" content=\"https:\/\/www.tuasaude.com\/news\/2026\/04\/30\/voce-esta-com-rigidez-nas-articulacoes-toda-manha-aqui-estao-as-causas-ligadas-a-inflamacao-sistemica-e-os-sintomas-de-alerta\/\" \/>\n<meta property=\"og:site_name\" content=\"Tua Sa\u00fade\" \/>\n<meta property=\"article:published_time\" content=\"2026-04-30T17:48:00+00:00\" \/>\n<meta property=\"og:image\" content=\"https:\/\/www.tuasaude.com\/news\/wp-content\/uploads\/2026\/04\/magnific_uma-representacao-detalha_2894469547.jpg\" \/>\n\t<meta property=\"og:image:width\" content=\"1280\" \/>\n\t<meta property=\"og:image:height\" content=\"714\" \/>\n\t<meta property=\"og:image:type\" content=\"image\/jpeg\" \/>\n<meta name=\"author\" content=\"Jeferson Henrique\" \/>\n<meta name=\"twitter:card\" content=\"summary_large_image\" \/>\n<meta name=\"twitter:label1\" content=\"Escrito por\" \/>\n\t<meta name=\"twitter:data1\" content=\"Jeferson Henrique\" \/>\n\t<meta name=\"twitter:label2\" content=\"Est. tempo de leitura\" \/>\n\t<meta name=\"twitter:data2\" content=\"4 minutos\" \/>\n<!-- \/ Yoast SEO plugin. -->","yoast_head_json":{"title":"Voc\u00ea est\u00e1 com rigidez nas articula\u00e7\u00f5es toda manh\u00e3? Aqui est\u00e3o as causas ligadas \u00e0 inflama\u00e7\u00e3o sist\u00eamica e os sintomas de alerta - Tua Sa\u00fade","description":"Entenda quando a rigidez nas articula\u00e7\u00f5es pela manh\u00e3 pode indicar inflama\u00e7\u00e3o sist\u00eamica, artrite reumatoide e sintomas de alerta.","robots":{"index":"index","follow":"follow","max-snippet":"max-snippet:-1","max-image-preview":"max-image-preview:large","max-video-preview":"max-video-preview:-1"},"canonical":"https:\/\/www.tuasaude.com\/news\/2026\/04\/30\/voce-esta-com-rigidez-nas-articulacoes-toda-manha-aqui-estao-as-causas-ligadas-a-inflamacao-sistemica-e-os-sintomas-de-alerta\/","og_locale":"pt_BR","og_type":"article","og_title":"Voc\u00ea est\u00e1 com rigidez nas articula\u00e7\u00f5es toda manh\u00e3? Aqui est\u00e3o as causas ligadas \u00e0 inflama\u00e7\u00e3o sist\u00eamica e os sintomas de alerta - Tua Sa\u00fade","og_description":"Entenda quando a rigidez nas articula\u00e7\u00f5es pela manh\u00e3 pode indicar inflama\u00e7\u00e3o sist\u00eamica, artrite reumatoide e sintomas de alerta.","og_url":"https:\/\/www.tuasaude.com\/news\/2026\/04\/30\/voce-esta-com-rigidez-nas-articulacoes-toda-manha-aqui-estao-as-causas-ligadas-a-inflamacao-sistemica-e-os-sintomas-de-alerta\/","og_site_name":"Tua Sa\u00fade","article_published_time":"2026-04-30T17:48:00+00:00","og_image":[{"width":1280,"height":714,"url":"https:\/\/www.tuasaude.com\/news\/wp-content\/uploads\/2026\/04\/magnific_uma-representacao-detalha_2894469547.jpg","type":"image\/jpeg"}],"author":"Jeferson Henrique","twitter_card":"summary_large_image","twitter_misc":{"Escrito por":"Jeferson Henrique","Est. tempo de leitura":"4 minutos"},"schema":{"@context":"https:\/\/schema.org","@graph":[{"@type":"Article","@id":"https:\/\/www.tuasaude.com\/news\/2026\/04\/30\/voce-esta-com-rigidez-nas-articulacoes-toda-manha-aqui-estao-as-causas-ligadas-a-inflamacao-sistemica-e-os-sintomas-de-alerta\/#article","isPartOf":{"@id":"https:\/\/www.tuasaude.com\/news\/2026\/04\/30\/voce-esta-com-rigidez-nas-articulacoes-toda-manha-aqui-estao-as-causas-ligadas-a-inflamacao-sistemica-e-os-sintomas-de-alerta\/"},"author":{"name":"Jeferson Henrique","@id":"https:\/\/www.tuasaude.com\/news\/#\/schema\/person\/963d63d4e1f0c81f5f3a70ba4bcb0ef7"},"headline":"Voc\u00ea est\u00e1 com rigidez nas articula\u00e7\u00f5es toda manh\u00e3? Aqui est\u00e3o as causas ligadas \u00e0 inflama\u00e7\u00e3o sist\u00eamica e os sintomas de alerta","datePublished":"2026-04-30T17:48:00+00:00","mainEntityOfPage":{"@id":"https:\/\/www.tuasaude.com\/news\/2026\/04\/30\/voce-esta-com-rigidez-nas-articulacoes-toda-manha-aqui-estao-as-causas-ligadas-a-inflamacao-sistemica-e-os-sintomas-de-alerta\/"},"wordCount":698,"commentCount":0,"image":{"@id":"https:\/\/www.tuasaude.com\/news\/2026\/04\/30\/voce-esta-com-rigidez-nas-articulacoes-toda-manha-aqui-estao-as-causas-ligadas-a-inflamacao-sistemica-e-os-sintomas-de-alerta\/#primaryimage"},"thumbnailUrl":"https:\/\/www.tuasaude.com\/news\/wp-content\/uploads\/2026\/04\/magnific_uma-representacao-detalha_2894469547.jpg","keywords":["artrite reumatoide","dor articular","inflama\u00e7\u00e3o sist\u00eamica"],"articleSection":["Sa\u00fade"],"inLanguage":"pt-BR","potentialAction":[{"@type":"CommentAction","name":"Comment","target":["https:\/\/www.tuasaude.com\/news\/2026\/04\/30\/voce-esta-com-rigidez-nas-articulacoes-toda-manha-aqui-estao-as-causas-ligadas-a-inflamacao-sistemica-e-os-sintomas-de-alerta\/#respond"]}]},{"@type":"WebPage","@id":"https:\/\/www.tuasaude.com\/news\/2026\/04\/30\/voce-esta-com-rigidez-nas-articulacoes-toda-manha-aqui-estao-as-causas-ligadas-a-inflamacao-sistemica-e-os-sintomas-de-alerta\/","url":"https:\/\/www.tuasaude.com\/news\/2026\/04\/30\/voce-esta-com-rigidez-nas-articulacoes-toda-manha-aqui-estao-as-causas-ligadas-a-inflamacao-sistemica-e-os-sintomas-de-alerta\/","name":"Voc\u00ea est\u00e1 com rigidez nas articula\u00e7\u00f5es toda manh\u00e3? Aqui est\u00e3o as causas ligadas \u00e0 inflama\u00e7\u00e3o sist\u00eamica e os sintomas de alerta - Tua Sa\u00fade","isPartOf":{"@id":"https:\/\/www.tuasaude.com\/news\/#website"},"primaryImageOfPage":{"@id":"https:\/\/www.tuasaude.com\/news\/2026\/04\/30\/voce-esta-com-rigidez-nas-articulacoes-toda-manha-aqui-estao-as-causas-ligadas-a-inflamacao-sistemica-e-os-sintomas-de-alerta\/#primaryimage"},"image":{"@id":"https:\/\/www.tuasaude.com\/news\/2026\/04\/30\/voce-esta-com-rigidez-nas-articulacoes-toda-manha-aqui-estao-as-causas-ligadas-a-inflamacao-sistemica-e-os-sintomas-de-alerta\/#primaryimage"},"thumbnailUrl":"https:\/\/www.tuasaude.com\/news\/wp-content\/uploads\/2026\/04\/magnific_uma-representacao-detalha_2894469547.jpg","datePublished":"2026-04-30T17:48:00+00:00","author":{"@id":"https:\/\/www.tuasaude.com\/news\/#\/schema\/person\/963d63d4e1f0c81f5f3a70ba4bcb0ef7"},"description":"Entenda quando a rigidez nas articula\u00e7\u00f5es pela manh\u00e3 pode indicar inflama\u00e7\u00e3o sist\u00eamica, artrite reumatoide e sintomas de alerta.","breadcrumb":{"@id":"https:\/\/www.tuasaude.com\/news\/2026\/04\/30\/voce-esta-com-rigidez-nas-articulacoes-toda-manha-aqui-estao-as-causas-ligadas-a-inflamacao-sistemica-e-os-sintomas-de-alerta\/#breadcrumb"},"inLanguage":"pt-BR","potentialAction":[{"@type":"ReadAction","target":["https:\/\/www.tuasaude.com\/news\/2026\/04\/30\/voce-esta-com-rigidez-nas-articulacoes-toda-manha-aqui-estao-as-causas-ligadas-a-inflamacao-sistemica-e-os-sintomas-de-alerta\/"]}]},{"@type":"ImageObject","inLanguage":"pt-BR","@id":"https:\/\/www.tuasaude.com\/news\/2026\/04\/30\/voce-esta-com-rigidez-nas-articulacoes-toda-manha-aqui-estao-as-causas-ligadas-a-inflamacao-sistemica-e-os-sintomas-de-alerta\/#primaryimage","url":"https:\/\/www.tuasaude.com\/news\/wp-content\/uploads\/2026\/04\/magnific_uma-representacao-detalha_2894469547.jpg","contentUrl":"https:\/\/www.tuasaude.com\/news\/wp-content\/uploads\/2026\/04\/magnific_uma-representacao-detalha_2894469547.jpg","width":1280,"height":714,"caption":"Quando vem com dor, incha\u00e7o e fadiga, pode estar ligada a doen\u00e7as autoimunes."},{"@type":"BreadcrumbList","@id":"https:\/\/www.tuasaude.com\/news\/2026\/04\/30\/voce-esta-com-rigidez-nas-articulacoes-toda-manha-aqui-estao-as-causas-ligadas-a-inflamacao-sistemica-e-os-sintomas-de-alerta\/#breadcrumb","itemListElement":[{"@type":"ListItem","position":1,"name":"In\u00edcio","item":"https:\/\/www.tuasaude.com\/news\/"},{"@type":"ListItem","position":2,"name":"Voc\u00ea est\u00e1 com rigidez nas articula\u00e7\u00f5es toda manh\u00e3? Aqui est\u00e3o as causas ligadas \u00e0 inflama\u00e7\u00e3o sist\u00eamica e os sintomas de alerta"}]},{"@type":"WebSite","@id":"https:\/\/www.tuasaude.com\/news\/#website","url":"https:\/\/www.tuasaude.com\/news\/","name":"Tua Sa\u00fade","description":"Seu site de sa\u00fade","potentialAction":[{"@type":"SearchAction","target":{"@type":"EntryPoint","urlTemplate":"https:\/\/www.tuasaude.com\/news\/?s={search_term_string}"},"query-input":{"@type":"PropertyValueSpecification","valueRequired":true,"valueName":"search_term_string"}}],"inLanguage":"pt-BR"},{"@type":"Person","@id":"https:\/\/www.tuasaude.com\/news\/#\/schema\/person\/963d63d4e1f0c81f5f3a70ba4bcb0ef7","name":"Jeferson Henrique","image":{"@type":"ImageObject","inLanguage":"pt-BR","@id":"https:\/\/www.tuasaude.com\/news\/#\/schema\/person\/image\/","url":"https:\/\/secure.gravatar.com\/avatar\/1a476a54a48eb3cdea5dd2f016708263892c6b9f5e54b641df7c65e980fd6f69?s=96&d=mm&r=g","contentUrl":"https:\/\/secure.gravatar.com\/avatar\/1a476a54a48eb3cdea5dd2f016708263892c6b9f5e54b641df7c65e980fd6f69?s=96&d=mm&r=g","caption":"Jeferson Henrique"},"sameAs":["https:\/\/www.tuasaude.com\/news\/"],"url":"https:\/\/www.tuasaude.com\/news\/author\/jeferson-henrique\/"}]}},"_links":{"self":[{"href":"https:\/\/www.tuasaude.com\/news\/wp-json\/wp\/v2\/posts\/30793","targetHints":{"allow":["GET"]}}],"collection":[{"href":"https:\/\/www.tuasaude.com\/news\/wp-json\/wp\/v2\/posts"}],"about":[{"href":"https:\/\/www.tuasaude.com\/news\/wp-json\/wp\/v2\/types\/post"}],"author":[{"embeddable":true,"href":"https:\/\/www.tuasaude.com\/news\/wp-json\/wp\/v2\/users\/12"}],"replies":[{"embeddable":true,"href":"https:\/\/www.tuasaude.com\/news\/wp-json\/wp\/v2\/comments?post=30793"}],"version-history":[{"count":2,"href":"https:\/\/www.tuasaude.com\/news\/wp-json\/wp\/v2\/posts\/30793\/revisions"}],"predecessor-version":[{"id":30799,"href":"https:\/\/www.tuasaude.com\/news\/wp-json\/wp\/v2\/posts\/30793\/revisions\/30799"}],"wp:featuredmedia":[{"embeddable":true,"href":"https:\/\/www.tuasaude.com\/news\/wp-json\/wp\/v2\/media\/31004"}],"wp:attachment":[{"href":"https:\/\/www.tuasaude.com\/news\/wp-json\/wp\/v2\/media?parent=30793"}],"wp:term":[{"taxonomy":"category","embeddable":true,"href":"https:\/\/www.tuasaude.com\/news\/wp-json\/wp\/v2\/categories?post=30793"},{"taxonomy":"post_tag","embeddable":true,"href":"https:\/\/www.tuasaude.com\/news\/wp-json\/wp\/v2\/tags?post=30793"}],"curies":[{"name":"wp","href":"https:\/\/api.w.org\/{rel}","templated":true}]}}