{"id":30470,"date":"2026-04-30T07:20:00","date_gmt":"2026-04-30T10:20:00","guid":{"rendered":"https:\/\/www.tuasaude.com\/news\/?p=30470"},"modified":"2026-04-29T17:23:42","modified_gmt":"2026-04-29T20:23:42","slug":"os-cientistas-concordam-a-deficiencia-de-vitamina-b12-esta-associada-a-uma-maior-frequencia-de-nevoa-mental-e-formigamento-nas-extremidades","status":"publish","type":"post","link":"https:\/\/www.tuasaude.com\/news\/2026\/04\/30\/os-cientistas-concordam-a-deficiencia-de-vitamina-b12-esta-associada-a-uma-maior-frequencia-de-nevoa-mental-e-formigamento-nas-extremidades\/","title":{"rendered":"Os cientistas concordam: a defici\u00eancia de vitamina B12 est\u00e1 associada a uma maior frequ\u00eancia de n\u00e9voa mental e formigamento nas extremidades"},"content":{"rendered":"\n<p>A defici\u00eancia de vitamina B12 n\u00e3o afeta apenas a disposi\u00e7\u00e3o. Quando os n\u00edveis dessa vitamina caem, o sistema nervoso pode ser diretamente prejudicado, o que ajuda a explicar sintomas como <strong>n\u00e9voa mental<\/strong>, esquecimento, dificuldade de concentra\u00e7\u00e3o e <strong>formigamento nas m\u00e3os e nos p\u00e9s<\/strong>. Isso acontece porque a B12 participa da forma\u00e7\u00e3o das c\u00e9lulas do sangue e da manuten\u00e7\u00e3o da mielina, uma camada que protege os nervos.<\/p>\n\n\n\n<p>Na pr\u00e1tica, isso significa que a falta de vitamina B12 pode passar despercebida por um tempo, mas continuar interferindo no racioc\u00ednio, na mem\u00f3ria e na sensibilidade das extremidades. Por esse motivo, o tema ganhou espa\u00e7o na nutri\u00e7\u00e3o cl\u00ednica e na neurologia, especialmente em adultos mais velhos, vegetarianos estritos e pessoas com dificuldade de absor\u00e7\u00e3o intestinal.<\/p>\n\n\n\n<h2 class=\"wp-block-heading\">Por que a falta de B12 mexe com o c\u00e9rebro e os nervos<\/h2>\n\n\n\n<p>A vitamina B12 \u00e9 essencial para o funcionamento adequado do sistema nervoso. Segundo o NIH Office of Dietary Supplements, a defici\u00eancia pode causar <strong>confus\u00e3o, mem\u00f3ria ruim, dorm\u00eancia e sensa\u00e7\u00e3o de formigamento<\/strong>, sinais t\u00edpicos de comprometimento neurol\u00f3gico.<\/p>\n\n\n\n<p>Isso ocorre porque a car\u00eancia de B12 dificulta a manuten\u00e7\u00e3o dos nervos e pode alterar a comunica\u00e7\u00e3o entre c\u00e9rebro e corpo. Com o tempo, o quadro pode afetar aten\u00e7\u00e3o, equil\u00edbrio, humor e percep\u00e7\u00e3o sensorial, mesmo antes de sintomas mais cl\u00e1ssicos, como anemia, ficarem evidentes.<\/p>\n\n\n\n<h2 class=\"wp-block-heading\">Sinais que costumam aparecer juntos<\/h2>\n\n\n\n<p>Nem sempre a defici\u00eancia se manifesta de uma \u00fanica forma. Em muitas pessoas, os sintomas neurol\u00f3gicos e f\u00edsicos aparecem ao mesmo tempo:<\/p>\n\n\n\n<ul class=\"wp-block-list\">\n<li><strong>N\u00e9voa mental<\/strong> e dificuldade para manter o foco<\/li>\n\n\n\n<li>Esquecimentos mais frequentes no dia a dia<\/li>\n\n\n\n<li><strong>Formigamento<\/strong> ou dorm\u00eancia nas m\u00e3os e nos p\u00e9s<\/li>\n\n\n\n<li>Cansa\u00e7o, fraqueza e sensa\u00e7\u00e3o de lentid\u00e3o<\/li>\n\n\n\n<li>Tontura, irritabilidade ou altera\u00e7\u00e3o de equil\u00edbrio<\/li>\n<\/ul>\n\n\n\n<p>Quando esses sinais se repetem, vale investigar a causa. Entender melhor os sintomas da <a href=\"https:\/\/www.tuasaude.com\/sintomas-da-falta-de-vitamina-b12\/\" target=\"_blank\" rel=\"noreferrer noopener\">falta de vitamina B12<\/a> ajuda a perceber quando o desconforto vai al\u00e9m de um cansa\u00e7o passageiro.<\/p>\n\n\n<div class=\"wp-block-image\">\n<figure class=\"aligncenter size-large\"><img decoding=\"async\" width=\"1024\" height=\"576\" src=\"https:\/\/www.tuasaude.com\/news\/wp-content\/uploads\/2026\/04\/ChatGPT-Image-29-de-abr.-de-2026-15_17_04-1024x576.jpg\" alt=\"Investigar os n\u00edveis de B12 ajuda a entender sintomas como n\u00e9voa mental, cansa\u00e7o e dorm\u00eancia.\" class=\"wp-image-30473\" srcset=\"https:\/\/www.tuasaude.com\/news\/wp-content\/uploads\/2026\/04\/ChatGPT-Image-29-de-abr.-de-2026-15_17_04-1024x576.jpg 1024w, https:\/\/www.tuasaude.com\/news\/wp-content\/uploads\/2026\/04\/ChatGPT-Image-29-de-abr.-de-2026-15_17_04-300x169.jpg 300w, https:\/\/www.tuasaude.com\/news\/wp-content\/uploads\/2026\/04\/ChatGPT-Image-29-de-abr.-de-2026-15_17_04-768x432.jpg 768w, https:\/\/www.tuasaude.com\/news\/wp-content\/uploads\/2026\/04\/ChatGPT-Image-29-de-abr.-de-2026-15_17_04-750x422.jpg 750w, https:\/\/www.tuasaude.com\/news\/wp-content\/uploads\/2026\/04\/ChatGPT-Image-29-de-abr.-de-2026-15_17_04-1140x641.jpg 1140w, https:\/\/www.tuasaude.com\/news\/wp-content\/uploads\/2026\/04\/ChatGPT-Image-29-de-abr.-de-2026-15_17_04.jpg 1280w\" sizes=\"(max-width: 1024px) 100vw, 1024px\" \/><figcaption class=\"wp-element-caption\">Investigar os n\u00edveis de B12 ajuda a entender sintomas como n\u00e9voa mental, cansa\u00e7o e dorm\u00eancia.<\/figcaption><\/figure>\n<\/div>\n\n\n<h2 class=\"wp-block-heading\">O que diz um estudo cient\u00edfico<\/h2>\n\n\n\n<p>Um exemplo importante \u00e9 o estudo <a href=\"https:\/\/pubmed.ncbi.nlm.nih.gov\/32206454\/\" target=\"_blank\" rel=\"noreferrer noopener\">Low Vitamin B12 Levels: An Underestimated Cause Of Minimal Cognitive Impairment And Dementia<\/a>, publicado no <em>Cureus<\/em>. Nesse artigo, os autores destacam que n\u00edveis baixos de vitamina B12 est\u00e3o associados a <strong>preju\u00edzo de cogni\u00e7\u00e3o e mem\u00f3ria<\/strong>, al\u00e9m de sensa\u00e7\u00e3o de <strong>formigamento e dorm\u00eancia<\/strong>, relacionada \u00e0 pior mieliniza\u00e7\u00e3o dos nervos.<\/p>\n\n\n\n<p>Como se trata de um estudo observacional com foco cl\u00ednico, ele n\u00e3o prova sozinho que toda n\u00e9voa mental ou todo formigamento seja causado por defici\u00eancia de B12. Ainda assim, refor\u00e7a uma concord\u00e2ncia importante na literatura m\u00e9dica: quando a vitamina est\u00e1 baixa, sintomas neurol\u00f3gicos se tornam mais frequentes e merecem aten\u00e7\u00e3o precoce.<\/p>\n\n\n\n<h2 class=\"wp-block-heading\">Quem deve ficar mais atento<\/h2>\n\n\n\n<p>Alguns grupos t\u00eam maior risco de defici\u00eancia e costumam precisar de avalia\u00e7\u00e3o mais cuidadosa:<\/p>\n\n\n\n<ul class=\"wp-block-list\">\n<li>Idosos, por redu\u00e7\u00e3o natural da absor\u00e7\u00e3o<\/li>\n\n\n\n<li>Vegetarianos estritos e veganos sem suplementa\u00e7\u00e3o adequada<\/li>\n\n\n\n<li>Pessoas com gastrite atr\u00f3fica, anemia perniciosa ou doen\u00e7as intestinais<\/li>\n\n\n\n<li>Quem usa metformina ou certos anti\u00e1cidos por longos per\u00edodos<\/li>\n<\/ul>\n\n\n\n<p>Nesses casos, a investiga\u00e7\u00e3o cl\u00ednica \u00e9 importante porque a defici\u00eancia pode evoluir de forma lenta e silenciosa, enquanto os sintomas neurol\u00f3gicos se acumulam.<\/p>\n\n\n<div class=\"wp-block-image\">\n<figure class=\"aligncenter size-large\"><img decoding=\"async\" width=\"1024\" height=\"441\" src=\"https:\/\/www.tuasaude.com\/news\/wp-content\/uploads\/2026\/04\/convertido-423-1024x441.jpg\" alt=\"Vitamina B12 Baixa: N\u00e9voa Mental e Formigamento Podem Ser Sinais de Alerta\" class=\"wp-image-30472\" srcset=\"https:\/\/www.tuasaude.com\/news\/wp-content\/uploads\/2026\/04\/convertido-423-1024x441.jpg 1024w, https:\/\/www.tuasaude.com\/news\/wp-content\/uploads\/2026\/04\/convertido-423-300x129.jpg 300w, https:\/\/www.tuasaude.com\/news\/wp-content\/uploads\/2026\/04\/convertido-423-768x331.jpg 768w, https:\/\/www.tuasaude.com\/news\/wp-content\/uploads\/2026\/04\/convertido-423-750x323.jpg 750w, https:\/\/www.tuasaude.com\/news\/wp-content\/uploads\/2026\/04\/convertido-423-1140x491.jpg 1140w, https:\/\/www.tuasaude.com\/news\/wp-content\/uploads\/2026\/04\/convertido-423.jpg 1280w\" sizes=\"(max-width: 1024px) 100vw, 1024px\" \/><figcaption class=\"wp-element-caption\">Vitamina B12 Baixa: N\u00e9voa Mental e Formigamento Podem Ser Sinais de Alerta<\/figcaption><\/figure>\n<\/div>\n\n\n<h2 class=\"wp-block-heading\">Quando a investiga\u00e7\u00e3o faz diferen\u00e7a<\/h2>\n\n\n\n<p>Reconhecer cedo a defici\u00eancia de vitamina B12 pode evitar a progress\u00e3o de sintomas que afetam racioc\u00ednio, sensibilidade e qualidade de vida. Al\u00e9m da alimenta\u00e7\u00e3o, o diagn\u00f3stico depende de avalia\u00e7\u00e3o m\u00e9dica, exames laboratoriais e an\u00e1lise da causa, j\u00e1 que nem sempre o problema est\u00e1 na ingest\u00e3o.<\/p>\n\n\n\n<p>Por isso, n\u00e9voa mental recorrente e formigamento nas extremidades n\u00e3o devem ser ignorados, principalmente quando aparecem junto de cansa\u00e7o e fraqueza. <strong>Este conte\u00fado \u00e9 apenas informativo e n\u00e3o substitui a avalia\u00e7\u00e3o de um m\u00e9dico.<\/strong><\/p>\n","protected":false},"excerpt":{"rendered":"<p>A defici\u00eancia de vitamina B12 n\u00e3o afeta apenas a disposi\u00e7\u00e3o. Quando os n\u00edveis dessa vitamina caem, o sistema nervoso pode ser diretamente prejudicado, o que ajuda a explicar sintomas como n\u00e9voa mental, esquecimento, dificuldade de concentra\u00e7\u00e3o e formigamento nas m\u00e3os e nos p\u00e9s. Isso acontece porque a B12 participa da forma\u00e7\u00e3o das c\u00e9lulas do sangue [&hellip;]<\/p>\n","protected":false},"author":12,"featured_media":30713,"comment_status":"open","ping_status":"open","sticky":false,"template":"","format":"standard","meta":{"_yoast_wpseo_focuskw":"vitamina B12","_yoast_wpseo_title":"","_yoast_wpseo_metadesc":"Entenda como a defici\u00eancia de vitamina B12 pode causar n\u00e9voa mental, formigamento, cansa\u00e7o e altera\u00e7\u00f5es neurol\u00f3gicas, segundo estudo.","jnews-multi-image_gallery":[],"jnews_single_post":{"format":"standard"},"jnews_primary_category":[],"jnews_social_meta":[],"jnews_override_counter":[],"footnotes":""},"categories":[111],"tags":[1182,2767,2433],"class_list":["post-30470","post","type-post","status-publish","format-standard","has-post-thumbnail","hentry","category-saude","tag-deficiencia-de-b12","tag-formigamento","tag-nevoa-mental"],"yoast_head":"<!-- This site is optimized with the Yoast SEO plugin v26.7 - https:\/\/yoast.com\/wordpress\/plugins\/seo\/ -->\n<title>Os cientistas concordam: a defici\u00eancia de vitamina B12 est\u00e1 associada a uma maior frequ\u00eancia de n\u00e9voa mental e formigamento nas extremidades - Tua Sa\u00fade<\/title>\n<meta name=\"description\" content=\"Entenda como a defici\u00eancia de vitamina B12 pode causar n\u00e9voa mental, formigamento, cansa\u00e7o e altera\u00e7\u00f5es neurol\u00f3gicas, segundo estudo.\" \/>\n<meta name=\"robots\" content=\"index, follow, max-snippet:-1, max-image-preview:large, max-video-preview:-1\" \/>\n<link rel=\"canonical\" href=\"https:\/\/www.tuasaude.com\/news\/2026\/04\/30\/os-cientistas-concordam-a-deficiencia-de-vitamina-b12-esta-associada-a-uma-maior-frequencia-de-nevoa-mental-e-formigamento-nas-extremidades\/\" \/>\n<meta property=\"og:locale\" content=\"pt_BR\" \/>\n<meta property=\"og:type\" content=\"article\" \/>\n<meta property=\"og:title\" content=\"Os cientistas concordam: a defici\u00eancia de vitamina B12 est\u00e1 associada a uma maior frequ\u00eancia de n\u00e9voa mental e formigamento nas extremidades - Tua Sa\u00fade\" \/>\n<meta property=\"og:description\" content=\"Entenda como a defici\u00eancia de vitamina B12 pode causar n\u00e9voa mental, formigamento, cansa\u00e7o e altera\u00e7\u00f5es neurol\u00f3gicas, segundo estudo.\" \/>\n<meta property=\"og:url\" content=\"https:\/\/www.tuasaude.com\/news\/2026\/04\/30\/os-cientistas-concordam-a-deficiencia-de-vitamina-b12-esta-associada-a-uma-maior-frequencia-de-nevoa-mental-e-formigamento-nas-extremidades\/\" \/>\n<meta property=\"og:site_name\" content=\"Tua Sa\u00fade\" \/>\n<meta property=\"article:published_time\" content=\"2026-04-30T10:20:00+00:00\" \/>\n<meta property=\"og:image\" content=\"https:\/\/www.tuasaude.com\/news\/wp-content\/uploads\/2026\/04\/magnific_uma-ilustracao-editorial-_2892703200.jpg\" \/>\n\t<meta property=\"og:image:width\" content=\"1280\" \/>\n\t<meta property=\"og:image:height\" content=\"714\" \/>\n\t<meta property=\"og:image:type\" content=\"image\/jpeg\" \/>\n<meta name=\"author\" content=\"Jeferson Henrique\" \/>\n<meta name=\"twitter:card\" content=\"summary_large_image\" \/>\n<meta name=\"twitter:label1\" content=\"Escrito por\" \/>\n\t<meta name=\"twitter:data1\" content=\"Jeferson Henrique\" \/>\n\t<meta name=\"twitter:label2\" content=\"Est. tempo de leitura\" \/>\n\t<meta name=\"twitter:data2\" content=\"4 minutos\" \/>\n<!-- \/ Yoast SEO plugin. -->","yoast_head_json":{"title":"Os cientistas concordam: a defici\u00eancia de vitamina B12 est\u00e1 associada a uma maior frequ\u00eancia de n\u00e9voa mental e formigamento nas extremidades - Tua Sa\u00fade","description":"Entenda como a defici\u00eancia de vitamina B12 pode causar n\u00e9voa mental, formigamento, cansa\u00e7o e altera\u00e7\u00f5es neurol\u00f3gicas, segundo estudo.","robots":{"index":"index","follow":"follow","max-snippet":"max-snippet:-1","max-image-preview":"max-image-preview:large","max-video-preview":"max-video-preview:-1"},"canonical":"https:\/\/www.tuasaude.com\/news\/2026\/04\/30\/os-cientistas-concordam-a-deficiencia-de-vitamina-b12-esta-associada-a-uma-maior-frequencia-de-nevoa-mental-e-formigamento-nas-extremidades\/","og_locale":"pt_BR","og_type":"article","og_title":"Os cientistas concordam: a defici\u00eancia de vitamina B12 est\u00e1 associada a uma maior frequ\u00eancia de n\u00e9voa mental e formigamento nas extremidades - Tua Sa\u00fade","og_description":"Entenda como a defici\u00eancia de vitamina B12 pode causar n\u00e9voa mental, formigamento, cansa\u00e7o e altera\u00e7\u00f5es neurol\u00f3gicas, segundo estudo.","og_url":"https:\/\/www.tuasaude.com\/news\/2026\/04\/30\/os-cientistas-concordam-a-deficiencia-de-vitamina-b12-esta-associada-a-uma-maior-frequencia-de-nevoa-mental-e-formigamento-nas-extremidades\/","og_site_name":"Tua Sa\u00fade","article_published_time":"2026-04-30T10:20:00+00:00","og_image":[{"width":1280,"height":714,"url":"https:\/\/www.tuasaude.com\/news\/wp-content\/uploads\/2026\/04\/magnific_uma-ilustracao-editorial-_2892703200.jpg","type":"image\/jpeg"}],"author":"Jeferson Henrique","twitter_card":"summary_large_image","twitter_misc":{"Escrito por":"Jeferson Henrique","Est. tempo de leitura":"4 minutos"},"schema":{"@context":"https:\/\/schema.org","@graph":[{"@type":"Article","@id":"https:\/\/www.tuasaude.com\/news\/2026\/04\/30\/os-cientistas-concordam-a-deficiencia-de-vitamina-b12-esta-associada-a-uma-maior-frequencia-de-nevoa-mental-e-formigamento-nas-extremidades\/#article","isPartOf":{"@id":"https:\/\/www.tuasaude.com\/news\/2026\/04\/30\/os-cientistas-concordam-a-deficiencia-de-vitamina-b12-esta-associada-a-uma-maior-frequencia-de-nevoa-mental-e-formigamento-nas-extremidades\/"},"author":{"name":"Jeferson Henrique","@id":"https:\/\/www.tuasaude.com\/news\/#\/schema\/person\/963d63d4e1f0c81f5f3a70ba4bcb0ef7"},"headline":"Os cientistas concordam: a defici\u00eancia de vitamina B12 est\u00e1 associada a uma maior frequ\u00eancia de n\u00e9voa mental e formigamento nas extremidades","datePublished":"2026-04-30T10:20:00+00:00","mainEntityOfPage":{"@id":"https:\/\/www.tuasaude.com\/news\/2026\/04\/30\/os-cientistas-concordam-a-deficiencia-de-vitamina-b12-esta-associada-a-uma-maior-frequencia-de-nevoa-mental-e-formigamento-nas-extremidades\/"},"wordCount":725,"commentCount":0,"image":{"@id":"https:\/\/www.tuasaude.com\/news\/2026\/04\/30\/os-cientistas-concordam-a-deficiencia-de-vitamina-b12-esta-associada-a-uma-maior-frequencia-de-nevoa-mental-e-formigamento-nas-extremidades\/#primaryimage"},"thumbnailUrl":"https:\/\/www.tuasaude.com\/news\/wp-content\/uploads\/2026\/04\/magnific_uma-ilustracao-editorial-_2892703200.jpg","keywords":["defici\u00eancia de B12","Formigamento","n\u00e9voa mental"],"articleSection":["Sa\u00fade"],"inLanguage":"pt-BR","potentialAction":[{"@type":"CommentAction","name":"Comment","target":["https:\/\/www.tuasaude.com\/news\/2026\/04\/30\/os-cientistas-concordam-a-deficiencia-de-vitamina-b12-esta-associada-a-uma-maior-frequencia-de-nevoa-mental-e-formigamento-nas-extremidades\/#respond"]}]},{"@type":"WebPage","@id":"https:\/\/www.tuasaude.com\/news\/2026\/04\/30\/os-cientistas-concordam-a-deficiencia-de-vitamina-b12-esta-associada-a-uma-maior-frequencia-de-nevoa-mental-e-formigamento-nas-extremidades\/","url":"https:\/\/www.tuasaude.com\/news\/2026\/04\/30\/os-cientistas-concordam-a-deficiencia-de-vitamina-b12-esta-associada-a-uma-maior-frequencia-de-nevoa-mental-e-formigamento-nas-extremidades\/","name":"Os cientistas concordam: a defici\u00eancia de vitamina B12 est\u00e1 associada a uma maior frequ\u00eancia de n\u00e9voa mental e formigamento nas extremidades - Tua Sa\u00fade","isPartOf":{"@id":"https:\/\/www.tuasaude.com\/news\/#website"},"primaryImageOfPage":{"@id":"https:\/\/www.tuasaude.com\/news\/2026\/04\/30\/os-cientistas-concordam-a-deficiencia-de-vitamina-b12-esta-associada-a-uma-maior-frequencia-de-nevoa-mental-e-formigamento-nas-extremidades\/#primaryimage"},"image":{"@id":"https:\/\/www.tuasaude.com\/news\/2026\/04\/30\/os-cientistas-concordam-a-deficiencia-de-vitamina-b12-esta-associada-a-uma-maior-frequencia-de-nevoa-mental-e-formigamento-nas-extremidades\/#primaryimage"},"thumbnailUrl":"https:\/\/www.tuasaude.com\/news\/wp-content\/uploads\/2026\/04\/magnific_uma-ilustracao-editorial-_2892703200.jpg","datePublished":"2026-04-30T10:20:00+00:00","author":{"@id":"https:\/\/www.tuasaude.com\/news\/#\/schema\/person\/963d63d4e1f0c81f5f3a70ba4bcb0ef7"},"description":"Entenda como a defici\u00eancia de vitamina B12 pode causar n\u00e9voa mental, formigamento, cansa\u00e7o e altera\u00e7\u00f5es neurol\u00f3gicas, segundo estudo.","breadcrumb":{"@id":"https:\/\/www.tuasaude.com\/news\/2026\/04\/30\/os-cientistas-concordam-a-deficiencia-de-vitamina-b12-esta-associada-a-uma-maior-frequencia-de-nevoa-mental-e-formigamento-nas-extremidades\/#breadcrumb"},"inLanguage":"pt-BR","potentialAction":[{"@type":"ReadAction","target":["https:\/\/www.tuasaude.com\/news\/2026\/04\/30\/os-cientistas-concordam-a-deficiencia-de-vitamina-b12-esta-associada-a-uma-maior-frequencia-de-nevoa-mental-e-formigamento-nas-extremidades\/"]}]},{"@type":"ImageObject","inLanguage":"pt-BR","@id":"https:\/\/www.tuasaude.com\/news\/2026\/04\/30\/os-cientistas-concordam-a-deficiencia-de-vitamina-b12-esta-associada-a-uma-maior-frequencia-de-nevoa-mental-e-formigamento-nas-extremidades\/#primaryimage","url":"https:\/\/www.tuasaude.com\/news\/wp-content\/uploads\/2026\/04\/magnific_uma-ilustracao-editorial-_2892703200.jpg","contentUrl":"https:\/\/www.tuasaude.com\/news\/wp-content\/uploads\/2026\/04\/magnific_uma-ilustracao-editorial-_2892703200.jpg","width":1280,"height":714,"caption":"N\u00e9voa mental e formigamento podem ser sinais de falta de B12."},{"@type":"BreadcrumbList","@id":"https:\/\/www.tuasaude.com\/news\/2026\/04\/30\/os-cientistas-concordam-a-deficiencia-de-vitamina-b12-esta-associada-a-uma-maior-frequencia-de-nevoa-mental-e-formigamento-nas-extremidades\/#breadcrumb","itemListElement":[{"@type":"ListItem","position":1,"name":"In\u00edcio","item":"https:\/\/www.tuasaude.com\/news\/"},{"@type":"ListItem","position":2,"name":"Os cientistas concordam: a defici\u00eancia de vitamina B12 est\u00e1 associada a uma maior frequ\u00eancia de n\u00e9voa mental e formigamento nas extremidades"}]},{"@type":"WebSite","@id":"https:\/\/www.tuasaude.com\/news\/#website","url":"https:\/\/www.tuasaude.com\/news\/","name":"Tua Sa\u00fade","description":"Seu site de sa\u00fade","potentialAction":[{"@type":"SearchAction","target":{"@type":"EntryPoint","urlTemplate":"https:\/\/www.tuasaude.com\/news\/?s={search_term_string}"},"query-input":{"@type":"PropertyValueSpecification","valueRequired":true,"valueName":"search_term_string"}}],"inLanguage":"pt-BR"},{"@type":"Person","@id":"https:\/\/www.tuasaude.com\/news\/#\/schema\/person\/963d63d4e1f0c81f5f3a70ba4bcb0ef7","name":"Jeferson Henrique","image":{"@type":"ImageObject","inLanguage":"pt-BR","@id":"https:\/\/www.tuasaude.com\/news\/#\/schema\/person\/image\/","url":"https:\/\/secure.gravatar.com\/avatar\/1a476a54a48eb3cdea5dd2f016708263892c6b9f5e54b641df7c65e980fd6f69?s=96&d=mm&r=g","contentUrl":"https:\/\/secure.gravatar.com\/avatar\/1a476a54a48eb3cdea5dd2f016708263892c6b9f5e54b641df7c65e980fd6f69?s=96&d=mm&r=g","caption":"Jeferson Henrique"},"sameAs":["https:\/\/www.tuasaude.com\/news\/"],"url":"https:\/\/www.tuasaude.com\/news\/author\/jeferson-henrique\/"}]}},"_links":{"self":[{"href":"https:\/\/www.tuasaude.com\/news\/wp-json\/wp\/v2\/posts\/30470","targetHints":{"allow":["GET"]}}],"collection":[{"href":"https:\/\/www.tuasaude.com\/news\/wp-json\/wp\/v2\/posts"}],"about":[{"href":"https:\/\/www.tuasaude.com\/news\/wp-json\/wp\/v2\/types\/post"}],"author":[{"embeddable":true,"href":"https:\/\/www.tuasaude.com\/news\/wp-json\/wp\/v2\/users\/12"}],"replies":[{"embeddable":true,"href":"https:\/\/www.tuasaude.com\/news\/wp-json\/wp\/v2\/comments?post=30470"}],"version-history":[{"count":2,"href":"https:\/\/www.tuasaude.com\/news\/wp-json\/wp\/v2\/posts\/30470\/revisions"}],"predecessor-version":[{"id":30474,"href":"https:\/\/www.tuasaude.com\/news\/wp-json\/wp\/v2\/posts\/30470\/revisions\/30474"}],"wp:featuredmedia":[{"embeddable":true,"href":"https:\/\/www.tuasaude.com\/news\/wp-json\/wp\/v2\/media\/30713"}],"wp:attachment":[{"href":"https:\/\/www.tuasaude.com\/news\/wp-json\/wp\/v2\/media?parent=30470"}],"wp:term":[{"taxonomy":"category","embeddable":true,"href":"https:\/\/www.tuasaude.com\/news\/wp-json\/wp\/v2\/categories?post=30470"},{"taxonomy":"post_tag","embeddable":true,"href":"https:\/\/www.tuasaude.com\/news\/wp-json\/wp\/v2\/tags?post=30470"}],"curies":[{"name":"wp","href":"https:\/\/api.w.org\/{rel}","templated":true}]}}