{"id":30273,"date":"2026-04-30T06:00:30","date_gmt":"2026-04-30T09:00:30","guid":{"rendered":"https:\/\/www.tuasaude.com\/news\/?p=30273"},"modified":"2026-04-30T06:00:31","modified_gmt":"2026-04-30T09:00:31","slug":"a-falta-de-ferro-nao-se-deve-apenas-ao-baixo-consumo-de-carne-mas-sim-ao-excesso-de-cha-e-cafe-que-bloqueiam-sua-absorcao","status":"publish","type":"post","link":"https:\/\/www.tuasaude.com\/news\/2026\/04\/30\/a-falta-de-ferro-nao-se-deve-apenas-ao-baixo-consumo-de-carne-mas-sim-ao-excesso-de-cha-e-cafe-que-bloqueiam-sua-absorcao\/","title":{"rendered":"A falta de ferro n\u00e3o se deve apenas ao baixo consumo de carne, mas sim ao excesso de ch\u00e1 e caf\u00e9 que bloqueiam sua absor\u00e7\u00e3o"},"content":{"rendered":"\n<p><strong>Defici\u00eancia de ferro<\/strong> nem sempre aparece s\u00f3 por pouca carne no prato. Em muitos casos, a queda no aproveitamento do mineral tem rela\u00e7\u00e3o com a <strong>absor\u00e7\u00e3o de nutrientes<\/strong>, especialmente quando <strong>ch\u00e1<\/strong> e <strong>caf\u00e9<\/strong> s\u00e3o consumidos junto das refei\u00e7\u00f5es. Esse detalhe muda bastante o risco de <strong>anemia<\/strong>, sobretudo em mulheres, gestantes, crian\u00e7as e pessoas com dieta baseada em feij\u00e3o, folhas e cereais.<\/p>\n\n\n\n<h2 class=\"wp-block-heading\">Por que o ferro pode faltar mesmo com uma alimenta\u00e7\u00e3o variada?<\/h2>\n\n\n\n<p>O organismo depende n\u00e3o apenas da quantidade ingerida, mas tamb\u00e9m da forma como esse ferro chega ao intestino e \u00e9 absorvido. O ferro heme, presente em carnes e v\u00edsceras, costuma ter melhor aproveitamento. J\u00e1 o ferro n\u00e3o heme, encontrado em feij\u00e3o, lentilha, tofu, aveia e vegetais verde-escuros, sofre mais interfer\u00eancia de compostos presentes em bebidas e outros alimentos.<\/p>\n\n\n\n<p>Na pr\u00e1tica, a defici\u00eancia de ferro pode surgir quando h\u00e1 consumo frequente de caf\u00e9 ou ch\u00e1 no almo\u00e7o e no jantar, perda sangu\u00ednea menstrual, baixa ingest\u00e3o de vitamina C ou dietas muito restritivas. Isso ajuda a explicar por que exames como hemoglobina, ferritina e satura\u00e7\u00e3o de transferrina podem cair mesmo em quem acredita comer bem.<\/p>\n\n\n\n<h2 class=\"wp-block-heading\">O que os estudos mostram sobre ch\u00e1, caf\u00e9 e absor\u00e7\u00e3o de ferro?<\/h2>\n\n\n\n<p>Esse efeito n\u00e3o \u00e9 apenas observa\u00e7\u00e3o cl\u00ednica. Segundo a <strong>revis\u00e3o sistem\u00e1tica<\/strong> <a href=\"https:\/\/pubmed.ncbi.nlm.nih.gov\/23719560\/\" target=\"_blank\" rel=\"noopener noreferrer\">The absorption of iron from whole diets<\/a>, publicada no <strong>American Journal of Clinical Nutrition<\/strong>, a absor\u00e7\u00e3o do ferro varia conforme o padr\u00e3o alimentar e a presen\u00e7a de fatores que aumentam ou reduzem sua biodisponibilidade. Quando a refei\u00e7\u00e3o inclui inibidores, o aproveitamento intestinal tende a cair.<\/p>\n\n\n\n<p>Estudos cl\u00e1ssicos em humanos refor\u00e7am esse mecanismo. O ch\u00e1 \u00e9 rico em taninos e o caf\u00e9 cont\u00e9m polifen\u00f3is capazes de formar complexos com o ferro n\u00e3o heme, dificultando sua passagem pelo intestino. Isso pesa mais quando a refei\u00e7\u00e3o tem feij\u00e3o, cereais e hortali\u00e7as, e menos quando h\u00e1 maior presen\u00e7a de ferro heme vindo de carnes.<\/p>\n\n\n<div class=\"wp-block-image\">\n<figure class=\"aligncenter\"><img decoding=\"async\" src=\"https:\/\/www.tuasaude.com\/news\/wp-content\/uploads\/2026\/04\/a-falta-de-ferro-nao-se-deve-apenas-ao-baixo-consumo-de-corpo.jpg\" alt=\"Combina\u00e7\u00f5es com vitamina C ajudam o organismo a aproveitar melhor o ferro.\"\/><figcaption class=\"wp-element-caption\">Combina\u00e7\u00f5es com vitamina C ajudam o organismo a aproveitar melhor o ferro.<\/figcaption><\/figure>\n<\/div>\n\n\n<h2 class=\"wp-block-heading\">Quais sinais merecem aten\u00e7\u00e3o quando a anemia come\u00e7a a aparecer?<\/h2>\n\n\n\n<p>A anemia por defici\u00eancia de ferro costuma se instalar aos poucos. Cansa\u00e7o fora do habitual, falta de ar aos esfor\u00e7os, palidez, dor de cabe\u00e7a, tontura, queda de cabelo e dificuldade de concentra\u00e7\u00e3o s\u00e3o sinais comuns. Em crian\u00e7as, pode haver irritabilidade e piora do apetite. Em gestantes, a car\u00eancia do mineral exige ainda mais aten\u00e7\u00e3o por causa do aumento da demanda.<\/p>\n\n\n\n<p>Alguns ind\u00edcios aparecem antes mesmo da anemia se confirmar no hemograma:<\/p>\n\n\n\n<ul class=\"wp-block-list\">\n<li>fraqueza persistente ao fim do dia<\/li>\n\n\n\n<li>unhas mais fr\u00e1geis<\/li>\n\n\n\n<li>vontade de mastigar gelo<\/li>\n\n\n\n<li>queda de rendimento f\u00edsico<\/li>\n\n\n\n<li>sensa\u00e7\u00e3o de cora\u00e7\u00e3o acelerado em esfor\u00e7os leves<\/li>\n<\/ul>\n\n\n\n<p>Esses sinais n\u00e3o fecham diagn\u00f3stico sozinhos, mas justificam avalia\u00e7\u00e3o cl\u00ednica e exames laboratoriais.<\/p>\n\n\n\n<h2 class=\"wp-block-heading\">Como combinar os alimentos para melhorar a absor\u00e7\u00e3o de nutrientes?<\/h2>\n\n\n\n<p>A melhor estrat\u00e9gia \u00e9 pensar na refei\u00e7\u00e3o como um conjunto. Feij\u00e3o com carne, lentilha com piment\u00e3o, gr\u00e3o-de-bico com tomate e folhas com frutas c\u00edtricas ajudam a elevar a biodisponibilidade do ferro. Para quem quer organizar melhor o card\u00e1pio, vale consultar a lista de <a href=\"https:\/\/www.tuasaude.com\/alimentos-ricos-em-ferro\/\" target=\"_blank\" rel=\"noopener noreferrer\">alimentos ricos em ferro<\/a> e observar quais combina\u00e7\u00f5es favorecem o aproveitamento do mineral.<\/p>\n\n\n\n<p>Alguns h\u00e1bitos simples ajudam bastante:<\/p>\n\n\n\n<ul class=\"wp-block-list\">\n<li>deixar caf\u00e9 e ch\u00e1 para pelo menos <strong>1 hora<\/strong> ap\u00f3s as principais refei\u00e7\u00f5es<\/li>\n\n\n\n<li>associar fontes vegetais de ferro com vitamina C, como laranja, acerola, kiwi ou lim\u00e3o<\/li>\n\n\n\n<li>incluir carnes, v\u00edsceras ou peixes quando houver indica\u00e7\u00e3o e toler\u00e2ncia<\/li>\n\n\n\n<li>evitar excesso de c\u00e1lcio na mesma refei\u00e7\u00e3o, como grandes por\u00e7\u00f5es de leite e queijo<\/li>\n\n\n\n<li>variar leguminosas, como feij\u00e3o, lentilha, ervilha e gr\u00e3o-de-bico<\/li>\n<\/ul>\n\n\n\n<h2 class=\"wp-block-heading\">Todo ch\u00e1 e todo caf\u00e9 atrapalham do mesmo jeito?<\/h2>\n\n\n\n<p>Nem sempre. O impacto depende da quantidade, da concentra\u00e7\u00e3o da bebida, do hor\u00e1rio e do tipo de refei\u00e7\u00e3o. Uma x\u00edcara forte tomada junto do almo\u00e7o tende a interferir mais do que a mesma bebida duas horas depois. Ch\u00e1 preto, ch\u00e1 verde e outras infus\u00f5es ricas em polifen\u00f3is costumam ter efeito mais evidente sobre o ferro n\u00e3o heme.<\/p>\n\n\n\n<p>Isso n\u00e3o significa que ch\u00e1 e caf\u00e9 precisem ser proibidos. O ponto central \u00e9 o contexto. Quem j\u00e1 tem ferritina baixa, fluxo menstrual intenso, gesta\u00e7\u00e3o, sangramento digestivo, dieta vegetariana mal planejada ou hist\u00f3rico de anemia precisa ser mais cuidadoso com esse intervalo entre bebida e refei\u00e7\u00e3o.<\/p>\n\n\n\n<h2 class=\"wp-block-heading\">Quando a alimenta\u00e7\u00e3o n\u00e3o basta para corrigir a defici\u00eancia de ferro?<\/h2>\n\n\n\n<p>Em alguns casos, ajustar o prato n\u00e3o resolve sozinho. Se existe anemia instalada, ferritina muito baixa, sangramento frequente, doen\u00e7a intestinal, cirurgia bari\u00e1trica ou maior necessidade fisiol\u00f3gica, o tratamento pode incluir suplementa\u00e7\u00e3o. Nessa fase, insistir apenas em alimentos ricos em ferro sem investigar a causa atrasa a recupera\u00e7\u00e3o e mant\u00e9m sintomas como fadiga e queda de desempenho.<\/p>\n\n\n\n<p>O manejo correto depende do motivo da defici\u00eancia de ferro, da intensidade da anemia e da resposta aos exames de controle. Tamb\u00e9m \u00e9 importante revisar hor\u00e1rios de caf\u00e9, ch\u00e1, leite, anti\u00e1cidos e suplementos, porque todos eles podem interferir na absor\u00e7\u00e3o de nutrientes e no resultado do tratamento.<\/p>\n\n\n\n<p>Quando o corpo aproveita mal o ferro, o problema n\u00e3o est\u00e1 s\u00f3 no card\u00e1pio, mas no encontro entre alimento, intestino e rotina. Observar o hor\u00e1rio do ch\u00e1 e do caf\u00e9, melhorar a combina\u00e7\u00e3o das refei\u00e7\u00f5es e investigar sinais de anemia costuma fazer mais diferen\u00e7a do que apenas aumentar o consumo de carne, especialmente quando a ferritina j\u00e1 est\u00e1 em queda.<\/p>\n\n\n\n<p>Este conte\u00fado tem car\u00e1ter exclusivamente informativo e <strong>n\u00e3o substitui a avalia\u00e7\u00e3o<\/strong>, o diagn\u00f3stico ou o acompanhamento de um profissional de sa\u00fade. Se voc\u00ea apresenta sintomas ou tem d\u00favidas sobre sua condi\u00e7\u00e3o, procure orienta\u00e7\u00e3o m\u00e9dica.<\/p>\n","protected":false},"excerpt":{"rendered":"<p>Defici\u00eancia de ferro nem sempre aparece s\u00f3 por pouca carne no prato. Em muitos casos, a queda no aproveitamento do mineral tem rela\u00e7\u00e3o com a absor\u00e7\u00e3o de nutrientes, especialmente quando ch\u00e1 e caf\u00e9 s\u00e3o consumidos junto das refei\u00e7\u00f5es. Esse detalhe muda bastante o risco de anemia, sobretudo em mulheres, gestantes, crian\u00e7as e pessoas com dieta [&hellip;]<\/p>\n","protected":false},"author":6,"featured_media":30271,"comment_status":"open","ping_status":"open","sticky":false,"template":"","format":"standard","meta":{"_yoast_wpseo_focuskw":"defici\u00eancia de ferro","_yoast_wpseo_title":"","_yoast_wpseo_metadesc":"A rela\u00e7\u00e3o entre defici\u00eancia de ferro, ch\u00e1 e caf\u00e9 vai al\u00e9m do que parece, e um detalhe nas refei\u00e7\u00f5es pode mudar o risco de anemia.","jnews-multi-image_gallery":[],"jnews_single_post":{"format":"standard"},"jnews_primary_category":[],"jnews_social_meta":[],"jnews_override_counter":[],"footnotes":""},"categories":[110],"tags":[5458,2551,227,1205,1066,152],"class_list":["post-30273","post","type-post","status-publish","format-standard","has-post-thumbnail","hentry","category-nutricao","tag-5-pequenos-habitos-para-cuidar-da-sua-microbiota-intestinal-e-evitar-o-inchaco","tag-absorcao-de-nutrientes","tag-anemia","tag-cafe","tag-deficiencia-de-ferro","tag-nutricao"],"yoast_head":"<!-- This site is optimized with the Yoast SEO plugin v26.7 - https:\/\/yoast.com\/wordpress\/plugins\/seo\/ -->\n<title>A falta de ferro n\u00e3o se deve apenas ao baixo consumo de carne, mas sim ao excesso de ch\u00e1 e caf\u00e9 que bloqueiam sua absor\u00e7\u00e3o - Tua Sa\u00fade<\/title>\n<meta name=\"description\" content=\"A rela\u00e7\u00e3o entre defici\u00eancia de ferro, ch\u00e1 e caf\u00e9 vai al\u00e9m do que parece, e um detalhe nas refei\u00e7\u00f5es pode mudar o risco de anemia.\" \/>\n<meta name=\"robots\" content=\"index, follow, max-snippet:-1, max-image-preview:large, max-video-preview:-1\" \/>\n<link rel=\"canonical\" href=\"https:\/\/www.tuasaude.com\/news\/2026\/04\/30\/a-falta-de-ferro-nao-se-deve-apenas-ao-baixo-consumo-de-carne-mas-sim-ao-excesso-de-cha-e-cafe-que-bloqueiam-sua-absorcao\/\" \/>\n<meta property=\"og:locale\" content=\"pt_BR\" \/>\n<meta property=\"og:type\" content=\"article\" \/>\n<meta property=\"og:title\" content=\"A falta de ferro n\u00e3o se deve apenas ao baixo consumo de carne, mas sim ao excesso de ch\u00e1 e caf\u00e9 que bloqueiam sua absor\u00e7\u00e3o - Tua Sa\u00fade\" \/>\n<meta property=\"og:description\" content=\"A rela\u00e7\u00e3o entre defici\u00eancia de ferro, ch\u00e1 e caf\u00e9 vai al\u00e9m do que parece, e um detalhe nas refei\u00e7\u00f5es pode mudar o risco de anemia.\" \/>\n<meta property=\"og:url\" content=\"https:\/\/www.tuasaude.com\/news\/2026\/04\/30\/a-falta-de-ferro-nao-se-deve-apenas-ao-baixo-consumo-de-carne-mas-sim-ao-excesso-de-cha-e-cafe-que-bloqueiam-sua-absorcao\/\" \/>\n<meta property=\"og:site_name\" content=\"Tua Sa\u00fade\" \/>\n<meta property=\"article:published_time\" content=\"2026-04-30T09:00:30+00:00\" \/>\n<meta property=\"article:modified_time\" content=\"2026-04-30T09:00:31+00:00\" \/>\n<meta property=\"og:image\" content=\"https:\/\/www.tuasaude.com\/news\/wp-content\/uploads\/2026\/04\/a-falta-de-ferro-nao-se-deve-apenas-ao-baixo-consumo-de-carn.jpg\" \/>\n\t<meta property=\"og:image:width\" content=\"1280\" \/>\n\t<meta property=\"og:image:height\" content=\"720\" \/>\n\t<meta property=\"og:image:type\" content=\"image\/jpeg\" \/>\n<meta name=\"author\" content=\"Gabriel Leme\" \/>\n<meta name=\"twitter:card\" content=\"summary_large_image\" \/>\n<meta name=\"twitter:label1\" content=\"Escrito por\" \/>\n\t<meta name=\"twitter:data1\" content=\"Gabriel Leme\" \/>\n\t<meta name=\"twitter:label2\" content=\"Est. tempo de leitura\" \/>\n\t<meta name=\"twitter:data2\" content=\"6 minutos\" \/>\n<!-- \/ Yoast SEO plugin. -->","yoast_head_json":{"title":"A falta de ferro n\u00e3o se deve apenas ao baixo consumo de carne, mas sim ao excesso de ch\u00e1 e caf\u00e9 que bloqueiam sua absor\u00e7\u00e3o - Tua Sa\u00fade","description":"A rela\u00e7\u00e3o entre defici\u00eancia de ferro, ch\u00e1 e caf\u00e9 vai al\u00e9m do que parece, e um detalhe nas refei\u00e7\u00f5es pode mudar o risco de anemia.","robots":{"index":"index","follow":"follow","max-snippet":"max-snippet:-1","max-image-preview":"max-image-preview:large","max-video-preview":"max-video-preview:-1"},"canonical":"https:\/\/www.tuasaude.com\/news\/2026\/04\/30\/a-falta-de-ferro-nao-se-deve-apenas-ao-baixo-consumo-de-carne-mas-sim-ao-excesso-de-cha-e-cafe-que-bloqueiam-sua-absorcao\/","og_locale":"pt_BR","og_type":"article","og_title":"A falta de ferro n\u00e3o se deve apenas ao baixo consumo de carne, mas sim ao excesso de ch\u00e1 e caf\u00e9 que bloqueiam sua absor\u00e7\u00e3o - Tua Sa\u00fade","og_description":"A rela\u00e7\u00e3o entre defici\u00eancia de ferro, ch\u00e1 e caf\u00e9 vai al\u00e9m do que parece, e um detalhe nas refei\u00e7\u00f5es pode mudar o risco de anemia.","og_url":"https:\/\/www.tuasaude.com\/news\/2026\/04\/30\/a-falta-de-ferro-nao-se-deve-apenas-ao-baixo-consumo-de-carne-mas-sim-ao-excesso-de-cha-e-cafe-que-bloqueiam-sua-absorcao\/","og_site_name":"Tua Sa\u00fade","article_published_time":"2026-04-30T09:00:30+00:00","article_modified_time":"2026-04-30T09:00:31+00:00","og_image":[{"width":1280,"height":720,"url":"https:\/\/www.tuasaude.com\/news\/wp-content\/uploads\/2026\/04\/a-falta-de-ferro-nao-se-deve-apenas-ao-baixo-consumo-de-carn.jpg","type":"image\/jpeg"}],"author":"Gabriel Leme","twitter_card":"summary_large_image","twitter_misc":{"Escrito por":"Gabriel Leme","Est. tempo de leitura":"6 minutos"},"schema":{"@context":"https:\/\/schema.org","@graph":[{"@type":"Article","@id":"https:\/\/www.tuasaude.com\/news\/2026\/04\/30\/a-falta-de-ferro-nao-se-deve-apenas-ao-baixo-consumo-de-carne-mas-sim-ao-excesso-de-cha-e-cafe-que-bloqueiam-sua-absorcao\/#article","isPartOf":{"@id":"https:\/\/www.tuasaude.com\/news\/2026\/04\/30\/a-falta-de-ferro-nao-se-deve-apenas-ao-baixo-consumo-de-carne-mas-sim-ao-excesso-de-cha-e-cafe-que-bloqueiam-sua-absorcao\/"},"author":{"name":"Gabriel Leme","@id":"https:\/\/www.tuasaude.com\/news\/#\/schema\/person\/bf512a2e53b74f5544ff3040f496e593"},"headline":"A falta de ferro n\u00e3o se deve apenas ao baixo consumo de carne, mas sim ao excesso de ch\u00e1 e caf\u00e9 que bloqueiam sua absor\u00e7\u00e3o","datePublished":"2026-04-30T09:00:30+00:00","dateModified":"2026-04-30T09:00:31+00:00","mainEntityOfPage":{"@id":"https:\/\/www.tuasaude.com\/news\/2026\/04\/30\/a-falta-de-ferro-nao-se-deve-apenas-ao-baixo-consumo-de-carne-mas-sim-ao-excesso-de-cha-e-cafe-que-bloqueiam-sua-absorcao\/"},"wordCount":1033,"commentCount":0,"image":{"@id":"https:\/\/www.tuasaude.com\/news\/2026\/04\/30\/a-falta-de-ferro-nao-se-deve-apenas-ao-baixo-consumo-de-carne-mas-sim-ao-excesso-de-cha-e-cafe-que-bloqueiam-sua-absorcao\/#primaryimage"},"thumbnailUrl":"https:\/\/www.tuasaude.com\/news\/wp-content\/uploads\/2026\/04\/a-falta-de-ferro-nao-se-deve-apenas-ao-baixo-consumo-de-carn.jpg","keywords":["5 pequenos h\u00e1bitos para cuidar da sua microbiota intestinal e evitar o incha\u00e7o","absor\u00e7\u00e3o de nutrientes","anemia","caf\u00e9","defici\u00eancia de ferro","nutri\u00e7\u00e3o"],"articleSection":["Nutri\u00e7\u00e3o"],"inLanguage":"pt-BR","potentialAction":[{"@type":"CommentAction","name":"Comment","target":["https:\/\/www.tuasaude.com\/news\/2026\/04\/30\/a-falta-de-ferro-nao-se-deve-apenas-ao-baixo-consumo-de-carne-mas-sim-ao-excesso-de-cha-e-cafe-que-bloqueiam-sua-absorcao\/#respond"]}]},{"@type":"WebPage","@id":"https:\/\/www.tuasaude.com\/news\/2026\/04\/30\/a-falta-de-ferro-nao-se-deve-apenas-ao-baixo-consumo-de-carne-mas-sim-ao-excesso-de-cha-e-cafe-que-bloqueiam-sua-absorcao\/","url":"https:\/\/www.tuasaude.com\/news\/2026\/04\/30\/a-falta-de-ferro-nao-se-deve-apenas-ao-baixo-consumo-de-carne-mas-sim-ao-excesso-de-cha-e-cafe-que-bloqueiam-sua-absorcao\/","name":"A falta de ferro n\u00e3o se deve apenas ao baixo consumo de carne, mas sim ao excesso de ch\u00e1 e caf\u00e9 que bloqueiam sua absor\u00e7\u00e3o - Tua Sa\u00fade","isPartOf":{"@id":"https:\/\/www.tuasaude.com\/news\/#website"},"primaryImageOfPage":{"@id":"https:\/\/www.tuasaude.com\/news\/2026\/04\/30\/a-falta-de-ferro-nao-se-deve-apenas-ao-baixo-consumo-de-carne-mas-sim-ao-excesso-de-cha-e-cafe-que-bloqueiam-sua-absorcao\/#primaryimage"},"image":{"@id":"https:\/\/www.tuasaude.com\/news\/2026\/04\/30\/a-falta-de-ferro-nao-se-deve-apenas-ao-baixo-consumo-de-carne-mas-sim-ao-excesso-de-cha-e-cafe-que-bloqueiam-sua-absorcao\/#primaryimage"},"thumbnailUrl":"https:\/\/www.tuasaude.com\/news\/wp-content\/uploads\/2026\/04\/a-falta-de-ferro-nao-se-deve-apenas-ao-baixo-consumo-de-carn.jpg","datePublished":"2026-04-30T09:00:30+00:00","dateModified":"2026-04-30T09:00:31+00:00","author":{"@id":"https:\/\/www.tuasaude.com\/news\/#\/schema\/person\/bf512a2e53b74f5544ff3040f496e593"},"description":"A rela\u00e7\u00e3o entre defici\u00eancia de ferro, ch\u00e1 e caf\u00e9 vai al\u00e9m do que parece, e um detalhe nas refei\u00e7\u00f5es pode mudar o risco de anemia.","breadcrumb":{"@id":"https:\/\/www.tuasaude.com\/news\/2026\/04\/30\/a-falta-de-ferro-nao-se-deve-apenas-ao-baixo-consumo-de-carne-mas-sim-ao-excesso-de-cha-e-cafe-que-bloqueiam-sua-absorcao\/#breadcrumb"},"inLanguage":"pt-BR","potentialAction":[{"@type":"ReadAction","target":["https:\/\/www.tuasaude.com\/news\/2026\/04\/30\/a-falta-de-ferro-nao-se-deve-apenas-ao-baixo-consumo-de-carne-mas-sim-ao-excesso-de-cha-e-cafe-que-bloqueiam-sua-absorcao\/"]}]},{"@type":"ImageObject","inLanguage":"pt-BR","@id":"https:\/\/www.tuasaude.com\/news\/2026\/04\/30\/a-falta-de-ferro-nao-se-deve-apenas-ao-baixo-consumo-de-carne-mas-sim-ao-excesso-de-cha-e-cafe-que-bloqueiam-sua-absorcao\/#primaryimage","url":"https:\/\/www.tuasaude.com\/news\/wp-content\/uploads\/2026\/04\/a-falta-de-ferro-nao-se-deve-apenas-ao-baixo-consumo-de-carn.jpg","contentUrl":"https:\/\/www.tuasaude.com\/news\/wp-content\/uploads\/2026\/04\/a-falta-de-ferro-nao-se-deve-apenas-ao-baixo-consumo-de-carn.jpg","width":1280,"height":720,"caption":"Caf\u00e9 nas refei\u00e7\u00f5es pode reduzir a absor\u00e7\u00e3o de ferro e aumentar anemia."},{"@type":"BreadcrumbList","@id":"https:\/\/www.tuasaude.com\/news\/2026\/04\/30\/a-falta-de-ferro-nao-se-deve-apenas-ao-baixo-consumo-de-carne-mas-sim-ao-excesso-de-cha-e-cafe-que-bloqueiam-sua-absorcao\/#breadcrumb","itemListElement":[{"@type":"ListItem","position":1,"name":"In\u00edcio","item":"https:\/\/www.tuasaude.com\/news\/"},{"@type":"ListItem","position":2,"name":"A falta de ferro n\u00e3o se deve apenas ao baixo consumo de carne, mas sim ao excesso de ch\u00e1 e caf\u00e9 que bloqueiam sua absor\u00e7\u00e3o"}]},{"@type":"WebSite","@id":"https:\/\/www.tuasaude.com\/news\/#website","url":"https:\/\/www.tuasaude.com\/news\/","name":"Tua Sa\u00fade","description":"Seu site de sa\u00fade","potentialAction":[{"@type":"SearchAction","target":{"@type":"EntryPoint","urlTemplate":"https:\/\/www.tuasaude.com\/news\/?s={search_term_string}"},"query-input":{"@type":"PropertyValueSpecification","valueRequired":true,"valueName":"search_term_string"}}],"inLanguage":"pt-BR"},{"@type":"Person","@id":"https:\/\/www.tuasaude.com\/news\/#\/schema\/person\/bf512a2e53b74f5544ff3040f496e593","name":"Gabriel Leme","image":{"@type":"ImageObject","inLanguage":"pt-BR","@id":"https:\/\/www.tuasaude.com\/news\/#\/schema\/person\/image\/","url":"https:\/\/secure.gravatar.com\/avatar\/a12badc2d08e73d59b38f178ebe822eca26c0445823b05fefedea89fb346439c?s=96&d=mm&r=g","contentUrl":"https:\/\/secure.gravatar.com\/avatar\/a12badc2d08e73d59b38f178ebe822eca26c0445823b05fefedea89fb346439c?s=96&d=mm&r=g","caption":"Gabriel Leme"},"sameAs":["https:\/\/www.tuasaude.com\/news"],"url":"https:\/\/www.tuasaude.com\/news\/author\/gabrielleme\/"}]}},"_links":{"self":[{"href":"https:\/\/www.tuasaude.com\/news\/wp-json\/wp\/v2\/posts\/30273","targetHints":{"allow":["GET"]}}],"collection":[{"href":"https:\/\/www.tuasaude.com\/news\/wp-json\/wp\/v2\/posts"}],"about":[{"href":"https:\/\/www.tuasaude.com\/news\/wp-json\/wp\/v2\/types\/post"}],"author":[{"embeddable":true,"href":"https:\/\/www.tuasaude.com\/news\/wp-json\/wp\/v2\/users\/6"}],"replies":[{"embeddable":true,"href":"https:\/\/www.tuasaude.com\/news\/wp-json\/wp\/v2\/comments?post=30273"}],"version-history":[{"count":1,"href":"https:\/\/www.tuasaude.com\/news\/wp-json\/wp\/v2\/posts\/30273\/revisions"}],"predecessor-version":[{"id":31355,"href":"https:\/\/www.tuasaude.com\/news\/wp-json\/wp\/v2\/posts\/30273\/revisions\/31355"}],"wp:featuredmedia":[{"embeddable":true,"href":"https:\/\/www.tuasaude.com\/news\/wp-json\/wp\/v2\/media\/30271"}],"wp:attachment":[{"href":"https:\/\/www.tuasaude.com\/news\/wp-json\/wp\/v2\/media?parent=30273"}],"wp:term":[{"taxonomy":"category","embeddable":true,"href":"https:\/\/www.tuasaude.com\/news\/wp-json\/wp\/v2\/categories?post=30273"},{"taxonomy":"post_tag","embeddable":true,"href":"https:\/\/www.tuasaude.com\/news\/wp-json\/wp\/v2\/tags?post=30273"}],"curies":[{"name":"wp","href":"https:\/\/api.w.org\/{rel}","templated":true}]}}