{"id":30267,"date":"2026-04-30T04:25:59","date_gmt":"2026-04-30T07:25:59","guid":{"rendered":"https:\/\/www.tuasaude.com\/news\/?p=30267"},"modified":"2026-04-30T04:26:00","modified_gmt":"2026-04-30T07:26:00","slug":"cansaco-cronico-durante-o-dia-nao-e-apenas-falta-de-sono-pode-ser-sinal-de-anemia-ferropriva-ou-hipotireoidismo-subclinico","status":"publish","type":"post","link":"https:\/\/www.tuasaude.com\/news\/2026\/04\/30\/cansaco-cronico-durante-o-dia-nao-e-apenas-falta-de-sono-pode-ser-sinal-de-anemia-ferropriva-ou-hipotireoidismo-subclinico\/","title":{"rendered":"Cansa\u00e7o cr\u00f4nico durante o dia n\u00e3o \u00e9 apenas falta de sono, pode ser sinal de anemia ferropriva ou hipotireoidismo subcl\u00ednico"},"content":{"rendered":"\n<p><strong>Cansa\u00e7o cr\u00f4nico<\/strong> ao longo do dia nem sempre indica apenas noites mal dormidas. Quando a <strong>fadiga<\/strong> persiste por semanas, reduz a concentra\u00e7\u00e3o e aparece junto de palidez, frio excessivo ou queda no rendimento, vale investigar altera\u00e7\u00f5es no sangue e na tireoide. Entre as causas que merecem aten\u00e7\u00e3o est\u00e3o a <strong>anemia ferropriva<\/strong>, a defici\u00eancia de ferro sem anemia instalada e o <strong>hipotireoidismo subcl\u00ednico<\/strong>.<\/p>\n\n\n\n<h2 class=\"wp-block-heading\">Quando o sono n\u00e3o explica a exaust\u00e3o?<\/h2>\n\n\n\n<p>O padr\u00e3o chama aten\u00e7\u00e3o quando a pessoa dorme um n\u00famero razo\u00e1vel de horas, mas ainda acorda sem disposi\u00e7\u00e3o, sente fraqueza ao subir escadas, perde f\u00f4lego com esfor\u00e7os leves ou precisa de cafe\u00edna v\u00e1rias vezes ao dia para manter o foco. Esse quadro pode indicar menor oferta de oxig\u00eanio aos tecidos, altera\u00e7\u00f5es hormonais ou ambos.<\/p>\n\n\n\n<p>Na anemia ferropriva, a queda da hemoglobina compromete o transporte de oxig\u00eanio. J\u00e1 no hipotireoidismo subcl\u00ednico, o metabolismo tende a ficar mais lento, mesmo com sintomas discretos. Nos dois cen\u00e1rios, a fadiga costuma vir acompanhada de sinais aparentemente inespec\u00edficos, como pele mais seca, racioc\u00ednio lento, dor de cabe\u00e7a, tontura ou intoler\u00e2ncia ao frio.<\/p>\n\n\n\n<h2 class=\"wp-block-heading\">O que os estudos mostram sobre defici\u00eancia de ferro e fadiga?<\/h2>\n\n\n\n<p>Nem toda <strong>defici\u00eancia de ferro<\/strong> aparece logo como anemia evidente no hemograma, mas ela j\u00e1 pode repercutir na disposi\u00e7\u00e3o f\u00edsica e mental. Segundo a revis\u00e3o sistem\u00e1tica <a href=\"https:\/\/pubmed.ncbi.nlm.nih.gov\/29626044\/\" target=\"_blank\" rel=\"noopener noreferrer\">Efficacy of iron supplementation on fatigue and physical capacity in non-anaemic iron-deficient adults<\/a>, publicada no peri\u00f3dico <strong>BMJ Open<\/strong>, a reposi\u00e7\u00e3o de ferro em adultos com defici\u00eancia de ferro sem anemia mostrou benef\u00edcio sobre sintomas de fadiga em parte dos estudos analisados.<\/p>\n\n\n\n<p>Esse dado ajuda a entender por que algumas pessoas relatam exaust\u00e3o persistente mesmo antes de surgir uma anemia ferropriva bem definida. O sintoma n\u00e3o fecha diagn\u00f3stico sozinho, mas refor\u00e7a a import\u00e2ncia de avaliar ferritina, hemoglobina e outros marcadores quando o cansa\u00e7o cr\u00f4nico n\u00e3o melhora com ajustes b\u00e1sicos de rotina.<\/p>\n\n\n<div class=\"wp-block-image\">\n<figure class=\"aligncenter size-large\"><img decoding=\"async\" width=\"1024\" height=\"571\" src=\"https:\/\/www.tuasaude.com\/news\/wp-content\/uploads\/2026\/03\/freepik__tubos-de-ensaio-com-sangue-em-ambiente-de-laboratr__32243-1024x571.jpg\" alt=\"Cansa\u00e7o extremo n\u00e3o relacionado \u00e0 falta de sono: duas causas que voc\u00ea ignora todos os dias\" class=\"wp-image-12840\" srcset=\"https:\/\/www.tuasaude.com\/news\/wp-content\/uploads\/2026\/03\/freepik__tubos-de-ensaio-com-sangue-em-ambiente-de-laboratr__32243-1024x571.jpg 1024w, https:\/\/www.tuasaude.com\/news\/wp-content\/uploads\/2026\/03\/freepik__tubos-de-ensaio-com-sangue-em-ambiente-de-laboratr__32243-300x167.jpg 300w, https:\/\/www.tuasaude.com\/news\/wp-content\/uploads\/2026\/03\/freepik__tubos-de-ensaio-com-sangue-em-ambiente-de-laboratr__32243-768x428.jpg 768w, https:\/\/www.tuasaude.com\/news\/wp-content\/uploads\/2026\/03\/freepik__tubos-de-ensaio-com-sangue-em-ambiente-de-laboratr__32243-750x418.jpg 750w, https:\/\/www.tuasaude.com\/news\/wp-content\/uploads\/2026\/03\/freepik__tubos-de-ensaio-com-sangue-em-ambiente-de-laboratr__32243-1140x636.jpg 1140w, https:\/\/www.tuasaude.com\/news\/wp-content\/uploads\/2026\/03\/freepik__tubos-de-ensaio-com-sangue-em-ambiente-de-laboratr__32243.jpg 1280w\" sizes=\"(max-width: 1024px) 100vw, 1024px\" \/><figcaption class=\"wp-element-caption\">Exames como ferritina e TSH ajudam a identificar causas ocultas do cansa\u00e7o.<\/figcaption><\/figure>\n<\/div>\n\n\n<h2 class=\"wp-block-heading\">Quais sinais aumentam a suspeita de anemia ferropriva?<\/h2>\n\n\n\n<p>A anemia ferropriva costuma se instalar de forma gradual. Por isso, muita gente se acostuma com a perda de energia e demora para perceber que h\u00e1 algo fora do padr\u00e3o. Alguns sinais aparecem com mais frequ\u00eancia e merecem aten\u00e7\u00e3o cl\u00ednica.<\/p>\n\n\n\n<ul class=\"wp-block-list\">\n<li><strong>Palidez<\/strong> na pele ou na parte interna das p\u00e1lpebras.<\/li>\n\n\n\n<li>Falta de ar em esfor\u00e7os que antes eram bem tolerados.<\/li>\n\n\n\n<li>Tontura, dor de cabe\u00e7a e dificuldade de concentra\u00e7\u00e3o.<\/li>\n\n\n\n<li>Queda de cabelo, unhas fr\u00e1geis ou quebradi\u00e7as.<\/li>\n\n\n\n<li>Batimentos acelerados, fraqueza muscular e des\u00e2nimo.<\/li>\n<\/ul>\n\n\n\n<p>Em mulheres com menstrua\u00e7\u00e3o intensa, gestantes, vegetarianos com dieta mal planejada, pessoas com sangramento digestivo ou com doen\u00e7as intestinais, a investiga\u00e7\u00e3o precisa ser ainda mais cuidadosa. Para reconhecer manifesta\u00e7\u00f5es comuns da car\u00eancia desse mineral, vale consultar o conte\u00fado do Tua Sa\u00fade sobre <a href=\"https:\/\/www.tuasaude.com\/sintomas-de-falta-de-ferro\/\" target=\"_blank\" rel=\"noopener noreferrer\">sintomas de falta de ferro no sangue<\/a>.<\/p>\n\n\n\n<h2 class=\"wp-block-heading\">Hipotireoidismo subcl\u00ednico tamb\u00e9m pode causar fadiga?<\/h2>\n\n\n\n<p>Sim, embora o quadro seja mais sutil. No hipotireoidismo subcl\u00ednico, o TSH costuma estar elevado, enquanto o T4 livre permanece dentro da faixa de refer\u00eancia. Mesmo assim, algumas pessoas relatam cansa\u00e7o, sonol\u00eancia, lentid\u00e3o, constipa\u00e7\u00e3o, mem\u00f3ria menos afiada e sensa\u00e7\u00e3o de frio com mais frequ\u00eancia.<\/p>\n\n\n\n<p>O ponto importante \u00e9 que esses sintomas n\u00e3o s\u00e3o exclusivos da tireoide. Eles podem se confundir com estresse, priva\u00e7\u00e3o de sono, depress\u00e3o, defici\u00eancia de ferro e at\u00e9 sedentarismo. Por isso, o diagn\u00f3stico depende da combina\u00e7\u00e3o entre hist\u00f3ria cl\u00ednica, exame f\u00edsico e exames laboratoriais, n\u00e3o apenas da sensa\u00e7\u00e3o de fadiga.<\/p>\n\n\n\n<h2 class=\"wp-block-heading\">Quais exames costumam entrar na investiga\u00e7\u00e3o?<\/h2>\n\n\n\n<p>Quando o cansa\u00e7o cr\u00f4nico foge do habitual, o m\u00e9dico pode pedir exames para comparar a queixa com dados objetivos do organismo. Isso ajuda a separar uma fadiga transit\u00f3ria de um problema que precisa de tratamento direcionado.<\/p>\n\n\n\n<ul class=\"wp-block-list\">\n<li>Hemograma completo, para avaliar hemoglobina e sinais de anemia.<\/li>\n\n\n\n<li><strong>Ferritina<\/strong>, ferro s\u00e9rico e satura\u00e7\u00e3o de transferrina.<\/li>\n\n\n\n<li><strong>TSH<\/strong> e T4 livre, para an\u00e1lise da fun\u00e7\u00e3o tireoidiana.<\/li>\n\n\n\n<li>Vitamina B12, glicemia e fun\u00e7\u00e3o renal, conforme a suspeita.<\/li>\n\n\n\n<li>Avalia\u00e7\u00e3o de perdas sangu\u00edneas, alimenta\u00e7\u00e3o e uso de medicamentos.<\/li>\n<\/ul>\n\n\n\n<p>Em casos de anemia ferropriva confirmada, n\u00e3o basta repor ferro sem buscar a causa. Sangramento menstrual importante, p\u00f3lipos, gastrite, \u00falcera, parasitoses, doen\u00e7a cel\u00edaca e baixa ingest\u00e3o alimentar s\u00e3o hip\u00f3teses frequentes. No hipotireoidismo subcl\u00ednico, a conduta varia conforme sintomas, valor do TSH, idade, presen\u00e7a de anticorpos e risco cardiovascular.<\/p>\n\n\n\n<h2 class=\"wp-block-heading\">Quando procurar atendimento sem adiar?<\/h2>\n\n\n\n<p>Alguns sinais pedem avalia\u00e7\u00e3o mais r\u00e1pida, principalmente quando a fadiga vem com piora progressiva ou interfere na rotina de trabalho, estudo e autocuidado. A combina\u00e7\u00e3o de cansa\u00e7o com palpita\u00e7\u00f5es, falta de ar, dor no peito, desmaio, sangramento vis\u00edvel ou perda de peso sem explica\u00e7\u00e3o precisa de aten\u00e7\u00e3o m\u00e9dica.<\/p>\n\n\n\n<p>Se o problema estiver ligado \u00e0 anemia ferropriva ou ao hipotireoidismo subcl\u00ednico, o tratamento tende a ser mais eficaz quando come\u00e7a cedo e \u00e9 guiado por exames. Isso reduz o impacto sobre concentra\u00e7\u00e3o, desempenho f\u00edsico, humor, oxigena\u00e7\u00e3o dos tecidos e equil\u00edbrio hormonal.<\/p>\n\n\n\n<p>Quando a fadiga deixa de ser ocasional e passa a fazer parte de quase todos os dias, ela merece investiga\u00e7\u00e3o cl\u00ednica. Observar hemoglobina, ferritina, TSH, alimenta\u00e7\u00e3o, perdas sangu\u00edneas e sintomas associados ajuda a diferenciar priva\u00e7\u00e3o de sono de um quadro metab\u00f3lico ou hematol\u00f3gico que altera energia, racioc\u00ednio e toler\u00e2ncia ao esfor\u00e7o.<\/p>\n\n\n\n<p>Este conte\u00fado tem car\u00e1ter exclusivamente informativo e <strong>n\u00e3o substitui a avalia\u00e7\u00e3o<\/strong>, o diagn\u00f3stico ou o acompanhamento de um profissional de sa\u00fade. Se voc\u00ea apresenta sintomas ou tem d\u00favidas sobre sua condi\u00e7\u00e3o, procure orienta\u00e7\u00e3o m\u00e9dica.<\/p>\n\n\n\n<p><\/p>\n","protected":false},"excerpt":{"rendered":"<p>Cansa\u00e7o cr\u00f4nico ao longo do dia nem sempre indica apenas noites mal dormidas. Quando a fadiga persiste por semanas, reduz a concentra\u00e7\u00e3o e aparece junto de palidez, frio excessivo ou queda no rendimento, vale investigar altera\u00e7\u00f5es no sangue e na tireoide. Entre as causas que merecem aten\u00e7\u00e3o est\u00e3o a anemia ferropriva, a defici\u00eancia de ferro [&hellip;]<\/p>\n","protected":false},"author":6,"featured_media":30264,"comment_status":"open","ping_status":"open","sticky":false,"template":"","format":"standard","meta":{"_yoast_wpseo_focuskw":"cansa\u00e7o cr\u00f4nico","_yoast_wpseo_title":"","_yoast_wpseo_metadesc":"Cansa\u00e7o cr\u00f4nico durante o dia pode apontar algo al\u00e9m do sono ruim. Um detalhe entre anemia ferropriva e tireoide muda toda a investiga\u00e7\u00e3o.","jnews-multi-image_gallery":[],"jnews_single_post":{"format":"standard"},"jnews_primary_category":[],"jnews_social_meta":[],"jnews_override_counter":[],"footnotes":""},"categories":[111],"tags":[5401,226,3049,1066,190,4549],"class_list":["post-30267","post","type-post","status-publish","format-standard","has-post-thumbnail","hentry","category-saude","tag-agua-e-saude-hepatica","tag-anemia-ferropriva","tag-cansaco-cronico","tag-deficiencia-de-ferro","tag-fadiga","tag-hipotireoidismo-subclinico"],"yoast_head":"<!-- This site is optimized with the Yoast SEO plugin v26.7 - https:\/\/yoast.com\/wordpress\/plugins\/seo\/ -->\n<title>Cansa\u00e7o cr\u00f4nico durante o dia n\u00e3o \u00e9 apenas falta de sono, pode ser sinal de anemia ferropriva ou hipotireoidismo subcl\u00ednico - Tua Sa\u00fade<\/title>\n<meta name=\"description\" content=\"Cansa\u00e7o cr\u00f4nico durante o dia pode apontar algo al\u00e9m do sono ruim. Um detalhe entre anemia ferropriva e tireoide muda toda a investiga\u00e7\u00e3o.\" \/>\n<meta name=\"robots\" content=\"index, follow, max-snippet:-1, max-image-preview:large, max-video-preview:-1\" \/>\n<link rel=\"canonical\" href=\"https:\/\/www.tuasaude.com\/news\/2026\/04\/30\/cansaco-cronico-durante-o-dia-nao-e-apenas-falta-de-sono-pode-ser-sinal-de-anemia-ferropriva-ou-hipotireoidismo-subclinico\/\" \/>\n<meta property=\"og:locale\" content=\"pt_BR\" \/>\n<meta property=\"og:type\" content=\"article\" \/>\n<meta property=\"og:title\" content=\"Cansa\u00e7o cr\u00f4nico durante o dia n\u00e3o \u00e9 apenas falta de sono, pode ser sinal de anemia ferropriva ou hipotireoidismo subcl\u00ednico - Tua Sa\u00fade\" \/>\n<meta property=\"og:description\" content=\"Cansa\u00e7o cr\u00f4nico durante o dia pode apontar algo al\u00e9m do sono ruim. Um detalhe entre anemia ferropriva e tireoide muda toda a investiga\u00e7\u00e3o.\" \/>\n<meta property=\"og:url\" content=\"https:\/\/www.tuasaude.com\/news\/2026\/04\/30\/cansaco-cronico-durante-o-dia-nao-e-apenas-falta-de-sono-pode-ser-sinal-de-anemia-ferropriva-ou-hipotireoidismo-subclinico\/\" \/>\n<meta property=\"og:site_name\" content=\"Tua Sa\u00fade\" \/>\n<meta property=\"article:published_time\" content=\"2026-04-30T07:25:59+00:00\" \/>\n<meta property=\"article:modified_time\" content=\"2026-04-30T07:26:00+00:00\" \/>\n<meta property=\"og:image\" content=\"https:\/\/www.tuasaude.com\/news\/wp-content\/uploads\/2026\/04\/cansaco-cronico-durante-o-dia-nao-e-apenas-falta-de-sono-pod.jpg\" \/>\n\t<meta property=\"og:image:width\" content=\"1280\" \/>\n\t<meta property=\"og:image:height\" content=\"720\" \/>\n\t<meta property=\"og:image:type\" content=\"image\/jpeg\" \/>\n<meta name=\"author\" content=\"Gabriel Leme\" \/>\n<meta name=\"twitter:card\" content=\"summary_large_image\" \/>\n<meta name=\"twitter:label1\" content=\"Escrito por\" \/>\n\t<meta name=\"twitter:data1\" content=\"Gabriel Leme\" \/>\n\t<meta name=\"twitter:label2\" content=\"Est. tempo de leitura\" \/>\n\t<meta name=\"twitter:data2\" content=\"6 minutos\" \/>\n<!-- \/ Yoast SEO plugin. -->","yoast_head_json":{"title":"Cansa\u00e7o cr\u00f4nico durante o dia n\u00e3o \u00e9 apenas falta de sono, pode ser sinal de anemia ferropriva ou hipotireoidismo subcl\u00ednico - Tua Sa\u00fade","description":"Cansa\u00e7o cr\u00f4nico durante o dia pode apontar algo al\u00e9m do sono ruim. Um detalhe entre anemia ferropriva e tireoide muda toda a investiga\u00e7\u00e3o.","robots":{"index":"index","follow":"follow","max-snippet":"max-snippet:-1","max-image-preview":"max-image-preview:large","max-video-preview":"max-video-preview:-1"},"canonical":"https:\/\/www.tuasaude.com\/news\/2026\/04\/30\/cansaco-cronico-durante-o-dia-nao-e-apenas-falta-de-sono-pode-ser-sinal-de-anemia-ferropriva-ou-hipotireoidismo-subclinico\/","og_locale":"pt_BR","og_type":"article","og_title":"Cansa\u00e7o cr\u00f4nico durante o dia n\u00e3o \u00e9 apenas falta de sono, pode ser sinal de anemia ferropriva ou hipotireoidismo subcl\u00ednico - Tua Sa\u00fade","og_description":"Cansa\u00e7o cr\u00f4nico durante o dia pode apontar algo al\u00e9m do sono ruim. Um detalhe entre anemia ferropriva e tireoide muda toda a investiga\u00e7\u00e3o.","og_url":"https:\/\/www.tuasaude.com\/news\/2026\/04\/30\/cansaco-cronico-durante-o-dia-nao-e-apenas-falta-de-sono-pode-ser-sinal-de-anemia-ferropriva-ou-hipotireoidismo-subclinico\/","og_site_name":"Tua Sa\u00fade","article_published_time":"2026-04-30T07:25:59+00:00","article_modified_time":"2026-04-30T07:26:00+00:00","og_image":[{"width":1280,"height":720,"url":"https:\/\/www.tuasaude.com\/news\/wp-content\/uploads\/2026\/04\/cansaco-cronico-durante-o-dia-nao-e-apenas-falta-de-sono-pod.jpg","type":"image\/jpeg"}],"author":"Gabriel Leme","twitter_card":"summary_large_image","twitter_misc":{"Escrito por":"Gabriel Leme","Est. tempo de leitura":"6 minutos"},"schema":{"@context":"https:\/\/schema.org","@graph":[{"@type":"Article","@id":"https:\/\/www.tuasaude.com\/news\/2026\/04\/30\/cansaco-cronico-durante-o-dia-nao-e-apenas-falta-de-sono-pode-ser-sinal-de-anemia-ferropriva-ou-hipotireoidismo-subclinico\/#article","isPartOf":{"@id":"https:\/\/www.tuasaude.com\/news\/2026\/04\/30\/cansaco-cronico-durante-o-dia-nao-e-apenas-falta-de-sono-pode-ser-sinal-de-anemia-ferropriva-ou-hipotireoidismo-subclinico\/"},"author":{"name":"Gabriel Leme","@id":"https:\/\/www.tuasaude.com\/news\/#\/schema\/person\/bf512a2e53b74f5544ff3040f496e593"},"headline":"Cansa\u00e7o cr\u00f4nico durante o dia n\u00e3o \u00e9 apenas falta de sono, pode ser sinal de anemia ferropriva ou hipotireoidismo subcl\u00ednico","datePublished":"2026-04-30T07:25:59+00:00","dateModified":"2026-04-30T07:26:00+00:00","mainEntityOfPage":{"@id":"https:\/\/www.tuasaude.com\/news\/2026\/04\/30\/cansaco-cronico-durante-o-dia-nao-e-apenas-falta-de-sono-pode-ser-sinal-de-anemia-ferropriva-ou-hipotireoidismo-subclinico\/"},"wordCount":1030,"commentCount":0,"image":{"@id":"https:\/\/www.tuasaude.com\/news\/2026\/04\/30\/cansaco-cronico-durante-o-dia-nao-e-apenas-falta-de-sono-pode-ser-sinal-de-anemia-ferropriva-ou-hipotireoidismo-subclinico\/#primaryimage"},"thumbnailUrl":"https:\/\/www.tuasaude.com\/news\/wp-content\/uploads\/2026\/04\/cansaco-cronico-durante-o-dia-nao-e-apenas-falta-de-sono-pod.jpg","keywords":["\u00e1gua e sa\u00fade hep\u00e1tica","anemia ferropriva","cansa\u00e7o cr\u00f4nico","defici\u00eancia de ferro","fadiga","hipotireoidismo subcl\u00ednico"],"articleSection":["Sa\u00fade"],"inLanguage":"pt-BR","potentialAction":[{"@type":"CommentAction","name":"Comment","target":["https:\/\/www.tuasaude.com\/news\/2026\/04\/30\/cansaco-cronico-durante-o-dia-nao-e-apenas-falta-de-sono-pode-ser-sinal-de-anemia-ferropriva-ou-hipotireoidismo-subclinico\/#respond"]}]},{"@type":"WebPage","@id":"https:\/\/www.tuasaude.com\/news\/2026\/04\/30\/cansaco-cronico-durante-o-dia-nao-e-apenas-falta-de-sono-pode-ser-sinal-de-anemia-ferropriva-ou-hipotireoidismo-subclinico\/","url":"https:\/\/www.tuasaude.com\/news\/2026\/04\/30\/cansaco-cronico-durante-o-dia-nao-e-apenas-falta-de-sono-pode-ser-sinal-de-anemia-ferropriva-ou-hipotireoidismo-subclinico\/","name":"Cansa\u00e7o cr\u00f4nico durante o dia n\u00e3o \u00e9 apenas falta de sono, pode ser sinal de anemia ferropriva ou hipotireoidismo subcl\u00ednico - Tua Sa\u00fade","isPartOf":{"@id":"https:\/\/www.tuasaude.com\/news\/#website"},"primaryImageOfPage":{"@id":"https:\/\/www.tuasaude.com\/news\/2026\/04\/30\/cansaco-cronico-durante-o-dia-nao-e-apenas-falta-de-sono-pode-ser-sinal-de-anemia-ferropriva-ou-hipotireoidismo-subclinico\/#primaryimage"},"image":{"@id":"https:\/\/www.tuasaude.com\/news\/2026\/04\/30\/cansaco-cronico-durante-o-dia-nao-e-apenas-falta-de-sono-pode-ser-sinal-de-anemia-ferropriva-ou-hipotireoidismo-subclinico\/#primaryimage"},"thumbnailUrl":"https:\/\/www.tuasaude.com\/news\/wp-content\/uploads\/2026\/04\/cansaco-cronico-durante-o-dia-nao-e-apenas-falta-de-sono-pod.jpg","datePublished":"2026-04-30T07:25:59+00:00","dateModified":"2026-04-30T07:26:00+00:00","author":{"@id":"https:\/\/www.tuasaude.com\/news\/#\/schema\/person\/bf512a2e53b74f5544ff3040f496e593"},"description":"Cansa\u00e7o cr\u00f4nico durante o dia pode apontar algo al\u00e9m do sono ruim. Um detalhe entre anemia ferropriva e tireoide muda toda a investiga\u00e7\u00e3o.","breadcrumb":{"@id":"https:\/\/www.tuasaude.com\/news\/2026\/04\/30\/cansaco-cronico-durante-o-dia-nao-e-apenas-falta-de-sono-pode-ser-sinal-de-anemia-ferropriva-ou-hipotireoidismo-subclinico\/#breadcrumb"},"inLanguage":"pt-BR","potentialAction":[{"@type":"ReadAction","target":["https:\/\/www.tuasaude.com\/news\/2026\/04\/30\/cansaco-cronico-durante-o-dia-nao-e-apenas-falta-de-sono-pode-ser-sinal-de-anemia-ferropriva-ou-hipotireoidismo-subclinico\/"]}]},{"@type":"ImageObject","inLanguage":"pt-BR","@id":"https:\/\/www.tuasaude.com\/news\/2026\/04\/30\/cansaco-cronico-durante-o-dia-nao-e-apenas-falta-de-sono-pode-ser-sinal-de-anemia-ferropriva-ou-hipotireoidismo-subclinico\/#primaryimage","url":"https:\/\/www.tuasaude.com\/news\/wp-content\/uploads\/2026\/04\/cansaco-cronico-durante-o-dia-nao-e-apenas-falta-de-sono-pod.jpg","contentUrl":"https:\/\/www.tuasaude.com\/news\/wp-content\/uploads\/2026\/04\/cansaco-cronico-durante-o-dia-nao-e-apenas-falta-de-sono-pod.jpg","width":1280,"height":720,"caption":"Cansa\u00e7o cr\u00f4nico diurno pode indicar mais que noites mal dormidas."},{"@type":"BreadcrumbList","@id":"https:\/\/www.tuasaude.com\/news\/2026\/04\/30\/cansaco-cronico-durante-o-dia-nao-e-apenas-falta-de-sono-pode-ser-sinal-de-anemia-ferropriva-ou-hipotireoidismo-subclinico\/#breadcrumb","itemListElement":[{"@type":"ListItem","position":1,"name":"In\u00edcio","item":"https:\/\/www.tuasaude.com\/news\/"},{"@type":"ListItem","position":2,"name":"Cansa\u00e7o cr\u00f4nico durante o dia n\u00e3o \u00e9 apenas falta de sono, pode ser sinal de anemia ferropriva ou hipotireoidismo subcl\u00ednico"}]},{"@type":"WebSite","@id":"https:\/\/www.tuasaude.com\/news\/#website","url":"https:\/\/www.tuasaude.com\/news\/","name":"Tua Sa\u00fade","description":"Seu site de sa\u00fade","potentialAction":[{"@type":"SearchAction","target":{"@type":"EntryPoint","urlTemplate":"https:\/\/www.tuasaude.com\/news\/?s={search_term_string}"},"query-input":{"@type":"PropertyValueSpecification","valueRequired":true,"valueName":"search_term_string"}}],"inLanguage":"pt-BR"},{"@type":"Person","@id":"https:\/\/www.tuasaude.com\/news\/#\/schema\/person\/bf512a2e53b74f5544ff3040f496e593","name":"Gabriel Leme","image":{"@type":"ImageObject","inLanguage":"pt-BR","@id":"https:\/\/www.tuasaude.com\/news\/#\/schema\/person\/image\/","url":"https:\/\/secure.gravatar.com\/avatar\/a12badc2d08e73d59b38f178ebe822eca26c0445823b05fefedea89fb346439c?s=96&d=mm&r=g","contentUrl":"https:\/\/secure.gravatar.com\/avatar\/a12badc2d08e73d59b38f178ebe822eca26c0445823b05fefedea89fb346439c?s=96&d=mm&r=g","caption":"Gabriel Leme"},"sameAs":["https:\/\/www.tuasaude.com\/news"],"url":"https:\/\/www.tuasaude.com\/news\/author\/gabrielleme\/"}]}},"_links":{"self":[{"href":"https:\/\/www.tuasaude.com\/news\/wp-json\/wp\/v2\/posts\/30267","targetHints":{"allow":["GET"]}}],"collection":[{"href":"https:\/\/www.tuasaude.com\/news\/wp-json\/wp\/v2\/posts"}],"about":[{"href":"https:\/\/www.tuasaude.com\/news\/wp-json\/wp\/v2\/types\/post"}],"author":[{"embeddable":true,"href":"https:\/\/www.tuasaude.com\/news\/wp-json\/wp\/v2\/users\/6"}],"replies":[{"embeddable":true,"href":"https:\/\/www.tuasaude.com\/news\/wp-json\/wp\/v2\/comments?post=30267"}],"version-history":[{"count":1,"href":"https:\/\/www.tuasaude.com\/news\/wp-json\/wp\/v2\/posts\/30267\/revisions"}],"predecessor-version":[{"id":31353,"href":"https:\/\/www.tuasaude.com\/news\/wp-json\/wp\/v2\/posts\/30267\/revisions\/31353"}],"wp:featuredmedia":[{"embeddable":true,"href":"https:\/\/www.tuasaude.com\/news\/wp-json\/wp\/v2\/media\/30264"}],"wp:attachment":[{"href":"https:\/\/www.tuasaude.com\/news\/wp-json\/wp\/v2\/media?parent=30267"}],"wp:term":[{"taxonomy":"category","embeddable":true,"href":"https:\/\/www.tuasaude.com\/news\/wp-json\/wp\/v2\/categories?post=30267"},{"taxonomy":"post_tag","embeddable":true,"href":"https:\/\/www.tuasaude.com\/news\/wp-json\/wp\/v2\/tags?post=30267"}],"curies":[{"name":"wp","href":"https:\/\/api.w.org\/{rel}","templated":true}]}}