{"id":30257,"date":"2026-04-29T06:30:37","date_gmt":"2026-04-29T09:30:37","guid":{"rendered":"https:\/\/www.tuasaude.com\/news\/?p=30257"},"modified":"2026-04-29T06:30:38","modified_gmt":"2026-04-29T09:30:38","slug":"a-insonia-nao-se-deve-apenas-ao-estresse-mas-sim-a-queda-de-melatonina-causada-pela-exposicao-a-luz-azul-a-noite","status":"publish","type":"post","link":"https:\/\/www.tuasaude.com\/news\/2026\/04\/29\/a-insonia-nao-se-deve-apenas-ao-estresse-mas-sim-a-queda-de-melatonina-causada-pela-exposicao-a-luz-azul-a-noite\/","title":{"rendered":"A ins\u00f4nia n\u00e3o se deve apenas ao estresse, mas sim \u00e0 queda de melatonina causada pela exposi\u00e7\u00e3o \u00e0 luz azul \u00e0 noite"},"content":{"rendered":"\n<p><strong>Ins\u00f4nia<\/strong> nem sempre come\u00e7a na cabe\u00e7a acelerada. Em muitos casos, o problema passa pela queda de <strong>melatonina<\/strong> provocada pela <strong>luz azul<\/strong> emitida por celular, tablet, computador e TV nas horas que antecedem o sono. Esse est\u00edmulo luminoso interfere no <strong>ritmo circadiano<\/strong>, atrasa a sonol\u00eancia e reduz a <strong>qualidade do sono<\/strong>, mesmo quando o cansa\u00e7o f\u00edsico est\u00e1 presente.<\/p>\n\n\n\n<h2 class=\"wp-block-heading\">Por que a luz azul atrapalha tanto o sono?<\/h2>\n\n\n\n<p>A luz azul tem comprimento de onda curto e ativa c\u00e9lulas da retina sens\u00edveis \u00e0 luminosidade ambiental. Esse sinal chega ao c\u00e9rebro e informa que ainda \u00e9 hora de permanecer alerta. O resultado \u00e9 menor libera\u00e7\u00e3o noturna de melatonina, atraso para adormecer e sensa\u00e7\u00e3o de sono mais superficial.<\/p>\n\n\n\n<p>Na pr\u00e1tica, isso ajuda a explicar por que tanta gente deita cansada, mas n\u00e3o consegue desligar. A ins\u00f4nia pode piorar quando a exposi\u00e7\u00e3o acontece perto da hora de dormir, especialmente em ambientes fechados, com telas pr\u00f3ximas ao rosto e sem redu\u00e7\u00e3o gradual da claridade da casa.<\/p>\n\n\n\n<h2 class=\"wp-block-heading\">O que os estudos mostram sobre melatonina e exposi\u00e7\u00e3o noturna?<\/h2>\n\n\n\n<p>Essa rela\u00e7\u00e3o j\u00e1 foi observada em pesquisas experimentais. Segundo o estudo Comparative Effects of Red and Blue LED Light on Melatonin Levels During Three-Hour Exposure in Healthy Adults, publicado na revista <strong>Life<\/strong>, a exposi\u00e7\u00e3o noturna \u00e0 luz azul manteve a supress\u00e3o de melatonina por mais tempo do que a luz vermelha, refor\u00e7ando o impacto desse espectro sobre o rel\u00f3gio biol\u00f3gico. O trabalho pode ser consultado em <a href=\"https:\/\/www.mdpi.com\/2075-1729\/15\/5\/715\" target=\"_blank\" rel=\"noopener noreferrer\">artigo completo sobre luz azul, luz vermelha e n\u00edveis de melatonina<\/a>.<\/p>\n\n\n\n<p>Isso n\u00e3o significa que toda ins\u00f4nia tenha a mesma causa, mas mostra que a ilumina\u00e7\u00e3o noturna \u00e9 um fator fisiol\u00f3gico real. Quando a produ\u00e7\u00e3o hormonal cai no per\u00edodo em que deveria subir, o c\u00e9rebro recebe sinais conflitantes. O corpo est\u00e1 no fim do dia, mas o sistema de vig\u00edlia continua ativado.<\/p>\n\n\n<div class=\"wp-block-image\">\n<figure class=\"aligncenter\"><img decoding=\"async\" src=\"https:\/\/www.tuasaude.com\/news\/wp-content\/uploads\/2026\/04\/a-insonia-nao-se-deve-apenas-ao-estresse-mas-sim-a-qued-corpo.jpg\" alt=\"A exposi\u00e7\u00e3o noturna \u00e0s telas reduz a melatonina e desregula o ritmo circadiano.\"\/><figcaption class=\"wp-element-caption\">A exposi\u00e7\u00e3o noturna \u00e0s telas reduz a melatonina e desregula o ritmo circadiano.<\/figcaption><\/figure>\n<\/div>\n\n\n<h2 class=\"wp-block-heading\">Como perceber que o problema pode estar nas telas \u00e0 noite?<\/h2>\n\n\n\n<p>Alguns sinais aparecem em sequ\u00eancia. Primeiro, a pessoa perde o sono no hor\u00e1rio habitual. Depois, demora mais para dormir, acorda com facilidade ou sente descanso insuficiente ao amanhecer. Quando esse padr\u00e3o se repete, vale observar os h\u00e1bitos das duas horas antes de deitar.<\/p>\n\n\n\n<p>Os ind\u00edcios mais comuns incluem:<\/p>\n\n\n\n<ul class=\"wp-block-list\">\n<li>uso de celular na cama por <strong>30 a 60 minutos<\/strong> ou mais,<\/li>\n\n\n\n<li>televis\u00e3o ligada at\u00e9 o momento de dormir,<\/li>\n\n\n\n<li>trabalho noturno no computador,<\/li>\n\n\n\n<li>luzes brancas intensas no quarto ou no banheiro,<\/li>\n\n\n\n<li>sensa\u00e7\u00e3o de alerta mesmo com bocejos e fadiga.<\/li>\n<\/ul>\n\n\n\n<h2 class=\"wp-block-heading\">O que fazer para proteger o ritmo circadiano?<\/h2>\n\n\n\n<p>O ajuste mais \u00fatil costuma ser reduzir a carga luminosa no fim do dia. Isso inclui baixar o brilho das telas, evitar v\u00eddeos e mensagens logo antes de deitar e preferir luzes mais quentes no ambiente. Medidas simples de rotina ajudam a preservar a subida natural da melatonina e favorecem um in\u00edcio de sono mais est\u00e1vel.<\/p>\n\n\n\n<p>Entre as estrat\u00e9gias mais eficazes est\u00e3o manter hor\u00e1rio regular para dormir, escurecer o quarto e diminuir est\u00edmulos mentais na \u00faltima hora da noite. Para organizar esses h\u00e1bitos, pode ajudar consultar orienta\u00e7\u00f5es sobre <a href=\"https:\/\/www.tuasaude.com\/higiene-do-sono\/\" target=\"_blank\" rel=\"noopener noreferrer\">higiene do sono e formas de melhorar o descanso<\/a>, com foco no ambiente, nos hor\u00e1rios e no comportamento antes de ir para a cama.<\/p>\n\n\n\n<h2 class=\"wp-block-heading\">Quais h\u00e1bitos ajudam de forma pr\u00e1tica?<\/h2>\n\n\n\n<p>Nem sempre \u00e9 poss\u00edvel eliminar todas as telas, mas d\u00e1 para reduzir bastante o impacto biol\u00f3gico com a\u00e7\u00f5es objetivas. O importante \u00e9 criar uma transi\u00e7\u00e3o entre vig\u00edlia intensa e repouso, para que o organismo reconhe\u00e7a a aproxima\u00e7\u00e3o da noite.<\/p>\n\n\n\n<ul class=\"wp-block-list\">\n<li>Interrompa telas brilhantes pelo menos <strong>1 hora<\/strong> antes de deitar.<\/li>\n\n\n\n<li>Use luzes amareladas em vez de luz branca forte ap\u00f3s o jantar.<\/li>\n\n\n\n<li>Evite levar o celular para a cama.<\/li>\n\n\n\n<li>Mantenha o quarto escuro, silencioso e com temperatura confort\u00e1vel.<\/li>\n\n\n\n<li>Exponha-se \u00e0 luz natural pela manh\u00e3, o que fortalece o ciclo sono-vig\u00edlia.<\/li>\n\n\n\n<li>Se a ins\u00f4nia persistir, registre hor\u00e1rios de sono por alguns dias para facilitar a avalia\u00e7\u00e3o cl\u00ednica.<\/li>\n<\/ul>\n\n\n\n<p>Estresse, ansiedade, cafe\u00edna, \u00e1lcool, dor, apneia e medicamentos tamb\u00e9m interferem no sono. Ainda assim, subestimar a luz azul \u00e9 um erro comum. Quando o c\u00e9rebro recebe claridade intensa no hor\u00e1rio errado, a produ\u00e7\u00e3o de melatonina perde for\u00e7a e a arquitetura do sono pode ficar fragmentada, com impacto direto no repouso noturno e no funcionamento durante o dia seguinte.<\/p>\n\n\n\n<p>Observar a rela\u00e7\u00e3o entre ins\u00f4nia, melatonina, luz azul, qualidade do sono e ritmo circadiano permite enxergar o problema de forma mais precisa. Ajustar a ilumina\u00e7\u00e3o da noite n\u00e3o resolve todos os casos, mas pode reduzir despertares, encurtar o tempo para pegar no sono e melhorar a regularidade do ciclo biol\u00f3gico.<\/p>\n\n\n\n<p>Este conte\u00fado tem car\u00e1ter exclusivamente informativo e <strong>n\u00e3o substitui a avalia\u00e7\u00e3o<\/strong>, o diagn\u00f3stico ou o acompanhamento de um profissional de sa\u00fade. Se voc\u00ea apresenta sintomas persistentes ou d\u00favidas sobre sua condi\u00e7\u00e3o, procure orienta\u00e7\u00e3o m\u00e9dica.<\/p>\n","protected":false},"excerpt":{"rendered":"<p>Ins\u00f4nia nem sempre come\u00e7a na cabe\u00e7a acelerada. Em muitos casos, o problema passa pela queda de melatonina provocada pela luz azul emitida por celular, tablet, computador e TV nas horas que antecedem o sono. Esse est\u00edmulo luminoso interfere no ritmo circadiano, atrasa a sonol\u00eancia e reduz a qualidade do sono, mesmo quando o cansa\u00e7o f\u00edsico [&hellip;]<\/p>\n","protected":false},"author":6,"featured_media":30255,"comment_status":"open","ping_status":"open","sticky":false,"template":"","format":"standard","meta":{"_yoast_wpseo_focuskw":"ins\u00f4nia","_yoast_wpseo_title":"","_yoast_wpseo_metadesc":"A ins\u00f4nia pode ter menos rela\u00e7\u00e3o com estresse do que parece. Um detalhe sobre melatonina e luz azul muda a forma de encarar a noite.","jnews-multi-image_gallery":[],"jnews_single_post":{"format":"standard"},"jnews_primary_category":[],"jnews_social_meta":[],"jnews_override_counter":[],"footnotes":""},"categories":[111],"tags":[5401,510,2431,763,1159],"class_list":["post-30257","post","type-post","status-publish","format-standard","has-post-thumbnail","hentry","category-saude","tag-agua-e-saude-hepatica","tag-insonia","tag-luz-azul","tag-melatonina","tag-qualidade-do-sono"],"yoast_head":"<!-- This site is optimized with the Yoast SEO plugin v26.7 - https:\/\/yoast.com\/wordpress\/plugins\/seo\/ -->\n<title>A ins\u00f4nia n\u00e3o se deve apenas ao estresse, mas sim \u00e0 queda de melatonina causada pela exposi\u00e7\u00e3o \u00e0 luz azul \u00e0 noite - Tua Sa\u00fade<\/title>\n<meta name=\"description\" content=\"A ins\u00f4nia pode ter menos rela\u00e7\u00e3o com estresse do que parece. Um detalhe sobre melatonina e luz azul muda a forma de encarar a noite.\" \/>\n<meta name=\"robots\" content=\"index, follow, max-snippet:-1, max-image-preview:large, max-video-preview:-1\" \/>\n<link rel=\"canonical\" href=\"https:\/\/www.tuasaude.com\/news\/2026\/04\/29\/a-insonia-nao-se-deve-apenas-ao-estresse-mas-sim-a-queda-de-melatonina-causada-pela-exposicao-a-luz-azul-a-noite\/\" \/>\n<meta property=\"og:locale\" content=\"pt_BR\" \/>\n<meta property=\"og:type\" content=\"article\" \/>\n<meta property=\"og:title\" content=\"A ins\u00f4nia n\u00e3o se deve apenas ao estresse, mas sim \u00e0 queda de melatonina causada pela exposi\u00e7\u00e3o \u00e0 luz azul \u00e0 noite - Tua Sa\u00fade\" \/>\n<meta property=\"og:description\" content=\"A ins\u00f4nia pode ter menos rela\u00e7\u00e3o com estresse do que parece. Um detalhe sobre melatonina e luz azul muda a forma de encarar a noite.\" \/>\n<meta property=\"og:url\" content=\"https:\/\/www.tuasaude.com\/news\/2026\/04\/29\/a-insonia-nao-se-deve-apenas-ao-estresse-mas-sim-a-queda-de-melatonina-causada-pela-exposicao-a-luz-azul-a-noite\/\" \/>\n<meta property=\"og:site_name\" content=\"Tua Sa\u00fade\" \/>\n<meta property=\"article:published_time\" content=\"2026-04-29T09:30:37+00:00\" \/>\n<meta property=\"article:modified_time\" content=\"2026-04-29T09:30:38+00:00\" \/>\n<meta property=\"og:image\" content=\"https:\/\/www.tuasaude.com\/news\/wp-content\/uploads\/2026\/04\/a-insonia-nao-se-deve-apenas-ao-estresse-mas-sim-a-queda-de-.jpg\" \/>\n\t<meta property=\"og:image:width\" content=\"1280\" \/>\n\t<meta property=\"og:image:height\" content=\"720\" \/>\n\t<meta property=\"og:image:type\" content=\"image\/jpeg\" \/>\n<meta name=\"author\" content=\"Gabriel Leme\" \/>\n<meta name=\"twitter:card\" content=\"summary_large_image\" \/>\n<meta name=\"twitter:label1\" content=\"Escrito por\" \/>\n\t<meta name=\"twitter:data1\" content=\"Gabriel Leme\" \/>\n\t<meta name=\"twitter:label2\" content=\"Est. tempo de leitura\" \/>\n\t<meta name=\"twitter:data2\" content=\"5 minutos\" \/>\n<!-- \/ Yoast SEO plugin. -->","yoast_head_json":{"title":"A ins\u00f4nia n\u00e3o se deve apenas ao estresse, mas sim \u00e0 queda de melatonina causada pela exposi\u00e7\u00e3o \u00e0 luz azul \u00e0 noite - Tua Sa\u00fade","description":"A ins\u00f4nia pode ter menos rela\u00e7\u00e3o com estresse do que parece. Um detalhe sobre melatonina e luz azul muda a forma de encarar a noite.","robots":{"index":"index","follow":"follow","max-snippet":"max-snippet:-1","max-image-preview":"max-image-preview:large","max-video-preview":"max-video-preview:-1"},"canonical":"https:\/\/www.tuasaude.com\/news\/2026\/04\/29\/a-insonia-nao-se-deve-apenas-ao-estresse-mas-sim-a-queda-de-melatonina-causada-pela-exposicao-a-luz-azul-a-noite\/","og_locale":"pt_BR","og_type":"article","og_title":"A ins\u00f4nia n\u00e3o se deve apenas ao estresse, mas sim \u00e0 queda de melatonina causada pela exposi\u00e7\u00e3o \u00e0 luz azul \u00e0 noite - Tua Sa\u00fade","og_description":"A ins\u00f4nia pode ter menos rela\u00e7\u00e3o com estresse do que parece. Um detalhe sobre melatonina e luz azul muda a forma de encarar a noite.","og_url":"https:\/\/www.tuasaude.com\/news\/2026\/04\/29\/a-insonia-nao-se-deve-apenas-ao-estresse-mas-sim-a-queda-de-melatonina-causada-pela-exposicao-a-luz-azul-a-noite\/","og_site_name":"Tua Sa\u00fade","article_published_time":"2026-04-29T09:30:37+00:00","article_modified_time":"2026-04-29T09:30:38+00:00","og_image":[{"width":1280,"height":720,"url":"https:\/\/www.tuasaude.com\/news\/wp-content\/uploads\/2026\/04\/a-insonia-nao-se-deve-apenas-ao-estresse-mas-sim-a-queda-de-.jpg","type":"image\/jpeg"}],"author":"Gabriel Leme","twitter_card":"summary_large_image","twitter_misc":{"Escrito por":"Gabriel Leme","Est. tempo de leitura":"5 minutos"},"schema":{"@context":"https:\/\/schema.org","@graph":[{"@type":"Article","@id":"https:\/\/www.tuasaude.com\/news\/2026\/04\/29\/a-insonia-nao-se-deve-apenas-ao-estresse-mas-sim-a-queda-de-melatonina-causada-pela-exposicao-a-luz-azul-a-noite\/#article","isPartOf":{"@id":"https:\/\/www.tuasaude.com\/news\/2026\/04\/29\/a-insonia-nao-se-deve-apenas-ao-estresse-mas-sim-a-queda-de-melatonina-causada-pela-exposicao-a-luz-azul-a-noite\/"},"author":{"name":"Gabriel Leme","@id":"https:\/\/www.tuasaude.com\/news\/#\/schema\/person\/bf512a2e53b74f5544ff3040f496e593"},"headline":"A ins\u00f4nia n\u00e3o se deve apenas ao estresse, mas sim \u00e0 queda de melatonina causada pela exposi\u00e7\u00e3o \u00e0 luz azul \u00e0 noite","datePublished":"2026-04-29T09:30:37+00:00","dateModified":"2026-04-29T09:30:38+00:00","mainEntityOfPage":{"@id":"https:\/\/www.tuasaude.com\/news\/2026\/04\/29\/a-insonia-nao-se-deve-apenas-ao-estresse-mas-sim-a-queda-de-melatonina-causada-pela-exposicao-a-luz-azul-a-noite\/"},"wordCount":880,"commentCount":0,"image":{"@id":"https:\/\/www.tuasaude.com\/news\/2026\/04\/29\/a-insonia-nao-se-deve-apenas-ao-estresse-mas-sim-a-queda-de-melatonina-causada-pela-exposicao-a-luz-azul-a-noite\/#primaryimage"},"thumbnailUrl":"https:\/\/www.tuasaude.com\/news\/wp-content\/uploads\/2026\/04\/a-insonia-nao-se-deve-apenas-ao-estresse-mas-sim-a-queda-de-.jpg","keywords":["\u00e1gua e sa\u00fade hep\u00e1tica","ins\u00f4nia","luz azul","Melatonina","qualidade do sono"],"articleSection":["Sa\u00fade"],"inLanguage":"pt-BR","potentialAction":[{"@type":"CommentAction","name":"Comment","target":["https:\/\/www.tuasaude.com\/news\/2026\/04\/29\/a-insonia-nao-se-deve-apenas-ao-estresse-mas-sim-a-queda-de-melatonina-causada-pela-exposicao-a-luz-azul-a-noite\/#respond"]}]},{"@type":"WebPage","@id":"https:\/\/www.tuasaude.com\/news\/2026\/04\/29\/a-insonia-nao-se-deve-apenas-ao-estresse-mas-sim-a-queda-de-melatonina-causada-pela-exposicao-a-luz-azul-a-noite\/","url":"https:\/\/www.tuasaude.com\/news\/2026\/04\/29\/a-insonia-nao-se-deve-apenas-ao-estresse-mas-sim-a-queda-de-melatonina-causada-pela-exposicao-a-luz-azul-a-noite\/","name":"A ins\u00f4nia n\u00e3o se deve apenas ao estresse, mas sim \u00e0 queda de melatonina causada pela exposi\u00e7\u00e3o \u00e0 luz azul \u00e0 noite - Tua Sa\u00fade","isPartOf":{"@id":"https:\/\/www.tuasaude.com\/news\/#website"},"primaryImageOfPage":{"@id":"https:\/\/www.tuasaude.com\/news\/2026\/04\/29\/a-insonia-nao-se-deve-apenas-ao-estresse-mas-sim-a-queda-de-melatonina-causada-pela-exposicao-a-luz-azul-a-noite\/#primaryimage"},"image":{"@id":"https:\/\/www.tuasaude.com\/news\/2026\/04\/29\/a-insonia-nao-se-deve-apenas-ao-estresse-mas-sim-a-queda-de-melatonina-causada-pela-exposicao-a-luz-azul-a-noite\/#primaryimage"},"thumbnailUrl":"https:\/\/www.tuasaude.com\/news\/wp-content\/uploads\/2026\/04\/a-insonia-nao-se-deve-apenas-ao-estresse-mas-sim-a-queda-de-.jpg","datePublished":"2026-04-29T09:30:37+00:00","dateModified":"2026-04-29T09:30:38+00:00","author":{"@id":"https:\/\/www.tuasaude.com\/news\/#\/schema\/person\/bf512a2e53b74f5544ff3040f496e593"},"description":"A ins\u00f4nia pode ter menos rela\u00e7\u00e3o com estresse do que parece. Um detalhe sobre melatonina e luz azul muda a forma de encarar a noite.","breadcrumb":{"@id":"https:\/\/www.tuasaude.com\/news\/2026\/04\/29\/a-insonia-nao-se-deve-apenas-ao-estresse-mas-sim-a-queda-de-melatonina-causada-pela-exposicao-a-luz-azul-a-noite\/#breadcrumb"},"inLanguage":"pt-BR","potentialAction":[{"@type":"ReadAction","target":["https:\/\/www.tuasaude.com\/news\/2026\/04\/29\/a-insonia-nao-se-deve-apenas-ao-estresse-mas-sim-a-queda-de-melatonina-causada-pela-exposicao-a-luz-azul-a-noite\/"]}]},{"@type":"ImageObject","inLanguage":"pt-BR","@id":"https:\/\/www.tuasaude.com\/news\/2026\/04\/29\/a-insonia-nao-se-deve-apenas-ao-estresse-mas-sim-a-queda-de-melatonina-causada-pela-exposicao-a-luz-azul-a-noite\/#primaryimage","url":"https:\/\/www.tuasaude.com\/news\/wp-content\/uploads\/2026\/04\/a-insonia-nao-se-deve-apenas-ao-estresse-mas-sim-a-queda-de-.jpg","contentUrl":"https:\/\/www.tuasaude.com\/news\/wp-content\/uploads\/2026\/04\/a-insonia-nao-se-deve-apenas-ao-estresse-mas-sim-a-queda-de-.jpg","width":1280,"height":720,"caption":"Luz azul do celular pode atrasar o sono e piorar a ins\u00f4nia."},{"@type":"BreadcrumbList","@id":"https:\/\/www.tuasaude.com\/news\/2026\/04\/29\/a-insonia-nao-se-deve-apenas-ao-estresse-mas-sim-a-queda-de-melatonina-causada-pela-exposicao-a-luz-azul-a-noite\/#breadcrumb","itemListElement":[{"@type":"ListItem","position":1,"name":"In\u00edcio","item":"https:\/\/www.tuasaude.com\/news\/"},{"@type":"ListItem","position":2,"name":"A ins\u00f4nia n\u00e3o se deve apenas ao estresse, mas sim \u00e0 queda de melatonina causada pela exposi\u00e7\u00e3o \u00e0 luz azul \u00e0 noite"}]},{"@type":"WebSite","@id":"https:\/\/www.tuasaude.com\/news\/#website","url":"https:\/\/www.tuasaude.com\/news\/","name":"Tua Sa\u00fade","description":"Seu site de sa\u00fade","potentialAction":[{"@type":"SearchAction","target":{"@type":"EntryPoint","urlTemplate":"https:\/\/www.tuasaude.com\/news\/?s={search_term_string}"},"query-input":{"@type":"PropertyValueSpecification","valueRequired":true,"valueName":"search_term_string"}}],"inLanguage":"pt-BR"},{"@type":"Person","@id":"https:\/\/www.tuasaude.com\/news\/#\/schema\/person\/bf512a2e53b74f5544ff3040f496e593","name":"Gabriel Leme","image":{"@type":"ImageObject","inLanguage":"pt-BR","@id":"https:\/\/www.tuasaude.com\/news\/#\/schema\/person\/image\/","url":"https:\/\/secure.gravatar.com\/avatar\/a12badc2d08e73d59b38f178ebe822eca26c0445823b05fefedea89fb346439c?s=96&d=mm&r=g","contentUrl":"https:\/\/secure.gravatar.com\/avatar\/a12badc2d08e73d59b38f178ebe822eca26c0445823b05fefedea89fb346439c?s=96&d=mm&r=g","caption":"Gabriel Leme"},"sameAs":["https:\/\/www.tuasaude.com\/news"],"url":"https:\/\/www.tuasaude.com\/news\/author\/gabrielleme\/"}]}},"_links":{"self":[{"href":"https:\/\/www.tuasaude.com\/news\/wp-json\/wp\/v2\/posts\/30257","targetHints":{"allow":["GET"]}}],"collection":[{"href":"https:\/\/www.tuasaude.com\/news\/wp-json\/wp\/v2\/posts"}],"about":[{"href":"https:\/\/www.tuasaude.com\/news\/wp-json\/wp\/v2\/types\/post"}],"author":[{"embeddable":true,"href":"https:\/\/www.tuasaude.com\/news\/wp-json\/wp\/v2\/users\/6"}],"replies":[{"embeddable":true,"href":"https:\/\/www.tuasaude.com\/news\/wp-json\/wp\/v2\/comments?post=30257"}],"version-history":[{"count":1,"href":"https:\/\/www.tuasaude.com\/news\/wp-json\/wp\/v2\/posts\/30257\/revisions"}],"predecessor-version":[{"id":30307,"href":"https:\/\/www.tuasaude.com\/news\/wp-json\/wp\/v2\/posts\/30257\/revisions\/30307"}],"wp:featuredmedia":[{"embeddable":true,"href":"https:\/\/www.tuasaude.com\/news\/wp-json\/wp\/v2\/media\/30255"}],"wp:attachment":[{"href":"https:\/\/www.tuasaude.com\/news\/wp-json\/wp\/v2\/media?parent=30257"}],"wp:term":[{"taxonomy":"category","embeddable":true,"href":"https:\/\/www.tuasaude.com\/news\/wp-json\/wp\/v2\/categories?post=30257"},{"taxonomy":"post_tag","embeddable":true,"href":"https:\/\/www.tuasaude.com\/news\/wp-json\/wp\/v2\/tags?post=30257"}],"curies":[{"name":"wp","href":"https:\/\/api.w.org\/{rel}","templated":true}]}}