{"id":30245,"date":"2026-04-29T04:30:04","date_gmt":"2026-04-29T07:30:04","guid":{"rendered":"https:\/\/www.tuasaude.com\/news\/?p=30245"},"modified":"2026-04-29T04:30:05","modified_gmt":"2026-04-29T07:30:05","slug":"a-queda-de-cabelo-nao-se-deve-apenas-a-genetica-mas-sim-a-deficiencia-de-ferritina-e-zinco-que-enfraquecem-o-foliculo-capilar","status":"publish","type":"post","link":"https:\/\/www.tuasaude.com\/news\/2026\/04\/29\/a-queda-de-cabelo-nao-se-deve-apenas-a-genetica-mas-sim-a-deficiencia-de-ferritina-e-zinco-que-enfraquecem-o-foliculo-capilar\/","title":{"rendered":"A queda de cabelo n\u00e3o se deve apenas \u00e0 gen\u00e9tica, mas sim \u00e0 defici\u00eancia de ferritina e zinco que enfraquecem o fol\u00edculo capilar"},"content":{"rendered":"\n<p><strong>Queda de cabelo<\/strong> nem sempre aponta apenas para heran\u00e7a familiar. Em muitos casos, o afinamento dos fios, a redu\u00e7\u00e3o do volume e a maior queda na escova podem ter rela\u00e7\u00e3o com <strong>ferritina<\/strong> baixa, <strong>zinco<\/strong> insuficiente e outras altera\u00e7\u00f5es que afetam o <strong>fol\u00edculo capilar<\/strong>. Quando existe <strong>defici\u00eancia nutricional<\/strong>, a raiz recebe menos suporte para sustentar o ciclo de crescimento, e isso muda a for\u00e7a, a espessura e a renova\u00e7\u00e3o dos fios.<\/p>\n\n\n\n<h2 class=\"wp-block-heading\">Por que a queda de cabelo pode ter causas al\u00e9m da gen\u00e9tica?<\/h2>\n\n\n\n<p>A gen\u00e9tica influencia padr\u00f5es como a alopecia androgen\u00e9tica, mas ela n\u00e3o explica todos os quadros de queda. O cabelo cresce em ciclos, e esse equil\u00edbrio depende de oxigena\u00e7\u00e3o, prote\u00edna, ferro, zinco e bom funcionamento metab\u00f3lico. Se algum desses fatores falha, o fol\u00edculo capilar pode entrar mais cedo na fase de repouso, aumentando a perda di\u00e1ria.<\/p>\n\n\n\n<p>Esse cen\u00e1rio \u00e9 comum ap\u00f3s dietas muito restritivas, sangramento menstrual intenso, p\u00f3s-parto, cirurgias, estresse prolongado e doen\u00e7as inflamat\u00f3rias. Nesses casos, a defici\u00eancia nutricional n\u00e3o age sozinha, mas reduz a capacidade de o fio se manter firme no couro cabeludo.<\/p>\n\n\n\n<h2 class=\"wp-block-heading\">O que os estudos mostram sobre ferritina, zinco e enfraquecimento dos fios?<\/h2>\n\n\n\n<p>Os dados cient\u00edficos refor\u00e7am que a investiga\u00e7\u00e3o laboratorial faz sentido quando a queda \u00e9 difusa ou persistente. Segundo a revis\u00e3o cl\u00ednica <a href=\"https:\/\/pubmed.ncbi.nlm.nih.gov\/37820340\/\" target=\"_blank\" rel=\"noopener noreferrer\">Serum Ferritin Levels: A Clinical Guide in Patients With Hair Loss<\/a>, publicada na revista <strong>Cutis<\/strong>, a ferritina s\u00e9rica pode ser uma ferramenta \u00fatil para afastar defici\u00eancia de ferro como causa de alopecia difusa. J\u00e1 a meta-an\u00e1lise <a href=\"https:\/\/pubmed.ncbi.nlm.nih.gov\/34708926\/\" target=\"_blank\" rel=\"noopener noreferrer\">Association between serum zinc levels and androgenetic alopecia<\/a>, publicada no <strong>Journal of Cosmetic Dermatology<\/strong>, encontrou associa\u00e7\u00e3o entre n\u00edveis s\u00e9ricos mais baixos de zinco e alopecia androgen\u00e9tica.<\/p>\n\n\n\n<p>Isso n\u00e3o significa que todo caso ser\u00e1 resolvido com suplementa\u00e7\u00e3o. O ponto central \u00e9 outro: quando ferritina e zinco est\u00e3o reduzidos, o fol\u00edculo capilar perde parte do suporte biol\u00f3gico necess\u00e1rio para manter o crescimento regular. Por isso, exames e avalia\u00e7\u00e3o cl\u00ednica costumam ser mais \u00fateis do que assumir que a gen\u00e9tica explica tudo.<\/p>\n\n\n<div class=\"wp-block-image\">\n<figure class=\"aligncenter\"><img decoding=\"async\" src=\"https:\/\/www.tuasaude.com\/news\/wp-content\/uploads\/2026\/04\/a-queda-de-cabelo-nao-se-deve-apenas-a-genetica-mas-sim-corpo.jpg\" alt=\"Fol\u00edculo capilar enfraquecido perde suporte quando faltam ferro e zinco.\"\/><figcaption class=\"wp-element-caption\">Fol\u00edculo capilar enfraquecido perde suporte quando faltam ferro e zinco.<\/figcaption><\/figure>\n<\/div>\n\n\n<h2 class=\"wp-block-heading\">Quais sinais sugerem defici\u00eancia nutricional por tr\u00e1s da queda?<\/h2>\n\n\n\n<p>Nem sempre a defici\u00eancia nutricional causa sintomas \u00f3bvios no in\u00edcio. Muitas pessoas percebem primeiro mais fios no banho, na fronha ou no ralo. Depois surgem mudan\u00e7as de textura, quebra f\u00e1cil e dificuldade para recuperar o volume habitual.<\/p>\n\n\n\n<ul class=\"wp-block-list\">\n<li>queda difusa, sem \u00e1reas totalmente falhadas<\/li>\n\n\n\n<li>fios mais finos e sem densidade<\/li>\n\n\n\n<li>cansa\u00e7o frequente ou palidez, quando h\u00e1 baixa reserva de ferro<\/li>\n\n\n\n<li>unhas fr\u00e1geis e descama\u00e7\u00e3o da pele<\/li>\n\n\n\n<li>recupera\u00e7\u00e3o lenta ap\u00f3s dietas restritivas ou doen\u00e7as<\/li>\n<\/ul>\n\n\n\n<p>Quando esses sinais aparecem juntos, vale observar tamb\u00e9m a alimenta\u00e7\u00e3o e a investiga\u00e7\u00e3o de car\u00eancias. Um bom ponto de apoio \u00e9 o conte\u00fado do Tua Sa\u00fade sobre <a href=\"https:\/\/www.tuasaude.com\/queda-de-cabelo\/\" target=\"_blank\" rel=\"noopener noreferrer\">principais causas de queda de cabelo<\/a>, que ajuda a diferenciar altera\u00e7\u00f5es passageiras de quadros que precisam de consulta.<\/p>\n\n\n\n<h2 class=\"wp-block-heading\">Como ferritina e zinco atuam no fol\u00edculo capilar?<\/h2>\n\n\n\n<p>A ferritina representa a reserva de ferro do organismo. Quando ela est\u00e1 baixa, a produ\u00e7\u00e3o celular ligada ao crescimento do fio pode perder efici\u00eancia. O resultado costuma aparecer como queda mais intensa, crescimento lento e sensa\u00e7\u00e3o de cabelo ralo, mesmo antes de altera\u00e7\u00f5es maiores no hemograma.<\/p>\n\n\n\n<p>O zinco participa da divis\u00e3o celular, da s\u00edntese de prote\u00ednas e da repara\u00e7\u00e3o tecidual. No couro cabeludo, isso importa porque o fol\u00edculo capilar \u00e9 uma estrutura com atividade metab\u00f3lica alta. Se falta zinco, a forma\u00e7\u00e3o do fio pode ficar mais fr\u00e1gil, com menor resist\u00eancia e pior sustenta\u00e7\u00e3o do ciclo capilar.<\/p>\n\n\n\n<h2 class=\"wp-block-heading\">O que fazer quando os fios come\u00e7am a cair mais do que o habitual?<\/h2>\n\n\n\n<p>O primeiro passo \u00e9 observar a dura\u00e7\u00e3o da queda. Perda acentuada por algumas semanas ap\u00f3s febre, parto ou estresse pode acontecer, mas queda persistente merece investiga\u00e7\u00e3o. O ideal \u00e9 avaliar hist\u00f3rico cl\u00ednico, rotina alimentar, uso de medicamentos e exames solicitados por m\u00e9dico ou nutricionista.<\/p>\n\n\n\n<ul class=\"wp-block-list\">\n<li>evite iniciar suplementos por conta pr\u00f3pria<\/li>\n\n\n\n<li>mantenha ingest\u00e3o adequada de prote\u00ednas, leguminosas, carnes, ovos e oleaginosas<\/li>\n\n\n\n<li>registre h\u00e1 quanto tempo a queda aumentou<\/li>\n\n\n\n<li>observe sintomas associados, como fadiga, unhas quebradi\u00e7as e altera\u00e7\u00e3o menstrual<\/li>\n\n\n\n<li>procure atendimento se houver falhas, coceira, dor ou inflama\u00e7\u00e3o no couro cabeludo<\/li>\n<\/ul>\n\n\n\n<p>Reposi\u00e7\u00e3o sem crit\u00e9rio pode mascarar o problema ou at\u00e9 causar excesso de minerais. Ferro e zinco em dose inadequada n\u00e3o fortalecem automaticamente os fios, e o tratamento correto depende da causa, da intensidade da queda e do resultado dos exames.<\/p>\n\n\n\n<p>Quando a queda de cabelo aparece junto de fios finos, crescimento lento e menor densidade, vale olhar al\u00e9m do padr\u00e3o familiar. Ferritina, zinco, reserva de ferro, alimenta\u00e7\u00e3o e ciclo do fol\u00edculo capilar formam um conjunto que ajuda a explicar por que alguns quadros persistem mesmo com bons cuidados cosm\u00e9ticos.<\/p>\n\n\n\n<p>Este conte\u00fado tem car\u00e1ter exclusivamente informativo e <strong>n\u00e3o substitui a avalia\u00e7\u00e3o<\/strong>, o diagn\u00f3stico ou o acompanhamento de um profissional de sa\u00fade. Se voc\u00ea apresenta sintomas ou tem d\u00favidas sobre sua condi\u00e7\u00e3o, procure orienta\u00e7\u00e3o m\u00e9dica.<\/p>\n","protected":false},"excerpt":{"rendered":"<p>Queda de cabelo nem sempre aponta apenas para heran\u00e7a familiar. Em muitos casos, o afinamento dos fios, a redu\u00e7\u00e3o do volume e a maior queda na escova podem ter rela\u00e7\u00e3o com ferritina baixa, zinco insuficiente e outras altera\u00e7\u00f5es que afetam o fol\u00edculo capilar. Quando existe defici\u00eancia nutricional, a raiz recebe menos suporte para sustentar o [&hellip;]<\/p>\n","protected":false},"author":6,"featured_media":30243,"comment_status":"open","ping_status":"open","sticky":false,"template":"","format":"standard","meta":{"_yoast_wpseo_focuskw":"queda de cabelo","_yoast_wpseo_title":"","_yoast_wpseo_metadesc":"A queda de cabelo pode sinalizar algo al\u00e9m da gen\u00e9tica. Ferritina e zinco baixos mudam a leitura do problema e exigem outra investiga\u00e7\u00e3o.","jnews-multi-image_gallery":[],"jnews_single_post":{"format":"standard"},"jnews_primary_category":[],"jnews_social_meta":[],"jnews_override_counter":[],"footnotes":""},"categories":[111],"tags":[5401,3264,5965,6305,630,1431],"class_list":["post-30245","post","type-post","status-publish","format-standard","has-post-thumbnail","hentry","category-saude","tag-agua-e-saude-hepatica","tag-deficiencia-nutricional","tag-ferritina","tag-foliculo-capilar","tag-queda-de-cabelo","tag-zinco"],"yoast_head":"<!-- This site is optimized with the Yoast SEO plugin v26.7 - https:\/\/yoast.com\/wordpress\/plugins\/seo\/ -->\n<title>A queda de cabelo n\u00e3o se deve apenas \u00e0 gen\u00e9tica, mas sim \u00e0 defici\u00eancia de ferritina e zinco que enfraquecem o fol\u00edculo capilar - Tua Sa\u00fade<\/title>\n<meta name=\"description\" content=\"A queda de cabelo pode sinalizar algo al\u00e9m da gen\u00e9tica. Ferritina e zinco baixos mudam a leitura do problema e exigem outra investiga\u00e7\u00e3o.\" \/>\n<meta name=\"robots\" content=\"index, follow, max-snippet:-1, max-image-preview:large, max-video-preview:-1\" \/>\n<link rel=\"canonical\" href=\"https:\/\/www.tuasaude.com\/news\/2026\/04\/29\/a-queda-de-cabelo-nao-se-deve-apenas-a-genetica-mas-sim-a-deficiencia-de-ferritina-e-zinco-que-enfraquecem-o-foliculo-capilar\/\" \/>\n<meta property=\"og:locale\" content=\"pt_BR\" \/>\n<meta property=\"og:type\" content=\"article\" \/>\n<meta property=\"og:title\" content=\"A queda de cabelo n\u00e3o se deve apenas \u00e0 gen\u00e9tica, mas sim \u00e0 defici\u00eancia de ferritina e zinco que enfraquecem o fol\u00edculo capilar - Tua Sa\u00fade\" \/>\n<meta property=\"og:description\" content=\"A queda de cabelo pode sinalizar algo al\u00e9m da gen\u00e9tica. Ferritina e zinco baixos mudam a leitura do problema e exigem outra investiga\u00e7\u00e3o.\" \/>\n<meta property=\"og:url\" content=\"https:\/\/www.tuasaude.com\/news\/2026\/04\/29\/a-queda-de-cabelo-nao-se-deve-apenas-a-genetica-mas-sim-a-deficiencia-de-ferritina-e-zinco-que-enfraquecem-o-foliculo-capilar\/\" \/>\n<meta property=\"og:site_name\" content=\"Tua Sa\u00fade\" \/>\n<meta property=\"article:published_time\" content=\"2026-04-29T07:30:04+00:00\" \/>\n<meta property=\"article:modified_time\" content=\"2026-04-29T07:30:05+00:00\" \/>\n<meta property=\"og:image\" content=\"https:\/\/www.tuasaude.com\/news\/wp-content\/uploads\/2026\/04\/a-queda-de-cabelo-nao-se-deve-apenas-a-genetica-mas-sim-a-de.jpg\" \/>\n\t<meta property=\"og:image:width\" content=\"1280\" \/>\n\t<meta property=\"og:image:height\" content=\"720\" \/>\n\t<meta property=\"og:image:type\" content=\"image\/jpeg\" \/>\n<meta name=\"author\" content=\"Gabriel Leme\" \/>\n<meta name=\"twitter:card\" content=\"summary_large_image\" \/>\n<meta name=\"twitter:label1\" content=\"Escrito por\" \/>\n\t<meta name=\"twitter:data1\" content=\"Gabriel Leme\" \/>\n\t<meta name=\"twitter:label2\" content=\"Est. tempo de leitura\" \/>\n\t<meta name=\"twitter:data2\" content=\"5 minutos\" \/>\n<!-- \/ Yoast SEO plugin. -->","yoast_head_json":{"title":"A queda de cabelo n\u00e3o se deve apenas \u00e0 gen\u00e9tica, mas sim \u00e0 defici\u00eancia de ferritina e zinco que enfraquecem o fol\u00edculo capilar - Tua Sa\u00fade","description":"A queda de cabelo pode sinalizar algo al\u00e9m da gen\u00e9tica. Ferritina e zinco baixos mudam a leitura do problema e exigem outra investiga\u00e7\u00e3o.","robots":{"index":"index","follow":"follow","max-snippet":"max-snippet:-1","max-image-preview":"max-image-preview:large","max-video-preview":"max-video-preview:-1"},"canonical":"https:\/\/www.tuasaude.com\/news\/2026\/04\/29\/a-queda-de-cabelo-nao-se-deve-apenas-a-genetica-mas-sim-a-deficiencia-de-ferritina-e-zinco-que-enfraquecem-o-foliculo-capilar\/","og_locale":"pt_BR","og_type":"article","og_title":"A queda de cabelo n\u00e3o se deve apenas \u00e0 gen\u00e9tica, mas sim \u00e0 defici\u00eancia de ferritina e zinco que enfraquecem o fol\u00edculo capilar - Tua Sa\u00fade","og_description":"A queda de cabelo pode sinalizar algo al\u00e9m da gen\u00e9tica. Ferritina e zinco baixos mudam a leitura do problema e exigem outra investiga\u00e7\u00e3o.","og_url":"https:\/\/www.tuasaude.com\/news\/2026\/04\/29\/a-queda-de-cabelo-nao-se-deve-apenas-a-genetica-mas-sim-a-deficiencia-de-ferritina-e-zinco-que-enfraquecem-o-foliculo-capilar\/","og_site_name":"Tua Sa\u00fade","article_published_time":"2026-04-29T07:30:04+00:00","article_modified_time":"2026-04-29T07:30:05+00:00","og_image":[{"width":1280,"height":720,"url":"https:\/\/www.tuasaude.com\/news\/wp-content\/uploads\/2026\/04\/a-queda-de-cabelo-nao-se-deve-apenas-a-genetica-mas-sim-a-de.jpg","type":"image\/jpeg"}],"author":"Gabriel Leme","twitter_card":"summary_large_image","twitter_misc":{"Escrito por":"Gabriel Leme","Est. tempo de leitura":"5 minutos"},"schema":{"@context":"https:\/\/schema.org","@graph":[{"@type":"Article","@id":"https:\/\/www.tuasaude.com\/news\/2026\/04\/29\/a-queda-de-cabelo-nao-se-deve-apenas-a-genetica-mas-sim-a-deficiencia-de-ferritina-e-zinco-que-enfraquecem-o-foliculo-capilar\/#article","isPartOf":{"@id":"https:\/\/www.tuasaude.com\/news\/2026\/04\/29\/a-queda-de-cabelo-nao-se-deve-apenas-a-genetica-mas-sim-a-deficiencia-de-ferritina-e-zinco-que-enfraquecem-o-foliculo-capilar\/"},"author":{"name":"Gabriel Leme","@id":"https:\/\/www.tuasaude.com\/news\/#\/schema\/person\/bf512a2e53b74f5544ff3040f496e593"},"headline":"A queda de cabelo n\u00e3o se deve apenas \u00e0 gen\u00e9tica, mas sim \u00e0 defici\u00eancia de ferritina e zinco que enfraquecem o fol\u00edculo capilar","datePublished":"2026-04-29T07:30:04+00:00","dateModified":"2026-04-29T07:30:05+00:00","mainEntityOfPage":{"@id":"https:\/\/www.tuasaude.com\/news\/2026\/04\/29\/a-queda-de-cabelo-nao-se-deve-apenas-a-genetica-mas-sim-a-deficiencia-de-ferritina-e-zinco-que-enfraquecem-o-foliculo-capilar\/"},"wordCount":922,"commentCount":0,"image":{"@id":"https:\/\/www.tuasaude.com\/news\/2026\/04\/29\/a-queda-de-cabelo-nao-se-deve-apenas-a-genetica-mas-sim-a-deficiencia-de-ferritina-e-zinco-que-enfraquecem-o-foliculo-capilar\/#primaryimage"},"thumbnailUrl":"https:\/\/www.tuasaude.com\/news\/wp-content\/uploads\/2026\/04\/a-queda-de-cabelo-nao-se-deve-apenas-a-genetica-mas-sim-a-de.jpg","keywords":["\u00e1gua e sa\u00fade hep\u00e1tica","defici\u00eancia nutricional","ferritina","fol\u00edculo capilar","queda de cabelo","zinco"],"articleSection":["Sa\u00fade"],"inLanguage":"pt-BR","potentialAction":[{"@type":"CommentAction","name":"Comment","target":["https:\/\/www.tuasaude.com\/news\/2026\/04\/29\/a-queda-de-cabelo-nao-se-deve-apenas-a-genetica-mas-sim-a-deficiencia-de-ferritina-e-zinco-que-enfraquecem-o-foliculo-capilar\/#respond"]}]},{"@type":"WebPage","@id":"https:\/\/www.tuasaude.com\/news\/2026\/04\/29\/a-queda-de-cabelo-nao-se-deve-apenas-a-genetica-mas-sim-a-deficiencia-de-ferritina-e-zinco-que-enfraquecem-o-foliculo-capilar\/","url":"https:\/\/www.tuasaude.com\/news\/2026\/04\/29\/a-queda-de-cabelo-nao-se-deve-apenas-a-genetica-mas-sim-a-deficiencia-de-ferritina-e-zinco-que-enfraquecem-o-foliculo-capilar\/","name":"A queda de cabelo n\u00e3o se deve apenas \u00e0 gen\u00e9tica, mas sim \u00e0 defici\u00eancia de ferritina e zinco que enfraquecem o fol\u00edculo capilar - Tua Sa\u00fade","isPartOf":{"@id":"https:\/\/www.tuasaude.com\/news\/#website"},"primaryImageOfPage":{"@id":"https:\/\/www.tuasaude.com\/news\/2026\/04\/29\/a-queda-de-cabelo-nao-se-deve-apenas-a-genetica-mas-sim-a-deficiencia-de-ferritina-e-zinco-que-enfraquecem-o-foliculo-capilar\/#primaryimage"},"image":{"@id":"https:\/\/www.tuasaude.com\/news\/2026\/04\/29\/a-queda-de-cabelo-nao-se-deve-apenas-a-genetica-mas-sim-a-deficiencia-de-ferritina-e-zinco-que-enfraquecem-o-foliculo-capilar\/#primaryimage"},"thumbnailUrl":"https:\/\/www.tuasaude.com\/news\/wp-content\/uploads\/2026\/04\/a-queda-de-cabelo-nao-se-deve-apenas-a-genetica-mas-sim-a-de.jpg","datePublished":"2026-04-29T07:30:04+00:00","dateModified":"2026-04-29T07:30:05+00:00","author":{"@id":"https:\/\/www.tuasaude.com\/news\/#\/schema\/person\/bf512a2e53b74f5544ff3040f496e593"},"description":"A queda de cabelo pode sinalizar algo al\u00e9m da gen\u00e9tica. Ferritina e zinco baixos mudam a leitura do problema e exigem outra investiga\u00e7\u00e3o.","breadcrumb":{"@id":"https:\/\/www.tuasaude.com\/news\/2026\/04\/29\/a-queda-de-cabelo-nao-se-deve-apenas-a-genetica-mas-sim-a-deficiencia-de-ferritina-e-zinco-que-enfraquecem-o-foliculo-capilar\/#breadcrumb"},"inLanguage":"pt-BR","potentialAction":[{"@type":"ReadAction","target":["https:\/\/www.tuasaude.com\/news\/2026\/04\/29\/a-queda-de-cabelo-nao-se-deve-apenas-a-genetica-mas-sim-a-deficiencia-de-ferritina-e-zinco-que-enfraquecem-o-foliculo-capilar\/"]}]},{"@type":"ImageObject","inLanguage":"pt-BR","@id":"https:\/\/www.tuasaude.com\/news\/2026\/04\/29\/a-queda-de-cabelo-nao-se-deve-apenas-a-genetica-mas-sim-a-deficiencia-de-ferritina-e-zinco-que-enfraquecem-o-foliculo-capilar\/#primaryimage","url":"https:\/\/www.tuasaude.com\/news\/wp-content\/uploads\/2026\/04\/a-queda-de-cabelo-nao-se-deve-apenas-a-genetica-mas-sim-a-de.jpg","contentUrl":"https:\/\/www.tuasaude.com\/news\/wp-content\/uploads\/2026\/04\/a-queda-de-cabelo-nao-se-deve-apenas-a-genetica-mas-sim-a-de.jpg","width":1280,"height":720,"caption":"Queda de cabelo pode estar ligada \u00e0 ferritina e zinco baixos."},{"@type":"BreadcrumbList","@id":"https:\/\/www.tuasaude.com\/news\/2026\/04\/29\/a-queda-de-cabelo-nao-se-deve-apenas-a-genetica-mas-sim-a-deficiencia-de-ferritina-e-zinco-que-enfraquecem-o-foliculo-capilar\/#breadcrumb","itemListElement":[{"@type":"ListItem","position":1,"name":"In\u00edcio","item":"https:\/\/www.tuasaude.com\/news\/"},{"@type":"ListItem","position":2,"name":"A queda de cabelo n\u00e3o se deve apenas \u00e0 gen\u00e9tica, mas sim \u00e0 defici\u00eancia de ferritina e zinco que enfraquecem o fol\u00edculo capilar"}]},{"@type":"WebSite","@id":"https:\/\/www.tuasaude.com\/news\/#website","url":"https:\/\/www.tuasaude.com\/news\/","name":"Tua Sa\u00fade","description":"Seu site de sa\u00fade","potentialAction":[{"@type":"SearchAction","target":{"@type":"EntryPoint","urlTemplate":"https:\/\/www.tuasaude.com\/news\/?s={search_term_string}"},"query-input":{"@type":"PropertyValueSpecification","valueRequired":true,"valueName":"search_term_string"}}],"inLanguage":"pt-BR"},{"@type":"Person","@id":"https:\/\/www.tuasaude.com\/news\/#\/schema\/person\/bf512a2e53b74f5544ff3040f496e593","name":"Gabriel Leme","image":{"@type":"ImageObject","inLanguage":"pt-BR","@id":"https:\/\/www.tuasaude.com\/news\/#\/schema\/person\/image\/","url":"https:\/\/secure.gravatar.com\/avatar\/a12badc2d08e73d59b38f178ebe822eca26c0445823b05fefedea89fb346439c?s=96&d=mm&r=g","contentUrl":"https:\/\/secure.gravatar.com\/avatar\/a12badc2d08e73d59b38f178ebe822eca26c0445823b05fefedea89fb346439c?s=96&d=mm&r=g","caption":"Gabriel Leme"},"sameAs":["https:\/\/www.tuasaude.com\/news"],"url":"https:\/\/www.tuasaude.com\/news\/author\/gabrielleme\/"}]}},"_links":{"self":[{"href":"https:\/\/www.tuasaude.com\/news\/wp-json\/wp\/v2\/posts\/30245","targetHints":{"allow":["GET"]}}],"collection":[{"href":"https:\/\/www.tuasaude.com\/news\/wp-json\/wp\/v2\/posts"}],"about":[{"href":"https:\/\/www.tuasaude.com\/news\/wp-json\/wp\/v2\/types\/post"}],"author":[{"embeddable":true,"href":"https:\/\/www.tuasaude.com\/news\/wp-json\/wp\/v2\/users\/6"}],"replies":[{"embeddable":true,"href":"https:\/\/www.tuasaude.com\/news\/wp-json\/wp\/v2\/comments?post=30245"}],"version-history":[{"count":1,"href":"https:\/\/www.tuasaude.com\/news\/wp-json\/wp\/v2\/posts\/30245\/revisions"}],"predecessor-version":[{"id":30265,"href":"https:\/\/www.tuasaude.com\/news\/wp-json\/wp\/v2\/posts\/30245\/revisions\/30265"}],"wp:featuredmedia":[{"embeddable":true,"href":"https:\/\/www.tuasaude.com\/news\/wp-json\/wp\/v2\/media\/30243"}],"wp:attachment":[{"href":"https:\/\/www.tuasaude.com\/news\/wp-json\/wp\/v2\/media?parent=30245"}],"wp:term":[{"taxonomy":"category","embeddable":true,"href":"https:\/\/www.tuasaude.com\/news\/wp-json\/wp\/v2\/categories?post=30245"},{"taxonomy":"post_tag","embeddable":true,"href":"https:\/\/www.tuasaude.com\/news\/wp-json\/wp\/v2\/tags?post=30245"}],"curies":[{"name":"wp","href":"https:\/\/api.w.org\/{rel}","templated":true}]}}