{"id":30236,"date":"2026-05-02T18:20:00","date_gmt":"2026-05-02T21:20:00","guid":{"rendered":"https:\/\/www.tuasaude.com\/news\/?p=30236"},"modified":"2026-05-01T18:23:36","modified_gmt":"2026-05-01T21:23:36","slug":"sentir-sono-apos-o-almoco-todo-dia-nao-e-normal-e-e-sinal-de-algo-errado-no-metabolismo","status":"publish","type":"post","link":"https:\/\/www.tuasaude.com\/news\/2026\/05\/02\/sentir-sono-apos-o-almoco-todo-dia-nao-e-normal-e-e-sinal-de-algo-errado-no-metabolismo\/","title":{"rendered":"Sentir sono ap\u00f3s o almo\u00e7o todo dia n\u00e3o \u00e9 normal; \u00e9 sinal de que algo est\u00e1 errado no seu metabolismo"},"content":{"rendered":"\n<p>Sentir <strong>sono ap\u00f3s o almo\u00e7o todos os dias<\/strong> pode parecer apenas um cansa\u00e7o comum, mas, quando se torna rotina, costuma ser um sinal de que o metabolismo est\u00e1 em desequil\u00edbrio. Picos de <strong><a href=\"https:\/\/www.tuasaude.com\/glicose\/\" target=\"_blank\" rel=\"noreferrer noopener\">glicose <\/a><\/strong>no sangue, <strong><a href=\"https:\/\/www.tuasaude.com\/resistencia-a-insulina\/\" target=\"_blank\" rel=\"noreferrer noopener\">resist\u00eancia \u00e0 insulina <\/a><\/strong>e at\u00e9 problemas de sono mal tratados podem ser as causas escondidas dessa sensa\u00e7\u00e3o. Entender o que est\u00e1 por tr\u00e1s desse cansa\u00e7o pode prevenir doen\u00e7as s\u00e9rias, como o <strong><a href=\"https:\/\/www.tuasaude.com\/diabetes-tipo-2\/\" target=\"_blank\" rel=\"noreferrer noopener\">diabetes tipo 2<\/a><\/strong>, e devolver disposi\u00e7\u00e3o para a tarde inteira.<\/p>\n\n\n\n<h2 class=\"wp-block-heading\">Por que sentir tanto sono depois do almo\u00e7o n\u00e3o \u00e9 normal?<\/h2>\n\n\n\n<p>\u00c9 comum que o corpo desacelere um pouco ap\u00f3s uma refei\u00e7\u00e3o, mas a sonol\u00eancia intensa e di\u00e1ria n\u00e3o faz parte do funcionamento saud\u00e1vel. Esse padr\u00e3o costuma indicar que o organismo est\u00e1 reagindo de forma exagerada aos alimentos, principalmente <strong><a href=\"https:\/\/www.tuasaude.com\/carboidratos\/\" target=\"_blank\" rel=\"noreferrer noopener\">carboidratos<\/a><\/strong> simples.<\/p>\n\n\n\n<p>Quando isso acontece com frequ\u00eancia, \u00e9 sinal de que a glicose est\u00e1 subindo rapidamente e caindo logo depois, em uma <strong>montanha-russa metab\u00f3lica<\/strong> que rouba a energia ao longo do dia. Identificar essa rela\u00e7\u00e3o \u00e9 o primeiro passo para mudar o quadro.<\/p>\n\n\n\n<h2 class=\"wp-block-heading\">O que pode estar por tr\u00e1s do sono ap\u00f3s as refei\u00e7\u00f5es?<\/h2>\n\n\n\n<p>Diversos fatores podem explicar a sonol\u00eancia intensa ap\u00f3s o almo\u00e7o, e muitos deles passam despercebidos por anos. Reconhecer esses motivos ajuda a buscar avalia\u00e7\u00e3o m\u00e9dica antes que o problema se agrave.<\/p>\n\n\n\n<p>As principais causas envolvidas s\u00e3o:<\/p>\n\n\n\n<ul class=\"wp-block-list\">\n<li><strong>Resist\u00eancia \u00e0 insulina<\/strong> e pr\u00e9-diabetes.<\/li>\n\n\n\n<li>Picos glic\u00eamicos seguidos de queda brusca de glicose.<\/li>\n\n\n\n<li>Apneia do sono n\u00e3o tratada, com sono noturno fragmentado.<\/li>\n\n\n\n<li>Anemia e defici\u00eancia de ferro.<\/li>\n\n\n\n<li>Intoler\u00e2ncias alimentares, como ao gl\u00faten ou \u00e0 lactose.<\/li>\n\n\n\n<li><strong>Refei\u00e7\u00f5es muito pesadas<\/strong> e ricas em ultraprocessados.<\/li>\n\n\n\n<li>Estresse cr\u00f4nico e priva\u00e7\u00e3o de sono.<\/li>\n<\/ul>\n\n\n<div class=\"wp-block-image\">\n<figure class=\"aligncenter size-large\"><img decoding=\"async\" width=\"1024\" height=\"571\" src=\"https:\/\/www.tuasaude.com\/news\/wp-content\/uploads\/2026\/05\/magnific_illustration-nonphotoreal_2900273222-1024x571.jpg\" alt=\"Sentir sono ap\u00f3s o almo\u00e7o todo dia n\u00e3o \u00e9 normal e \u00e9 sinal de algo errado no metabolismo\" class=\"wp-image-31982\" srcset=\"https:\/\/www.tuasaude.com\/news\/wp-content\/uploads\/2026\/05\/magnific_illustration-nonphotoreal_2900273222-1024x571.jpg 1024w, https:\/\/www.tuasaude.com\/news\/wp-content\/uploads\/2026\/05\/magnific_illustration-nonphotoreal_2900273222-300x167.jpg 300w, https:\/\/www.tuasaude.com\/news\/wp-content\/uploads\/2026\/05\/magnific_illustration-nonphotoreal_2900273222-768x428.jpg 768w, https:\/\/www.tuasaude.com\/news\/wp-content\/uploads\/2026\/05\/magnific_illustration-nonphotoreal_2900273222-750x418.jpg 750w, https:\/\/www.tuasaude.com\/news\/wp-content\/uploads\/2026\/05\/magnific_illustration-nonphotoreal_2900273222-1140x636.jpg 1140w, https:\/\/www.tuasaude.com\/news\/wp-content\/uploads\/2026\/05\/magnific_illustration-nonphotoreal_2900273222.jpg 1280w\" sizes=\"(max-width: 1024px) 100vw, 1024px\" \/><figcaption class=\"wp-element-caption\">Sonol\u00eancia intensa ap\u00f3s o almo\u00e7o pode ser sinal de resist\u00eancia \u00e0 insulina ou picos glic\u00eamicos.<\/figcaption><\/figure>\n<\/div>\n\n\n<h2 class=\"wp-block-heading\">O que diz o estudo da revista Nutrients sobre sono e metabolismo?<\/h2>\n\n\n\n<p>A rela\u00e7\u00e3o entre alimenta\u00e7\u00e3o, glicemia e sonol\u00eancia diurna foi avaliada de forma direta em uma an\u00e1lise cient\u00edfica que reuniu pesquisas com adultos em diferentes contextos, incluindo trabalhadores e estudantes. Os resultados ajudam a entender por que tanta gente perde a produtividade depois do almo\u00e7o.<\/p>\n\n\n\n<p>Segundo a revis\u00e3o cient\u00edfica <em><strong><a href=\"https:\/\/pubmed.ncbi.nlm.nih.gov\/41174027\/\" target=\"_blank\" rel=\"noreferrer noopener\">Sono e dist\u00farbios do sono: muito mais do que a dura\u00e7\u00e3o do sono, o que realmente importa \u00e9 a qualidade do sono<\/a><\/strong><\/em>, publicada na revista <strong>Nutrients<\/strong> e indexada no PubMed, refei\u00e7\u00f5es ricas em carboidratos simples e com alto \u00edndice glic\u00eamico estiveram associadas a aumento da sonol\u00eancia e queda na aten\u00e7\u00e3o nas horas seguintes, com impacto direto no desempenho cognitivo.<\/p>\n\n\n\n<h2 class=\"wp-block-heading\">Quais sinais merecem aten\u00e7\u00e3o m\u00e9dica?<\/h2>\n\n\n\n<p>O cansa\u00e7o ap\u00f3s o almo\u00e7o, quando isolado e leve, costuma ser apenas um sinal de que a refei\u00e7\u00e3o foi mais farta. Mas, em alguns casos, ele vem acompanhado de sintomas que indicam a necessidade de procurar avalia\u00e7\u00e3o especializada.<\/p>\n\n\n\n<p>Os principais sinais de alerta incluem:<\/p>\n\n\n<div class=\"wp-block-image\">\n<figure class=\"aligncenter size-large\"><img decoding=\"async\" width=\"1024\" height=\"550\" src=\"https:\/\/www.tuasaude.com\/news\/wp-content\/uploads\/2026\/05\/sinais-de-cansaco-1024x550.jpg\" alt=\"sinais de cansa\u00e7o\" class=\"wp-image-32365\" srcset=\"https:\/\/www.tuasaude.com\/news\/wp-content\/uploads\/2026\/05\/sinais-de-cansaco-1024x550.jpg 1024w, https:\/\/www.tuasaude.com\/news\/wp-content\/uploads\/2026\/05\/sinais-de-cansaco-300x161.jpg 300w, https:\/\/www.tuasaude.com\/news\/wp-content\/uploads\/2026\/05\/sinais-de-cansaco-768x412.jpg 768w, https:\/\/www.tuasaude.com\/news\/wp-content\/uploads\/2026\/05\/sinais-de-cansaco-750x403.jpg 750w, https:\/\/www.tuasaude.com\/news\/wp-content\/uploads\/2026\/05\/sinais-de-cansaco-1140x612.jpg 1140w, https:\/\/www.tuasaude.com\/news\/wp-content\/uploads\/2026\/05\/sinais-de-cansaco.jpg 1280w\" sizes=\"(max-width: 1024px) 100vw, 1024px\" \/><\/figure>\n<\/div>\n\n\n<h2 class=\"wp-block-heading\">Como evitar a sonol\u00eancia da tarde de forma natural?<\/h2>\n\n\n\n<p>Mudan\u00e7as simples na rotina alimentar e no estilo de vida costumam reduzir muito esse sintoma. O foco principal deve ser equilibrar a glicose ao longo do dia e melhorar a qualidade do descanso noturno. As principais recomenda\u00e7\u00f5es pr\u00e1ticas s\u00e3o montar um prato equilibrado, com prote\u00ednas, vegetais, gorduras boas e carboidratos integrais, evitar refei\u00e7\u00f5es muito grandes e ricas em farinhas e a\u00e7\u00facares, fazer uma caminhada leve de 10 a 15 minutos ap\u00f3s o almo\u00e7o e priorizar a hidrata\u00e7\u00e3o ao longo do dia. Dormir bem \u00e0 noite, manter hor\u00e1rios regulares de refei\u00e7\u00e3o e investigar poss\u00edveis dist\u00farbios do sono tamb\u00e9m s\u00e3o passos fundamentais.<\/p>\n\n\n\n<p><em>Este conte\u00fado tem car\u00e1ter exclusivamente informativo e n\u00e3o substitui a avalia\u00e7\u00e3o, o diagn\u00f3stico ou o tratamento de um m\u00e9dico. Consulte sempre um profissional de sa\u00fade de confian\u00e7a para investigar sintomas persistentes<\/em><\/p>\n","protected":false},"excerpt":{"rendered":"<p>Sentir sono ap\u00f3s o almo\u00e7o todos os dias pode parecer apenas um cansa\u00e7o comum, mas, quando se torna rotina, costuma ser um sinal de que o metabolismo est\u00e1 em desequil\u00edbrio. Picos de glicose no sangue, resist\u00eancia \u00e0 insulina e at\u00e9 problemas de sono mal tratados podem ser as causas escondidas dessa sensa\u00e7\u00e3o. Entender o que [&hellip;]<\/p>\n","protected":false},"author":9,"featured_media":31983,"comment_status":"open","ping_status":"open","sticky":false,"template":"","format":"standard","meta":{"_yoast_wpseo_focuskw":"sono ap\u00f3s o almo\u00e7o","_yoast_wpseo_title":"","_yoast_wpseo_metadesc":"Sono ap\u00f3s o almo\u00e7o pode indicar picos de glicose e desequil\u00edbrio no metabolismo que afetam sua energia ao longo do dia sem voc\u00ea perceber.","jnews-multi-image_gallery":[],"jnews_single_post":{"format":"standard"},"jnews_primary_category":[],"jnews_social_meta":[],"jnews_override_counter":[],"footnotes":""},"categories":[111],"tags":[129,1335,6489,6490],"class_list":["post-30236","post","type-post","status-publish","format-standard","has-post-thumbnail","hentry","category-saude","tag-metabolismo","tag-picos-de-glicose","tag-sono-apos-o-almoco","tag-sonolencia"],"yoast_head":"<!-- This site is optimized with the Yoast SEO plugin v26.7 - https:\/\/yoast.com\/wordpress\/plugins\/seo\/ -->\n<title>Sentir sono ap\u00f3s o almo\u00e7o todo dia n\u00e3o \u00e9 normal; \u00e9 sinal de que algo est\u00e1 errado no seu metabolismo - Tua Sa\u00fade<\/title>\n<meta name=\"description\" content=\"Sono ap\u00f3s o almo\u00e7o pode indicar picos de glicose e desequil\u00edbrio no metabolismo que afetam sua energia ao longo do dia sem voc\u00ea perceber.\" \/>\n<meta name=\"robots\" content=\"index, follow, max-snippet:-1, max-image-preview:large, max-video-preview:-1\" \/>\n<link rel=\"canonical\" href=\"https:\/\/www.tuasaude.com\/news\/2026\/05\/02\/sentir-sono-apos-o-almoco-todo-dia-nao-e-normal-e-e-sinal-de-algo-errado-no-metabolismo\/\" \/>\n<meta property=\"og:locale\" content=\"pt_BR\" \/>\n<meta property=\"og:type\" content=\"article\" \/>\n<meta property=\"og:title\" content=\"Sentir sono ap\u00f3s o almo\u00e7o todo dia n\u00e3o \u00e9 normal; \u00e9 sinal de que algo est\u00e1 errado no seu metabolismo - Tua Sa\u00fade\" \/>\n<meta property=\"og:description\" content=\"Sono ap\u00f3s o almo\u00e7o pode indicar picos de glicose e desequil\u00edbrio no metabolismo que afetam sua energia ao longo do dia sem voc\u00ea perceber.\" \/>\n<meta property=\"og:url\" content=\"https:\/\/www.tuasaude.com\/news\/2026\/05\/02\/sentir-sono-apos-o-almoco-todo-dia-nao-e-normal-e-e-sinal-de-algo-errado-no-metabolismo\/\" \/>\n<meta property=\"og:site_name\" content=\"Tua Sa\u00fade\" \/>\n<meta property=\"article:published_time\" content=\"2026-05-02T21:20:00+00:00\" \/>\n<meta property=\"og:image\" content=\"https:\/\/www.tuasaude.com\/news\/wp-content\/uploads\/2026\/05\/magnific_illustration-nonphotoreal_2900280649.jpg\" \/>\n\t<meta property=\"og:image:width\" content=\"1280\" \/>\n\t<meta property=\"og:image:height\" content=\"714\" \/>\n\t<meta property=\"og:image:type\" content=\"image\/jpeg\" \/>\n<meta name=\"author\" content=\"Roberta Patriota\" \/>\n<meta name=\"twitter:card\" content=\"summary_large_image\" \/>\n<meta name=\"twitter:label1\" content=\"Escrito por\" \/>\n\t<meta name=\"twitter:data1\" content=\"Roberta Patriota\" \/>\n\t<meta name=\"twitter:label2\" content=\"Est. tempo de leitura\" \/>\n\t<meta name=\"twitter:data2\" content=\"4 minutos\" \/>\n<!-- \/ Yoast SEO plugin. -->","yoast_head_json":{"title":"Sentir sono ap\u00f3s o almo\u00e7o todo dia n\u00e3o \u00e9 normal; \u00e9 sinal de que algo est\u00e1 errado no seu metabolismo - Tua Sa\u00fade","description":"Sono ap\u00f3s o almo\u00e7o pode indicar picos de glicose e desequil\u00edbrio no metabolismo que afetam sua energia ao longo do dia sem voc\u00ea perceber.","robots":{"index":"index","follow":"follow","max-snippet":"max-snippet:-1","max-image-preview":"max-image-preview:large","max-video-preview":"max-video-preview:-1"},"canonical":"https:\/\/www.tuasaude.com\/news\/2026\/05\/02\/sentir-sono-apos-o-almoco-todo-dia-nao-e-normal-e-e-sinal-de-algo-errado-no-metabolismo\/","og_locale":"pt_BR","og_type":"article","og_title":"Sentir sono ap\u00f3s o almo\u00e7o todo dia n\u00e3o \u00e9 normal; \u00e9 sinal de que algo est\u00e1 errado no seu metabolismo - Tua Sa\u00fade","og_description":"Sono ap\u00f3s o almo\u00e7o pode indicar picos de glicose e desequil\u00edbrio no metabolismo que afetam sua energia ao longo do dia sem voc\u00ea perceber.","og_url":"https:\/\/www.tuasaude.com\/news\/2026\/05\/02\/sentir-sono-apos-o-almoco-todo-dia-nao-e-normal-e-e-sinal-de-algo-errado-no-metabolismo\/","og_site_name":"Tua Sa\u00fade","article_published_time":"2026-05-02T21:20:00+00:00","og_image":[{"width":1280,"height":714,"url":"https:\/\/www.tuasaude.com\/news\/wp-content\/uploads\/2026\/05\/magnific_illustration-nonphotoreal_2900280649.jpg","type":"image\/jpeg"}],"author":"Roberta Patriota","twitter_card":"summary_large_image","twitter_misc":{"Escrito por":"Roberta Patriota","Est. tempo de leitura":"4 minutos"},"schema":{"@context":"https:\/\/schema.org","@graph":[{"@type":"Article","@id":"https:\/\/www.tuasaude.com\/news\/2026\/05\/02\/sentir-sono-apos-o-almoco-todo-dia-nao-e-normal-e-e-sinal-de-algo-errado-no-metabolismo\/#article","isPartOf":{"@id":"https:\/\/www.tuasaude.com\/news\/2026\/05\/02\/sentir-sono-apos-o-almoco-todo-dia-nao-e-normal-e-e-sinal-de-algo-errado-no-metabolismo\/"},"author":{"name":"Roberta Patriota","@id":"https:\/\/www.tuasaude.com\/news\/#\/schema\/person\/27adc41011393316b12ef997ca893e44"},"headline":"Sentir sono ap\u00f3s o almo\u00e7o todo dia n\u00e3o \u00e9 normal; \u00e9 sinal de que algo est\u00e1 errado no seu metabolismo","datePublished":"2026-05-02T21:20:00+00:00","mainEntityOfPage":{"@id":"https:\/\/www.tuasaude.com\/news\/2026\/05\/02\/sentir-sono-apos-o-almoco-todo-dia-nao-e-normal-e-e-sinal-de-algo-errado-no-metabolismo\/"},"wordCount":687,"commentCount":0,"image":{"@id":"https:\/\/www.tuasaude.com\/news\/2026\/05\/02\/sentir-sono-apos-o-almoco-todo-dia-nao-e-normal-e-e-sinal-de-algo-errado-no-metabolismo\/#primaryimage"},"thumbnailUrl":"https:\/\/www.tuasaude.com\/news\/wp-content\/uploads\/2026\/05\/magnific_illustration-nonphotoreal_2900280649.jpg","keywords":["metabolismo","picos de glicose","sono ap\u00f3s o almo\u00e7o","sonol\u00eancia"],"articleSection":["Sa\u00fade"],"inLanguage":"pt-BR","potentialAction":[{"@type":"CommentAction","name":"Comment","target":["https:\/\/www.tuasaude.com\/news\/2026\/05\/02\/sentir-sono-apos-o-almoco-todo-dia-nao-e-normal-e-e-sinal-de-algo-errado-no-metabolismo\/#respond"]}]},{"@type":"WebPage","@id":"https:\/\/www.tuasaude.com\/news\/2026\/05\/02\/sentir-sono-apos-o-almoco-todo-dia-nao-e-normal-e-e-sinal-de-algo-errado-no-metabolismo\/","url":"https:\/\/www.tuasaude.com\/news\/2026\/05\/02\/sentir-sono-apos-o-almoco-todo-dia-nao-e-normal-e-e-sinal-de-algo-errado-no-metabolismo\/","name":"Sentir sono ap\u00f3s o almo\u00e7o todo dia n\u00e3o \u00e9 normal; \u00e9 sinal de que algo est\u00e1 errado no seu metabolismo - Tua Sa\u00fade","isPartOf":{"@id":"https:\/\/www.tuasaude.com\/news\/#website"},"primaryImageOfPage":{"@id":"https:\/\/www.tuasaude.com\/news\/2026\/05\/02\/sentir-sono-apos-o-almoco-todo-dia-nao-e-normal-e-e-sinal-de-algo-errado-no-metabolismo\/#primaryimage"},"image":{"@id":"https:\/\/www.tuasaude.com\/news\/2026\/05\/02\/sentir-sono-apos-o-almoco-todo-dia-nao-e-normal-e-e-sinal-de-algo-errado-no-metabolismo\/#primaryimage"},"thumbnailUrl":"https:\/\/www.tuasaude.com\/news\/wp-content\/uploads\/2026\/05\/magnific_illustration-nonphotoreal_2900280649.jpg","datePublished":"2026-05-02T21:20:00+00:00","author":{"@id":"https:\/\/www.tuasaude.com\/news\/#\/schema\/person\/27adc41011393316b12ef997ca893e44"},"description":"Sono ap\u00f3s o almo\u00e7o pode indicar picos de glicose e desequil\u00edbrio no metabolismo que afetam sua energia ao longo do dia sem voc\u00ea perceber.","breadcrumb":{"@id":"https:\/\/www.tuasaude.com\/news\/2026\/05\/02\/sentir-sono-apos-o-almoco-todo-dia-nao-e-normal-e-e-sinal-de-algo-errado-no-metabolismo\/#breadcrumb"},"inLanguage":"pt-BR","potentialAction":[{"@type":"ReadAction","target":["https:\/\/www.tuasaude.com\/news\/2026\/05\/02\/sentir-sono-apos-o-almoco-todo-dia-nao-e-normal-e-e-sinal-de-algo-errado-no-metabolismo\/"]}]},{"@type":"ImageObject","inLanguage":"pt-BR","@id":"https:\/\/www.tuasaude.com\/news\/2026\/05\/02\/sentir-sono-apos-o-almoco-todo-dia-nao-e-normal-e-e-sinal-de-algo-errado-no-metabolismo\/#primaryimage","url":"https:\/\/www.tuasaude.com\/news\/wp-content\/uploads\/2026\/05\/magnific_illustration-nonphotoreal_2900280649.jpg","contentUrl":"https:\/\/www.tuasaude.com\/news\/wp-content\/uploads\/2026\/05\/magnific_illustration-nonphotoreal_2900280649.jpg","width":1280,"height":714,"caption":"Refei\u00e7\u00f5es pesadas e ricas em carboidratos simples podem causar quedas bruscas de glicose, gerando cansa\u00e7o."},{"@type":"BreadcrumbList","@id":"https:\/\/www.tuasaude.com\/news\/2026\/05\/02\/sentir-sono-apos-o-almoco-todo-dia-nao-e-normal-e-e-sinal-de-algo-errado-no-metabolismo\/#breadcrumb","itemListElement":[{"@type":"ListItem","position":1,"name":"In\u00edcio","item":"https:\/\/www.tuasaude.com\/news\/"},{"@type":"ListItem","position":2,"name":"Sentir sono ap\u00f3s o almo\u00e7o todo dia n\u00e3o \u00e9 normal; \u00e9 sinal de que algo est\u00e1 errado no seu metabolismo"}]},{"@type":"WebSite","@id":"https:\/\/www.tuasaude.com\/news\/#website","url":"https:\/\/www.tuasaude.com\/news\/","name":"Tua Sa\u00fade","description":"Seu site de sa\u00fade","potentialAction":[{"@type":"SearchAction","target":{"@type":"EntryPoint","urlTemplate":"https:\/\/www.tuasaude.com\/news\/?s={search_term_string}"},"query-input":{"@type":"PropertyValueSpecification","valueRequired":true,"valueName":"search_term_string"}}],"inLanguage":"pt-BR"},{"@type":"Person","@id":"https:\/\/www.tuasaude.com\/news\/#\/schema\/person\/27adc41011393316b12ef997ca893e44","name":"Roberta Patriota","image":{"@type":"ImageObject","inLanguage":"pt-BR","@id":"https:\/\/www.tuasaude.com\/news\/#\/schema\/person\/image\/","url":"https:\/\/secure.gravatar.com\/avatar\/40fc934d21bfa38a60909bb2e5f2ec503dcd4d849aa772e107feb32efe75c210?s=96&d=mm&r=g","contentUrl":"https:\/\/secure.gravatar.com\/avatar\/40fc934d21bfa38a60909bb2e5f2ec503dcd4d849aa772e107feb32efe75c210?s=96&d=mm&r=g","caption":"Roberta Patriota"},"sameAs":["https:\/\/www.tuasaude.com\/news\/"],"url":"https:\/\/www.tuasaude.com\/news\/author\/roberta-patriota\/"}]}},"_links":{"self":[{"href":"https:\/\/www.tuasaude.com\/news\/wp-json\/wp\/v2\/posts\/30236","targetHints":{"allow":["GET"]}}],"collection":[{"href":"https:\/\/www.tuasaude.com\/news\/wp-json\/wp\/v2\/posts"}],"about":[{"href":"https:\/\/www.tuasaude.com\/news\/wp-json\/wp\/v2\/types\/post"}],"author":[{"embeddable":true,"href":"https:\/\/www.tuasaude.com\/news\/wp-json\/wp\/v2\/users\/9"}],"replies":[{"embeddable":true,"href":"https:\/\/www.tuasaude.com\/news\/wp-json\/wp\/v2\/comments?post=30236"}],"version-history":[{"count":3,"href":"https:\/\/www.tuasaude.com\/news\/wp-json\/wp\/v2\/posts\/30236\/revisions"}],"predecessor-version":[{"id":32366,"href":"https:\/\/www.tuasaude.com\/news\/wp-json\/wp\/v2\/posts\/30236\/revisions\/32366"}],"wp:featuredmedia":[{"embeddable":true,"href":"https:\/\/www.tuasaude.com\/news\/wp-json\/wp\/v2\/media\/31983"}],"wp:attachment":[{"href":"https:\/\/www.tuasaude.com\/news\/wp-json\/wp\/v2\/media?parent=30236"}],"wp:term":[{"taxonomy":"category","embeddable":true,"href":"https:\/\/www.tuasaude.com\/news\/wp-json\/wp\/v2\/categories?post=30236"},{"taxonomy":"post_tag","embeddable":true,"href":"https:\/\/www.tuasaude.com\/news\/wp-json\/wp\/v2\/tags?post=30236"}],"curies":[{"name":"wp","href":"https:\/\/api.w.org\/{rel}","templated":true}]}}