{"id":30176,"date":"2026-04-30T09:10:00","date_gmt":"2026-04-30T12:10:00","guid":{"rendered":"https:\/\/www.tuasaude.com\/news\/?p=30176"},"modified":"2026-04-29T16:43:14","modified_gmt":"2026-04-29T19:43:14","slug":"colageno-como-toma-lo-corretamente-para-o-corpo-realmente-utiliza-lo-nos-tecidos","status":"publish","type":"post","link":"https:\/\/www.tuasaude.com\/news\/2026\/04\/30\/colageno-como-toma-lo-corretamente-para-o-corpo-realmente-utiliza-lo-nos-tecidos\/","title":{"rendered":"Col\u00e1geno: como tom\u00e1-lo corretamente para o corpo realmente utiliz\u00e1-lo nos tecidos"},"content":{"rendered":"\n<p>Tomar col\u00e1geno hidrolisado virou rotina para muita gente em busca de pele firme, articula\u00e7\u00f5es saud\u00e1veis e tend\u00f5es resistentes, mas poucos sabem que o suplemento sozinho pode n\u00e3o entregar todos os benef\u00edcios prometidos. Para que os pept\u00eddeos sejam realmente convertidos em col\u00e1geno funcional nos tecidos, o organismo depende de cofatores espec\u00edficos, principalmente a vitamina C. Entender como combinar, dosar e consumir esse nutriente faz toda a diferen\u00e7a entre um suplemento eficaz e um gasto desnecess\u00e1rio.<\/p>\n\n\n\n<h2 class=\"wp-block-heading\">Por que a vitamina C \u00e9 essencial para o col\u00e1geno?<\/h2>\n\n\n\n<p>A vitamina C atua como cofator obrigat\u00f3rio das enzimas prolil e lisil hidroxilase, respons\u00e1veis por estabilizar a estrutura tripla h\u00e9lice da mol\u00e9cula de col\u00e1geno. Sem ela, os amino\u00e1cidos absorvidos n\u00e3o se organizam corretamente nas fibras teciduais.<\/p>\n\n\n\n<p>Por isso, consumir col\u00e1geno sem garantir aporte adequado de vitamina C reduz drasticamente o aproveitamento do suplemento. A recomenda\u00e7\u00e3o pr\u00e1tica \u00e9 associar 50 mg ou mais de vitamina C ao col\u00e1geno, seja por alimentos como acerola, kiwi e laranja, seja por suplementa\u00e7\u00e3o.<\/p>\n\n\n\n<h2 class=\"wp-block-heading\">Qual o melhor hor\u00e1rio para tomar col\u00e1geno?<\/h2>\n\n\n\n<p>Estudos sugerem que consumir col\u00e1geno hidrolisado cerca de 30 a 60 minutos antes de atividade f\u00edsica aumenta a s\u00edntese de col\u00e1geno nos tecidos conectivos. Isso ocorre porque o exerc\u00edcio aumenta o fluxo sangu\u00edneo para tend\u00f5es e ligamentos, otimizando a entrega dos amino\u00e1cidos.<\/p>\n\n\n\n<p>Para quem busca benef\u00edcios est\u00e9ticos, tomar o suplemento em jejum ou entre as refei\u00e7\u00f5es tamb\u00e9m pode favorecer a absor\u00e7\u00e3o dos pept\u00eddeos. O importante \u00e9 manter consist\u00eancia di\u00e1ria, j\u00e1 que a renova\u00e7\u00e3o das fibras de <a href=\"https:\/\/www.tuasaude.com\/colageno\/\" target=\"_blank\" rel=\"noreferrer noopener\">col\u00e1geno<\/a> acontece de forma gradual.<\/p>\n\n\n\n<h2 class=\"wp-block-heading\">Quais nutrientes potencializam a s\u00edntese de col\u00e1geno?<\/h2>\n\n\n\n<p>Al\u00e9m da vitamina C, outros micronutrientes participam ativamente da forma\u00e7\u00e3o e estabiliza\u00e7\u00e3o das fibras col\u00e1genas. Uma alimenta\u00e7\u00e3o equilibrada garante a presen\u00e7a desses cofatores e potencializa o efeito da suplementa\u00e7\u00e3o.<\/p>\n\n\n<div class=\"wp-block-image\">\n<figure class=\"aligncenter size-large\"><img decoding=\"async\" width=\"1024\" height=\"422\" src=\"https:\/\/www.tuasaude.com\/news\/wp-content\/uploads\/2026\/04\/convertido-12-16-1024x422.jpg\" alt=\"Quais nutrientes potencializam a s\u00edntese de col\u00e1geno?\" class=\"wp-image-30177\" srcset=\"https:\/\/www.tuasaude.com\/news\/wp-content\/uploads\/2026\/04\/convertido-12-16-1024x422.jpg 1024w, https:\/\/www.tuasaude.com\/news\/wp-content\/uploads\/2026\/04\/convertido-12-16-300x124.jpg 300w, https:\/\/www.tuasaude.com\/news\/wp-content\/uploads\/2026\/04\/convertido-12-16-768x316.jpg 768w, https:\/\/www.tuasaude.com\/news\/wp-content\/uploads\/2026\/04\/convertido-12-16-750x309.jpg 750w, https:\/\/www.tuasaude.com\/news\/wp-content\/uploads\/2026\/04\/convertido-12-16-1140x469.jpg 1140w, https:\/\/www.tuasaude.com\/news\/wp-content\/uploads\/2026\/04\/convertido-12-16.jpg 1280w\" sizes=\"(max-width: 1024px) 100vw, 1024px\" \/><figcaption class=\"wp-element-caption\">Quais nutrientes potencializam a s\u00edntese de col\u00e1geno?<\/figcaption><\/figure>\n<\/div>\n\n\n<h2 class=\"wp-block-heading\">Como um estudo cient\u00edfico comprova essa rela\u00e7\u00e3o?<\/h2>\n\n\n\n<p>A combina\u00e7\u00e3o entre col\u00e1geno e vitamina C tem respaldo em pesquisa publicada em peri\u00f3dico de alto impacto. Segundo o estudo <a href=\"https:\/\/pmc.ncbi.nlm.nih.gov\/articles\/PMC5183725\/\" target=\"_blank\" rel=\"noreferrer noopener\">Vitamin C-enriched gelatin supplementation before intermittent activity augments collagen synthesis<\/a>, publicado no The American Journal of Clinical Nutrition por Shaw e colaboradores, o consumo de gelatina enriquecida com vitamina C uma hora antes do exerc\u00edcio dobrou os marcadores de s\u00edntese de col\u00e1geno em ligamentos engenheirados, em compara\u00e7\u00e3o ao placebo. O ensaio cl\u00ednico randomizado, duplo-cego e cruzado demonstrou que a combina\u00e7\u00e3o do pept\u00eddeo com o cofator \u00e9 determinante para o aproveitamento real do suplemento pelos tecidos.<\/p>\n\n\n<div class=\"wp-block-image\">\n<figure class=\"aligncenter size-large\"><img decoding=\"async\" width=\"1024\" height=\"571\" src=\"https:\/\/www.tuasaude.com\/news\/wp-content\/uploads\/2026\/04\/magnific_fibras-de-colageno-humana_2892185723-1024x571.jpg\" alt=\"Col\u00e1geno: como tom\u00e1-lo corretamente para o corpo realmente utiliz\u00e1-lo nos tecidos\" class=\"wp-image-30587\" srcset=\"https:\/\/www.tuasaude.com\/news\/wp-content\/uploads\/2026\/04\/magnific_fibras-de-colageno-humana_2892185723-1024x571.jpg 1024w, https:\/\/www.tuasaude.com\/news\/wp-content\/uploads\/2026\/04\/magnific_fibras-de-colageno-humana_2892185723-300x167.jpg 300w, https:\/\/www.tuasaude.com\/news\/wp-content\/uploads\/2026\/04\/magnific_fibras-de-colageno-humana_2892185723-768x428.jpg 768w, https:\/\/www.tuasaude.com\/news\/wp-content\/uploads\/2026\/04\/magnific_fibras-de-colageno-humana_2892185723-750x418.jpg 750w, https:\/\/www.tuasaude.com\/news\/wp-content\/uploads\/2026\/04\/magnific_fibras-de-colageno-humana_2892185723-1140x636.jpg 1140w, https:\/\/www.tuasaude.com\/news\/wp-content\/uploads\/2026\/04\/magnific_fibras-de-colageno-humana_2892185723.jpg 1280w\" sizes=\"(max-width: 1024px) 100vw, 1024px\" \/><figcaption class=\"wp-element-caption\">Vitamina C pode potencializar os efeitos do col\u00e1geno.<\/figcaption><\/figure>\n<\/div>\n\n\n<h2 class=\"wp-block-heading\">Que erros comuns reduzem a efic\u00e1cia do suplemento?<\/h2>\n\n\n\n<p>Mesmo escolhendo um produto de qualidade, alguns h\u00e1bitos podem comprometer os resultados esperados. Identificar essas falhas ajuda a aproveitar melhor a suplementa\u00e7\u00e3o e perceber benef\u00edcios reais na pele, articula\u00e7\u00f5es e cabelos. A escolha entre o tipo I, II ou III tamb\u00e9m influencia, e vale entender as diferen\u00e7as entre os <a href=\"https:\/\/www.tuasaude.com\/tipos-de-colageno\/\" target=\"_blank\" rel=\"noreferrer noopener\">tipos de col\u00e1geno<\/a> antes de iniciar.<\/p>\n\n\n\n<ul class=\"wp-block-list\">\n<li><strong>Doses insuficientes:<\/strong> a maioria dos estudos utiliza entre 10 g e 15 g di\u00e1rios para resultados consistentes.<\/li>\n\n\n\n<li><strong>Uso descont\u00ednuo:<\/strong> os efeitos aparecem ap\u00f3s 8 a 12 semanas de consumo regular.<\/li>\n\n\n\n<li><strong>Excesso de a\u00e7\u00facar e ultraprocessados:<\/strong> aumentam a glica\u00e7\u00e3o e degradam as fibras de col\u00e1geno existentes.<\/li>\n\n\n\n<li><strong>Tabagismo e exposi\u00e7\u00e3o solar sem prote\u00e7\u00e3o:<\/strong> aceleram a destrui\u00e7\u00e3o do col\u00e1geno cut\u00e2neo.<\/li>\n\n\n\n<li><strong>Ignorar a dieta proteica:<\/strong> sem aporte adequado de prote\u00ednas totais, a s\u00edntese fica comprometida.<\/li>\n<\/ul>\n\n\n\n<p>Antes de iniciar qualquer suplementa\u00e7\u00e3o, \u00e9 fundamental procurar orienta\u00e7\u00e3o de um m\u00e9dico ou nutricionista, especialmente para pessoas com doen\u00e7as renais, hep\u00e1ticas ou em uso de medicamentos cont\u00ednuos, j\u00e1 que a indica\u00e7\u00e3o correta deve considerar necessidades individuais e poss\u00edveis intera\u00e7\u00f5es.<\/p>\n\n\n\n<p><em>Este conte\u00fado \u00e9 apenas informativo e n\u00e3o substitui a avalia\u00e7\u00e3o, o diagn\u00f3stico ou o tratamento de um m\u00e9dico.<\/em><\/p>\n","protected":false},"excerpt":{"rendered":"<p>Tomar col\u00e1geno hidrolisado virou rotina para muita gente em busca de pele firme, articula\u00e7\u00f5es saud\u00e1veis e tend\u00f5es resistentes, mas poucos sabem que o suplemento sozinho pode n\u00e3o entregar todos os benef\u00edcios prometidos. Para que os pept\u00eddeos sejam realmente convertidos em col\u00e1geno funcional nos tecidos, o organismo depende de cofatores espec\u00edficos, principalmente a vitamina C. Entender [&hellip;]<\/p>\n","protected":false},"author":11,"featured_media":30583,"comment_status":"open","ping_status":"open","sticky":false,"template":"","format":"standard","meta":{"_yoast_wpseo_focuskw":"col\u00e1geno","_yoast_wpseo_title":"","_yoast_wpseo_metadesc":"Col\u00e1geno precisa de vitamina C para formar fibras nos tecidos. Saiba qual dose usar e como potencializar os resultados.","jnews-multi-image_gallery":[],"jnews_single_post":{"format":"standard"},"jnews_primary_category":[],"jnews_social_meta":[],"jnews_override_counter":[],"footnotes":""},"categories":[111],"tags":[145,173,136,1050],"class_list":["post-30176","post","type-post","status-publish","format-standard","has-post-thumbnail","hentry","category-saude","tag-bem-estar","tag-colageno","tag-saude","tag-saude-da-pele"],"yoast_head":"<!-- This site is optimized with the Yoast SEO plugin v26.7 - https:\/\/yoast.com\/wordpress\/plugins\/seo\/ -->\n<title>Col\u00e1geno: como tom\u00e1-lo corretamente para o corpo realmente utiliz\u00e1-lo nos tecidos - Tua Sa\u00fade<\/title>\n<meta name=\"description\" content=\"Col\u00e1geno precisa de vitamina C para formar fibras nos tecidos. Saiba qual dose usar e como potencializar os resultados.\" \/>\n<meta name=\"robots\" content=\"index, follow, max-snippet:-1, max-image-preview:large, max-video-preview:-1\" \/>\n<link rel=\"canonical\" href=\"https:\/\/www.tuasaude.com\/news\/2026\/04\/30\/colageno-como-toma-lo-corretamente-para-o-corpo-realmente-utiliza-lo-nos-tecidos\/\" \/>\n<meta property=\"og:locale\" content=\"pt_BR\" \/>\n<meta property=\"og:type\" content=\"article\" \/>\n<meta property=\"og:title\" content=\"Col\u00e1geno: como tom\u00e1-lo corretamente para o corpo realmente utiliz\u00e1-lo nos tecidos - Tua Sa\u00fade\" \/>\n<meta property=\"og:description\" content=\"Col\u00e1geno precisa de vitamina C para formar fibras nos tecidos. Saiba qual dose usar e como potencializar os resultados.\" \/>\n<meta property=\"og:url\" content=\"https:\/\/www.tuasaude.com\/news\/2026\/04\/30\/colageno-como-toma-lo-corretamente-para-o-corpo-realmente-utiliza-lo-nos-tecidos\/\" \/>\n<meta property=\"og:site_name\" content=\"Tua Sa\u00fade\" \/>\n<meta property=\"article:published_time\" content=\"2026-04-30T12:10:00+00:00\" \/>\n<meta property=\"og:image\" content=\"https:\/\/www.tuasaude.com\/news\/wp-content\/uploads\/2026\/04\/magnific_um-pote-elegante-de-colag_2892184699.jpg\" \/>\n\t<meta property=\"og:image:width\" content=\"1280\" \/>\n\t<meta property=\"og:image:height\" content=\"714\" \/>\n\t<meta property=\"og:image:type\" content=\"image\/jpeg\" \/>\n<meta name=\"author\" content=\"Gessika Julia Carvalho\" \/>\n<meta name=\"twitter:card\" content=\"summary_large_image\" \/>\n<meta name=\"twitter:label1\" content=\"Escrito por\" \/>\n\t<meta name=\"twitter:data1\" content=\"Gessika Julia Carvalho\" \/>\n\t<meta name=\"twitter:label2\" content=\"Est. tempo de leitura\" \/>\n\t<meta name=\"twitter:data2\" content=\"4 minutos\" \/>\n<!-- \/ Yoast SEO plugin. -->","yoast_head_json":{"title":"Col\u00e1geno: como tom\u00e1-lo corretamente para o corpo realmente utiliz\u00e1-lo nos tecidos - Tua Sa\u00fade","description":"Col\u00e1geno precisa de vitamina C para formar fibras nos tecidos. Saiba qual dose usar e como potencializar os resultados.","robots":{"index":"index","follow":"follow","max-snippet":"max-snippet:-1","max-image-preview":"max-image-preview:large","max-video-preview":"max-video-preview:-1"},"canonical":"https:\/\/www.tuasaude.com\/news\/2026\/04\/30\/colageno-como-toma-lo-corretamente-para-o-corpo-realmente-utiliza-lo-nos-tecidos\/","og_locale":"pt_BR","og_type":"article","og_title":"Col\u00e1geno: como tom\u00e1-lo corretamente para o corpo realmente utiliz\u00e1-lo nos tecidos - Tua Sa\u00fade","og_description":"Col\u00e1geno precisa de vitamina C para formar fibras nos tecidos. Saiba qual dose usar e como potencializar os resultados.","og_url":"https:\/\/www.tuasaude.com\/news\/2026\/04\/30\/colageno-como-toma-lo-corretamente-para-o-corpo-realmente-utiliza-lo-nos-tecidos\/","og_site_name":"Tua Sa\u00fade","article_published_time":"2026-04-30T12:10:00+00:00","og_image":[{"width":1280,"height":714,"url":"https:\/\/www.tuasaude.com\/news\/wp-content\/uploads\/2026\/04\/magnific_um-pote-elegante-de-colag_2892184699.jpg","type":"image\/jpeg"}],"author":"Gessika Julia Carvalho","twitter_card":"summary_large_image","twitter_misc":{"Escrito por":"Gessika Julia Carvalho","Est. tempo de leitura":"4 minutos"},"schema":{"@context":"https:\/\/schema.org","@graph":[{"@type":"Article","@id":"https:\/\/www.tuasaude.com\/news\/2026\/04\/30\/colageno-como-toma-lo-corretamente-para-o-corpo-realmente-utiliza-lo-nos-tecidos\/#article","isPartOf":{"@id":"https:\/\/www.tuasaude.com\/news\/2026\/04\/30\/colageno-como-toma-lo-corretamente-para-o-corpo-realmente-utiliza-lo-nos-tecidos\/"},"author":{"name":"Gessika Julia Carvalho","@id":"https:\/\/www.tuasaude.com\/news\/#\/schema\/person\/2e9df841be69ec84f5d20ddb8d273ac2"},"headline":"Col\u00e1geno: como tom\u00e1-lo corretamente para o corpo realmente utiliz\u00e1-lo nos tecidos","datePublished":"2026-04-30T12:10:00+00:00","mainEntityOfPage":{"@id":"https:\/\/www.tuasaude.com\/news\/2026\/04\/30\/colageno-como-toma-lo-corretamente-para-o-corpo-realmente-utiliza-lo-nos-tecidos\/"},"wordCount":698,"commentCount":0,"image":{"@id":"https:\/\/www.tuasaude.com\/news\/2026\/04\/30\/colageno-como-toma-lo-corretamente-para-o-corpo-realmente-utiliza-lo-nos-tecidos\/#primaryimage"},"thumbnailUrl":"https:\/\/www.tuasaude.com\/news\/wp-content\/uploads\/2026\/04\/magnific_um-pote-elegante-de-colag_2892184699.jpg","keywords":["bem-estar","col\u00e1geno","sa\u00fade","sa\u00fade da pele"],"articleSection":["Sa\u00fade"],"inLanguage":"pt-BR","potentialAction":[{"@type":"CommentAction","name":"Comment","target":["https:\/\/www.tuasaude.com\/news\/2026\/04\/30\/colageno-como-toma-lo-corretamente-para-o-corpo-realmente-utiliza-lo-nos-tecidos\/#respond"]}]},{"@type":"WebPage","@id":"https:\/\/www.tuasaude.com\/news\/2026\/04\/30\/colageno-como-toma-lo-corretamente-para-o-corpo-realmente-utiliza-lo-nos-tecidos\/","url":"https:\/\/www.tuasaude.com\/news\/2026\/04\/30\/colageno-como-toma-lo-corretamente-para-o-corpo-realmente-utiliza-lo-nos-tecidos\/","name":"Col\u00e1geno: como tom\u00e1-lo corretamente para o corpo realmente utiliz\u00e1-lo nos tecidos - Tua Sa\u00fade","isPartOf":{"@id":"https:\/\/www.tuasaude.com\/news\/#website"},"primaryImageOfPage":{"@id":"https:\/\/www.tuasaude.com\/news\/2026\/04\/30\/colageno-como-toma-lo-corretamente-para-o-corpo-realmente-utiliza-lo-nos-tecidos\/#primaryimage"},"image":{"@id":"https:\/\/www.tuasaude.com\/news\/2026\/04\/30\/colageno-como-toma-lo-corretamente-para-o-corpo-realmente-utiliza-lo-nos-tecidos\/#primaryimage"},"thumbnailUrl":"https:\/\/www.tuasaude.com\/news\/wp-content\/uploads\/2026\/04\/magnific_um-pote-elegante-de-colag_2892184699.jpg","datePublished":"2026-04-30T12:10:00+00:00","author":{"@id":"https:\/\/www.tuasaude.com\/news\/#\/schema\/person\/2e9df841be69ec84f5d20ddb8d273ac2"},"description":"Col\u00e1geno precisa de vitamina C para formar fibras nos tecidos. Saiba qual dose usar e como potencializar os resultados.","breadcrumb":{"@id":"https:\/\/www.tuasaude.com\/news\/2026\/04\/30\/colageno-como-toma-lo-corretamente-para-o-corpo-realmente-utiliza-lo-nos-tecidos\/#breadcrumb"},"inLanguage":"pt-BR","potentialAction":[{"@type":"ReadAction","target":["https:\/\/www.tuasaude.com\/news\/2026\/04\/30\/colageno-como-toma-lo-corretamente-para-o-corpo-realmente-utiliza-lo-nos-tecidos\/"]}]},{"@type":"ImageObject","inLanguage":"pt-BR","@id":"https:\/\/www.tuasaude.com\/news\/2026\/04\/30\/colageno-como-toma-lo-corretamente-para-o-corpo-realmente-utiliza-lo-nos-tecidos\/#primaryimage","url":"https:\/\/www.tuasaude.com\/news\/wp-content\/uploads\/2026\/04\/magnific_um-pote-elegante-de-colag_2892184699.jpg","contentUrl":"https:\/\/www.tuasaude.com\/news\/wp-content\/uploads\/2026\/04\/magnific_um-pote-elegante-de-colag_2892184699.jpg","width":1280,"height":714,"caption":"Tomar col\u00e1geno da forma certa faz toda a diferen\u00e7a."},{"@type":"BreadcrumbList","@id":"https:\/\/www.tuasaude.com\/news\/2026\/04\/30\/colageno-como-toma-lo-corretamente-para-o-corpo-realmente-utiliza-lo-nos-tecidos\/#breadcrumb","itemListElement":[{"@type":"ListItem","position":1,"name":"In\u00edcio","item":"https:\/\/www.tuasaude.com\/news\/"},{"@type":"ListItem","position":2,"name":"Col\u00e1geno: como tom\u00e1-lo corretamente para o corpo realmente utiliz\u00e1-lo nos tecidos"}]},{"@type":"WebSite","@id":"https:\/\/www.tuasaude.com\/news\/#website","url":"https:\/\/www.tuasaude.com\/news\/","name":"Tua Sa\u00fade","description":"Seu site de sa\u00fade","potentialAction":[{"@type":"SearchAction","target":{"@type":"EntryPoint","urlTemplate":"https:\/\/www.tuasaude.com\/news\/?s={search_term_string}"},"query-input":{"@type":"PropertyValueSpecification","valueRequired":true,"valueName":"search_term_string"}}],"inLanguage":"pt-BR"},{"@type":"Person","@id":"https:\/\/www.tuasaude.com\/news\/#\/schema\/person\/2e9df841be69ec84f5d20ddb8d273ac2","name":"Gessika Julia Carvalho","image":{"@type":"ImageObject","inLanguage":"pt-BR","@id":"https:\/\/www.tuasaude.com\/news\/#\/schema\/person\/image\/","url":"https:\/\/secure.gravatar.com\/avatar\/0fcc8769024577fd0bc6a8b766055690f76a8e8f29dfb2a2f89cf04db8d0f2d2?s=96&d=mm&r=g","contentUrl":"https:\/\/secure.gravatar.com\/avatar\/0fcc8769024577fd0bc6a8b766055690f76a8e8f29dfb2a2f89cf04db8d0f2d2?s=96&d=mm&r=g","caption":"Gessika Julia Carvalho"},"sameAs":["https:\/\/www.tuasaude.com\/news\/"],"url":"https:\/\/www.tuasaude.com\/news\/author\/gessika-julia\/"}]}},"_links":{"self":[{"href":"https:\/\/www.tuasaude.com\/news\/wp-json\/wp\/v2\/posts\/30176","targetHints":{"allow":["GET"]}}],"collection":[{"href":"https:\/\/www.tuasaude.com\/news\/wp-json\/wp\/v2\/posts"}],"about":[{"href":"https:\/\/www.tuasaude.com\/news\/wp-json\/wp\/v2\/types\/post"}],"author":[{"embeddable":true,"href":"https:\/\/www.tuasaude.com\/news\/wp-json\/wp\/v2\/users\/11"}],"replies":[{"embeddable":true,"href":"https:\/\/www.tuasaude.com\/news\/wp-json\/wp\/v2\/comments?post=30176"}],"version-history":[{"count":2,"href":"https:\/\/www.tuasaude.com\/news\/wp-json\/wp\/v2\/posts\/30176\/revisions"}],"predecessor-version":[{"id":30622,"href":"https:\/\/www.tuasaude.com\/news\/wp-json\/wp\/v2\/posts\/30176\/revisions\/30622"}],"wp:featuredmedia":[{"embeddable":true,"href":"https:\/\/www.tuasaude.com\/news\/wp-json\/wp\/v2\/media\/30583"}],"wp:attachment":[{"href":"https:\/\/www.tuasaude.com\/news\/wp-json\/wp\/v2\/media?parent=30176"}],"wp:term":[{"taxonomy":"category","embeddable":true,"href":"https:\/\/www.tuasaude.com\/news\/wp-json\/wp\/v2\/categories?post=30176"},{"taxonomy":"post_tag","embeddable":true,"href":"https:\/\/www.tuasaude.com\/news\/wp-json\/wp\/v2\/tags?post=30176"}],"curies":[{"name":"wp","href":"https:\/\/api.w.org\/{rel}","templated":true}]}}