{"id":30173,"date":"2026-04-30T08:50:00","date_gmt":"2026-04-30T11:50:00","guid":{"rendered":"https:\/\/www.tuasaude.com\/news\/?p=30173"},"modified":"2026-04-29T16:43:14","modified_gmt":"2026-04-29T19:43:14","slug":"habitos-diarios-para-pulmoes-saudaveis-que-vao-alem-de-nao-fumar","status":"publish","type":"post","link":"https:\/\/www.tuasaude.com\/news\/2026\/04\/30\/habitos-diarios-para-pulmoes-saudaveis-que-vao-alem-de-nao-fumar\/","title":{"rendered":"H\u00e1bitos di\u00e1rios para pulm\u00f5es saud\u00e1veis que v\u00e3o al\u00e9m de n\u00e3o fumar"},"content":{"rendered":"\n<p>Manter os pulm\u00f5es saud\u00e1veis envolve muito mais do que evitar o cigarro, j\u00e1 que a qualidade do ar interno, a postura corporal e a forma como respiramos influenciam diretamente a capacidade pulmonar ao longo dos anos. Pneumologistas alertam que ambientes fechados e mal ventilados concentram poluentes capazes de inflamar as vias a\u00e9reas mesmo em quem nunca fumou. A boa not\u00edcia \u00e9 que pequenas mudan\u00e7as na rotina podem proteger e at\u00e9 fortalecer a fun\u00e7\u00e3o respirat\u00f3ria de maneira progressiva.<\/p>\n\n\n\n<h2 class=\"wp-block-heading\">Por que a qualidade do ar interno \u00e9 t\u00e3o importante?<\/h2>\n\n\n\n<p>Passamos cerca de 90% do tempo em ambientes fechados, onde a concentra\u00e7\u00e3o de poluentes pode ser de duas a cinco vezes maior do que ao ar livre. Produtos de limpeza, mofo, poeira e fuma\u00e7a de cozimento liberam part\u00edculas finas que penetram profundamente nos pulm\u00f5es.<\/p>\n\n\n\n<p>Manter janelas abertas por pelo menos 15 minutos ao dia, evitar ac\u00famulo de tapetes e cuidar da umidade ajudam a reduzir a exposi\u00e7\u00e3o. Esses gestos simples diminuem a inflama\u00e7\u00e3o cr\u00f4nica das vias a\u00e9reas e preservam a elasticidade do tecido pulmonar.<\/p>\n\n\n\n<h2 class=\"wp-block-heading\">Como a postura influencia a respira\u00e7\u00e3o?<\/h2>\n\n\n\n<p>A postura curvada comprime o diafragma e limita a expans\u00e3o da caixa tor\u00e1cica, reduzindo o volume de ar que chega aos alv\u00e9olos. Com o tempo, isso enfraquece os m\u00fasculos respirat\u00f3rios e diminui a oxigena\u00e7\u00e3o do sangue.<\/p>\n\n\n\n<p>Sentar-se com a coluna ereta, alinhar os ombros e praticar alongamentos tor\u00e1cicos favorecem a respira\u00e7\u00e3o profunda. Adotar pausas para corrigir a postura durante o trabalho \u00e9 uma forma pr\u00e1tica de manter a mec\u00e2nica pulmonar eficiente. A pr\u00e1tica regular de <a href=\"https:\/\/www.tuasaude.com\/exercicios-para-respirar-melhor\/\" target=\"_blank\" rel=\"noreferrer noopener\">exerc\u00edcios respirat\u00f3rios<\/a> tamb\u00e9m potencializa esses efeitos.<\/p>\n\n\n<div class=\"wp-block-image\">\n<figure class=\"aligncenter size-large\"><img decoding=\"async\" width=\"1024\" height=\"571\" src=\"https:\/\/www.tuasaude.com\/news\/wp-content\/uploads\/2026\/04\/magnific_uma-mulher-brasileira-adu_2892188345-1024x571.jpg\" alt=\"H\u00e1bitos di\u00e1rios para pulm\u00f5es saud\u00e1veis que v\u00e3o al\u00e9m de n\u00e3o fumar\" class=\"wp-image-30566\" srcset=\"https:\/\/www.tuasaude.com\/news\/wp-content\/uploads\/2026\/04\/magnific_uma-mulher-brasileira-adu_2892188345-1024x571.jpg 1024w, https:\/\/www.tuasaude.com\/news\/wp-content\/uploads\/2026\/04\/magnific_uma-mulher-brasileira-adu_2892188345-300x167.jpg 300w, https:\/\/www.tuasaude.com\/news\/wp-content\/uploads\/2026\/04\/magnific_uma-mulher-brasileira-adu_2892188345-768x428.jpg 768w, https:\/\/www.tuasaude.com\/news\/wp-content\/uploads\/2026\/04\/magnific_uma-mulher-brasileira-adu_2892188345-750x418.jpg 750w, https:\/\/www.tuasaude.com\/news\/wp-content\/uploads\/2026\/04\/magnific_uma-mulher-brasileira-adu_2892188345-1140x636.jpg 1140w, https:\/\/www.tuasaude.com\/news\/wp-content\/uploads\/2026\/04\/magnific_uma-mulher-brasileira-adu_2892188345.jpg 1280w\" sizes=\"(max-width: 1024px) 100vw, 1024px\" \/><figcaption class=\"wp-element-caption\">A qualidade do ar e a respira\u00e7\u00e3o influenciam a sa\u00fade pulmonar.<\/figcaption><\/figure>\n<\/div>\n\n\n<h2 class=\"wp-block-heading\">Quais h\u00e1bitos di\u00e1rios fortalecem os pulm\u00f5es?<\/h2>\n\n\n\n<p>Pequenas atitudes incorporadas \u00e0 rotina podem fazer diferen\u00e7a significativa na fun\u00e7\u00e3o respirat\u00f3ria ao longo dos anos. A combina\u00e7\u00e3o delas atua de forma preventiva contra doen\u00e7as cr\u00f4nicas como bronquite, asma e DPOC.<\/p>\n\n\n<div class=\"wp-block-image\">\n<figure class=\"aligncenter size-large\"><img decoding=\"async\" width=\"1024\" height=\"422\" src=\"https:\/\/www.tuasaude.com\/news\/wp-content\/uploads\/2026\/04\/convertido-11-17-1024x422.jpg\" alt=\"Quais h\u00e1bitos di\u00e1rios fortalecem os pulm\u00f5es?\" class=\"wp-image-30174\" srcset=\"https:\/\/www.tuasaude.com\/news\/wp-content\/uploads\/2026\/04\/convertido-11-17-1024x422.jpg 1024w, https:\/\/www.tuasaude.com\/news\/wp-content\/uploads\/2026\/04\/convertido-11-17-300x124.jpg 300w, https:\/\/www.tuasaude.com\/news\/wp-content\/uploads\/2026\/04\/convertido-11-17-768x316.jpg 768w, https:\/\/www.tuasaude.com\/news\/wp-content\/uploads\/2026\/04\/convertido-11-17-750x309.jpg 750w, https:\/\/www.tuasaude.com\/news\/wp-content\/uploads\/2026\/04\/convertido-11-17-1140x469.jpg 1140w, https:\/\/www.tuasaude.com\/news\/wp-content\/uploads\/2026\/04\/convertido-11-17.jpg 1280w\" sizes=\"(max-width: 1024px) 100vw, 1024px\" \/><figcaption class=\"wp-element-caption\">Quais h\u00e1bitos di\u00e1rios fortalecem os pulm\u00f5es?<\/figcaption><\/figure>\n<\/div>\n\n\n<h2 class=\"wp-block-heading\">O que diz a ci\u00eancia sobre polui\u00e7\u00e3o interna e fun\u00e7\u00e3o pulmonar?<\/h2>\n\n\n\n<p>A rela\u00e7\u00e3o entre o ar que respiramos em casa e a sa\u00fade dos pulm\u00f5es \u00e9 cada vez mais documentada. Segundo a revis\u00e3o sistem\u00e1tica <a href=\"https:\/\/pubmed.ncbi.nlm.nih.gov\/35886604\/\" target=\"_blank\" rel=\"noreferrer noopener\">Indoor Air Pollution and the Health of Vulnerable Groups<\/a>, publicada no International Journal of Environmental Research and Public Health, a exposi\u00e7\u00e3o cont\u00ednua a part\u00edculas finas e compostos org\u00e2nicos vol\u00e1teis em ambientes fechados est\u00e1 associada \u00e0 redu\u00e7\u00e3o da fun\u00e7\u00e3o pulmonar, ao aumento de sintomas respirat\u00f3rios e ao agravamento de condi\u00e7\u00f5es como asma e DPOC. Os autores refor\u00e7am que a ventila\u00e7\u00e3o adequada e o controle das fontes de polui\u00e7\u00e3o interna s\u00e3o estrat\u00e9gias eficazes de prote\u00e7\u00e3o.<\/p>\n\n\n\n<h2 class=\"wp-block-heading\">Quais exerc\u00edcios respirat\u00f3rios incluir na rotina?<\/h2>\n\n\n\n<p>Treinar a respira\u00e7\u00e3o de maneira consciente fortalece o diafragma e melhora a efici\u00eancia das trocas gasosas. Esses exerc\u00edcios podem ser feitos em casa, sem equipamentos, e trazem resultados percept\u00edveis em poucas semanas de pr\u00e1tica regular. Quem deseja fortalecer os pulm\u00f5es naturalmente pode come\u00e7ar com t\u00e9cnicas b\u00e1sicas.<\/p>\n\n\n\n<ul class=\"wp-block-list\">\n<li><strong>Respira\u00e7\u00e3o diafragm\u00e1tica:<\/strong> deitado, inspire profundamente pelo nariz expandindo a barriga e expire devagar pela boca.<\/li>\n\n\n\n<li><strong>L\u00e1bios semicerrados:<\/strong> inspire pelo nariz e solte o ar lentamente como se estivesse assoprando uma vela.<\/li>\n\n\n\n<li><strong>Expans\u00e3o tor\u00e1cica:<\/strong> inspire abrindo os bra\u00e7os lateralmente e expire ao fech\u00e1-los, promovendo abertura da caixa tor\u00e1cica.<\/li>\n\n\n\n<li><strong>Sopro com canudinho:<\/strong> soprar bolhas em um copo de \u00e1gua fortalece os m\u00fasculos expirat\u00f3rios.<\/li>\n<\/ul>\n\n\n\n<p>Esses cuidados di\u00e1rios ajudam a preservar a sa\u00fade respirat\u00f3ria, mas pessoas com sintomas persistentes, hist\u00f3rico familiar de doen\u00e7as pulmonares ou exposi\u00e7\u00e3o ocupacional a poluentes devem manter acompanhamento regular com um pneumologista para avalia\u00e7\u00e3o individualizada.<\/p>\n\n\n\n<p><em>Este conte\u00fado \u00e9 apenas informativo e n\u00e3o substitui a avalia\u00e7\u00e3o, o diagn\u00f3stico ou o tratamento de um m\u00e9dico.<\/em><\/p>\n","protected":false},"excerpt":{"rendered":"<p>Manter os pulm\u00f5es saud\u00e1veis envolve muito mais do que evitar o cigarro, j\u00e1 que a qualidade do ar interno, a postura corporal e a forma como respiramos influenciam diretamente a capacidade pulmonar ao longo dos anos. Pneumologistas alertam que ambientes fechados e mal ventilados concentram poluentes capazes de inflamar as vias a\u00e9reas mesmo em quem [&hellip;]<\/p>\n","protected":false},"author":11,"featured_media":30582,"comment_status":"open","ping_status":"open","sticky":false,"template":"","format":"standard","meta":{"_yoast_wpseo_focuskw":"pulm\u00f5es saud\u00e1veis","_yoast_wpseo_title":"","_yoast_wpseo_metadesc":"Pulm\u00f5es saud\u00e1veis v\u00e3o al\u00e9m de n\u00e3o fumar. Ventila\u00e7\u00e3o, postura e exerc\u00edcios respirat\u00f3rios ajudam a proteger a fun\u00e7\u00e3o pulmonar.","jnews-multi-image_gallery":[],"jnews_single_post":{"format":"standard"},"jnews_primary_category":[],"jnews_social_meta":[],"jnews_override_counter":[],"footnotes":""},"categories":[111],"tags":[6187,6133,136,3373],"class_list":["post-30173","post","type-post","status-publish","format-standard","has-post-thumbnail","hentry","category-saude","tag-fumar","tag-pulmoes-saudaveis","tag-saude","tag-saude-do-pulmao"],"yoast_head":"<!-- This site is optimized with the Yoast SEO plugin v26.7 - https:\/\/yoast.com\/wordpress\/plugins\/seo\/ -->\n<title>H\u00e1bitos di\u00e1rios para pulm\u00f5es saud\u00e1veis que v\u00e3o al\u00e9m de n\u00e3o fumar - Tua Sa\u00fade<\/title>\n<meta name=\"description\" content=\"Pulm\u00f5es saud\u00e1veis v\u00e3o al\u00e9m de n\u00e3o fumar. Ventila\u00e7\u00e3o, postura e exerc\u00edcios respirat\u00f3rios ajudam a proteger a fun\u00e7\u00e3o pulmonar.\" \/>\n<meta name=\"robots\" content=\"index, follow, max-snippet:-1, max-image-preview:large, max-video-preview:-1\" \/>\n<link rel=\"canonical\" href=\"https:\/\/www.tuasaude.com\/news\/2026\/04\/30\/habitos-diarios-para-pulmoes-saudaveis-que-vao-alem-de-nao-fumar\/\" \/>\n<meta property=\"og:locale\" content=\"pt_BR\" \/>\n<meta property=\"og:type\" content=\"article\" \/>\n<meta property=\"og:title\" content=\"H\u00e1bitos di\u00e1rios para pulm\u00f5es saud\u00e1veis que v\u00e3o al\u00e9m de n\u00e3o fumar - Tua Sa\u00fade\" \/>\n<meta property=\"og:description\" content=\"Pulm\u00f5es saud\u00e1veis v\u00e3o al\u00e9m de n\u00e3o fumar. Ventila\u00e7\u00e3o, postura e exerc\u00edcios respirat\u00f3rios ajudam a proteger a fun\u00e7\u00e3o pulmonar.\" \/>\n<meta property=\"og:url\" content=\"https:\/\/www.tuasaude.com\/news\/2026\/04\/30\/habitos-diarios-para-pulmoes-saudaveis-que-vao-alem-de-nao-fumar\/\" \/>\n<meta property=\"og:site_name\" content=\"Tua Sa\u00fade\" \/>\n<meta property=\"article:published_time\" content=\"2026-04-30T11:50:00+00:00\" \/>\n<meta property=\"og:image\" content=\"https:\/\/www.tuasaude.com\/news\/wp-content\/uploads\/2026\/04\/magnific_um-par-de-pulmoes-humanos_2892187429.jpg\" \/>\n\t<meta property=\"og:image:width\" content=\"1280\" \/>\n\t<meta property=\"og:image:height\" content=\"714\" \/>\n\t<meta property=\"og:image:type\" content=\"image\/jpeg\" \/>\n<meta name=\"author\" content=\"Gessika Julia Carvalho\" \/>\n<meta name=\"twitter:card\" content=\"summary_large_image\" \/>\n<meta name=\"twitter:label1\" content=\"Escrito por\" \/>\n\t<meta name=\"twitter:data1\" content=\"Gessika Julia Carvalho\" \/>\n\t<meta name=\"twitter:label2\" content=\"Est. tempo de leitura\" \/>\n\t<meta name=\"twitter:data2\" content=\"4 minutos\" \/>\n<!-- \/ Yoast SEO plugin. -->","yoast_head_json":{"title":"H\u00e1bitos di\u00e1rios para pulm\u00f5es saud\u00e1veis que v\u00e3o al\u00e9m de n\u00e3o fumar - Tua Sa\u00fade","description":"Pulm\u00f5es saud\u00e1veis v\u00e3o al\u00e9m de n\u00e3o fumar. Ventila\u00e7\u00e3o, postura e exerc\u00edcios respirat\u00f3rios ajudam a proteger a fun\u00e7\u00e3o pulmonar.","robots":{"index":"index","follow":"follow","max-snippet":"max-snippet:-1","max-image-preview":"max-image-preview:large","max-video-preview":"max-video-preview:-1"},"canonical":"https:\/\/www.tuasaude.com\/news\/2026\/04\/30\/habitos-diarios-para-pulmoes-saudaveis-que-vao-alem-de-nao-fumar\/","og_locale":"pt_BR","og_type":"article","og_title":"H\u00e1bitos di\u00e1rios para pulm\u00f5es saud\u00e1veis que v\u00e3o al\u00e9m de n\u00e3o fumar - Tua Sa\u00fade","og_description":"Pulm\u00f5es saud\u00e1veis v\u00e3o al\u00e9m de n\u00e3o fumar. Ventila\u00e7\u00e3o, postura e exerc\u00edcios respirat\u00f3rios ajudam a proteger a fun\u00e7\u00e3o pulmonar.","og_url":"https:\/\/www.tuasaude.com\/news\/2026\/04\/30\/habitos-diarios-para-pulmoes-saudaveis-que-vao-alem-de-nao-fumar\/","og_site_name":"Tua Sa\u00fade","article_published_time":"2026-04-30T11:50:00+00:00","og_image":[{"width":1280,"height":714,"url":"https:\/\/www.tuasaude.com\/news\/wp-content\/uploads\/2026\/04\/magnific_um-par-de-pulmoes-humanos_2892187429.jpg","type":"image\/jpeg"}],"author":"Gessika Julia Carvalho","twitter_card":"summary_large_image","twitter_misc":{"Escrito por":"Gessika Julia Carvalho","Est. tempo de leitura":"4 minutos"},"schema":{"@context":"https:\/\/schema.org","@graph":[{"@type":"Article","@id":"https:\/\/www.tuasaude.com\/news\/2026\/04\/30\/habitos-diarios-para-pulmoes-saudaveis-que-vao-alem-de-nao-fumar\/#article","isPartOf":{"@id":"https:\/\/www.tuasaude.com\/news\/2026\/04\/30\/habitos-diarios-para-pulmoes-saudaveis-que-vao-alem-de-nao-fumar\/"},"author":{"name":"Gessika Julia Carvalho","@id":"https:\/\/www.tuasaude.com\/news\/#\/schema\/person\/2e9df841be69ec84f5d20ddb8d273ac2"},"headline":"H\u00e1bitos di\u00e1rios para pulm\u00f5es saud\u00e1veis que v\u00e3o al\u00e9m de n\u00e3o fumar","datePublished":"2026-04-30T11:50:00+00:00","mainEntityOfPage":{"@id":"https:\/\/www.tuasaude.com\/news\/2026\/04\/30\/habitos-diarios-para-pulmoes-saudaveis-que-vao-alem-de-nao-fumar\/"},"wordCount":695,"commentCount":0,"image":{"@id":"https:\/\/www.tuasaude.com\/news\/2026\/04\/30\/habitos-diarios-para-pulmoes-saudaveis-que-vao-alem-de-nao-fumar\/#primaryimage"},"thumbnailUrl":"https:\/\/www.tuasaude.com\/news\/wp-content\/uploads\/2026\/04\/magnific_um-par-de-pulmoes-humanos_2892187429.jpg","keywords":["fumar","pulm\u00f5es saud\u00e1veis","sa\u00fade","sa\u00fade do pulm\u00e3o"],"articleSection":["Sa\u00fade"],"inLanguage":"pt-BR","potentialAction":[{"@type":"CommentAction","name":"Comment","target":["https:\/\/www.tuasaude.com\/news\/2026\/04\/30\/habitos-diarios-para-pulmoes-saudaveis-que-vao-alem-de-nao-fumar\/#respond"]}]},{"@type":"WebPage","@id":"https:\/\/www.tuasaude.com\/news\/2026\/04\/30\/habitos-diarios-para-pulmoes-saudaveis-que-vao-alem-de-nao-fumar\/","url":"https:\/\/www.tuasaude.com\/news\/2026\/04\/30\/habitos-diarios-para-pulmoes-saudaveis-que-vao-alem-de-nao-fumar\/","name":"H\u00e1bitos di\u00e1rios para pulm\u00f5es saud\u00e1veis que v\u00e3o al\u00e9m de n\u00e3o fumar - Tua Sa\u00fade","isPartOf":{"@id":"https:\/\/www.tuasaude.com\/news\/#website"},"primaryImageOfPage":{"@id":"https:\/\/www.tuasaude.com\/news\/2026\/04\/30\/habitos-diarios-para-pulmoes-saudaveis-que-vao-alem-de-nao-fumar\/#primaryimage"},"image":{"@id":"https:\/\/www.tuasaude.com\/news\/2026\/04\/30\/habitos-diarios-para-pulmoes-saudaveis-que-vao-alem-de-nao-fumar\/#primaryimage"},"thumbnailUrl":"https:\/\/www.tuasaude.com\/news\/wp-content\/uploads\/2026\/04\/magnific_um-par-de-pulmoes-humanos_2892187429.jpg","datePublished":"2026-04-30T11:50:00+00:00","author":{"@id":"https:\/\/www.tuasaude.com\/news\/#\/schema\/person\/2e9df841be69ec84f5d20ddb8d273ac2"},"description":"Pulm\u00f5es saud\u00e1veis v\u00e3o al\u00e9m de n\u00e3o fumar. Ventila\u00e7\u00e3o, postura e exerc\u00edcios respirat\u00f3rios ajudam a proteger a fun\u00e7\u00e3o pulmonar.","breadcrumb":{"@id":"https:\/\/www.tuasaude.com\/news\/2026\/04\/30\/habitos-diarios-para-pulmoes-saudaveis-que-vao-alem-de-nao-fumar\/#breadcrumb"},"inLanguage":"pt-BR","potentialAction":[{"@type":"ReadAction","target":["https:\/\/www.tuasaude.com\/news\/2026\/04\/30\/habitos-diarios-para-pulmoes-saudaveis-que-vao-alem-de-nao-fumar\/"]}]},{"@type":"ImageObject","inLanguage":"pt-BR","@id":"https:\/\/www.tuasaude.com\/news\/2026\/04\/30\/habitos-diarios-para-pulmoes-saudaveis-que-vao-alem-de-nao-fumar\/#primaryimage","url":"https:\/\/www.tuasaude.com\/news\/wp-content\/uploads\/2026\/04\/magnific_um-par-de-pulmoes-humanos_2892187429.jpg","contentUrl":"https:\/\/www.tuasaude.com\/news\/wp-content\/uploads\/2026\/04\/magnific_um-par-de-pulmoes-humanos_2892187429.jpg","width":1280,"height":714,"caption":"H\u00e1bitos simples podem ajudar a fortalecer seus pulm\u00f5es."},{"@type":"BreadcrumbList","@id":"https:\/\/www.tuasaude.com\/news\/2026\/04\/30\/habitos-diarios-para-pulmoes-saudaveis-que-vao-alem-de-nao-fumar\/#breadcrumb","itemListElement":[{"@type":"ListItem","position":1,"name":"In\u00edcio","item":"https:\/\/www.tuasaude.com\/news\/"},{"@type":"ListItem","position":2,"name":"H\u00e1bitos di\u00e1rios para pulm\u00f5es saud\u00e1veis que v\u00e3o al\u00e9m de n\u00e3o fumar"}]},{"@type":"WebSite","@id":"https:\/\/www.tuasaude.com\/news\/#website","url":"https:\/\/www.tuasaude.com\/news\/","name":"Tua Sa\u00fade","description":"Seu site de sa\u00fade","potentialAction":[{"@type":"SearchAction","target":{"@type":"EntryPoint","urlTemplate":"https:\/\/www.tuasaude.com\/news\/?s={search_term_string}"},"query-input":{"@type":"PropertyValueSpecification","valueRequired":true,"valueName":"search_term_string"}}],"inLanguage":"pt-BR"},{"@type":"Person","@id":"https:\/\/www.tuasaude.com\/news\/#\/schema\/person\/2e9df841be69ec84f5d20ddb8d273ac2","name":"Gessika Julia Carvalho","image":{"@type":"ImageObject","inLanguage":"pt-BR","@id":"https:\/\/www.tuasaude.com\/news\/#\/schema\/person\/image\/","url":"https:\/\/secure.gravatar.com\/avatar\/0fcc8769024577fd0bc6a8b766055690f76a8e8f29dfb2a2f89cf04db8d0f2d2?s=96&d=mm&r=g","contentUrl":"https:\/\/secure.gravatar.com\/avatar\/0fcc8769024577fd0bc6a8b766055690f76a8e8f29dfb2a2f89cf04db8d0f2d2?s=96&d=mm&r=g","caption":"Gessika Julia Carvalho"},"sameAs":["https:\/\/www.tuasaude.com\/news\/"],"url":"https:\/\/www.tuasaude.com\/news\/author\/gessika-julia\/"}]}},"_links":{"self":[{"href":"https:\/\/www.tuasaude.com\/news\/wp-json\/wp\/v2\/posts\/30173","targetHints":{"allow":["GET"]}}],"collection":[{"href":"https:\/\/www.tuasaude.com\/news\/wp-json\/wp\/v2\/posts"}],"about":[{"href":"https:\/\/www.tuasaude.com\/news\/wp-json\/wp\/v2\/types\/post"}],"author":[{"embeddable":true,"href":"https:\/\/www.tuasaude.com\/news\/wp-json\/wp\/v2\/users\/11"}],"replies":[{"embeddable":true,"href":"https:\/\/www.tuasaude.com\/news\/wp-json\/wp\/v2\/comments?post=30173"}],"version-history":[{"count":2,"href":"https:\/\/www.tuasaude.com\/news\/wp-json\/wp\/v2\/posts\/30173\/revisions"}],"predecessor-version":[{"id":30623,"href":"https:\/\/www.tuasaude.com\/news\/wp-json\/wp\/v2\/posts\/30173\/revisions\/30623"}],"wp:featuredmedia":[{"embeddable":true,"href":"https:\/\/www.tuasaude.com\/news\/wp-json\/wp\/v2\/media\/30582"}],"wp:attachment":[{"href":"https:\/\/www.tuasaude.com\/news\/wp-json\/wp\/v2\/media?parent=30173"}],"wp:term":[{"taxonomy":"category","embeddable":true,"href":"https:\/\/www.tuasaude.com\/news\/wp-json\/wp\/v2\/categories?post=30173"},{"taxonomy":"post_tag","embeddable":true,"href":"https:\/\/www.tuasaude.com\/news\/wp-json\/wp\/v2\/tags?post=30173"}],"curies":[{"name":"wp","href":"https:\/\/api.w.org\/{rel}","templated":true}]}}