{"id":30143,"date":"2026-04-30T00:40:00","date_gmt":"2026-04-30T03:40:00","guid":{"rendered":"https:\/\/www.tuasaude.com\/news\/?p=30143"},"modified":"2026-04-29T16:43:18","modified_gmt":"2026-04-29T19:43:18","slug":"conheca-5-locais-no-corpo-de-onde-vem-o-cheiro-mais-forte-nao-as-axilas-ou-areas-escondidas","status":"publish","type":"post","link":"https:\/\/www.tuasaude.com\/news\/2026\/04\/30\/conheca-5-locais-no-corpo-de-onde-vem-o-cheiro-mais-forte-nao-as-axilas-ou-areas-escondidas\/","title":{"rendered":"Conhe\u00e7a 5 locais no corpo de onde vem o &#8220;cheiro mais forte&#8221;, n\u00e3o as axilas ou \u00e1reas escondidas"},"content":{"rendered":"\n<p>Quando se fala em cheiro corporal, a maioria das pessoas pensa imediatamente nas axilas ou em \u00e1reas \u00edntimas, mas existe um odor caracter\u00edstico que se intensifica com o avan\u00e7o da idade e tem origem em pontos pouco lembrados. Trata-se do chamado &#8220;cheiro do envelhecimento&#8221;, causado por um composto chamado 2-Nonenal, que se forma quando os \u00e1cidos graxos da pele oxidam. Identificar essas regi\u00f5es \u00e9 o primeiro passo para reduzir o odor e manter a sensa\u00e7\u00e3o de frescor ao longo do dia.<\/p>\n\n\n\n<h2 class=\"wp-block-heading\">O que causa o cheiro corporal forte com a idade?<\/h2>\n\n\n\n<p>Com o passar dos anos, a pele passa a produzir mais \u00e1cidos graxos insaturados \u00f4mega-7, como o \u00e1cido palmitoleico. Esses lip\u00eddios oxidam facilmente e geram o 2-Nonenal, subst\u00e2ncia de odor descrito como gorduroso e levemente ran\u00e7oso.<\/p>\n\n\n\n<p>A capacidade antioxidante natural do organismo tamb\u00e9m diminui com a idade, o que acelera a oxida\u00e7\u00e3o dos lip\u00eddios da pele. O resultado \u00e9 um odor mais percept\u00edvel, que pode impregnar roupas, len\u00e7\u00f3is e travesseiros mesmo ap\u00f3s o banho.<\/p>\n\n\n\n<h2 class=\"wp-block-heading\">Quais s\u00e3o os 5 locais do corpo com cheiro mais forte?<\/h2>\n\n\n\n<p>Diferentemente do que muitos imaginam, as regi\u00f5es mais propensas a concentrar esse odor s\u00e3o aquelas com maior quantidade de gl\u00e2ndulas seb\u00e1ceas. Quanto mais gordura na pele, maior a chance de oxida\u00e7\u00e3o e de forma\u00e7\u00e3o do 2-Nonenal.<\/p>\n\n\n\n<p>Os 5 pontos do corpo que mais concentram o &#8220;cheiro mais forte&#8221; s\u00e3o:<\/p>\n\n\n<div class=\"wp-block-image\">\n<figure class=\"aligncenter size-large\"><img decoding=\"async\" width=\"1024\" height=\"422\" src=\"https:\/\/www.tuasaude.com\/news\/wp-content\/uploads\/2026\/04\/convertido-41-13-1024x422.jpg\" alt=\"Quais s\u00e3o os 5 locais do corpo com cheiro mais forte?\" class=\"wp-image-30144\" srcset=\"https:\/\/www.tuasaude.com\/news\/wp-content\/uploads\/2026\/04\/convertido-41-13-1024x422.jpg 1024w, https:\/\/www.tuasaude.com\/news\/wp-content\/uploads\/2026\/04\/convertido-41-13-300x124.jpg 300w, https:\/\/www.tuasaude.com\/news\/wp-content\/uploads\/2026\/04\/convertido-41-13-768x316.jpg 768w, https:\/\/www.tuasaude.com\/news\/wp-content\/uploads\/2026\/04\/convertido-41-13-750x309.jpg 750w, https:\/\/www.tuasaude.com\/news\/wp-content\/uploads\/2026\/04\/convertido-41-13-1140x469.jpg 1140w, https:\/\/www.tuasaude.com\/news\/wp-content\/uploads\/2026\/04\/convertido-41-13.jpg 1280w\" sizes=\"(max-width: 1024px) 100vw, 1024px\" \/><figcaption class=\"wp-element-caption\">Quais s\u00e3o os 5 locais do corpo com cheiro mais forte?<\/figcaption><\/figure>\n<\/div>\n\n\n<h2 class=\"wp-block-heading\">Como um estudo cient\u00edfico explica o surgimento desse odor?<\/h2>\n\n\n\n<p>A rela\u00e7\u00e3o entre envelhecimento e mudan\u00e7as no odor corporal foi descrita pela primeira vez por uma equipe de pesquisadores japoneses. Segundo o estudo <a href=\"https:\/\/pubmed.ncbi.nlm.nih.gov\/11286617\/\" target=\"_blank\" rel=\"noreferrer noopener\">2-Nonenal Newly Found in Human Body Odor Tends to Increase with Aging<\/a>, publicado no Journal of Investigative Dermatology, o composto 2-Nonenal foi detectado apenas em volunt\u00e1rios com 40 anos ou mais e aumentava progressivamente conforme a idade.<\/p>\n\n\n\n<p>Os autores tamb\u00e9m identificaram que existe correla\u00e7\u00e3o direta entre os n\u00edveis desse alde\u00eddo e a quantidade de \u00e1cidos graxos \u00f4mega-7 e per\u00f3xidos lip\u00eddicos na superf\u00edcie da pele. O achado ajuda a entender por que adotar bons h\u00e1bitos de higiene e cuidar do <a href=\"https:\/\/www.tuasaude.com\/dieta-para-reduzir-o-cheiro-de-suor\/\" target=\"_blank\" rel=\"noreferrer noopener\">cheiro de suor<\/a> nem sempre resolve o problema do odor associado ao envelhecimento.<\/p>\n\n\n\n<h2 class=\"wp-block-heading\">Quem tem mais chance de desenvolver esse cheiro?<\/h2>\n\n\n\n<p>O odor associado ao envelhecimento pode come\u00e7ar a aparecer por volta dos 40 anos, embora varie conforme metabolismo, alimenta\u00e7\u00e3o e gen\u00e9tica. Em homens, costuma ser mais intenso devido \u00e0 a\u00e7\u00e3o dos horm\u00f4nios androg\u00eanios sobre as gl\u00e2ndulas seb\u00e1ceas.<\/p>\n\n\n\n<p>Em mulheres, \u00e9 comum que o odor se torne mais percept\u00edvel ap\u00f3s a menopausa, quando os n\u00edveis de estrog\u00eanio caem. Pessoas com pele oleosa, alimenta\u00e7\u00e3o rica em gorduras saturadas ou com h\u00e1bitos como tabagismo tendem a apresentar o odor mais cedo e com maior intensidade.<\/p>\n\n\n<div class=\"wp-block-image\">\n<figure class=\"aligncenter size-large\"><img decoding=\"async\" width=\"1024\" height=\"571\" src=\"https:\/\/www.tuasaude.com\/news\/wp-content\/uploads\/2026\/04\/magnific_uma-representacao-anatomi_2892431308-1024x571.jpg\" alt=\"Conhe\u00e7a 5 locais no corpo de onde vem o &quot;cheiro mais forte&quot;, n\u00e3o as axilas ou \u00e1reas escondidas\" class=\"wp-image-30572\" srcset=\"https:\/\/www.tuasaude.com\/news\/wp-content\/uploads\/2026\/04\/magnific_uma-representacao-anatomi_2892431308-1024x571.jpg 1024w, https:\/\/www.tuasaude.com\/news\/wp-content\/uploads\/2026\/04\/magnific_uma-representacao-anatomi_2892431308-300x167.jpg 300w, https:\/\/www.tuasaude.com\/news\/wp-content\/uploads\/2026\/04\/magnific_uma-representacao-anatomi_2892431308-768x428.jpg 768w, https:\/\/www.tuasaude.com\/news\/wp-content\/uploads\/2026\/04\/magnific_uma-representacao-anatomi_2892431308-750x418.jpg 750w, https:\/\/www.tuasaude.com\/news\/wp-content\/uploads\/2026\/04\/magnific_uma-representacao-anatomi_2892431308-1140x636.jpg 1140w, https:\/\/www.tuasaude.com\/news\/wp-content\/uploads\/2026\/04\/magnific_uma-representacao-anatomi_2892431308.jpg 1280w\" sizes=\"(max-width: 1024px) 100vw, 1024px\" \/><figcaption class=\"wp-element-caption\">Algumas \u00e1reas do corpo concentram mais odor com a idade.<\/figcaption><\/figure>\n<\/div>\n\n\n<h2 class=\"wp-block-heading\">Como reduzir o cheiro corporal nessas regi\u00f5es?<\/h2>\n\n\n\n<p>A redu\u00e7\u00e3o desse tipo de odor depende de cuidados espec\u00edficos com as \u00e1reas mais oleosas e de mudan\u00e7as no estilo de vida. Pequenos ajustes na rotina podem fazer grande diferen\u00e7a na percep\u00e7\u00e3o do cheiro e em geral ajudam tamb\u00e9m a controlar o <a href=\"https:\/\/www.tuasaude.com\/remedio-caseiro-para-cheiro-de-suor\/\" target=\"_blank\" rel=\"noreferrer noopener\">odor das axilas<\/a>.<\/p>\n\n\n\n<p>Algumas medidas eficazes incluem:<\/p>\n\n\n\n<ul class=\"wp-block-list\">\n<li>Lavar bem couro cabeludo, atr\u00e1s das orelhas, nuca e costas com sabonete suave;<\/li>\n\n\n\n<li>Trocar len\u00e7\u00f3is, fronhas e roupas com frequ\u00eancia para evitar ac\u00famulo de oleosidade;<\/li>\n\n\n\n<li>Aumentar o consumo de frutas, vegetais e ch\u00e1 verde, ricos em antioxidantes que combatem a oxida\u00e7\u00e3o dos lip\u00eddios;<\/li>\n\n\n\n<li>Reduzir frituras, ultraprocessados e \u00e1lcool, que favorecem o estresse oxidativo;<\/li>\n\n\n\n<li>Manter boa hidrata\u00e7\u00e3o para apoiar a sa\u00fade da pele.<\/li>\n<\/ul>\n\n\n\n<p><em>Este conte\u00fado tem car\u00e1ter exclusivamente informativo e n\u00e3o substitui a avalia\u00e7\u00e3o m\u00e9dica. Em casos de odor corporal persistente, intenso ou de in\u00edcio s\u00fabito, consulte um dermatologista ou cl\u00ednico geral para investigar poss\u00edveis causas e receber orienta\u00e7\u00e3o personalizada.<\/em><\/p>\n","protected":false},"excerpt":{"rendered":"<p>Quando se fala em cheiro corporal, a maioria das pessoas pensa imediatamente nas axilas ou em \u00e1reas \u00edntimas, mas existe um odor caracter\u00edstico que se intensifica com o avan\u00e7o da idade e tem origem em pontos pouco lembrados. Trata-se do chamado &#8220;cheiro do envelhecimento&#8221;, causado por um composto chamado 2-Nonenal, que se forma quando os [&hellip;]<\/p>\n","protected":false},"author":11,"featured_media":30579,"comment_status":"open","ping_status":"open","sticky":false,"template":"","format":"standard","meta":{"_yoast_wpseo_focuskw":"cheiro corporal","_yoast_wpseo_title":"","_yoast_wpseo_metadesc":"Cheiro corporal intenso nem sempre vem das axilas. Veja quais partes do corpo concentram o odor e o que explica o aumento com a idade.","jnews-multi-image_gallery":[],"jnews_single_post":{"format":"standard"},"jnews_primary_category":[],"jnews_social_meta":[],"jnews_override_counter":[],"footnotes":""},"categories":[111],"tags":[6303,4709,2052,136],"class_list":["post-30143","post","type-post","status-publish","format-standard","has-post-thumbnail","hentry","category-saude","tag-cheiro-forte","tag-higiene","tag-mau-cheiro","tag-saude"],"yoast_head":"<!-- This site is optimized with the Yoast SEO plugin v26.7 - https:\/\/yoast.com\/wordpress\/plugins\/seo\/ -->\n<title>Conhe\u00e7a 5 locais no corpo de onde vem o &quot;cheiro mais forte&quot;, n\u00e3o as axilas ou \u00e1reas escondidas - Tua Sa\u00fade<\/title>\n<meta name=\"description\" content=\"Cheiro corporal intenso nem sempre vem das axilas. Veja quais partes do corpo concentram o odor e o que explica o aumento com a idade.\" \/>\n<meta name=\"robots\" content=\"index, follow, max-snippet:-1, max-image-preview:large, max-video-preview:-1\" \/>\n<link rel=\"canonical\" href=\"https:\/\/www.tuasaude.com\/news\/2026\/04\/30\/conheca-5-locais-no-corpo-de-onde-vem-o-cheiro-mais-forte-nao-as-axilas-ou-areas-escondidas\/\" \/>\n<meta property=\"og:locale\" content=\"pt_BR\" \/>\n<meta property=\"og:type\" content=\"article\" \/>\n<meta property=\"og:title\" content=\"Conhe\u00e7a 5 locais no corpo de onde vem o &quot;cheiro mais forte&quot;, n\u00e3o as axilas ou \u00e1reas escondidas - Tua Sa\u00fade\" \/>\n<meta property=\"og:description\" content=\"Cheiro corporal intenso nem sempre vem das axilas. Veja quais partes do corpo concentram o odor e o que explica o aumento com a idade.\" \/>\n<meta property=\"og:url\" content=\"https:\/\/www.tuasaude.com\/news\/2026\/04\/30\/conheca-5-locais-no-corpo-de-onde-vem-o-cheiro-mais-forte-nao-as-axilas-ou-areas-escondidas\/\" \/>\n<meta property=\"og:site_name\" content=\"Tua Sa\u00fade\" \/>\n<meta property=\"article:published_time\" content=\"2026-04-30T03:40:00+00:00\" \/>\n<meta property=\"og:image\" content=\"https:\/\/www.tuasaude.com\/news\/wp-content\/uploads\/2026\/04\/magnific_um-homem-brasileiro-de-me_2892220611.jpg\" \/>\n\t<meta property=\"og:image:width\" content=\"1280\" \/>\n\t<meta property=\"og:image:height\" content=\"714\" \/>\n\t<meta property=\"og:image:type\" content=\"image\/jpeg\" \/>\n<meta name=\"author\" content=\"Gessika Julia Carvalho\" \/>\n<meta name=\"twitter:card\" content=\"summary_large_image\" \/>\n<meta name=\"twitter:label1\" content=\"Escrito por\" \/>\n\t<meta name=\"twitter:data1\" content=\"Gessika Julia Carvalho\" \/>\n\t<meta name=\"twitter:label2\" content=\"Est. tempo de leitura\" \/>\n\t<meta name=\"twitter:data2\" content=\"4 minutos\" \/>\n<!-- \/ Yoast SEO plugin. -->","yoast_head_json":{"title":"Conhe\u00e7a 5 locais no corpo de onde vem o \"cheiro mais forte\", n\u00e3o as axilas ou \u00e1reas escondidas - Tua Sa\u00fade","description":"Cheiro corporal intenso nem sempre vem das axilas. Veja quais partes do corpo concentram o odor e o que explica o aumento com a idade.","robots":{"index":"index","follow":"follow","max-snippet":"max-snippet:-1","max-image-preview":"max-image-preview:large","max-video-preview":"max-video-preview:-1"},"canonical":"https:\/\/www.tuasaude.com\/news\/2026\/04\/30\/conheca-5-locais-no-corpo-de-onde-vem-o-cheiro-mais-forte-nao-as-axilas-ou-areas-escondidas\/","og_locale":"pt_BR","og_type":"article","og_title":"Conhe\u00e7a 5 locais no corpo de onde vem o \"cheiro mais forte\", n\u00e3o as axilas ou \u00e1reas escondidas - Tua Sa\u00fade","og_description":"Cheiro corporal intenso nem sempre vem das axilas. Veja quais partes do corpo concentram o odor e o que explica o aumento com a idade.","og_url":"https:\/\/www.tuasaude.com\/news\/2026\/04\/30\/conheca-5-locais-no-corpo-de-onde-vem-o-cheiro-mais-forte-nao-as-axilas-ou-areas-escondidas\/","og_site_name":"Tua Sa\u00fade","article_published_time":"2026-04-30T03:40:00+00:00","og_image":[{"width":1280,"height":714,"url":"https:\/\/www.tuasaude.com\/news\/wp-content\/uploads\/2026\/04\/magnific_um-homem-brasileiro-de-me_2892220611.jpg","type":"image\/jpeg"}],"author":"Gessika Julia Carvalho","twitter_card":"summary_large_image","twitter_misc":{"Escrito por":"Gessika Julia Carvalho","Est. tempo de leitura":"4 minutos"},"schema":{"@context":"https:\/\/schema.org","@graph":[{"@type":"Article","@id":"https:\/\/www.tuasaude.com\/news\/2026\/04\/30\/conheca-5-locais-no-corpo-de-onde-vem-o-cheiro-mais-forte-nao-as-axilas-ou-areas-escondidas\/#article","isPartOf":{"@id":"https:\/\/www.tuasaude.com\/news\/2026\/04\/30\/conheca-5-locais-no-corpo-de-onde-vem-o-cheiro-mais-forte-nao-as-axilas-ou-areas-escondidas\/"},"author":{"name":"Gessika Julia Carvalho","@id":"https:\/\/www.tuasaude.com\/news\/#\/schema\/person\/2e9df841be69ec84f5d20ddb8d273ac2"},"headline":"Conhe\u00e7a 5 locais no corpo de onde vem o &#8220;cheiro mais forte&#8221;, n\u00e3o as axilas ou \u00e1reas escondidas","datePublished":"2026-04-30T03:40:00+00:00","mainEntityOfPage":{"@id":"https:\/\/www.tuasaude.com\/news\/2026\/04\/30\/conheca-5-locais-no-corpo-de-onde-vem-o-cheiro-mais-forte-nao-as-axilas-ou-areas-escondidas\/"},"wordCount":698,"commentCount":0,"image":{"@id":"https:\/\/www.tuasaude.com\/news\/2026\/04\/30\/conheca-5-locais-no-corpo-de-onde-vem-o-cheiro-mais-forte-nao-as-axilas-ou-areas-escondidas\/#primaryimage"},"thumbnailUrl":"https:\/\/www.tuasaude.com\/news\/wp-content\/uploads\/2026\/04\/magnific_um-homem-brasileiro-de-me_2892220611.jpg","keywords":["cheiro forte","higiene","mau cheiro","sa\u00fade"],"articleSection":["Sa\u00fade"],"inLanguage":"pt-BR","potentialAction":[{"@type":"CommentAction","name":"Comment","target":["https:\/\/www.tuasaude.com\/news\/2026\/04\/30\/conheca-5-locais-no-corpo-de-onde-vem-o-cheiro-mais-forte-nao-as-axilas-ou-areas-escondidas\/#respond"]}]},{"@type":"WebPage","@id":"https:\/\/www.tuasaude.com\/news\/2026\/04\/30\/conheca-5-locais-no-corpo-de-onde-vem-o-cheiro-mais-forte-nao-as-axilas-ou-areas-escondidas\/","url":"https:\/\/www.tuasaude.com\/news\/2026\/04\/30\/conheca-5-locais-no-corpo-de-onde-vem-o-cheiro-mais-forte-nao-as-axilas-ou-areas-escondidas\/","name":"Conhe\u00e7a 5 locais no corpo de onde vem o \"cheiro mais forte\", n\u00e3o as axilas ou \u00e1reas escondidas - Tua Sa\u00fade","isPartOf":{"@id":"https:\/\/www.tuasaude.com\/news\/#website"},"primaryImageOfPage":{"@id":"https:\/\/www.tuasaude.com\/news\/2026\/04\/30\/conheca-5-locais-no-corpo-de-onde-vem-o-cheiro-mais-forte-nao-as-axilas-ou-areas-escondidas\/#primaryimage"},"image":{"@id":"https:\/\/www.tuasaude.com\/news\/2026\/04\/30\/conheca-5-locais-no-corpo-de-onde-vem-o-cheiro-mais-forte-nao-as-axilas-ou-areas-escondidas\/#primaryimage"},"thumbnailUrl":"https:\/\/www.tuasaude.com\/news\/wp-content\/uploads\/2026\/04\/magnific_um-homem-brasileiro-de-me_2892220611.jpg","datePublished":"2026-04-30T03:40:00+00:00","author":{"@id":"https:\/\/www.tuasaude.com\/news\/#\/schema\/person\/2e9df841be69ec84f5d20ddb8d273ac2"},"description":"Cheiro corporal intenso nem sempre vem das axilas. Veja quais partes do corpo concentram o odor e o que explica o aumento com a idade.","breadcrumb":{"@id":"https:\/\/www.tuasaude.com\/news\/2026\/04\/30\/conheca-5-locais-no-corpo-de-onde-vem-o-cheiro-mais-forte-nao-as-axilas-ou-areas-escondidas\/#breadcrumb"},"inLanguage":"pt-BR","potentialAction":[{"@type":"ReadAction","target":["https:\/\/www.tuasaude.com\/news\/2026\/04\/30\/conheca-5-locais-no-corpo-de-onde-vem-o-cheiro-mais-forte-nao-as-axilas-ou-areas-escondidas\/"]}]},{"@type":"ImageObject","inLanguage":"pt-BR","@id":"https:\/\/www.tuasaude.com\/news\/2026\/04\/30\/conheca-5-locais-no-corpo-de-onde-vem-o-cheiro-mais-forte-nao-as-axilas-ou-areas-escondidas\/#primaryimage","url":"https:\/\/www.tuasaude.com\/news\/wp-content\/uploads\/2026\/04\/magnific_um-homem-brasileiro-de-me_2892220611.jpg","contentUrl":"https:\/\/www.tuasaude.com\/news\/wp-content\/uploads\/2026\/04\/magnific_um-homem-brasileiro-de-me_2892220611.jpg","width":1280,"height":714,"caption":"O cheiro corporal pode mudar com o envelhecimento."},{"@type":"BreadcrumbList","@id":"https:\/\/www.tuasaude.com\/news\/2026\/04\/30\/conheca-5-locais-no-corpo-de-onde-vem-o-cheiro-mais-forte-nao-as-axilas-ou-areas-escondidas\/#breadcrumb","itemListElement":[{"@type":"ListItem","position":1,"name":"In\u00edcio","item":"https:\/\/www.tuasaude.com\/news\/"},{"@type":"ListItem","position":2,"name":"Conhe\u00e7a 5 locais no corpo de onde vem o &#8220;cheiro mais forte&#8221;, n\u00e3o as axilas ou \u00e1reas escondidas"}]},{"@type":"WebSite","@id":"https:\/\/www.tuasaude.com\/news\/#website","url":"https:\/\/www.tuasaude.com\/news\/","name":"Tua Sa\u00fade","description":"Seu site de sa\u00fade","potentialAction":[{"@type":"SearchAction","target":{"@type":"EntryPoint","urlTemplate":"https:\/\/www.tuasaude.com\/news\/?s={search_term_string}"},"query-input":{"@type":"PropertyValueSpecification","valueRequired":true,"valueName":"search_term_string"}}],"inLanguage":"pt-BR"},{"@type":"Person","@id":"https:\/\/www.tuasaude.com\/news\/#\/schema\/person\/2e9df841be69ec84f5d20ddb8d273ac2","name":"Gessika Julia Carvalho","image":{"@type":"ImageObject","inLanguage":"pt-BR","@id":"https:\/\/www.tuasaude.com\/news\/#\/schema\/person\/image\/","url":"https:\/\/secure.gravatar.com\/avatar\/0fcc8769024577fd0bc6a8b766055690f76a8e8f29dfb2a2f89cf04db8d0f2d2?s=96&d=mm&r=g","contentUrl":"https:\/\/secure.gravatar.com\/avatar\/0fcc8769024577fd0bc6a8b766055690f76a8e8f29dfb2a2f89cf04db8d0f2d2?s=96&d=mm&r=g","caption":"Gessika Julia Carvalho"},"sameAs":["https:\/\/www.tuasaude.com\/news\/"],"url":"https:\/\/www.tuasaude.com\/news\/author\/gessika-julia\/"}]}},"_links":{"self":[{"href":"https:\/\/www.tuasaude.com\/news\/wp-json\/wp\/v2\/posts\/30143","targetHints":{"allow":["GET"]}}],"collection":[{"href":"https:\/\/www.tuasaude.com\/news\/wp-json\/wp\/v2\/posts"}],"about":[{"href":"https:\/\/www.tuasaude.com\/news\/wp-json\/wp\/v2\/types\/post"}],"author":[{"embeddable":true,"href":"https:\/\/www.tuasaude.com\/news\/wp-json\/wp\/v2\/users\/11"}],"replies":[{"embeddable":true,"href":"https:\/\/www.tuasaude.com\/news\/wp-json\/wp\/v2\/comments?post=30143"}],"version-history":[{"count":2,"href":"https:\/\/www.tuasaude.com\/news\/wp-json\/wp\/v2\/posts\/30143\/revisions"}],"predecessor-version":[{"id":30633,"href":"https:\/\/www.tuasaude.com\/news\/wp-json\/wp\/v2\/posts\/30143\/revisions\/30633"}],"wp:featuredmedia":[{"embeddable":true,"href":"https:\/\/www.tuasaude.com\/news\/wp-json\/wp\/v2\/media\/30579"}],"wp:attachment":[{"href":"https:\/\/www.tuasaude.com\/news\/wp-json\/wp\/v2\/media?parent=30143"}],"wp:term":[{"taxonomy":"category","embeddable":true,"href":"https:\/\/www.tuasaude.com\/news\/wp-json\/wp\/v2\/categories?post=30143"},{"taxonomy":"post_tag","embeddable":true,"href":"https:\/\/www.tuasaude.com\/news\/wp-json\/wp\/v2\/tags?post=30143"}],"curies":[{"name":"wp","href":"https:\/\/api.w.org\/{rel}","templated":true}]}}