{"id":30079,"date":"2026-04-29T19:05:00","date_gmt":"2026-04-29T22:05:00","guid":{"rendered":"https:\/\/www.tuasaude.com\/news\/?p=30079"},"modified":"2026-04-28T17:58:04","modified_gmt":"2026-04-28T20:58:04","slug":"l-teanina-e-cafe-qual-a-proporcao-diaria-recomendada-para-manter-o-estado-de-alerta-funcionando-sem-causar-ansiedade","status":"publish","type":"post","link":"https:\/\/www.tuasaude.com\/news\/2026\/04\/29\/l-teanina-e-cafe-qual-a-proporcao-diaria-recomendada-para-manter-o-estado-de-alerta-funcionando-sem-causar-ansiedade\/","title":{"rendered":"L-Teanina e caf\u00e9 qual a propor\u00e7\u00e3o di\u00e1ria recomendada para manter o estado de alerta funcionando sem causar ansiedade"},"content":{"rendered":"\n<p>A combina\u00e7\u00e3o de L-teanina e caf\u00e9 pode ajudar a manter o estado de alerta com menos sensa\u00e7\u00e3o de agita\u00e7\u00e3o, porque une o efeito estimulante da cafe\u00edna com a a\u00e7\u00e3o relaxante, mas n\u00e3o sedativa, da L-teanina. A propor\u00e7\u00e3o mais usada em estudos fica perto de <strong>2 partes de L-teanina para 1 parte de cafe\u00edna<\/strong>, ajustando conforme a sensibilidade individual.<\/p>\n\n\n\n<h2 class=\"wp-block-heading\">Como a L-teanina equilibra o caf\u00e9<\/h2>\n\n\n\n<p>A cafe\u00edna aumenta o alerta ao bloquear a adenosina, subst\u00e2ncia associada \u00e0 sonol\u00eancia. Em pessoas sens\u00edveis, esse est\u00edmulo pode causar <strong>ansiedade, tremores, palpita\u00e7\u00f5es e irritabilidade<\/strong>.<\/p>\n\n\n\n<p>A L-teanina, amino\u00e1cido encontrado no ch\u00e1 verde, parece favorecer um estado de calma e foco. Quando combinada ao caf\u00e9, pode suavizar a resposta estimulante da cafe\u00edna sem necessariamente reduzir a aten\u00e7\u00e3o.<\/p>\n\n\n\n<h2 class=\"wp-block-heading\">Qual propor\u00e7\u00e3o costuma ser usada<\/h2>\n\n\n\n<p>N\u00e3o existe uma dose oficial universal, mas a propor\u00e7\u00e3o mais citada para foco com menor ansiedade \u00e9 de cerca de 2:1, ou seja, o dobro de L-teanina em rela\u00e7\u00e3o \u00e0 cafe\u00edna.<\/p>\n\n\n\n<ul class=\"wp-block-list\">\n<li>Para 1 caf\u00e9 com cerca de 80 a 100 mg de cafe\u00edna, usa-se geralmente <strong>160 a 200 mg de L-teanina<\/strong>.<\/li>\n\n\n\n<li>Para pessoas sens\u00edveis, pode ser melhor come\u00e7ar com 50 mg de cafe\u00edna e 100 mg de L-teanina.<\/li>\n\n\n\n<li>Evite ultrapassar 400 mg de cafe\u00edna ao dia, limite geralmente usado como refer\u00eancia para adultos saud\u00e1veis.<\/li>\n\n\n\n<li>Prefira consumir pela manh\u00e3 ou in\u00edcio da tarde para n\u00e3o prejudicar o sono.<\/li>\n<\/ul>\n\n\n<div class=\"wp-block-image\">\n<figure class=\"aligncenter size-large\"><img decoding=\"async\" width=\"1024\" height=\"576\" src=\"https:\/\/www.tuasaude.com\/news\/wp-content\/uploads\/2026\/04\/ChatGPT-Image-28-de-abr.-de-2026-17_36_21-1024x576.jpg\" alt=\"Ajustar a dose de cafe\u00edna e L-teanina ajuda a manter foco sem exagerar no est\u00edmulo.\" class=\"wp-image-30081\" srcset=\"https:\/\/www.tuasaude.com\/news\/wp-content\/uploads\/2026\/04\/ChatGPT-Image-28-de-abr.-de-2026-17_36_21-1024x576.jpg 1024w, https:\/\/www.tuasaude.com\/news\/wp-content\/uploads\/2026\/04\/ChatGPT-Image-28-de-abr.-de-2026-17_36_21-300x169.jpg 300w, https:\/\/www.tuasaude.com\/news\/wp-content\/uploads\/2026\/04\/ChatGPT-Image-28-de-abr.-de-2026-17_36_21-768x432.jpg 768w, https:\/\/www.tuasaude.com\/news\/wp-content\/uploads\/2026\/04\/ChatGPT-Image-28-de-abr.-de-2026-17_36_21-750x422.jpg 750w, https:\/\/www.tuasaude.com\/news\/wp-content\/uploads\/2026\/04\/ChatGPT-Image-28-de-abr.-de-2026-17_36_21-1140x641.jpg 1140w, https:\/\/www.tuasaude.com\/news\/wp-content\/uploads\/2026\/04\/ChatGPT-Image-28-de-abr.-de-2026-17_36_21.jpg 1280w\" sizes=\"(max-width: 1024px) 100vw, 1024px\" \/><figcaption class=\"wp-element-caption\">Ajustar a dose de cafe\u00edna e L-teanina ajuda a manter foco sem exagerar no est\u00edmulo.<\/figcaption><\/figure>\n<\/div>\n\n\n<h2 class=\"wp-block-heading\">Estudo cient\u00edfico sobre aten\u00e7\u00e3o e ansiedade<\/h2>\n\n\n\n<p>Segundo o estudo randomizado <a href=\"https:\/\/pubmed.ncbi.nlm.nih.gov\/21040626\/\" target=\"_blank\" rel=\"noreferrer noopener\"><strong>\u201cThe combination of L-theanine and caffeine improves cognitive performance and increases subjective alertness\u201d<\/strong><\/a>, publicado na <em>Nutritional Neuroscience<\/em>, a combina\u00e7\u00e3o de 97 mg de L-teanina com 40 mg de cafe\u00edna ajudou a melhorar foco e desempenho em tarefas cognitivas exigentes.<\/p>\n\n\n\n<p>Outro estudo cl\u00ednico, <a href=\"https:\/\/pubmed.ncbi.nlm.nih.gov\/18681988\/\" target=\"_blank\" rel=\"noreferrer noopener\"><strong>\u201cThe combined effects of L-theanine and caffeine on cognitive performance and mood\u201d<\/strong><\/a>, publicado na <em>Nutritional Neuroscience<\/em>, avaliou 100 mg de L-teanina com 50 mg de cafe\u00edna e observou melhora em aten\u00e7\u00e3o, tempo de rea\u00e7\u00e3o e estado de alerta. Esses dados apoiam o uso da propor\u00e7\u00e3o pr\u00f3xima de 2:1.<\/p>\n\n\n\n<h2 class=\"wp-block-heading\">Sinais de que a dose est\u00e1 alta<\/h2>\n\n\n\n<p>Mesmo com L-teanina, o excesso de caf\u00e9 pode continuar causando sintomas desagrad\u00e1veis. A resposta depende de peso, gen\u00e9tica, sono, estresse, medicamentos e toler\u00e2ncia \u00e0 cafe\u00edna.<\/p>\n\n\n\n<ul class=\"wp-block-list\">\n<li><strong>Ansiedade<\/strong>, inquieta\u00e7\u00e3o ou sensa\u00e7\u00e3o de acelera\u00e7\u00e3o mental.<\/li>\n\n\n\n<li>Palpita\u00e7\u00f5es, tremores, suor frio ou desconforto no peito.<\/li>\n\n\n\n<li>Dor de est\u00f4mago, refluxo ou n\u00e1usea ap\u00f3s o caf\u00e9.<\/li>\n\n\n\n<li>Irritabilidade, queda de energia ou dor de cabe\u00e7a no fim do dia.<\/li>\n\n\n\n<li>Dificuldade para dormir, mesmo consumindo caf\u00e9 apenas \u00e0 tarde.<\/li>\n<\/ul>\n\n\n<div class=\"wp-block-image\">\n<figure class=\"aligncenter size-large\"><img decoding=\"async\" width=\"1024\" height=\"422\" src=\"https:\/\/www.tuasaude.com\/news\/wp-content\/uploads\/2026\/04\/convertido-417-1024x422.jpg\" alt=\"L-Teanina Com Caf\u00e9: Propor\u00e7\u00e3o Para Foco Sem Ansiedade\" class=\"wp-image-30080\" srcset=\"https:\/\/www.tuasaude.com\/news\/wp-content\/uploads\/2026\/04\/convertido-417-1024x422.jpg 1024w, https:\/\/www.tuasaude.com\/news\/wp-content\/uploads\/2026\/04\/convertido-417-300x124.jpg 300w, https:\/\/www.tuasaude.com\/news\/wp-content\/uploads\/2026\/04\/convertido-417-768x316.jpg 768w, https:\/\/www.tuasaude.com\/news\/wp-content\/uploads\/2026\/04\/convertido-417-750x309.jpg 750w, https:\/\/www.tuasaude.com\/news\/wp-content\/uploads\/2026\/04\/convertido-417-1140x469.jpg 1140w, https:\/\/www.tuasaude.com\/news\/wp-content\/uploads\/2026\/04\/convertido-417.jpg 1280w\" sizes=\"(max-width: 1024px) 100vw, 1024px\" \/><figcaption class=\"wp-element-caption\">L-Teanina Com Caf\u00e9: Propor\u00e7\u00e3o Para Foco Sem Ansiedade<\/figcaption><\/figure>\n<\/div>\n\n\n<h2 class=\"wp-block-heading\">Como usar com mais seguran\u00e7a<\/h2>\n\n\n\n<p>Para testar a combina\u00e7\u00e3o, comece com uma dose baixa e observe foco, ansiedade e sono por alguns dias. Evite misturar com energ\u00e9ticos, pr\u00e9-treinos ou grandes quantidades de ch\u00e1, pois todos podem aumentar a carga total de cafe\u00edna.<\/p>\n\n\n\n<p>Pessoas com ansiedade intensa, arritmia, hipertens\u00e3o n\u00e3o controlada, gastrite, refluxo, ins\u00f4nia, gestantes, lactantes ou quem usa estimulantes e antidepressivos devem buscar orienta\u00e7\u00e3o antes de suplementar. Veja tamb\u00e9m cuidados sobre o consumo de <a href=\"https:\/\/www.tuasaude.com\/cafeina\/\" target=\"_blank\" rel=\"noreferrer noopener\">cafe\u00edna<\/a> no dia a dia.<\/p>\n\n\n\n<p><em>Este conte\u00fado \u00e9 apenas informativo e n\u00e3o substitui a avalia\u00e7\u00e3o de um m\u00e9dico, nutricionista ou outro profissional de sa\u00fade.<\/em><\/p>\n","protected":false},"excerpt":{"rendered":"<p>A combina\u00e7\u00e3o de L-teanina e caf\u00e9 pode ajudar a manter o estado de alerta com menos sensa\u00e7\u00e3o de agita\u00e7\u00e3o, porque une o efeito estimulante da cafe\u00edna com a a\u00e7\u00e3o relaxante, mas n\u00e3o sedativa, da L-teanina. A propor\u00e7\u00e3o mais usada em estudos fica perto de 2 partes de L-teanina para 1 parte de cafe\u00edna, ajustando conforme [&hellip;]<\/p>\n","protected":false},"author":12,"featured_media":30113,"comment_status":"open","ping_status":"open","sticky":false,"template":"","format":"standard","meta":{"_yoast_wpseo_focuskw":"L-teanina e caf\u00e9","_yoast_wpseo_title":"","_yoast_wpseo_metadesc":"L-teanina e caf\u00e9 podem melhorar alerta com menos ansiedade. Veja propor\u00e7\u00e3o di\u00e1ria, estudos, sinais de excesso e cuidados no uso.","jnews-multi-image_gallery":[],"jnews_single_post":{"format":"standard"},"jnews_primary_category":[],"jnews_social_meta":[],"jnews_override_counter":[],"footnotes":""},"categories":[111],"tags":[140,869,1180],"class_list":["post-30079","post","type-post","status-publish","format-standard","has-post-thumbnail","hentry","category-saude","tag-ansiedade","tag-cafeina","tag-foco-mental"],"yoast_head":"<!-- This site is optimized with the Yoast SEO plugin v26.7 - https:\/\/yoast.com\/wordpress\/plugins\/seo\/ -->\n<title>L-Teanina e caf\u00e9 qual a propor\u00e7\u00e3o di\u00e1ria recomendada para manter o estado de alerta funcionando sem causar ansiedade - Tua Sa\u00fade<\/title>\n<meta name=\"description\" content=\"L-teanina e caf\u00e9 podem melhorar alerta com menos ansiedade. Veja propor\u00e7\u00e3o di\u00e1ria, estudos, sinais de excesso e cuidados no uso.\" \/>\n<meta name=\"robots\" content=\"index, follow, max-snippet:-1, max-image-preview:large, max-video-preview:-1\" \/>\n<link rel=\"canonical\" href=\"https:\/\/www.tuasaude.com\/news\/2026\/04\/29\/l-teanina-e-cafe-qual-a-proporcao-diaria-recomendada-para-manter-o-estado-de-alerta-funcionando-sem-causar-ansiedade\/\" \/>\n<meta property=\"og:locale\" content=\"pt_BR\" \/>\n<meta property=\"og:type\" content=\"article\" \/>\n<meta property=\"og:title\" content=\"L-Teanina e caf\u00e9 qual a propor\u00e7\u00e3o di\u00e1ria recomendada para manter o estado de alerta funcionando sem causar ansiedade - Tua Sa\u00fade\" \/>\n<meta property=\"og:description\" content=\"L-teanina e caf\u00e9 podem melhorar alerta com menos ansiedade. Veja propor\u00e7\u00e3o di\u00e1ria, estudos, sinais de excesso e cuidados no uso.\" \/>\n<meta property=\"og:url\" content=\"https:\/\/www.tuasaude.com\/news\/2026\/04\/29\/l-teanina-e-cafe-qual-a-proporcao-diaria-recomendada-para-manter-o-estado-de-alerta-funcionando-sem-causar-ansiedade\/\" \/>\n<meta property=\"og:site_name\" content=\"Tua Sa\u00fade\" \/>\n<meta property=\"article:published_time\" content=\"2026-04-29T22:05:00+00:00\" \/>\n<meta property=\"og:image\" content=\"https:\/\/www.tuasaude.com\/news\/wp-content\/uploads\/2026\/04\/cerebro_esverdeado.jpg\" \/>\n\t<meta property=\"og:image:width\" content=\"1280\" \/>\n\t<meta property=\"og:image:height\" content=\"714\" \/>\n\t<meta property=\"og:image:type\" content=\"image\/jpeg\" \/>\n<meta name=\"author\" content=\"Jeferson Henrique\" \/>\n<meta name=\"twitter:card\" content=\"summary_large_image\" \/>\n<meta name=\"twitter:label1\" content=\"Escrito por\" \/>\n\t<meta name=\"twitter:data1\" content=\"Jeferson Henrique\" \/>\n\t<meta name=\"twitter:label2\" content=\"Est. tempo de leitura\" \/>\n\t<meta name=\"twitter:data2\" content=\"4 minutos\" \/>\n<!-- \/ Yoast SEO plugin. -->","yoast_head_json":{"title":"L-Teanina e caf\u00e9 qual a propor\u00e7\u00e3o di\u00e1ria recomendada para manter o estado de alerta funcionando sem causar ansiedade - Tua Sa\u00fade","description":"L-teanina e caf\u00e9 podem melhorar alerta com menos ansiedade. Veja propor\u00e7\u00e3o di\u00e1ria, estudos, sinais de excesso e cuidados no uso.","robots":{"index":"index","follow":"follow","max-snippet":"max-snippet:-1","max-image-preview":"max-image-preview:large","max-video-preview":"max-video-preview:-1"},"canonical":"https:\/\/www.tuasaude.com\/news\/2026\/04\/29\/l-teanina-e-cafe-qual-a-proporcao-diaria-recomendada-para-manter-o-estado-de-alerta-funcionando-sem-causar-ansiedade\/","og_locale":"pt_BR","og_type":"article","og_title":"L-Teanina e caf\u00e9 qual a propor\u00e7\u00e3o di\u00e1ria recomendada para manter o estado de alerta funcionando sem causar ansiedade - Tua Sa\u00fade","og_description":"L-teanina e caf\u00e9 podem melhorar alerta com menos ansiedade. Veja propor\u00e7\u00e3o di\u00e1ria, estudos, sinais de excesso e cuidados no uso.","og_url":"https:\/\/www.tuasaude.com\/news\/2026\/04\/29\/l-teanina-e-cafe-qual-a-proporcao-diaria-recomendada-para-manter-o-estado-de-alerta-funcionando-sem-causar-ansiedade\/","og_site_name":"Tua Sa\u00fade","article_published_time":"2026-04-29T22:05:00+00:00","og_image":[{"width":1280,"height":714,"url":"https:\/\/www.tuasaude.com\/news\/wp-content\/uploads\/2026\/04\/cerebro_esverdeado.jpg","type":"image\/jpeg"}],"author":"Jeferson Henrique","twitter_card":"summary_large_image","twitter_misc":{"Escrito por":"Jeferson Henrique","Est. tempo de leitura":"4 minutos"},"schema":{"@context":"https:\/\/schema.org","@graph":[{"@type":"Article","@id":"https:\/\/www.tuasaude.com\/news\/2026\/04\/29\/l-teanina-e-cafe-qual-a-proporcao-diaria-recomendada-para-manter-o-estado-de-alerta-funcionando-sem-causar-ansiedade\/#article","isPartOf":{"@id":"https:\/\/www.tuasaude.com\/news\/2026\/04\/29\/l-teanina-e-cafe-qual-a-proporcao-diaria-recomendada-para-manter-o-estado-de-alerta-funcionando-sem-causar-ansiedade\/"},"author":{"name":"Jeferson Henrique","@id":"https:\/\/www.tuasaude.com\/news\/#\/schema\/person\/963d63d4e1f0c81f5f3a70ba4bcb0ef7"},"headline":"L-Teanina e caf\u00e9 qual a propor\u00e7\u00e3o di\u00e1ria recomendada para manter o estado de alerta funcionando sem causar ansiedade","datePublished":"2026-04-29T22:05:00+00:00","mainEntityOfPage":{"@id":"https:\/\/www.tuasaude.com\/news\/2026\/04\/29\/l-teanina-e-cafe-qual-a-proporcao-diaria-recomendada-para-manter-o-estado-de-alerta-funcionando-sem-causar-ansiedade\/"},"wordCount":590,"commentCount":0,"image":{"@id":"https:\/\/www.tuasaude.com\/news\/2026\/04\/29\/l-teanina-e-cafe-qual-a-proporcao-diaria-recomendada-para-manter-o-estado-de-alerta-funcionando-sem-causar-ansiedade\/#primaryimage"},"thumbnailUrl":"https:\/\/www.tuasaude.com\/news\/wp-content\/uploads\/2026\/04\/cerebro_esverdeado.jpg","keywords":["ansiedade","cafe\u00edna","foco mental"],"articleSection":["Sa\u00fade"],"inLanguage":"pt-BR","potentialAction":[{"@type":"CommentAction","name":"Comment","target":["https:\/\/www.tuasaude.com\/news\/2026\/04\/29\/l-teanina-e-cafe-qual-a-proporcao-diaria-recomendada-para-manter-o-estado-de-alerta-funcionando-sem-causar-ansiedade\/#respond"]}]},{"@type":"WebPage","@id":"https:\/\/www.tuasaude.com\/news\/2026\/04\/29\/l-teanina-e-cafe-qual-a-proporcao-diaria-recomendada-para-manter-o-estado-de-alerta-funcionando-sem-causar-ansiedade\/","url":"https:\/\/www.tuasaude.com\/news\/2026\/04\/29\/l-teanina-e-cafe-qual-a-proporcao-diaria-recomendada-para-manter-o-estado-de-alerta-funcionando-sem-causar-ansiedade\/","name":"L-Teanina e caf\u00e9 qual a propor\u00e7\u00e3o di\u00e1ria recomendada para manter o estado de alerta funcionando sem causar ansiedade - Tua Sa\u00fade","isPartOf":{"@id":"https:\/\/www.tuasaude.com\/news\/#website"},"primaryImageOfPage":{"@id":"https:\/\/www.tuasaude.com\/news\/2026\/04\/29\/l-teanina-e-cafe-qual-a-proporcao-diaria-recomendada-para-manter-o-estado-de-alerta-funcionando-sem-causar-ansiedade\/#primaryimage"},"image":{"@id":"https:\/\/www.tuasaude.com\/news\/2026\/04\/29\/l-teanina-e-cafe-qual-a-proporcao-diaria-recomendada-para-manter-o-estado-de-alerta-funcionando-sem-causar-ansiedade\/#primaryimage"},"thumbnailUrl":"https:\/\/www.tuasaude.com\/news\/wp-content\/uploads\/2026\/04\/cerebro_esverdeado.jpg","datePublished":"2026-04-29T22:05:00+00:00","author":{"@id":"https:\/\/www.tuasaude.com\/news\/#\/schema\/person\/963d63d4e1f0c81f5f3a70ba4bcb0ef7"},"description":"L-teanina e caf\u00e9 podem melhorar alerta com menos ansiedade. Veja propor\u00e7\u00e3o di\u00e1ria, estudos, sinais de excesso e cuidados no uso.","breadcrumb":{"@id":"https:\/\/www.tuasaude.com\/news\/2026\/04\/29\/l-teanina-e-cafe-qual-a-proporcao-diaria-recomendada-para-manter-o-estado-de-alerta-funcionando-sem-causar-ansiedade\/#breadcrumb"},"inLanguage":"pt-BR","potentialAction":[{"@type":"ReadAction","target":["https:\/\/www.tuasaude.com\/news\/2026\/04\/29\/l-teanina-e-cafe-qual-a-proporcao-diaria-recomendada-para-manter-o-estado-de-alerta-funcionando-sem-causar-ansiedade\/"]}]},{"@type":"ImageObject","inLanguage":"pt-BR","@id":"https:\/\/www.tuasaude.com\/news\/2026\/04\/29\/l-teanina-e-cafe-qual-a-proporcao-diaria-recomendada-para-manter-o-estado-de-alerta-funcionando-sem-causar-ansiedade\/#primaryimage","url":"https:\/\/www.tuasaude.com\/news\/wp-content\/uploads\/2026\/04\/cerebro_esverdeado.jpg","contentUrl":"https:\/\/www.tuasaude.com\/news\/wp-content\/uploads\/2026\/04\/cerebro_esverdeado.jpg","width":1280,"height":714,"caption":"A combina\u00e7\u00e3o certa ajuda a manter energia sem agita\u00e7\u00e3o."},{"@type":"BreadcrumbList","@id":"https:\/\/www.tuasaude.com\/news\/2026\/04\/29\/l-teanina-e-cafe-qual-a-proporcao-diaria-recomendada-para-manter-o-estado-de-alerta-funcionando-sem-causar-ansiedade\/#breadcrumb","itemListElement":[{"@type":"ListItem","position":1,"name":"In\u00edcio","item":"https:\/\/www.tuasaude.com\/news\/"},{"@type":"ListItem","position":2,"name":"L-Teanina e caf\u00e9 qual a propor\u00e7\u00e3o di\u00e1ria recomendada para manter o estado de alerta funcionando sem causar ansiedade"}]},{"@type":"WebSite","@id":"https:\/\/www.tuasaude.com\/news\/#website","url":"https:\/\/www.tuasaude.com\/news\/","name":"Tua Sa\u00fade","description":"Seu site de sa\u00fade","potentialAction":[{"@type":"SearchAction","target":{"@type":"EntryPoint","urlTemplate":"https:\/\/www.tuasaude.com\/news\/?s={search_term_string}"},"query-input":{"@type":"PropertyValueSpecification","valueRequired":true,"valueName":"search_term_string"}}],"inLanguage":"pt-BR"},{"@type":"Person","@id":"https:\/\/www.tuasaude.com\/news\/#\/schema\/person\/963d63d4e1f0c81f5f3a70ba4bcb0ef7","name":"Jeferson Henrique","image":{"@type":"ImageObject","inLanguage":"pt-BR","@id":"https:\/\/www.tuasaude.com\/news\/#\/schema\/person\/image\/","url":"https:\/\/secure.gravatar.com\/avatar\/1a476a54a48eb3cdea5dd2f016708263892c6b9f5e54b641df7c65e980fd6f69?s=96&d=mm&r=g","contentUrl":"https:\/\/secure.gravatar.com\/avatar\/1a476a54a48eb3cdea5dd2f016708263892c6b9f5e54b641df7c65e980fd6f69?s=96&d=mm&r=g","caption":"Jeferson Henrique"},"sameAs":["https:\/\/www.tuasaude.com\/news\/"],"url":"https:\/\/www.tuasaude.com\/news\/author\/jeferson-henrique\/"}]}},"_links":{"self":[{"href":"https:\/\/www.tuasaude.com\/news\/wp-json\/wp\/v2\/posts\/30079","targetHints":{"allow":["GET"]}}],"collection":[{"href":"https:\/\/www.tuasaude.com\/news\/wp-json\/wp\/v2\/posts"}],"about":[{"href":"https:\/\/www.tuasaude.com\/news\/wp-json\/wp\/v2\/types\/post"}],"author":[{"embeddable":true,"href":"https:\/\/www.tuasaude.com\/news\/wp-json\/wp\/v2\/users\/12"}],"replies":[{"embeddable":true,"href":"https:\/\/www.tuasaude.com\/news\/wp-json\/wp\/v2\/comments?post=30079"}],"version-history":[{"count":1,"href":"https:\/\/www.tuasaude.com\/news\/wp-json\/wp\/v2\/posts\/30079\/revisions"}],"predecessor-version":[{"id":30082,"href":"https:\/\/www.tuasaude.com\/news\/wp-json\/wp\/v2\/posts\/30079\/revisions\/30082"}],"wp:featuredmedia":[{"embeddable":true,"href":"https:\/\/www.tuasaude.com\/news\/wp-json\/wp\/v2\/media\/30113"}],"wp:attachment":[{"href":"https:\/\/www.tuasaude.com\/news\/wp-json\/wp\/v2\/media?parent=30079"}],"wp:term":[{"taxonomy":"category","embeddable":true,"href":"https:\/\/www.tuasaude.com\/news\/wp-json\/wp\/v2\/categories?post=30079"},{"taxonomy":"post_tag","embeddable":true,"href":"https:\/\/www.tuasaude.com\/news\/wp-json\/wp\/v2\/tags?post=30079"}],"curies":[{"name":"wp","href":"https:\/\/api.w.org\/{rel}","templated":true}]}}