{"id":29940,"date":"2026-04-29T06:20:00","date_gmt":"2026-04-29T09:20:00","guid":{"rendered":"https:\/\/www.tuasaude.com\/news\/?p=29940"},"modified":"2026-04-28T17:58:10","modified_gmt":"2026-04-28T20:58:10","slug":"qual-e-o-suplemento-essencial-para-combater-a-nevoa-mental-e-melhorar-o-foco-segundo-especialistas-em-neurologia","status":"publish","type":"post","link":"https:\/\/www.tuasaude.com\/news\/2026\/04\/29\/qual-e-o-suplemento-essencial-para-combater-a-nevoa-mental-e-melhorar-o-foco-segundo-especialistas-em-neurologia\/","title":{"rendered":"Qual \u00e9 o suplemento essencial para combater a n\u00e9voa mental e melhorar o foco segundo especialistas em neurologia"},"content":{"rendered":"\n<p>A <strong>creatina<\/strong> tem ganhado aten\u00e7\u00e3o al\u00e9m das academias por seu poss\u00edvel papel no suporte \u00e0 energia cerebral, foco e mem\u00f3ria. Embora n\u00e3o seja uma \u201ccura\u201d para a n\u00e9voa mental, pesquisas em neurologia e nutri\u00e7\u00e3o sugerem que esse suplemento pode ajudar o c\u00e9rebro em situa\u00e7\u00f5es de <strong>maior demanda<\/strong>, como cansa\u00e7o, envelhecimento, priva\u00e7\u00e3o de sono ou esfor\u00e7o mental intenso.<\/p>\n\n\n\n<h2 class=\"wp-block-heading\">Por que a creatina ajuda o c\u00e9rebro<\/h2>\n\n\n\n<p>A creatina participa da produ\u00e7\u00e3o r\u00e1pida de energia nas c\u00e9lulas, incluindo os neur\u00f4nios. No c\u00e9rebro, essa energia \u00e9 importante para <strong>manter aten\u00e7\u00e3o<\/strong>, velocidade de racioc\u00ednio e mem\u00f3ria de trabalho, especialmente quando h\u00e1 fadiga mental.<\/p>\n\n\n\n<p>Segundo a <a href=\"https:\/\/www.mayoclinic.org\/drugs-supplements-creatine\/art-20347591\" target=\"_blank\" rel=\"noreferrer noopener\">Mayo Clinic<\/a>, pesquisas iniciais indicam que a creatina pode <strong>melhorar mem\u00f3ria e habilidades de pensamento<\/strong>, principalmente em adultos mais velhos, embora ainda sejam necess\u00e1rios mais estudos.<\/p>\n\n\n\n<h2 class=\"wp-block-heading\">O que a ci\u00eancia j\u00e1 mostrou<\/h2>\n\n\n\n<p>Um dos motivos para a creatina ser estudada na sa\u00fade cerebral \u00e9 sua liga\u00e7\u00e3o com o metabolismo energ\u00e9tico. Antes de falar em suplementa\u00e7\u00e3o, vale lembrar que fatores como sono ruim, anemia, estresse, desidrata\u00e7\u00e3o e defici\u00eancia de vitaminas tamb\u00e9m podem causar <a href=\"https:\/\/www.tuasaude.com\/nevoa-mental\/\">n\u00e9voa mental<\/a>.<\/p>\n\n\n\n<p>Segundo o estudo <a href=\"https:\/\/pubmed.ncbi.nlm.nih.gov\/39070254\/\" target=\"_blank\" rel=\"noreferrer noopener\"><em>The effects of creatine supplementation on cognitive function in adults: a systematic review and meta-analysis<\/em><\/a>, publicado na <em>Frontiers in Nutrition<\/em>, a suplementa\u00e7\u00e3o de creatina monohidratada pode trazer efeitos ben\u00e9ficos modestos para a fun\u00e7\u00e3o cognitiva em adultos, especialmente em mem\u00f3ria e velocidade de processamento.<\/p>\n\n\n<div class=\"wp-block-image\">\n<figure class=\"aligncenter size-large\"><img decoding=\"async\" width=\"1024\" height=\"576\" src=\"https:\/\/www.tuasaude.com\/news\/wp-content\/uploads\/2026\/04\/ChatGPT-Image-28-de-abr.-de-2026-15_06_02-1024x576.jpg\" alt=\"Uso simples da creatina com hidrata\u00e7\u00e3o refor\u00e7a uma abordagem segura para apoiar o desempenho mental.\" class=\"wp-image-29942\" srcset=\"https:\/\/www.tuasaude.com\/news\/wp-content\/uploads\/2026\/04\/ChatGPT-Image-28-de-abr.-de-2026-15_06_02-1024x576.jpg 1024w, https:\/\/www.tuasaude.com\/news\/wp-content\/uploads\/2026\/04\/ChatGPT-Image-28-de-abr.-de-2026-15_06_02-300x169.jpg 300w, https:\/\/www.tuasaude.com\/news\/wp-content\/uploads\/2026\/04\/ChatGPT-Image-28-de-abr.-de-2026-15_06_02-768x432.jpg 768w, https:\/\/www.tuasaude.com\/news\/wp-content\/uploads\/2026\/04\/ChatGPT-Image-28-de-abr.-de-2026-15_06_02-750x422.jpg 750w, https:\/\/www.tuasaude.com\/news\/wp-content\/uploads\/2026\/04\/ChatGPT-Image-28-de-abr.-de-2026-15_06_02-1140x641.jpg 1140w, https:\/\/www.tuasaude.com\/news\/wp-content\/uploads\/2026\/04\/ChatGPT-Image-28-de-abr.-de-2026-15_06_02.jpg 1280w\" sizes=\"(max-width: 1024px) 100vw, 1024px\" \/><figcaption class=\"wp-element-caption\">Uso simples da creatina com hidrata\u00e7\u00e3o refor\u00e7a uma abordagem segura para apoiar o desempenho mental.<\/figcaption><\/figure>\n<\/div>\n\n\n<h2 class=\"wp-block-heading\">Quando ela pode fazer mais sentido<\/h2>\n\n\n\n<p>A creatina parece ser mais promissora quando o c\u00e9rebro est\u00e1 sob maior press\u00e3o metab\u00f3lica. Isso n\u00e3o significa que todas as pessoas ter\u00e3o melhora percept\u00edvel, mas alguns grupos podem se beneficiar mais.<\/p>\n\n\n\n<ul class=\"wp-block-list\">\n<li>Pessoas com rotina intensa de estudos ou trabalho mental.<\/li>\n\n\n\n<li>Adultos mais velhos com queixas leves de mem\u00f3ria.<\/li>\n\n\n\n<li>Indiv\u00edduos com baixa ingest\u00e3o de carnes e peixes.<\/li>\n\n\n\n<li>Pessoas em per\u00edodos de priva\u00e7\u00e3o de sono ou fadiga.<\/li>\n<\/ul>\n\n\n\n<p>Uma revis\u00e3o publicada no <em>Nutrients<\/em> tamb\u00e9m aponta que a creatina pode aumentar os estoques cerebrais desse composto, o que ajudaria a explicar poss\u00edveis efeitos sobre mem\u00f3ria e desempenho cognitivo.<\/p>\n\n\n\n<h2 class=\"wp-block-heading\">Como usar com seguran\u00e7a<\/h2>\n\n\n\n<p>A forma mais estudada \u00e9 a <strong>creatina monohidratada<\/strong>. Em geral, doses di\u00e1rias entre 3 e 5 g s\u00e3o as mais usadas em pesquisas e na pr\u00e1tica cl\u00ednica, mas a necessidade individual pode variar conforme peso, dieta, fun\u00e7\u00e3o renal e objetivos.<\/p>\n\n\n\n<ul class=\"wp-block-list\">\n<li>Prefira produtos com creatina monohidratada pura.<\/li>\n\n\n\n<li>Tome com \u00e1gua e mantenha boa hidrata\u00e7\u00e3o ao longo do dia.<\/li>\n\n\n\n<li>Evite doses altas sem orienta\u00e7\u00e3o profissional.<\/li>\n\n\n\n<li>N\u00e3o use se houver doen\u00e7a renal sem libera\u00e7\u00e3o m\u00e9dica.<\/li>\n<\/ul>\n\n\n<div class=\"wp-block-image\">\n<figure class=\"aligncenter size-large\"><img decoding=\"async\" width=\"1024\" height=\"460\" src=\"https:\/\/www.tuasaude.com\/news\/wp-content\/uploads\/2026\/04\/convertido-402-1024x460.jpg\" alt=\"Creatina Para N\u00e9voa Mental: Energia Cerebral, Foco e Mem\u00f3ria\" class=\"wp-image-29943\" srcset=\"https:\/\/www.tuasaude.com\/news\/wp-content\/uploads\/2026\/04\/convertido-402-1024x460.jpg 1024w, https:\/\/www.tuasaude.com\/news\/wp-content\/uploads\/2026\/04\/convertido-402-300x135.jpg 300w, https:\/\/www.tuasaude.com\/news\/wp-content\/uploads\/2026\/04\/convertido-402-768x345.jpg 768w, https:\/\/www.tuasaude.com\/news\/wp-content\/uploads\/2026\/04\/convertido-402-750x337.jpg 750w, https:\/\/www.tuasaude.com\/news\/wp-content\/uploads\/2026\/04\/convertido-402-1140x512.jpg 1140w, https:\/\/www.tuasaude.com\/news\/wp-content\/uploads\/2026\/04\/convertido-402.jpg 1280w\" sizes=\"(max-width: 1024px) 100vw, 1024px\" \/><figcaption class=\"wp-element-caption\">Creatina Para N\u00e9voa Mental: Energia Cerebral, Foco e Mem\u00f3ria<\/figcaption><\/figure>\n<\/div>\n\n\n<h2 class=\"wp-block-heading\">O foco come\u00e7a antes do suplemento<\/h2>\n\n\n\n<p>A creatina pode ser uma aliada, mas n\u00e3o substitui sono adequado, alimenta\u00e7\u00e3o equilibrada, atividade f\u00edsica e investiga\u00e7\u00e3o de causas cl\u00ednicas da falta de foco. N\u00e9voa mental persistente pode estar ligada a ansiedade, depress\u00e3o, altera\u00e7\u00f5es hormonais, defici\u00eancia de ferro, vitamina B12 ou doen\u00e7as neurol\u00f3gicas.<\/p>\n\n\n\n<p>Este conte\u00fado \u00e9 apenas informativo e n\u00e3o substitui a avalia\u00e7\u00e3o de um m\u00e9dico ou profissional de sa\u00fade. Antes de iniciar qualquer suplemento, especialmente em caso de doen\u00e7a renal, uso de medicamentos, gravidez ou sintomas persistentes, procure orienta\u00e7\u00e3o m\u00e9dica profissional.<\/p>\n","protected":false},"excerpt":{"rendered":"<p>A creatina tem ganhado aten\u00e7\u00e3o al\u00e9m das academias por seu poss\u00edvel papel no suporte \u00e0 energia cerebral, foco e mem\u00f3ria. Embora n\u00e3o seja uma \u201ccura\u201d para a n\u00e9voa mental, pesquisas em neurologia e nutri\u00e7\u00e3o sugerem que esse suplemento pode ajudar o c\u00e9rebro em situa\u00e7\u00f5es de maior demanda, como cansa\u00e7o, envelhecimento, priva\u00e7\u00e3o de sono ou esfor\u00e7o [&hellip;]<\/p>\n","protected":false},"author":12,"featured_media":30110,"comment_status":"open","ping_status":"open","sticky":false,"template":"","format":"standard","meta":{"_yoast_wpseo_focuskw":"creatina","_yoast_wpseo_title":"","_yoast_wpseo_metadesc":"Creatina pode ajudar na n\u00e9voa mental e foco? Veja o que especialistas em neurologia indicam sobre energia cerebral, seguran\u00e7a e uso di\u00e1rio.","jnews-multi-image_gallery":[],"jnews_single_post":{"format":"standard"},"jnews_primary_category":[],"jnews_social_meta":[],"jnews_override_counter":[],"footnotes":""},"categories":[111],"tags":[946,1180,2433],"class_list":["post-29940","post","type-post","status-publish","format-standard","has-post-thumbnail","hentry","category-saude","tag-creatina-monohidratada","tag-foco-mental","tag-nevoa-mental"],"yoast_head":"<!-- This site is optimized with the Yoast SEO plugin v26.7 - https:\/\/yoast.com\/wordpress\/plugins\/seo\/ -->\n<title>Qual \u00e9 o suplemento essencial para combater a n\u00e9voa mental e melhorar o foco segundo especialistas em neurologia - Tua Sa\u00fade<\/title>\n<meta name=\"description\" content=\"Creatina pode ajudar na n\u00e9voa mental e foco? Veja o que especialistas em neurologia indicam sobre energia cerebral, seguran\u00e7a e uso di\u00e1rio.\" \/>\n<meta name=\"robots\" content=\"index, follow, max-snippet:-1, max-image-preview:large, max-video-preview:-1\" \/>\n<link rel=\"canonical\" href=\"https:\/\/www.tuasaude.com\/news\/2026\/04\/29\/qual-e-o-suplemento-essencial-para-combater-a-nevoa-mental-e-melhorar-o-foco-segundo-especialistas-em-neurologia\/\" \/>\n<meta property=\"og:locale\" content=\"pt_BR\" \/>\n<meta property=\"og:type\" content=\"article\" \/>\n<meta property=\"og:title\" content=\"Qual \u00e9 o suplemento essencial para combater a n\u00e9voa mental e melhorar o foco segundo especialistas em neurologia - Tua Sa\u00fade\" \/>\n<meta property=\"og:description\" content=\"Creatina pode ajudar na n\u00e9voa mental e foco? Veja o que especialistas em neurologia indicam sobre energia cerebral, seguran\u00e7a e uso di\u00e1rio.\" \/>\n<meta property=\"og:url\" content=\"https:\/\/www.tuasaude.com\/news\/2026\/04\/29\/qual-e-o-suplemento-essencial-para-combater-a-nevoa-mental-e-melhorar-o-foco-segundo-especialistas-em-neurologia\/\" \/>\n<meta property=\"og:site_name\" content=\"Tua Sa\u00fade\" \/>\n<meta property=\"article:published_time\" content=\"2026-04-29T09:20:00+00:00\" \/>\n<meta property=\"og:image\" content=\"https:\/\/www.tuasaude.com\/news\/wp-content\/uploads\/2026\/04\/cerebro_com_sinais.jpg\" \/>\n\t<meta property=\"og:image:width\" content=\"1280\" \/>\n\t<meta property=\"og:image:height\" content=\"714\" \/>\n\t<meta property=\"og:image:type\" content=\"image\/jpeg\" \/>\n<meta name=\"author\" content=\"Jeferson Henrique\" \/>\n<meta name=\"twitter:card\" content=\"summary_large_image\" \/>\n<meta name=\"twitter:label1\" content=\"Escrito por\" \/>\n\t<meta name=\"twitter:data1\" content=\"Jeferson Henrique\" \/>\n\t<meta name=\"twitter:label2\" content=\"Est. tempo de leitura\" \/>\n\t<meta name=\"twitter:data2\" content=\"4 minutos\" \/>\n<!-- \/ Yoast SEO plugin. -->","yoast_head_json":{"title":"Qual \u00e9 o suplemento essencial para combater a n\u00e9voa mental e melhorar o foco segundo especialistas em neurologia - Tua Sa\u00fade","description":"Creatina pode ajudar na n\u00e9voa mental e foco? Veja o que especialistas em neurologia indicam sobre energia cerebral, seguran\u00e7a e uso di\u00e1rio.","robots":{"index":"index","follow":"follow","max-snippet":"max-snippet:-1","max-image-preview":"max-image-preview:large","max-video-preview":"max-video-preview:-1"},"canonical":"https:\/\/www.tuasaude.com\/news\/2026\/04\/29\/qual-e-o-suplemento-essencial-para-combater-a-nevoa-mental-e-melhorar-o-foco-segundo-especialistas-em-neurologia\/","og_locale":"pt_BR","og_type":"article","og_title":"Qual \u00e9 o suplemento essencial para combater a n\u00e9voa mental e melhorar o foco segundo especialistas em neurologia - Tua Sa\u00fade","og_description":"Creatina pode ajudar na n\u00e9voa mental e foco? Veja o que especialistas em neurologia indicam sobre energia cerebral, seguran\u00e7a e uso di\u00e1rio.","og_url":"https:\/\/www.tuasaude.com\/news\/2026\/04\/29\/qual-e-o-suplemento-essencial-para-combater-a-nevoa-mental-e-melhorar-o-foco-segundo-especialistas-em-neurologia\/","og_site_name":"Tua Sa\u00fade","article_published_time":"2026-04-29T09:20:00+00:00","og_image":[{"width":1280,"height":714,"url":"https:\/\/www.tuasaude.com\/news\/wp-content\/uploads\/2026\/04\/cerebro_com_sinais.jpg","type":"image\/jpeg"}],"author":"Jeferson Henrique","twitter_card":"summary_large_image","twitter_misc":{"Escrito por":"Jeferson Henrique","Est. tempo de leitura":"4 minutos"},"schema":{"@context":"https:\/\/schema.org","@graph":[{"@type":"Article","@id":"https:\/\/www.tuasaude.com\/news\/2026\/04\/29\/qual-e-o-suplemento-essencial-para-combater-a-nevoa-mental-e-melhorar-o-foco-segundo-especialistas-em-neurologia\/#article","isPartOf":{"@id":"https:\/\/www.tuasaude.com\/news\/2026\/04\/29\/qual-e-o-suplemento-essencial-para-combater-a-nevoa-mental-e-melhorar-o-foco-segundo-especialistas-em-neurologia\/"},"author":{"name":"Jeferson Henrique","@id":"https:\/\/www.tuasaude.com\/news\/#\/schema\/person\/963d63d4e1f0c81f5f3a70ba4bcb0ef7"},"headline":"Qual \u00e9 o suplemento essencial para combater a n\u00e9voa mental e melhorar o foco segundo especialistas em neurologia","datePublished":"2026-04-29T09:20:00+00:00","mainEntityOfPage":{"@id":"https:\/\/www.tuasaude.com\/news\/2026\/04\/29\/qual-e-o-suplemento-essencial-para-combater-a-nevoa-mental-e-melhorar-o-foco-segundo-especialistas-em-neurologia\/"},"wordCount":606,"commentCount":0,"image":{"@id":"https:\/\/www.tuasaude.com\/news\/2026\/04\/29\/qual-e-o-suplemento-essencial-para-combater-a-nevoa-mental-e-melhorar-o-foco-segundo-especialistas-em-neurologia\/#primaryimage"},"thumbnailUrl":"https:\/\/www.tuasaude.com\/news\/wp-content\/uploads\/2026\/04\/cerebro_com_sinais.jpg","keywords":["creatina monohidratada","foco mental","n\u00e9voa mental"],"articleSection":["Sa\u00fade"],"inLanguage":"pt-BR","potentialAction":[{"@type":"CommentAction","name":"Comment","target":["https:\/\/www.tuasaude.com\/news\/2026\/04\/29\/qual-e-o-suplemento-essencial-para-combater-a-nevoa-mental-e-melhorar-o-foco-segundo-especialistas-em-neurologia\/#respond"]}]},{"@type":"WebPage","@id":"https:\/\/www.tuasaude.com\/news\/2026\/04\/29\/qual-e-o-suplemento-essencial-para-combater-a-nevoa-mental-e-melhorar-o-foco-segundo-especialistas-em-neurologia\/","url":"https:\/\/www.tuasaude.com\/news\/2026\/04\/29\/qual-e-o-suplemento-essencial-para-combater-a-nevoa-mental-e-melhorar-o-foco-segundo-especialistas-em-neurologia\/","name":"Qual \u00e9 o suplemento essencial para combater a n\u00e9voa mental e melhorar o foco segundo especialistas em neurologia - Tua Sa\u00fade","isPartOf":{"@id":"https:\/\/www.tuasaude.com\/news\/#website"},"primaryImageOfPage":{"@id":"https:\/\/www.tuasaude.com\/news\/2026\/04\/29\/qual-e-o-suplemento-essencial-para-combater-a-nevoa-mental-e-melhorar-o-foco-segundo-especialistas-em-neurologia\/#primaryimage"},"image":{"@id":"https:\/\/www.tuasaude.com\/news\/2026\/04\/29\/qual-e-o-suplemento-essencial-para-combater-a-nevoa-mental-e-melhorar-o-foco-segundo-especialistas-em-neurologia\/#primaryimage"},"thumbnailUrl":"https:\/\/www.tuasaude.com\/news\/wp-content\/uploads\/2026\/04\/cerebro_com_sinais.jpg","datePublished":"2026-04-29T09:20:00+00:00","author":{"@id":"https:\/\/www.tuasaude.com\/news\/#\/schema\/person\/963d63d4e1f0c81f5f3a70ba4bcb0ef7"},"description":"Creatina pode ajudar na n\u00e9voa mental e foco? Veja o que especialistas em neurologia indicam sobre energia cerebral, seguran\u00e7a e uso di\u00e1rio.","breadcrumb":{"@id":"https:\/\/www.tuasaude.com\/news\/2026\/04\/29\/qual-e-o-suplemento-essencial-para-combater-a-nevoa-mental-e-melhorar-o-foco-segundo-especialistas-em-neurologia\/#breadcrumb"},"inLanguage":"pt-BR","potentialAction":[{"@type":"ReadAction","target":["https:\/\/www.tuasaude.com\/news\/2026\/04\/29\/qual-e-o-suplemento-essencial-para-combater-a-nevoa-mental-e-melhorar-o-foco-segundo-especialistas-em-neurologia\/"]}]},{"@type":"ImageObject","inLanguage":"pt-BR","@id":"https:\/\/www.tuasaude.com\/news\/2026\/04\/29\/qual-e-o-suplemento-essencial-para-combater-a-nevoa-mental-e-melhorar-o-foco-segundo-especialistas-em-neurologia\/#primaryimage","url":"https:\/\/www.tuasaude.com\/news\/wp-content\/uploads\/2026\/04\/cerebro_com_sinais.jpg","contentUrl":"https:\/\/www.tuasaude.com\/news\/wp-content\/uploads\/2026\/04\/cerebro_com_sinais.jpg","width":1280,"height":714,"caption":"Creatina pode ajudar foco, mem\u00f3ria e energia cerebral em momentos de maior demanda."},{"@type":"BreadcrumbList","@id":"https:\/\/www.tuasaude.com\/news\/2026\/04\/29\/qual-e-o-suplemento-essencial-para-combater-a-nevoa-mental-e-melhorar-o-foco-segundo-especialistas-em-neurologia\/#breadcrumb","itemListElement":[{"@type":"ListItem","position":1,"name":"In\u00edcio","item":"https:\/\/www.tuasaude.com\/news\/"},{"@type":"ListItem","position":2,"name":"Qual \u00e9 o suplemento essencial para combater a n\u00e9voa mental e melhorar o foco segundo especialistas em neurologia"}]},{"@type":"WebSite","@id":"https:\/\/www.tuasaude.com\/news\/#website","url":"https:\/\/www.tuasaude.com\/news\/","name":"Tua Sa\u00fade","description":"Seu site de sa\u00fade","potentialAction":[{"@type":"SearchAction","target":{"@type":"EntryPoint","urlTemplate":"https:\/\/www.tuasaude.com\/news\/?s={search_term_string}"},"query-input":{"@type":"PropertyValueSpecification","valueRequired":true,"valueName":"search_term_string"}}],"inLanguage":"pt-BR"},{"@type":"Person","@id":"https:\/\/www.tuasaude.com\/news\/#\/schema\/person\/963d63d4e1f0c81f5f3a70ba4bcb0ef7","name":"Jeferson Henrique","image":{"@type":"ImageObject","inLanguage":"pt-BR","@id":"https:\/\/www.tuasaude.com\/news\/#\/schema\/person\/image\/","url":"https:\/\/secure.gravatar.com\/avatar\/1a476a54a48eb3cdea5dd2f016708263892c6b9f5e54b641df7c65e980fd6f69?s=96&d=mm&r=g","contentUrl":"https:\/\/secure.gravatar.com\/avatar\/1a476a54a48eb3cdea5dd2f016708263892c6b9f5e54b641df7c65e980fd6f69?s=96&d=mm&r=g","caption":"Jeferson Henrique"},"sameAs":["https:\/\/www.tuasaude.com\/news\/"],"url":"https:\/\/www.tuasaude.com\/news\/author\/jeferson-henrique\/"}]}},"_links":{"self":[{"href":"https:\/\/www.tuasaude.com\/news\/wp-json\/wp\/v2\/posts\/29940","targetHints":{"allow":["GET"]}}],"collection":[{"href":"https:\/\/www.tuasaude.com\/news\/wp-json\/wp\/v2\/posts"}],"about":[{"href":"https:\/\/www.tuasaude.com\/news\/wp-json\/wp\/v2\/types\/post"}],"author":[{"embeddable":true,"href":"https:\/\/www.tuasaude.com\/news\/wp-json\/wp\/v2\/users\/12"}],"replies":[{"embeddable":true,"href":"https:\/\/www.tuasaude.com\/news\/wp-json\/wp\/v2\/comments?post=29940"}],"version-history":[{"count":2,"href":"https:\/\/www.tuasaude.com\/news\/wp-json\/wp\/v2\/posts\/29940\/revisions"}],"predecessor-version":[{"id":29944,"href":"https:\/\/www.tuasaude.com\/news\/wp-json\/wp\/v2\/posts\/29940\/revisions\/29944"}],"wp:featuredmedia":[{"embeddable":true,"href":"https:\/\/www.tuasaude.com\/news\/wp-json\/wp\/v2\/media\/30110"}],"wp:attachment":[{"href":"https:\/\/www.tuasaude.com\/news\/wp-json\/wp\/v2\/media?parent=29940"}],"wp:term":[{"taxonomy":"category","embeddable":true,"href":"https:\/\/www.tuasaude.com\/news\/wp-json\/wp\/v2\/categories?post=29940"},{"taxonomy":"post_tag","embeddable":true,"href":"https:\/\/www.tuasaude.com\/news\/wp-json\/wp\/v2\/tags?post=29940"}],"curies":[{"name":"wp","href":"https:\/\/api.w.org\/{rel}","templated":true}]}}