{"id":29788,"date":"2026-04-29T16:15:00","date_gmt":"2026-04-29T19:15:00","guid":{"rendered":"https:\/\/www.tuasaude.com\/news\/?p=29788"},"modified":"2026-04-28T17:21:33","modified_gmt":"2026-04-28T20:21:33","slug":"como-o-consumo-diario-de-nozes-afeta-a-memoria-e-a-concentracao","status":"publish","type":"post","link":"https:\/\/www.tuasaude.com\/news\/2026\/04\/29\/como-o-consumo-diario-de-nozes-afeta-a-memoria-e-a-concentracao\/","title":{"rendered":"Como o consumo di\u00e1rio de nozes afeta a mem\u00f3ria e a concentra\u00e7\u00e3o?"},"content":{"rendered":"\n<p>As nozes v\u00eam sendo cada vez mais associadas \u00e0 sa\u00fade cerebral em estudos cl\u00ednicos e populacionais. Ricas em \u00f4mega-3 vegetal (\u00e1cido alfa-linol\u00eanico), vitamina E na forma de tocofer\u00f3is e polifen\u00f3is com a\u00e7\u00e3o antioxidante, elas atuam na prote\u00e7\u00e3o dos neur\u00f4nios e na redu\u00e7\u00e3o do estresse oxidativo cerebral, dois fatores ligados ao desempenho cognitivo. Pesquisas com adultos mais velhos mostram associa\u00e7\u00e3o entre o consumo regular e melhor desempenho em testes de mem\u00f3ria e aten\u00e7\u00e3o, especialmente quando inclu\u00eddo em padr\u00f5es alimentares como o mediterr\u00e2neo.<\/p>\n\n\n\n<h2 class=\"wp-block-heading\">Quais nutrientes das nozes atuam no c\u00e9rebro?<\/h2>\n\n\n\n<p>As nozes concentram um conjunto de compostos com a\u00e7\u00e3o direta sobre o sistema nervoso central. Entre eles est\u00e3o o \u00e1cido alfa-linol\u00eanico, vitamina E, polifen\u00f3is, magn\u00e9sio e folato, todos relacionados ao funcionamento neuronal.<\/p>\n\n\n\n<p>Esses nutrientes ajudam a manter a integridade das membranas dos neur\u00f4nios, modulam a inflama\u00e7\u00e3o cerebral e reduzem o impacto dos radicais livres sobre as c\u00e9lulas nervosas, criando um ambiente favor\u00e1vel \u00e0 comunica\u00e7\u00e3o entre neur\u00f4nios.<\/p>\n\n\n\n<h2 class=\"wp-block-heading\">Como esses compostos protegem a mem\u00f3ria e a concentra\u00e7\u00e3o?<\/h2>\n\n\n\n<p>O efeito das nozes sobre o c\u00e9rebro acontece por mecanismos complementares, que envolvem prote\u00e7\u00e3o celular e melhora vascular. Os principais fatores descritos na literatura s\u00e3o:<\/p>\n\n\n<div class=\"wp-block-image\">\n<figure class=\"aligncenter size-large\"><img decoding=\"async\" width=\"1024\" height=\"422\" src=\"https:\/\/www.tuasaude.com\/news\/wp-content\/uploads\/2026\/04\/convertido-29-15-1024x422.jpg\" alt=\"Como esses compostos protegem a mem\u00f3ria e a concentra\u00e7\u00e3o?\" class=\"wp-image-29790\" srcset=\"https:\/\/www.tuasaude.com\/news\/wp-content\/uploads\/2026\/04\/convertido-29-15-1024x422.jpg 1024w, https:\/\/www.tuasaude.com\/news\/wp-content\/uploads\/2026\/04\/convertido-29-15-300x124.jpg 300w, https:\/\/www.tuasaude.com\/news\/wp-content\/uploads\/2026\/04\/convertido-29-15-768x316.jpg 768w, https:\/\/www.tuasaude.com\/news\/wp-content\/uploads\/2026\/04\/convertido-29-15-750x309.jpg 750w, https:\/\/www.tuasaude.com\/news\/wp-content\/uploads\/2026\/04\/convertido-29-15-1140x469.jpg 1140w, https:\/\/www.tuasaude.com\/news\/wp-content\/uploads\/2026\/04\/convertido-29-15.jpg 1280w\" sizes=\"(max-width: 1024px) 100vw, 1024px\" \/><figcaption class=\"wp-element-caption\">Como esses compostos protegem a mem\u00f3ria e a concentra\u00e7\u00e3o?<\/figcaption><\/figure>\n<\/div>\n\n\n<p>Esses efeitos combinados ajudam a explicar a rela\u00e7\u00e3o observada entre consumo regular de nozes e desempenho em testes que avaliam mem\u00f3ria, aten\u00e7\u00e3o e velocidade de processamento.<\/p>\n\n\n\n<h2 class=\"wp-block-heading\">O que diz a ci\u00eancia sobre nozes e fun\u00e7\u00e3o cognitiva?<\/h2>\n\n\n\n<p>Os efeitos das nozes sobre a cogni\u00e7\u00e3o v\u00eam sendo investigados em ensaios cl\u00ednicos randomizados de longa dura\u00e7\u00e3o. Segundo o estudo <a href=\"https:\/\/pubmed.ncbi.nlm.nih.gov\/31912155\/\" target=\"_blank\" rel=\"noreferrer noopener\">Effect of a 2-year diet intervention with walnuts on cognitive decline. The Walnuts And Healthy Aging (WAHA) study<\/a>, publicado no The American Journal of Clinical Nutrition e indexado no PubMed, 708 idosos saud\u00e1veis foram randomizados para consumir 30 a 60 gramas de nozes por dia ou seguir uma dieta sem nozes durante 2 anos.<\/p>\n\n\n\n<p>Embora a an\u00e1lise principal n\u00e3o tenha mostrado diferen\u00e7a global, exames de resson\u00e2ncia magn\u00e9tica funcional indicaram maior recrutamento de redes funcionais cerebrais em tarefas de mem\u00f3ria de trabalho no grupo controle, e an\u00e1lises post hoc sugeriram que as nozes podem retardar o decl\u00ednio cognitivo em subgrupos de maior risco, como popula\u00e7\u00f5es em situa\u00e7\u00e3o de desvantagem socioecon\u00f4mica.<\/p>\n\n\n<div class=\"wp-block-image\">\n<figure class=\"aligncenter size-large\"><img decoding=\"async\" width=\"1024\" height=\"571\" src=\"https:\/\/www.tuasaude.com\/news\/wp-content\/uploads\/2026\/04\/magnific_ilustracao-estilo-nao-fot_2884108810-1024x571.jpg\" alt=\"Como o consumo di\u00e1rio de nozes afeta a mem\u00f3ria e a concentra\u00e7\u00e3o?\" class=\"wp-image-30044\" srcset=\"https:\/\/www.tuasaude.com\/news\/wp-content\/uploads\/2026\/04\/magnific_ilustracao-estilo-nao-fot_2884108810-1024x571.jpg 1024w, https:\/\/www.tuasaude.com\/news\/wp-content\/uploads\/2026\/04\/magnific_ilustracao-estilo-nao-fot_2884108810-300x167.jpg 300w, https:\/\/www.tuasaude.com\/news\/wp-content\/uploads\/2026\/04\/magnific_ilustracao-estilo-nao-fot_2884108810-768x428.jpg 768w, https:\/\/www.tuasaude.com\/news\/wp-content\/uploads\/2026\/04\/magnific_ilustracao-estilo-nao-fot_2884108810-750x418.jpg 750w, https:\/\/www.tuasaude.com\/news\/wp-content\/uploads\/2026\/04\/magnific_ilustracao-estilo-nao-fot_2884108810-1140x636.jpg 1140w, https:\/\/www.tuasaude.com\/news\/wp-content\/uploads\/2026\/04\/magnific_ilustracao-estilo-nao-fot_2884108810.jpg 1280w\" sizes=\"(max-width: 1024px) 100vw, 1024px\" \/><figcaption class=\"wp-element-caption\">Um punhado de nozes por dia traz nutrientes aliados da cogni\u00e7\u00e3o.<\/figcaption><\/figure>\n<\/div>\n\n\n<h2 class=\"wp-block-heading\">Qual a quantidade ideal e como incluir na rotina?<\/h2>\n\n\n\n<p>A quantidade utilizada na maioria dos estudos com benef\u00edcios cerebrais e cardiovasculares \u00e9 de cerca de 30 gramas por dia, o que equivale a 5 a 6 unidades de nozes ou um pequeno punhado. Essa por\u00e7\u00e3o \u00e9 suficiente para obter os efeitos sem ultrapassar o aporte cal\u00f3rico di\u00e1rio.<\/p>\n\n\n\n<p>Conhecer outras <a href=\"https:\/\/www.tuasaude.com\/oleaginosas\/\" target=\"_blank\" rel=\"noreferrer noopener\">oleaginosas<\/a>, como am\u00eandoas, castanhas e <a href=\"https:\/\/www.tuasaude.com\/noz-pecan\/\" target=\"_blank\" rel=\"noreferrer noopener\">noz pecan<\/a>, ajuda a variar o card\u00e1pio e ampliar a oferta de antioxidantes e gorduras boas associadas \u00e0 sa\u00fade cerebral.<\/p>\n\n\n\n<h2 class=\"wp-block-heading\">Como combinar as nozes com outros h\u00e1bitos protetores?<\/h2>\n\n\n\n<p>O efeito das nozes sobre a cogni\u00e7\u00e3o \u00e9 potencializado quando associadas a outros pilares da sa\u00fade cerebral. Para integrar o consumo di\u00e1rio a uma rotina protetora, vale seguir um plano simples:<\/p>\n\n\n\n<ol class=\"wp-block-list\">\n<li>Inclua 30 gramas de nozes por dia, puras, em saladas, iogurtes ou no caf\u00e9 da manh\u00e3.<\/li>\n\n\n\n<li>Combine com outros <a href=\"https:\/\/www.tuasaude.com\/alimentos-para-melhorar-a-memoria\/\" target=\"_blank\" rel=\"noreferrer noopener\">alimentos para melhorar a mem\u00f3ria<\/a>, como peixes, frutas vermelhas e folhas verdes.<\/li>\n\n\n\n<li>Adote um padr\u00e3o alimentar pr\u00f3ximo da dieta mediterr\u00e2nea ou MIND.<\/li>\n\n\n\n<li>Mantenha rotina de sono adequado, com 7 a 9 horas por noite.<\/li>\n\n\n\n<li>Pratique atividade f\u00edsica aer\u00f3bica regular e est\u00edmulos cognitivos di\u00e1rios, como leitura.<\/li>\n<\/ol>\n\n\n\n<p>Pessoas com alergia a oleaginosas devem evitar o consumo, e quem tem hist\u00f3rico familiar de doen\u00e7as neurodegenerativas se beneficia de avalia\u00e7\u00e3o m\u00e9dica para um plano alimentar individualizado.<\/p>\n\n\n\n<p><em>Este conte\u00fado tem car\u00e1ter exclusivamente informativo e n\u00e3o substitui a avalia\u00e7\u00e3o, o diagn\u00f3stico ou o tratamento realizados por um m\u00e9dico, neurologista ou nutricionista. Em caso de queixas persistentes de mem\u00f3ria, dificuldade de concentra\u00e7\u00e3o ou outras altera\u00e7\u00f5es cognitivas, procure um profissional de sa\u00fade qualificado.<\/em><\/p>\n","protected":false},"excerpt":{"rendered":"<p>As nozes v\u00eam sendo cada vez mais associadas \u00e0 sa\u00fade cerebral em estudos cl\u00ednicos e populacionais. Ricas em \u00f4mega-3 vegetal (\u00e1cido alfa-linol\u00eanico), vitamina E na forma de tocofer\u00f3is e polifen\u00f3is com a\u00e7\u00e3o antioxidante, elas atuam na prote\u00e7\u00e3o dos neur\u00f4nios e na redu\u00e7\u00e3o do estresse oxidativo cerebral, dois fatores ligados ao desempenho cognitivo. Pesquisas com adultos [&hellip;]<\/p>\n","protected":false},"author":11,"featured_media":30043,"comment_status":"open","ping_status":"open","sticky":false,"template":"","format":"standard","meta":{"_yoast_wpseo_focuskw":"consumo di\u00e1rio de nozes","_yoast_wpseo_title":"","_yoast_wpseo_metadesc":"O consumo di\u00e1rio de nozes est\u00e1 associado a melhor mem\u00f3ria e concentra\u00e7\u00e3o, segundo estudos cl\u00ednicos com idosos.","jnews-multi-image_gallery":[],"jnews_single_post":{"format":"standard"},"jnews_primary_category":[],"jnews_social_meta":[],"jnews_override_counter":[],"footnotes":""},"categories":[111],"tags":[1782,1026,990,136],"class_list":["post-29788","post","type-post","status-publish","format-standard","has-post-thumbnail","hentry","category-saude","tag-concentracao","tag-memoria","tag-nozes","tag-saude"],"yoast_head":"<!-- This site is optimized with the Yoast SEO plugin v26.7 - https:\/\/yoast.com\/wordpress\/plugins\/seo\/ -->\n<title>Como o consumo di\u00e1rio de nozes afeta a mem\u00f3ria e a concentra\u00e7\u00e3o? - Tua Sa\u00fade<\/title>\n<meta name=\"description\" content=\"O consumo di\u00e1rio de nozes est\u00e1 associado a melhor mem\u00f3ria e concentra\u00e7\u00e3o, segundo estudos cl\u00ednicos com idosos.\" \/>\n<meta name=\"robots\" content=\"index, follow, max-snippet:-1, max-image-preview:large, max-video-preview:-1\" \/>\n<link rel=\"canonical\" href=\"https:\/\/www.tuasaude.com\/news\/2026\/04\/29\/como-o-consumo-diario-de-nozes-afeta-a-memoria-e-a-concentracao\/\" \/>\n<meta property=\"og:locale\" content=\"pt_BR\" \/>\n<meta property=\"og:type\" content=\"article\" \/>\n<meta property=\"og:title\" content=\"Como o consumo di\u00e1rio de nozes afeta a mem\u00f3ria e a concentra\u00e7\u00e3o? - Tua Sa\u00fade\" \/>\n<meta property=\"og:description\" content=\"O consumo di\u00e1rio de nozes est\u00e1 associado a melhor mem\u00f3ria e concentra\u00e7\u00e3o, segundo estudos cl\u00ednicos com idosos.\" \/>\n<meta property=\"og:url\" content=\"https:\/\/www.tuasaude.com\/news\/2026\/04\/29\/como-o-consumo-diario-de-nozes-afeta-a-memoria-e-a-concentracao\/\" \/>\n<meta property=\"og:site_name\" content=\"Tua Sa\u00fade\" \/>\n<meta property=\"article:published_time\" content=\"2026-04-29T19:15:00+00:00\" \/>\n<meta property=\"og:image\" content=\"https:\/\/www.tuasaude.com\/news\/wp-content\/uploads\/2026\/04\/magnific_ilustracao-estilo-nao-fot_2884108087.jpg\" \/>\n\t<meta property=\"og:image:width\" content=\"1280\" \/>\n\t<meta property=\"og:image:height\" content=\"714\" \/>\n\t<meta property=\"og:image:type\" content=\"image\/jpeg\" \/>\n<meta name=\"author\" content=\"Gessika Julia Carvalho\" \/>\n<meta name=\"twitter:card\" content=\"summary_large_image\" \/>\n<meta name=\"twitter:label1\" content=\"Escrito por\" \/>\n\t<meta name=\"twitter:data1\" content=\"Gessika Julia Carvalho\" \/>\n\t<meta name=\"twitter:label2\" content=\"Est. tempo de leitura\" \/>\n\t<meta name=\"twitter:data2\" content=\"5 minutos\" \/>\n<!-- \/ Yoast SEO plugin. -->","yoast_head_json":{"title":"Como o consumo di\u00e1rio de nozes afeta a mem\u00f3ria e a concentra\u00e7\u00e3o? - Tua Sa\u00fade","description":"O consumo di\u00e1rio de nozes est\u00e1 associado a melhor mem\u00f3ria e concentra\u00e7\u00e3o, segundo estudos cl\u00ednicos com idosos.","robots":{"index":"index","follow":"follow","max-snippet":"max-snippet:-1","max-image-preview":"max-image-preview:large","max-video-preview":"max-video-preview:-1"},"canonical":"https:\/\/www.tuasaude.com\/news\/2026\/04\/29\/como-o-consumo-diario-de-nozes-afeta-a-memoria-e-a-concentracao\/","og_locale":"pt_BR","og_type":"article","og_title":"Como o consumo di\u00e1rio de nozes afeta a mem\u00f3ria e a concentra\u00e7\u00e3o? - Tua Sa\u00fade","og_description":"O consumo di\u00e1rio de nozes est\u00e1 associado a melhor mem\u00f3ria e concentra\u00e7\u00e3o, segundo estudos cl\u00ednicos com idosos.","og_url":"https:\/\/www.tuasaude.com\/news\/2026\/04\/29\/como-o-consumo-diario-de-nozes-afeta-a-memoria-e-a-concentracao\/","og_site_name":"Tua Sa\u00fade","article_published_time":"2026-04-29T19:15:00+00:00","og_image":[{"width":1280,"height":714,"url":"https:\/\/www.tuasaude.com\/news\/wp-content\/uploads\/2026\/04\/magnific_ilustracao-estilo-nao-fot_2884108087.jpg","type":"image\/jpeg"}],"author":"Gessika Julia Carvalho","twitter_card":"summary_large_image","twitter_misc":{"Escrito por":"Gessika Julia Carvalho","Est. tempo de leitura":"5 minutos"},"schema":{"@context":"https:\/\/schema.org","@graph":[{"@type":"Article","@id":"https:\/\/www.tuasaude.com\/news\/2026\/04\/29\/como-o-consumo-diario-de-nozes-afeta-a-memoria-e-a-concentracao\/#article","isPartOf":{"@id":"https:\/\/www.tuasaude.com\/news\/2026\/04\/29\/como-o-consumo-diario-de-nozes-afeta-a-memoria-e-a-concentracao\/"},"author":{"name":"Gessika Julia Carvalho","@id":"https:\/\/www.tuasaude.com\/news\/#\/schema\/person\/2e9df841be69ec84f5d20ddb8d273ac2"},"headline":"Como o consumo di\u00e1rio de nozes afeta a mem\u00f3ria e a concentra\u00e7\u00e3o?","datePublished":"2026-04-29T19:15:00+00:00","mainEntityOfPage":{"@id":"https:\/\/www.tuasaude.com\/news\/2026\/04\/29\/como-o-consumo-diario-de-nozes-afeta-a-memoria-e-a-concentracao\/"},"wordCount":719,"commentCount":0,"image":{"@id":"https:\/\/www.tuasaude.com\/news\/2026\/04\/29\/como-o-consumo-diario-de-nozes-afeta-a-memoria-e-a-concentracao\/#primaryimage"},"thumbnailUrl":"https:\/\/www.tuasaude.com\/news\/wp-content\/uploads\/2026\/04\/magnific_ilustracao-estilo-nao-fot_2884108087.jpg","keywords":["concentra\u00e7\u00e3o","mem\u00f3ria","nozes","sa\u00fade"],"articleSection":["Sa\u00fade"],"inLanguage":"pt-BR","potentialAction":[{"@type":"CommentAction","name":"Comment","target":["https:\/\/www.tuasaude.com\/news\/2026\/04\/29\/como-o-consumo-diario-de-nozes-afeta-a-memoria-e-a-concentracao\/#respond"]}]},{"@type":"WebPage","@id":"https:\/\/www.tuasaude.com\/news\/2026\/04\/29\/como-o-consumo-diario-de-nozes-afeta-a-memoria-e-a-concentracao\/","url":"https:\/\/www.tuasaude.com\/news\/2026\/04\/29\/como-o-consumo-diario-de-nozes-afeta-a-memoria-e-a-concentracao\/","name":"Como o consumo di\u00e1rio de nozes afeta a mem\u00f3ria e a concentra\u00e7\u00e3o? - Tua Sa\u00fade","isPartOf":{"@id":"https:\/\/www.tuasaude.com\/news\/#website"},"primaryImageOfPage":{"@id":"https:\/\/www.tuasaude.com\/news\/2026\/04\/29\/como-o-consumo-diario-de-nozes-afeta-a-memoria-e-a-concentracao\/#primaryimage"},"image":{"@id":"https:\/\/www.tuasaude.com\/news\/2026\/04\/29\/como-o-consumo-diario-de-nozes-afeta-a-memoria-e-a-concentracao\/#primaryimage"},"thumbnailUrl":"https:\/\/www.tuasaude.com\/news\/wp-content\/uploads\/2026\/04\/magnific_ilustracao-estilo-nao-fot_2884108087.jpg","datePublished":"2026-04-29T19:15:00+00:00","author":{"@id":"https:\/\/www.tuasaude.com\/news\/#\/schema\/person\/2e9df841be69ec84f5d20ddb8d273ac2"},"description":"O consumo di\u00e1rio de nozes est\u00e1 associado a melhor mem\u00f3ria e concentra\u00e7\u00e3o, segundo estudos cl\u00ednicos com idosos.","breadcrumb":{"@id":"https:\/\/www.tuasaude.com\/news\/2026\/04\/29\/como-o-consumo-diario-de-nozes-afeta-a-memoria-e-a-concentracao\/#breadcrumb"},"inLanguage":"pt-BR","potentialAction":[{"@type":"ReadAction","target":["https:\/\/www.tuasaude.com\/news\/2026\/04\/29\/como-o-consumo-diario-de-nozes-afeta-a-memoria-e-a-concentracao\/"]}]},{"@type":"ImageObject","inLanguage":"pt-BR","@id":"https:\/\/www.tuasaude.com\/news\/2026\/04\/29\/como-o-consumo-diario-de-nozes-afeta-a-memoria-e-a-concentracao\/#primaryimage","url":"https:\/\/www.tuasaude.com\/news\/wp-content\/uploads\/2026\/04\/magnific_ilustracao-estilo-nao-fot_2884108087.jpg","contentUrl":"https:\/\/www.tuasaude.com\/news\/wp-content\/uploads\/2026\/04\/magnific_ilustracao-estilo-nao-fot_2884108087.jpg","width":1280,"height":714,"caption":"Nozes podem ajudar a proteger a mem\u00f3ria e a sa\u00fade do c\u00e9rebro."},{"@type":"BreadcrumbList","@id":"https:\/\/www.tuasaude.com\/news\/2026\/04\/29\/como-o-consumo-diario-de-nozes-afeta-a-memoria-e-a-concentracao\/#breadcrumb","itemListElement":[{"@type":"ListItem","position":1,"name":"In\u00edcio","item":"https:\/\/www.tuasaude.com\/news\/"},{"@type":"ListItem","position":2,"name":"Como o consumo di\u00e1rio de nozes afeta a mem\u00f3ria e a concentra\u00e7\u00e3o?"}]},{"@type":"WebSite","@id":"https:\/\/www.tuasaude.com\/news\/#website","url":"https:\/\/www.tuasaude.com\/news\/","name":"Tua Sa\u00fade","description":"Seu site de sa\u00fade","potentialAction":[{"@type":"SearchAction","target":{"@type":"EntryPoint","urlTemplate":"https:\/\/www.tuasaude.com\/news\/?s={search_term_string}"},"query-input":{"@type":"PropertyValueSpecification","valueRequired":true,"valueName":"search_term_string"}}],"inLanguage":"pt-BR"},{"@type":"Person","@id":"https:\/\/www.tuasaude.com\/news\/#\/schema\/person\/2e9df841be69ec84f5d20ddb8d273ac2","name":"Gessika Julia Carvalho","image":{"@type":"ImageObject","inLanguage":"pt-BR","@id":"https:\/\/www.tuasaude.com\/news\/#\/schema\/person\/image\/","url":"https:\/\/secure.gravatar.com\/avatar\/0fcc8769024577fd0bc6a8b766055690f76a8e8f29dfb2a2f89cf04db8d0f2d2?s=96&d=mm&r=g","contentUrl":"https:\/\/secure.gravatar.com\/avatar\/0fcc8769024577fd0bc6a8b766055690f76a8e8f29dfb2a2f89cf04db8d0f2d2?s=96&d=mm&r=g","caption":"Gessika Julia Carvalho"},"sameAs":["https:\/\/www.tuasaude.com\/news\/"],"url":"https:\/\/www.tuasaude.com\/news\/author\/gessika-julia\/"}]}},"_links":{"self":[{"href":"https:\/\/www.tuasaude.com\/news\/wp-json\/wp\/v2\/posts\/29788","targetHints":{"allow":["GET"]}}],"collection":[{"href":"https:\/\/www.tuasaude.com\/news\/wp-json\/wp\/v2\/posts"}],"about":[{"href":"https:\/\/www.tuasaude.com\/news\/wp-json\/wp\/v2\/types\/post"}],"author":[{"embeddable":true,"href":"https:\/\/www.tuasaude.com\/news\/wp-json\/wp\/v2\/users\/11"}],"replies":[{"embeddable":true,"href":"https:\/\/www.tuasaude.com\/news\/wp-json\/wp\/v2\/comments?post=29788"}],"version-history":[{"count":2,"href":"https:\/\/www.tuasaude.com\/news\/wp-json\/wp\/v2\/posts\/29788\/revisions"}],"predecessor-version":[{"id":30052,"href":"https:\/\/www.tuasaude.com\/news\/wp-json\/wp\/v2\/posts\/29788\/revisions\/30052"}],"wp:featuredmedia":[{"embeddable":true,"href":"https:\/\/www.tuasaude.com\/news\/wp-json\/wp\/v2\/media\/30043"}],"wp:attachment":[{"href":"https:\/\/www.tuasaude.com\/news\/wp-json\/wp\/v2\/media?parent=29788"}],"wp:term":[{"taxonomy":"category","embeddable":true,"href":"https:\/\/www.tuasaude.com\/news\/wp-json\/wp\/v2\/categories?post=29788"},{"taxonomy":"post_tag","embeddable":true,"href":"https:\/\/www.tuasaude.com\/news\/wp-json\/wp\/v2\/tags?post=29788"}],"curies":[{"name":"wp","href":"https:\/\/api.w.org\/{rel}","templated":true}]}}