{"id":29765,"date":"2026-04-29T13:45:00","date_gmt":"2026-04-29T16:45:00","guid":{"rendered":"https:\/\/www.tuasaude.com\/news\/?p=29765"},"modified":"2026-04-28T17:42:26","modified_gmt":"2026-04-28T20:42:26","slug":"como-o-consumo-diario-de-acucar-refinado-afeta-o-cerebro-a-longo-prazo","status":"publish","type":"post","link":"https:\/\/www.tuasaude.com\/news\/2026\/04\/29\/como-o-consumo-diario-de-acucar-refinado-afeta-o-cerebro-a-longo-prazo\/","title":{"rendered":"Como o consumo di\u00e1rio de a\u00e7\u00facar refinado afeta o c\u00e9rebro a longo prazo?"},"content":{"rendered":"\n<p>O consumo di\u00e1rio de a\u00e7\u00facar refinado pode parecer inofensivo no curto prazo, mas seus efeitos sobre o c\u00e9rebro v\u00e3o muito al\u00e9m do pico moment\u00e2neo de energia. O excesso constante de glicose est\u00e1 associado a inflama\u00e7\u00e3o cerebral cr\u00f4nica, resist\u00eancia \u00e0 insulina nos neur\u00f4nios e decl\u00ednio cognitivo progressivo em estudos longitudinais. Pesquisas recentes mostram rela\u00e7\u00e3o direta entre dietas ricas em a\u00e7\u00facar e maior risco de comprometimento da mem\u00f3ria, especialmente em adultos acima dos 50 anos. Entender como esse a\u00e7\u00facar afeta o sistema nervoso ajuda a fazer escolhas mais conscientes ao longo da vida.<\/p>\n\n\n\n<h2 class=\"wp-block-heading\">O que o a\u00e7\u00facar refinado faz ao c\u00e9rebro?<\/h2>\n\n\n\n<p>O c\u00e9rebro depende de glicose como principal fonte de energia, mas em quantidades equilibradas. Quando o consumo de a\u00e7\u00facar refinado \u00e9 excessivo, h\u00e1 picos repetidos de glicemia que sobrecarregam a sinaliza\u00e7\u00e3o da insulina nos neur\u00f4nios e favorecem processos inflamat\u00f3rios.<\/p>\n\n\n\n<p>Esse cen\u00e1rio, mantido por anos, contribui para a redu\u00e7\u00e3o da plasticidade sin\u00e1ptica, prejudica a comunica\u00e7\u00e3o entre c\u00e9lulas cerebrais e acelera o desgaste do hipocampo, regi\u00e3o fundamental para a mem\u00f3ria e o aprendizado.<\/p>\n\n\n\n<h2 class=\"wp-block-heading\">Quais altera\u00e7\u00f5es cognitivas est\u00e3o associadas ao excesso?<\/h2>\n\n\n\n<p>Estudos longitudinais relacionam o consumo cr\u00f4nico de a\u00e7\u00facar refinado a altera\u00e7\u00f5es cognitivas progressivas. As mudan\u00e7as mais documentadas envolvem desempenho mental cotidiano e risco aumentado de doen\u00e7as neurodegenerativas. Entre os efeitos mais consistentes est\u00e3o:<\/p>\n\n\n<div class=\"wp-block-image\">\n<figure class=\"aligncenter size-large\"><img decoding=\"async\" width=\"1024\" height=\"382\" src=\"https:\/\/www.tuasaude.com\/news\/wp-content\/uploads\/2026\/04\/convertido-23-17-1024x382.jpg\" alt=\"Quais altera\u00e7\u00f5es cognitivas est\u00e3o associadas ao excesso?\" class=\"wp-image-29767\" srcset=\"https:\/\/www.tuasaude.com\/news\/wp-content\/uploads\/2026\/04\/convertido-23-17-1024x382.jpg 1024w, https:\/\/www.tuasaude.com\/news\/wp-content\/uploads\/2026\/04\/convertido-23-17-300x112.jpg 300w, https:\/\/www.tuasaude.com\/news\/wp-content\/uploads\/2026\/04\/convertido-23-17-768x287.jpg 768w, https:\/\/www.tuasaude.com\/news\/wp-content\/uploads\/2026\/04\/convertido-23-17-750x280.jpg 750w, https:\/\/www.tuasaude.com\/news\/wp-content\/uploads\/2026\/04\/convertido-23-17-1140x426.jpg 1140w, https:\/\/www.tuasaude.com\/news\/wp-content\/uploads\/2026\/04\/convertido-23-17.jpg 1280w\" sizes=\"(max-width: 1024px) 100vw, 1024px\" \/><figcaption class=\"wp-element-caption\">Quais altera\u00e7\u00f5es cognitivas est\u00e3o associadas ao excesso?<\/figcaption><\/figure>\n<\/div>\n\n\n<p>Esses efeitos costumam se instalar de forma silenciosa, o que refor\u00e7a a import\u00e2ncia de monitorar o <a href=\"https:\/\/www.tuasaude.com\/acucar-faz-mal\/\" target=\"_blank\" rel=\"noreferrer noopener\">consumo excessivo de a\u00e7\u00facar<\/a> no dia a dia.<\/p>\n\n\n\n<h2 class=\"wp-block-heading\">O que diz a ci\u00eancia sobre a\u00e7\u00facar e dem\u00eancia?<\/h2>\n\n\n\n<p>A rela\u00e7\u00e3o entre a\u00e7\u00facar e sa\u00fade cerebral vem sendo investigada em coortes populacionais robustas. Segundo o estudo <a href=\"https:\/\/pubmed.ncbi.nlm.nih.gov\/39020335\/\" target=\"_blank\" rel=\"noreferrer noopener\">Associations of sugar intake, high-sugar dietary pattern, and the risk of dementia: a prospective cohort study of 210,832 participants<\/a>, publicado na revista BMC Medicine e indexado no PubMed, padr\u00f5es alimentares ricos em a\u00e7\u00facar foram significativamente associados ao maior risco de dem\u00eancia por todas as causas e de doen\u00e7a de Alzheimer em mais de 210 mil adultos acompanhados ao longo dos anos.<\/p>\n\n\n\n<p>Os autores destacam que controlar o excesso de a\u00e7\u00facar na dieta tem implica\u00e7\u00f5es relevantes em sa\u00fade p\u00fablica para a preven\u00e7\u00e3o de dem\u00eancia, refor\u00e7ando o papel da alimenta\u00e7\u00e3o como fator modific\u00e1vel de risco neurol\u00f3gico.<\/p>\n\n\n<div class=\"wp-block-image\">\n<figure class=\"aligncenter size-large\"><img decoding=\"async\" width=\"1024\" height=\"571\" src=\"https:\/\/www.tuasaude.com\/news\/wp-content\/uploads\/2026\/04\/cerebro_com_particulas-1024x571.jpg\" alt=\"Como o consumo di\u00e1rio de a\u00e7\u00facar refinado afeta o c\u00e9rebro a longo prazo?\" class=\"wp-image-30084\" srcset=\"https:\/\/www.tuasaude.com\/news\/wp-content\/uploads\/2026\/04\/cerebro_com_particulas-1024x571.jpg 1024w, https:\/\/www.tuasaude.com\/news\/wp-content\/uploads\/2026\/04\/cerebro_com_particulas-300x167.jpg 300w, https:\/\/www.tuasaude.com\/news\/wp-content\/uploads\/2026\/04\/cerebro_com_particulas-768x428.jpg 768w, https:\/\/www.tuasaude.com\/news\/wp-content\/uploads\/2026\/04\/cerebro_com_particulas-750x418.jpg 750w, https:\/\/www.tuasaude.com\/news\/wp-content\/uploads\/2026\/04\/cerebro_com_particulas-1140x636.jpg 1140w, https:\/\/www.tuasaude.com\/news\/wp-content\/uploads\/2026\/04\/cerebro_com_particulas.jpg 1280w\" sizes=\"(max-width: 1024px) 100vw, 1024px\" \/><figcaption class=\"wp-element-caption\">A\u00e7\u00facar em excesso pode prejudicar a mem\u00f3ria e acelerar o decl\u00ednio cognitivo.<\/figcaption><\/figure>\n<\/div>\n\n\n<h2 class=\"wp-block-heading\">Por que o efeito \u00e9 mais marcante ap\u00f3s os 50 anos?<\/h2>\n\n\n\n<p>A partir dos 50 anos, o c\u00e9rebro torna-se mais vulner\u00e1vel a fatores inflamat\u00f3rios e metab\u00f3licos. A resist\u00eancia \u00e0 insulina, comum em quem mant\u00e9m dieta rica em a\u00e7\u00facares por d\u00e9cadas, prejudica o metabolismo cerebral e a oxigena\u00e7\u00e3o dos neur\u00f4nios.<\/p>\n\n\n\n<p>Somam-se a isso fatores como redu\u00e7\u00e3o natural do volume de massa cinzenta, menor capacidade antioxidante e maior preval\u00eancia de doen\u00e7as metab\u00f3licas, criando um cen\u00e1rio em que a m\u00e1 alimenta\u00e7\u00e3o acelera de forma mais percept\u00edvel o decl\u00ednio das fun\u00e7\u00f5es cognitivas e da <a href=\"https:\/\/www.tuasaude.com\/alimentos-para-melhorar-a-memoria\/\" target=\"_blank\" rel=\"noreferrer noopener\">mem\u00f3ria<\/a>.<\/p>\n\n\n\n<h2 class=\"wp-block-heading\">Como reduzir o a\u00e7\u00facar sem deixar de cuidar do c\u00e9rebro?<\/h2>\n\n\n\n<p>Reduzir o a\u00e7\u00facar refinado n\u00e3o significa cortar carboidratos saud\u00e1veis nem abrir m\u00e3o do prazer \u00e0 mesa. Pequenas substitui\u00e7\u00f5es e ajustes consistentes geram impacto significativo sobre a sa\u00fade cerebral. Veja estrat\u00e9gias pr\u00e1ticas:<\/p>\n\n\n\n<ol class=\"wp-block-list\">\n<li>Substitua refrigerantes e sucos industrializados por \u00e1gua, \u00e1gua com lim\u00e3o ou ch\u00e1s sem a\u00e7\u00facar.<\/li>\n\n\n\n<li>Prefira frutas in natura no lugar de doces e sobremesas industrializadas.<\/li>\n\n\n\n<li>Leia r\u00f3tulos para identificar a\u00e7\u00facares ocultos em produtos ultraprocessados.<\/li>\n\n\n\n<li>Combine carboidratos complexos com fibras, prote\u00ednas e gorduras boas para evitar picos glic\u00eamicos.<\/li>\n\n\n\n<li>Inclua diariamente <a href=\"https:\/\/www.tuasaude.com\/alimentos-para-o-cerebro\/\" target=\"_blank\" rel=\"noreferrer noopener\">alimentos para o c\u00e9rebro<\/a>, como peixes, oleaginosas, frutas vermelhas e folhas verdes.<\/li>\n<\/ol>\n\n\n\n<p>Essas mudan\u00e7as, somadas a sono adequado, atividade f\u00edsica regular e est\u00edmulo cognitivo, formam a base mais consistente para preservar a fun\u00e7\u00e3o cerebral ao longo dos anos.<\/p>\n\n\n\n<p><em>Este conte\u00fado tem car\u00e1ter exclusivamente informativo e n\u00e3o substitui a avalia\u00e7\u00e3o, o diagn\u00f3stico ou o tratamento realizados por um m\u00e9dico, neurologista ou nutricionista. Em caso de falhas frequentes de mem\u00f3ria, dificuldade de concentra\u00e7\u00e3o persistente ou mudan\u00e7as de humor inexplicadas, procure um profissional de sa\u00fade qualificado.<\/em><\/p>\n","protected":false},"excerpt":{"rendered":"<p>O consumo di\u00e1rio de a\u00e7\u00facar refinado pode parecer inofensivo no curto prazo, mas seus efeitos sobre o c\u00e9rebro v\u00e3o muito al\u00e9m do pico moment\u00e2neo de energia. O excesso constante de glicose est\u00e1 associado a inflama\u00e7\u00e3o cerebral cr\u00f4nica, resist\u00eancia \u00e0 insulina nos neur\u00f4nios e decl\u00ednio cognitivo progressivo em estudos longitudinais. Pesquisas recentes mostram rela\u00e7\u00e3o direta entre [&hellip;]<\/p>\n","protected":false},"author":11,"featured_media":30087,"comment_status":"open","ping_status":"open","sticky":false,"template":"","format":"standard","meta":{"_yoast_wpseo_focuskw":"consumo di\u00e1rio de a\u00e7\u00facar refinado","_yoast_wpseo_title":"","_yoast_wpseo_metadesc":"O consumo di\u00e1rio de a\u00e7\u00facar refinado est\u00e1 ligado \u00e0 inflama\u00e7\u00e3o cerebral e maior risco de dem\u00eancia. Entenda os efeitos a longo prazo.","jnews-multi-image_gallery":[],"jnews_single_post":{"format":"standard"},"jnews_primary_category":[],"jnews_social_meta":[],"jnews_override_counter":[],"footnotes":""},"categories":[111],"tags":[2041,2854,136,1181],"class_list":["post-29765","post","type-post","status-publish","format-standard","has-post-thumbnail","hentry","category-saude","tag-acucar-refinado","tag-consumo-de-acucar","tag-saude","tag-saude-do-cerebro"],"yoast_head":"<!-- This site is optimized with the Yoast SEO plugin v26.7 - https:\/\/yoast.com\/wordpress\/plugins\/seo\/ -->\n<title>Como o consumo di\u00e1rio de a\u00e7\u00facar refinado afeta o c\u00e9rebro a longo prazo? - Tua Sa\u00fade<\/title>\n<meta name=\"description\" content=\"O consumo di\u00e1rio de a\u00e7\u00facar refinado est\u00e1 ligado \u00e0 inflama\u00e7\u00e3o cerebral e maior risco de dem\u00eancia. Entenda os efeitos a longo prazo.\" \/>\n<meta name=\"robots\" content=\"index, follow, max-snippet:-1, max-image-preview:large, max-video-preview:-1\" \/>\n<link rel=\"canonical\" href=\"https:\/\/www.tuasaude.com\/news\/2026\/04\/29\/como-o-consumo-diario-de-acucar-refinado-afeta-o-cerebro-a-longo-prazo\/\" \/>\n<meta property=\"og:locale\" content=\"pt_BR\" \/>\n<meta property=\"og:type\" content=\"article\" \/>\n<meta property=\"og:title\" content=\"Como o consumo di\u00e1rio de a\u00e7\u00facar refinado afeta o c\u00e9rebro a longo prazo? - Tua Sa\u00fade\" \/>\n<meta property=\"og:description\" content=\"O consumo di\u00e1rio de a\u00e7\u00facar refinado est\u00e1 ligado \u00e0 inflama\u00e7\u00e3o cerebral e maior risco de dem\u00eancia. Entenda os efeitos a longo prazo.\" \/>\n<meta property=\"og:url\" content=\"https:\/\/www.tuasaude.com\/news\/2026\/04\/29\/como-o-consumo-diario-de-acucar-refinado-afeta-o-cerebro-a-longo-prazo\/\" \/>\n<meta property=\"og:site_name\" content=\"Tua Sa\u00fade\" \/>\n<meta property=\"article:published_time\" content=\"2026-04-29T16:45:00+00:00\" \/>\n<meta property=\"og:image\" content=\"https:\/\/www.tuasaude.com\/news\/wp-content\/uploads\/2026\/04\/idoso_pensando.jpg\" \/>\n\t<meta property=\"og:image:width\" content=\"1280\" \/>\n\t<meta property=\"og:image:height\" content=\"714\" \/>\n\t<meta property=\"og:image:type\" content=\"image\/jpeg\" \/>\n<meta name=\"author\" content=\"Gessika Julia Carvalho\" \/>\n<meta name=\"twitter:card\" content=\"summary_large_image\" \/>\n<meta name=\"twitter:label1\" content=\"Escrito por\" \/>\n\t<meta name=\"twitter:data1\" content=\"Gessika Julia Carvalho\" \/>\n\t<meta name=\"twitter:label2\" content=\"Est. tempo de leitura\" \/>\n\t<meta name=\"twitter:data2\" content=\"5 minutos\" \/>\n<!-- \/ Yoast SEO plugin. -->","yoast_head_json":{"title":"Como o consumo di\u00e1rio de a\u00e7\u00facar refinado afeta o c\u00e9rebro a longo prazo? - Tua Sa\u00fade","description":"O consumo di\u00e1rio de a\u00e7\u00facar refinado est\u00e1 ligado \u00e0 inflama\u00e7\u00e3o cerebral e maior risco de dem\u00eancia. Entenda os efeitos a longo prazo.","robots":{"index":"index","follow":"follow","max-snippet":"max-snippet:-1","max-image-preview":"max-image-preview:large","max-video-preview":"max-video-preview:-1"},"canonical":"https:\/\/www.tuasaude.com\/news\/2026\/04\/29\/como-o-consumo-diario-de-acucar-refinado-afeta-o-cerebro-a-longo-prazo\/","og_locale":"pt_BR","og_type":"article","og_title":"Como o consumo di\u00e1rio de a\u00e7\u00facar refinado afeta o c\u00e9rebro a longo prazo? - Tua Sa\u00fade","og_description":"O consumo di\u00e1rio de a\u00e7\u00facar refinado est\u00e1 ligado \u00e0 inflama\u00e7\u00e3o cerebral e maior risco de dem\u00eancia. Entenda os efeitos a longo prazo.","og_url":"https:\/\/www.tuasaude.com\/news\/2026\/04\/29\/como-o-consumo-diario-de-acucar-refinado-afeta-o-cerebro-a-longo-prazo\/","og_site_name":"Tua Sa\u00fade","article_published_time":"2026-04-29T16:45:00+00:00","og_image":[{"width":1280,"height":714,"url":"https:\/\/www.tuasaude.com\/news\/wp-content\/uploads\/2026\/04\/idoso_pensando.jpg","type":"image\/jpeg"}],"author":"Gessika Julia Carvalho","twitter_card":"summary_large_image","twitter_misc":{"Escrito por":"Gessika Julia Carvalho","Est. tempo de leitura":"5 minutos"},"schema":{"@context":"https:\/\/schema.org","@graph":[{"@type":"Article","@id":"https:\/\/www.tuasaude.com\/news\/2026\/04\/29\/como-o-consumo-diario-de-acucar-refinado-afeta-o-cerebro-a-longo-prazo\/#article","isPartOf":{"@id":"https:\/\/www.tuasaude.com\/news\/2026\/04\/29\/como-o-consumo-diario-de-acucar-refinado-afeta-o-cerebro-a-longo-prazo\/"},"author":{"name":"Gessika Julia Carvalho","@id":"https:\/\/www.tuasaude.com\/news\/#\/schema\/person\/2e9df841be69ec84f5d20ddb8d273ac2"},"headline":"Como o consumo di\u00e1rio de a\u00e7\u00facar refinado afeta o c\u00e9rebro a longo prazo?","datePublished":"2026-04-29T16:45:00+00:00","mainEntityOfPage":{"@id":"https:\/\/www.tuasaude.com\/news\/2026\/04\/29\/como-o-consumo-diario-de-acucar-refinado-afeta-o-cerebro-a-longo-prazo\/"},"wordCount":761,"commentCount":0,"image":{"@id":"https:\/\/www.tuasaude.com\/news\/2026\/04\/29\/como-o-consumo-diario-de-acucar-refinado-afeta-o-cerebro-a-longo-prazo\/#primaryimage"},"thumbnailUrl":"https:\/\/www.tuasaude.com\/news\/wp-content\/uploads\/2026\/04\/idoso_pensando.jpg","keywords":["a\u00e7\u00facar refinado","consumo de a\u00e7\u00facar","sa\u00fade","sa\u00fade do c\u00e9rebro"],"articleSection":["Sa\u00fade"],"inLanguage":"pt-BR","potentialAction":[{"@type":"CommentAction","name":"Comment","target":["https:\/\/www.tuasaude.com\/news\/2026\/04\/29\/como-o-consumo-diario-de-acucar-refinado-afeta-o-cerebro-a-longo-prazo\/#respond"]}]},{"@type":"WebPage","@id":"https:\/\/www.tuasaude.com\/news\/2026\/04\/29\/como-o-consumo-diario-de-acucar-refinado-afeta-o-cerebro-a-longo-prazo\/","url":"https:\/\/www.tuasaude.com\/news\/2026\/04\/29\/como-o-consumo-diario-de-acucar-refinado-afeta-o-cerebro-a-longo-prazo\/","name":"Como o consumo di\u00e1rio de a\u00e7\u00facar refinado afeta o c\u00e9rebro a longo prazo? - Tua Sa\u00fade","isPartOf":{"@id":"https:\/\/www.tuasaude.com\/news\/#website"},"primaryImageOfPage":{"@id":"https:\/\/www.tuasaude.com\/news\/2026\/04\/29\/como-o-consumo-diario-de-acucar-refinado-afeta-o-cerebro-a-longo-prazo\/#primaryimage"},"image":{"@id":"https:\/\/www.tuasaude.com\/news\/2026\/04\/29\/como-o-consumo-diario-de-acucar-refinado-afeta-o-cerebro-a-longo-prazo\/#primaryimage"},"thumbnailUrl":"https:\/\/www.tuasaude.com\/news\/wp-content\/uploads\/2026\/04\/idoso_pensando.jpg","datePublished":"2026-04-29T16:45:00+00:00","author":{"@id":"https:\/\/www.tuasaude.com\/news\/#\/schema\/person\/2e9df841be69ec84f5d20ddb8d273ac2"},"description":"O consumo di\u00e1rio de a\u00e7\u00facar refinado est\u00e1 ligado \u00e0 inflama\u00e7\u00e3o cerebral e maior risco de dem\u00eancia. Entenda os efeitos a longo prazo.","breadcrumb":{"@id":"https:\/\/www.tuasaude.com\/news\/2026\/04\/29\/como-o-consumo-diario-de-acucar-refinado-afeta-o-cerebro-a-longo-prazo\/#breadcrumb"},"inLanguage":"pt-BR","potentialAction":[{"@type":"ReadAction","target":["https:\/\/www.tuasaude.com\/news\/2026\/04\/29\/como-o-consumo-diario-de-acucar-refinado-afeta-o-cerebro-a-longo-prazo\/"]}]},{"@type":"ImageObject","inLanguage":"pt-BR","@id":"https:\/\/www.tuasaude.com\/news\/2026\/04\/29\/como-o-consumo-diario-de-acucar-refinado-afeta-o-cerebro-a-longo-prazo\/#primaryimage","url":"https:\/\/www.tuasaude.com\/news\/wp-content\/uploads\/2026\/04\/idoso_pensando.jpg","contentUrl":"https:\/\/www.tuasaude.com\/news\/wp-content\/uploads\/2026\/04\/idoso_pensando.jpg","width":1280,"height":714,"caption":"Reduzir o a\u00e7\u00facar hoje \u00e9 proteger o c\u00e9rebro no futuro."},{"@type":"BreadcrumbList","@id":"https:\/\/www.tuasaude.com\/news\/2026\/04\/29\/como-o-consumo-diario-de-acucar-refinado-afeta-o-cerebro-a-longo-prazo\/#breadcrumb","itemListElement":[{"@type":"ListItem","position":1,"name":"In\u00edcio","item":"https:\/\/www.tuasaude.com\/news\/"},{"@type":"ListItem","position":2,"name":"Como o consumo di\u00e1rio de a\u00e7\u00facar refinado afeta o c\u00e9rebro a longo prazo?"}]},{"@type":"WebSite","@id":"https:\/\/www.tuasaude.com\/news\/#website","url":"https:\/\/www.tuasaude.com\/news\/","name":"Tua Sa\u00fade","description":"Seu site de sa\u00fade","potentialAction":[{"@type":"SearchAction","target":{"@type":"EntryPoint","urlTemplate":"https:\/\/www.tuasaude.com\/news\/?s={search_term_string}"},"query-input":{"@type":"PropertyValueSpecification","valueRequired":true,"valueName":"search_term_string"}}],"inLanguage":"pt-BR"},{"@type":"Person","@id":"https:\/\/www.tuasaude.com\/news\/#\/schema\/person\/2e9df841be69ec84f5d20ddb8d273ac2","name":"Gessika Julia Carvalho","image":{"@type":"ImageObject","inLanguage":"pt-BR","@id":"https:\/\/www.tuasaude.com\/news\/#\/schema\/person\/image\/","url":"https:\/\/secure.gravatar.com\/avatar\/0fcc8769024577fd0bc6a8b766055690f76a8e8f29dfb2a2f89cf04db8d0f2d2?s=96&d=mm&r=g","contentUrl":"https:\/\/secure.gravatar.com\/avatar\/0fcc8769024577fd0bc6a8b766055690f76a8e8f29dfb2a2f89cf04db8d0f2d2?s=96&d=mm&r=g","caption":"Gessika Julia Carvalho"},"sameAs":["https:\/\/www.tuasaude.com\/news\/"],"url":"https:\/\/www.tuasaude.com\/news\/author\/gessika-julia\/"}]}},"_links":{"self":[{"href":"https:\/\/www.tuasaude.com\/news\/wp-json\/wp\/v2\/posts\/29765","targetHints":{"allow":["GET"]}}],"collection":[{"href":"https:\/\/www.tuasaude.com\/news\/wp-json\/wp\/v2\/posts"}],"about":[{"href":"https:\/\/www.tuasaude.com\/news\/wp-json\/wp\/v2\/types\/post"}],"author":[{"embeddable":true,"href":"https:\/\/www.tuasaude.com\/news\/wp-json\/wp\/v2\/users\/11"}],"replies":[{"embeddable":true,"href":"https:\/\/www.tuasaude.com\/news\/wp-json\/wp\/v2\/comments?post=29765"}],"version-history":[{"count":2,"href":"https:\/\/www.tuasaude.com\/news\/wp-json\/wp\/v2\/posts\/29765\/revisions"}],"predecessor-version":[{"id":30098,"href":"https:\/\/www.tuasaude.com\/news\/wp-json\/wp\/v2\/posts\/29765\/revisions\/30098"}],"wp:featuredmedia":[{"embeddable":true,"href":"https:\/\/www.tuasaude.com\/news\/wp-json\/wp\/v2\/media\/30087"}],"wp:attachment":[{"href":"https:\/\/www.tuasaude.com\/news\/wp-json\/wp\/v2\/media?parent=29765"}],"wp:term":[{"taxonomy":"category","embeddable":true,"href":"https:\/\/www.tuasaude.com\/news\/wp-json\/wp\/v2\/categories?post=29765"},{"taxonomy":"post_tag","embeddable":true,"href":"https:\/\/www.tuasaude.com\/news\/wp-json\/wp\/v2\/tags?post=29765"}],"curies":[{"name":"wp","href":"https:\/\/api.w.org\/{rel}","templated":true}]}}