{"id":29652,"date":"2026-04-29T08:10:00","date_gmt":"2026-04-29T11:10:00","guid":{"rendered":"https:\/\/www.tuasaude.com\/news\/?p=29652"},"modified":"2026-04-28T12:20:43","modified_gmt":"2026-04-28T15:20:43","slug":"voce-esta-com-dor-de-cabeca-toda-manha-ao-acordar-aqui-estao-as-causas-os-sintomas-e-o-tratamento","status":"publish","type":"post","link":"https:\/\/www.tuasaude.com\/news\/2026\/04\/29\/voce-esta-com-dor-de-cabeca-toda-manha-ao-acordar-aqui-estao-as-causas-os-sintomas-e-o-tratamento\/","title":{"rendered":"Voc\u00ea est\u00e1 com dor de cabe\u00e7a toda manh\u00e3 ao acordar? Aqui est\u00e3o as causas, os sintomas e o tratamento"},"content":{"rendered":"\n<p>Acordar com dor de cabe\u00e7a com frequ\u00eancia \u00e9 mais do que um inc\u00f4modo passageiro e pode indicar que algo n\u00e3o est\u00e1 funcionando bem durante o sono. A cefaleia matinal pode estar ligada \u00e0 apneia do sono, bruxismo, hipertens\u00e3o ou desidrata\u00e7\u00e3o noturna, e identificar o padr\u00e3o \u00e9 essencial antes de qualquer tratamento. Entender o que acontece enquanto voc\u00ea dorme \u00e9 o primeiro passo para interromper esse ciclo, recuperar manh\u00e3s mais leves e evitar complica\u00e7\u00f5es que v\u00e3o muito al\u00e9m da dor.<\/p>\n\n\n\n<h2 class=\"wp-block-heading\">Por que a dor de cabe\u00e7a aparece ao acordar?<\/h2>\n\n\n\n<p>Os sistemas neurais que regulam o sono tamb\u00e9m atuam sobre os mecanismos de controle da dor, o que explica por que dist\u00farbios do sono frequentemente desencadeiam cefaleia matinal. Pausas respirat\u00f3rias, contra\u00e7\u00e3o muscular involunt\u00e1ria e varia\u00e7\u00f5es de press\u00e3o arterial durante a madrugada alteram a oxigena\u00e7\u00e3o cerebral e a tens\u00e3o dos m\u00fasculos do cr\u00e2nio.<\/p>\n\n\n\n<p>Esse tipo de dor costuma surgir ainda na cama ou logo ap\u00f3s levantar, geralmente desaparecendo em at\u00e9 30 minutos quando a causa \u00e9 leve. Quando o sintoma se repete v\u00e1rias vezes por semana ou se mant\u00e9m ao longo do dia, \u00e9 fundamental investigar a origem com um profissional de sa\u00fade.<\/p>\n\n\n\n<h2 class=\"wp-block-heading\">Quais s\u00e3o as principais causas da cefaleia matinal?<\/h2>\n\n\n\n<p>A dor de cabe\u00e7a ao acordar pode ter origens muito distintas, e diferenci\u00e1-las ajuda o m\u00e9dico a chegar ao diagn\u00f3stico correto. As causas mais frequentes incluem:<\/p>\n\n\n<div class=\"wp-block-image\">\n<figure class=\"aligncenter size-large\"><img decoding=\"async\" width=\"1024\" height=\"589\" src=\"https:\/\/www.tuasaude.com\/news\/wp-content\/uploads\/2026\/04\/convertido-9-15-1024x589.jpg\" alt=\"Quais s\u00e3o as principais causas da cefaleia matinal?\" class=\"wp-image-29654\" srcset=\"https:\/\/www.tuasaude.com\/news\/wp-content\/uploads\/2026\/04\/convertido-9-15-1024x589.jpg 1024w, https:\/\/www.tuasaude.com\/news\/wp-content\/uploads\/2026\/04\/convertido-9-15-300x173.jpg 300w, https:\/\/www.tuasaude.com\/news\/wp-content\/uploads\/2026\/04\/convertido-9-15-768x442.jpg 768w, https:\/\/www.tuasaude.com\/news\/wp-content\/uploads\/2026\/04\/convertido-9-15-750x431.jpg 750w, https:\/\/www.tuasaude.com\/news\/wp-content\/uploads\/2026\/04\/convertido-9-15-1140x656.jpg 1140w, https:\/\/www.tuasaude.com\/news\/wp-content\/uploads\/2026\/04\/convertido-9-15.jpg 1280w\" sizes=\"(max-width: 1024px) 100vw, 1024px\" \/><figcaption class=\"wp-element-caption\">Quais s\u00e3o as principais causas da cefaleia matinal?<\/figcaption><\/figure>\n<\/div>\n\n\n<h2 class=\"wp-block-heading\">Quais sintomas ajudam a identificar a causa?<\/h2>\n\n\n\n<p>O padr\u00e3o da dor e os sinais associados fornecem pistas importantes. A dor causada pelo bruxismo costuma se localizar nas t\u00eamporas, vir acompanhada de sensibilidade nos dentes e cansa\u00e7o na mand\u00edbula. J\u00e1 a cefaleia da apneia tende a ser difusa, em press\u00e3o, e melhora poucos minutos ap\u00f3s levantar.<\/p>\n\n\n\n<p>Quando a dor \u00e9 puls\u00e1til, intensa e vem com tontura ou vis\u00e3o emba\u00e7ada, pode estar relacionada \u00e0 press\u00e3o arterial elevada. J\u00e1 o ressecamento da boca, sede intensa e urina escura ao acordar sugerem desidrata\u00e7\u00e3o noturna. Procure avalia\u00e7\u00e3o m\u00e9dica imediata se a dor for s\u00fabita, muito forte ou acompanhada de febre, rigidez de nuca, altera\u00e7\u00f5es na fala ou fraqueza em algum lado do corpo.<\/p>\n\n\n<div class=\"wp-block-image\">\n<figure class=\"aligncenter size-large\"><img decoding=\"async\" width=\"1024\" height=\"571\" src=\"https:\/\/www.tuasaude.com\/news\/wp-content\/uploads\/2026\/04\/freepik_illustration-nonphotoreal_2882972887-1024x571.jpg\" alt=\"Voc\u00ea est\u00e1 com dor de cabe\u00e7a toda manh\u00e3 ao acordar? Aqui est\u00e3o as causas, os sintomas e o tratamento\" class=\"wp-image-29664\" srcset=\"https:\/\/www.tuasaude.com\/news\/wp-content\/uploads\/2026\/04\/freepik_illustration-nonphotoreal_2882972887-1024x571.jpg 1024w, https:\/\/www.tuasaude.com\/news\/wp-content\/uploads\/2026\/04\/freepik_illustration-nonphotoreal_2882972887-300x167.jpg 300w, https:\/\/www.tuasaude.com\/news\/wp-content\/uploads\/2026\/04\/freepik_illustration-nonphotoreal_2882972887-768x428.jpg 768w, https:\/\/www.tuasaude.com\/news\/wp-content\/uploads\/2026\/04\/freepik_illustration-nonphotoreal_2882972887-750x418.jpg 750w, https:\/\/www.tuasaude.com\/news\/wp-content\/uploads\/2026\/04\/freepik_illustration-nonphotoreal_2882972887-1140x636.jpg 1140w, https:\/\/www.tuasaude.com\/news\/wp-content\/uploads\/2026\/04\/freepik_illustration-nonphotoreal_2882972887.jpg 1280w\" sizes=\"(max-width: 1024px) 100vw, 1024px\" \/><figcaption class=\"wp-element-caption\">Cefaleia matinal frequente merece aten\u00e7\u00e3o e investiga\u00e7\u00e3o.<\/figcaption><\/figure>\n<\/div>\n\n\n<h2 class=\"wp-block-heading\">O que mostra um estudo cient\u00edfico sobre o tema?<\/h2>\n\n\n\n<p>A rela\u00e7\u00e3o entre dist\u00farbios do sono e cefaleia matinal foi amplamente investigada em pesquisas recentes que reuniram dados de pacientes acompanhados em centros do sono ao redor do mundo. Os resultados ajudam m\u00e9dicos a integrar a avalia\u00e7\u00e3o do sono \u00e0 investiga\u00e7\u00e3o das dores de cabe\u00e7a frequentes.<\/p>\n\n\n\n<p>Segundo a revis\u00e3o sistem\u00e1tica com meta-an\u00e1lise <a href=\"https:\/\/pubmed.ncbi.nlm.nih.gov\/38056382\/\" target=\"_blank\" rel=\"noreferrer noopener\">Prevalence of headaches and their relationship with obstructive sleep apnea (OSA): systematic review and meta-analysis<\/a>, indexada no PubMed, pesquisadores identificaram que cerca de 33% dos pacientes com apneia obstrutiva do sono apresentam dor de cabe\u00e7a matinal, valor significativamente maior do que o observado na popula\u00e7\u00e3o geral. Os autores destacam que essa cefaleia costuma ser difusa, de baixa a moderada intensidade, e tende a melhorar com o tratamento adequado da apneia, refor\u00e7ando a import\u00e2ncia de investigar o sono diante de dores recorrentes ao despertar.<\/p>\n\n\n\n<h2 class=\"wp-block-heading\">Como \u00e9 feito o tratamento?<\/h2>\n\n\n\n<p>O tratamento depende diretamente da causa identificada e quase sempre combina mudan\u00e7as de h\u00e1bitos com interven\u00e7\u00f5es espec\u00edficas. Para casos relacionados a dist\u00farbios do sono, o diagn\u00f3stico \u00e9 feito por polissonografia, que registra respira\u00e7\u00e3o, oxigena\u00e7\u00e3o e est\u00e1gios do sono ao longo da noite.<\/p>\n\n\n\n<p>Algumas estrat\u00e9gias com respaldo cl\u00ednico incluem:<\/p>\n\n\n\n<ul class=\"wp-block-list\">\n<li><strong>Tratar a <a href=\"https:\/\/www.tuasaude.com\/apneia-do-sono\/\" target=\"_blank\" rel=\"noreferrer noopener\">apneia do sono<\/a><\/strong> com CPAP, dispositivos intraorais ou cirurgia em casos selecionados;<\/li>\n\n\n\n<li><strong>Usar placa de prote\u00e7\u00e3o dental<\/strong> para controlar o <a href=\"https:\/\/www.tuasaude.com\/bruxismo\/\" target=\"_blank\" rel=\"noreferrer noopener\">bruxismo<\/a> noturno;<\/li>\n\n\n\n<li><strong>Controlar a press\u00e3o arterial<\/strong> com medica\u00e7\u00e3o e ajustes na alimenta\u00e7\u00e3o;<\/li>\n\n\n\n<li><strong>Manter boa hidrata\u00e7\u00e3o<\/strong> ao longo do dia, especialmente \u00e0 noite;<\/li>\n\n\n\n<li><strong>Ajustar travesseiro e colch\u00e3o<\/strong> para preservar o alinhamento da coluna cervical;<\/li>\n\n\n\n<li><strong>Reduzir \u00e1lcool e cafe\u00edna<\/strong> nas horas que antecedem o sono;<\/li>\n\n\n\n<li><strong>Praticar t\u00e9cnicas de relaxamento<\/strong> e exerc\u00edcios f\u00edsicos regulares para reduzir o estresse.<\/li>\n<\/ul>\n\n\n\n<p><em>Este conte\u00fado tem car\u00e1ter exclusivamente informativo e n\u00e3o substitui a avalia\u00e7\u00e3o, o diagn\u00f3stico ou o tratamento realizados por um m\u00e9dico ou outro profissional de sa\u00fade qualificado. Em caso de dor de cabe\u00e7a persistente, intensa ou acompanhada de outros sintomas, procure orienta\u00e7\u00e3o m\u00e9dica.<\/em><\/p>\n","protected":false},"excerpt":{"rendered":"<p>Acordar com dor de cabe\u00e7a com frequ\u00eancia \u00e9 mais do que um inc\u00f4modo passageiro e pode indicar que algo n\u00e3o est\u00e1 funcionando bem durante o sono. A cefaleia matinal pode estar ligada \u00e0 apneia do sono, bruxismo, hipertens\u00e3o ou desidrata\u00e7\u00e3o noturna, e identificar o padr\u00e3o \u00e9 essencial antes de qualquer tratamento. Entender o que acontece [&hellip;]<\/p>\n","protected":false},"author":11,"featured_media":29663,"comment_status":"open","ping_status":"open","sticky":false,"template":"","format":"standard","meta":{"_yoast_wpseo_focuskw":"dor de cabe\u00e7a toda manh\u00e3 ao acordar","_yoast_wpseo_title":"","_yoast_wpseo_metadesc":"A cefaleia matinal afeta quem tem dist\u00farbios do sono e desidrata\u00e7\u00e3o noturna. Saiba por que a dor surge ao acordar e quando investigar.","jnews-multi-image_gallery":[],"jnews_single_post":{"format":"standard"},"jnews_primary_category":[],"jnews_social_meta":[],"jnews_override_counter":[],"footnotes":""},"categories":[111],"tags":[145,282,437,136],"class_list":["post-29652","post","type-post","status-publish","format-standard","has-post-thumbnail","hentry","category-saude","tag-bem-estar","tag-dor-de-cabeca","tag-enxaqueca","tag-saude"],"yoast_head":"<!-- This site is optimized with the Yoast SEO plugin v26.7 - https:\/\/yoast.com\/wordpress\/plugins\/seo\/ -->\n<title>Voc\u00ea est\u00e1 com dor de cabe\u00e7a toda manh\u00e3 ao acordar? Aqui est\u00e3o as causas, os sintomas e o tratamento - Tua Sa\u00fade<\/title>\n<meta name=\"description\" content=\"A cefaleia matinal afeta quem tem dist\u00farbios do sono e desidrata\u00e7\u00e3o noturna. Saiba por que a dor surge ao acordar e quando investigar.\" \/>\n<meta name=\"robots\" content=\"index, follow, max-snippet:-1, max-image-preview:large, max-video-preview:-1\" \/>\n<link rel=\"canonical\" href=\"https:\/\/www.tuasaude.com\/news\/2026\/04\/29\/voce-esta-com-dor-de-cabeca-toda-manha-ao-acordar-aqui-estao-as-causas-os-sintomas-e-o-tratamento\/\" \/>\n<meta property=\"og:locale\" content=\"pt_BR\" \/>\n<meta property=\"og:type\" content=\"article\" \/>\n<meta property=\"og:title\" content=\"Voc\u00ea est\u00e1 com dor de cabe\u00e7a toda manh\u00e3 ao acordar? Aqui est\u00e3o as causas, os sintomas e o tratamento - Tua Sa\u00fade\" \/>\n<meta property=\"og:description\" content=\"A cefaleia matinal afeta quem tem dist\u00farbios do sono e desidrata\u00e7\u00e3o noturna. Saiba por que a dor surge ao acordar e quando investigar.\" \/>\n<meta property=\"og:url\" content=\"https:\/\/www.tuasaude.com\/news\/2026\/04\/29\/voce-esta-com-dor-de-cabeca-toda-manha-ao-acordar-aqui-estao-as-causas-os-sintomas-e-o-tratamento\/\" \/>\n<meta property=\"og:site_name\" content=\"Tua Sa\u00fade\" \/>\n<meta property=\"article:published_time\" content=\"2026-04-29T11:10:00+00:00\" \/>\n<meta property=\"og:image\" content=\"https:\/\/www.tuasaude.com\/news\/wp-content\/uploads\/2026\/04\/freepik_illustration-nonphotoreal_2882972364.jpg\" \/>\n\t<meta property=\"og:image:width\" content=\"1280\" \/>\n\t<meta property=\"og:image:height\" content=\"714\" \/>\n\t<meta property=\"og:image:type\" content=\"image\/jpeg\" \/>\n<meta name=\"author\" content=\"Gessika Julia Carvalho\" \/>\n<meta name=\"twitter:card\" content=\"summary_large_image\" \/>\n<meta name=\"twitter:label1\" content=\"Escrito por\" \/>\n\t<meta name=\"twitter:data1\" content=\"Gessika Julia Carvalho\" \/>\n\t<meta name=\"twitter:label2\" content=\"Est. tempo de leitura\" \/>\n\t<meta name=\"twitter:data2\" content=\"5 minutos\" \/>\n<!-- \/ Yoast SEO plugin. -->","yoast_head_json":{"title":"Voc\u00ea est\u00e1 com dor de cabe\u00e7a toda manh\u00e3 ao acordar? Aqui est\u00e3o as causas, os sintomas e o tratamento - Tua Sa\u00fade","description":"A cefaleia matinal afeta quem tem dist\u00farbios do sono e desidrata\u00e7\u00e3o noturna. Saiba por que a dor surge ao acordar e quando investigar.","robots":{"index":"index","follow":"follow","max-snippet":"max-snippet:-1","max-image-preview":"max-image-preview:large","max-video-preview":"max-video-preview:-1"},"canonical":"https:\/\/www.tuasaude.com\/news\/2026\/04\/29\/voce-esta-com-dor-de-cabeca-toda-manha-ao-acordar-aqui-estao-as-causas-os-sintomas-e-o-tratamento\/","og_locale":"pt_BR","og_type":"article","og_title":"Voc\u00ea est\u00e1 com dor de cabe\u00e7a toda manh\u00e3 ao acordar? Aqui est\u00e3o as causas, os sintomas e o tratamento - Tua Sa\u00fade","og_description":"A cefaleia matinal afeta quem tem dist\u00farbios do sono e desidrata\u00e7\u00e3o noturna. Saiba por que a dor surge ao acordar e quando investigar.","og_url":"https:\/\/www.tuasaude.com\/news\/2026\/04\/29\/voce-esta-com-dor-de-cabeca-toda-manha-ao-acordar-aqui-estao-as-causas-os-sintomas-e-o-tratamento\/","og_site_name":"Tua Sa\u00fade","article_published_time":"2026-04-29T11:10:00+00:00","og_image":[{"width":1280,"height":714,"url":"https:\/\/www.tuasaude.com\/news\/wp-content\/uploads\/2026\/04\/freepik_illustration-nonphotoreal_2882972364.jpg","type":"image\/jpeg"}],"author":"Gessika Julia Carvalho","twitter_card":"summary_large_image","twitter_misc":{"Escrito por":"Gessika Julia Carvalho","Est. tempo de leitura":"5 minutos"},"schema":{"@context":"https:\/\/schema.org","@graph":[{"@type":"Article","@id":"https:\/\/www.tuasaude.com\/news\/2026\/04\/29\/voce-esta-com-dor-de-cabeca-toda-manha-ao-acordar-aqui-estao-as-causas-os-sintomas-e-o-tratamento\/#article","isPartOf":{"@id":"https:\/\/www.tuasaude.com\/news\/2026\/04\/29\/voce-esta-com-dor-de-cabeca-toda-manha-ao-acordar-aqui-estao-as-causas-os-sintomas-e-o-tratamento\/"},"author":{"name":"Gessika Julia Carvalho","@id":"https:\/\/www.tuasaude.com\/news\/#\/schema\/person\/2e9df841be69ec84f5d20ddb8d273ac2"},"headline":"Voc\u00ea est\u00e1 com dor de cabe\u00e7a toda manh\u00e3 ao acordar? Aqui est\u00e3o as causas, os sintomas e o tratamento","datePublished":"2026-04-29T11:10:00+00:00","mainEntityOfPage":{"@id":"https:\/\/www.tuasaude.com\/news\/2026\/04\/29\/voce-esta-com-dor-de-cabeca-toda-manha-ao-acordar-aqui-estao-as-causas-os-sintomas-e-o-tratamento\/"},"wordCount":775,"commentCount":0,"image":{"@id":"https:\/\/www.tuasaude.com\/news\/2026\/04\/29\/voce-esta-com-dor-de-cabeca-toda-manha-ao-acordar-aqui-estao-as-causas-os-sintomas-e-o-tratamento\/#primaryimage"},"thumbnailUrl":"https:\/\/www.tuasaude.com\/news\/wp-content\/uploads\/2026\/04\/freepik_illustration-nonphotoreal_2882972364.jpg","keywords":["bem-estar","dor de cabe\u00e7a","enxaqueca","sa\u00fade"],"articleSection":["Sa\u00fade"],"inLanguage":"pt-BR","potentialAction":[{"@type":"CommentAction","name":"Comment","target":["https:\/\/www.tuasaude.com\/news\/2026\/04\/29\/voce-esta-com-dor-de-cabeca-toda-manha-ao-acordar-aqui-estao-as-causas-os-sintomas-e-o-tratamento\/#respond"]}]},{"@type":"WebPage","@id":"https:\/\/www.tuasaude.com\/news\/2026\/04\/29\/voce-esta-com-dor-de-cabeca-toda-manha-ao-acordar-aqui-estao-as-causas-os-sintomas-e-o-tratamento\/","url":"https:\/\/www.tuasaude.com\/news\/2026\/04\/29\/voce-esta-com-dor-de-cabeca-toda-manha-ao-acordar-aqui-estao-as-causas-os-sintomas-e-o-tratamento\/","name":"Voc\u00ea est\u00e1 com dor de cabe\u00e7a toda manh\u00e3 ao acordar? Aqui est\u00e3o as causas, os sintomas e o tratamento - Tua Sa\u00fade","isPartOf":{"@id":"https:\/\/www.tuasaude.com\/news\/#website"},"primaryImageOfPage":{"@id":"https:\/\/www.tuasaude.com\/news\/2026\/04\/29\/voce-esta-com-dor-de-cabeca-toda-manha-ao-acordar-aqui-estao-as-causas-os-sintomas-e-o-tratamento\/#primaryimage"},"image":{"@id":"https:\/\/www.tuasaude.com\/news\/2026\/04\/29\/voce-esta-com-dor-de-cabeca-toda-manha-ao-acordar-aqui-estao-as-causas-os-sintomas-e-o-tratamento\/#primaryimage"},"thumbnailUrl":"https:\/\/www.tuasaude.com\/news\/wp-content\/uploads\/2026\/04\/freepik_illustration-nonphotoreal_2882972364.jpg","datePublished":"2026-04-29T11:10:00+00:00","author":{"@id":"https:\/\/www.tuasaude.com\/news\/#\/schema\/person\/2e9df841be69ec84f5d20ddb8d273ac2"},"description":"A cefaleia matinal afeta quem tem dist\u00farbios do sono e desidrata\u00e7\u00e3o noturna. Saiba por que a dor surge ao acordar e quando investigar.","breadcrumb":{"@id":"https:\/\/www.tuasaude.com\/news\/2026\/04\/29\/voce-esta-com-dor-de-cabeca-toda-manha-ao-acordar-aqui-estao-as-causas-os-sintomas-e-o-tratamento\/#breadcrumb"},"inLanguage":"pt-BR","potentialAction":[{"@type":"ReadAction","target":["https:\/\/www.tuasaude.com\/news\/2026\/04\/29\/voce-esta-com-dor-de-cabeca-toda-manha-ao-acordar-aqui-estao-as-causas-os-sintomas-e-o-tratamento\/"]}]},{"@type":"ImageObject","inLanguage":"pt-BR","@id":"https:\/\/www.tuasaude.com\/news\/2026\/04\/29\/voce-esta-com-dor-de-cabeca-toda-manha-ao-acordar-aqui-estao-as-causas-os-sintomas-e-o-tratamento\/#primaryimage","url":"https:\/\/www.tuasaude.com\/news\/wp-content\/uploads\/2026\/04\/freepik_illustration-nonphotoreal_2882972364.jpg","contentUrl":"https:\/\/www.tuasaude.com\/news\/wp-content\/uploads\/2026\/04\/freepik_illustration-nonphotoreal_2882972364.jpg","width":1280,"height":714,"caption":"Acordar com dor de cabe\u00e7a pode ser um sinal de que algo est\u00e1 errado no seu sono."},{"@type":"BreadcrumbList","@id":"https:\/\/www.tuasaude.com\/news\/2026\/04\/29\/voce-esta-com-dor-de-cabeca-toda-manha-ao-acordar-aqui-estao-as-causas-os-sintomas-e-o-tratamento\/#breadcrumb","itemListElement":[{"@type":"ListItem","position":1,"name":"In\u00edcio","item":"https:\/\/www.tuasaude.com\/news\/"},{"@type":"ListItem","position":2,"name":"Voc\u00ea est\u00e1 com dor de cabe\u00e7a toda manh\u00e3 ao acordar? Aqui est\u00e3o as causas, os sintomas e o tratamento"}]},{"@type":"WebSite","@id":"https:\/\/www.tuasaude.com\/news\/#website","url":"https:\/\/www.tuasaude.com\/news\/","name":"Tua Sa\u00fade","description":"Seu site de sa\u00fade","potentialAction":[{"@type":"SearchAction","target":{"@type":"EntryPoint","urlTemplate":"https:\/\/www.tuasaude.com\/news\/?s={search_term_string}"},"query-input":{"@type":"PropertyValueSpecification","valueRequired":true,"valueName":"search_term_string"}}],"inLanguage":"pt-BR"},{"@type":"Person","@id":"https:\/\/www.tuasaude.com\/news\/#\/schema\/person\/2e9df841be69ec84f5d20ddb8d273ac2","name":"Gessika Julia Carvalho","image":{"@type":"ImageObject","inLanguage":"pt-BR","@id":"https:\/\/www.tuasaude.com\/news\/#\/schema\/person\/image\/","url":"https:\/\/secure.gravatar.com\/avatar\/0fcc8769024577fd0bc6a8b766055690f76a8e8f29dfb2a2f89cf04db8d0f2d2?s=96&d=mm&r=g","contentUrl":"https:\/\/secure.gravatar.com\/avatar\/0fcc8769024577fd0bc6a8b766055690f76a8e8f29dfb2a2f89cf04db8d0f2d2?s=96&d=mm&r=g","caption":"Gessika Julia Carvalho"},"sameAs":["https:\/\/www.tuasaude.com\/news\/"],"url":"https:\/\/www.tuasaude.com\/news\/author\/gessika-julia\/"}]}},"_links":{"self":[{"href":"https:\/\/www.tuasaude.com\/news\/wp-json\/wp\/v2\/posts\/29652","targetHints":{"allow":["GET"]}}],"collection":[{"href":"https:\/\/www.tuasaude.com\/news\/wp-json\/wp\/v2\/posts"}],"about":[{"href":"https:\/\/www.tuasaude.com\/news\/wp-json\/wp\/v2\/types\/post"}],"author":[{"embeddable":true,"href":"https:\/\/www.tuasaude.com\/news\/wp-json\/wp\/v2\/users\/11"}],"replies":[{"embeddable":true,"href":"https:\/\/www.tuasaude.com\/news\/wp-json\/wp\/v2\/comments?post=29652"}],"version-history":[{"count":2,"href":"https:\/\/www.tuasaude.com\/news\/wp-json\/wp\/v2\/posts\/29652\/revisions"}],"predecessor-version":[{"id":29676,"href":"https:\/\/www.tuasaude.com\/news\/wp-json\/wp\/v2\/posts\/29652\/revisions\/29676"}],"wp:featuredmedia":[{"embeddable":true,"href":"https:\/\/www.tuasaude.com\/news\/wp-json\/wp\/v2\/media\/29663"}],"wp:attachment":[{"href":"https:\/\/www.tuasaude.com\/news\/wp-json\/wp\/v2\/media?parent=29652"}],"wp:term":[{"taxonomy":"category","embeddable":true,"href":"https:\/\/www.tuasaude.com\/news\/wp-json\/wp\/v2\/categories?post=29652"},{"taxonomy":"post_tag","embeddable":true,"href":"https:\/\/www.tuasaude.com\/news\/wp-json\/wp\/v2\/tags?post=29652"}],"curies":[{"name":"wp","href":"https:\/\/api.w.org\/{rel}","templated":true}]}}