{"id":29642,"date":"2026-04-29T07:00:00","date_gmt":"2026-04-29T10:00:00","guid":{"rendered":"https:\/\/www.tuasaude.com\/news\/?p=29642"},"modified":"2026-04-28T12:39:21","modified_gmt":"2026-04-28T15:39:21","slug":"voce-esta-com-a-lingua-esbranquicada-com-frequencia-aqui-estao-as-causas-os-sintomas-e-o-tratamento","status":"publish","type":"post","link":"https:\/\/www.tuasaude.com\/news\/2026\/04\/29\/voce-esta-com-a-lingua-esbranquicada-com-frequencia-aqui-estao-as-causas-os-sintomas-e-o-tratamento\/","title":{"rendered":"Voc\u00ea est\u00e1 com a l\u00edngua esbranqui\u00e7ada com frequ\u00eancia? Aqui est\u00e3o as causas, os sintomas e o tratamento"},"content":{"rendered":"\n<p>Notar uma camada branca na superf\u00edcie da l\u00edngua ao acordar ou durante o dia \u00e9 uma queixa comum e nem sempre representa um problema grave. No entanto, quando o aspecto esbranqui\u00e7ado aparece com frequ\u00eancia, pode indicar candid\u00edase oral, desidrata\u00e7\u00e3o, m\u00e1 higiene bucal ou at\u00e9 doen\u00e7as sist\u00eamicas. A colora\u00e7\u00e3o, a textura e a localiza\u00e7\u00e3o da les\u00e3o ajudam o profissional a identificar a causa correta e definir o tratamento mais adequado para cada caso.<\/p>\n\n\n\n<h2 class=\"wp-block-heading\">O que causa a l\u00edngua esbranqui\u00e7ada?<\/h2>\n\n\n\n<p>Na maioria dos casos, a causa \u00e9 a saburra lingual, uma pel\u00edcula formada pelo ac\u00famulo de bact\u00e9rias, restos de alimentos e c\u00e9lulas mortas entre as papilas da l\u00edngua. Esse ac\u00famulo aumenta quando h\u00e1 higiene bucal insuficiente, redu\u00e7\u00e3o da produ\u00e7\u00e3o de saliva ou jejum prolongado.<\/p>\n\n\n\n<p>Outras causas frequentes incluem candid\u00edase oral, leucoplasia, l\u00edngua geogr\u00e1fica, l\u00edquen plano e desidrata\u00e7\u00e3o. Em algumas situa\u00e7\u00f5es, a altera\u00e7\u00e3o persistente pode refletir condi\u00e7\u00f5es sist\u00eamicas como diabetes, refluxo gastroesof\u00e1gico, anemia ou altera\u00e7\u00f5es hep\u00e1ticas, que merecem investiga\u00e7\u00e3o cl\u00ednica completa.<\/p>\n\n\n\n<h2 class=\"wp-block-heading\">Quais sintomas costumam acompanhar a altera\u00e7\u00e3o?<\/h2>\n\n\n\n<p>A colora\u00e7\u00e3o branca raramente surge isolada. Observar os sinais associados ajuda a diferenciar uma saburra simples de quadros que exigem tratamento espec\u00edfico. Os sintomas mais frequentes incluem:<\/p>\n\n\n<div class=\"wp-block-image\">\n<figure class=\"aligncenter size-large\"><img decoding=\"async\" width=\"1024\" height=\"589\" src=\"https:\/\/www.tuasaude.com\/news\/wp-content\/uploads\/2026\/04\/convertido-6-15-1024x589.jpg\" alt=\"Quais sintomas costumam acompanhar a altera\u00e7\u00e3o?\" class=\"wp-image-29643\" srcset=\"https:\/\/www.tuasaude.com\/news\/wp-content\/uploads\/2026\/04\/convertido-6-15-1024x589.jpg 1024w, https:\/\/www.tuasaude.com\/news\/wp-content\/uploads\/2026\/04\/convertido-6-15-300x173.jpg 300w, https:\/\/www.tuasaude.com\/news\/wp-content\/uploads\/2026\/04\/convertido-6-15-768x442.jpg 768w, https:\/\/www.tuasaude.com\/news\/wp-content\/uploads\/2026\/04\/convertido-6-15-750x431.jpg 750w, https:\/\/www.tuasaude.com\/news\/wp-content\/uploads\/2026\/04\/convertido-6-15-1140x656.jpg 1140w, https:\/\/www.tuasaude.com\/news\/wp-content\/uploads\/2026\/04\/convertido-6-15.jpg 1280w\" sizes=\"(max-width: 1024px) 100vw, 1024px\" \/><figcaption class=\"wp-element-caption\">Quais sintomas costumam acompanhar a altera\u00e7\u00e3o?<\/figcaption><\/figure>\n<\/div>\n\n\n<h2 class=\"wp-block-heading\">Como diferenciar saburra de candid\u00edase oral?<\/h2>\n\n\n\n<p>A saburra lingual costuma ser uma camada uniforme, mais espessa na regi\u00e3o posterior da l\u00edngua, que sai facilmente com a raspagem ou escova\u00e7\u00e3o. J\u00e1 a candid\u00edase oral aparece como placas brancas, cremosas e semelhantes a coalhada, que podem se localizar tamb\u00e9m nas bochechas, no c\u00e9u da boca ou na garganta.<\/p>\n\n\n\n<p>Ao tentar remover as placas da candid\u00edase, a regi\u00e3o costuma ficar avermelhada e sens\u00edvel, podendo at\u00e9 sangrar. Esse quadro \u00e9 mais comum em beb\u00eas, idosos, pessoas com baixa imunidade, usu\u00e1rios de pr\u00f3tese dent\u00e1ria e indiv\u00edduos em uso de antibi\u00f3ticos ou corticoides. Acessar mais informa\u00e7\u00f5es sobre <a href=\"https:\/\/www.tuasaude.com\/saburra-lingual\/\" target=\"_blank\" rel=\"noreferrer noopener\">saburra lingual<\/a> ajuda a identificar quando o caso exige avalia\u00e7\u00e3o profissional.<\/p>\n\n\n<div class=\"wp-block-image\">\n<figure class=\"aligncenter size-large\"><img decoding=\"async\" width=\"1024\" height=\"571\" src=\"https:\/\/www.tuasaude.com\/news\/wp-content\/uploads\/2026\/04\/freepik_illustration-nonphotoreal_2883058050-1024x571.jpg\" alt=\"Voc\u00ea est\u00e1 com a l\u00edngua esbranqui\u00e7ada com frequ\u00eancia? Aqui est\u00e3o as causas, os sintomas e o tratamento\" class=\"wp-image-29687\" srcset=\"https:\/\/www.tuasaude.com\/news\/wp-content\/uploads\/2026\/04\/freepik_illustration-nonphotoreal_2883058050-1024x571.jpg 1024w, https:\/\/www.tuasaude.com\/news\/wp-content\/uploads\/2026\/04\/freepik_illustration-nonphotoreal_2883058050-300x167.jpg 300w, https:\/\/www.tuasaude.com\/news\/wp-content\/uploads\/2026\/04\/freepik_illustration-nonphotoreal_2883058050-768x428.jpg 768w, https:\/\/www.tuasaude.com\/news\/wp-content\/uploads\/2026\/04\/freepik_illustration-nonphotoreal_2883058050-750x418.jpg 750w, https:\/\/www.tuasaude.com\/news\/wp-content\/uploads\/2026\/04\/freepik_illustration-nonphotoreal_2883058050-1140x636.jpg 1140w, https:\/\/www.tuasaude.com\/news\/wp-content\/uploads\/2026\/04\/freepik_illustration-nonphotoreal_2883058050.jpg 1280w\" sizes=\"(max-width: 1024px) 100vw, 1024px\" \/><figcaption class=\"wp-element-caption\">Saburra ou candid\u00edase? A l\u00edngua pode dar sinais importantes.<\/figcaption><\/figure>\n<\/div>\n\n\n<h2 class=\"wp-block-heading\">O que mostra um estudo cient\u00edfico sobre o tema?<\/h2>\n\n\n\n<p>A rela\u00e7\u00e3o entre fatores de risco e o aparecimento de placas brancas na boca j\u00e1 foi avaliada em pesquisas brasileiras com pacientes de hospitais terci\u00e1rios. Os resultados ajudam a entender quem precisa de mais aten\u00e7\u00e3o e quais condi\u00e7\u00f5es aumentam a probabilidade de o fungo Candida se proliferar de forma descontrolada.<\/p>\n\n\n\n<p>Segundo o estudo transversal <a href=\"https:\/\/pmc.ncbi.nlm.nih.gov\/articles\/PMC12364486\/\" target=\"_blank\" rel=\"noreferrer noopener\">Risk of oral candidiasis: profile analysis of patients admitted to the dermatology clinic of a tertiary hospital in southeast of Brazil<\/a>, indexado no PubMed Central, a preval\u00eancia de esp\u00e9cies de Candida na cavidade oral chegou a 32,1% entre os 240 pacientes avaliados, sendo a Candida albicans a mais comum em mais de 90% dos casos. Os pesquisadores identificaram que o envelhecimento, o uso de pr\u00f3teses dent\u00e1rias e a imunossupress\u00e3o estavam presentes na maioria das infec\u00e7\u00f5es, refor\u00e7ando a import\u00e2ncia de avaliar fatores locais e sist\u00eamicos diante de placas brancas persistentes.<\/p>\n\n\n\n<h2 class=\"wp-block-heading\">Como \u00e9 feito o tratamento?<\/h2>\n\n\n\n<p>O tratamento depende diretamente da causa identificada. Quando se trata de saburra simples, melhorar a higiene bucal j\u00e1 costuma resolver o quadro em poucos dias. J\u00e1 a candid\u00edase oral exige medicamentos antif\u00fangicos como nistatina ou miconazol em gel, prescritos pelo dentista ou m\u00e9dico.<\/p>\n\n\n\n<p>Para acelerar a recupera\u00e7\u00e3o e prevenir novos epis\u00f3dios, algumas medidas s\u00e3o essenciais:<\/p>\n\n\n\n<ul class=\"wp-block-list\">\n<li><strong>Escovar a l\u00edngua<\/strong> diariamente, do fundo para a frente, com escova de cerdas macias;<\/li>\n\n\n\n<li><strong>Usar um <a href=\"https:\/\/www.tuasaude.com\/raspador-de-lingua\/\" target=\"_blank\" rel=\"noreferrer noopener\">raspador de l\u00edngua<\/a><\/strong> ap\u00f3s a escova\u00e7\u00e3o dos dentes;<\/li>\n\n\n\n<li><strong>Manter boa hidrata\u00e7\u00e3o<\/strong> ao longo do dia, bebendo \u00e1gua com regularidade;<\/li>\n\n\n\n<li><strong>Evitar tabaco e \u00e1lcool<\/strong>, que ressecam a mucosa e alteram a microbiota oral;<\/li>\n\n\n\n<li><strong>Higienizar pr\u00f3teses<\/strong> diariamente, removendo-as \u00e0 noite quando indicado;<\/li>\n\n\n\n<li><strong>Reduzir o consumo de a\u00e7\u00facar<\/strong>, que favorece a prolifera\u00e7\u00e3o de fungos;<\/li>\n\n\n\n<li><strong>Visitar o dentista<\/strong> regularmente para limpeza e avalia\u00e7\u00e3o profissional.<\/li>\n<\/ul>\n\n\n\n<p><em>Este conte\u00fado tem car\u00e1ter exclusivamente informativo e n\u00e3o substitui a avalia\u00e7\u00e3o, o diagn\u00f3stico ou o tratamento realizados por um dentista, m\u00e9dico ou profissional de sa\u00fade qualificado. Em caso de placas brancas persistentes, dor, ard\u00eancia ou altera\u00e7\u00f5es no paladar, procure orienta\u00e7\u00e3o profissional.<\/em><\/p>\n","protected":false},"excerpt":{"rendered":"<p>Notar uma camada branca na superf\u00edcie da l\u00edngua ao acordar ou durante o dia \u00e9 uma queixa comum e nem sempre representa um problema grave. No entanto, quando o aspecto esbranqui\u00e7ado aparece com frequ\u00eancia, pode indicar candid\u00edase oral, desidrata\u00e7\u00e3o, m\u00e1 higiene bucal ou at\u00e9 doen\u00e7as sist\u00eamicas. A colora\u00e7\u00e3o, a textura e a localiza\u00e7\u00e3o da les\u00e3o [&hellip;]<\/p>\n","protected":false},"author":11,"featured_media":29686,"comment_status":"open","ping_status":"open","sticky":false,"template":"","format":"standard","meta":{"_yoast_wpseo_focuskw":"l\u00edngua esbranqui\u00e7ada com frequ\u00eancia","_yoast_wpseo_title":"","_yoast_wpseo_metadesc":"Placas brancas na l\u00edngua nem sempre s\u00e3o simples. Entenda causas da l\u00edngua esbranqui\u00e7ada com frequ\u00eancia e como \u00e9 feito o tratamento.","jnews-multi-image_gallery":[],"jnews_single_post":{"format":"standard"},"jnews_primary_category":[],"jnews_social_meta":[],"jnews_override_counter":[],"footnotes":""},"categories":[111],"tags":[145,5356,3530,136],"class_list":["post-29642","post","type-post","status-publish","format-standard","has-post-thumbnail","hentry","category-saude","tag-bem-estar","tag-lingua-esbranquicada","tag-saburra-lingual","tag-saude"],"yoast_head":"<!-- This site is optimized with the Yoast SEO plugin v26.7 - https:\/\/yoast.com\/wordpress\/plugins\/seo\/ -->\n<title>Voc\u00ea est\u00e1 com a l\u00edngua esbranqui\u00e7ada com frequ\u00eancia? Aqui est\u00e3o as causas, os sintomas e o tratamento - Tua Sa\u00fade<\/title>\n<meta name=\"description\" content=\"Placas brancas na l\u00edngua nem sempre s\u00e3o simples. Entenda causas da l\u00edngua esbranqui\u00e7ada com frequ\u00eancia e como \u00e9 feito o tratamento.\" \/>\n<meta name=\"robots\" content=\"index, follow, max-snippet:-1, max-image-preview:large, max-video-preview:-1\" \/>\n<link rel=\"canonical\" href=\"https:\/\/www.tuasaude.com\/news\/2026\/04\/29\/voce-esta-com-a-lingua-esbranquicada-com-frequencia-aqui-estao-as-causas-os-sintomas-e-o-tratamento\/\" \/>\n<meta property=\"og:locale\" content=\"pt_BR\" \/>\n<meta property=\"og:type\" content=\"article\" \/>\n<meta property=\"og:title\" content=\"Voc\u00ea est\u00e1 com a l\u00edngua esbranqui\u00e7ada com frequ\u00eancia? Aqui est\u00e3o as causas, os sintomas e o tratamento - Tua Sa\u00fade\" \/>\n<meta property=\"og:description\" content=\"Placas brancas na l\u00edngua nem sempre s\u00e3o simples. Entenda causas da l\u00edngua esbranqui\u00e7ada com frequ\u00eancia e como \u00e9 feito o tratamento.\" \/>\n<meta property=\"og:url\" content=\"https:\/\/www.tuasaude.com\/news\/2026\/04\/29\/voce-esta-com-a-lingua-esbranquicada-com-frequencia-aqui-estao-as-causas-os-sintomas-e-o-tratamento\/\" \/>\n<meta property=\"og:site_name\" content=\"Tua Sa\u00fade\" \/>\n<meta property=\"article:published_time\" content=\"2026-04-29T10:00:00+00:00\" \/>\n<meta property=\"og:image\" content=\"https:\/\/www.tuasaude.com\/news\/wp-content\/uploads\/2026\/04\/freepik_illustration-nonphotoreal_2883057388.jpg\" \/>\n\t<meta property=\"og:image:width\" content=\"1280\" \/>\n\t<meta property=\"og:image:height\" content=\"714\" \/>\n\t<meta property=\"og:image:type\" content=\"image\/jpeg\" \/>\n<meta name=\"author\" content=\"Gessika Julia Carvalho\" \/>\n<meta name=\"twitter:card\" content=\"summary_large_image\" \/>\n<meta name=\"twitter:label1\" content=\"Escrito por\" \/>\n\t<meta name=\"twitter:data1\" content=\"Gessika Julia Carvalho\" \/>\n\t<meta name=\"twitter:label2\" content=\"Est. tempo de leitura\" \/>\n\t<meta name=\"twitter:data2\" content=\"5 minutos\" \/>\n<!-- \/ Yoast SEO plugin. -->","yoast_head_json":{"title":"Voc\u00ea est\u00e1 com a l\u00edngua esbranqui\u00e7ada com frequ\u00eancia? Aqui est\u00e3o as causas, os sintomas e o tratamento - Tua Sa\u00fade","description":"Placas brancas na l\u00edngua nem sempre s\u00e3o simples. Entenda causas da l\u00edngua esbranqui\u00e7ada com frequ\u00eancia e como \u00e9 feito o tratamento.","robots":{"index":"index","follow":"follow","max-snippet":"max-snippet:-1","max-image-preview":"max-image-preview:large","max-video-preview":"max-video-preview:-1"},"canonical":"https:\/\/www.tuasaude.com\/news\/2026\/04\/29\/voce-esta-com-a-lingua-esbranquicada-com-frequencia-aqui-estao-as-causas-os-sintomas-e-o-tratamento\/","og_locale":"pt_BR","og_type":"article","og_title":"Voc\u00ea est\u00e1 com a l\u00edngua esbranqui\u00e7ada com frequ\u00eancia? Aqui est\u00e3o as causas, os sintomas e o tratamento - Tua Sa\u00fade","og_description":"Placas brancas na l\u00edngua nem sempre s\u00e3o simples. Entenda causas da l\u00edngua esbranqui\u00e7ada com frequ\u00eancia e como \u00e9 feito o tratamento.","og_url":"https:\/\/www.tuasaude.com\/news\/2026\/04\/29\/voce-esta-com-a-lingua-esbranquicada-com-frequencia-aqui-estao-as-causas-os-sintomas-e-o-tratamento\/","og_site_name":"Tua Sa\u00fade","article_published_time":"2026-04-29T10:00:00+00:00","og_image":[{"width":1280,"height":714,"url":"https:\/\/www.tuasaude.com\/news\/wp-content\/uploads\/2026\/04\/freepik_illustration-nonphotoreal_2883057388.jpg","type":"image\/jpeg"}],"author":"Gessika Julia Carvalho","twitter_card":"summary_large_image","twitter_misc":{"Escrito por":"Gessika Julia Carvalho","Est. tempo de leitura":"5 minutos"},"schema":{"@context":"https:\/\/schema.org","@graph":[{"@type":"Article","@id":"https:\/\/www.tuasaude.com\/news\/2026\/04\/29\/voce-esta-com-a-lingua-esbranquicada-com-frequencia-aqui-estao-as-causas-os-sintomas-e-o-tratamento\/#article","isPartOf":{"@id":"https:\/\/www.tuasaude.com\/news\/2026\/04\/29\/voce-esta-com-a-lingua-esbranquicada-com-frequencia-aqui-estao-as-causas-os-sintomas-e-o-tratamento\/"},"author":{"name":"Gessika Julia Carvalho","@id":"https:\/\/www.tuasaude.com\/news\/#\/schema\/person\/2e9df841be69ec84f5d20ddb8d273ac2"},"headline":"Voc\u00ea est\u00e1 com a l\u00edngua esbranqui\u00e7ada com frequ\u00eancia? Aqui est\u00e3o as causas, os sintomas e o tratamento","datePublished":"2026-04-29T10:00:00+00:00","mainEntityOfPage":{"@id":"https:\/\/www.tuasaude.com\/news\/2026\/04\/29\/voce-esta-com-a-lingua-esbranquicada-com-frequencia-aqui-estao-as-causas-os-sintomas-e-o-tratamento\/"},"wordCount":758,"commentCount":0,"image":{"@id":"https:\/\/www.tuasaude.com\/news\/2026\/04\/29\/voce-esta-com-a-lingua-esbranquicada-com-frequencia-aqui-estao-as-causas-os-sintomas-e-o-tratamento\/#primaryimage"},"thumbnailUrl":"https:\/\/www.tuasaude.com\/news\/wp-content\/uploads\/2026\/04\/freepik_illustration-nonphotoreal_2883057388.jpg","keywords":["bem-estar","l\u00edngua esbranqui\u00e7ada","saburra lingual","sa\u00fade"],"articleSection":["Sa\u00fade"],"inLanguage":"pt-BR","potentialAction":[{"@type":"CommentAction","name":"Comment","target":["https:\/\/www.tuasaude.com\/news\/2026\/04\/29\/voce-esta-com-a-lingua-esbranquicada-com-frequencia-aqui-estao-as-causas-os-sintomas-e-o-tratamento\/#respond"]}]},{"@type":"WebPage","@id":"https:\/\/www.tuasaude.com\/news\/2026\/04\/29\/voce-esta-com-a-lingua-esbranquicada-com-frequencia-aqui-estao-as-causas-os-sintomas-e-o-tratamento\/","url":"https:\/\/www.tuasaude.com\/news\/2026\/04\/29\/voce-esta-com-a-lingua-esbranquicada-com-frequencia-aqui-estao-as-causas-os-sintomas-e-o-tratamento\/","name":"Voc\u00ea est\u00e1 com a l\u00edngua esbranqui\u00e7ada com frequ\u00eancia? Aqui est\u00e3o as causas, os sintomas e o tratamento - Tua Sa\u00fade","isPartOf":{"@id":"https:\/\/www.tuasaude.com\/news\/#website"},"primaryImageOfPage":{"@id":"https:\/\/www.tuasaude.com\/news\/2026\/04\/29\/voce-esta-com-a-lingua-esbranquicada-com-frequencia-aqui-estao-as-causas-os-sintomas-e-o-tratamento\/#primaryimage"},"image":{"@id":"https:\/\/www.tuasaude.com\/news\/2026\/04\/29\/voce-esta-com-a-lingua-esbranquicada-com-frequencia-aqui-estao-as-causas-os-sintomas-e-o-tratamento\/#primaryimage"},"thumbnailUrl":"https:\/\/www.tuasaude.com\/news\/wp-content\/uploads\/2026\/04\/freepik_illustration-nonphotoreal_2883057388.jpg","datePublished":"2026-04-29T10:00:00+00:00","author":{"@id":"https:\/\/www.tuasaude.com\/news\/#\/schema\/person\/2e9df841be69ec84f5d20ddb8d273ac2"},"description":"Placas brancas na l\u00edngua nem sempre s\u00e3o simples. Entenda causas da l\u00edngua esbranqui\u00e7ada com frequ\u00eancia e como \u00e9 feito o tratamento.","breadcrumb":{"@id":"https:\/\/www.tuasaude.com\/news\/2026\/04\/29\/voce-esta-com-a-lingua-esbranquicada-com-frequencia-aqui-estao-as-causas-os-sintomas-e-o-tratamento\/#breadcrumb"},"inLanguage":"pt-BR","potentialAction":[{"@type":"ReadAction","target":["https:\/\/www.tuasaude.com\/news\/2026\/04\/29\/voce-esta-com-a-lingua-esbranquicada-com-frequencia-aqui-estao-as-causas-os-sintomas-e-o-tratamento\/"]}]},{"@type":"ImageObject","inLanguage":"pt-BR","@id":"https:\/\/www.tuasaude.com\/news\/2026\/04\/29\/voce-esta-com-a-lingua-esbranquicada-com-frequencia-aqui-estao-as-causas-os-sintomas-e-o-tratamento\/#primaryimage","url":"https:\/\/www.tuasaude.com\/news\/wp-content\/uploads\/2026\/04\/freepik_illustration-nonphotoreal_2883057388.jpg","contentUrl":"https:\/\/www.tuasaude.com\/news\/wp-content\/uploads\/2026\/04\/freepik_illustration-nonphotoreal_2883057388.jpg","width":1280,"height":714,"caption":"L\u00edngua branca frequente pode ser mais do que falta de higiene."},{"@type":"BreadcrumbList","@id":"https:\/\/www.tuasaude.com\/news\/2026\/04\/29\/voce-esta-com-a-lingua-esbranquicada-com-frequencia-aqui-estao-as-causas-os-sintomas-e-o-tratamento\/#breadcrumb","itemListElement":[{"@type":"ListItem","position":1,"name":"In\u00edcio","item":"https:\/\/www.tuasaude.com\/news\/"},{"@type":"ListItem","position":2,"name":"Voc\u00ea est\u00e1 com a l\u00edngua esbranqui\u00e7ada com frequ\u00eancia? Aqui est\u00e3o as causas, os sintomas e o tratamento"}]},{"@type":"WebSite","@id":"https:\/\/www.tuasaude.com\/news\/#website","url":"https:\/\/www.tuasaude.com\/news\/","name":"Tua Sa\u00fade","description":"Seu site de sa\u00fade","potentialAction":[{"@type":"SearchAction","target":{"@type":"EntryPoint","urlTemplate":"https:\/\/www.tuasaude.com\/news\/?s={search_term_string}"},"query-input":{"@type":"PropertyValueSpecification","valueRequired":true,"valueName":"search_term_string"}}],"inLanguage":"pt-BR"},{"@type":"Person","@id":"https:\/\/www.tuasaude.com\/news\/#\/schema\/person\/2e9df841be69ec84f5d20ddb8d273ac2","name":"Gessika Julia Carvalho","image":{"@type":"ImageObject","inLanguage":"pt-BR","@id":"https:\/\/www.tuasaude.com\/news\/#\/schema\/person\/image\/","url":"https:\/\/secure.gravatar.com\/avatar\/0fcc8769024577fd0bc6a8b766055690f76a8e8f29dfb2a2f89cf04db8d0f2d2?s=96&d=mm&r=g","contentUrl":"https:\/\/secure.gravatar.com\/avatar\/0fcc8769024577fd0bc6a8b766055690f76a8e8f29dfb2a2f89cf04db8d0f2d2?s=96&d=mm&r=g","caption":"Gessika Julia Carvalho"},"sameAs":["https:\/\/www.tuasaude.com\/news\/"],"url":"https:\/\/www.tuasaude.com\/news\/author\/gessika-julia\/"}]}},"_links":{"self":[{"href":"https:\/\/www.tuasaude.com\/news\/wp-json\/wp\/v2\/posts\/29642","targetHints":{"allow":["GET"]}}],"collection":[{"href":"https:\/\/www.tuasaude.com\/news\/wp-json\/wp\/v2\/posts"}],"about":[{"href":"https:\/\/www.tuasaude.com\/news\/wp-json\/wp\/v2\/types\/post"}],"author":[{"embeddable":true,"href":"https:\/\/www.tuasaude.com\/news\/wp-json\/wp\/v2\/users\/11"}],"replies":[{"embeddable":true,"href":"https:\/\/www.tuasaude.com\/news\/wp-json\/wp\/v2\/comments?post=29642"}],"version-history":[{"count":2,"href":"https:\/\/www.tuasaude.com\/news\/wp-json\/wp\/v2\/posts\/29642\/revisions"}],"predecessor-version":[{"id":29698,"href":"https:\/\/www.tuasaude.com\/news\/wp-json\/wp\/v2\/posts\/29642\/revisions\/29698"}],"wp:featuredmedia":[{"embeddable":true,"href":"https:\/\/www.tuasaude.com\/news\/wp-json\/wp\/v2\/media\/29686"}],"wp:attachment":[{"href":"https:\/\/www.tuasaude.com\/news\/wp-json\/wp\/v2\/media?parent=29642"}],"wp:term":[{"taxonomy":"category","embeddable":true,"href":"https:\/\/www.tuasaude.com\/news\/wp-json\/wp\/v2\/categories?post=29642"},{"taxonomy":"post_tag","embeddable":true,"href":"https:\/\/www.tuasaude.com\/news\/wp-json\/wp\/v2\/tags?post=29642"}],"curies":[{"name":"wp","href":"https:\/\/api.w.org\/{rel}","templated":true}]}}