{"id":29639,"date":"2026-04-29T06:50:00","date_gmt":"2026-04-29T09:50:00","guid":{"rendered":"https:\/\/www.tuasaude.com\/news\/?p=29639"},"modified":"2026-04-28T12:39:22","modified_gmt":"2026-04-28T15:39:22","slug":"respirar-pela-boca-durante-o-sono-resseca-a-saliva-e-aumenta-o-risco-de-carie-e-doenca-gengival","status":"publish","type":"post","link":"https:\/\/www.tuasaude.com\/news\/2026\/04\/29\/respirar-pela-boca-durante-o-sono-resseca-a-saliva-e-aumenta-o-risco-de-carie-e-doenca-gengival\/","title":{"rendered":"Respirar pela boca durante o sono resseca a saliva e aumenta o risco de c\u00e1rie e doen\u00e7a gengival"},"content":{"rendered":"\n<p>Acordar com a boca seca, mau h\u00e1lito intenso e l\u00e1bios rachados pode parecer apenas um inc\u00f4modo passageiro, mas costuma ser um alerta importante. Respirar pela boca durante o sono resseca a saliva e aumenta o risco de c\u00e1rie e doen\u00e7a gengival, porque a saliva tem fun\u00e7\u00e3o antibacteriana cont\u00ednua e sua redu\u00e7\u00e3o noturna favorece a prolifera\u00e7\u00e3o de bact\u00e9rias como o Streptococcus mutans. Identificar esse padr\u00e3o respirat\u00f3rio e tratar a causa \u00e9 essencial para preservar a sa\u00fade dos dentes e das gengivas a longo prazo.<\/p>\n\n\n\n<h2 class=\"wp-block-heading\">Por que a saliva \u00e9 t\u00e3o importante para a sa\u00fade bucal?<\/h2>\n\n\n\n<p>A saliva atua como uma barreira natural na boca, neutralizando os \u00e1cidos produzidos pelas bact\u00e9rias, removendo restos de alimentos e fornecendo c\u00e1lcio e f\u00f3sforo para a remineraliza\u00e7\u00e3o do esmalte. Ela tamb\u00e9m cont\u00e9m subst\u00e2ncias antibacterianas que controlam o crescimento de microrganismos.<\/p>\n\n\n\n<p>Durante o sono, a produ\u00e7\u00e3o salivar j\u00e1 \u00e9 fisiologicamente menor. Quando a pessoa respira pela boca, o fluxo de ar resseca ainda mais a mucosa e os dentes, deixando o ambiente bucal mais \u00e1cido e prop\u00edcio \u00e0 prolifera\u00e7\u00e3o bacteriana por horas seguidas.<\/p>\n\n\n\n<h2 class=\"wp-block-heading\">Como a respira\u00e7\u00e3o bucal favorece a c\u00e1rie e a gengivite?<\/h2>\n\n\n\n<p>O ressecamento cont\u00ednuo durante a noite altera o equil\u00edbrio do ambiente oral e facilita o ac\u00famulo de placa bacteriana. Os principais mecanismos envolvidos s\u00e3o:<\/p>\n\n\n<div class=\"wp-block-image\">\n<figure class=\"aligncenter size-large\"><img decoding=\"async\" width=\"1024\" height=\"422\" src=\"https:\/\/www.tuasaude.com\/news\/wp-content\/uploads\/2026\/04\/convertido-5-16-1024x422.jpg\" alt=\"Como a respira\u00e7\u00e3o bucal favorece a c\u00e1rie e a gengivite?\" class=\"wp-image-29640\" srcset=\"https:\/\/www.tuasaude.com\/news\/wp-content\/uploads\/2026\/04\/convertido-5-16-1024x422.jpg 1024w, https:\/\/www.tuasaude.com\/news\/wp-content\/uploads\/2026\/04\/convertido-5-16-300x124.jpg 300w, https:\/\/www.tuasaude.com\/news\/wp-content\/uploads\/2026\/04\/convertido-5-16-768x316.jpg 768w, https:\/\/www.tuasaude.com\/news\/wp-content\/uploads\/2026\/04\/convertido-5-16-750x309.jpg 750w, https:\/\/www.tuasaude.com\/news\/wp-content\/uploads\/2026\/04\/convertido-5-16-1140x469.jpg 1140w, https:\/\/www.tuasaude.com\/news\/wp-content\/uploads\/2026\/04\/convertido-5-16.jpg 1280w\" sizes=\"(max-width: 1024px) 100vw, 1024px\" \/><figcaption class=\"wp-element-caption\">Como a respira\u00e7\u00e3o bucal favorece a c\u00e1rie e a gengivite?<\/figcaption><\/figure>\n<\/div>\n\n\n<h2 class=\"wp-block-heading\">O que mostra uma revis\u00e3o cient\u00edfica recente?<\/h2>\n\n\n\n<p>A rela\u00e7\u00e3o entre respira\u00e7\u00e3o bucal e problemas odontol\u00f3gicos tem sido investigada por grupos de pesquisa em diversos pa\u00edses, com resultados consistentes. Pesquisadores reuniram dados de estudos observacionais para entender o impacto desse padr\u00e3o respirat\u00f3rio na sa\u00fade dos dentes e das gengivas, especialmente em crian\u00e7as e adolescentes.<\/p>\n\n\n\n<p>Segundo a revis\u00e3o sistem\u00e1tica <a href=\"https:\/\/pubmed.ncbi.nlm.nih.gov\/40739849\/\" target=\"_blank\" rel=\"noreferrer noopener\">Dental Caries and Periodontal Outcomes in Mouth-Breathing Children and Adolescents: A Systematic Review<\/a>, indexada no PubMed e registrada no PROSPERO, indiv\u00edduos com respira\u00e7\u00e3o bucal apresentaram aumento do sangramento gengival, maior ac\u00famulo de placa e altera\u00e7\u00f5es nas gengivas em compara\u00e7\u00e3o aos que respiram pelo nariz. Os autores tamb\u00e9m identificaram associa\u00e7\u00e3o com les\u00f5es iniciais de c\u00e1rie e com les\u00f5es mais avan\u00e7adas, refor\u00e7ando a import\u00e2ncia de tratar precocemente esse padr\u00e3o respirat\u00f3rio.<\/p>\n\n\n<div class=\"wp-block-image\">\n<figure class=\"aligncenter size-large\"><img decoding=\"async\" width=\"1024\" height=\"571\" src=\"https:\/\/www.tuasaude.com\/news\/wp-content\/uploads\/2026\/04\/freepik_illustration-nonphotoreal_2883059832-1024x571.jpg\" alt=\"Respirar pela boca durante o sono resseca a saliva e aumenta o risco de c\u00e1rie e doen\u00e7a gengival\" class=\"wp-image-29689\" srcset=\"https:\/\/www.tuasaude.com\/news\/wp-content\/uploads\/2026\/04\/freepik_illustration-nonphotoreal_2883059832-1024x571.jpg 1024w, https:\/\/www.tuasaude.com\/news\/wp-content\/uploads\/2026\/04\/freepik_illustration-nonphotoreal_2883059832-300x167.jpg 300w, https:\/\/www.tuasaude.com\/news\/wp-content\/uploads\/2026\/04\/freepik_illustration-nonphotoreal_2883059832-768x428.jpg 768w, https:\/\/www.tuasaude.com\/news\/wp-content\/uploads\/2026\/04\/freepik_illustration-nonphotoreal_2883059832-750x418.jpg 750w, https:\/\/www.tuasaude.com\/news\/wp-content\/uploads\/2026\/04\/freepik_illustration-nonphotoreal_2883059832-1140x636.jpg 1140w, https:\/\/www.tuasaude.com\/news\/wp-content\/uploads\/2026\/04\/freepik_illustration-nonphotoreal_2883059832.jpg 1280w\" sizes=\"(max-width: 1024px) 100vw, 1024px\" \/><figcaption class=\"wp-element-caption\">Dormir de boca aberta pode prejudicar dentes e gengivas.<\/figcaption><\/figure>\n<\/div>\n\n\n<h2 class=\"wp-block-heading\">Quais sinais indicam respira\u00e7\u00e3o bucal noturna?<\/h2>\n\n\n\n<p>Muitas pessoas n\u00e3o percebem que dormem com a boca aberta, mas o corpo costuma dar pistas claras pela manh\u00e3. Observar esses sinais ajuda a identificar o problema e buscar avalia\u00e7\u00e3o adequada.<\/p>\n\n\n\n<p>Os ind\u00edcios mais frequentes incluem boca extremamente seca ao despertar, l\u00e1bios rachados, garganta arranhada, ronco, mau h\u00e1lito matinal intenso e sensa\u00e7\u00e3o de sono n\u00e3o reparador. Em crian\u00e7as, pais podem notar babar no travesseiro, olheiras profundas e cansa\u00e7o durante o dia. A presen\u00e7a frequente de <a href=\"https:\/\/www.tuasaude.com\/carie-dentaria\/\" target=\"_blank\" rel=\"noreferrer noopener\">c\u00e1ries <\/a>em dentes da frente, mesmo com boa higiene, tamb\u00e9m levanta a suspeita de respira\u00e7\u00e3o bucal cr\u00f4nica.<\/p>\n\n\n\n<h2 class=\"wp-block-heading\">Como tratar e prevenir os danos \u00e0 sa\u00fade bucal?<\/h2>\n\n\n\n<p>O tratamento come\u00e7a pela identifica\u00e7\u00e3o da causa da obstru\u00e7\u00e3o nasal, que pode envolver rinite al\u00e9rgica, desvio de septo, p\u00f3lipos, hipertrofia de adenoides ou am\u00edgdalas aumentadas. O otorrinolaringologista \u00e9 o profissional indicado para essa investiga\u00e7\u00e3o inicial, e o acompanhamento costuma ser multidisciplinar.<\/p>\n\n\n\n<p>Quando o h\u00e1bito persiste mesmo ap\u00f3s a corre\u00e7\u00e3o da obstru\u00e7\u00e3o, a fonoaudiologia ajuda a reeducar o padr\u00e3o respirat\u00f3rio. Para minimizar os danos enquanto a causa \u00e9 tratada, recomenda-se refor\u00e7ar a higiene bucal antes de dormir, usar creme dental fluoretado, manter boa hidrata\u00e7\u00e3o ao longo do dia e visitar o dentista regularmente. Em casos espec\u00edficos, o profissional pode indicar enxaguantes sem \u00e1lcool e g\u00e9is remineralizantes para proteger o esmalte. Quem apresenta sinais da <a href=\"https:\/\/www.tuasaude.com\/sindrome-do-respirador-bucal\/\" target=\"_blank\" rel=\"noreferrer noopener\">s\u00edndrome do respirador bucal<\/a> deve buscar avalia\u00e7\u00e3o o quanto antes para evitar complica\u00e7\u00f5es est\u00e9ticas, funcionais e respirat\u00f3rias.<\/p>\n\n\n\n<p><em>Este conte\u00fado tem car\u00e1ter exclusivamente informativo e n\u00e3o substitui a avalia\u00e7\u00e3o, o diagn\u00f3stico ou o tratamento realizados por um m\u00e9dico, dentista ou outro profissional de sa\u00fade qualificado. Em caso de boca seca persistente, ronco frequente ou sinais de respira\u00e7\u00e3o bucal, procure orienta\u00e7\u00e3o profissional.<\/em><\/p>\n","protected":false},"excerpt":{"rendered":"<p>Acordar com a boca seca, mau h\u00e1lito intenso e l\u00e1bios rachados pode parecer apenas um inc\u00f4modo passageiro, mas costuma ser um alerta importante. Respirar pela boca durante o sono resseca a saliva e aumenta o risco de c\u00e1rie e doen\u00e7a gengival, porque a saliva tem fun\u00e7\u00e3o antibacteriana cont\u00ednua e sua redu\u00e7\u00e3o noturna favorece a prolifera\u00e7\u00e3o [&hellip;]<\/p>\n","protected":false},"author":11,"featured_media":29688,"comment_status":"open","ping_status":"open","sticky":false,"template":"","format":"standard","meta":{"_yoast_wpseo_focuskw":"respirar pela boca durante o sono","_yoast_wpseo_title":"","_yoast_wpseo_metadesc":"Boca seca ao acordar pode indicar que voc\u00ea respira pela boca durante o sono, elevando o risco de c\u00e1rie e gengivite. Veja causas e preven\u00e7\u00e3o.","jnews-multi-image_gallery":[],"jnews_single_post":{"format":"standard"},"jnews_primary_category":[],"jnews_social_meta":[],"jnews_override_counter":[],"footnotes":""},"categories":[111],"tags":[6271,4018,249,116],"class_list":["post-29639","post","type-post","status-publish","format-standard","has-post-thumbnail","hentry","category-saude","tag-doenca-gengival","tag-respirar-pela-boca","tag-saude-bucal","tag-sono"],"yoast_head":"<!-- This site is optimized with the Yoast SEO plugin v26.7 - https:\/\/yoast.com\/wordpress\/plugins\/seo\/ -->\n<title>Respirar pela boca durante o sono resseca a saliva e aumenta o risco de c\u00e1rie e doen\u00e7a gengival - Tua Sa\u00fade<\/title>\n<meta name=\"description\" content=\"Boca seca ao acordar pode indicar que voc\u00ea respira pela boca durante o sono, elevando o risco de c\u00e1rie e gengivite. Veja causas e preven\u00e7\u00e3o.\" \/>\n<meta name=\"robots\" content=\"index, follow, max-snippet:-1, max-image-preview:large, max-video-preview:-1\" \/>\n<link rel=\"canonical\" href=\"https:\/\/www.tuasaude.com\/news\/2026\/04\/29\/respirar-pela-boca-durante-o-sono-resseca-a-saliva-e-aumenta-o-risco-de-carie-e-doenca-gengival\/\" \/>\n<meta property=\"og:locale\" content=\"pt_BR\" \/>\n<meta property=\"og:type\" content=\"article\" \/>\n<meta property=\"og:title\" content=\"Respirar pela boca durante o sono resseca a saliva e aumenta o risco de c\u00e1rie e doen\u00e7a gengival - Tua Sa\u00fade\" \/>\n<meta property=\"og:description\" content=\"Boca seca ao acordar pode indicar que voc\u00ea respira pela boca durante o sono, elevando o risco de c\u00e1rie e gengivite. Veja causas e preven\u00e7\u00e3o.\" \/>\n<meta property=\"og:url\" content=\"https:\/\/www.tuasaude.com\/news\/2026\/04\/29\/respirar-pela-boca-durante-o-sono-resseca-a-saliva-e-aumenta-o-risco-de-carie-e-doenca-gengival\/\" \/>\n<meta property=\"og:site_name\" content=\"Tua Sa\u00fade\" \/>\n<meta property=\"article:published_time\" content=\"2026-04-29T09:50:00+00:00\" \/>\n<meta property=\"og:image\" content=\"https:\/\/www.tuasaude.com\/news\/wp-content\/uploads\/2026\/04\/freepik_illustration-nonphotoreal_2883059059.jpg\" \/>\n\t<meta property=\"og:image:width\" content=\"1280\" \/>\n\t<meta property=\"og:image:height\" content=\"714\" \/>\n\t<meta property=\"og:image:type\" content=\"image\/jpeg\" \/>\n<meta name=\"author\" content=\"Gessika Julia Carvalho\" \/>\n<meta name=\"twitter:card\" content=\"summary_large_image\" \/>\n<meta name=\"twitter:label1\" content=\"Escrito por\" \/>\n\t<meta name=\"twitter:data1\" content=\"Gessika Julia Carvalho\" \/>\n\t<meta name=\"twitter:label2\" content=\"Est. tempo de leitura\" \/>\n\t<meta name=\"twitter:data2\" content=\"5 minutos\" \/>\n<!-- \/ Yoast SEO plugin. -->","yoast_head_json":{"title":"Respirar pela boca durante o sono resseca a saliva e aumenta o risco de c\u00e1rie e doen\u00e7a gengival - Tua Sa\u00fade","description":"Boca seca ao acordar pode indicar que voc\u00ea respira pela boca durante o sono, elevando o risco de c\u00e1rie e gengivite. Veja causas e preven\u00e7\u00e3o.","robots":{"index":"index","follow":"follow","max-snippet":"max-snippet:-1","max-image-preview":"max-image-preview:large","max-video-preview":"max-video-preview:-1"},"canonical":"https:\/\/www.tuasaude.com\/news\/2026\/04\/29\/respirar-pela-boca-durante-o-sono-resseca-a-saliva-e-aumenta-o-risco-de-carie-e-doenca-gengival\/","og_locale":"pt_BR","og_type":"article","og_title":"Respirar pela boca durante o sono resseca a saliva e aumenta o risco de c\u00e1rie e doen\u00e7a gengival - Tua Sa\u00fade","og_description":"Boca seca ao acordar pode indicar que voc\u00ea respira pela boca durante o sono, elevando o risco de c\u00e1rie e gengivite. Veja causas e preven\u00e7\u00e3o.","og_url":"https:\/\/www.tuasaude.com\/news\/2026\/04\/29\/respirar-pela-boca-durante-o-sono-resseca-a-saliva-e-aumenta-o-risco-de-carie-e-doenca-gengival\/","og_site_name":"Tua Sa\u00fade","article_published_time":"2026-04-29T09:50:00+00:00","og_image":[{"width":1280,"height":714,"url":"https:\/\/www.tuasaude.com\/news\/wp-content\/uploads\/2026\/04\/freepik_illustration-nonphotoreal_2883059059.jpg","type":"image\/jpeg"}],"author":"Gessika Julia Carvalho","twitter_card":"summary_large_image","twitter_misc":{"Escrito por":"Gessika Julia Carvalho","Est. tempo de leitura":"5 minutos"},"schema":{"@context":"https:\/\/schema.org","@graph":[{"@type":"Article","@id":"https:\/\/www.tuasaude.com\/news\/2026\/04\/29\/respirar-pela-boca-durante-o-sono-resseca-a-saliva-e-aumenta-o-risco-de-carie-e-doenca-gengival\/#article","isPartOf":{"@id":"https:\/\/www.tuasaude.com\/news\/2026\/04\/29\/respirar-pela-boca-durante-o-sono-resseca-a-saliva-e-aumenta-o-risco-de-carie-e-doenca-gengival\/"},"author":{"name":"Gessika Julia Carvalho","@id":"https:\/\/www.tuasaude.com\/news\/#\/schema\/person\/2e9df841be69ec84f5d20ddb8d273ac2"},"headline":"Respirar pela boca durante o sono resseca a saliva e aumenta o risco de c\u00e1rie e doen\u00e7a gengival","datePublished":"2026-04-29T09:50:00+00:00","mainEntityOfPage":{"@id":"https:\/\/www.tuasaude.com\/news\/2026\/04\/29\/respirar-pela-boca-durante-o-sono-resseca-a-saliva-e-aumenta-o-risco-de-carie-e-doenca-gengival\/"},"wordCount":754,"commentCount":0,"image":{"@id":"https:\/\/www.tuasaude.com\/news\/2026\/04\/29\/respirar-pela-boca-durante-o-sono-resseca-a-saliva-e-aumenta-o-risco-de-carie-e-doenca-gengival\/#primaryimage"},"thumbnailUrl":"https:\/\/www.tuasaude.com\/news\/wp-content\/uploads\/2026\/04\/freepik_illustration-nonphotoreal_2883059059.jpg","keywords":["doen\u00e7a gengival","respirar pela boca","Sa\u00fade bucal","sono"],"articleSection":["Sa\u00fade"],"inLanguage":"pt-BR","potentialAction":[{"@type":"CommentAction","name":"Comment","target":["https:\/\/www.tuasaude.com\/news\/2026\/04\/29\/respirar-pela-boca-durante-o-sono-resseca-a-saliva-e-aumenta-o-risco-de-carie-e-doenca-gengival\/#respond"]}]},{"@type":"WebPage","@id":"https:\/\/www.tuasaude.com\/news\/2026\/04\/29\/respirar-pela-boca-durante-o-sono-resseca-a-saliva-e-aumenta-o-risco-de-carie-e-doenca-gengival\/","url":"https:\/\/www.tuasaude.com\/news\/2026\/04\/29\/respirar-pela-boca-durante-o-sono-resseca-a-saliva-e-aumenta-o-risco-de-carie-e-doenca-gengival\/","name":"Respirar pela boca durante o sono resseca a saliva e aumenta o risco de c\u00e1rie e doen\u00e7a gengival - Tua Sa\u00fade","isPartOf":{"@id":"https:\/\/www.tuasaude.com\/news\/#website"},"primaryImageOfPage":{"@id":"https:\/\/www.tuasaude.com\/news\/2026\/04\/29\/respirar-pela-boca-durante-o-sono-resseca-a-saliva-e-aumenta-o-risco-de-carie-e-doenca-gengival\/#primaryimage"},"image":{"@id":"https:\/\/www.tuasaude.com\/news\/2026\/04\/29\/respirar-pela-boca-durante-o-sono-resseca-a-saliva-e-aumenta-o-risco-de-carie-e-doenca-gengival\/#primaryimage"},"thumbnailUrl":"https:\/\/www.tuasaude.com\/news\/wp-content\/uploads\/2026\/04\/freepik_illustration-nonphotoreal_2883059059.jpg","datePublished":"2026-04-29T09:50:00+00:00","author":{"@id":"https:\/\/www.tuasaude.com\/news\/#\/schema\/person\/2e9df841be69ec84f5d20ddb8d273ac2"},"description":"Boca seca ao acordar pode indicar que voc\u00ea respira pela boca durante o sono, elevando o risco de c\u00e1rie e gengivite. Veja causas e preven\u00e7\u00e3o.","breadcrumb":{"@id":"https:\/\/www.tuasaude.com\/news\/2026\/04\/29\/respirar-pela-boca-durante-o-sono-resseca-a-saliva-e-aumenta-o-risco-de-carie-e-doenca-gengival\/#breadcrumb"},"inLanguage":"pt-BR","potentialAction":[{"@type":"ReadAction","target":["https:\/\/www.tuasaude.com\/news\/2026\/04\/29\/respirar-pela-boca-durante-o-sono-resseca-a-saliva-e-aumenta-o-risco-de-carie-e-doenca-gengival\/"]}]},{"@type":"ImageObject","inLanguage":"pt-BR","@id":"https:\/\/www.tuasaude.com\/news\/2026\/04\/29\/respirar-pela-boca-durante-o-sono-resseca-a-saliva-e-aumenta-o-risco-de-carie-e-doenca-gengival\/#primaryimage","url":"https:\/\/www.tuasaude.com\/news\/wp-content\/uploads\/2026\/04\/freepik_illustration-nonphotoreal_2883059059.jpg","contentUrl":"https:\/\/www.tuasaude.com\/news\/wp-content\/uploads\/2026\/04\/freepik_illustration-nonphotoreal_2883059059.jpg","width":1280,"height":714,"caption":"Boca seca ao acordar pode ser sinal de respira\u00e7\u00e3o bucal."},{"@type":"BreadcrumbList","@id":"https:\/\/www.tuasaude.com\/news\/2026\/04\/29\/respirar-pela-boca-durante-o-sono-resseca-a-saliva-e-aumenta-o-risco-de-carie-e-doenca-gengival\/#breadcrumb","itemListElement":[{"@type":"ListItem","position":1,"name":"In\u00edcio","item":"https:\/\/www.tuasaude.com\/news\/"},{"@type":"ListItem","position":2,"name":"Respirar pela boca durante o sono resseca a saliva e aumenta o risco de c\u00e1rie e doen\u00e7a gengival"}]},{"@type":"WebSite","@id":"https:\/\/www.tuasaude.com\/news\/#website","url":"https:\/\/www.tuasaude.com\/news\/","name":"Tua Sa\u00fade","description":"Seu site de sa\u00fade","potentialAction":[{"@type":"SearchAction","target":{"@type":"EntryPoint","urlTemplate":"https:\/\/www.tuasaude.com\/news\/?s={search_term_string}"},"query-input":{"@type":"PropertyValueSpecification","valueRequired":true,"valueName":"search_term_string"}}],"inLanguage":"pt-BR"},{"@type":"Person","@id":"https:\/\/www.tuasaude.com\/news\/#\/schema\/person\/2e9df841be69ec84f5d20ddb8d273ac2","name":"Gessika Julia Carvalho","image":{"@type":"ImageObject","inLanguage":"pt-BR","@id":"https:\/\/www.tuasaude.com\/news\/#\/schema\/person\/image\/","url":"https:\/\/secure.gravatar.com\/avatar\/0fcc8769024577fd0bc6a8b766055690f76a8e8f29dfb2a2f89cf04db8d0f2d2?s=96&d=mm&r=g","contentUrl":"https:\/\/secure.gravatar.com\/avatar\/0fcc8769024577fd0bc6a8b766055690f76a8e8f29dfb2a2f89cf04db8d0f2d2?s=96&d=mm&r=g","caption":"Gessika Julia Carvalho"},"sameAs":["https:\/\/www.tuasaude.com\/news\/"],"url":"https:\/\/www.tuasaude.com\/news\/author\/gessika-julia\/"}]}},"_links":{"self":[{"href":"https:\/\/www.tuasaude.com\/news\/wp-json\/wp\/v2\/posts\/29639","targetHints":{"allow":["GET"]}}],"collection":[{"href":"https:\/\/www.tuasaude.com\/news\/wp-json\/wp\/v2\/posts"}],"about":[{"href":"https:\/\/www.tuasaude.com\/news\/wp-json\/wp\/v2\/types\/post"}],"author":[{"embeddable":true,"href":"https:\/\/www.tuasaude.com\/news\/wp-json\/wp\/v2\/users\/11"}],"replies":[{"embeddable":true,"href":"https:\/\/www.tuasaude.com\/news\/wp-json\/wp\/v2\/comments?post=29639"}],"version-history":[{"count":2,"href":"https:\/\/www.tuasaude.com\/news\/wp-json\/wp\/v2\/posts\/29639\/revisions"}],"predecessor-version":[{"id":29699,"href":"https:\/\/www.tuasaude.com\/news\/wp-json\/wp\/v2\/posts\/29639\/revisions\/29699"}],"wp:featuredmedia":[{"embeddable":true,"href":"https:\/\/www.tuasaude.com\/news\/wp-json\/wp\/v2\/media\/29688"}],"wp:attachment":[{"href":"https:\/\/www.tuasaude.com\/news\/wp-json\/wp\/v2\/media?parent=29639"}],"wp:term":[{"taxonomy":"category","embeddable":true,"href":"https:\/\/www.tuasaude.com\/news\/wp-json\/wp\/v2\/categories?post=29639"},{"taxonomy":"post_tag","embeddable":true,"href":"https:\/\/www.tuasaude.com\/news\/wp-json\/wp\/v2\/tags?post=29639"}],"curies":[{"name":"wp","href":"https:\/\/api.w.org\/{rel}","templated":true}]}}