{"id":29633,"date":"2026-04-29T02:30:00","date_gmt":"2026-04-29T05:30:00","guid":{"rendered":"https:\/\/www.tuasaude.com\/news\/?p=29633"},"modified":"2026-04-28T12:43:09","modified_gmt":"2026-04-28T15:43:09","slug":"voce-esta-com-inchaco-nos-pes-no-final-do-dia-aqui-estao-as-causas-os-sintomas-e-o-tratamento","status":"publish","type":"post","link":"https:\/\/www.tuasaude.com\/news\/2026\/04\/29\/voce-esta-com-inchaco-nos-pes-no-final-do-dia-aqui-estao-as-causas-os-sintomas-e-o-tratamento\/","title":{"rendered":"Voc\u00ea est\u00e1 com incha\u00e7o nos p\u00e9s no final do dia? Aqui est\u00e3o as causas, os sintomas e o tratamento"},"content":{"rendered":"\n<p>Chegar em casa com os p\u00e9s inchados, marca de meia no tornozelo e sapatos apertando \u00e9 uma queixa que afeta milh\u00f5es de pessoas e quase sempre passa despercebida como simples cansa\u00e7o. No entanto, esse edema vespertino pode ser sinal de insufici\u00eancia venosa, problema renal ou card\u00edaco, especialmente quando aparece com frequ\u00eancia ou vem acompanhado de outros sintomas. Identificar o padr\u00e3o do incha\u00e7o \u00e9 essencial para descobrir a causa correta e definir o tratamento adequado.<\/p>\n\n\n\n<h2 class=\"wp-block-heading\">Por que os p\u00e9s incham mais no final do dia?<\/h2>\n\n\n\n<p>Ao longo do dia, a gravidade puxa os fluidos do corpo para baixo, e as veias das pernas precisam trabalhar contra essa for\u00e7a para devolver o sangue ao cora\u00e7\u00e3o. Quando a circula\u00e7\u00e3o est\u00e1 comprometida ou a pessoa permanece muito tempo em p\u00e9 ou sentada, parte do l\u00edquido extravasa dos vasos para os tecidos.<\/p>\n\n\n\n<p>Esse processo, chamado de edema perif\u00e9rico, costuma melhorar com o repouso noturno, quando as pernas ficam alinhadas com o cora\u00e7\u00e3o. Quando o incha\u00e7o n\u00e3o cede ap\u00f3s o sono ou se torna persistente, \u00e9 um sinal de que algo al\u00e9m da rotina pode estar contribuindo para o quadro.<\/p>\n\n\n\n<h2 class=\"wp-block-heading\">Quais s\u00e3o as principais causas do edema vespertino?<\/h2>\n\n\n\n<p>O incha\u00e7o nos p\u00e9s ao fim do dia pode ter origens muito distintas, e diferenci\u00e1-las ajuda o m\u00e9dico a chegar ao diagn\u00f3stico correto. As causas mais comuns incluem:<\/p>\n\n\n<div class=\"wp-block-image\">\n<figure class=\"aligncenter size-large\"><img decoding=\"async\" width=\"1024\" height=\"589\" src=\"https:\/\/www.tuasaude.com\/news\/wp-content\/uploads\/2026\/04\/convertido-3-16-1024x589.jpg\" alt=\"Quais s\u00e3o as principais causas do edema vespertino?\" class=\"wp-image-29634\" srcset=\"https:\/\/www.tuasaude.com\/news\/wp-content\/uploads\/2026\/04\/convertido-3-16-1024x589.jpg 1024w, https:\/\/www.tuasaude.com\/news\/wp-content\/uploads\/2026\/04\/convertido-3-16-300x173.jpg 300w, https:\/\/www.tuasaude.com\/news\/wp-content\/uploads\/2026\/04\/convertido-3-16-768x442.jpg 768w, https:\/\/www.tuasaude.com\/news\/wp-content\/uploads\/2026\/04\/convertido-3-16-750x431.jpg 750w, https:\/\/www.tuasaude.com\/news\/wp-content\/uploads\/2026\/04\/convertido-3-16-1140x656.jpg 1140w, https:\/\/www.tuasaude.com\/news\/wp-content\/uploads\/2026\/04\/convertido-3-16.jpg 1280w\" sizes=\"(max-width: 1024px) 100vw, 1024px\" \/><figcaption class=\"wp-element-caption\">Quais s\u00e3o as principais causas do edema vespertino?<\/figcaption><\/figure>\n<\/div>\n\n\n<h2 class=\"wp-block-heading\">Que sintomas ajudam a identificar a origem do problema?<\/h2>\n\n\n\n<p>O padr\u00e3o e os sinais associados ao incha\u00e7o fornecem pistas importantes. O edema causado por <a href=\"https:\/\/www.tuasaude.com\/remedio-caseiro-para-pernas-inchadas\/\" target=\"_blank\" rel=\"noreferrer noopener\">pernas inchadas<\/a> de origem venosa tende a piorar ao longo do dia, vir acompanhado de peso, cansa\u00e7o e varizes, e melhorar com a eleva\u00e7\u00e3o das pernas durante a noite.<\/p>\n\n\n\n<p>J\u00e1 o incha\u00e7o de causa card\u00edaca costuma ser bilateral e associado a falta de ar e cansa\u00e7o aos esfor\u00e7os. O edema renal pode envolver tamb\u00e9m o rosto e as p\u00e1lpebras pela manh\u00e3. Quando o incha\u00e7o aparece em apenas uma perna, com dor intensa, calor ou vermelhid\u00e3o, exige avalia\u00e7\u00e3o imediata, pois pode indicar trombose.<\/p>\n\n\n\n<h2 class=\"wp-block-heading\">O que mostra uma revis\u00e3o cient\u00edfica sobre o tema?<\/h2>\n\n\n\n<p>A rela\u00e7\u00e3o entre altera\u00e7\u00f5es venosas e o incha\u00e7o dos membros inferiores \u00e9 amplamente reconhecida pela literatura m\u00e9dica, com evid\u00eancias que refor\u00e7am a import\u00e2ncia do diagn\u00f3stico precoce. Pesquisadores europeus reuniram dados sobre fisiopatologia, sintomas e op\u00e7\u00f5es terap\u00eauticas para orientar a pr\u00e1tica cl\u00ednica em pacientes com queixas circulat\u00f3rias.<\/p>\n\n\n\n<p>Segundo a revis\u00e3o cient\u00edfica <a href=\"https:\/\/onlinelibrary.wiley.com\/doi\/10.1111\/ddg.13242\" target=\"_blank\" rel=\"noreferrer noopener\">Chronic venous insufficiency \u2013 a review of pathophysiology, diagnosis, and treatment<\/a>, publicada no Journal der Deutschen Dermatologischen Gesellschaft, os sintomas t\u00edpicos da insufici\u00eancia venosa cr\u00f4nica incluem tend\u00eancia ao edema, sensa\u00e7\u00e3o de peso nas pernas, prurido, dor e c\u00e3ibras noturnas. Os autores destacam que o ultrassom doppler colorido \u00e9 considerado o exame padr\u00e3o-ouro para o diagn\u00f3stico, e que a terapia de compress\u00e3o tem papel central no al\u00edvio dos sintomas em todos os est\u00e1gios da doen\u00e7a.<\/p>\n\n\n<div class=\"wp-block-image\">\n<figure class=\"aligncenter size-large\"><img decoding=\"async\" width=\"1024\" height=\"571\" src=\"https:\/\/www.tuasaude.com\/news\/wp-content\/uploads\/2026\/04\/freepik_illustration-nonphotoreal_2883065643-1024x571.jpg\" alt=\"Voc\u00ea est\u00e1 com incha\u00e7o nos p\u00e9s no final do dia? Aqui est\u00e3o as causas, os sintomas e o tratamento\" class=\"wp-image-29701\" srcset=\"https:\/\/www.tuasaude.com\/news\/wp-content\/uploads\/2026\/04\/freepik_illustration-nonphotoreal_2883065643-1024x571.jpg 1024w, https:\/\/www.tuasaude.com\/news\/wp-content\/uploads\/2026\/04\/freepik_illustration-nonphotoreal_2883065643-300x167.jpg 300w, https:\/\/www.tuasaude.com\/news\/wp-content\/uploads\/2026\/04\/freepik_illustration-nonphotoreal_2883065643-768x428.jpg 768w, https:\/\/www.tuasaude.com\/news\/wp-content\/uploads\/2026\/04\/freepik_illustration-nonphotoreal_2883065643-750x418.jpg 750w, https:\/\/www.tuasaude.com\/news\/wp-content\/uploads\/2026\/04\/freepik_illustration-nonphotoreal_2883065643-1140x636.jpg 1140w, https:\/\/www.tuasaude.com\/news\/wp-content\/uploads\/2026\/04\/freepik_illustration-nonphotoreal_2883065643.jpg 1280w\" sizes=\"(max-width: 1024px) 100vw, 1024px\" \/><figcaption class=\"wp-element-caption\">Marca da meia e incha\u00e7o frequente n\u00e3o devem ser ignorados.<\/figcaption><\/figure>\n<\/div>\n\n\n<h2 class=\"wp-block-heading\">Como \u00e9 feito o tratamento do incha\u00e7o nos p\u00e9s?<\/h2>\n\n\n\n<p>O tratamento depende diretamente da causa identificada e quase sempre combina medidas de estilo de vida com interven\u00e7\u00f5es m\u00e9dicas espec\u00edficas. Algumas estrat\u00e9gias simples podem trazer al\u00edvio r\u00e1pido e prevenir o agravamento do quadro:<\/p>\n\n\n\n<ul class=\"wp-block-list\">\n<li><strong>Elevar as pernas<\/strong> acima do n\u00edvel do cora\u00e7\u00e3o por 20 a 30 minutos ao deitar;<\/li>\n\n\n\n<li><strong>Usar meias de compress\u00e3o<\/strong> conforme orienta\u00e7\u00e3o do angiologista ou cirurgi\u00e3o vascular;<\/li>\n\n\n\n<li><strong>Reduzir o s\u00f3dio<\/strong> na alimenta\u00e7\u00e3o, evitando ultraprocessados e temperos prontos;<\/li>\n\n\n\n<li><strong>Praticar atividade f\u00edsica regular<\/strong>, como caminhada, nata\u00e7\u00e3o e exerc\u00edcios de panturrilha;<\/li>\n\n\n\n<li><strong>Manter boa hidrata\u00e7\u00e3o<\/strong> ao longo do dia para favorecer a fun\u00e7\u00e3o renal;<\/li>\n\n\n\n<li><strong>Evitar longos per\u00edodos parados<\/strong>, fazendo pausas para movimentar os p\u00e9s;<\/li>\n\n\n\n<li><strong>Controlar o peso corporal<\/strong>, reduzindo a sobrecarga sobre as veias das pernas.<\/li>\n<\/ul>\n\n\n\n<p>Em casos espec\u00edficos, o m\u00e9dico pode prescrever diur\u00e9ticos, medicamentos venoativos como diosmina e hesperidina ou ajustar f\u00e1rmacos que estejam provocando a reten\u00e7\u00e3o. Outras medidas para <a href=\"https:\/\/www.tuasaude.com\/7-passos-para-combater-o-inchaco-nas-pernas\/\" target=\"_blank\" rel=\"noreferrer noopener\">combater o incha\u00e7o nas pernas<\/a> incluem fisioterapia vascular e drenagem linf\u00e1tica manual, sempre orientadas por profissional habilitado.<\/p>\n\n\n\n<p><em>Este conte\u00fado tem car\u00e1ter exclusivamente informativo e n\u00e3o substitui a avalia\u00e7\u00e3o, o diagn\u00f3stico ou o tratamento realizados por um profissional de sa\u00fade qualificado. Em caso de incha\u00e7o persistente, assim\u00e9trico ou acompanhado de dor, falta de ar ou altera\u00e7\u00f5es na pele, procure orienta\u00e7\u00e3o m\u00e9dica.<\/em><\/p>\n","protected":false},"excerpt":{"rendered":"<p>Chegar em casa com os p\u00e9s inchados, marca de meia no tornozelo e sapatos apertando \u00e9 uma queixa que afeta milh\u00f5es de pessoas e quase sempre passa despercebida como simples cansa\u00e7o. No entanto, esse edema vespertino pode ser sinal de insufici\u00eancia venosa, problema renal ou card\u00edaco, especialmente quando aparece com frequ\u00eancia ou vem acompanhado de [&hellip;]<\/p>\n","protected":false},"author":11,"featured_media":29702,"comment_status":"open","ping_status":"open","sticky":false,"template":"","format":"standard","meta":{"_yoast_wpseo_focuskw":"incha\u00e7o nos p\u00e9s no final do dia","_yoast_wpseo_title":"","_yoast_wpseo_metadesc":"O incha\u00e7o nos p\u00e9s no final do dia pode ser simples cansa\u00e7o ou sinal de insufici\u00eancia venosa e problema card\u00edaco. Saiba quando procurar ajuda.","jnews-multi-image_gallery":[],"jnews_single_post":{"format":"standard"},"jnews_primary_category":[],"jnews_social_meta":[],"jnews_override_counter":[],"footnotes":""},"categories":[111],"tags":[145,1135,3728,136],"class_list":["post-29633","post","type-post","status-publish","format-standard","has-post-thumbnail","hentry","category-saude","tag-bem-estar","tag-inchaco","tag-inchaco-nos-pes","tag-saude"],"yoast_head":"<!-- This site is optimized with the Yoast SEO plugin v26.7 - https:\/\/yoast.com\/wordpress\/plugins\/seo\/ -->\n<title>Voc\u00ea est\u00e1 com incha\u00e7o nos p\u00e9s no final do dia? Aqui est\u00e3o as causas, os sintomas e o tratamento - Tua Sa\u00fade<\/title>\n<meta name=\"description\" content=\"O incha\u00e7o nos p\u00e9s no final do dia pode ser simples cansa\u00e7o ou sinal de insufici\u00eancia venosa e problema card\u00edaco. Saiba quando procurar ajuda.\" \/>\n<meta name=\"robots\" content=\"index, follow, max-snippet:-1, max-image-preview:large, max-video-preview:-1\" \/>\n<link rel=\"canonical\" href=\"https:\/\/www.tuasaude.com\/news\/2026\/04\/29\/voce-esta-com-inchaco-nos-pes-no-final-do-dia-aqui-estao-as-causas-os-sintomas-e-o-tratamento\/\" \/>\n<meta property=\"og:locale\" content=\"pt_BR\" \/>\n<meta property=\"og:type\" content=\"article\" \/>\n<meta property=\"og:title\" content=\"Voc\u00ea est\u00e1 com incha\u00e7o nos p\u00e9s no final do dia? Aqui est\u00e3o as causas, os sintomas e o tratamento - Tua Sa\u00fade\" \/>\n<meta property=\"og:description\" content=\"O incha\u00e7o nos p\u00e9s no final do dia pode ser simples cansa\u00e7o ou sinal de insufici\u00eancia venosa e problema card\u00edaco. Saiba quando procurar ajuda.\" \/>\n<meta property=\"og:url\" content=\"https:\/\/www.tuasaude.com\/news\/2026\/04\/29\/voce-esta-com-inchaco-nos-pes-no-final-do-dia-aqui-estao-as-causas-os-sintomas-e-o-tratamento\/\" \/>\n<meta property=\"og:site_name\" content=\"Tua Sa\u00fade\" \/>\n<meta property=\"article:published_time\" content=\"2026-04-29T05:30:00+00:00\" \/>\n<meta property=\"og:image\" content=\"https:\/\/www.tuasaude.com\/news\/wp-content\/uploads\/2026\/04\/freepik_illustration-nonphotoreal_2883066441.jpg\" \/>\n\t<meta property=\"og:image:width\" content=\"1280\" \/>\n\t<meta property=\"og:image:height\" content=\"714\" \/>\n\t<meta property=\"og:image:type\" content=\"image\/jpeg\" \/>\n<meta name=\"author\" content=\"Gessika Julia Carvalho\" \/>\n<meta name=\"twitter:card\" content=\"summary_large_image\" \/>\n<meta name=\"twitter:label1\" content=\"Escrito por\" \/>\n\t<meta name=\"twitter:data1\" content=\"Gessika Julia Carvalho\" \/>\n\t<meta name=\"twitter:label2\" content=\"Est. tempo de leitura\" \/>\n\t<meta name=\"twitter:data2\" content=\"5 minutos\" \/>\n<!-- \/ Yoast SEO plugin. -->","yoast_head_json":{"title":"Voc\u00ea est\u00e1 com incha\u00e7o nos p\u00e9s no final do dia? Aqui est\u00e3o as causas, os sintomas e o tratamento - Tua Sa\u00fade","description":"O incha\u00e7o nos p\u00e9s no final do dia pode ser simples cansa\u00e7o ou sinal de insufici\u00eancia venosa e problema card\u00edaco. Saiba quando procurar ajuda.","robots":{"index":"index","follow":"follow","max-snippet":"max-snippet:-1","max-image-preview":"max-image-preview:large","max-video-preview":"max-video-preview:-1"},"canonical":"https:\/\/www.tuasaude.com\/news\/2026\/04\/29\/voce-esta-com-inchaco-nos-pes-no-final-do-dia-aqui-estao-as-causas-os-sintomas-e-o-tratamento\/","og_locale":"pt_BR","og_type":"article","og_title":"Voc\u00ea est\u00e1 com incha\u00e7o nos p\u00e9s no final do dia? Aqui est\u00e3o as causas, os sintomas e o tratamento - Tua Sa\u00fade","og_description":"O incha\u00e7o nos p\u00e9s no final do dia pode ser simples cansa\u00e7o ou sinal de insufici\u00eancia venosa e problema card\u00edaco. Saiba quando procurar ajuda.","og_url":"https:\/\/www.tuasaude.com\/news\/2026\/04\/29\/voce-esta-com-inchaco-nos-pes-no-final-do-dia-aqui-estao-as-causas-os-sintomas-e-o-tratamento\/","og_site_name":"Tua Sa\u00fade","article_published_time":"2026-04-29T05:30:00+00:00","og_image":[{"width":1280,"height":714,"url":"https:\/\/www.tuasaude.com\/news\/wp-content\/uploads\/2026\/04\/freepik_illustration-nonphotoreal_2883066441.jpg","type":"image\/jpeg"}],"author":"Gessika Julia Carvalho","twitter_card":"summary_large_image","twitter_misc":{"Escrito por":"Gessika Julia Carvalho","Est. tempo de leitura":"5 minutos"},"schema":{"@context":"https:\/\/schema.org","@graph":[{"@type":"Article","@id":"https:\/\/www.tuasaude.com\/news\/2026\/04\/29\/voce-esta-com-inchaco-nos-pes-no-final-do-dia-aqui-estao-as-causas-os-sintomas-e-o-tratamento\/#article","isPartOf":{"@id":"https:\/\/www.tuasaude.com\/news\/2026\/04\/29\/voce-esta-com-inchaco-nos-pes-no-final-do-dia-aqui-estao-as-causas-os-sintomas-e-o-tratamento\/"},"author":{"name":"Gessika Julia Carvalho","@id":"https:\/\/www.tuasaude.com\/news\/#\/schema\/person\/2e9df841be69ec84f5d20ddb8d273ac2"},"headline":"Voc\u00ea est\u00e1 com incha\u00e7o nos p\u00e9s no final do dia? Aqui est\u00e3o as causas, os sintomas e o tratamento","datePublished":"2026-04-29T05:30:00+00:00","mainEntityOfPage":{"@id":"https:\/\/www.tuasaude.com\/news\/2026\/04\/29\/voce-esta-com-inchaco-nos-pes-no-final-do-dia-aqui-estao-as-causas-os-sintomas-e-o-tratamento\/"},"wordCount":808,"commentCount":0,"image":{"@id":"https:\/\/www.tuasaude.com\/news\/2026\/04\/29\/voce-esta-com-inchaco-nos-pes-no-final-do-dia-aqui-estao-as-causas-os-sintomas-e-o-tratamento\/#primaryimage"},"thumbnailUrl":"https:\/\/www.tuasaude.com\/news\/wp-content\/uploads\/2026\/04\/freepik_illustration-nonphotoreal_2883066441.jpg","keywords":["bem-estar","incha\u00e7o","incha\u00e7o nos p\u00e9s","sa\u00fade"],"articleSection":["Sa\u00fade"],"inLanguage":"pt-BR","potentialAction":[{"@type":"CommentAction","name":"Comment","target":["https:\/\/www.tuasaude.com\/news\/2026\/04\/29\/voce-esta-com-inchaco-nos-pes-no-final-do-dia-aqui-estao-as-causas-os-sintomas-e-o-tratamento\/#respond"]}]},{"@type":"WebPage","@id":"https:\/\/www.tuasaude.com\/news\/2026\/04\/29\/voce-esta-com-inchaco-nos-pes-no-final-do-dia-aqui-estao-as-causas-os-sintomas-e-o-tratamento\/","url":"https:\/\/www.tuasaude.com\/news\/2026\/04\/29\/voce-esta-com-inchaco-nos-pes-no-final-do-dia-aqui-estao-as-causas-os-sintomas-e-o-tratamento\/","name":"Voc\u00ea est\u00e1 com incha\u00e7o nos p\u00e9s no final do dia? Aqui est\u00e3o as causas, os sintomas e o tratamento - Tua Sa\u00fade","isPartOf":{"@id":"https:\/\/www.tuasaude.com\/news\/#website"},"primaryImageOfPage":{"@id":"https:\/\/www.tuasaude.com\/news\/2026\/04\/29\/voce-esta-com-inchaco-nos-pes-no-final-do-dia-aqui-estao-as-causas-os-sintomas-e-o-tratamento\/#primaryimage"},"image":{"@id":"https:\/\/www.tuasaude.com\/news\/2026\/04\/29\/voce-esta-com-inchaco-nos-pes-no-final-do-dia-aqui-estao-as-causas-os-sintomas-e-o-tratamento\/#primaryimage"},"thumbnailUrl":"https:\/\/www.tuasaude.com\/news\/wp-content\/uploads\/2026\/04\/freepik_illustration-nonphotoreal_2883066441.jpg","datePublished":"2026-04-29T05:30:00+00:00","author":{"@id":"https:\/\/www.tuasaude.com\/news\/#\/schema\/person\/2e9df841be69ec84f5d20ddb8d273ac2"},"description":"O incha\u00e7o nos p\u00e9s no final do dia pode ser simples cansa\u00e7o ou sinal de insufici\u00eancia venosa e problema card\u00edaco. Saiba quando procurar ajuda.","breadcrumb":{"@id":"https:\/\/www.tuasaude.com\/news\/2026\/04\/29\/voce-esta-com-inchaco-nos-pes-no-final-do-dia-aqui-estao-as-causas-os-sintomas-e-o-tratamento\/#breadcrumb"},"inLanguage":"pt-BR","potentialAction":[{"@type":"ReadAction","target":["https:\/\/www.tuasaude.com\/news\/2026\/04\/29\/voce-esta-com-inchaco-nos-pes-no-final-do-dia-aqui-estao-as-causas-os-sintomas-e-o-tratamento\/"]}]},{"@type":"ImageObject","inLanguage":"pt-BR","@id":"https:\/\/www.tuasaude.com\/news\/2026\/04\/29\/voce-esta-com-inchaco-nos-pes-no-final-do-dia-aqui-estao-as-causas-os-sintomas-e-o-tratamento\/#primaryimage","url":"https:\/\/www.tuasaude.com\/news\/wp-content\/uploads\/2026\/04\/freepik_illustration-nonphotoreal_2883066441.jpg","contentUrl":"https:\/\/www.tuasaude.com\/news\/wp-content\/uploads\/2026\/04\/freepik_illustration-nonphotoreal_2883066441.jpg","width":1280,"height":714,"caption":"P\u00e9s inchados no fim do dia podem ser sinal de alerta."},{"@type":"BreadcrumbList","@id":"https:\/\/www.tuasaude.com\/news\/2026\/04\/29\/voce-esta-com-inchaco-nos-pes-no-final-do-dia-aqui-estao-as-causas-os-sintomas-e-o-tratamento\/#breadcrumb","itemListElement":[{"@type":"ListItem","position":1,"name":"In\u00edcio","item":"https:\/\/www.tuasaude.com\/news\/"},{"@type":"ListItem","position":2,"name":"Voc\u00ea est\u00e1 com incha\u00e7o nos p\u00e9s no final do dia? Aqui est\u00e3o as causas, os sintomas e o tratamento"}]},{"@type":"WebSite","@id":"https:\/\/www.tuasaude.com\/news\/#website","url":"https:\/\/www.tuasaude.com\/news\/","name":"Tua Sa\u00fade","description":"Seu site de sa\u00fade","potentialAction":[{"@type":"SearchAction","target":{"@type":"EntryPoint","urlTemplate":"https:\/\/www.tuasaude.com\/news\/?s={search_term_string}"},"query-input":{"@type":"PropertyValueSpecification","valueRequired":true,"valueName":"search_term_string"}}],"inLanguage":"pt-BR"},{"@type":"Person","@id":"https:\/\/www.tuasaude.com\/news\/#\/schema\/person\/2e9df841be69ec84f5d20ddb8d273ac2","name":"Gessika Julia Carvalho","image":{"@type":"ImageObject","inLanguage":"pt-BR","@id":"https:\/\/www.tuasaude.com\/news\/#\/schema\/person\/image\/","url":"https:\/\/secure.gravatar.com\/avatar\/0fcc8769024577fd0bc6a8b766055690f76a8e8f29dfb2a2f89cf04db8d0f2d2?s=96&d=mm&r=g","contentUrl":"https:\/\/secure.gravatar.com\/avatar\/0fcc8769024577fd0bc6a8b766055690f76a8e8f29dfb2a2f89cf04db8d0f2d2?s=96&d=mm&r=g","caption":"Gessika Julia Carvalho"},"sameAs":["https:\/\/www.tuasaude.com\/news\/"],"url":"https:\/\/www.tuasaude.com\/news\/author\/gessika-julia\/"}]}},"_links":{"self":[{"href":"https:\/\/www.tuasaude.com\/news\/wp-json\/wp\/v2\/posts\/29633","targetHints":{"allow":["GET"]}}],"collection":[{"href":"https:\/\/www.tuasaude.com\/news\/wp-json\/wp\/v2\/posts"}],"about":[{"href":"https:\/\/www.tuasaude.com\/news\/wp-json\/wp\/v2\/types\/post"}],"author":[{"embeddable":true,"href":"https:\/\/www.tuasaude.com\/news\/wp-json\/wp\/v2\/users\/11"}],"replies":[{"embeddable":true,"href":"https:\/\/www.tuasaude.com\/news\/wp-json\/wp\/v2\/comments?post=29633"}],"version-history":[{"count":2,"href":"https:\/\/www.tuasaude.com\/news\/wp-json\/wp\/v2\/posts\/29633\/revisions"}],"predecessor-version":[{"id":29715,"href":"https:\/\/www.tuasaude.com\/news\/wp-json\/wp\/v2\/posts\/29633\/revisions\/29715"}],"wp:featuredmedia":[{"embeddable":true,"href":"https:\/\/www.tuasaude.com\/news\/wp-json\/wp\/v2\/media\/29702"}],"wp:attachment":[{"href":"https:\/\/www.tuasaude.com\/news\/wp-json\/wp\/v2\/media?parent=29633"}],"wp:term":[{"taxonomy":"category","embeddable":true,"href":"https:\/\/www.tuasaude.com\/news\/wp-json\/wp\/v2\/categories?post=29633"},{"taxonomy":"post_tag","embeddable":true,"href":"https:\/\/www.tuasaude.com\/news\/wp-json\/wp\/v2\/tags?post=29633"}],"curies":[{"name":"wp","href":"https:\/\/api.w.org\/{rel}","templated":true}]}}